{"id":14313,"date":"2010-09-14T16:32:00","date_gmt":"2010-09-14T13:32:00","guid":{"rendered":"http:\/\/www.lovendal.net\/wp52\/?p=14313"},"modified":"2010-09-14T16:32:00","modified_gmt":"2010-09-14T13:32:00","slug":"nazistii-se-afla-in-interiorul-pamantului-impreuna-cu-hitler","status":"publish","type":"post","link":"https:\/\/www.lovendal.ro\/wp52\/nazistii-se-afla-in-interiorul-pamantului-impreuna-cu-hitler\/","title":{"rendered":"Nazi\u015ftii se afl\u0103 \u00een interiorul P\u0103m\u00e2ntului, \u00eempreun\u0103 cu Hitler"},"content":{"rendered":"<p><a href=\"https:\/\/www.lovendal.ro\/wp52\/wp-content\/uploads\/2010\/09\/nazisti-Pamant.jpg\"><img loading=\"lazy\" decoding=\"async\" class=\"alignleft size-full wp-image-14314\" title=\"nazisti Pamant\" src=\"https:\/\/www.lovendal.ro\/wp52\/wp-content\/uploads\/2010\/09\/nazisti-Pamant.jpg\" alt=\"nazisti Pamant\" width=\"294\" height=\"279\" \/><\/a>Unii adep\u0163i ai teoriei p\u0103m\u00e2ntului g\u0103unos manifest\u0103 nu doar fascina\u0163ie, ci de-a dreptul simpatie fa\u0163\u0103 de Germania nazist\u0103. Personajul principal din mi\u015fcarea nazist\u0103 subp\u0103m\u00e2ntean\u0103 este un om din Toronto pe care \u00eel cheam\u0103 Ernst Zundel \u015fi care scrie sub numele de Christof Friedrich. Locuin\u0163a lui Zundel este un fel de magazie pentru materialele naziste. De asemenea, la fel ca neonazi\u015ftii el socote\u015fte c\u0103 niciun holocaust nu a avut loc. \u00cen cartea sa: <em>O.Z.N.-urile &#8211; arma secret\u0103 a nazi\u015ftilor? (1976) <\/em>el pretinde c\u0103 atunci c\u00e2nd al doilea r\u0103zboi mondial a luat sf\u00e2r\u015fit, Hitler \u015fi Ultimul Batalion s-au \u00eembarcat pe un submarin care i-a transportat \u00een Argentina.<\/p>\n<p>Ulterior, ace\u015ftia au stabilit \u00een interiorul orificiului de la polul sud o baz\u0103 pentru construirea de aeronave perfec\u0163ionate \u00een form\u0103 de farfurie. C\u00e2nd alia\u0163ii au aflat ce se \u00eent\u00e2mplase, l-au trimis pe amiralul Richard E. Bird, \u00eempreun\u0103 cu o \u201eexpedi\u0163ie \u015ftiin\u0163ific\u0103&#8221; (de fapt o armat\u0103) spre a ataca baza nazist\u0103, dar membrii expedi\u0163iei nu au rezistat \u00een fa\u0163a superiorit\u0103\u0163ii tehnicii militare a nazi\u015ftilor.<\/p>\n<p>Zundel \u00eei considera pe nazi\u015fti drept \u201ereprezentan\u0163i ai extratere\u015ftrilor \u00een interiorul p\u0103m\u00e2ntului&#8221;, ceea ce se datora &#8211; potrivit opiniei sale &#8211; superiorit\u0103\u0163ii lor rasiale. \u00cen 1978, concomitent cu publicarea c\u0103r\u0163ii sale: <em>Expedi\u0163ia polar\u0103 secret\u0103 a nazi\u015ftilor<\/em>, el a solicitat fonduri pentru a organiza propria expedi\u0163ie, care &#8211; dup\u0103 cum pl\u0103nuise &#8211; urma s\u0103 fie efectuat\u0103 cu un avion-charter, purt\u00e2nd pe fuselaj o zvastic\u0103 m\u0103rea\u0163\u0103. Zvastica avea s\u0103 dezv\u0103luie orientarea ideologic\u0103 a lui Zundel, asigur\u00e2ndu-i &#8211; totodat\u0103 &#8211; pe cei din interiorul p\u0103m\u00e2ntului c\u0103 vizitatorii sosi\u0163i le erau prieteni.<\/p>\n<p>Cam \u00een aceea\u015fi perioad\u0103, Tawani Shoush din Houston, Missouri, pl\u0103nuia o expedi\u0163ie la polul opus, nordic. Shoush, fost pilot \u00een Corpul de Infanterie Marin\u0103 al S. U. A., era liderul Societ\u0103\u0163ii Interna\u0163ionale pentru un P\u0103m\u00e2nt Complet. Shoush dorea s\u0103 zboare cu un dirijabil la pol pentru ca el \u015fi tovar\u0103\u015fii de expedi\u0163ie s\u0103-i \u00eent\u00e2lneasc\u0103 pe \u201esubp\u0103m\u00e2ntenii nordici&#8221; \u015fi, ulterior, s\u0103 li se al\u0103ture pentru totdeauna ca s\u0103 tr\u0103iasc\u0103 pe t\u0103r\u00e2mul lor. La 31 octombrie, 1978, el declara lui Bob Greene, reporter al ziarului <em>Chicago Tribune<\/em>: <em>\u201eP\u0103m\u00e2ntul g\u0103unos este mai bun dec\u00e2t lumea noastr\u0103.&#8221;<\/em> A negat c\u0103 ar nutri sentimente pronaziste, dar h\u00e2rtiile sale de coresponden\u0163\u0103 etalau toate o zvastic\u0103 proeminent\u0103. Nici expedi\u0163ia lui Zundel, nici cea pl\u0103nuit\u0103 de Shoush nu au avut loc vreodat\u0103.<\/p>\n<p><em>Regatul din interiorul p\u0103m\u00e2ntului (1985) <\/em>de Norma Cox este o carte &#8211; f\u0103r\u0103 nici un dubiu &#8211; pronazist\u0103. Autoarea sus\u0163ine c\u0103 o conspira\u0163ie intrna\u0163ional\u0103 sionist\u0103 a ascuns adev\u0103rul despre p\u0103m\u00e2ntul g\u0103unos, ca parte a complotului care urm\u0103re\u015fte \u00eenrobirea rasei umane. Aceea\u015fi tem\u0103 este propov\u0103duit\u0103 de literatura publicat\u0103 de Cosmic Awareness Communications din ora\u015ful Olympia, statul Washington. Aceast\u0103 organiza\u0163ie pretinde c\u0103 de\u0163ine informa\u0163iile de la spiritele fiin\u0163elor, care le transmit reprezentan\u0163ilor grupului.<\/p>\n","protected":false},"excerpt":{"rendered":"<p>Unii adep\u0163i ai teoriei p\u0103m\u00e2ntului g\u0103unos manifest\u0103 nu doar fascina\u0163ie, ci de-a dreptul simpatie fa\u0163\u0103 de Germania nazist\u0103. Personajul principal din mi\u015fcarea nazist\u0103 subp\u0103m\u00e2ntean\u0103 este un om din Toronto pe care \u00eel cheam\u0103 Ernst Zundel \u015fi care scrie sub numele &#8230; <\/p>\n<p class=\"read-more-container\"><a title=\"Nazi\u015ftii se afl\u0103 \u00een interiorul P\u0103m\u00e2ntului, \u00eempreun\u0103 cu Hitler\" class=\"read-more button\" href=\"https:\/\/www.lovendal.ro\/wp52\/nazistii-se-afla-in-interiorul-pamantului-impreuna-cu-hitler\/#more-14313\" aria-label=\"Cite\u0219te mai multe despre Nazi\u015ftii se afl\u0103 \u00een interiorul P\u0103m\u00e2ntului, \u00eempreun\u0103 cu Hitler\">Cititi mai multe<\/a><\/p>\n","protected":false},"author":1,"featured_media":14314,"comment_status":"open","ping_status":"closed","sticky":false,"template":"","format":"standard","meta":{"footnotes":""},"categories":[14],"tags":[1050,218,85,3337,1180,9796],"class_list":["post-14313","post","type-post","status-publish","format-standard","has-post-thumbnail","hentry","category-paranormal-spiritualitate","tag-cel-de-al-2-lea-razboi-mondial","tag-evrei","tag-hitler","tag-nazisti","tag-pamantul-gol","tag-paranormal-spiritualitate","resize-featured-image"],"yoast_head":"<!-- This site is optimized with the Yoast SEO Premium plugin v23.3 (Yoast SEO v27.4) - https:\/\/yoast.com\/product\/yoast-seo-premium-wordpress\/ -->\n<title>Nazi\u015ftii se afl\u0103 \u00een interiorul P\u0103m\u00e2ntului, \u00eempreun\u0103 cu Hitler - Secretele lui Lovendal<\/title>\n<meta name=\"robots\" content=\"index, follow, max-snippet:-1, max-image-preview:large, max-video-preview:-1\" \/>\n<link rel=\"canonical\" href=\"https:\/\/www.lovendal.ro\/wp52\/nazistii-se-afla-in-interiorul-pamantului-impreuna-cu-hitler\/\" \/>\n<meta property=\"og:locale\" content=\"ro_RO\" \/>\n<meta property=\"og:type\" content=\"article\" \/>\n<meta property=\"og:title\" content=\"Nazi\u015ftii se afl\u0103 \u00een interiorul P\u0103m\u00e2ntului, \u00eempreun\u0103 cu Hitler\" \/>\n<meta property=\"og:description\" content=\"Unii adep\u0163i ai teoriei p\u0103m\u00e2ntului g\u0103unos manifest\u0103 nu doar fascina\u0163ie, ci de-a dreptul simpatie fa\u0163\u0103 de Germania nazist\u0103. Personajul principal din mi\u015fcarea nazist\u0103 subp\u0103m\u00e2ntean\u0103 este un om din Toronto pe care \u00eel cheam\u0103 Ernst Zundel \u015fi care scrie sub numele ... Cititi mai multe\" \/>\n<meta property=\"og:url\" content=\"https:\/\/www.lovendal.ro\/wp52\/nazistii-se-afla-in-interiorul-pamantului-impreuna-cu-hitler\/\" \/>\n<meta property=\"og:site_name\" content=\"Secretele lui Lovendal\" \/>\n<meta property=\"article:publisher\" content=\"https:\/\/www.facebook.com\/secreteleluilovendal\" \/>\n<meta property=\"article:published_time\" content=\"2010-09-14T13:32:00+00:00\" \/>\n<meta property=\"og:image\" content=\"https:\/\/www.lovendal.ro\/wp52\/wp-content\/uploads\/2010\/09\/nazisti-Pamant.jpg\" \/>\n\t<meta property=\"og:image:width\" content=\"294\" \/>\n\t<meta property=\"og:image:height\" content=\"279\" \/>\n\t<meta property=\"og:image:type\" content=\"image\/jpeg\" \/>\n<meta name=\"author\" content=\"admin\" \/>\n<meta name=\"twitter:card\" content=\"summary_large_image\" \/>\n<meta name=\"twitter:label1\" content=\"Scris de\" \/>\n\t<meta name=\"twitter:data1\" content=\"admin\" \/>\n\t<meta name=\"twitter:label2\" content=\"Timp estimat pentru citire\" \/>\n\t<meta name=\"twitter:data2\" content=\"3 minute\" \/>\n<script type=\"application\/ld+json\" class=\"yoast-schema-graph\">{\"@context\":\"https:\\\/\\\/schema.org\",\"@graph\":[{\"@type\":\"Article\",\"@id\":\"https:\\\/\\\/www.lovendal.ro\\\/wp52\\\/nazistii-se-afla-in-interiorul-pamantului-impreuna-cu-hitler\\\/#article\",\"isPartOf\":{\"@id\":\"https:\\\/\\\/www.lovendal.ro\\\/wp52\\\/nazistii-se-afla-in-interiorul-pamantului-impreuna-cu-hitler\\\/\"},\"author\":{\"name\":\"admin\",\"@id\":\"https:\\\/\\\/www.lovendal.ro\\\/wp52\\\/#\\\/schema\\\/person\\\/088691de5dfc346bb0c023e1e52ef5d9\"},\"headline\":\"Nazi\u015ftii se afl\u0103 \u00een interiorul P\u0103m\u00e2ntului, \u00eempreun\u0103 cu Hitler\",\"datePublished\":\"2010-09-14T13:32:00+00:00\",\"mainEntityOfPage\":{\"@id\":\"https:\\\/\\\/www.lovendal.ro\\\/wp52\\\/nazistii-se-afla-in-interiorul-pamantului-impreuna-cu-hitler\\\/\"},\"wordCount\":551,\"commentCount\":21,\"publisher\":{\"@id\":\"https:\\\/\\\/www.lovendal.ro\\\/wp52\\\/#organization\"},\"image\":{\"@id\":\"https:\\\/\\\/www.lovendal.ro\\\/wp52\\\/nazistii-se-afla-in-interiorul-pamantului-impreuna-cu-hitler\\\/#primaryimage\"},\"thumbnailUrl\":\"https:\\\/\\\/www.lovendal.ro\\\/wp52\\\/wp-content\\\/uploads\\\/2010\\\/09\\\/nazisti-Pamant.jpg\",\"keywords\":[\"cel de-al 2-lea r\u0103zboi mondial\",\"evrei\",\"Hitler\",\"nazi\u015fti\",\"p\u0103m\u00e2ntul gol\",\"Paranormal-Spiritualitate\"],\"articleSection\":[\"Paranormal-Spiritualitate\"],\"inLanguage\":\"ro-RO\",\"potentialAction\":[{\"@type\":\"CommentAction\",\"name\":\"Comment\",\"target\":[\"https:\\\/\\\/www.lovendal.ro\\\/wp52\\\/nazistii-se-afla-in-interiorul-pamantului-impreuna-cu-hitler\\\/#respond\"]}]},{\"@type\":\"WebPage\",\"@id\":\"https:\\\/\\\/www.lovendal.ro\\\/wp52\\\/nazistii-se-afla-in-interiorul-pamantului-impreuna-cu-hitler\\\/\",\"url\":\"https:\\\/\\\/www.lovendal.ro\\\/wp52\\\/nazistii-se-afla-in-interiorul-pamantului-impreuna-cu-hitler\\\/\",\"name\":\"Nazi\u015ftii se afl\u0103 \u00een interiorul P\u0103m\u00e2ntului, \u00eempreun\u0103 cu Hitler - Secretele lui Lovendal\",\"isPartOf\":{\"@id\":\"https:\\\/\\\/www.lovendal.ro\\\/wp52\\\/#website\"},\"primaryImageOfPage\":{\"@id\":\"https:\\\/\\\/www.lovendal.ro\\\/wp52\\\/nazistii-se-afla-in-interiorul-pamantului-impreuna-cu-hitler\\\/#primaryimage\"},\"image\":{\"@id\":\"https:\\\/\\\/www.lovendal.ro\\\/wp52\\\/nazistii-se-afla-in-interiorul-pamantului-impreuna-cu-hitler\\\/#primaryimage\"},\"thumbnailUrl\":\"https:\\\/\\\/www.lovendal.ro\\\/wp52\\\/wp-content\\\/uploads\\\/2010\\\/09\\\/nazisti-Pamant.jpg\",\"datePublished\":\"2010-09-14T13:32:00+00:00\",\"breadcrumb\":{\"@id\":\"https:\\\/\\\/www.lovendal.ro\\\/wp52\\\/nazistii-se-afla-in-interiorul-pamantului-impreuna-cu-hitler\\\/#breadcrumb\"},\"inLanguage\":\"ro-RO\",\"potentialAction\":[{\"@type\":\"ReadAction\",\"target\":[\"https:\\\/\\\/www.lovendal.ro\\\/wp52\\\/nazistii-se-afla-in-interiorul-pamantului-impreuna-cu-hitler\\\/\"]}]},{\"@type\":\"ImageObject\",\"inLanguage\":\"ro-RO\",\"@id\":\"https:\\\/\\\/www.lovendal.ro\\\/wp52\\\/nazistii-se-afla-in-interiorul-pamantului-impreuna-cu-hitler\\\/#primaryimage\",\"url\":\"https:\\\/\\\/www.lovendal.ro\\\/wp52\\\/wp-content\\\/uploads\\\/2010\\\/09\\\/nazisti-Pamant.jpg\",\"contentUrl\":\"https:\\\/\\\/www.lovendal.ro\\\/wp52\\\/wp-content\\\/uploads\\\/2010\\\/09\\\/nazisti-Pamant.jpg\",\"width\":\"294\",\"height\":\"279\"},{\"@type\":\"BreadcrumbList\",\"@id\":\"https:\\\/\\\/www.lovendal.ro\\\/wp52\\\/nazistii-se-afla-in-interiorul-pamantului-impreuna-cu-hitler\\\/#breadcrumb\",\"itemListElement\":[{\"@type\":\"ListItem\",\"position\":1,\"name\":\"Home\",\"item\":\"https:\\\/\\\/www.lovendal.ro\\\/wp52\\\/\"},{\"@type\":\"ListItem\",\"position\":2,\"name\":\"Nazi\u015ftii se afl\u0103 \u00een interiorul P\u0103m\u00e2ntului, \u00eempreun\u0103 cu Hitler\"}]},{\"@type\":\"WebSite\",\"@id\":\"https:\\\/\\\/www.lovendal.ro\\\/wp52\\\/#website\",\"url\":\"https:\\\/\\\/www.lovendal.ro\\\/wp52\\\/\",\"name\":\"Secretele lui Lovendal\",\"description\":\"Site de secrete, stiinta si metafizica - din 2008 -\",\"publisher\":{\"@id\":\"https:\\\/\\\/www.lovendal.ro\\\/wp52\\\/#organization\"},\"potentialAction\":[{\"@type\":\"SearchAction\",\"target\":{\"@type\":\"EntryPoint\",\"urlTemplate\":\"https:\\\/\\\/www.lovendal.ro\\\/wp52\\\/?s={search_term_string}\"},\"query-input\":{\"@type\":\"PropertyValueSpecification\",\"valueRequired\":true,\"valueName\":\"search_term_string\"}}],\"inLanguage\":\"ro-RO\"},{\"@type\":\"Organization\",\"@id\":\"https:\\\/\\\/www.lovendal.ro\\\/wp52\\\/#organization\",\"name\":\"Secretele lui Lovendal\",\"url\":\"https:\\\/\\\/www.lovendal.ro\\\/wp52\\\/\",\"logo\":{\"@type\":\"ImageObject\",\"inLanguage\":\"ro-RO\",\"@id\":\"https:\\\/\\\/www.lovendal.ro\\\/wp52\\\/#\\\/schema\\\/logo\\\/image\\\/\",\"url\":\"https:\\\/\\\/www.lovendal.ro\\\/wp52\\\/wp-content\\\/uploads\\\/2024\\\/06\\\/cropped-SLL-iun-2024-1.jpg\",\"contentUrl\":\"https:\\\/\\\/www.lovendal.ro\\\/wp52\\\/wp-content\\\/uploads\\\/2024\\\/06\\\/cropped-SLL-iun-2024-1.jpg\",\"width\":771,\"height\":240,\"caption\":\"Secretele lui Lovendal\"},\"image\":{\"@id\":\"https:\\\/\\\/www.lovendal.ro\\\/wp52\\\/#\\\/schema\\\/logo\\\/image\\\/\"},\"sameAs\":[\"https:\\\/\\\/www.facebook.com\\\/secreteleluilovendal\"]},{\"@type\":\"Person\",\"@id\":\"https:\\\/\\\/www.lovendal.ro\\\/wp52\\\/#\\\/schema\\\/person\\\/088691de5dfc346bb0c023e1e52ef5d9\",\"name\":\"admin\",\"image\":{\"@type\":\"ImageObject\",\"inLanguage\":\"ro-RO\",\"@id\":\"https:\\\/\\\/secure.gravatar.com\\\/avatar\\\/ecb9cd41f5f63c9c9b989999a59f6e2639a865ec361e9db054db0679a8f341c2?s=96&d=mm&r=g\",\"url\":\"https:\\\/\\\/secure.gravatar.com\\\/avatar\\\/ecb9cd41f5f63c9c9b989999a59f6e2639a865ec361e9db054db0679a8f341c2?s=96&d=mm&r=g\",\"contentUrl\":\"https:\\\/\\\/secure.gravatar.com\\\/avatar\\\/ecb9cd41f5f63c9c9b989999a59f6e2639a865ec361e9db054db0679a8f341c2?s=96&d=mm&r=g\",\"caption\":\"admin\"},\"sameAs\":[\"https:\\\/\\\/www.lovendal.ro\\\/wp52\"]}]}<\/script>\n<!-- \/ Yoast SEO Premium plugin. -->","yoast_head_json":{"title":"Nazi\u015ftii se afl\u0103 \u00een interiorul P\u0103m\u00e2ntului, \u00eempreun\u0103 cu Hitler - Secretele lui Lovendal","robots":{"index":"index","follow":"follow","max-snippet":"max-snippet:-1","max-image-preview":"max-image-preview:large","max-video-preview":"max-video-preview:-1"},"canonical":"https:\/\/www.lovendal.ro\/wp52\/nazistii-se-afla-in-interiorul-pamantului-impreuna-cu-hitler\/","og_locale":"ro_RO","og_type":"article","og_title":"Nazi\u015ftii se afl\u0103 \u00een interiorul P\u0103m\u00e2ntului, \u00eempreun\u0103 cu Hitler","og_description":"Unii adep\u0163i ai teoriei p\u0103m\u00e2ntului g\u0103unos manifest\u0103 nu doar fascina\u0163ie, ci de-a dreptul simpatie fa\u0163\u0103 de Germania nazist\u0103. Personajul principal din mi\u015fcarea nazist\u0103 subp\u0103m\u00e2ntean\u0103 este un om din Toronto pe care \u00eel cheam\u0103 Ernst Zundel \u015fi care scrie sub numele ... Cititi mai multe","og_url":"https:\/\/www.lovendal.ro\/wp52\/nazistii-se-afla-in-interiorul-pamantului-impreuna-cu-hitler\/","og_site_name":"Secretele lui Lovendal","article_publisher":"https:\/\/www.facebook.com\/secreteleluilovendal","article_published_time":"2010-09-14T13:32:00+00:00","og_image":[{"width":294,"height":279,"url":"https:\/\/www.lovendal.ro\/wp52\/wp-content\/uploads\/2010\/09\/nazisti-Pamant.jpg","type":"image\/jpeg"}],"author":"admin","twitter_card":"summary_large_image","twitter_misc":{"Scris de":"admin","Timp estimat pentru citire":"3 minute"},"schema":{"@context":"https:\/\/schema.org","@graph":[{"@type":"Article","@id":"https:\/\/www.lovendal.ro\/wp52\/nazistii-se-afla-in-interiorul-pamantului-impreuna-cu-hitler\/#article","isPartOf":{"@id":"https:\/\/www.lovendal.ro\/wp52\/nazistii-se-afla-in-interiorul-pamantului-impreuna-cu-hitler\/"},"author":{"name":"admin","@id":"https:\/\/www.lovendal.ro\/wp52\/#\/schema\/person\/088691de5dfc346bb0c023e1e52ef5d9"},"headline":"Nazi\u015ftii se afl\u0103 \u00een interiorul P\u0103m\u00e2ntului, \u00eempreun\u0103 cu Hitler","datePublished":"2010-09-14T13:32:00+00:00","mainEntityOfPage":{"@id":"https:\/\/www.lovendal.ro\/wp52\/nazistii-se-afla-in-interiorul-pamantului-impreuna-cu-hitler\/"},"wordCount":551,"commentCount":21,"publisher":{"@id":"https:\/\/www.lovendal.ro\/wp52\/#organization"},"image":{"@id":"https:\/\/www.lovendal.ro\/wp52\/nazistii-se-afla-in-interiorul-pamantului-impreuna-cu-hitler\/#primaryimage"},"thumbnailUrl":"https:\/\/www.lovendal.ro\/wp52\/wp-content\/uploads\/2010\/09\/nazisti-Pamant.jpg","keywords":["cel de-al 2-lea r\u0103zboi mondial","evrei","Hitler","nazi\u015fti","p\u0103m\u00e2ntul gol","Paranormal-Spiritualitate"],"articleSection":["Paranormal-Spiritualitate"],"inLanguage":"ro-RO","potentialAction":[{"@type":"CommentAction","name":"Comment","target":["https:\/\/www.lovendal.ro\/wp52\/nazistii-se-afla-in-interiorul-pamantului-impreuna-cu-hitler\/#respond"]}]},{"@type":"WebPage","@id":"https:\/\/www.lovendal.ro\/wp52\/nazistii-se-afla-in-interiorul-pamantului-impreuna-cu-hitler\/","url":"https:\/\/www.lovendal.ro\/wp52\/nazistii-se-afla-in-interiorul-pamantului-impreuna-cu-hitler\/","name":"Nazi\u015ftii se afl\u0103 \u00een interiorul P\u0103m\u00e2ntului, \u00eempreun\u0103 cu Hitler - Secretele lui Lovendal","isPartOf":{"@id":"https:\/\/www.lovendal.ro\/wp52\/#website"},"primaryImageOfPage":{"@id":"https:\/\/www.lovendal.ro\/wp52\/nazistii-se-afla-in-interiorul-pamantului-impreuna-cu-hitler\/#primaryimage"},"image":{"@id":"https:\/\/www.lovendal.ro\/wp52\/nazistii-se-afla-in-interiorul-pamantului-impreuna-cu-hitler\/#primaryimage"},"thumbnailUrl":"https:\/\/www.lovendal.ro\/wp52\/wp-content\/uploads\/2010\/09\/nazisti-Pamant.jpg","datePublished":"2010-09-14T13:32:00+00:00","breadcrumb":{"@id":"https:\/\/www.lovendal.ro\/wp52\/nazistii-se-afla-in-interiorul-pamantului-impreuna-cu-hitler\/#breadcrumb"},"inLanguage":"ro-RO","potentialAction":[{"@type":"ReadAction","target":["https:\/\/www.lovendal.ro\/wp52\/nazistii-se-afla-in-interiorul-pamantului-impreuna-cu-hitler\/"]}]},{"@type":"ImageObject","inLanguage":"ro-RO","@id":"https:\/\/www.lovendal.ro\/wp52\/nazistii-se-afla-in-interiorul-pamantului-impreuna-cu-hitler\/#primaryimage","url":"https:\/\/www.lovendal.ro\/wp52\/wp-content\/uploads\/2010\/09\/nazisti-Pamant.jpg","contentUrl":"https:\/\/www.lovendal.ro\/wp52\/wp-content\/uploads\/2010\/09\/nazisti-Pamant.jpg","width":"294","height":"279"},{"@type":"BreadcrumbList","@id":"https:\/\/www.lovendal.ro\/wp52\/nazistii-se-afla-in-interiorul-pamantului-impreuna-cu-hitler\/#breadcrumb","itemListElement":[{"@type":"ListItem","position":1,"name":"Home","item":"https:\/\/www.lovendal.ro\/wp52\/"},{"@type":"ListItem","position":2,"name":"Nazi\u015ftii se afl\u0103 \u00een interiorul P\u0103m\u00e2ntului, \u00eempreun\u0103 cu Hitler"}]},{"@type":"WebSite","@id":"https:\/\/www.lovendal.ro\/wp52\/#website","url":"https:\/\/www.lovendal.ro\/wp52\/","name":"Secretele lui Lovendal","description":"Site de secrete, stiinta si metafizica - din 2008 -","publisher":{"@id":"https:\/\/www.lovendal.ro\/wp52\/#organization"},"potentialAction":[{"@type":"SearchAction","target":{"@type":"EntryPoint","urlTemplate":"https:\/\/www.lovendal.ro\/wp52\/?s={search_term_string}"},"query-input":{"@type":"PropertyValueSpecification","valueRequired":true,"valueName":"search_term_string"}}],"inLanguage":"ro-RO"},{"@type":"Organization","@id":"https:\/\/www.lovendal.ro\/wp52\/#organization","name":"Secretele lui Lovendal","url":"https:\/\/www.lovendal.ro\/wp52\/","logo":{"@type":"ImageObject","inLanguage":"ro-RO","@id":"https:\/\/www.lovendal.ro\/wp52\/#\/schema\/logo\/image\/","url":"https:\/\/www.lovendal.ro\/wp52\/wp-content\/uploads\/2024\/06\/cropped-SLL-iun-2024-1.jpg","contentUrl":"https:\/\/www.lovendal.ro\/wp52\/wp-content\/uploads\/2024\/06\/cropped-SLL-iun-2024-1.jpg","width":771,"height":240,"caption":"Secretele lui Lovendal"},"image":{"@id":"https:\/\/www.lovendal.ro\/wp52\/#\/schema\/logo\/image\/"},"sameAs":["https:\/\/www.facebook.com\/secreteleluilovendal"]},{"@type":"Person","@id":"https:\/\/www.lovendal.ro\/wp52\/#\/schema\/person\/088691de5dfc346bb0c023e1e52ef5d9","name":"admin","image":{"@type":"ImageObject","inLanguage":"ro-RO","@id":"https:\/\/secure.gravatar.com\/avatar\/ecb9cd41f5f63c9c9b989999a59f6e2639a865ec361e9db054db0679a8f341c2?s=96&d=mm&r=g","url":"https:\/\/secure.gravatar.com\/avatar\/ecb9cd41f5f63c9c9b989999a59f6e2639a865ec361e9db054db0679a8f341c2?s=96&d=mm&r=g","contentUrl":"https:\/\/secure.gravatar.com\/avatar\/ecb9cd41f5f63c9c9b989999a59f6e2639a865ec361e9db054db0679a8f341c2?s=96&d=mm&r=g","caption":"admin"},"sameAs":["https:\/\/www.lovendal.ro\/wp52"]}]}},"_links":{"self":[{"href":"https:\/\/www.lovendal.ro\/wp52\/wp-json\/wp\/v2\/posts\/14313","targetHints":{"allow":["GET"]}}],"collection":[{"href":"https:\/\/www.lovendal.ro\/wp52\/wp-json\/wp\/v2\/posts"}],"about":[{"href":"https:\/\/www.lovendal.ro\/wp52\/wp-json\/wp\/v2\/types\/post"}],"author":[{"embeddable":true,"href":"https:\/\/www.lovendal.ro\/wp52\/wp-json\/wp\/v2\/users\/1"}],"replies":[{"embeddable":true,"href":"https:\/\/www.lovendal.ro\/wp52\/wp-json\/wp\/v2\/comments?post=14313"}],"version-history":[{"count":0,"href":"https:\/\/www.lovendal.ro\/wp52\/wp-json\/wp\/v2\/posts\/14313\/revisions"}],"wp:featuredmedia":[{"embeddable":true,"href":"https:\/\/www.lovendal.ro\/wp52\/wp-json\/wp\/v2\/media\/14314"}],"wp:attachment":[{"href":"https:\/\/www.lovendal.ro\/wp52\/wp-json\/wp\/v2\/media?parent=14313"}],"wp:term":[{"taxonomy":"category","embeddable":true,"href":"https:\/\/www.lovendal.ro\/wp52\/wp-json\/wp\/v2\/categories?post=14313"},{"taxonomy":"post_tag","embeddable":true,"href":"https:\/\/www.lovendal.ro\/wp52\/wp-json\/wp\/v2\/tags?post=14313"}],"curies":[{"name":"wp","href":"https:\/\/api.w.org\/{rel}","templated":true}]}}