{"id":13975,"date":"2010-08-26T19:04:41","date_gmt":"2010-08-26T16:04:41","guid":{"rendered":"http:\/\/www.lovendal.net\/wp52\/?p=13975"},"modified":"2010-08-26T19:04:41","modified_gmt":"2010-08-26T16:04:41","slug":"craterul-giordano-bruno-de-pe-luna-un-eveniment-astronomic-descris-in-anul-1178-de-cronicile-medievale","status":"publish","type":"post","link":"https:\/\/www.lovendal.ro\/wp52\/craterul-giordano-bruno-de-pe-luna-un-eveniment-astronomic-descris-in-anul-1178-de-cronicile-medievale\/","title":{"rendered":"Craterul Giordano Bruno de pe Lun\u0103: un eveniment astronomic descris \u00een anul 1178 de cronicile medievale"},"content":{"rendered":"<p align=\"justify\"><a href=\"https:\/\/www.lovendal.ro\/wp52\/wp-content\/uploads\/2010\/08\/craterul-de-pe-Luna.jpg\"><img loading=\"lazy\" decoding=\"async\" class=\"alignleft size-full wp-image-13977\" title=\"craterul de pe Luna\" src=\"https:\/\/www.lovendal.ro\/wp52\/wp-content\/uploads\/2010\/08\/craterul-de-pe-Luna.jpg\" alt=\"craterul de pe Luna\" width=\"300\" height=\"286\" \/><\/a>Un eveniment incredibil a avut loc pe Lun\u0103 acum peste 830 de ani, pe 18 iunie 1178, iar acest fenomen a fost investigat de astronomul Jack Hartung, \u00eentr-o lucrare publicat\u0103 \u00een 1976 \u00een revista <em>&#8222;Jurnalul Societ\u0103\u0163ii de Meteori\u0163i&#8221;<\/em> de pe l\u00e2ng\u0103 Universitatea de Stat din New York. Totul a pornit de la Cronicile Medievale ale cronicarului englez Gervase din Caterbury, care ne descrie ciudatul eveniment din 1178:<\/p>\n<p><em>&#8222;\u00cen acest an, \u00een duminica de dinaintea s\u0103rb\u0103torii Sf. Ioan Botez\u0103torul, dup\u0103 apusul Soarelui, pe Lun\u0103 a avut loc un fenomen minunat, la care au fost martori cel pu\u0163in cinci oameni. Luna era \u00een faza primului p\u0103trar, \u015fi de obicei, \u00een aceast\u0103 faz\u0103, cele dou\u0103 coarne ale ei sunt \u00eendreptate \u00eenspre est; dar, deodat\u0103, cornul superior s-a desp\u0103r\u0163it \u00een dou\u0103. De la punctul de mijloc al acestei desp\u0103r\u0163ituri, s-a ivit o f\u0103clie arz\u0103toare, v\u0103rs\u00e2nd, la o distan\u0163\u0103 considerabil\u0103, foc, t\u0103ciuni \u015fi sc\u00e2ntei. \u00centre timp, partea de Lun\u0103 de dedesupt s-a r\u0103sucit, de parc\u0103 i-ar fi fost team\u0103, iar martorii acelui eveniment mi-au spus c\u0103 Luna a tremurat asemenea unui \u015farpe r\u0103nit. Dup\u0103 aceea, s-a re\u00eentors la starea ei ini\u0163ial\u0103. Acest fenomen s-a repetat de mai multe ori, flac\u0103ra av\u00e2nd diferite forme deformate la \u00eent\u00e2mplare, apoi totul revenind la normal. Apoi, dup\u0103 aceste transform\u0103ri ale Lunii, de la un corn la cel\u0103lalt, astrul selenar a luat o \u00eenf\u0103\u0163i\u015fare neagr\u0103.&#8221; <\/em><\/p>\n<p>Acest eveniment din 1178 pare s\u0103 fie unul unic, c\u0103ci niciodat\u0103 \u00een istorie nu a mai fost semnalat vreunul similar. O mul\u0163ime de ipoteze au fost avansate pentru a se explica acest eveniment lunar. E posibil ca evenimentul s\u0103 se fi produs \u00een atmosfera P\u0103m\u00e2ntului, ca urmare a unui \u00eenveli\u015f de nori sau a intr\u0103rii a unui meteorit \u00een atmosfera noastr\u0103, paralel cu Luna. Dar, raportul e destul de clar \u015fi se refer\u0103 la Lun\u0103, \u015fi nu la nori sau cer. A\u015fadar, cea mai probabil\u0103 ipotez\u0103 e aceea c\u0103 evenimentul a avut loc pe Lun\u0103. Dar a fost el unul de origine intern\u0103 (ca de exemplu, erup\u0163ia unui vulcan) sau de origine extern\u0103 (impactul cu un asteroid sau meteorit)? Din nivelul nostru actual de \u00een\u0163elegere a suprafe\u0163ei Lunii \u015fi a proceselor ce apar \u00een sistemul nostru solar, descrierea arat\u0103 mai degrab\u0103 impactul unui metorit cu astrul selenar.<\/p>\n<p>De exemplu, \u00een fraza <em>&#8222;Luna (&#8230;) s-a r\u0103sucit (&#8230;) a tremurat asemenea unui \u015farpe r\u0103nit&#8221;<\/em>, poate fi vorba de gazele produse sau eliberate \u00een urma impactului, care au fost turbulente \u015fi care au avut o mi\u015fcare neuniform\u0103, astfel c\u0103 lumina reflectat\u0103 de la Lun\u0103 a trecut prin mai multe tipuri de materii, cu diferi\u0163i indici de refrac\u0163ie.<\/p>\n<p>\u00cen fraza <em>&#8222;Dup\u0103 aceea, s-a re\u00eentors la starea ei ini\u0163ial\u0103. Acest fenomen s-a  repetat de mai multe ori, flac\u0103ra av\u00e2nd diferite forme deformate la  \u00eent\u00e2mplare, apoi totul revenind la normal&#8221;<\/em> aceast\u0103 &#8222;flac\u0103r\u0103&#8221; poate fi atribuit\u0103 mi\u015fc\u0103rii pe scar\u0103 larg\u0103 a norilor de gaz. &#8222;Flac\u0103ra&#8221; nu \u00eenseamn\u0103 neap\u0103rat material incandescent, ci reflectarea luminii Soarelui \u00een particulele de praf mi\u015fc\u0103toare, care au rezultat dup\u0103 impact.<\/p>\n<p>\u00cen fraza <em>&#8222;Astrul selenar a luat o \u00eenf\u0103\u0163i\u015fare neagr\u0103&#8221;<\/em>, acest fenomen s-a \u00eent\u00e2mplat ca urmare a prafului consistent degajat \u00een jurul Lunii \u015fi care a blocat reflectarea suprafe\u0163ei Lunii de c\u0103tre razele solare.<\/p>\n<p>Odat\u0103 identificat fenomenul din anul 1178 (impactul Lunii cu un meteorit gigant), astronomul Jack Hartung, \u00een studiul de mai sus amintit, a calculat c\u0103 craterul f\u0103cut de meteorit pe suprafa\u0163a Lunii trebuie s\u0103 aib\u0103 urm\u0103toarele coordonate: s\u0103 aib\u0103 latitudinea selenografic\u0103 cuprins\u0103 \u00eentre 30 \u015fi 60 grade nord, s\u0103 aib\u0103 longitudinea solenografic\u0103 cuprins\u0103 \u00eentre 75 \u015fi 105 grade \u015fi s\u0103 aib\u0103 un diametru mai mare de 10 kilometri.<\/p>\n<p>Imaginile NASA asupra Lunii arat\u0103 faptul c\u0103 la 36 grade latitudine nord \u015fi la 103 grade longitudine est exist\u0103 un crater masiv, av\u00e2nd un diametru de 20 de kilometri, \u015fi care se nume\u015fte &#8222;craterul Giordano Bruno&#8221;. S\u0103 fi fost acest crater format \u00een anul 1178, la care au fost martori acei 5 oameni descri\u015fi \u00een cronic\u0103?<\/p>\n<p><a href=\"https:\/\/www.lovendal.ro\/wp52\/wp-content\/uploads\/2010\/08\/craterul-Giordano-Bruno.jpg\"><img loading=\"lazy\" decoding=\"async\" class=\"aligncenter size-full wp-image-13976\" title=\"craterul Giordano Bruno\" src=\"https:\/\/www.lovendal.ro\/wp52\/wp-content\/uploads\/2010\/08\/craterul-Giordano-Bruno.jpg\" alt=\"craterul Giordano Bruno\" width=\"312\" height=\"179\" srcset=\"https:\/\/www.lovendal.ro\/wp52\/wp-content\/uploads\/2010\/08\/craterul-Giordano-Bruno.jpg 312w, https:\/\/www.lovendal.ro\/wp52\/wp-content\/uploads\/2010\/08\/craterul-Giordano-Bruno-300x172.jpg 300w\" sizes=\"auto, (max-width: 312px) 100vw, 312px\" \/><\/a><\/p>\n","protected":false},"excerpt":{"rendered":"<p>Un eveniment incredibil a avut loc pe Lun\u0103 acum peste 830 de ani, pe 18 iunie 1178, iar acest fenomen a fost investigat de astronomul Jack Hartung, \u00eentr-o lucrare publicat\u0103 \u00een 1976 \u00een revista &#8222;Jurnalul Societ\u0103\u0163ii de Meteori\u0163i&#8221; de pe &#8230; <\/p>\n<p class=\"read-more-container\"><a title=\"Craterul Giordano Bruno de pe Lun\u0103: un eveniment astronomic descris \u00een anul 1178 de cronicile medievale\" class=\"read-more button\" href=\"https:\/\/www.lovendal.ro\/wp52\/craterul-giordano-bruno-de-pe-luna-un-eveniment-astronomic-descris-in-anul-1178-de-cronicile-medievale\/#more-13975\" aria-label=\"Cite\u0219te mai multe despre Craterul Giordano Bruno de pe Lun\u0103: un eveniment astronomic descris \u00een anul 1178 de cronicile medievale\">Cititi mai multe<\/a><\/p>\n","protected":false},"author":1,"featured_media":13976,"comment_status":"open","ping_status":"closed","sticky":false,"template":"","format":"standard","meta":{"footnotes":""},"categories":[106],"tags":[102,3459,866,149,161,9803],"class_list":["post-13975","post","type-post","status-publish","format-standard","has-post-thumbnail","hentry","category-stiinta","tag-astronomie","tag-crater","tag-giordano-bruno","tag-luna","tag-meteorit","tag-stiinta","resize-featured-image"],"yoast_head":"<!-- This site is optimized with the Yoast SEO Premium plugin v23.3 (Yoast SEO v27.4) - https:\/\/yoast.com\/product\/yoast-seo-premium-wordpress\/ -->\n<title>Craterul Giordano Bruno de pe Lun\u0103: un eveniment astronomic descris \u00een anul 1178 de cronicile medievale - Secretele lui Lovendal<\/title>\n<meta name=\"robots\" content=\"index, follow, max-snippet:-1, max-image-preview:large, max-video-preview:-1\" \/>\n<link rel=\"canonical\" href=\"https:\/\/www.lovendal.ro\/wp52\/craterul-giordano-bruno-de-pe-luna-un-eveniment-astronomic-descris-in-anul-1178-de-cronicile-medievale\/\" \/>\n<meta property=\"og:locale\" content=\"ro_RO\" \/>\n<meta property=\"og:type\" content=\"article\" \/>\n<meta property=\"og:title\" content=\"Craterul Giordano Bruno de pe Lun\u0103: un eveniment astronomic descris \u00een anul 1178 de cronicile medievale\" \/>\n<meta property=\"og:description\" content=\"Un eveniment incredibil a avut loc pe Lun\u0103 acum peste 830 de ani, pe 18 iunie 1178, iar acest fenomen a fost investigat de astronomul Jack Hartung, \u00eentr-o lucrare publicat\u0103 \u00een 1976 \u00een revista &#8222;Jurnalul Societ\u0103\u0163ii de Meteori\u0163i&#8221; de pe ... Cititi mai multe\" \/>\n<meta property=\"og:url\" content=\"https:\/\/www.lovendal.ro\/wp52\/craterul-giordano-bruno-de-pe-luna-un-eveniment-astronomic-descris-in-anul-1178-de-cronicile-medievale\/\" \/>\n<meta property=\"og:site_name\" content=\"Secretele lui Lovendal\" \/>\n<meta property=\"article:publisher\" content=\"https:\/\/www.facebook.com\/secreteleluilovendal\" \/>\n<meta property=\"article:published_time\" content=\"2010-08-26T16:04:41+00:00\" \/>\n<meta property=\"og:image\" content=\"https:\/\/www.lovendal.ro\/wp52\/wp-content\/uploads\/2010\/08\/craterul-Giordano-Bruno.jpg\" \/>\n\t<meta property=\"og:image:width\" content=\"312\" \/>\n\t<meta property=\"og:image:height\" content=\"179\" \/>\n\t<meta property=\"og:image:type\" content=\"image\/jpeg\" \/>\n<meta name=\"author\" content=\"admin\" \/>\n<meta name=\"twitter:card\" content=\"summary_large_image\" \/>\n<meta name=\"twitter:label1\" content=\"Scris de\" \/>\n\t<meta name=\"twitter:data1\" content=\"admin\" \/>\n\t<meta name=\"twitter:label2\" content=\"Timp estimat pentru citire\" \/>\n\t<meta name=\"twitter:data2\" content=\"3 minute\" \/>\n<script type=\"application\/ld+json\" class=\"yoast-schema-graph\">{\"@context\":\"https:\\\/\\\/schema.org\",\"@graph\":[{\"@type\":\"Article\",\"@id\":\"https:\\\/\\\/www.lovendal.ro\\\/wp52\\\/craterul-giordano-bruno-de-pe-luna-un-eveniment-astronomic-descris-in-anul-1178-de-cronicile-medievale\\\/#article\",\"isPartOf\":{\"@id\":\"https:\\\/\\\/www.lovendal.ro\\\/wp52\\\/craterul-giordano-bruno-de-pe-luna-un-eveniment-astronomic-descris-in-anul-1178-de-cronicile-medievale\\\/\"},\"author\":{\"name\":\"admin\",\"@id\":\"https:\\\/\\\/www.lovendal.ro\\\/wp52\\\/#\\\/schema\\\/person\\\/088691de5dfc346bb0c023e1e52ef5d9\"},\"headline\":\"Craterul Giordano Bruno de pe Lun\u0103: un eveniment astronomic descris \u00een anul 1178 de cronicile medievale\",\"datePublished\":\"2010-08-26T16:04:41+00:00\",\"mainEntityOfPage\":{\"@id\":\"https:\\\/\\\/www.lovendal.ro\\\/wp52\\\/craterul-giordano-bruno-de-pe-luna-un-eveniment-astronomic-descris-in-anul-1178-de-cronicile-medievale\\\/\"},\"wordCount\":710,\"commentCount\":1,\"publisher\":{\"@id\":\"https:\\\/\\\/www.lovendal.ro\\\/wp52\\\/#organization\"},\"image\":{\"@id\":\"https:\\\/\\\/www.lovendal.ro\\\/wp52\\\/craterul-giordano-bruno-de-pe-luna-un-eveniment-astronomic-descris-in-anul-1178-de-cronicile-medievale\\\/#primaryimage\"},\"thumbnailUrl\":\"https:\\\/\\\/www.lovendal.ro\\\/wp52\\\/wp-content\\\/uploads\\\/2010\\\/08\\\/craterul-Giordano-Bruno.jpg\",\"keywords\":[\"astronomie\",\"crater\",\"Giordano Bruno\",\"Lun\u0103\",\"meteorit\",\"Stiinta\"],\"articleSection\":[\"Stiinta\"],\"inLanguage\":\"ro-RO\",\"potentialAction\":[{\"@type\":\"CommentAction\",\"name\":\"Comment\",\"target\":[\"https:\\\/\\\/www.lovendal.ro\\\/wp52\\\/craterul-giordano-bruno-de-pe-luna-un-eveniment-astronomic-descris-in-anul-1178-de-cronicile-medievale\\\/#respond\"]}]},{\"@type\":\"WebPage\",\"@id\":\"https:\\\/\\\/www.lovendal.ro\\\/wp52\\\/craterul-giordano-bruno-de-pe-luna-un-eveniment-astronomic-descris-in-anul-1178-de-cronicile-medievale\\\/\",\"url\":\"https:\\\/\\\/www.lovendal.ro\\\/wp52\\\/craterul-giordano-bruno-de-pe-luna-un-eveniment-astronomic-descris-in-anul-1178-de-cronicile-medievale\\\/\",\"name\":\"Craterul Giordano Bruno de pe Lun\u0103: un eveniment astronomic descris \u00een anul 1178 de cronicile medievale - Secretele lui Lovendal\",\"isPartOf\":{\"@id\":\"https:\\\/\\\/www.lovendal.ro\\\/wp52\\\/#website\"},\"primaryImageOfPage\":{\"@id\":\"https:\\\/\\\/www.lovendal.ro\\\/wp52\\\/craterul-giordano-bruno-de-pe-luna-un-eveniment-astronomic-descris-in-anul-1178-de-cronicile-medievale\\\/#primaryimage\"},\"image\":{\"@id\":\"https:\\\/\\\/www.lovendal.ro\\\/wp52\\\/craterul-giordano-bruno-de-pe-luna-un-eveniment-astronomic-descris-in-anul-1178-de-cronicile-medievale\\\/#primaryimage\"},\"thumbnailUrl\":\"https:\\\/\\\/www.lovendal.ro\\\/wp52\\\/wp-content\\\/uploads\\\/2010\\\/08\\\/craterul-Giordano-Bruno.jpg\",\"datePublished\":\"2010-08-26T16:04:41+00:00\",\"breadcrumb\":{\"@id\":\"https:\\\/\\\/www.lovendal.ro\\\/wp52\\\/craterul-giordano-bruno-de-pe-luna-un-eveniment-astronomic-descris-in-anul-1178-de-cronicile-medievale\\\/#breadcrumb\"},\"inLanguage\":\"ro-RO\",\"potentialAction\":[{\"@type\":\"ReadAction\",\"target\":[\"https:\\\/\\\/www.lovendal.ro\\\/wp52\\\/craterul-giordano-bruno-de-pe-luna-un-eveniment-astronomic-descris-in-anul-1178-de-cronicile-medievale\\\/\"]}]},{\"@type\":\"ImageObject\",\"inLanguage\":\"ro-RO\",\"@id\":\"https:\\\/\\\/www.lovendal.ro\\\/wp52\\\/craterul-giordano-bruno-de-pe-luna-un-eveniment-astronomic-descris-in-anul-1178-de-cronicile-medievale\\\/#primaryimage\",\"url\":\"https:\\\/\\\/www.lovendal.ro\\\/wp52\\\/wp-content\\\/uploads\\\/2010\\\/08\\\/craterul-Giordano-Bruno.jpg\",\"contentUrl\":\"https:\\\/\\\/www.lovendal.ro\\\/wp52\\\/wp-content\\\/uploads\\\/2010\\\/08\\\/craterul-Giordano-Bruno.jpg\",\"width\":\"312\",\"height\":\"179\"},{\"@type\":\"BreadcrumbList\",\"@id\":\"https:\\\/\\\/www.lovendal.ro\\\/wp52\\\/craterul-giordano-bruno-de-pe-luna-un-eveniment-astronomic-descris-in-anul-1178-de-cronicile-medievale\\\/#breadcrumb\",\"itemListElement\":[{\"@type\":\"ListItem\",\"position\":1,\"name\":\"Home\",\"item\":\"https:\\\/\\\/www.lovendal.ro\\\/wp52\\\/\"},{\"@type\":\"ListItem\",\"position\":2,\"name\":\"Craterul Giordano Bruno de pe Lun\u0103: un eveniment astronomic descris \u00een anul 1178 de cronicile medievale\"}]},{\"@type\":\"WebSite\",\"@id\":\"https:\\\/\\\/www.lovendal.ro\\\/wp52\\\/#website\",\"url\":\"https:\\\/\\\/www.lovendal.ro\\\/wp52\\\/\",\"name\":\"Secretele lui Lovendal\",\"description\":\"Site de secrete, stiinta si metafizica - din 2008 -\",\"publisher\":{\"@id\":\"https:\\\/\\\/www.lovendal.ro\\\/wp52\\\/#organization\"},\"potentialAction\":[{\"@type\":\"SearchAction\",\"target\":{\"@type\":\"EntryPoint\",\"urlTemplate\":\"https:\\\/\\\/www.lovendal.ro\\\/wp52\\\/?s={search_term_string}\"},\"query-input\":{\"@type\":\"PropertyValueSpecification\",\"valueRequired\":true,\"valueName\":\"search_term_string\"}}],\"inLanguage\":\"ro-RO\"},{\"@type\":\"Organization\",\"@id\":\"https:\\\/\\\/www.lovendal.ro\\\/wp52\\\/#organization\",\"name\":\"Secretele lui Lovendal\",\"url\":\"https:\\\/\\\/www.lovendal.ro\\\/wp52\\\/\",\"logo\":{\"@type\":\"ImageObject\",\"inLanguage\":\"ro-RO\",\"@id\":\"https:\\\/\\\/www.lovendal.ro\\\/wp52\\\/#\\\/schema\\\/logo\\\/image\\\/\",\"url\":\"https:\\\/\\\/www.lovendal.ro\\\/wp52\\\/wp-content\\\/uploads\\\/2024\\\/06\\\/cropped-SLL-iun-2024-1.jpg\",\"contentUrl\":\"https:\\\/\\\/www.lovendal.ro\\\/wp52\\\/wp-content\\\/uploads\\\/2024\\\/06\\\/cropped-SLL-iun-2024-1.jpg\",\"width\":771,\"height\":240,\"caption\":\"Secretele lui Lovendal\"},\"image\":{\"@id\":\"https:\\\/\\\/www.lovendal.ro\\\/wp52\\\/#\\\/schema\\\/logo\\\/image\\\/\"},\"sameAs\":[\"https:\\\/\\\/www.facebook.com\\\/secreteleluilovendal\"]},{\"@type\":\"Person\",\"@id\":\"https:\\\/\\\/www.lovendal.ro\\\/wp52\\\/#\\\/schema\\\/person\\\/088691de5dfc346bb0c023e1e52ef5d9\",\"name\":\"admin\",\"image\":{\"@type\":\"ImageObject\",\"inLanguage\":\"ro-RO\",\"@id\":\"https:\\\/\\\/secure.gravatar.com\\\/avatar\\\/ecb9cd41f5f63c9c9b989999a59f6e2639a865ec361e9db054db0679a8f341c2?s=96&d=mm&r=g\",\"url\":\"https:\\\/\\\/secure.gravatar.com\\\/avatar\\\/ecb9cd41f5f63c9c9b989999a59f6e2639a865ec361e9db054db0679a8f341c2?s=96&d=mm&r=g\",\"contentUrl\":\"https:\\\/\\\/secure.gravatar.com\\\/avatar\\\/ecb9cd41f5f63c9c9b989999a59f6e2639a865ec361e9db054db0679a8f341c2?s=96&d=mm&r=g\",\"caption\":\"admin\"},\"sameAs\":[\"https:\\\/\\\/www.lovendal.ro\\\/wp52\"]}]}<\/script>\n<!-- \/ Yoast SEO Premium plugin. -->","yoast_head_json":{"title":"Craterul Giordano Bruno de pe Lun\u0103: un eveniment astronomic descris \u00een anul 1178 de cronicile medievale - Secretele lui Lovendal","robots":{"index":"index","follow":"follow","max-snippet":"max-snippet:-1","max-image-preview":"max-image-preview:large","max-video-preview":"max-video-preview:-1"},"canonical":"https:\/\/www.lovendal.ro\/wp52\/craterul-giordano-bruno-de-pe-luna-un-eveniment-astronomic-descris-in-anul-1178-de-cronicile-medievale\/","og_locale":"ro_RO","og_type":"article","og_title":"Craterul Giordano Bruno de pe Lun\u0103: un eveniment astronomic descris \u00een anul 1178 de cronicile medievale","og_description":"Un eveniment incredibil a avut loc pe Lun\u0103 acum peste 830 de ani, pe 18 iunie 1178, iar acest fenomen a fost investigat de astronomul Jack Hartung, \u00eentr-o lucrare publicat\u0103 \u00een 1976 \u00een revista &#8222;Jurnalul Societ\u0103\u0163ii de Meteori\u0163i&#8221; de pe ... Cititi mai multe","og_url":"https:\/\/www.lovendal.ro\/wp52\/craterul-giordano-bruno-de-pe-luna-un-eveniment-astronomic-descris-in-anul-1178-de-cronicile-medievale\/","og_site_name":"Secretele lui Lovendal","article_publisher":"https:\/\/www.facebook.com\/secreteleluilovendal","article_published_time":"2010-08-26T16:04:41+00:00","og_image":[{"width":312,"height":179,"url":"https:\/\/www.lovendal.ro\/wp52\/wp-content\/uploads\/2010\/08\/craterul-Giordano-Bruno.jpg","type":"image\/jpeg"}],"author":"admin","twitter_card":"summary_large_image","twitter_misc":{"Scris de":"admin","Timp estimat pentru citire":"3 minute"},"schema":{"@context":"https:\/\/schema.org","@graph":[{"@type":"Article","@id":"https:\/\/www.lovendal.ro\/wp52\/craterul-giordano-bruno-de-pe-luna-un-eveniment-astronomic-descris-in-anul-1178-de-cronicile-medievale\/#article","isPartOf":{"@id":"https:\/\/www.lovendal.ro\/wp52\/craterul-giordano-bruno-de-pe-luna-un-eveniment-astronomic-descris-in-anul-1178-de-cronicile-medievale\/"},"author":{"name":"admin","@id":"https:\/\/www.lovendal.ro\/wp52\/#\/schema\/person\/088691de5dfc346bb0c023e1e52ef5d9"},"headline":"Craterul Giordano Bruno de pe Lun\u0103: un eveniment astronomic descris \u00een anul 1178 de cronicile medievale","datePublished":"2010-08-26T16:04:41+00:00","mainEntityOfPage":{"@id":"https:\/\/www.lovendal.ro\/wp52\/craterul-giordano-bruno-de-pe-luna-un-eveniment-astronomic-descris-in-anul-1178-de-cronicile-medievale\/"},"wordCount":710,"commentCount":1,"publisher":{"@id":"https:\/\/www.lovendal.ro\/wp52\/#organization"},"image":{"@id":"https:\/\/www.lovendal.ro\/wp52\/craterul-giordano-bruno-de-pe-luna-un-eveniment-astronomic-descris-in-anul-1178-de-cronicile-medievale\/#primaryimage"},"thumbnailUrl":"https:\/\/www.lovendal.ro\/wp52\/wp-content\/uploads\/2010\/08\/craterul-Giordano-Bruno.jpg","keywords":["astronomie","crater","Giordano Bruno","Lun\u0103","meteorit","Stiinta"],"articleSection":["Stiinta"],"inLanguage":"ro-RO","potentialAction":[{"@type":"CommentAction","name":"Comment","target":["https:\/\/www.lovendal.ro\/wp52\/craterul-giordano-bruno-de-pe-luna-un-eveniment-astronomic-descris-in-anul-1178-de-cronicile-medievale\/#respond"]}]},{"@type":"WebPage","@id":"https:\/\/www.lovendal.ro\/wp52\/craterul-giordano-bruno-de-pe-luna-un-eveniment-astronomic-descris-in-anul-1178-de-cronicile-medievale\/","url":"https:\/\/www.lovendal.ro\/wp52\/craterul-giordano-bruno-de-pe-luna-un-eveniment-astronomic-descris-in-anul-1178-de-cronicile-medievale\/","name":"Craterul Giordano Bruno de pe Lun\u0103: un eveniment astronomic descris \u00een anul 1178 de cronicile medievale - Secretele lui Lovendal","isPartOf":{"@id":"https:\/\/www.lovendal.ro\/wp52\/#website"},"primaryImageOfPage":{"@id":"https:\/\/www.lovendal.ro\/wp52\/craterul-giordano-bruno-de-pe-luna-un-eveniment-astronomic-descris-in-anul-1178-de-cronicile-medievale\/#primaryimage"},"image":{"@id":"https:\/\/www.lovendal.ro\/wp52\/craterul-giordano-bruno-de-pe-luna-un-eveniment-astronomic-descris-in-anul-1178-de-cronicile-medievale\/#primaryimage"},"thumbnailUrl":"https:\/\/www.lovendal.ro\/wp52\/wp-content\/uploads\/2010\/08\/craterul-Giordano-Bruno.jpg","datePublished":"2010-08-26T16:04:41+00:00","breadcrumb":{"@id":"https:\/\/www.lovendal.ro\/wp52\/craterul-giordano-bruno-de-pe-luna-un-eveniment-astronomic-descris-in-anul-1178-de-cronicile-medievale\/#breadcrumb"},"inLanguage":"ro-RO","potentialAction":[{"@type":"ReadAction","target":["https:\/\/www.lovendal.ro\/wp52\/craterul-giordano-bruno-de-pe-luna-un-eveniment-astronomic-descris-in-anul-1178-de-cronicile-medievale\/"]}]},{"@type":"ImageObject","inLanguage":"ro-RO","@id":"https:\/\/www.lovendal.ro\/wp52\/craterul-giordano-bruno-de-pe-luna-un-eveniment-astronomic-descris-in-anul-1178-de-cronicile-medievale\/#primaryimage","url":"https:\/\/www.lovendal.ro\/wp52\/wp-content\/uploads\/2010\/08\/craterul-Giordano-Bruno.jpg","contentUrl":"https:\/\/www.lovendal.ro\/wp52\/wp-content\/uploads\/2010\/08\/craterul-Giordano-Bruno.jpg","width":"312","height":"179"},{"@type":"BreadcrumbList","@id":"https:\/\/www.lovendal.ro\/wp52\/craterul-giordano-bruno-de-pe-luna-un-eveniment-astronomic-descris-in-anul-1178-de-cronicile-medievale\/#breadcrumb","itemListElement":[{"@type":"ListItem","position":1,"name":"Home","item":"https:\/\/www.lovendal.ro\/wp52\/"},{"@type":"ListItem","position":2,"name":"Craterul Giordano Bruno de pe Lun\u0103: un eveniment astronomic descris \u00een anul 1178 de cronicile medievale"}]},{"@type":"WebSite","@id":"https:\/\/www.lovendal.ro\/wp52\/#website","url":"https:\/\/www.lovendal.ro\/wp52\/","name":"Secretele lui Lovendal","description":"Site de secrete, stiinta si metafizica - din 2008 -","publisher":{"@id":"https:\/\/www.lovendal.ro\/wp52\/#organization"},"potentialAction":[{"@type":"SearchAction","target":{"@type":"EntryPoint","urlTemplate":"https:\/\/www.lovendal.ro\/wp52\/?s={search_term_string}"},"query-input":{"@type":"PropertyValueSpecification","valueRequired":true,"valueName":"search_term_string"}}],"inLanguage":"ro-RO"},{"@type":"Organization","@id":"https:\/\/www.lovendal.ro\/wp52\/#organization","name":"Secretele lui Lovendal","url":"https:\/\/www.lovendal.ro\/wp52\/","logo":{"@type":"ImageObject","inLanguage":"ro-RO","@id":"https:\/\/www.lovendal.ro\/wp52\/#\/schema\/logo\/image\/","url":"https:\/\/www.lovendal.ro\/wp52\/wp-content\/uploads\/2024\/06\/cropped-SLL-iun-2024-1.jpg","contentUrl":"https:\/\/www.lovendal.ro\/wp52\/wp-content\/uploads\/2024\/06\/cropped-SLL-iun-2024-1.jpg","width":771,"height":240,"caption":"Secretele lui Lovendal"},"image":{"@id":"https:\/\/www.lovendal.ro\/wp52\/#\/schema\/logo\/image\/"},"sameAs":["https:\/\/www.facebook.com\/secreteleluilovendal"]},{"@type":"Person","@id":"https:\/\/www.lovendal.ro\/wp52\/#\/schema\/person\/088691de5dfc346bb0c023e1e52ef5d9","name":"admin","image":{"@type":"ImageObject","inLanguage":"ro-RO","@id":"https:\/\/secure.gravatar.com\/avatar\/ecb9cd41f5f63c9c9b989999a59f6e2639a865ec361e9db054db0679a8f341c2?s=96&d=mm&r=g","url":"https:\/\/secure.gravatar.com\/avatar\/ecb9cd41f5f63c9c9b989999a59f6e2639a865ec361e9db054db0679a8f341c2?s=96&d=mm&r=g","contentUrl":"https:\/\/secure.gravatar.com\/avatar\/ecb9cd41f5f63c9c9b989999a59f6e2639a865ec361e9db054db0679a8f341c2?s=96&d=mm&r=g","caption":"admin"},"sameAs":["https:\/\/www.lovendal.ro\/wp52"]}]}},"_links":{"self":[{"href":"https:\/\/www.lovendal.ro\/wp52\/wp-json\/wp\/v2\/posts\/13975","targetHints":{"allow":["GET"]}}],"collection":[{"href":"https:\/\/www.lovendal.ro\/wp52\/wp-json\/wp\/v2\/posts"}],"about":[{"href":"https:\/\/www.lovendal.ro\/wp52\/wp-json\/wp\/v2\/types\/post"}],"author":[{"embeddable":true,"href":"https:\/\/www.lovendal.ro\/wp52\/wp-json\/wp\/v2\/users\/1"}],"replies":[{"embeddable":true,"href":"https:\/\/www.lovendal.ro\/wp52\/wp-json\/wp\/v2\/comments?post=13975"}],"version-history":[{"count":0,"href":"https:\/\/www.lovendal.ro\/wp52\/wp-json\/wp\/v2\/posts\/13975\/revisions"}],"wp:featuredmedia":[{"embeddable":true,"href":"https:\/\/www.lovendal.ro\/wp52\/wp-json\/wp\/v2\/media\/13976"}],"wp:attachment":[{"href":"https:\/\/www.lovendal.ro\/wp52\/wp-json\/wp\/v2\/media?parent=13975"}],"wp:term":[{"taxonomy":"category","embeddable":true,"href":"https:\/\/www.lovendal.ro\/wp52\/wp-json\/wp\/v2\/categories?post=13975"},{"taxonomy":"post_tag","embeddable":true,"href":"https:\/\/www.lovendal.ro\/wp52\/wp-json\/wp\/v2\/tags?post=13975"}],"curies":[{"name":"wp","href":"https:\/\/api.w.org\/{rel}","templated":true}]}}