{"id":13912,"date":"2010-08-23T10:51:53","date_gmt":"2010-08-23T07:51:53","guid":{"rendered":"http:\/\/www.lovendal.net\/wp52\/?p=13912"},"modified":"2010-08-23T10:51:53","modified_gmt":"2010-08-23T07:51:53","slug":"23-august-1944-ziua-de-eliberare-nationala-si-sociala-antifascista-si-antiimperialista","status":"publish","type":"post","link":"https:\/\/www.lovendal.ro\/wp52\/23-august-1944-ziua-de-eliberare-nationala-si-sociala-antifascista-si-antiimperialista\/","title":{"rendered":"23 august 1944: ziua de eliberare na\u0163ional\u0103 \u015fi social\u0103, antifascist\u0103 \u015fi antiimperialist\u0103"},"content":{"rendered":"<p><a href=\"https:\/\/www.lovendal.ro\/wp52\/wp-content\/uploads\/2010\/08\/23-august.jpg\"><img loading=\"lazy\" decoding=\"async\" class=\"alignleft size-full wp-image-13913\" title=\"23-august\" src=\"https:\/\/www.lovendal.ro\/wp52\/wp-content\/uploads\/2010\/08\/23-august.jpg\" alt=\"23-august\" width=\"309\" height=\"308\" srcset=\"https:\/\/www.lovendal.ro\/wp52\/wp-content\/uploads\/2010\/08\/23-august.jpg 309w, https:\/\/www.lovendal.ro\/wp52\/wp-content\/uploads\/2010\/08\/23-august-150x150.jpg 150w, https:\/\/www.lovendal.ro\/wp52\/wp-content\/uploads\/2010\/08\/23-august-300x299.jpg 300w\" sizes=\"auto, (max-width: 309px) 100vw, 309px\" \/><\/a>S\u0103 ne aducem pu\u0163in aminte&#8230;<\/p>\n<p>Ziua de 23 August 1944 se \u00eenscrie ca unul din cele mai luminoase momente din \u00eendelungata lupta a poporului rom\u00e2n pentru libertate na\u0163ional\u0103 \u015fi social\u0103, \u00een lan\u0163ul c\u0103reia sunt cuprinse izb\u00e2nzi de mare rezonan\u0163a, \u00eentr-o fireasc\u0103 continuitate \u015fi care stau m\u0103rturie c\u0103 un popor hot\u0103r\u00e2t s\u0103-\u015fi apere neat\u00e2rnarea cu orice pre\u0163 iese biruitor din orice \u00eencercare, str\u00e2ng\u00e2ndu-\u015fi toate puterile, toate energiile sale \u00eentr-un unic si de nedesp\u0103r\u0163it m\u0103nunchi. Victoria revolu\u0163iei de eliberare na\u0163ionala si social\u0103, antifascist\u0103 \u015fi antiimperialist\u0103 din august 1944 a inaugurat epoca \u00eemplinirii idealurilor de dreptate \u015fi egalitate pentru care au luptat secole de-a r\u00e2ndul cele mai \u00eenaintate for\u0163e ale poporului rom\u00e2n, a cuceririi deplinei independen\u0163e si suveranit\u0103\u0163i na\u0163ionale, a f\u0103uririi socialismului \u015fi comunismului in Rom\u00e2nia.<\/p>\n<p>\u00cen numeroase documente, ca manifestul din 25 iunie 1941, \u00een Circulara din 8 iulie 1941, Platforma-program din 6 septembrie 1941, Rezolu\u0163ia din ianuarie 1942, \u00een alte materiale orientativ-programatice, Partidul Comunist Rom\u00e2n a fundamentat necesitatea \u00eenf\u0103ptuirii unui amplu sistem de alian\u0163e politice, \u00een cadrul c\u0103ruia s\u0103 fie cuprinse toate for\u0163ele patriotice, na\u0163ionale care, \u00eentr-un fel sau altul, ac\u0163ionau pentru r\u0103sturnarea dictaturii antonesciene \u015fi instaurarea regimului democratic-constitu\u0163ional, pentru ruperea alian\u0163ei cu Germania hitlerist\u0103 \u015fi eliberarea patriei, pentru restabilirea independen\u0163ei \u015fi suveranit\u0103\u0163ii sale na\u0163ionale.<\/p>\n<p>\u00cen concep\u0163ia P.C.R., cadrul organizatoric pentru ralierea tuturor for\u0163elor democratice, antihitleriste \u00eel reprezenta Frontul Unic Na\u0163ional. Astfel, \u00een Platforma-program din 6 septembrie 1941, intitulat\u0103 semnificativ \u201eLupta poporului rom\u00e2n pentru libertate \u015fi independen\u0163\u0103 na\u0163ional\u0103&#8221;, Comitetul Central al Partidului propunea <em>,,lupta comun\u0103 a tuturor\u00a0 partidelor, grup\u0103rilor, persoanelor politice \u015fl tuturor patrio\u0163ilor rom\u00e2ni pentru realizarea FRONTULUI UNIC NA\u0162IONAL al poporului rom\u00e2n contra ocupan\u0163ilor hitleri\u015fti \u015fi a slugilor lor&#8221;.<\/em><\/p>\n<p>\u00cen interesul acestei lupte \u015fi al realiz\u0103rii Frontului Unic Na\u0163ional, Platforma-program din 6 septembrie 1941 propunea urm\u0103toarele obiective: <em>\u201e\u00eencetarea r\u0103zboiului contra Uniunii Sovietice, pace \u015fi lupta comun\u0103 cu Uniunea Sovietic\u0103, Anglia, Polonia, Iugoslavia, Cehoslovacia, cu \u0163\u0103rile democratice \u00eempotriva hitlerismului cotropitor, oprirea produc\u0163iei de r\u0103zboi, a transporturilor de trupe, arme \u015fi muni\u0163ii pentru r\u0103zboiul lui Hitler. Recucerirea libert\u0103\u0163ii \u015fi independen\u0163ei na\u0163ionale a Rom\u00e2niei; R\u0103sturnarea guvernului \u015fi regimului militaro-hitlerist (&#8230;) Pentru un guvern al independen\u0163ei na\u0163ionale, format din reprezentan\u0163ii tuturor for\u0163elor patriotice; \u00eempotriva Dictatului hitlerist de la Viena asupra Ardealului (&#8230;) Amnistie general\u0103 politic\u0103, militar\u0103 \u015fi agrar\u0103; \u00cempotriva oric\u0103ror forme de asupriri; Deplina libertate de asocia\u0163ie, pres\u0103 \u015fi organizare; Restabilirea drepturilor \u015fi libert\u0103\u0163ilor cet\u0103\u0163ene\u015fti \u015fi democratice&#8221;.<\/em><\/p>\n<p>Partidul Comunist Rom\u00e2n a desf\u0103\u015furat o intens\u0103 propagand\u0103 antifascist\u0103, anti-hitlerist\u0103 \u00een r\u00e2ndurile muncitorilor din fabrici \u015fi uzine, ale \u0163\u0103ranilor, intelectualilor, tinerilor, solda\u0163ilor \u015fi ale altor categorii de cet\u0103\u0163eni. Rezolu\u0163ia CC. al P.C.R. din ianuarie 1942 definea astfel sarcinile partidului \u00een organizarea \u015fi orientarea \u00eentregului tineret la lupta \u00eempotriva r\u0103zboiului hitlerist: <em>\u201eMembrii partidului nostru trebuie s\u0103 duc\u0103 o munc\u0103 zilnic\u0103, f\u0103r\u0103 preget, pentru organizarea tinerilor celor mai buni \u015fi curajo\u015fi din \u00eentreprinderi, sate, \u015fcoli \u015fi universit\u0103\u0163i in Uniunea Tineretului Comunist. Membrii \u015fi organele partidului s\u0103 simt\u0103 drept o principal\u0103 datorie o lor \u00eent\u0103rirea U.T.C.-ului, legarea el cu masele largi ale tineretului, pentru organizarea \u015fi conducerea luptei sale \u015fi pentru organizarea Frontului Patriotic al Tineretului&#8221;.<\/em><\/p>\n<p>Un moment deosebit de important \u00een realizarea largului sistem de alian\u0163e politice, preconizat de partidul comunist, l-a reprezentat semnarea, la jum\u0103tatea lunii aprilie 1944, a Acordului de Front Unic Muncitoresc \u00eentre P.C.R, \u015fi P.S.D. Manifestul de F.U.M. publicat la 1 Mai 1944 realiza o sintez\u0103 organic\u0103 \u00eentre interesele majore ale poporului nostru \u00een acel moment \u015fi interesele clasei muncitoare, care se situa hot\u0103r\u00e2t \u00een fruntea mi\u015fc\u0103rii na\u0163ionale de rezisten\u0163\u0103.<\/p>\n<p>\u00cenf\u0103ptuirea unit\u0103\u0163ii de ac\u0163iune a clasei muncitoare a influen\u0163at favorabil pozi\u0163ia \u015fi atitudinea celorlalte grup\u0103ri \u015fi for\u0163e social-politice patriotice, a impulsionat \u00een mod deosebit orocesul de coalizare a tuturor elementelor antihitleriste. \u00cen fapt, Frontul Unic Muncitoresc a devenit temelia amplelor alian\u0163e politice, preconizate \u015fi realizate de P.C.R,, care au constituit cadrul politic intern prin care s-a asigurat acel consens na\u0163ional \u00een august 1944.<\/p>\n<p>La 26 mai 1944, s-a realizat Coali\u0163ia Na\u0163ional-Democrat\u00e2, \u00een care erau reprezentate: P.C.R., P.S.D., Frontul Plugarilor, Uniunea Patrio\u0163ilor, Partidul Socialist-\u0162\u0103r\u0103nesc, MADOSZ-ul, gruparea liberal\u0103 Gh T\u0103t\u0103rescu \u015fi Partidul Na\u0163ional Democrat al lui Gr. Topa. Declara\u0163ia comun\u0103, \u00een baza c\u0103reia s-a constituit Blocul Na\u0163ional-Democrat, a fost semnat\u0103 de P.C.R., P.S.D., P.N.\u0162. \u015fi P.N.L., la 20 iunie 1944. \u00cen prealabil, dup\u0103 consf\u0103tuirea din noaptea de 13 spre 14 iunie 1944, a reprezentan\u0163ilor partidului cu reprezentan\u0163ii armatei si cercurile Palatului, la 15 iunie 1944, regele Mihai \u015fi-a dat acordul pentru planul \u015fi solu\u0163ia propuse de P.C.R. \u00een vederea \u00eenf\u0103ptuirii insurec\u0163iei pentru r\u0103sturnarea guvernului Antonescu, ruperea alian\u0163ei cu Germania hitlerist\u0103 \u015fi al\u0103turarea \u0163\u0103rii Na\u0163iunilor Unite. Toate aceste alian\u0163e s-au realizat din ini\u0163iativa partidului comunist, pe baza obiectivelor general-na\u0163ionale formulate de partid, care a constituit, \u00een acela\u015fi timp, for\u0163a politic\u0103 prezent\u0103 \u00een toate aceste organisme.<\/p>\n<p>\u00cenceput\u0103 prin \u00eenl\u0103turarea guvernului Antonescu \u00een dup\u0103-amiaza zilei de 23 August 1944, ac\u0163iunea insurec\u0163ional\u0103 a dus la formarea unui guvern de reprezentan\u0163\u0103 na\u0163ional\u0103 sub egida politic\u0103 a Blocului Na\u0163ional-Democrat, la \u00eentoarcerea armelor \u00eempotriva Germaniei naziste, la eliberarea \u0163\u0103rii de sub domina\u0163ia fascismului, la participarea Rom\u00e2niei la r\u0103zboiul antihitlerist, p\u00e2n\u0103 la victoria final\u0103. La 23 August 1944, pentru prima dat\u0103 \u00een istoria Rom\u00e2niei, partidele politice ale clasei muncitoare, au devenit participante la guvernarea \u0163\u0103rii.<\/p>\n","protected":false},"excerpt":{"rendered":"<p>S\u0103 ne aducem pu\u0163in aminte&#8230; Ziua de 23 August 1944 se \u00eenscrie ca unul din cele mai luminoase momente din \u00eendelungata lupta a poporului rom\u00e2n pentru libertate na\u0163ional\u0103 \u015fi social\u0103, \u00een lan\u0163ul c\u0103reia sunt cuprinse izb\u00e2nzi de mare rezonan\u0163a, \u00eentr-o &#8230; <\/p>\n<p class=\"read-more-container\"><a title=\"23 august 1944: ziua de eliberare na\u0163ional\u0103 \u015fi social\u0103, antifascist\u0103 \u015fi antiimperialist\u0103\" class=\"read-more button\" href=\"https:\/\/www.lovendal.ro\/wp52\/23-august-1944-ziua-de-eliberare-nationala-si-sociala-antifascista-si-antiimperialista\/#more-13912\" aria-label=\"Cite\u0219te mai multe despre 23 august 1944: ziua de eliberare na\u0163ional\u0103 \u015fi social\u0103, antifascist\u0103 \u015fi antiimperialist\u0103\">Cititi mai multe<\/a><\/p>\n","protected":false},"author":1,"featured_media":13913,"comment_status":"open","ping_status":"closed","sticky":false,"template":"","format":"standard","meta":{"footnotes":""},"categories":[9],"tags":[2034,1050,81,1532,581,599,74],"class_list":["post-13912","post","type-post","status-publish","format-standard","has-post-thumbnail","hentry","category-istorie","tag-23-august-1944","tag-cel-de-al-2-lea-razboi-mondial","tag-comunism","tag-istorie-si-civilizatii","tag-pcr","tag-regele-mihai","tag-romania","resize-featured-image"],"yoast_head":"<!-- This site is optimized with the Yoast SEO Premium plugin v23.3 (Yoast SEO v27.4) - https:\/\/yoast.com\/product\/yoast-seo-premium-wordpress\/ -->\n<title>23 august 1944: ziua de eliberare na\u0163ional\u0103 \u015fi social\u0103, antifascist\u0103 \u015fi antiimperialist\u0103 - Secretele lui Lovendal<\/title>\n<meta name=\"robots\" content=\"index, follow, max-snippet:-1, max-image-preview:large, max-video-preview:-1\" \/>\n<link rel=\"canonical\" href=\"https:\/\/www.lovendal.ro\/wp52\/23-august-1944-ziua-de-eliberare-nationala-si-sociala-antifascista-si-antiimperialista\/\" \/>\n<meta property=\"og:locale\" content=\"ro_RO\" \/>\n<meta property=\"og:type\" content=\"article\" \/>\n<meta property=\"og:title\" content=\"23 august 1944: ziua de eliberare na\u0163ional\u0103 \u015fi social\u0103, antifascist\u0103 \u015fi antiimperialist\u0103\" \/>\n<meta property=\"og:description\" content=\"S\u0103 ne aducem pu\u0163in aminte&#8230; Ziua de 23 August 1944 se \u00eenscrie ca unul din cele mai luminoase momente din \u00eendelungata lupta a poporului rom\u00e2n pentru libertate na\u0163ional\u0103 \u015fi social\u0103, \u00een lan\u0163ul c\u0103reia sunt cuprinse izb\u00e2nzi de mare rezonan\u0163a, \u00eentr-o ... Cititi mai multe\" \/>\n<meta property=\"og:url\" content=\"https:\/\/www.lovendal.ro\/wp52\/23-august-1944-ziua-de-eliberare-nationala-si-sociala-antifascista-si-antiimperialista\/\" \/>\n<meta property=\"og:site_name\" content=\"Secretele lui Lovendal\" \/>\n<meta property=\"article:publisher\" content=\"https:\/\/www.facebook.com\/secreteleluilovendal\" \/>\n<meta property=\"article:published_time\" content=\"2010-08-23T07:51:53+00:00\" \/>\n<meta property=\"og:image\" content=\"https:\/\/www.lovendal.ro\/wp52\/wp-content\/uploads\/2010\/08\/23-august.jpg\" \/>\n\t<meta property=\"og:image:width\" content=\"309\" \/>\n\t<meta property=\"og:image:height\" content=\"308\" \/>\n\t<meta property=\"og:image:type\" content=\"image\/jpeg\" \/>\n<meta name=\"author\" content=\"admin\" \/>\n<meta name=\"twitter:card\" content=\"summary_large_image\" \/>\n<meta name=\"twitter:label1\" content=\"Scris de\" \/>\n\t<meta name=\"twitter:data1\" content=\"admin\" \/>\n\t<meta name=\"twitter:label2\" content=\"Timp estimat pentru citire\" \/>\n\t<meta name=\"twitter:data2\" content=\"5 minute\" \/>\n<script type=\"application\/ld+json\" class=\"yoast-schema-graph\">{\"@context\":\"https:\\\/\\\/schema.org\",\"@graph\":[{\"@type\":\"Article\",\"@id\":\"https:\\\/\\\/www.lovendal.ro\\\/wp52\\\/23-august-1944-ziua-de-eliberare-nationala-si-sociala-antifascista-si-antiimperialista\\\/#article\",\"isPartOf\":{\"@id\":\"https:\\\/\\\/www.lovendal.ro\\\/wp52\\\/23-august-1944-ziua-de-eliberare-nationala-si-sociala-antifascista-si-antiimperialista\\\/\"},\"author\":{\"name\":\"admin\",\"@id\":\"https:\\\/\\\/www.lovendal.ro\\\/wp52\\\/#\\\/schema\\\/person\\\/088691de5dfc346bb0c023e1e52ef5d9\"},\"headline\":\"23 august 1944: ziua de eliberare na\u0163ional\u0103 \u015fi social\u0103, antifascist\u0103 \u015fi antiimperialist\u0103\",\"datePublished\":\"2010-08-23T07:51:53+00:00\",\"mainEntityOfPage\":{\"@id\":\"https:\\\/\\\/www.lovendal.ro\\\/wp52\\\/23-august-1944-ziua-de-eliberare-nationala-si-sociala-antifascista-si-antiimperialista\\\/\"},\"wordCount\":986,\"commentCount\":14,\"publisher\":{\"@id\":\"https:\\\/\\\/www.lovendal.ro\\\/wp52\\\/#organization\"},\"image\":{\"@id\":\"https:\\\/\\\/www.lovendal.ro\\\/wp52\\\/23-august-1944-ziua-de-eliberare-nationala-si-sociala-antifascista-si-antiimperialista\\\/#primaryimage\"},\"thumbnailUrl\":\"https:\\\/\\\/www.lovendal.ro\\\/wp52\\\/wp-content\\\/uploads\\\/2010\\\/08\\\/23-august.jpg\",\"keywords\":[\"23 august 1944\",\"cel de-al 2-lea r\u0103zboi mondial\",\"comunism\",\"Istorie si Civilizatii\",\"PCR\",\"regele Mihai\",\"Rom\u00e2nia\"],\"articleSection\":[\"Istorie si Civilizatii\"],\"inLanguage\":\"ro-RO\",\"potentialAction\":[{\"@type\":\"CommentAction\",\"name\":\"Comment\",\"target\":[\"https:\\\/\\\/www.lovendal.ro\\\/wp52\\\/23-august-1944-ziua-de-eliberare-nationala-si-sociala-antifascista-si-antiimperialista\\\/#respond\"]}]},{\"@type\":\"WebPage\",\"@id\":\"https:\\\/\\\/www.lovendal.ro\\\/wp52\\\/23-august-1944-ziua-de-eliberare-nationala-si-sociala-antifascista-si-antiimperialista\\\/\",\"url\":\"https:\\\/\\\/www.lovendal.ro\\\/wp52\\\/23-august-1944-ziua-de-eliberare-nationala-si-sociala-antifascista-si-antiimperialista\\\/\",\"name\":\"23 august 1944: ziua de eliberare na\u0163ional\u0103 \u015fi social\u0103, antifascist\u0103 \u015fi antiimperialist\u0103 - Secretele lui Lovendal\",\"isPartOf\":{\"@id\":\"https:\\\/\\\/www.lovendal.ro\\\/wp52\\\/#website\"},\"primaryImageOfPage\":{\"@id\":\"https:\\\/\\\/www.lovendal.ro\\\/wp52\\\/23-august-1944-ziua-de-eliberare-nationala-si-sociala-antifascista-si-antiimperialista\\\/#primaryimage\"},\"image\":{\"@id\":\"https:\\\/\\\/www.lovendal.ro\\\/wp52\\\/23-august-1944-ziua-de-eliberare-nationala-si-sociala-antifascista-si-antiimperialista\\\/#primaryimage\"},\"thumbnailUrl\":\"https:\\\/\\\/www.lovendal.ro\\\/wp52\\\/wp-content\\\/uploads\\\/2010\\\/08\\\/23-august.jpg\",\"datePublished\":\"2010-08-23T07:51:53+00:00\",\"breadcrumb\":{\"@id\":\"https:\\\/\\\/www.lovendal.ro\\\/wp52\\\/23-august-1944-ziua-de-eliberare-nationala-si-sociala-antifascista-si-antiimperialista\\\/#breadcrumb\"},\"inLanguage\":\"ro-RO\",\"potentialAction\":[{\"@type\":\"ReadAction\",\"target\":[\"https:\\\/\\\/www.lovendal.ro\\\/wp52\\\/23-august-1944-ziua-de-eliberare-nationala-si-sociala-antifascista-si-antiimperialista\\\/\"]}]},{\"@type\":\"ImageObject\",\"inLanguage\":\"ro-RO\",\"@id\":\"https:\\\/\\\/www.lovendal.ro\\\/wp52\\\/23-august-1944-ziua-de-eliberare-nationala-si-sociala-antifascista-si-antiimperialista\\\/#primaryimage\",\"url\":\"https:\\\/\\\/www.lovendal.ro\\\/wp52\\\/wp-content\\\/uploads\\\/2010\\\/08\\\/23-august.jpg\",\"contentUrl\":\"https:\\\/\\\/www.lovendal.ro\\\/wp52\\\/wp-content\\\/uploads\\\/2010\\\/08\\\/23-august.jpg\",\"width\":\"309\",\"height\":\"308\"},{\"@type\":\"BreadcrumbList\",\"@id\":\"https:\\\/\\\/www.lovendal.ro\\\/wp52\\\/23-august-1944-ziua-de-eliberare-nationala-si-sociala-antifascista-si-antiimperialista\\\/#breadcrumb\",\"itemListElement\":[{\"@type\":\"ListItem\",\"position\":1,\"name\":\"Home\",\"item\":\"https:\\\/\\\/www.lovendal.ro\\\/wp52\\\/\"},{\"@type\":\"ListItem\",\"position\":2,\"name\":\"23 august 1944: ziua de eliberare na\u0163ional\u0103 \u015fi social\u0103, antifascist\u0103 \u015fi antiimperialist\u0103\"}]},{\"@type\":\"WebSite\",\"@id\":\"https:\\\/\\\/www.lovendal.ro\\\/wp52\\\/#website\",\"url\":\"https:\\\/\\\/www.lovendal.ro\\\/wp52\\\/\",\"name\":\"Secretele lui Lovendal\",\"description\":\"Site de secrete, stiinta si metafizica - din 2008 -\",\"publisher\":{\"@id\":\"https:\\\/\\\/www.lovendal.ro\\\/wp52\\\/#organization\"},\"potentialAction\":[{\"@type\":\"SearchAction\",\"target\":{\"@type\":\"EntryPoint\",\"urlTemplate\":\"https:\\\/\\\/www.lovendal.ro\\\/wp52\\\/?s={search_term_string}\"},\"query-input\":{\"@type\":\"PropertyValueSpecification\",\"valueRequired\":true,\"valueName\":\"search_term_string\"}}],\"inLanguage\":\"ro-RO\"},{\"@type\":\"Organization\",\"@id\":\"https:\\\/\\\/www.lovendal.ro\\\/wp52\\\/#organization\",\"name\":\"Secretele lui Lovendal\",\"url\":\"https:\\\/\\\/www.lovendal.ro\\\/wp52\\\/\",\"logo\":{\"@type\":\"ImageObject\",\"inLanguage\":\"ro-RO\",\"@id\":\"https:\\\/\\\/www.lovendal.ro\\\/wp52\\\/#\\\/schema\\\/logo\\\/image\\\/\",\"url\":\"https:\\\/\\\/www.lovendal.ro\\\/wp52\\\/wp-content\\\/uploads\\\/2024\\\/06\\\/cropped-SLL-iun-2024-1.jpg\",\"contentUrl\":\"https:\\\/\\\/www.lovendal.ro\\\/wp52\\\/wp-content\\\/uploads\\\/2024\\\/06\\\/cropped-SLL-iun-2024-1.jpg\",\"width\":771,\"height\":240,\"caption\":\"Secretele lui Lovendal\"},\"image\":{\"@id\":\"https:\\\/\\\/www.lovendal.ro\\\/wp52\\\/#\\\/schema\\\/logo\\\/image\\\/\"},\"sameAs\":[\"https:\\\/\\\/www.facebook.com\\\/secreteleluilovendal\"]},{\"@type\":\"Person\",\"@id\":\"https:\\\/\\\/www.lovendal.ro\\\/wp52\\\/#\\\/schema\\\/person\\\/088691de5dfc346bb0c023e1e52ef5d9\",\"name\":\"admin\",\"image\":{\"@type\":\"ImageObject\",\"inLanguage\":\"ro-RO\",\"@id\":\"https:\\\/\\\/secure.gravatar.com\\\/avatar\\\/ecb9cd41f5f63c9c9b989999a59f6e2639a865ec361e9db054db0679a8f341c2?s=96&d=mm&r=g\",\"url\":\"https:\\\/\\\/secure.gravatar.com\\\/avatar\\\/ecb9cd41f5f63c9c9b989999a59f6e2639a865ec361e9db054db0679a8f341c2?s=96&d=mm&r=g\",\"contentUrl\":\"https:\\\/\\\/secure.gravatar.com\\\/avatar\\\/ecb9cd41f5f63c9c9b989999a59f6e2639a865ec361e9db054db0679a8f341c2?s=96&d=mm&r=g\",\"caption\":\"admin\"},\"sameAs\":[\"https:\\\/\\\/www.lovendal.ro\\\/wp52\"]}]}<\/script>\n<!-- \/ Yoast SEO Premium plugin. -->","yoast_head_json":{"title":"23 august 1944: ziua de eliberare na\u0163ional\u0103 \u015fi social\u0103, antifascist\u0103 \u015fi antiimperialist\u0103 - Secretele lui Lovendal","robots":{"index":"index","follow":"follow","max-snippet":"max-snippet:-1","max-image-preview":"max-image-preview:large","max-video-preview":"max-video-preview:-1"},"canonical":"https:\/\/www.lovendal.ro\/wp52\/23-august-1944-ziua-de-eliberare-nationala-si-sociala-antifascista-si-antiimperialista\/","og_locale":"ro_RO","og_type":"article","og_title":"23 august 1944: ziua de eliberare na\u0163ional\u0103 \u015fi social\u0103, antifascist\u0103 \u015fi antiimperialist\u0103","og_description":"S\u0103 ne aducem pu\u0163in aminte&#8230; Ziua de 23 August 1944 se \u00eenscrie ca unul din cele mai luminoase momente din \u00eendelungata lupta a poporului rom\u00e2n pentru libertate na\u0163ional\u0103 \u015fi social\u0103, \u00een lan\u0163ul c\u0103reia sunt cuprinse izb\u00e2nzi de mare rezonan\u0163a, \u00eentr-o ... Cititi mai multe","og_url":"https:\/\/www.lovendal.ro\/wp52\/23-august-1944-ziua-de-eliberare-nationala-si-sociala-antifascista-si-antiimperialista\/","og_site_name":"Secretele lui Lovendal","article_publisher":"https:\/\/www.facebook.com\/secreteleluilovendal","article_published_time":"2010-08-23T07:51:53+00:00","og_image":[{"width":309,"height":308,"url":"https:\/\/www.lovendal.ro\/wp52\/wp-content\/uploads\/2010\/08\/23-august.jpg","type":"image\/jpeg"}],"author":"admin","twitter_card":"summary_large_image","twitter_misc":{"Scris de":"admin","Timp estimat pentru citire":"5 minute"},"schema":{"@context":"https:\/\/schema.org","@graph":[{"@type":"Article","@id":"https:\/\/www.lovendal.ro\/wp52\/23-august-1944-ziua-de-eliberare-nationala-si-sociala-antifascista-si-antiimperialista\/#article","isPartOf":{"@id":"https:\/\/www.lovendal.ro\/wp52\/23-august-1944-ziua-de-eliberare-nationala-si-sociala-antifascista-si-antiimperialista\/"},"author":{"name":"admin","@id":"https:\/\/www.lovendal.ro\/wp52\/#\/schema\/person\/088691de5dfc346bb0c023e1e52ef5d9"},"headline":"23 august 1944: ziua de eliberare na\u0163ional\u0103 \u015fi social\u0103, antifascist\u0103 \u015fi antiimperialist\u0103","datePublished":"2010-08-23T07:51:53+00:00","mainEntityOfPage":{"@id":"https:\/\/www.lovendal.ro\/wp52\/23-august-1944-ziua-de-eliberare-nationala-si-sociala-antifascista-si-antiimperialista\/"},"wordCount":986,"commentCount":14,"publisher":{"@id":"https:\/\/www.lovendal.ro\/wp52\/#organization"},"image":{"@id":"https:\/\/www.lovendal.ro\/wp52\/23-august-1944-ziua-de-eliberare-nationala-si-sociala-antifascista-si-antiimperialista\/#primaryimage"},"thumbnailUrl":"https:\/\/www.lovendal.ro\/wp52\/wp-content\/uploads\/2010\/08\/23-august.jpg","keywords":["23 august 1944","cel de-al 2-lea r\u0103zboi mondial","comunism","Istorie si Civilizatii","PCR","regele Mihai","Rom\u00e2nia"],"articleSection":["Istorie si Civilizatii"],"inLanguage":"ro-RO","potentialAction":[{"@type":"CommentAction","name":"Comment","target":["https:\/\/www.lovendal.ro\/wp52\/23-august-1944-ziua-de-eliberare-nationala-si-sociala-antifascista-si-antiimperialista\/#respond"]}]},{"@type":"WebPage","@id":"https:\/\/www.lovendal.ro\/wp52\/23-august-1944-ziua-de-eliberare-nationala-si-sociala-antifascista-si-antiimperialista\/","url":"https:\/\/www.lovendal.ro\/wp52\/23-august-1944-ziua-de-eliberare-nationala-si-sociala-antifascista-si-antiimperialista\/","name":"23 august 1944: ziua de eliberare na\u0163ional\u0103 \u015fi social\u0103, antifascist\u0103 \u015fi antiimperialist\u0103 - Secretele lui Lovendal","isPartOf":{"@id":"https:\/\/www.lovendal.ro\/wp52\/#website"},"primaryImageOfPage":{"@id":"https:\/\/www.lovendal.ro\/wp52\/23-august-1944-ziua-de-eliberare-nationala-si-sociala-antifascista-si-antiimperialista\/#primaryimage"},"image":{"@id":"https:\/\/www.lovendal.ro\/wp52\/23-august-1944-ziua-de-eliberare-nationala-si-sociala-antifascista-si-antiimperialista\/#primaryimage"},"thumbnailUrl":"https:\/\/www.lovendal.ro\/wp52\/wp-content\/uploads\/2010\/08\/23-august.jpg","datePublished":"2010-08-23T07:51:53+00:00","breadcrumb":{"@id":"https:\/\/www.lovendal.ro\/wp52\/23-august-1944-ziua-de-eliberare-nationala-si-sociala-antifascista-si-antiimperialista\/#breadcrumb"},"inLanguage":"ro-RO","potentialAction":[{"@type":"ReadAction","target":["https:\/\/www.lovendal.ro\/wp52\/23-august-1944-ziua-de-eliberare-nationala-si-sociala-antifascista-si-antiimperialista\/"]}]},{"@type":"ImageObject","inLanguage":"ro-RO","@id":"https:\/\/www.lovendal.ro\/wp52\/23-august-1944-ziua-de-eliberare-nationala-si-sociala-antifascista-si-antiimperialista\/#primaryimage","url":"https:\/\/www.lovendal.ro\/wp52\/wp-content\/uploads\/2010\/08\/23-august.jpg","contentUrl":"https:\/\/www.lovendal.ro\/wp52\/wp-content\/uploads\/2010\/08\/23-august.jpg","width":"309","height":"308"},{"@type":"BreadcrumbList","@id":"https:\/\/www.lovendal.ro\/wp52\/23-august-1944-ziua-de-eliberare-nationala-si-sociala-antifascista-si-antiimperialista\/#breadcrumb","itemListElement":[{"@type":"ListItem","position":1,"name":"Home","item":"https:\/\/www.lovendal.ro\/wp52\/"},{"@type":"ListItem","position":2,"name":"23 august 1944: ziua de eliberare na\u0163ional\u0103 \u015fi social\u0103, antifascist\u0103 \u015fi antiimperialist\u0103"}]},{"@type":"WebSite","@id":"https:\/\/www.lovendal.ro\/wp52\/#website","url":"https:\/\/www.lovendal.ro\/wp52\/","name":"Secretele lui Lovendal","description":"Site de secrete, stiinta si metafizica - din 2008 -","publisher":{"@id":"https:\/\/www.lovendal.ro\/wp52\/#organization"},"potentialAction":[{"@type":"SearchAction","target":{"@type":"EntryPoint","urlTemplate":"https:\/\/www.lovendal.ro\/wp52\/?s={search_term_string}"},"query-input":{"@type":"PropertyValueSpecification","valueRequired":true,"valueName":"search_term_string"}}],"inLanguage":"ro-RO"},{"@type":"Organization","@id":"https:\/\/www.lovendal.ro\/wp52\/#organization","name":"Secretele lui Lovendal","url":"https:\/\/www.lovendal.ro\/wp52\/","logo":{"@type":"ImageObject","inLanguage":"ro-RO","@id":"https:\/\/www.lovendal.ro\/wp52\/#\/schema\/logo\/image\/","url":"https:\/\/www.lovendal.ro\/wp52\/wp-content\/uploads\/2024\/06\/cropped-SLL-iun-2024-1.jpg","contentUrl":"https:\/\/www.lovendal.ro\/wp52\/wp-content\/uploads\/2024\/06\/cropped-SLL-iun-2024-1.jpg","width":771,"height":240,"caption":"Secretele lui Lovendal"},"image":{"@id":"https:\/\/www.lovendal.ro\/wp52\/#\/schema\/logo\/image\/"},"sameAs":["https:\/\/www.facebook.com\/secreteleluilovendal"]},{"@type":"Person","@id":"https:\/\/www.lovendal.ro\/wp52\/#\/schema\/person\/088691de5dfc346bb0c023e1e52ef5d9","name":"admin","image":{"@type":"ImageObject","inLanguage":"ro-RO","@id":"https:\/\/secure.gravatar.com\/avatar\/ecb9cd41f5f63c9c9b989999a59f6e2639a865ec361e9db054db0679a8f341c2?s=96&d=mm&r=g","url":"https:\/\/secure.gravatar.com\/avatar\/ecb9cd41f5f63c9c9b989999a59f6e2639a865ec361e9db054db0679a8f341c2?s=96&d=mm&r=g","contentUrl":"https:\/\/secure.gravatar.com\/avatar\/ecb9cd41f5f63c9c9b989999a59f6e2639a865ec361e9db054db0679a8f341c2?s=96&d=mm&r=g","caption":"admin"},"sameAs":["https:\/\/www.lovendal.ro\/wp52"]}]}},"_links":{"self":[{"href":"https:\/\/www.lovendal.ro\/wp52\/wp-json\/wp\/v2\/posts\/13912","targetHints":{"allow":["GET"]}}],"collection":[{"href":"https:\/\/www.lovendal.ro\/wp52\/wp-json\/wp\/v2\/posts"}],"about":[{"href":"https:\/\/www.lovendal.ro\/wp52\/wp-json\/wp\/v2\/types\/post"}],"author":[{"embeddable":true,"href":"https:\/\/www.lovendal.ro\/wp52\/wp-json\/wp\/v2\/users\/1"}],"replies":[{"embeddable":true,"href":"https:\/\/www.lovendal.ro\/wp52\/wp-json\/wp\/v2\/comments?post=13912"}],"version-history":[{"count":0,"href":"https:\/\/www.lovendal.ro\/wp52\/wp-json\/wp\/v2\/posts\/13912\/revisions"}],"wp:featuredmedia":[{"embeddable":true,"href":"https:\/\/www.lovendal.ro\/wp52\/wp-json\/wp\/v2\/media\/13913"}],"wp:attachment":[{"href":"https:\/\/www.lovendal.ro\/wp52\/wp-json\/wp\/v2\/media?parent=13912"}],"wp:term":[{"taxonomy":"category","embeddable":true,"href":"https:\/\/www.lovendal.ro\/wp52\/wp-json\/wp\/v2\/categories?post=13912"},{"taxonomy":"post_tag","embeddable":true,"href":"https:\/\/www.lovendal.ro\/wp52\/wp-json\/wp\/v2\/tags?post=13912"}],"curies":[{"name":"wp","href":"https:\/\/api.w.org\/{rel}","templated":true}]}}