{"id":13821,"date":"2010-08-14T16:49:16","date_gmt":"2010-08-14T13:49:16","guid":{"rendered":"http:\/\/www.lovendal.net\/wp52\/?p=13821"},"modified":"2010-08-14T16:49:16","modified_gmt":"2010-08-14T13:49:16","slug":"sarmisegetuza-adevarata-capitala-a-daciei-sau-doar-o-capitala-spirituala","status":"publish","type":"post","link":"https:\/\/www.lovendal.ro\/wp52\/sarmisegetuza-adevarata-capitala-a-daciei-sau-doar-o-capitala-spirituala\/","title":{"rendered":"Sarmisegetuza, adev\u0103rata capital\u0103 a Daciei sau doar o &#8222;capital\u0103 spiritual\u0103&#8221;?"},"content":{"rendered":"<p><a href=\"https:\/\/www.lovendal.ro\/wp52\/wp-content\/uploads\/2010\/08\/Sarmizegetusa.jpg\"><img loading=\"lazy\" decoding=\"async\" class=\"alignleft size-full wp-image-13822\" title=\"Sarmizegetusa\" src=\"https:\/\/www.lovendal.ro\/wp52\/wp-content\/uploads\/2010\/08\/Sarmizegetusa.jpg\" alt=\"Sarmizegetusa\" width=\"303\" height=\"172\" srcset=\"https:\/\/www.lovendal.ro\/wp52\/wp-content\/uploads\/2010\/08\/Sarmizegetusa.jpg 303w, https:\/\/www.lovendal.ro\/wp52\/wp-content\/uploads\/2010\/08\/Sarmizegetusa-300x170.jpg 300w\" sizes=\"auto, (max-width: 303px) 100vw, 303px\" \/><\/a>Se vehiculeaz\u0103 tot mai mult din partea unor speciali\u015fti -mai ales \u00een ultimul timp &#8211; ideea c\u0103 Sarmisegetuza nu era adev\u0103rata capital\u0103 a Daciei; fie doar \u015fi pentru simplul motiv c\u0103, pe de o parte aceast\u0103 loca\u0163ie era \u00een mod practic inaccesibil\u0103 marii mase de popula\u0163ii urmat\u0103 de mul\u0163imea necesar\u0103 de servitori, negustori \u015fi me\u015fte\u015fugari, iar pe de alta c\u0103 nu dispunea de respectivele facilit\u0103\u0163i cerute \u00een mod imperios de o puternic\u0103 \u015fi mare capital\u0103 c\u0103reia i-ar fi fost necesar un \u00eentreg tac\u00e2m de servitu\u0163i gata s\u0103 asigure absolut obligatoriu totalitatea cerin\u0163elor politice, administrative \u015fi sociale impuse la nivel global de un foarte mare \u015fi deosebit de \u00eentins regat, care avea o popula\u0163ie estimat\u0103 pe atunci la circa trei-patru (dac\u0103 nu cumva, chiar cinci) milioane de locuitori.<\/p>\n<p>Pe de alt\u0103 parte, f\u0103r\u0103 absolut niciun dubiu, istoricii consemneaz\u0103 \u00een continuare c\u0103 incinta numit\u0103 Sarmisagetuza era chiar inima Daciei -, era, \u00eens\u0103\u015fi, a\u015fa-zisa Capital\u0103 a ei. Dar, \u00eentr-un asemenea caz, s-ar impune ideea c\u0103 era doar o Capital\u0103 spiritual\u0103&#8230; Ea a fost aleas\u0103 \u015fi construit\u0103 \u00een mod special de c\u0103tre geto-daci ca un adev\u0103rat hieropolis -, adic\u0103 un fel de \u201ecetate &#8211; ora\u015f sacru&#8221;. Av\u00e2nd func\u0163ii specifice doar unor asemenea cerin\u0163e spirituale: temple, oracole, observatoare astronomice, calendare, pia\u0163\u0103 de comunic\u0103ri sau\/\u015fi comuniuni publice, precum \u015fi alte dot\u0103ri specifice genului.<\/p>\n<p>Bine-bine, se vor \u00eentreba cei mai mul\u0163i, atunci de ce oare armata roman\u0103 s\u0103 fji avut ca \u0163int\u0103 direct\u0103 Sarmisegetuza, dac\u0103 aceasta nu era \u015fi capitala administrativ-politic\u0103 a Daciei; c\u0103 nu se oboseau ei, romanii, pe amarnicele drumuri de munte doar ca s\u0103 se chinuie cu greoaiele ma\u015fini de lupt\u0103 \u015fi asalt pentru a asista la oarece taifasuri sau rug\u0103ciuni \u0163inute de c\u0103tre prela\u0163ii daci \u00een templele lor solitare?<\/p>\n<p>Ansamblul de l\u0103ca\u015furi \u00eent\u0103rite din mun\u0163ii Or\u0103\u015ftiei se \u00eenscria aproape perfect \u00een acea aur\u0103 de sacralitate pe care oamenii locului &#8211; str\u0103mo\u015fii no\u015ftri &#8211; o considerau propice unor \u00eencerc\u0103ri pentru comuniunea recunoscut\u0103 ca mai facil\u0103 cu Divinitatea: o mare altitudine \u015fi o perfect\u0103 izolare. Iar, dac\u0103 \u00eentr-un asemenea sens ne g\u00e2ndim mai profund, noua Sarmisegetuza, acea Ulpia Traiana (mai corect: \u201eColonia Ulpia Traiana Augusta Dacica Sarmisegetuza,,), a fost la r\u00e2ndu-i destul de \u00een\u0163elept stabilit\u0103 de \u00eensu\u015fi \u00eemp\u0103ratul Traian ca o alternativ\u0103 bine aleas\u0103 la Sarmisegetuza Regia. \u015ei asta, deoarece tocmai pe aici, pe undeva prin aceste locuri, se intuia c\u0103 ar fi fost \u00eensu\u015fi centrul spiritual al Daciei.<\/p>\n<p>\u00cen fond, pe romani \u00eei interesa din noua provincie doar dou\u0103 lucruri: aurul mun\u0163ilor \u015fi gr\u00e2nele c\u00e2mpiilor. Se \u015ftia c\u0103 Sarmisegetuza era doar cheia c\u0103tre acestea. Ceea ce apare mult mai ciudat este faptul c\u0103 romanii &#8211; \u00een furibundele \u015fi interminabilele lor campanii de cuceriri &#8211; au distrus total doar dou\u0103 dintre\u00a0 marile capitale ale \u0163\u0103rilor cucerite: Cartagina \u015fi Sarmisegetuza. Or, Cartagina, \u00eenainte de a fi fost preluat\u0103 de fenicieni, fusese la r\u00e2ndu-i o colonie pelasg\u0103, cu numele de Byrsa, \u00eentemeiat\u0103 de popula\u0163ii pastorale geto-dace ajunse -poate, \u015fi de ce nu? &#8211; pe acele meleaguri tocmai de prin \u0162ara B\u00e2rsei.<\/p>\n<p>Cert este doar c\u0103 ambele capitale, at\u00e2t Cartagina c\u00e2t \u015fi Sarmisegetuza, au avut o aceea\u015fi soart\u0103 nemaipomenit de crud\u0103, deoarece apar\u0163ineau unor mari regate care promovau o doctrin\u0103 religioas\u0103 comunitar\u0103, de esen\u0163\u0103 esenian\u0103, prin care se sus\u0163inea nemurirea \u015fi migrarea sufletelor \u00eentr-o alt\u0103 lume: aceea a Lini\u015ftii Eterne; deci, un alt fel de imperiu, cu mult superior aceluia propus prin Pax Romana.<\/p>\n<p>Nu ar trebui neglijat deloc nici cazul Ierusalimului, distrus \u00eens\u0103 \u015fi din cu totul alte motiva\u0163ii. E drept c\u0103 un slalom printre asemenea jaloane incerte ale g\u00e2ndirii te-ar putea conduce imediat la ideea c\u0103 romanii, cu imperiul lor bazat pe \u201efor\u0163a p\u0103cii&#8221;, pe acea Pace Roman\u0103, au distrus complet \u015fi p\u00e2n\u0103 \u00een temelii, \u00eentr-un mod evident dinainte stabilit \u015fi programat, tocmai acele capitale ale monoteismului -, ulterior devenind \u015fi cei mai aprigi prigonitori ai religiilor de tipul mesianic.<\/p>\n<p><em>(Text de Silviu Dragomir)<\/em><\/p>\n","protected":false},"excerpt":{"rendered":"<p>Se vehiculeaz\u0103 tot mai mult din partea unor speciali\u015fti -mai ales \u00een ultimul timp &#8211; ideea c\u0103 Sarmisegetuza nu era adev\u0103rata capital\u0103 a Daciei; fie doar \u015fi pentru simplul motiv c\u0103, pe de o parte aceast\u0103 loca\u0163ie era \u00een mod &#8230; <\/p>\n<p class=\"read-more-container\"><a title=\"Sarmisegetuza, adev\u0103rata capital\u0103 a Daciei sau doar o &#8222;capital\u0103 spiritual\u0103&#8221;?\" class=\"read-more button\" href=\"https:\/\/www.lovendal.ro\/wp52\/sarmisegetuza-adevarata-capitala-a-daciei-sau-doar-o-capitala-spirituala\/#more-13821\" aria-label=\"Cite\u0219te mai multe despre Sarmisegetuza, adev\u0103rata capital\u0103 a Daciei sau doar o &#8222;capital\u0103 spiritual\u0103&#8221;?\">Cititi mai multe<\/a><\/p>\n","protected":false},"author":1,"featured_media":13822,"comment_status":"open","ping_status":"closed","sticky":false,"template":"","format":"standard","meta":{"footnotes":""},"categories":[9],"tags":[1157,116,1532,2282],"class_list":["post-13821","post","type-post","status-publish","format-standard","has-post-thumbnail","hentry","category-istorie","tag-dacia","tag-imperiul-roman","tag-istorie-si-civilizatii","tag-sarmizegetusa","resize-featured-image"],"yoast_head":"<!-- This site is optimized with the Yoast SEO Premium plugin v23.3 (Yoast SEO v27.4) - https:\/\/yoast.com\/product\/yoast-seo-premium-wordpress\/ -->\n<title>Sarmisegetuza, adev\u0103rata capital\u0103 a Daciei sau doar o &quot;capital\u0103 spiritual\u0103&quot;? - Secretele lui Lovendal<\/title>\n<meta name=\"robots\" content=\"index, follow, max-snippet:-1, max-image-preview:large, max-video-preview:-1\" \/>\n<link rel=\"canonical\" href=\"https:\/\/www.lovendal.ro\/wp52\/sarmisegetuza-adevarata-capitala-a-daciei-sau-doar-o-capitala-spirituala\/\" \/>\n<meta property=\"og:locale\" content=\"ro_RO\" \/>\n<meta property=\"og:type\" content=\"article\" \/>\n<meta property=\"og:title\" content=\"Sarmisegetuza, adev\u0103rata capital\u0103 a Daciei sau doar o &quot;capital\u0103 spiritual\u0103&quot;?\" \/>\n<meta property=\"og:description\" content=\"Se vehiculeaz\u0103 tot mai mult din partea unor speciali\u015fti -mai ales \u00een ultimul timp &#8211; ideea c\u0103 Sarmisegetuza nu era adev\u0103rata capital\u0103 a Daciei; fie doar \u015fi pentru simplul motiv c\u0103, pe de o parte aceast\u0103 loca\u0163ie era \u00een mod ... Cititi mai multe\" \/>\n<meta property=\"og:url\" content=\"https:\/\/www.lovendal.ro\/wp52\/sarmisegetuza-adevarata-capitala-a-daciei-sau-doar-o-capitala-spirituala\/\" \/>\n<meta property=\"og:site_name\" content=\"Secretele lui Lovendal\" \/>\n<meta property=\"article:publisher\" content=\"https:\/\/www.facebook.com\/secreteleluilovendal\" \/>\n<meta property=\"article:published_time\" content=\"2010-08-14T13:49:16+00:00\" \/>\n<meta property=\"og:image\" content=\"https:\/\/www.lovendal.ro\/wp52\/wp-content\/uploads\/2010\/08\/Sarmizegetusa.jpg\" \/>\n\t<meta property=\"og:image:width\" content=\"303\" \/>\n\t<meta property=\"og:image:height\" content=\"172\" \/>\n\t<meta property=\"og:image:type\" content=\"image\/jpeg\" \/>\n<meta name=\"author\" content=\"admin\" \/>\n<meta name=\"twitter:card\" content=\"summary_large_image\" \/>\n<meta name=\"twitter:label1\" content=\"Scris de\" \/>\n\t<meta name=\"twitter:data1\" content=\"admin\" \/>\n\t<meta name=\"twitter:label2\" content=\"Timp estimat pentru citire\" \/>\n\t<meta name=\"twitter:data2\" content=\"4 minute\" \/>\n<script type=\"application\/ld+json\" class=\"yoast-schema-graph\">{\"@context\":\"https:\\\/\\\/schema.org\",\"@graph\":[{\"@type\":\"Article\",\"@id\":\"https:\\\/\\\/www.lovendal.ro\\\/wp52\\\/sarmisegetuza-adevarata-capitala-a-daciei-sau-doar-o-capitala-spirituala\\\/#article\",\"isPartOf\":{\"@id\":\"https:\\\/\\\/www.lovendal.ro\\\/wp52\\\/sarmisegetuza-adevarata-capitala-a-daciei-sau-doar-o-capitala-spirituala\\\/\"},\"author\":{\"name\":\"admin\",\"@id\":\"https:\\\/\\\/www.lovendal.ro\\\/wp52\\\/#\\\/schema\\\/person\\\/088691de5dfc346bb0c023e1e52ef5d9\"},\"headline\":\"Sarmisegetuza, adev\u0103rata capital\u0103 a Daciei sau doar o &#8222;capital\u0103 spiritual\u0103&#8221;?\",\"datePublished\":\"2010-08-14T13:49:16+00:00\",\"mainEntityOfPage\":{\"@id\":\"https:\\\/\\\/www.lovendal.ro\\\/wp52\\\/sarmisegetuza-adevarata-capitala-a-daciei-sau-doar-o-capitala-spirituala\\\/\"},\"wordCount\":711,\"commentCount\":51,\"publisher\":{\"@id\":\"https:\\\/\\\/www.lovendal.ro\\\/wp52\\\/#organization\"},\"image\":{\"@id\":\"https:\\\/\\\/www.lovendal.ro\\\/wp52\\\/sarmisegetuza-adevarata-capitala-a-daciei-sau-doar-o-capitala-spirituala\\\/#primaryimage\"},\"thumbnailUrl\":\"https:\\\/\\\/www.lovendal.ro\\\/wp52\\\/wp-content\\\/uploads\\\/2010\\\/08\\\/Sarmizegetusa.jpg\",\"keywords\":[\"Dacia\",\"Imperiul Roman\",\"Istorie si Civilizatii\",\"Sarmizegetusa\"],\"articleSection\":[\"Istorie si Civilizatii\"],\"inLanguage\":\"ro-RO\",\"potentialAction\":[{\"@type\":\"CommentAction\",\"name\":\"Comment\",\"target\":[\"https:\\\/\\\/www.lovendal.ro\\\/wp52\\\/sarmisegetuza-adevarata-capitala-a-daciei-sau-doar-o-capitala-spirituala\\\/#respond\"]}]},{\"@type\":\"WebPage\",\"@id\":\"https:\\\/\\\/www.lovendal.ro\\\/wp52\\\/sarmisegetuza-adevarata-capitala-a-daciei-sau-doar-o-capitala-spirituala\\\/\",\"url\":\"https:\\\/\\\/www.lovendal.ro\\\/wp52\\\/sarmisegetuza-adevarata-capitala-a-daciei-sau-doar-o-capitala-spirituala\\\/\",\"name\":\"Sarmisegetuza, adev\u0103rata capital\u0103 a Daciei sau doar o \\\"capital\u0103 spiritual\u0103\\\"? - Secretele lui Lovendal\",\"isPartOf\":{\"@id\":\"https:\\\/\\\/www.lovendal.ro\\\/wp52\\\/#website\"},\"primaryImageOfPage\":{\"@id\":\"https:\\\/\\\/www.lovendal.ro\\\/wp52\\\/sarmisegetuza-adevarata-capitala-a-daciei-sau-doar-o-capitala-spirituala\\\/#primaryimage\"},\"image\":{\"@id\":\"https:\\\/\\\/www.lovendal.ro\\\/wp52\\\/sarmisegetuza-adevarata-capitala-a-daciei-sau-doar-o-capitala-spirituala\\\/#primaryimage\"},\"thumbnailUrl\":\"https:\\\/\\\/www.lovendal.ro\\\/wp52\\\/wp-content\\\/uploads\\\/2010\\\/08\\\/Sarmizegetusa.jpg\",\"datePublished\":\"2010-08-14T13:49:16+00:00\",\"breadcrumb\":{\"@id\":\"https:\\\/\\\/www.lovendal.ro\\\/wp52\\\/sarmisegetuza-adevarata-capitala-a-daciei-sau-doar-o-capitala-spirituala\\\/#breadcrumb\"},\"inLanguage\":\"ro-RO\",\"potentialAction\":[{\"@type\":\"ReadAction\",\"target\":[\"https:\\\/\\\/www.lovendal.ro\\\/wp52\\\/sarmisegetuza-adevarata-capitala-a-daciei-sau-doar-o-capitala-spirituala\\\/\"]}]},{\"@type\":\"ImageObject\",\"inLanguage\":\"ro-RO\",\"@id\":\"https:\\\/\\\/www.lovendal.ro\\\/wp52\\\/sarmisegetuza-adevarata-capitala-a-daciei-sau-doar-o-capitala-spirituala\\\/#primaryimage\",\"url\":\"https:\\\/\\\/www.lovendal.ro\\\/wp52\\\/wp-content\\\/uploads\\\/2010\\\/08\\\/Sarmizegetusa.jpg\",\"contentUrl\":\"https:\\\/\\\/www.lovendal.ro\\\/wp52\\\/wp-content\\\/uploads\\\/2010\\\/08\\\/Sarmizegetusa.jpg\",\"width\":\"303\",\"height\":\"172\"},{\"@type\":\"BreadcrumbList\",\"@id\":\"https:\\\/\\\/www.lovendal.ro\\\/wp52\\\/sarmisegetuza-adevarata-capitala-a-daciei-sau-doar-o-capitala-spirituala\\\/#breadcrumb\",\"itemListElement\":[{\"@type\":\"ListItem\",\"position\":1,\"name\":\"Home\",\"item\":\"https:\\\/\\\/www.lovendal.ro\\\/wp52\\\/\"},{\"@type\":\"ListItem\",\"position\":2,\"name\":\"Sarmisegetuza, adev\u0103rata capital\u0103 a Daciei sau doar o &#8222;capital\u0103 spiritual\u0103&#8221;?\"}]},{\"@type\":\"WebSite\",\"@id\":\"https:\\\/\\\/www.lovendal.ro\\\/wp52\\\/#website\",\"url\":\"https:\\\/\\\/www.lovendal.ro\\\/wp52\\\/\",\"name\":\"Secretele lui Lovendal\",\"description\":\"Site de secrete, stiinta si metafizica - din 2008 -\",\"publisher\":{\"@id\":\"https:\\\/\\\/www.lovendal.ro\\\/wp52\\\/#organization\"},\"potentialAction\":[{\"@type\":\"SearchAction\",\"target\":{\"@type\":\"EntryPoint\",\"urlTemplate\":\"https:\\\/\\\/www.lovendal.ro\\\/wp52\\\/?s={search_term_string}\"},\"query-input\":{\"@type\":\"PropertyValueSpecification\",\"valueRequired\":true,\"valueName\":\"search_term_string\"}}],\"inLanguage\":\"ro-RO\"},{\"@type\":\"Organization\",\"@id\":\"https:\\\/\\\/www.lovendal.ro\\\/wp52\\\/#organization\",\"name\":\"Secretele lui Lovendal\",\"url\":\"https:\\\/\\\/www.lovendal.ro\\\/wp52\\\/\",\"logo\":{\"@type\":\"ImageObject\",\"inLanguage\":\"ro-RO\",\"@id\":\"https:\\\/\\\/www.lovendal.ro\\\/wp52\\\/#\\\/schema\\\/logo\\\/image\\\/\",\"url\":\"https:\\\/\\\/www.lovendal.ro\\\/wp52\\\/wp-content\\\/uploads\\\/2024\\\/06\\\/cropped-SLL-iun-2024-1.jpg\",\"contentUrl\":\"https:\\\/\\\/www.lovendal.ro\\\/wp52\\\/wp-content\\\/uploads\\\/2024\\\/06\\\/cropped-SLL-iun-2024-1.jpg\",\"width\":771,\"height\":240,\"caption\":\"Secretele lui Lovendal\"},\"image\":{\"@id\":\"https:\\\/\\\/www.lovendal.ro\\\/wp52\\\/#\\\/schema\\\/logo\\\/image\\\/\"},\"sameAs\":[\"https:\\\/\\\/www.facebook.com\\\/secreteleluilovendal\"]},{\"@type\":\"Person\",\"@id\":\"https:\\\/\\\/www.lovendal.ro\\\/wp52\\\/#\\\/schema\\\/person\\\/088691de5dfc346bb0c023e1e52ef5d9\",\"name\":\"admin\",\"image\":{\"@type\":\"ImageObject\",\"inLanguage\":\"ro-RO\",\"@id\":\"https:\\\/\\\/secure.gravatar.com\\\/avatar\\\/ecb9cd41f5f63c9c9b989999a59f6e2639a865ec361e9db054db0679a8f341c2?s=96&d=mm&r=g\",\"url\":\"https:\\\/\\\/secure.gravatar.com\\\/avatar\\\/ecb9cd41f5f63c9c9b989999a59f6e2639a865ec361e9db054db0679a8f341c2?s=96&d=mm&r=g\",\"contentUrl\":\"https:\\\/\\\/secure.gravatar.com\\\/avatar\\\/ecb9cd41f5f63c9c9b989999a59f6e2639a865ec361e9db054db0679a8f341c2?s=96&d=mm&r=g\",\"caption\":\"admin\"},\"sameAs\":[\"https:\\\/\\\/www.lovendal.ro\\\/wp52\"]}]}<\/script>\n<!-- \/ Yoast SEO Premium plugin. -->","yoast_head_json":{"title":"Sarmisegetuza, adev\u0103rata capital\u0103 a Daciei sau doar o \"capital\u0103 spiritual\u0103\"? - Secretele lui Lovendal","robots":{"index":"index","follow":"follow","max-snippet":"max-snippet:-1","max-image-preview":"max-image-preview:large","max-video-preview":"max-video-preview:-1"},"canonical":"https:\/\/www.lovendal.ro\/wp52\/sarmisegetuza-adevarata-capitala-a-daciei-sau-doar-o-capitala-spirituala\/","og_locale":"ro_RO","og_type":"article","og_title":"Sarmisegetuza, adev\u0103rata capital\u0103 a Daciei sau doar o \"capital\u0103 spiritual\u0103\"?","og_description":"Se vehiculeaz\u0103 tot mai mult din partea unor speciali\u015fti -mai ales \u00een ultimul timp &#8211; ideea c\u0103 Sarmisegetuza nu era adev\u0103rata capital\u0103 a Daciei; fie doar \u015fi pentru simplul motiv c\u0103, pe de o parte aceast\u0103 loca\u0163ie era \u00een mod ... Cititi mai multe","og_url":"https:\/\/www.lovendal.ro\/wp52\/sarmisegetuza-adevarata-capitala-a-daciei-sau-doar-o-capitala-spirituala\/","og_site_name":"Secretele lui Lovendal","article_publisher":"https:\/\/www.facebook.com\/secreteleluilovendal","article_published_time":"2010-08-14T13:49:16+00:00","og_image":[{"width":303,"height":172,"url":"https:\/\/www.lovendal.ro\/wp52\/wp-content\/uploads\/2010\/08\/Sarmizegetusa.jpg","type":"image\/jpeg"}],"author":"admin","twitter_card":"summary_large_image","twitter_misc":{"Scris de":"admin","Timp estimat pentru citire":"4 minute"},"schema":{"@context":"https:\/\/schema.org","@graph":[{"@type":"Article","@id":"https:\/\/www.lovendal.ro\/wp52\/sarmisegetuza-adevarata-capitala-a-daciei-sau-doar-o-capitala-spirituala\/#article","isPartOf":{"@id":"https:\/\/www.lovendal.ro\/wp52\/sarmisegetuza-adevarata-capitala-a-daciei-sau-doar-o-capitala-spirituala\/"},"author":{"name":"admin","@id":"https:\/\/www.lovendal.ro\/wp52\/#\/schema\/person\/088691de5dfc346bb0c023e1e52ef5d9"},"headline":"Sarmisegetuza, adev\u0103rata capital\u0103 a Daciei sau doar o &#8222;capital\u0103 spiritual\u0103&#8221;?","datePublished":"2010-08-14T13:49:16+00:00","mainEntityOfPage":{"@id":"https:\/\/www.lovendal.ro\/wp52\/sarmisegetuza-adevarata-capitala-a-daciei-sau-doar-o-capitala-spirituala\/"},"wordCount":711,"commentCount":51,"publisher":{"@id":"https:\/\/www.lovendal.ro\/wp52\/#organization"},"image":{"@id":"https:\/\/www.lovendal.ro\/wp52\/sarmisegetuza-adevarata-capitala-a-daciei-sau-doar-o-capitala-spirituala\/#primaryimage"},"thumbnailUrl":"https:\/\/www.lovendal.ro\/wp52\/wp-content\/uploads\/2010\/08\/Sarmizegetusa.jpg","keywords":["Dacia","Imperiul Roman","Istorie si Civilizatii","Sarmizegetusa"],"articleSection":["Istorie si Civilizatii"],"inLanguage":"ro-RO","potentialAction":[{"@type":"CommentAction","name":"Comment","target":["https:\/\/www.lovendal.ro\/wp52\/sarmisegetuza-adevarata-capitala-a-daciei-sau-doar-o-capitala-spirituala\/#respond"]}]},{"@type":"WebPage","@id":"https:\/\/www.lovendal.ro\/wp52\/sarmisegetuza-adevarata-capitala-a-daciei-sau-doar-o-capitala-spirituala\/","url":"https:\/\/www.lovendal.ro\/wp52\/sarmisegetuza-adevarata-capitala-a-daciei-sau-doar-o-capitala-spirituala\/","name":"Sarmisegetuza, adev\u0103rata capital\u0103 a Daciei sau doar o \"capital\u0103 spiritual\u0103\"? - Secretele lui Lovendal","isPartOf":{"@id":"https:\/\/www.lovendal.ro\/wp52\/#website"},"primaryImageOfPage":{"@id":"https:\/\/www.lovendal.ro\/wp52\/sarmisegetuza-adevarata-capitala-a-daciei-sau-doar-o-capitala-spirituala\/#primaryimage"},"image":{"@id":"https:\/\/www.lovendal.ro\/wp52\/sarmisegetuza-adevarata-capitala-a-daciei-sau-doar-o-capitala-spirituala\/#primaryimage"},"thumbnailUrl":"https:\/\/www.lovendal.ro\/wp52\/wp-content\/uploads\/2010\/08\/Sarmizegetusa.jpg","datePublished":"2010-08-14T13:49:16+00:00","breadcrumb":{"@id":"https:\/\/www.lovendal.ro\/wp52\/sarmisegetuza-adevarata-capitala-a-daciei-sau-doar-o-capitala-spirituala\/#breadcrumb"},"inLanguage":"ro-RO","potentialAction":[{"@type":"ReadAction","target":["https:\/\/www.lovendal.ro\/wp52\/sarmisegetuza-adevarata-capitala-a-daciei-sau-doar-o-capitala-spirituala\/"]}]},{"@type":"ImageObject","inLanguage":"ro-RO","@id":"https:\/\/www.lovendal.ro\/wp52\/sarmisegetuza-adevarata-capitala-a-daciei-sau-doar-o-capitala-spirituala\/#primaryimage","url":"https:\/\/www.lovendal.ro\/wp52\/wp-content\/uploads\/2010\/08\/Sarmizegetusa.jpg","contentUrl":"https:\/\/www.lovendal.ro\/wp52\/wp-content\/uploads\/2010\/08\/Sarmizegetusa.jpg","width":"303","height":"172"},{"@type":"BreadcrumbList","@id":"https:\/\/www.lovendal.ro\/wp52\/sarmisegetuza-adevarata-capitala-a-daciei-sau-doar-o-capitala-spirituala\/#breadcrumb","itemListElement":[{"@type":"ListItem","position":1,"name":"Home","item":"https:\/\/www.lovendal.ro\/wp52\/"},{"@type":"ListItem","position":2,"name":"Sarmisegetuza, adev\u0103rata capital\u0103 a Daciei sau doar o &#8222;capital\u0103 spiritual\u0103&#8221;?"}]},{"@type":"WebSite","@id":"https:\/\/www.lovendal.ro\/wp52\/#website","url":"https:\/\/www.lovendal.ro\/wp52\/","name":"Secretele lui Lovendal","description":"Site de secrete, stiinta si metafizica - din 2008 -","publisher":{"@id":"https:\/\/www.lovendal.ro\/wp52\/#organization"},"potentialAction":[{"@type":"SearchAction","target":{"@type":"EntryPoint","urlTemplate":"https:\/\/www.lovendal.ro\/wp52\/?s={search_term_string}"},"query-input":{"@type":"PropertyValueSpecification","valueRequired":true,"valueName":"search_term_string"}}],"inLanguage":"ro-RO"},{"@type":"Organization","@id":"https:\/\/www.lovendal.ro\/wp52\/#organization","name":"Secretele lui Lovendal","url":"https:\/\/www.lovendal.ro\/wp52\/","logo":{"@type":"ImageObject","inLanguage":"ro-RO","@id":"https:\/\/www.lovendal.ro\/wp52\/#\/schema\/logo\/image\/","url":"https:\/\/www.lovendal.ro\/wp52\/wp-content\/uploads\/2024\/06\/cropped-SLL-iun-2024-1.jpg","contentUrl":"https:\/\/www.lovendal.ro\/wp52\/wp-content\/uploads\/2024\/06\/cropped-SLL-iun-2024-1.jpg","width":771,"height":240,"caption":"Secretele lui Lovendal"},"image":{"@id":"https:\/\/www.lovendal.ro\/wp52\/#\/schema\/logo\/image\/"},"sameAs":["https:\/\/www.facebook.com\/secreteleluilovendal"]},{"@type":"Person","@id":"https:\/\/www.lovendal.ro\/wp52\/#\/schema\/person\/088691de5dfc346bb0c023e1e52ef5d9","name":"admin","image":{"@type":"ImageObject","inLanguage":"ro-RO","@id":"https:\/\/secure.gravatar.com\/avatar\/ecb9cd41f5f63c9c9b989999a59f6e2639a865ec361e9db054db0679a8f341c2?s=96&d=mm&r=g","url":"https:\/\/secure.gravatar.com\/avatar\/ecb9cd41f5f63c9c9b989999a59f6e2639a865ec361e9db054db0679a8f341c2?s=96&d=mm&r=g","contentUrl":"https:\/\/secure.gravatar.com\/avatar\/ecb9cd41f5f63c9c9b989999a59f6e2639a865ec361e9db054db0679a8f341c2?s=96&d=mm&r=g","caption":"admin"},"sameAs":["https:\/\/www.lovendal.ro\/wp52"]}]}},"_links":{"self":[{"href":"https:\/\/www.lovendal.ro\/wp52\/wp-json\/wp\/v2\/posts\/13821","targetHints":{"allow":["GET"]}}],"collection":[{"href":"https:\/\/www.lovendal.ro\/wp52\/wp-json\/wp\/v2\/posts"}],"about":[{"href":"https:\/\/www.lovendal.ro\/wp52\/wp-json\/wp\/v2\/types\/post"}],"author":[{"embeddable":true,"href":"https:\/\/www.lovendal.ro\/wp52\/wp-json\/wp\/v2\/users\/1"}],"replies":[{"embeddable":true,"href":"https:\/\/www.lovendal.ro\/wp52\/wp-json\/wp\/v2\/comments?post=13821"}],"version-history":[{"count":0,"href":"https:\/\/www.lovendal.ro\/wp52\/wp-json\/wp\/v2\/posts\/13821\/revisions"}],"wp:featuredmedia":[{"embeddable":true,"href":"https:\/\/www.lovendal.ro\/wp52\/wp-json\/wp\/v2\/media\/13822"}],"wp:attachment":[{"href":"https:\/\/www.lovendal.ro\/wp52\/wp-json\/wp\/v2\/media?parent=13821"}],"wp:term":[{"taxonomy":"category","embeddable":true,"href":"https:\/\/www.lovendal.ro\/wp52\/wp-json\/wp\/v2\/categories?post=13821"},{"taxonomy":"post_tag","embeddable":true,"href":"https:\/\/www.lovendal.ro\/wp52\/wp-json\/wp\/v2\/tags?post=13821"}],"curies":[{"name":"wp","href":"https:\/\/api.w.org\/{rel}","templated":true}]}}