{"id":13812,"date":"2010-08-14T11:58:17","date_gmt":"2010-08-14T08:58:17","guid":{"rendered":"http:\/\/www.lovendal.net\/wp52\/?p=13812"},"modified":"2010-08-14T11:58:17","modified_gmt":"2010-08-14T08:58:17","slug":"v-ati-intrebat-vreodata-de-ce-islamistii-extremisti-se-sinucid-in-atentate-teroriste","status":"publish","type":"post","link":"https:\/\/www.lovendal.ro\/wp52\/v-ati-intrebat-vreodata-de-ce-islamistii-extremisti-se-sinucid-in-atentate-teroriste\/","title":{"rendered":"V-a\u0163i \u00eentrebat vreodat\u0103 de ce islami\u015ftii extremi\u015fti se sinucid \u00een atentate teroriste?"},"content":{"rendered":"<p><a href=\"https:\/\/www.lovendal.ro\/wp52\/wp-content\/uploads\/2010\/08\/asasini-musulmani.jpg\"><img loading=\"lazy\" decoding=\"async\" class=\"alignleft size-full wp-image-13813\" title=\"asasini musulmani\" src=\"https:\/\/www.lovendal.ro\/wp52\/wp-content\/uploads\/2010\/08\/asasini-musulmani.jpg\" alt=\"asasini musulmani\" width=\"284\" height=\"213\" \/><\/a>De\u015fi nu to\u0163i terori\u015ftii sunt islami\u015fti, totu\u015fi, marea majoritate a lor provin din r\u00e2ndul credincio\u015filor lui Allah. Ceea ce surprinde la ace\u015fti extremi\u015fti e u\u015furin\u0163a cu care unii dintre ei se sinucid (de obicei, detoneaz\u0103 bombe) pentru a \u00eenf\u0103ptui atentatele teroriste. Mor \u015fi ei, dar mor \u015fi &#8222;du\u015fmanii lui Allah&#8221;. De unde provine aceast\u0103 \u00eend\u00e2rjire? Din istorie, bine\u00een\u0163eles&#8230;<\/p>\n<p>Primul care s-a folosit de metoda ce o voi descrie mai jos a fost Hassan Sabbah (1050-1124), un personaj fascinant, mistic \u015fi feroce. El \u00ee\u015fi instal\u0103 centrul la sud-est de Caspica, \u00een fort\u0103rea\u0163a Alamut. Aici, Sabbah se \u00eenconjura de acoli\u0163ii s\u0103i, acei &#8222;fedaini&#8221;, adic\u0103 credincio\u015fi p\u00e2n\u0103 la moarte, pe care \u00eei folosea ca s\u0103 s\u0103v\u00e2r\u015feasc\u0103 asasinatele lui politice, \u00een numele &#8222;jihad&#8221;-ului, a\u015fa-zisul r\u0103zboi sf\u00e2nt.<\/p>\n<p>Sabbah descoperise o modalitate \u00eenfior\u0103toare de a-i face pe cavalerii s\u0103i foarte fideli p\u00e2n\u0103 la ultimul sacrificiu, adev\u0103rate ma\u015fini de r\u0103zboi invincibile. \u00cei ducea c\u0103\u0163\u0103r\u00e2ndu-i \u00eenc\u0103 de mici \u00een timpul somnului p\u00e2n\u0103 \u00een v\u00e2rful fort\u0103re\u0163ei, le biciuia nervii cu desf\u0103t\u0103ri, vin, femei, flori, banchete de\u015f\u0103n\u0163ate, le lua min\u0163ile cu ha\u015fi\u015f. Iar c\u00e2nd nu mai puteau renun\u0163a la deliciile perverse ale acelei n\u0103scociri de Paradis, \u00eei smulgea din somnul lor \u015fi-i punea \u00een fa\u0163a acestei alternative: du-te \u015fi ucide, dac\u0103 reu\u015fe\u015fti, acest Rai pe care-l la\u015fi va fi din nou al t\u0103u pentru totdeauna, dac\u0103 e\u015fuezi, cazi din nou \u00een gheena de fiecare zi.<\/p>\n<p>Iar \u0103ia, z\u0103p\u0103ci\u0163i de drog, supu\u015fi voin\u0163ei lui, \u00ee\u015fi sacrificau vie\u0163ile f\u0103r\u0103 s\u0103 priveasc\u0103 vreodat\u0103 \u00een urm\u0103&#8230;<\/p>\n","protected":false},"excerpt":{"rendered":"<p>De\u015fi nu to\u0163i terori\u015ftii sunt islami\u015fti, totu\u015fi, marea majoritate a lor provin din r\u00e2ndul credincio\u015filor lui Allah. Ceea ce surprinde la ace\u015fti extremi\u015fti e u\u015furin\u0163a cu care unii dintre ei se sinucid (de obicei, detoneaz\u0103 bombe) pentru a \u00eenf\u0103ptui atentatele &#8230; <\/p>\n<p class=\"read-more-container\"><a title=\"V-a\u0163i \u00eentrebat vreodat\u0103 de ce islami\u015ftii extremi\u015fti se sinucid \u00een atentate teroriste?\" class=\"read-more button\" href=\"https:\/\/www.lovendal.ro\/wp52\/v-ati-intrebat-vreodata-de-ce-islamistii-extremisti-se-sinucid-in-atentate-teroriste\/#more-13812\" aria-label=\"Cite\u0219te mai multe despre V-a\u0163i \u00eentrebat vreodat\u0103 de ce islami\u015ftii extremi\u015fti se sinucid \u00een atentate teroriste?\">Cititi mai multe<\/a><\/p>\n","protected":false},"author":1,"featured_media":13813,"comment_status":"open","ping_status":"closed","sticky":false,"template":"","format":"standard","meta":{"footnotes":""},"categories":[9],"tags":[3426,270,1532,880,1926,681,524],"class_list":["post-13812","post","type-post","status-publish","format-standard","has-post-thumbnail","hentry","category-istorie","tag-hassan-sabbah","tag-islamism","tag-istorie-si-civilizatii","tag-musulmani","tag-paradis","tag-sinucidere","tag-terorism","resize-featured-image"],"yoast_head":"<!-- This site is optimized with the Yoast SEO Premium plugin v23.3 (Yoast SEO v27.4) - https:\/\/yoast.com\/product\/yoast-seo-premium-wordpress\/ -->\n<title>V-a\u0163i \u00eentrebat vreodat\u0103 de ce islami\u015ftii extremi\u015fti se sinucid \u00een atentate teroriste? - Secretele lui Lovendal<\/title>\n<meta name=\"robots\" content=\"index, follow, max-snippet:-1, max-image-preview:large, max-video-preview:-1\" \/>\n<link rel=\"canonical\" href=\"https:\/\/www.lovendal.ro\/wp52\/v-ati-intrebat-vreodata-de-ce-islamistii-extremisti-se-sinucid-in-atentate-teroriste\/\" \/>\n<meta property=\"og:locale\" content=\"ro_RO\" \/>\n<meta property=\"og:type\" content=\"article\" \/>\n<meta property=\"og:title\" content=\"V-a\u0163i \u00eentrebat vreodat\u0103 de ce islami\u015ftii extremi\u015fti se sinucid \u00een atentate teroriste?\" \/>\n<meta property=\"og:description\" content=\"De\u015fi nu to\u0163i terori\u015ftii sunt islami\u015fti, totu\u015fi, marea majoritate a lor provin din r\u00e2ndul credincio\u015filor lui Allah. Ceea ce surprinde la ace\u015fti extremi\u015fti e u\u015furin\u0163a cu care unii dintre ei se sinucid (de obicei, detoneaz\u0103 bombe) pentru a \u00eenf\u0103ptui atentatele ... Cititi mai multe\" \/>\n<meta property=\"og:url\" content=\"https:\/\/www.lovendal.ro\/wp52\/v-ati-intrebat-vreodata-de-ce-islamistii-extremisti-se-sinucid-in-atentate-teroriste\/\" \/>\n<meta property=\"og:site_name\" content=\"Secretele lui Lovendal\" \/>\n<meta property=\"article:publisher\" content=\"https:\/\/www.facebook.com\/secreteleluilovendal\" \/>\n<meta property=\"article:published_time\" content=\"2010-08-14T08:58:17+00:00\" \/>\n<meta property=\"og:image\" content=\"https:\/\/www.lovendal.ro\/wp52\/wp-content\/uploads\/2010\/08\/asasini-musulmani.jpg\" \/>\n\t<meta property=\"og:image:width\" content=\"284\" \/>\n\t<meta property=\"og:image:height\" content=\"213\" \/>\n\t<meta property=\"og:image:type\" content=\"image\/jpeg\" \/>\n<meta name=\"author\" content=\"admin\" \/>\n<meta name=\"twitter:card\" content=\"summary_large_image\" \/>\n<meta name=\"twitter:label1\" content=\"Scris de\" \/>\n\t<meta name=\"twitter:data1\" content=\"admin\" \/>\n\t<meta name=\"twitter:label2\" content=\"Timp estimat pentru citire\" \/>\n\t<meta name=\"twitter:data2\" content=\"2 minute\" \/>\n<script type=\"application\/ld+json\" class=\"yoast-schema-graph\">{\"@context\":\"https:\\\/\\\/schema.org\",\"@graph\":[{\"@type\":\"Article\",\"@id\":\"https:\\\/\\\/www.lovendal.ro\\\/wp52\\\/v-ati-intrebat-vreodata-de-ce-islamistii-extremisti-se-sinucid-in-atentate-teroriste\\\/#article\",\"isPartOf\":{\"@id\":\"https:\\\/\\\/www.lovendal.ro\\\/wp52\\\/v-ati-intrebat-vreodata-de-ce-islamistii-extremisti-se-sinucid-in-atentate-teroriste\\\/\"},\"author\":{\"name\":\"admin\",\"@id\":\"https:\\\/\\\/www.lovendal.ro\\\/wp52\\\/#\\\/schema\\\/person\\\/088691de5dfc346bb0c023e1e52ef5d9\"},\"headline\":\"V-a\u0163i \u00eentrebat vreodat\u0103 de ce islami\u015ftii extremi\u015fti se sinucid \u00een atentate teroriste?\",\"datePublished\":\"2010-08-14T08:58:17+00:00\",\"mainEntityOfPage\":{\"@id\":\"https:\\\/\\\/www.lovendal.ro\\\/wp52\\\/v-ati-intrebat-vreodata-de-ce-islamistii-extremisti-se-sinucid-in-atentate-teroriste\\\/\"},\"wordCount\":320,\"commentCount\":20,\"publisher\":{\"@id\":\"https:\\\/\\\/www.lovendal.ro\\\/wp52\\\/#organization\"},\"image\":{\"@id\":\"https:\\\/\\\/www.lovendal.ro\\\/wp52\\\/v-ati-intrebat-vreodata-de-ce-islamistii-extremisti-se-sinucid-in-atentate-teroriste\\\/#primaryimage\"},\"thumbnailUrl\":\"https:\\\/\\\/www.lovendal.ro\\\/wp52\\\/wp-content\\\/uploads\\\/2010\\\/08\\\/asasini-musulmani.jpg\",\"keywords\":[\"Hassan Sabbah\",\"islamism\",\"Istorie si Civilizatii\",\"musulmani\",\"paradis\",\"sinucidere\",\"terorism\"],\"articleSection\":[\"Istorie si Civilizatii\"],\"inLanguage\":\"ro-RO\",\"potentialAction\":[{\"@type\":\"CommentAction\",\"name\":\"Comment\",\"target\":[\"https:\\\/\\\/www.lovendal.ro\\\/wp52\\\/v-ati-intrebat-vreodata-de-ce-islamistii-extremisti-se-sinucid-in-atentate-teroriste\\\/#respond\"]}]},{\"@type\":\"WebPage\",\"@id\":\"https:\\\/\\\/www.lovendal.ro\\\/wp52\\\/v-ati-intrebat-vreodata-de-ce-islamistii-extremisti-se-sinucid-in-atentate-teroriste\\\/\",\"url\":\"https:\\\/\\\/www.lovendal.ro\\\/wp52\\\/v-ati-intrebat-vreodata-de-ce-islamistii-extremisti-se-sinucid-in-atentate-teroriste\\\/\",\"name\":\"V-a\u0163i \u00eentrebat vreodat\u0103 de ce islami\u015ftii extremi\u015fti se sinucid \u00een atentate teroriste? - Secretele lui Lovendal\",\"isPartOf\":{\"@id\":\"https:\\\/\\\/www.lovendal.ro\\\/wp52\\\/#website\"},\"primaryImageOfPage\":{\"@id\":\"https:\\\/\\\/www.lovendal.ro\\\/wp52\\\/v-ati-intrebat-vreodata-de-ce-islamistii-extremisti-se-sinucid-in-atentate-teroriste\\\/#primaryimage\"},\"image\":{\"@id\":\"https:\\\/\\\/www.lovendal.ro\\\/wp52\\\/v-ati-intrebat-vreodata-de-ce-islamistii-extremisti-se-sinucid-in-atentate-teroriste\\\/#primaryimage\"},\"thumbnailUrl\":\"https:\\\/\\\/www.lovendal.ro\\\/wp52\\\/wp-content\\\/uploads\\\/2010\\\/08\\\/asasini-musulmani.jpg\",\"datePublished\":\"2010-08-14T08:58:17+00:00\",\"breadcrumb\":{\"@id\":\"https:\\\/\\\/www.lovendal.ro\\\/wp52\\\/v-ati-intrebat-vreodata-de-ce-islamistii-extremisti-se-sinucid-in-atentate-teroriste\\\/#breadcrumb\"},\"inLanguage\":\"ro-RO\",\"potentialAction\":[{\"@type\":\"ReadAction\",\"target\":[\"https:\\\/\\\/www.lovendal.ro\\\/wp52\\\/v-ati-intrebat-vreodata-de-ce-islamistii-extremisti-se-sinucid-in-atentate-teroriste\\\/\"]}]},{\"@type\":\"ImageObject\",\"inLanguage\":\"ro-RO\",\"@id\":\"https:\\\/\\\/www.lovendal.ro\\\/wp52\\\/v-ati-intrebat-vreodata-de-ce-islamistii-extremisti-se-sinucid-in-atentate-teroriste\\\/#primaryimage\",\"url\":\"https:\\\/\\\/www.lovendal.ro\\\/wp52\\\/wp-content\\\/uploads\\\/2010\\\/08\\\/asasini-musulmani.jpg\",\"contentUrl\":\"https:\\\/\\\/www.lovendal.ro\\\/wp52\\\/wp-content\\\/uploads\\\/2010\\\/08\\\/asasini-musulmani.jpg\",\"width\":\"284\",\"height\":\"213\"},{\"@type\":\"BreadcrumbList\",\"@id\":\"https:\\\/\\\/www.lovendal.ro\\\/wp52\\\/v-ati-intrebat-vreodata-de-ce-islamistii-extremisti-se-sinucid-in-atentate-teroriste\\\/#breadcrumb\",\"itemListElement\":[{\"@type\":\"ListItem\",\"position\":1,\"name\":\"Home\",\"item\":\"https:\\\/\\\/www.lovendal.ro\\\/wp52\\\/\"},{\"@type\":\"ListItem\",\"position\":2,\"name\":\"V-a\u0163i \u00eentrebat vreodat\u0103 de ce islami\u015ftii extremi\u015fti se sinucid \u00een atentate teroriste?\"}]},{\"@type\":\"WebSite\",\"@id\":\"https:\\\/\\\/www.lovendal.ro\\\/wp52\\\/#website\",\"url\":\"https:\\\/\\\/www.lovendal.ro\\\/wp52\\\/\",\"name\":\"Secretele lui Lovendal\",\"description\":\"Site de secrete, stiinta si metafizica - din 2008 -\",\"publisher\":{\"@id\":\"https:\\\/\\\/www.lovendal.ro\\\/wp52\\\/#organization\"},\"potentialAction\":[{\"@type\":\"SearchAction\",\"target\":{\"@type\":\"EntryPoint\",\"urlTemplate\":\"https:\\\/\\\/www.lovendal.ro\\\/wp52\\\/?s={search_term_string}\"},\"query-input\":{\"@type\":\"PropertyValueSpecification\",\"valueRequired\":true,\"valueName\":\"search_term_string\"}}],\"inLanguage\":\"ro-RO\"},{\"@type\":\"Organization\",\"@id\":\"https:\\\/\\\/www.lovendal.ro\\\/wp52\\\/#organization\",\"name\":\"Secretele lui Lovendal\",\"url\":\"https:\\\/\\\/www.lovendal.ro\\\/wp52\\\/\",\"logo\":{\"@type\":\"ImageObject\",\"inLanguage\":\"ro-RO\",\"@id\":\"https:\\\/\\\/www.lovendal.ro\\\/wp52\\\/#\\\/schema\\\/logo\\\/image\\\/\",\"url\":\"https:\\\/\\\/www.lovendal.ro\\\/wp52\\\/wp-content\\\/uploads\\\/2024\\\/06\\\/cropped-SLL-iun-2024-1.jpg\",\"contentUrl\":\"https:\\\/\\\/www.lovendal.ro\\\/wp52\\\/wp-content\\\/uploads\\\/2024\\\/06\\\/cropped-SLL-iun-2024-1.jpg\",\"width\":771,\"height\":240,\"caption\":\"Secretele lui Lovendal\"},\"image\":{\"@id\":\"https:\\\/\\\/www.lovendal.ro\\\/wp52\\\/#\\\/schema\\\/logo\\\/image\\\/\"},\"sameAs\":[\"https:\\\/\\\/www.facebook.com\\\/secreteleluilovendal\"]},{\"@type\":\"Person\",\"@id\":\"https:\\\/\\\/www.lovendal.ro\\\/wp52\\\/#\\\/schema\\\/person\\\/088691de5dfc346bb0c023e1e52ef5d9\",\"name\":\"admin\",\"image\":{\"@type\":\"ImageObject\",\"inLanguage\":\"ro-RO\",\"@id\":\"https:\\\/\\\/secure.gravatar.com\\\/avatar\\\/ecb9cd41f5f63c9c9b989999a59f6e2639a865ec361e9db054db0679a8f341c2?s=96&d=mm&r=g\",\"url\":\"https:\\\/\\\/secure.gravatar.com\\\/avatar\\\/ecb9cd41f5f63c9c9b989999a59f6e2639a865ec361e9db054db0679a8f341c2?s=96&d=mm&r=g\",\"contentUrl\":\"https:\\\/\\\/secure.gravatar.com\\\/avatar\\\/ecb9cd41f5f63c9c9b989999a59f6e2639a865ec361e9db054db0679a8f341c2?s=96&d=mm&r=g\",\"caption\":\"admin\"},\"sameAs\":[\"https:\\\/\\\/www.lovendal.ro\\\/wp52\"]}]}<\/script>\n<!-- \/ Yoast SEO Premium plugin. -->","yoast_head_json":{"title":"V-a\u0163i \u00eentrebat vreodat\u0103 de ce islami\u015ftii extremi\u015fti se sinucid \u00een atentate teroriste? - Secretele lui Lovendal","robots":{"index":"index","follow":"follow","max-snippet":"max-snippet:-1","max-image-preview":"max-image-preview:large","max-video-preview":"max-video-preview:-1"},"canonical":"https:\/\/www.lovendal.ro\/wp52\/v-ati-intrebat-vreodata-de-ce-islamistii-extremisti-se-sinucid-in-atentate-teroriste\/","og_locale":"ro_RO","og_type":"article","og_title":"V-a\u0163i \u00eentrebat vreodat\u0103 de ce islami\u015ftii extremi\u015fti se sinucid \u00een atentate teroriste?","og_description":"De\u015fi nu to\u0163i terori\u015ftii sunt islami\u015fti, totu\u015fi, marea majoritate a lor provin din r\u00e2ndul credincio\u015filor lui Allah. Ceea ce surprinde la ace\u015fti extremi\u015fti e u\u015furin\u0163a cu care unii dintre ei se sinucid (de obicei, detoneaz\u0103 bombe) pentru a \u00eenf\u0103ptui atentatele ... Cititi mai multe","og_url":"https:\/\/www.lovendal.ro\/wp52\/v-ati-intrebat-vreodata-de-ce-islamistii-extremisti-se-sinucid-in-atentate-teroriste\/","og_site_name":"Secretele lui Lovendal","article_publisher":"https:\/\/www.facebook.com\/secreteleluilovendal","article_published_time":"2010-08-14T08:58:17+00:00","og_image":[{"width":284,"height":213,"url":"https:\/\/www.lovendal.ro\/wp52\/wp-content\/uploads\/2010\/08\/asasini-musulmani.jpg","type":"image\/jpeg"}],"author":"admin","twitter_card":"summary_large_image","twitter_misc":{"Scris de":"admin","Timp estimat pentru citire":"2 minute"},"schema":{"@context":"https:\/\/schema.org","@graph":[{"@type":"Article","@id":"https:\/\/www.lovendal.ro\/wp52\/v-ati-intrebat-vreodata-de-ce-islamistii-extremisti-se-sinucid-in-atentate-teroriste\/#article","isPartOf":{"@id":"https:\/\/www.lovendal.ro\/wp52\/v-ati-intrebat-vreodata-de-ce-islamistii-extremisti-se-sinucid-in-atentate-teroriste\/"},"author":{"name":"admin","@id":"https:\/\/www.lovendal.ro\/wp52\/#\/schema\/person\/088691de5dfc346bb0c023e1e52ef5d9"},"headline":"V-a\u0163i \u00eentrebat vreodat\u0103 de ce islami\u015ftii extremi\u015fti se sinucid \u00een atentate teroriste?","datePublished":"2010-08-14T08:58:17+00:00","mainEntityOfPage":{"@id":"https:\/\/www.lovendal.ro\/wp52\/v-ati-intrebat-vreodata-de-ce-islamistii-extremisti-se-sinucid-in-atentate-teroriste\/"},"wordCount":320,"commentCount":20,"publisher":{"@id":"https:\/\/www.lovendal.ro\/wp52\/#organization"},"image":{"@id":"https:\/\/www.lovendal.ro\/wp52\/v-ati-intrebat-vreodata-de-ce-islamistii-extremisti-se-sinucid-in-atentate-teroriste\/#primaryimage"},"thumbnailUrl":"https:\/\/www.lovendal.ro\/wp52\/wp-content\/uploads\/2010\/08\/asasini-musulmani.jpg","keywords":["Hassan Sabbah","islamism","Istorie si Civilizatii","musulmani","paradis","sinucidere","terorism"],"articleSection":["Istorie si Civilizatii"],"inLanguage":"ro-RO","potentialAction":[{"@type":"CommentAction","name":"Comment","target":["https:\/\/www.lovendal.ro\/wp52\/v-ati-intrebat-vreodata-de-ce-islamistii-extremisti-se-sinucid-in-atentate-teroriste\/#respond"]}]},{"@type":"WebPage","@id":"https:\/\/www.lovendal.ro\/wp52\/v-ati-intrebat-vreodata-de-ce-islamistii-extremisti-se-sinucid-in-atentate-teroriste\/","url":"https:\/\/www.lovendal.ro\/wp52\/v-ati-intrebat-vreodata-de-ce-islamistii-extremisti-se-sinucid-in-atentate-teroriste\/","name":"V-a\u0163i \u00eentrebat vreodat\u0103 de ce islami\u015ftii extremi\u015fti se sinucid \u00een atentate teroriste? - Secretele lui Lovendal","isPartOf":{"@id":"https:\/\/www.lovendal.ro\/wp52\/#website"},"primaryImageOfPage":{"@id":"https:\/\/www.lovendal.ro\/wp52\/v-ati-intrebat-vreodata-de-ce-islamistii-extremisti-se-sinucid-in-atentate-teroriste\/#primaryimage"},"image":{"@id":"https:\/\/www.lovendal.ro\/wp52\/v-ati-intrebat-vreodata-de-ce-islamistii-extremisti-se-sinucid-in-atentate-teroriste\/#primaryimage"},"thumbnailUrl":"https:\/\/www.lovendal.ro\/wp52\/wp-content\/uploads\/2010\/08\/asasini-musulmani.jpg","datePublished":"2010-08-14T08:58:17+00:00","breadcrumb":{"@id":"https:\/\/www.lovendal.ro\/wp52\/v-ati-intrebat-vreodata-de-ce-islamistii-extremisti-se-sinucid-in-atentate-teroriste\/#breadcrumb"},"inLanguage":"ro-RO","potentialAction":[{"@type":"ReadAction","target":["https:\/\/www.lovendal.ro\/wp52\/v-ati-intrebat-vreodata-de-ce-islamistii-extremisti-se-sinucid-in-atentate-teroriste\/"]}]},{"@type":"ImageObject","inLanguage":"ro-RO","@id":"https:\/\/www.lovendal.ro\/wp52\/v-ati-intrebat-vreodata-de-ce-islamistii-extremisti-se-sinucid-in-atentate-teroriste\/#primaryimage","url":"https:\/\/www.lovendal.ro\/wp52\/wp-content\/uploads\/2010\/08\/asasini-musulmani.jpg","contentUrl":"https:\/\/www.lovendal.ro\/wp52\/wp-content\/uploads\/2010\/08\/asasini-musulmani.jpg","width":"284","height":"213"},{"@type":"BreadcrumbList","@id":"https:\/\/www.lovendal.ro\/wp52\/v-ati-intrebat-vreodata-de-ce-islamistii-extremisti-se-sinucid-in-atentate-teroriste\/#breadcrumb","itemListElement":[{"@type":"ListItem","position":1,"name":"Home","item":"https:\/\/www.lovendal.ro\/wp52\/"},{"@type":"ListItem","position":2,"name":"V-a\u0163i \u00eentrebat vreodat\u0103 de ce islami\u015ftii extremi\u015fti se sinucid \u00een atentate teroriste?"}]},{"@type":"WebSite","@id":"https:\/\/www.lovendal.ro\/wp52\/#website","url":"https:\/\/www.lovendal.ro\/wp52\/","name":"Secretele lui Lovendal","description":"Site de secrete, stiinta si metafizica - din 2008 -","publisher":{"@id":"https:\/\/www.lovendal.ro\/wp52\/#organization"},"potentialAction":[{"@type":"SearchAction","target":{"@type":"EntryPoint","urlTemplate":"https:\/\/www.lovendal.ro\/wp52\/?s={search_term_string}"},"query-input":{"@type":"PropertyValueSpecification","valueRequired":true,"valueName":"search_term_string"}}],"inLanguage":"ro-RO"},{"@type":"Organization","@id":"https:\/\/www.lovendal.ro\/wp52\/#organization","name":"Secretele lui Lovendal","url":"https:\/\/www.lovendal.ro\/wp52\/","logo":{"@type":"ImageObject","inLanguage":"ro-RO","@id":"https:\/\/www.lovendal.ro\/wp52\/#\/schema\/logo\/image\/","url":"https:\/\/www.lovendal.ro\/wp52\/wp-content\/uploads\/2024\/06\/cropped-SLL-iun-2024-1.jpg","contentUrl":"https:\/\/www.lovendal.ro\/wp52\/wp-content\/uploads\/2024\/06\/cropped-SLL-iun-2024-1.jpg","width":771,"height":240,"caption":"Secretele lui Lovendal"},"image":{"@id":"https:\/\/www.lovendal.ro\/wp52\/#\/schema\/logo\/image\/"},"sameAs":["https:\/\/www.facebook.com\/secreteleluilovendal"]},{"@type":"Person","@id":"https:\/\/www.lovendal.ro\/wp52\/#\/schema\/person\/088691de5dfc346bb0c023e1e52ef5d9","name":"admin","image":{"@type":"ImageObject","inLanguage":"ro-RO","@id":"https:\/\/secure.gravatar.com\/avatar\/ecb9cd41f5f63c9c9b989999a59f6e2639a865ec361e9db054db0679a8f341c2?s=96&d=mm&r=g","url":"https:\/\/secure.gravatar.com\/avatar\/ecb9cd41f5f63c9c9b989999a59f6e2639a865ec361e9db054db0679a8f341c2?s=96&d=mm&r=g","contentUrl":"https:\/\/secure.gravatar.com\/avatar\/ecb9cd41f5f63c9c9b989999a59f6e2639a865ec361e9db054db0679a8f341c2?s=96&d=mm&r=g","caption":"admin"},"sameAs":["https:\/\/www.lovendal.ro\/wp52"]}]}},"_links":{"self":[{"href":"https:\/\/www.lovendal.ro\/wp52\/wp-json\/wp\/v2\/posts\/13812","targetHints":{"allow":["GET"]}}],"collection":[{"href":"https:\/\/www.lovendal.ro\/wp52\/wp-json\/wp\/v2\/posts"}],"about":[{"href":"https:\/\/www.lovendal.ro\/wp52\/wp-json\/wp\/v2\/types\/post"}],"author":[{"embeddable":true,"href":"https:\/\/www.lovendal.ro\/wp52\/wp-json\/wp\/v2\/users\/1"}],"replies":[{"embeddable":true,"href":"https:\/\/www.lovendal.ro\/wp52\/wp-json\/wp\/v2\/comments?post=13812"}],"version-history":[{"count":0,"href":"https:\/\/www.lovendal.ro\/wp52\/wp-json\/wp\/v2\/posts\/13812\/revisions"}],"wp:featuredmedia":[{"embeddable":true,"href":"https:\/\/www.lovendal.ro\/wp52\/wp-json\/wp\/v2\/media\/13813"}],"wp:attachment":[{"href":"https:\/\/www.lovendal.ro\/wp52\/wp-json\/wp\/v2\/media?parent=13812"}],"wp:term":[{"taxonomy":"category","embeddable":true,"href":"https:\/\/www.lovendal.ro\/wp52\/wp-json\/wp\/v2\/categories?post=13812"},{"taxonomy":"post_tag","embeddable":true,"href":"https:\/\/www.lovendal.ro\/wp52\/wp-json\/wp\/v2\/tags?post=13812"}],"curies":[{"name":"wp","href":"https:\/\/api.w.org\/{rel}","templated":true}]}}