{"id":13658,"date":"2010-08-04T06:56:14","date_gmt":"2010-08-04T03:56:14","guid":{"rendered":"http:\/\/www.lovendal.net\/wp52\/?p=13658"},"modified":"2010-08-04T06:56:14","modified_gmt":"2010-08-04T03:56:14","slug":"in-gaurile-negre-se-afla-cate-un-nou-univers-chiar-si-universul-nostru-e-o-gaura-neagra","status":"publish","type":"post","link":"https:\/\/www.lovendal.ro\/wp52\/in-gaurile-negre-se-afla-cate-un-nou-univers-chiar-si-universul-nostru-e-o-gaura-neagra\/","title":{"rendered":"\u00cen g\u0103urile negre se afl\u0103 c\u00e2te un nou Univers. Chiar \u015fi Universul nostru e o gaur\u0103 neagr\u0103?"},"content":{"rendered":"<p><span><a href=\"https:\/\/www.lovendal.ro\/wp52\/wp-content\/uploads\/2010\/08\/gaura-neagra-7.gif\"><img loading=\"lazy\" decoding=\"async\" class=\"alignleft size-full wp-image-13659\" title=\"gaura neagra 7\" src=\"https:\/\/www.lovendal.ro\/wp52\/wp-content\/uploads\/2010\/08\/gaura-neagra-7.gif\" alt=\"gaura neagra 7\" width=\"299\" height=\"230\" \/><\/a>\u00cen fiecare gaur\u0103 neagr\u0103 ar putea exista c\u00e2te un alt univers, conform unei ipoteze lansate de un astrofizician polonez, informeaz\u0103 cotidianul britanic <em>The Telegraph<\/em>.<\/p>\n<p>Pornind de la descoperirile lui Einstein \u015fi propun\u00e2nd o adaptare a Teoriei Generale a Relativit\u0103\u0163ii, astrofizicianul Nikodem Poplawski, profesor la Indiana University, Bloomington, a analizat mi\u015fcarea teoretic\u0103 a particulelor care p\u0103trund \u00eentr-o gaur\u0103 neagr\u0103. El a ajuns la concluzia c\u0103 \u00een centrul fiec\u0103rei g\u0103uri negre ar putea exista un alt univers, iar Universul nostru ar putea exista la r\u00e2ndul s\u0103u \u00een centrul unei g\u0103uri negre.<\/p>\n<p><em>\u201eEste posibil ca uria\u015fa gaur\u0103 neagr\u0103 din centrul galaxiei noastre, Calea Lactee, s\u0103 reprezinte un pod spre un alt univers\u201d<\/em>, a declarat astrofizicianul de origine polonez\u0103 pentru <em>New Scientist<\/em>.<\/p>\n<p>Explic\u00e2ndu-\u015fi ipoteza \u00een revista <em>Physics Letters B<\/em>, profesorul Poplawski sus\u0163ine c\u0103 a pornit \u00een demersul s\u0103u de la teoria gravita\u0163iei Einstein-Cartan-Kibble-Sciama (ECKS), \u00eencerc\u00e2nd s\u0103 analizeze comportamentul particulelor care ajung \u00een zona singularit\u0103\u0163ii din centrul unei g\u0103uri negre.<\/p>\n<p>Pornind de la aceste premise el a reu\u015fit calcularea matematic\u0103 a unei calit\u0103\u0163i a continuului spa\u0163iu-timp (substan\u0163a care formeaz\u0103 Universul conform lui Einstein) denumit\u0103 \u201etorsiune\u201d, o for\u0163\u0103 care se opune gravita\u0163iei. El sus\u0163ine c\u0103, \u00een loc ca materia s\u0103 ajung\u0103 la densitate infinit\u0103 \u00een singularitatea din centrul g\u0103urii negre, conform Teoriei Relativit\u0103\u0163ii, continuul spa\u0163iu-timp func\u0163ioneaz\u0103 ca un resort sau arc ce face ca materia s\u0103 se extind\u0103 continuu de cealalt\u0103 parte a g\u0103urii negre.<\/p>\n<p>Dr Poplawski explic\u0103 faptul c\u0103 acest efect de arc sau resort este rezultatul calit\u0103\u0163ii de torsiune a continuului spa\u0163iu-timp, imprim\u00e2nd o for\u0163\u0103 de respingere cel pu\u0163in egal\u0103 cu cea a atrac\u0163iei gravita\u0163ionale a g\u0103urii negre.<\/p>\n<p>Acest efect de torsiune \u015fi de expansiune a materiei aflat\u0103 \u00een singularitatea unei g\u0103uri negre ar explica, conform omului de \u015ftiin\u0163\u0103 polonez, faptul c\u0103 Universul este \u00een expansiune dar este \u015fi plat, omogen \u015fi izotropic.<\/p>\n<p>O astfel de teorie este extrem de greu de demonstrat cu mijloacele actuale. Totu\u015fi, conform lui Poplawski, dac\u0103 Universul nostru exist\u0103 \u00een interiorul singularit\u0103\u0163ii unei g\u0103uri negre care se \u00eenv\u00e2rte prin spa\u0163iu-timpul unui alt univers, aceast\u0103 mi\u015fcare de rota\u0163ie ar fi transmis\u0103 \u015fi asupra substan\u0163ei spa\u0163iu-timp care compune Universul nostru, ceea ce ar presupune c\u0103 Universul nostru ar avea o direc\u0163ie preferat\u0103 de expansiune &#8211; ceva ce astrofizicienii ar putea s\u0103 m\u0103soare. Ace\u015fti factori m\u0103surabili ar putea fi identifica\u0163i \u00een dezechilibrul \u00eentre materie \u015fi antimaterie sau \u00een felul \u00een care oscileaz\u0103 neutrinii, mai sus\u0163ine cercet\u0103torul polonez.<\/p>\n<p><strong><em>Sursa:<\/em> www.evenimentul.ro<\/strong><\/p>\n<p><\/span><\/p>\n","protected":false},"excerpt":{"rendered":"<p>\u00cen fiecare gaur\u0103 neagr\u0103 ar putea exista c\u00e2te un alt univers, conform unei ipoteze lansate de un astrofizician polonez, informeaz\u0103 cotidianul britanic The Telegraph. Pornind de la descoperirile lui Einstein \u015fi propun\u00e2nd o adaptare a Teoriei Generale a Relativit\u0103\u0163ii, astrofizicianul &#8230; <\/p>\n<p class=\"read-more-container\"><a title=\"\u00cen g\u0103urile negre se afl\u0103 c\u00e2te un nou Univers. Chiar \u015fi Universul nostru e o gaur\u0103 neagr\u0103?\" class=\"read-more button\" href=\"https:\/\/www.lovendal.ro\/wp52\/in-gaurile-negre-se-afla-cate-un-nou-univers-chiar-si-universul-nostru-e-o-gaura-neagra\/#more-13658\" aria-label=\"Cite\u0219te mai multe despre \u00cen g\u0103urile negre se afl\u0103 c\u00e2te un nou Univers. Chiar \u015fi Universul nostru e o gaur\u0103 neagr\u0103?\">Cititi mai multe<\/a><\/p>\n","protected":false},"author":1,"featured_media":13659,"comment_status":"open","ping_status":"closed","sticky":false,"template":"","format":"standard","meta":{"footnotes":""},"categories":[106],"tags":[102,1405,433,596,9803,1087],"class_list":["post-13658","post","type-post","status-publish","format-standard","has-post-thumbnail","hentry","category-stiinta","tag-astronomie","tag-calea-lactee","tag-galaxie","tag-gaura-neagra","tag-stiinta","tag-univers","resize-featured-image"],"yoast_head":"<!-- This site is optimized with the Yoast SEO Premium plugin v23.3 (Yoast SEO v27.4) - https:\/\/yoast.com\/product\/yoast-seo-premium-wordpress\/ -->\n<title>\u00cen g\u0103urile negre se afl\u0103 c\u00e2te un nou Univers. Chiar \u015fi Universul nostru e o gaur\u0103 neagr\u0103? - Secretele lui Lovendal<\/title>\n<meta name=\"robots\" content=\"index, follow, max-snippet:-1, max-image-preview:large, max-video-preview:-1\" \/>\n<link rel=\"canonical\" href=\"https:\/\/www.lovendal.ro\/wp52\/in-gaurile-negre-se-afla-cate-un-nou-univers-chiar-si-universul-nostru-e-o-gaura-neagra\/\" \/>\n<meta property=\"og:locale\" content=\"ro_RO\" \/>\n<meta property=\"og:type\" content=\"article\" \/>\n<meta property=\"og:title\" content=\"\u00cen g\u0103urile negre se afl\u0103 c\u00e2te un nou Univers. Chiar \u015fi Universul nostru e o gaur\u0103 neagr\u0103?\" \/>\n<meta property=\"og:description\" content=\"\u00cen fiecare gaur\u0103 neagr\u0103 ar putea exista c\u00e2te un alt univers, conform unei ipoteze lansate de un astrofizician polonez, informeaz\u0103 cotidianul britanic The Telegraph. Pornind de la descoperirile lui Einstein \u015fi propun\u00e2nd o adaptare a Teoriei Generale a Relativit\u0103\u0163ii, astrofizicianul ... Cititi mai multe\" \/>\n<meta property=\"og:url\" content=\"https:\/\/www.lovendal.ro\/wp52\/in-gaurile-negre-se-afla-cate-un-nou-univers-chiar-si-universul-nostru-e-o-gaura-neagra\/\" \/>\n<meta property=\"og:site_name\" content=\"Secretele lui Lovendal\" \/>\n<meta property=\"article:publisher\" content=\"https:\/\/www.facebook.com\/secreteleluilovendal\" \/>\n<meta property=\"article:published_time\" content=\"2010-08-04T03:56:14+00:00\" \/>\n<meta property=\"og:image\" content=\"https:\/\/www.lovendal.ro\/wp52\/wp-content\/uploads\/2010\/08\/gaura-neagra-7.gif\" \/>\n\t<meta property=\"og:image:width\" content=\"299\" \/>\n\t<meta property=\"og:image:height\" content=\"230\" \/>\n\t<meta property=\"og:image:type\" content=\"image\/gif\" \/>\n<meta name=\"author\" content=\"admin\" \/>\n<meta name=\"twitter:card\" content=\"summary_large_image\" \/>\n<meta name=\"twitter:label1\" content=\"Scris de\" \/>\n\t<meta name=\"twitter:data1\" content=\"admin\" \/>\n\t<meta name=\"twitter:label2\" content=\"Timp estimat pentru citire\" \/>\n\t<meta name=\"twitter:data2\" content=\"2 minute\" \/>\n<script type=\"application\/ld+json\" class=\"yoast-schema-graph\">{\"@context\":\"https:\\\/\\\/schema.org\",\"@graph\":[{\"@type\":\"Article\",\"@id\":\"https:\\\/\\\/www.lovendal.ro\\\/wp52\\\/in-gaurile-negre-se-afla-cate-un-nou-univers-chiar-si-universul-nostru-e-o-gaura-neagra\\\/#article\",\"isPartOf\":{\"@id\":\"https:\\\/\\\/www.lovendal.ro\\\/wp52\\\/in-gaurile-negre-se-afla-cate-un-nou-univers-chiar-si-universul-nostru-e-o-gaura-neagra\\\/\"},\"author\":{\"name\":\"admin\",\"@id\":\"https:\\\/\\\/www.lovendal.ro\\\/wp52\\\/#\\\/schema\\\/person\\\/088691de5dfc346bb0c023e1e52ef5d9\"},\"headline\":\"\u00cen g\u0103urile negre se afl\u0103 c\u00e2te un nou Univers. Chiar \u015fi Universul nostru e o gaur\u0103 neagr\u0103?\",\"datePublished\":\"2010-08-04T03:56:14+00:00\",\"mainEntityOfPage\":{\"@id\":\"https:\\\/\\\/www.lovendal.ro\\\/wp52\\\/in-gaurile-negre-se-afla-cate-un-nou-univers-chiar-si-universul-nostru-e-o-gaura-neagra\\\/\"},\"wordCount\":472,\"commentCount\":25,\"publisher\":{\"@id\":\"https:\\\/\\\/www.lovendal.ro\\\/wp52\\\/#organization\"},\"image\":{\"@id\":\"https:\\\/\\\/www.lovendal.ro\\\/wp52\\\/in-gaurile-negre-se-afla-cate-un-nou-univers-chiar-si-universul-nostru-e-o-gaura-neagra\\\/#primaryimage\"},\"thumbnailUrl\":\"https:\\\/\\\/www.lovendal.ro\\\/wp52\\\/wp-content\\\/uploads\\\/2010\\\/08\\\/gaura-neagra-7.gif\",\"keywords\":[\"astronomie\",\"Calea Lactee\",\"galaxie\",\"gaura neagr\u0103\",\"Stiinta\",\"Univers\"],\"articleSection\":[\"Stiinta\"],\"inLanguage\":\"ro-RO\",\"potentialAction\":[{\"@type\":\"CommentAction\",\"name\":\"Comment\",\"target\":[\"https:\\\/\\\/www.lovendal.ro\\\/wp52\\\/in-gaurile-negre-se-afla-cate-un-nou-univers-chiar-si-universul-nostru-e-o-gaura-neagra\\\/#respond\"]}]},{\"@type\":\"WebPage\",\"@id\":\"https:\\\/\\\/www.lovendal.ro\\\/wp52\\\/in-gaurile-negre-se-afla-cate-un-nou-univers-chiar-si-universul-nostru-e-o-gaura-neagra\\\/\",\"url\":\"https:\\\/\\\/www.lovendal.ro\\\/wp52\\\/in-gaurile-negre-se-afla-cate-un-nou-univers-chiar-si-universul-nostru-e-o-gaura-neagra\\\/\",\"name\":\"\u00cen g\u0103urile negre se afl\u0103 c\u00e2te un nou Univers. Chiar \u015fi Universul nostru e o gaur\u0103 neagr\u0103? - Secretele lui Lovendal\",\"isPartOf\":{\"@id\":\"https:\\\/\\\/www.lovendal.ro\\\/wp52\\\/#website\"},\"primaryImageOfPage\":{\"@id\":\"https:\\\/\\\/www.lovendal.ro\\\/wp52\\\/in-gaurile-negre-se-afla-cate-un-nou-univers-chiar-si-universul-nostru-e-o-gaura-neagra\\\/#primaryimage\"},\"image\":{\"@id\":\"https:\\\/\\\/www.lovendal.ro\\\/wp52\\\/in-gaurile-negre-se-afla-cate-un-nou-univers-chiar-si-universul-nostru-e-o-gaura-neagra\\\/#primaryimage\"},\"thumbnailUrl\":\"https:\\\/\\\/www.lovendal.ro\\\/wp52\\\/wp-content\\\/uploads\\\/2010\\\/08\\\/gaura-neagra-7.gif\",\"datePublished\":\"2010-08-04T03:56:14+00:00\",\"breadcrumb\":{\"@id\":\"https:\\\/\\\/www.lovendal.ro\\\/wp52\\\/in-gaurile-negre-se-afla-cate-un-nou-univers-chiar-si-universul-nostru-e-o-gaura-neagra\\\/#breadcrumb\"},\"inLanguage\":\"ro-RO\",\"potentialAction\":[{\"@type\":\"ReadAction\",\"target\":[\"https:\\\/\\\/www.lovendal.ro\\\/wp52\\\/in-gaurile-negre-se-afla-cate-un-nou-univers-chiar-si-universul-nostru-e-o-gaura-neagra\\\/\"]}]},{\"@type\":\"ImageObject\",\"inLanguage\":\"ro-RO\",\"@id\":\"https:\\\/\\\/www.lovendal.ro\\\/wp52\\\/in-gaurile-negre-se-afla-cate-un-nou-univers-chiar-si-universul-nostru-e-o-gaura-neagra\\\/#primaryimage\",\"url\":\"https:\\\/\\\/www.lovendal.ro\\\/wp52\\\/wp-content\\\/uploads\\\/2010\\\/08\\\/gaura-neagra-7.gif\",\"contentUrl\":\"https:\\\/\\\/www.lovendal.ro\\\/wp52\\\/wp-content\\\/uploads\\\/2010\\\/08\\\/gaura-neagra-7.gif\",\"width\":\"299\",\"height\":\"230\"},{\"@type\":\"BreadcrumbList\",\"@id\":\"https:\\\/\\\/www.lovendal.ro\\\/wp52\\\/in-gaurile-negre-se-afla-cate-un-nou-univers-chiar-si-universul-nostru-e-o-gaura-neagra\\\/#breadcrumb\",\"itemListElement\":[{\"@type\":\"ListItem\",\"position\":1,\"name\":\"Home\",\"item\":\"https:\\\/\\\/www.lovendal.ro\\\/wp52\\\/\"},{\"@type\":\"ListItem\",\"position\":2,\"name\":\"\u00cen g\u0103urile negre se afl\u0103 c\u00e2te un nou Univers. Chiar \u015fi Universul nostru e o gaur\u0103 neagr\u0103?\"}]},{\"@type\":\"WebSite\",\"@id\":\"https:\\\/\\\/www.lovendal.ro\\\/wp52\\\/#website\",\"url\":\"https:\\\/\\\/www.lovendal.ro\\\/wp52\\\/\",\"name\":\"Secretele lui Lovendal\",\"description\":\"Site de secrete, stiinta si metafizica - din 2008 -\",\"publisher\":{\"@id\":\"https:\\\/\\\/www.lovendal.ro\\\/wp52\\\/#organization\"},\"potentialAction\":[{\"@type\":\"SearchAction\",\"target\":{\"@type\":\"EntryPoint\",\"urlTemplate\":\"https:\\\/\\\/www.lovendal.ro\\\/wp52\\\/?s={search_term_string}\"},\"query-input\":{\"@type\":\"PropertyValueSpecification\",\"valueRequired\":true,\"valueName\":\"search_term_string\"}}],\"inLanguage\":\"ro-RO\"},{\"@type\":\"Organization\",\"@id\":\"https:\\\/\\\/www.lovendal.ro\\\/wp52\\\/#organization\",\"name\":\"Secretele lui Lovendal\",\"url\":\"https:\\\/\\\/www.lovendal.ro\\\/wp52\\\/\",\"logo\":{\"@type\":\"ImageObject\",\"inLanguage\":\"ro-RO\",\"@id\":\"https:\\\/\\\/www.lovendal.ro\\\/wp52\\\/#\\\/schema\\\/logo\\\/image\\\/\",\"url\":\"https:\\\/\\\/www.lovendal.ro\\\/wp52\\\/wp-content\\\/uploads\\\/2024\\\/06\\\/cropped-SLL-iun-2024-1.jpg\",\"contentUrl\":\"https:\\\/\\\/www.lovendal.ro\\\/wp52\\\/wp-content\\\/uploads\\\/2024\\\/06\\\/cropped-SLL-iun-2024-1.jpg\",\"width\":771,\"height\":240,\"caption\":\"Secretele lui Lovendal\"},\"image\":{\"@id\":\"https:\\\/\\\/www.lovendal.ro\\\/wp52\\\/#\\\/schema\\\/logo\\\/image\\\/\"},\"sameAs\":[\"https:\\\/\\\/www.facebook.com\\\/secreteleluilovendal\"]},{\"@type\":\"Person\",\"@id\":\"https:\\\/\\\/www.lovendal.ro\\\/wp52\\\/#\\\/schema\\\/person\\\/088691de5dfc346bb0c023e1e52ef5d9\",\"name\":\"admin\",\"image\":{\"@type\":\"ImageObject\",\"inLanguage\":\"ro-RO\",\"@id\":\"https:\\\/\\\/secure.gravatar.com\\\/avatar\\\/ecb9cd41f5f63c9c9b989999a59f6e2639a865ec361e9db054db0679a8f341c2?s=96&d=mm&r=g\",\"url\":\"https:\\\/\\\/secure.gravatar.com\\\/avatar\\\/ecb9cd41f5f63c9c9b989999a59f6e2639a865ec361e9db054db0679a8f341c2?s=96&d=mm&r=g\",\"contentUrl\":\"https:\\\/\\\/secure.gravatar.com\\\/avatar\\\/ecb9cd41f5f63c9c9b989999a59f6e2639a865ec361e9db054db0679a8f341c2?s=96&d=mm&r=g\",\"caption\":\"admin\"},\"sameAs\":[\"https:\\\/\\\/www.lovendal.ro\\\/wp52\"]}]}<\/script>\n<!-- \/ Yoast SEO Premium plugin. -->","yoast_head_json":{"title":"\u00cen g\u0103urile negre se afl\u0103 c\u00e2te un nou Univers. Chiar \u015fi Universul nostru e o gaur\u0103 neagr\u0103? - Secretele lui Lovendal","robots":{"index":"index","follow":"follow","max-snippet":"max-snippet:-1","max-image-preview":"max-image-preview:large","max-video-preview":"max-video-preview:-1"},"canonical":"https:\/\/www.lovendal.ro\/wp52\/in-gaurile-negre-se-afla-cate-un-nou-univers-chiar-si-universul-nostru-e-o-gaura-neagra\/","og_locale":"ro_RO","og_type":"article","og_title":"\u00cen g\u0103urile negre se afl\u0103 c\u00e2te un nou Univers. Chiar \u015fi Universul nostru e o gaur\u0103 neagr\u0103?","og_description":"\u00cen fiecare gaur\u0103 neagr\u0103 ar putea exista c\u00e2te un alt univers, conform unei ipoteze lansate de un astrofizician polonez, informeaz\u0103 cotidianul britanic The Telegraph. Pornind de la descoperirile lui Einstein \u015fi propun\u00e2nd o adaptare a Teoriei Generale a Relativit\u0103\u0163ii, astrofizicianul ... Cititi mai multe","og_url":"https:\/\/www.lovendal.ro\/wp52\/in-gaurile-negre-se-afla-cate-un-nou-univers-chiar-si-universul-nostru-e-o-gaura-neagra\/","og_site_name":"Secretele lui Lovendal","article_publisher":"https:\/\/www.facebook.com\/secreteleluilovendal","article_published_time":"2010-08-04T03:56:14+00:00","og_image":[{"width":299,"height":230,"url":"https:\/\/www.lovendal.ro\/wp52\/wp-content\/uploads\/2010\/08\/gaura-neagra-7.gif","type":"image\/gif"}],"author":"admin","twitter_card":"summary_large_image","twitter_misc":{"Scris de":"admin","Timp estimat pentru citire":"2 minute"},"schema":{"@context":"https:\/\/schema.org","@graph":[{"@type":"Article","@id":"https:\/\/www.lovendal.ro\/wp52\/in-gaurile-negre-se-afla-cate-un-nou-univers-chiar-si-universul-nostru-e-o-gaura-neagra\/#article","isPartOf":{"@id":"https:\/\/www.lovendal.ro\/wp52\/in-gaurile-negre-se-afla-cate-un-nou-univers-chiar-si-universul-nostru-e-o-gaura-neagra\/"},"author":{"name":"admin","@id":"https:\/\/www.lovendal.ro\/wp52\/#\/schema\/person\/088691de5dfc346bb0c023e1e52ef5d9"},"headline":"\u00cen g\u0103urile negre se afl\u0103 c\u00e2te un nou Univers. Chiar \u015fi Universul nostru e o gaur\u0103 neagr\u0103?","datePublished":"2010-08-04T03:56:14+00:00","mainEntityOfPage":{"@id":"https:\/\/www.lovendal.ro\/wp52\/in-gaurile-negre-se-afla-cate-un-nou-univers-chiar-si-universul-nostru-e-o-gaura-neagra\/"},"wordCount":472,"commentCount":25,"publisher":{"@id":"https:\/\/www.lovendal.ro\/wp52\/#organization"},"image":{"@id":"https:\/\/www.lovendal.ro\/wp52\/in-gaurile-negre-se-afla-cate-un-nou-univers-chiar-si-universul-nostru-e-o-gaura-neagra\/#primaryimage"},"thumbnailUrl":"https:\/\/www.lovendal.ro\/wp52\/wp-content\/uploads\/2010\/08\/gaura-neagra-7.gif","keywords":["astronomie","Calea Lactee","galaxie","gaura neagr\u0103","Stiinta","Univers"],"articleSection":["Stiinta"],"inLanguage":"ro-RO","potentialAction":[{"@type":"CommentAction","name":"Comment","target":["https:\/\/www.lovendal.ro\/wp52\/in-gaurile-negre-se-afla-cate-un-nou-univers-chiar-si-universul-nostru-e-o-gaura-neagra\/#respond"]}]},{"@type":"WebPage","@id":"https:\/\/www.lovendal.ro\/wp52\/in-gaurile-negre-se-afla-cate-un-nou-univers-chiar-si-universul-nostru-e-o-gaura-neagra\/","url":"https:\/\/www.lovendal.ro\/wp52\/in-gaurile-negre-se-afla-cate-un-nou-univers-chiar-si-universul-nostru-e-o-gaura-neagra\/","name":"\u00cen g\u0103urile negre se afl\u0103 c\u00e2te un nou Univers. Chiar \u015fi Universul nostru e o gaur\u0103 neagr\u0103? - Secretele lui Lovendal","isPartOf":{"@id":"https:\/\/www.lovendal.ro\/wp52\/#website"},"primaryImageOfPage":{"@id":"https:\/\/www.lovendal.ro\/wp52\/in-gaurile-negre-se-afla-cate-un-nou-univers-chiar-si-universul-nostru-e-o-gaura-neagra\/#primaryimage"},"image":{"@id":"https:\/\/www.lovendal.ro\/wp52\/in-gaurile-negre-se-afla-cate-un-nou-univers-chiar-si-universul-nostru-e-o-gaura-neagra\/#primaryimage"},"thumbnailUrl":"https:\/\/www.lovendal.ro\/wp52\/wp-content\/uploads\/2010\/08\/gaura-neagra-7.gif","datePublished":"2010-08-04T03:56:14+00:00","breadcrumb":{"@id":"https:\/\/www.lovendal.ro\/wp52\/in-gaurile-negre-se-afla-cate-un-nou-univers-chiar-si-universul-nostru-e-o-gaura-neagra\/#breadcrumb"},"inLanguage":"ro-RO","potentialAction":[{"@type":"ReadAction","target":["https:\/\/www.lovendal.ro\/wp52\/in-gaurile-negre-se-afla-cate-un-nou-univers-chiar-si-universul-nostru-e-o-gaura-neagra\/"]}]},{"@type":"ImageObject","inLanguage":"ro-RO","@id":"https:\/\/www.lovendal.ro\/wp52\/in-gaurile-negre-se-afla-cate-un-nou-univers-chiar-si-universul-nostru-e-o-gaura-neagra\/#primaryimage","url":"https:\/\/www.lovendal.ro\/wp52\/wp-content\/uploads\/2010\/08\/gaura-neagra-7.gif","contentUrl":"https:\/\/www.lovendal.ro\/wp52\/wp-content\/uploads\/2010\/08\/gaura-neagra-7.gif","width":"299","height":"230"},{"@type":"BreadcrumbList","@id":"https:\/\/www.lovendal.ro\/wp52\/in-gaurile-negre-se-afla-cate-un-nou-univers-chiar-si-universul-nostru-e-o-gaura-neagra\/#breadcrumb","itemListElement":[{"@type":"ListItem","position":1,"name":"Home","item":"https:\/\/www.lovendal.ro\/wp52\/"},{"@type":"ListItem","position":2,"name":"\u00cen g\u0103urile negre se afl\u0103 c\u00e2te un nou Univers. Chiar \u015fi Universul nostru e o gaur\u0103 neagr\u0103?"}]},{"@type":"WebSite","@id":"https:\/\/www.lovendal.ro\/wp52\/#website","url":"https:\/\/www.lovendal.ro\/wp52\/","name":"Secretele lui Lovendal","description":"Site de secrete, stiinta si metafizica - din 2008 -","publisher":{"@id":"https:\/\/www.lovendal.ro\/wp52\/#organization"},"potentialAction":[{"@type":"SearchAction","target":{"@type":"EntryPoint","urlTemplate":"https:\/\/www.lovendal.ro\/wp52\/?s={search_term_string}"},"query-input":{"@type":"PropertyValueSpecification","valueRequired":true,"valueName":"search_term_string"}}],"inLanguage":"ro-RO"},{"@type":"Organization","@id":"https:\/\/www.lovendal.ro\/wp52\/#organization","name":"Secretele lui Lovendal","url":"https:\/\/www.lovendal.ro\/wp52\/","logo":{"@type":"ImageObject","inLanguage":"ro-RO","@id":"https:\/\/www.lovendal.ro\/wp52\/#\/schema\/logo\/image\/","url":"https:\/\/www.lovendal.ro\/wp52\/wp-content\/uploads\/2024\/06\/cropped-SLL-iun-2024-1.jpg","contentUrl":"https:\/\/www.lovendal.ro\/wp52\/wp-content\/uploads\/2024\/06\/cropped-SLL-iun-2024-1.jpg","width":771,"height":240,"caption":"Secretele lui Lovendal"},"image":{"@id":"https:\/\/www.lovendal.ro\/wp52\/#\/schema\/logo\/image\/"},"sameAs":["https:\/\/www.facebook.com\/secreteleluilovendal"]},{"@type":"Person","@id":"https:\/\/www.lovendal.ro\/wp52\/#\/schema\/person\/088691de5dfc346bb0c023e1e52ef5d9","name":"admin","image":{"@type":"ImageObject","inLanguage":"ro-RO","@id":"https:\/\/secure.gravatar.com\/avatar\/ecb9cd41f5f63c9c9b989999a59f6e2639a865ec361e9db054db0679a8f341c2?s=96&d=mm&r=g","url":"https:\/\/secure.gravatar.com\/avatar\/ecb9cd41f5f63c9c9b989999a59f6e2639a865ec361e9db054db0679a8f341c2?s=96&d=mm&r=g","contentUrl":"https:\/\/secure.gravatar.com\/avatar\/ecb9cd41f5f63c9c9b989999a59f6e2639a865ec361e9db054db0679a8f341c2?s=96&d=mm&r=g","caption":"admin"},"sameAs":["https:\/\/www.lovendal.ro\/wp52"]}]}},"_links":{"self":[{"href":"https:\/\/www.lovendal.ro\/wp52\/wp-json\/wp\/v2\/posts\/13658","targetHints":{"allow":["GET"]}}],"collection":[{"href":"https:\/\/www.lovendal.ro\/wp52\/wp-json\/wp\/v2\/posts"}],"about":[{"href":"https:\/\/www.lovendal.ro\/wp52\/wp-json\/wp\/v2\/types\/post"}],"author":[{"embeddable":true,"href":"https:\/\/www.lovendal.ro\/wp52\/wp-json\/wp\/v2\/users\/1"}],"replies":[{"embeddable":true,"href":"https:\/\/www.lovendal.ro\/wp52\/wp-json\/wp\/v2\/comments?post=13658"}],"version-history":[{"count":0,"href":"https:\/\/www.lovendal.ro\/wp52\/wp-json\/wp\/v2\/posts\/13658\/revisions"}],"wp:featuredmedia":[{"embeddable":true,"href":"https:\/\/www.lovendal.ro\/wp52\/wp-json\/wp\/v2\/media\/13659"}],"wp:attachment":[{"href":"https:\/\/www.lovendal.ro\/wp52\/wp-json\/wp\/v2\/media?parent=13658"}],"wp:term":[{"taxonomy":"category","embeddable":true,"href":"https:\/\/www.lovendal.ro\/wp52\/wp-json\/wp\/v2\/categories?post=13658"},{"taxonomy":"post_tag","embeddable":true,"href":"https:\/\/www.lovendal.ro\/wp52\/wp-json\/wp\/v2\/tags?post=13658"}],"curies":[{"name":"wp","href":"https:\/\/api.w.org\/{rel}","templated":true}]}}