{"id":13640,"date":"2010-08-03T09:37:51","date_gmt":"2010-08-03T06:37:51","guid":{"rendered":"http:\/\/www.lovendal.net\/wp52\/?p=13640"},"modified":"2010-08-03T09:39:18","modified_gmt":"2010-08-03T06:39:18","slug":"bismarck-cancelarul-de-fier-al-germaniei-vroia-ca-dupa-moarte-cadavrul-sa-i-fie-atarnat-in-varful-unui-copac","status":"publish","type":"post","link":"https:\/\/www.lovendal.ro\/wp52\/bismarck-cancelarul-de-fier-al-germaniei-vroia-ca-dupa-moarte-cadavrul-sa-i-fie-atarnat-in-varful-unui-copac\/","title":{"rendered":"Bismarck, Cancelarul de Fier al Germaniei, vroia ca dup\u0103 moarte cadavrul s\u0103-i fie at\u00e2rnat \u00een v\u00e2rful unui copac"},"content":{"rendered":"<p><a href=\"https:\/\/www.lovendal.ro\/wp52\/wp-content\/uploads\/2010\/08\/bismarck.jpg\"><img loading=\"lazy\" decoding=\"async\" class=\"alignleft size-full wp-image-13642\" title=\"bismarck\" src=\"https:\/\/www.lovendal.ro\/wp52\/wp-content\/uploads\/2010\/08\/bismarck.jpg\" alt=\"bismarck\" width=\"294\" height=\"272\" \/><\/a>La optzeci \u015fi trei de ani, Otto von Bismarck (1815-1898), supranumit Cancelarul de Fier al Germaniei, suferea de nevralgii faciale \u015fi de atacuri violente de gut\u0103. Moartea nu-l speria, dar perspectiva de a fi \u00eenchis \u00eentr-un co\u015fciug sub un petic de p\u0103m\u00e2nt jilav \u00eei era insuportabil\u0103. <em>&#8222;\u00centre copaci, \u00een aer liber, acolo a\u015f vrea s\u0103-mi g\u0103sesc odihna, sub razele soarelui \u015fi adierea r\u0103coroas\u0103 a v\u00e2ntului.&#8221; <\/em>I-ar fi pl\u0103cut ca dup\u0103 moarte cadavrul s\u0103-i fie ridicat \u00eentr-un sac \u00een v\u00e2rful unui copac, s\u0103 fie leg\u0103nat de v\u00e2nt, scuturat de furtun\u0103, \u00eencins de soare, cum erau cadavrele vechilor germani.<\/p>\n<p>Pe 28 iulie 1898, Bismarck \u00eenc\u0103 mai bea \u015fampanie, \u00ee\u015fi fuma cele cinci pipe zilnice \u015fi \u00eel blestema pe medicul care \u00eel sf\u0103tuia s\u0103 stea \u00een pat. A doua zi dori totu\u015fi s\u0103 se \u00eemp\u0103rt\u0103\u015feasc\u0103. &#8222;\u00cenainte!&#8221;, spuse golind dintr-o \u00eenghi\u0163itur\u0103 potirul. Pe 30 iulie, spre sf\u00e2r\u015fitul dup\u0103-amiezii, m\u0103rturisi: <em>&#8222;Nu dorm noaptea la g\u00e2ndul c\u0103 \u00eemi vor f\u0103r\u00e2mi\u0163a acest edificiu pe care l-am ridicat piatr\u0103 cu piatr\u0103.&#8221;<\/em> \u00cen cursul serii suferi c\u00e2teva sincope \u015fi \u00eencepu s\u0103 delireze. \u00cen delirul lui, cuvintele &#8222;Rusia&#8221; \u015fi &#8222;Germania&#8221; reveneau deseori. Spre ora unsprezece, Bismarck strig\u0103: <em>&#8222;Dar Germania? Vai, Germania&#8230;&#8221;<\/em>, apoi se ridic\u0103 brusc \u00een pat, duse m\u00e2inile la ochi, pentru a \u00eendep\u0103rta parc\u0103 o vedenie \u00eensp\u0103im\u00e2nt\u0103toare \u015fi \u00eesi d\u0103du sufletul.<\/p>\n","protected":false},"excerpt":{"rendered":"<p>La optzeci \u015fi trei de ani, Otto von Bismarck (1815-1898), supranumit Cancelarul de Fier al Germaniei, suferea de nevralgii faciale \u015fi de atacuri violente de gut\u0103. Moartea nu-l speria, dar perspectiva de a fi \u00eenchis \u00eentr-un co\u015fciug sub un petic &#8230; <\/p>\n<p class=\"read-more-container\"><a title=\"Bismarck, Cancelarul de Fier al Germaniei, vroia ca dup\u0103 moarte cadavrul s\u0103-i fie at\u00e2rnat \u00een v\u00e2rful unui copac\" class=\"read-more button\" href=\"https:\/\/www.lovendal.ro\/wp52\/bismarck-cancelarul-de-fier-al-germaniei-vroia-ca-dupa-moarte-cadavrul-sa-i-fie-atarnat-in-varful-unui-copac\/#more-13640\" aria-label=\"Cite\u0219te mai multe despre Bismarck, Cancelarul de Fier al Germaniei, vroia ca dup\u0103 moarte cadavrul s\u0103-i fie at\u00e2rnat \u00een v\u00e2rful unui copac\">Cititi mai multe<\/a><\/p>\n","protected":false},"author":1,"featured_media":13642,"comment_status":"open","ping_status":"closed","sticky":false,"template":"","format":"standard","meta":{"footnotes":""},"categories":[9],"tags":[3398,3399,203,668,1532,108],"class_list":["post-13640","post","type-post","status-publish","format-standard","has-post-thumbnail","hentry","category-istorie","tag-bismarck","tag-cancelar","tag-germania","tag-inmormantare","tag-istorie-si-civilizatii","tag-moarte","resize-featured-image"],"yoast_head":"<!-- This site is optimized with the Yoast SEO Premium plugin v23.3 (Yoast SEO v27.4) - https:\/\/yoast.com\/product\/yoast-seo-premium-wordpress\/ -->\n<title>Bismarck, Cancelarul de Fier al Germaniei, vroia ca dup\u0103 moarte cadavrul s\u0103-i fie at\u00e2rnat \u00een v\u00e2rful unui copac - Secretele lui Lovendal<\/title>\n<meta name=\"robots\" content=\"index, follow, max-snippet:-1, max-image-preview:large, max-video-preview:-1\" \/>\n<link rel=\"canonical\" href=\"https:\/\/www.lovendal.ro\/wp52\/bismarck-cancelarul-de-fier-al-germaniei-vroia-ca-dupa-moarte-cadavrul-sa-i-fie-atarnat-in-varful-unui-copac\/\" \/>\n<meta property=\"og:locale\" content=\"ro_RO\" \/>\n<meta property=\"og:type\" content=\"article\" \/>\n<meta property=\"og:title\" content=\"Bismarck, Cancelarul de Fier al Germaniei, vroia ca dup\u0103 moarte cadavrul s\u0103-i fie at\u00e2rnat \u00een v\u00e2rful unui copac\" \/>\n<meta property=\"og:description\" content=\"La optzeci \u015fi trei de ani, Otto von Bismarck (1815-1898), supranumit Cancelarul de Fier al Germaniei, suferea de nevralgii faciale \u015fi de atacuri violente de gut\u0103. Moartea nu-l speria, dar perspectiva de a fi \u00eenchis \u00eentr-un co\u015fciug sub un petic ... Cititi mai multe\" \/>\n<meta property=\"og:url\" content=\"https:\/\/www.lovendal.ro\/wp52\/bismarck-cancelarul-de-fier-al-germaniei-vroia-ca-dupa-moarte-cadavrul-sa-i-fie-atarnat-in-varful-unui-copac\/\" \/>\n<meta property=\"og:site_name\" content=\"Secretele lui Lovendal\" \/>\n<meta property=\"article:publisher\" content=\"https:\/\/www.facebook.com\/secreteleluilovendal\" \/>\n<meta property=\"article:published_time\" content=\"2010-08-03T06:37:51+00:00\" \/>\n<meta property=\"article:modified_time\" content=\"2010-08-03T06:39:18+00:00\" \/>\n<meta property=\"og:image\" content=\"https:\/\/www.lovendal.ro\/wp52\/wp-content\/uploads\/2010\/08\/bismarck.jpg\" \/>\n\t<meta property=\"og:image:width\" content=\"294\" \/>\n\t<meta property=\"og:image:height\" content=\"272\" \/>\n\t<meta property=\"og:image:type\" content=\"image\/jpeg\" \/>\n<meta name=\"author\" content=\"admin\" \/>\n<meta name=\"twitter:card\" content=\"summary_large_image\" \/>\n<meta name=\"twitter:label1\" content=\"Scris de\" \/>\n\t<meta name=\"twitter:data1\" content=\"admin\" \/>\n\t<meta name=\"twitter:label2\" content=\"Timp estimat pentru citire\" \/>\n\t<meta name=\"twitter:data2\" content=\"1 minut\" \/>\n<script type=\"application\/ld+json\" class=\"yoast-schema-graph\">{\"@context\":\"https:\\\/\\\/schema.org\",\"@graph\":[{\"@type\":\"Article\",\"@id\":\"https:\\\/\\\/www.lovendal.ro\\\/wp52\\\/bismarck-cancelarul-de-fier-al-germaniei-vroia-ca-dupa-moarte-cadavrul-sa-i-fie-atarnat-in-varful-unui-copac\\\/#article\",\"isPartOf\":{\"@id\":\"https:\\\/\\\/www.lovendal.ro\\\/wp52\\\/bismarck-cancelarul-de-fier-al-germaniei-vroia-ca-dupa-moarte-cadavrul-sa-i-fie-atarnat-in-varful-unui-copac\\\/\"},\"author\":{\"name\":\"admin\",\"@id\":\"https:\\\/\\\/www.lovendal.ro\\\/wp52\\\/#\\\/schema\\\/person\\\/088691de5dfc346bb0c023e1e52ef5d9\"},\"headline\":\"Bismarck, Cancelarul de Fier al Germaniei, vroia ca dup\u0103 moarte cadavrul s\u0103-i fie at\u00e2rnat \u00een v\u00e2rful unui copac\",\"datePublished\":\"2010-08-03T06:37:51+00:00\",\"dateModified\":\"2010-08-03T06:39:18+00:00\",\"mainEntityOfPage\":{\"@id\":\"https:\\\/\\\/www.lovendal.ro\\\/wp52\\\/bismarck-cancelarul-de-fier-al-germaniei-vroia-ca-dupa-moarte-cadavrul-sa-i-fie-atarnat-in-varful-unui-copac\\\/\"},\"wordCount\":262,\"commentCount\":5,\"publisher\":{\"@id\":\"https:\\\/\\\/www.lovendal.ro\\\/wp52\\\/#organization\"},\"image\":{\"@id\":\"https:\\\/\\\/www.lovendal.ro\\\/wp52\\\/bismarck-cancelarul-de-fier-al-germaniei-vroia-ca-dupa-moarte-cadavrul-sa-i-fie-atarnat-in-varful-unui-copac\\\/#primaryimage\"},\"thumbnailUrl\":\"https:\\\/\\\/www.lovendal.ro\\\/wp52\\\/wp-content\\\/uploads\\\/2010\\\/08\\\/bismarck.jpg\",\"keywords\":[\"Bismarck\",\"cancelar\",\"Germania\",\"\u00eenmorm\u00e2ntare\",\"Istorie si Civilizatii\",\"moarte\"],\"articleSection\":[\"Istorie si Civilizatii\"],\"inLanguage\":\"ro-RO\",\"potentialAction\":[{\"@type\":\"CommentAction\",\"name\":\"Comment\",\"target\":[\"https:\\\/\\\/www.lovendal.ro\\\/wp52\\\/bismarck-cancelarul-de-fier-al-germaniei-vroia-ca-dupa-moarte-cadavrul-sa-i-fie-atarnat-in-varful-unui-copac\\\/#respond\"]}]},{\"@type\":\"WebPage\",\"@id\":\"https:\\\/\\\/www.lovendal.ro\\\/wp52\\\/bismarck-cancelarul-de-fier-al-germaniei-vroia-ca-dupa-moarte-cadavrul-sa-i-fie-atarnat-in-varful-unui-copac\\\/\",\"url\":\"https:\\\/\\\/www.lovendal.ro\\\/wp52\\\/bismarck-cancelarul-de-fier-al-germaniei-vroia-ca-dupa-moarte-cadavrul-sa-i-fie-atarnat-in-varful-unui-copac\\\/\",\"name\":\"Bismarck, Cancelarul de Fier al Germaniei, vroia ca dup\u0103 moarte cadavrul s\u0103-i fie at\u00e2rnat \u00een v\u00e2rful unui copac - Secretele lui Lovendal\",\"isPartOf\":{\"@id\":\"https:\\\/\\\/www.lovendal.ro\\\/wp52\\\/#website\"},\"primaryImageOfPage\":{\"@id\":\"https:\\\/\\\/www.lovendal.ro\\\/wp52\\\/bismarck-cancelarul-de-fier-al-germaniei-vroia-ca-dupa-moarte-cadavrul-sa-i-fie-atarnat-in-varful-unui-copac\\\/#primaryimage\"},\"image\":{\"@id\":\"https:\\\/\\\/www.lovendal.ro\\\/wp52\\\/bismarck-cancelarul-de-fier-al-germaniei-vroia-ca-dupa-moarte-cadavrul-sa-i-fie-atarnat-in-varful-unui-copac\\\/#primaryimage\"},\"thumbnailUrl\":\"https:\\\/\\\/www.lovendal.ro\\\/wp52\\\/wp-content\\\/uploads\\\/2010\\\/08\\\/bismarck.jpg\",\"datePublished\":\"2010-08-03T06:37:51+00:00\",\"dateModified\":\"2010-08-03T06:39:18+00:00\",\"breadcrumb\":{\"@id\":\"https:\\\/\\\/www.lovendal.ro\\\/wp52\\\/bismarck-cancelarul-de-fier-al-germaniei-vroia-ca-dupa-moarte-cadavrul-sa-i-fie-atarnat-in-varful-unui-copac\\\/#breadcrumb\"},\"inLanguage\":\"ro-RO\",\"potentialAction\":[{\"@type\":\"ReadAction\",\"target\":[\"https:\\\/\\\/www.lovendal.ro\\\/wp52\\\/bismarck-cancelarul-de-fier-al-germaniei-vroia-ca-dupa-moarte-cadavrul-sa-i-fie-atarnat-in-varful-unui-copac\\\/\"]}]},{\"@type\":\"ImageObject\",\"inLanguage\":\"ro-RO\",\"@id\":\"https:\\\/\\\/www.lovendal.ro\\\/wp52\\\/bismarck-cancelarul-de-fier-al-germaniei-vroia-ca-dupa-moarte-cadavrul-sa-i-fie-atarnat-in-varful-unui-copac\\\/#primaryimage\",\"url\":\"https:\\\/\\\/www.lovendal.ro\\\/wp52\\\/wp-content\\\/uploads\\\/2010\\\/08\\\/bismarck.jpg\",\"contentUrl\":\"https:\\\/\\\/www.lovendal.ro\\\/wp52\\\/wp-content\\\/uploads\\\/2010\\\/08\\\/bismarck.jpg\",\"width\":\"294\",\"height\":\"272\"},{\"@type\":\"BreadcrumbList\",\"@id\":\"https:\\\/\\\/www.lovendal.ro\\\/wp52\\\/bismarck-cancelarul-de-fier-al-germaniei-vroia-ca-dupa-moarte-cadavrul-sa-i-fie-atarnat-in-varful-unui-copac\\\/#breadcrumb\",\"itemListElement\":[{\"@type\":\"ListItem\",\"position\":1,\"name\":\"Home\",\"item\":\"https:\\\/\\\/www.lovendal.ro\\\/wp52\\\/\"},{\"@type\":\"ListItem\",\"position\":2,\"name\":\"Bismarck, Cancelarul de Fier al Germaniei, vroia ca dup\u0103 moarte cadavrul s\u0103-i fie at\u00e2rnat \u00een v\u00e2rful unui copac\"}]},{\"@type\":\"WebSite\",\"@id\":\"https:\\\/\\\/www.lovendal.ro\\\/wp52\\\/#website\",\"url\":\"https:\\\/\\\/www.lovendal.ro\\\/wp52\\\/\",\"name\":\"Secretele lui Lovendal\",\"description\":\"Site de secrete, stiinta si metafizica - din 2008 -\",\"publisher\":{\"@id\":\"https:\\\/\\\/www.lovendal.ro\\\/wp52\\\/#organization\"},\"potentialAction\":[{\"@type\":\"SearchAction\",\"target\":{\"@type\":\"EntryPoint\",\"urlTemplate\":\"https:\\\/\\\/www.lovendal.ro\\\/wp52\\\/?s={search_term_string}\"},\"query-input\":{\"@type\":\"PropertyValueSpecification\",\"valueRequired\":true,\"valueName\":\"search_term_string\"}}],\"inLanguage\":\"ro-RO\"},{\"@type\":\"Organization\",\"@id\":\"https:\\\/\\\/www.lovendal.ro\\\/wp52\\\/#organization\",\"name\":\"Secretele lui Lovendal\",\"url\":\"https:\\\/\\\/www.lovendal.ro\\\/wp52\\\/\",\"logo\":{\"@type\":\"ImageObject\",\"inLanguage\":\"ro-RO\",\"@id\":\"https:\\\/\\\/www.lovendal.ro\\\/wp52\\\/#\\\/schema\\\/logo\\\/image\\\/\",\"url\":\"https:\\\/\\\/www.lovendal.ro\\\/wp52\\\/wp-content\\\/uploads\\\/2024\\\/06\\\/cropped-SLL-iun-2024-1.jpg\",\"contentUrl\":\"https:\\\/\\\/www.lovendal.ro\\\/wp52\\\/wp-content\\\/uploads\\\/2024\\\/06\\\/cropped-SLL-iun-2024-1.jpg\",\"width\":771,\"height\":240,\"caption\":\"Secretele lui Lovendal\"},\"image\":{\"@id\":\"https:\\\/\\\/www.lovendal.ro\\\/wp52\\\/#\\\/schema\\\/logo\\\/image\\\/\"},\"sameAs\":[\"https:\\\/\\\/www.facebook.com\\\/secreteleluilovendal\"]},{\"@type\":\"Person\",\"@id\":\"https:\\\/\\\/www.lovendal.ro\\\/wp52\\\/#\\\/schema\\\/person\\\/088691de5dfc346bb0c023e1e52ef5d9\",\"name\":\"admin\",\"image\":{\"@type\":\"ImageObject\",\"inLanguage\":\"ro-RO\",\"@id\":\"https:\\\/\\\/secure.gravatar.com\\\/avatar\\\/ecb9cd41f5f63c9c9b989999a59f6e2639a865ec361e9db054db0679a8f341c2?s=96&d=mm&r=g\",\"url\":\"https:\\\/\\\/secure.gravatar.com\\\/avatar\\\/ecb9cd41f5f63c9c9b989999a59f6e2639a865ec361e9db054db0679a8f341c2?s=96&d=mm&r=g\",\"contentUrl\":\"https:\\\/\\\/secure.gravatar.com\\\/avatar\\\/ecb9cd41f5f63c9c9b989999a59f6e2639a865ec361e9db054db0679a8f341c2?s=96&d=mm&r=g\",\"caption\":\"admin\"},\"sameAs\":[\"https:\\\/\\\/www.lovendal.ro\\\/wp52\"]}]}<\/script>\n<!-- \/ Yoast SEO Premium plugin. -->","yoast_head_json":{"title":"Bismarck, Cancelarul de Fier al Germaniei, vroia ca dup\u0103 moarte cadavrul s\u0103-i fie at\u00e2rnat \u00een v\u00e2rful unui copac - Secretele lui Lovendal","robots":{"index":"index","follow":"follow","max-snippet":"max-snippet:-1","max-image-preview":"max-image-preview:large","max-video-preview":"max-video-preview:-1"},"canonical":"https:\/\/www.lovendal.ro\/wp52\/bismarck-cancelarul-de-fier-al-germaniei-vroia-ca-dupa-moarte-cadavrul-sa-i-fie-atarnat-in-varful-unui-copac\/","og_locale":"ro_RO","og_type":"article","og_title":"Bismarck, Cancelarul de Fier al Germaniei, vroia ca dup\u0103 moarte cadavrul s\u0103-i fie at\u00e2rnat \u00een v\u00e2rful unui copac","og_description":"La optzeci \u015fi trei de ani, Otto von Bismarck (1815-1898), supranumit Cancelarul de Fier al Germaniei, suferea de nevralgii faciale \u015fi de atacuri violente de gut\u0103. Moartea nu-l speria, dar perspectiva de a fi \u00eenchis \u00eentr-un co\u015fciug sub un petic ... Cititi mai multe","og_url":"https:\/\/www.lovendal.ro\/wp52\/bismarck-cancelarul-de-fier-al-germaniei-vroia-ca-dupa-moarte-cadavrul-sa-i-fie-atarnat-in-varful-unui-copac\/","og_site_name":"Secretele lui Lovendal","article_publisher":"https:\/\/www.facebook.com\/secreteleluilovendal","article_published_time":"2010-08-03T06:37:51+00:00","article_modified_time":"2010-08-03T06:39:18+00:00","og_image":[{"width":294,"height":272,"url":"https:\/\/www.lovendal.ro\/wp52\/wp-content\/uploads\/2010\/08\/bismarck.jpg","type":"image\/jpeg"}],"author":"admin","twitter_card":"summary_large_image","twitter_misc":{"Scris de":"admin","Timp estimat pentru citire":"1 minut"},"schema":{"@context":"https:\/\/schema.org","@graph":[{"@type":"Article","@id":"https:\/\/www.lovendal.ro\/wp52\/bismarck-cancelarul-de-fier-al-germaniei-vroia-ca-dupa-moarte-cadavrul-sa-i-fie-atarnat-in-varful-unui-copac\/#article","isPartOf":{"@id":"https:\/\/www.lovendal.ro\/wp52\/bismarck-cancelarul-de-fier-al-germaniei-vroia-ca-dupa-moarte-cadavrul-sa-i-fie-atarnat-in-varful-unui-copac\/"},"author":{"name":"admin","@id":"https:\/\/www.lovendal.ro\/wp52\/#\/schema\/person\/088691de5dfc346bb0c023e1e52ef5d9"},"headline":"Bismarck, Cancelarul de Fier al Germaniei, vroia ca dup\u0103 moarte cadavrul s\u0103-i fie at\u00e2rnat \u00een v\u00e2rful unui copac","datePublished":"2010-08-03T06:37:51+00:00","dateModified":"2010-08-03T06:39:18+00:00","mainEntityOfPage":{"@id":"https:\/\/www.lovendal.ro\/wp52\/bismarck-cancelarul-de-fier-al-germaniei-vroia-ca-dupa-moarte-cadavrul-sa-i-fie-atarnat-in-varful-unui-copac\/"},"wordCount":262,"commentCount":5,"publisher":{"@id":"https:\/\/www.lovendal.ro\/wp52\/#organization"},"image":{"@id":"https:\/\/www.lovendal.ro\/wp52\/bismarck-cancelarul-de-fier-al-germaniei-vroia-ca-dupa-moarte-cadavrul-sa-i-fie-atarnat-in-varful-unui-copac\/#primaryimage"},"thumbnailUrl":"https:\/\/www.lovendal.ro\/wp52\/wp-content\/uploads\/2010\/08\/bismarck.jpg","keywords":["Bismarck","cancelar","Germania","\u00eenmorm\u00e2ntare","Istorie si Civilizatii","moarte"],"articleSection":["Istorie si Civilizatii"],"inLanguage":"ro-RO","potentialAction":[{"@type":"CommentAction","name":"Comment","target":["https:\/\/www.lovendal.ro\/wp52\/bismarck-cancelarul-de-fier-al-germaniei-vroia-ca-dupa-moarte-cadavrul-sa-i-fie-atarnat-in-varful-unui-copac\/#respond"]}]},{"@type":"WebPage","@id":"https:\/\/www.lovendal.ro\/wp52\/bismarck-cancelarul-de-fier-al-germaniei-vroia-ca-dupa-moarte-cadavrul-sa-i-fie-atarnat-in-varful-unui-copac\/","url":"https:\/\/www.lovendal.ro\/wp52\/bismarck-cancelarul-de-fier-al-germaniei-vroia-ca-dupa-moarte-cadavrul-sa-i-fie-atarnat-in-varful-unui-copac\/","name":"Bismarck, Cancelarul de Fier al Germaniei, vroia ca dup\u0103 moarte cadavrul s\u0103-i fie at\u00e2rnat \u00een v\u00e2rful unui copac - Secretele lui Lovendal","isPartOf":{"@id":"https:\/\/www.lovendal.ro\/wp52\/#website"},"primaryImageOfPage":{"@id":"https:\/\/www.lovendal.ro\/wp52\/bismarck-cancelarul-de-fier-al-germaniei-vroia-ca-dupa-moarte-cadavrul-sa-i-fie-atarnat-in-varful-unui-copac\/#primaryimage"},"image":{"@id":"https:\/\/www.lovendal.ro\/wp52\/bismarck-cancelarul-de-fier-al-germaniei-vroia-ca-dupa-moarte-cadavrul-sa-i-fie-atarnat-in-varful-unui-copac\/#primaryimage"},"thumbnailUrl":"https:\/\/www.lovendal.ro\/wp52\/wp-content\/uploads\/2010\/08\/bismarck.jpg","datePublished":"2010-08-03T06:37:51+00:00","dateModified":"2010-08-03T06:39:18+00:00","breadcrumb":{"@id":"https:\/\/www.lovendal.ro\/wp52\/bismarck-cancelarul-de-fier-al-germaniei-vroia-ca-dupa-moarte-cadavrul-sa-i-fie-atarnat-in-varful-unui-copac\/#breadcrumb"},"inLanguage":"ro-RO","potentialAction":[{"@type":"ReadAction","target":["https:\/\/www.lovendal.ro\/wp52\/bismarck-cancelarul-de-fier-al-germaniei-vroia-ca-dupa-moarte-cadavrul-sa-i-fie-atarnat-in-varful-unui-copac\/"]}]},{"@type":"ImageObject","inLanguage":"ro-RO","@id":"https:\/\/www.lovendal.ro\/wp52\/bismarck-cancelarul-de-fier-al-germaniei-vroia-ca-dupa-moarte-cadavrul-sa-i-fie-atarnat-in-varful-unui-copac\/#primaryimage","url":"https:\/\/www.lovendal.ro\/wp52\/wp-content\/uploads\/2010\/08\/bismarck.jpg","contentUrl":"https:\/\/www.lovendal.ro\/wp52\/wp-content\/uploads\/2010\/08\/bismarck.jpg","width":"294","height":"272"},{"@type":"BreadcrumbList","@id":"https:\/\/www.lovendal.ro\/wp52\/bismarck-cancelarul-de-fier-al-germaniei-vroia-ca-dupa-moarte-cadavrul-sa-i-fie-atarnat-in-varful-unui-copac\/#breadcrumb","itemListElement":[{"@type":"ListItem","position":1,"name":"Home","item":"https:\/\/www.lovendal.ro\/wp52\/"},{"@type":"ListItem","position":2,"name":"Bismarck, Cancelarul de Fier al Germaniei, vroia ca dup\u0103 moarte cadavrul s\u0103-i fie at\u00e2rnat \u00een v\u00e2rful unui copac"}]},{"@type":"WebSite","@id":"https:\/\/www.lovendal.ro\/wp52\/#website","url":"https:\/\/www.lovendal.ro\/wp52\/","name":"Secretele lui Lovendal","description":"Site de secrete, stiinta si metafizica - din 2008 -","publisher":{"@id":"https:\/\/www.lovendal.ro\/wp52\/#organization"},"potentialAction":[{"@type":"SearchAction","target":{"@type":"EntryPoint","urlTemplate":"https:\/\/www.lovendal.ro\/wp52\/?s={search_term_string}"},"query-input":{"@type":"PropertyValueSpecification","valueRequired":true,"valueName":"search_term_string"}}],"inLanguage":"ro-RO"},{"@type":"Organization","@id":"https:\/\/www.lovendal.ro\/wp52\/#organization","name":"Secretele lui Lovendal","url":"https:\/\/www.lovendal.ro\/wp52\/","logo":{"@type":"ImageObject","inLanguage":"ro-RO","@id":"https:\/\/www.lovendal.ro\/wp52\/#\/schema\/logo\/image\/","url":"https:\/\/www.lovendal.ro\/wp52\/wp-content\/uploads\/2024\/06\/cropped-SLL-iun-2024-1.jpg","contentUrl":"https:\/\/www.lovendal.ro\/wp52\/wp-content\/uploads\/2024\/06\/cropped-SLL-iun-2024-1.jpg","width":771,"height":240,"caption":"Secretele lui Lovendal"},"image":{"@id":"https:\/\/www.lovendal.ro\/wp52\/#\/schema\/logo\/image\/"},"sameAs":["https:\/\/www.facebook.com\/secreteleluilovendal"]},{"@type":"Person","@id":"https:\/\/www.lovendal.ro\/wp52\/#\/schema\/person\/088691de5dfc346bb0c023e1e52ef5d9","name":"admin","image":{"@type":"ImageObject","inLanguage":"ro-RO","@id":"https:\/\/secure.gravatar.com\/avatar\/ecb9cd41f5f63c9c9b989999a59f6e2639a865ec361e9db054db0679a8f341c2?s=96&d=mm&r=g","url":"https:\/\/secure.gravatar.com\/avatar\/ecb9cd41f5f63c9c9b989999a59f6e2639a865ec361e9db054db0679a8f341c2?s=96&d=mm&r=g","contentUrl":"https:\/\/secure.gravatar.com\/avatar\/ecb9cd41f5f63c9c9b989999a59f6e2639a865ec361e9db054db0679a8f341c2?s=96&d=mm&r=g","caption":"admin"},"sameAs":["https:\/\/www.lovendal.ro\/wp52"]}]}},"_links":{"self":[{"href":"https:\/\/www.lovendal.ro\/wp52\/wp-json\/wp\/v2\/posts\/13640","targetHints":{"allow":["GET"]}}],"collection":[{"href":"https:\/\/www.lovendal.ro\/wp52\/wp-json\/wp\/v2\/posts"}],"about":[{"href":"https:\/\/www.lovendal.ro\/wp52\/wp-json\/wp\/v2\/types\/post"}],"author":[{"embeddable":true,"href":"https:\/\/www.lovendal.ro\/wp52\/wp-json\/wp\/v2\/users\/1"}],"replies":[{"embeddable":true,"href":"https:\/\/www.lovendal.ro\/wp52\/wp-json\/wp\/v2\/comments?post=13640"}],"version-history":[{"count":0,"href":"https:\/\/www.lovendal.ro\/wp52\/wp-json\/wp\/v2\/posts\/13640\/revisions"}],"wp:featuredmedia":[{"embeddable":true,"href":"https:\/\/www.lovendal.ro\/wp52\/wp-json\/wp\/v2\/media\/13642"}],"wp:attachment":[{"href":"https:\/\/www.lovendal.ro\/wp52\/wp-json\/wp\/v2\/media?parent=13640"}],"wp:term":[{"taxonomy":"category","embeddable":true,"href":"https:\/\/www.lovendal.ro\/wp52\/wp-json\/wp\/v2\/categories?post=13640"},{"taxonomy":"post_tag","embeddable":true,"href":"https:\/\/www.lovendal.ro\/wp52\/wp-json\/wp\/v2\/tags?post=13640"}],"curies":[{"name":"wp","href":"https:\/\/api.w.org\/{rel}","templated":true}]}}