{"id":13619,"date":"2010-08-01T19:47:25","date_gmt":"2010-08-01T16:47:25","guid":{"rendered":"http:\/\/www.lovendal.net\/wp52\/?p=13619"},"modified":"2010-08-01T19:50:40","modified_gmt":"2010-08-01T16:50:40","slug":"nu-mai-radeti-de-romanii-care-cred-ca-soarele-se-invarte-in-jurul-pamantului","status":"publish","type":"post","link":"https:\/\/www.lovendal.ro\/wp52\/nu-mai-radeti-de-romanii-care-cred-ca-soarele-se-invarte-in-jurul-pamantului\/","title":{"rendered":"Nu mai r\u00e2de\u0163i de rom\u00e2nii care cred c\u0103 Soarele se \u00eenv\u00e2rte \u00een jurul P\u0103m\u00e2ntului"},"content":{"rendered":"<p><a href=\"https:\/\/www.lovendal.ro\/wp52\/wp-content\/uploads\/2010\/08\/Pamant-Soare.jpg\"><img loading=\"lazy\" decoding=\"async\" class=\"alignleft size-full wp-image-13620\" title=\"Pamant Soare\" src=\"https:\/\/www.lovendal.ro\/wp52\/wp-content\/uploads\/2010\/08\/Pamant-Soare.jpg\" alt=\"Pamant Soare\" width=\"295\" height=\"221\" \/><\/a>De circa 4 secole, odat\u0103 cu Galileo Galilei \u015fi Copernic, \u015ftiin\u0163a ne \u00eenva\u0163\u0103 c\u0103 P\u0103m\u00e2ntul nu are un loc central \u00een Univers, a\u015fa cum o spune Biblia. P\u0103m\u00e2ntul se \u00eenv\u00e2rte \u00een jurul Soarelui, Soarele se \u00eenv\u00e2rte \u00een jurul galaxiei Calea Lactee, care \u015fi ea, la r\u00e2ndul ei, se pare c\u0103 se \u00eenv\u00e2rte \u00een jurul unui grup local de galaxii. Totul se \u00eenv\u00e2rte \u00een jurul altcuiva; totul e relativ (a\u015fa ne-a \u00eenv\u0103\u0163at Einstein); nimic \u00een lumea asta nu ar fi fix. Dar chiar trebuie s\u0103 credem tot ce ne-a \u00eenv\u0103\u0163at Newton \u015fi Einstein \u00een fizica modern\u0103? De unde \u015ftim c\u0103 peste 50 sau 100 de ani nu se descoper\u0103 alte principii ale fizicii, iar teoriile gravita\u0163iei sau ale relativit\u0103\u0163ii se dovedesc a fi gre\u015fite?<\/p>\n<p>Oricum, trebuie s\u0103 re\u0163ine\u0163i un lucru: <strong>NU EXIST\u0102 NICIO DOVAD\u0102 CONCRET\u0102 PRECUM C\u0102 P\u0102M\u00c2NTUL SE \u00ceNV\u00c2RTE \u00ceN JURUL SOARELUI!<\/strong> Nu exist\u0103 dec\u00e2t calcule teoretice, care \u00eens\u0103 pot fi comb\u0103tute cu alte calcule teoretice. Chiar \u015fi un satelit ie\u015fit \u00een afara spa\u0163iului terestru nu poate demonstra c\u0103 P\u0103m\u00e2ntul se \u00eenv\u00e2rte \u015fi asta dintr-un motiv foarte simplu: cum totul se mi\u015fc\u0103 \u00een acest Univers, pentru a observa o mi\u015fcare ar trebui ca observatorul s\u0103 fie fix. Ori acest lucru e imposibil.<\/p>\n<p>Am v\u0103zut ultimul sondaj f\u0103cut \u00een r\u00e2ndul rom\u00e2nilor, prin care 42% dintre noi spunem c\u0103 Soarele se \u00eenv\u00e2rte \u00een jurul P\u0103m\u00e2ntului. Cei care r\u00e2d de credin\u0163a geocentric\u0103, le-a\u015f aduce aminte de celebrul experiment \u015ftiin\u0163ific Michelson-Morley din 1887. Cei doi fizicieni au vrut s\u0103 detecteze viteza luminii diferen\u0163iat\u0103 \u00een direc\u0163ia nord-sud \u015fi est-vest; \u015fi acest lucru ar fi fost normal s\u0103 apar\u0103 \u00eentruc\u00e2t se presupune c\u0103 Soarele se \u00eenv\u00e2rte \u00een jurul P\u0103m\u00e2ntului.\u00a0 Michelson \u015fi Morley se a\u015fteptau s\u0103 g\u0103seasc\u0103 diferen\u0163e \u00een viteza luminii de la est la vest, \u015fi vitez\u0103 constant\u0103 de la nord la sud. Dar ei nu au g\u0103sit nicio diferen\u0163\u0103, oric\u00e2t de mult au \u00eencercat. Concluzia? P\u0103m\u00e2ntul este fix, dac\u0103 viteza luminii e constant\u0103!<\/p>\n<p>Biograful lui Einstein afirma c\u0103 acest experiment l-a pus pe Einstein serios pe g\u00e2nduri. Nu exista dec\u00e2t trei solu\u0163ii, iar una dintre ele era s\u0103 se admit\u0103 faptul c\u0103 P\u0103m\u00e2ntul este fix \u00een spa\u0163iu, iar totul se \u00eenv\u00e2rte \u00een jurul s\u0103u. Dar acest lucru ar fi \u00eensemnat s\u0103 se recunoasc\u0103 valabilitatea spuselor din Biblie (\u00een care se spune clar c\u0103 P\u0103m\u00e2ntul este fix), ceea ce ar fi fost inacceptabil. A\u015fa c\u0103 a fost inventat\u0103 teoria relativit\u0103\u0163ii, prin care se arat\u0103 c\u0103 totul este relativ \u00een aceast\u0103 lume, cu excep\u0163ia vitezei luminii (singura constant\u0103). De asemenea, \u015ftiin\u0163a modern\u0103, pentru a explica expansiunea Universului, a inventat no\u0163iunea de &#8222;materie neagr\u0103&#8221;, c\u0103ci materia prezent\u0103 n-ar acoperi dec\u00e2t 1% din materia necesar\u0103 expansiunii. Materie care nu prea poate fi g\u0103sit\u0103, nu-i a\u015fa? De aceea e \u015fi neagr\u0103.<\/p>\n<p>Dar ce ar spune teoria geocentricit\u0103\u0163ii? C\u0103 toate corpurile cere\u015fti din acest Univers (cu excep\u0163ia P\u0103m\u00e2ntului) sunt cuprinse \u00eentr-un \u00eenveli\u015f denumit eter, \u00eenveli\u015f care se rote\u015fte \u00een jurul P\u0103m\u00e2ntului \u00eentr-un ciclu de 24 de ore. Masa din interiorul acestui eter nu se pr\u0103bu\u015fe\u015fte \u00een ea \u00eens\u0103\u015fi, datorit\u0103 for\u0163ei centrifugale, ce contrabalanseaz\u0103 for\u0163a gravita\u0163ional\u0103. Astfel, se explic\u0103 de ce vedem noaptea stelele mi\u015fc\u00e2ndu-se pe cer (de fapt, nu ele se mi\u015fc\u0103, c\u0103ci ar trebui s\u0103 aib\u0103 viteze fantastice, ci eterul, \u00eempreun\u0103 cu stelele).<\/p>\n<p>Cine are dreptate \u015fi cine se \u00een\u015feal\u0103? Nu se \u015ftie \u00een mod clar, dar eu a\u015f fi mai circumspect \u00een a accepta f\u0103r\u0103 rezerv\u0103 toate teoriile clasice ale lui Newton \u015fi Einstein, doar pentru faptul c\u0103 ele sunt acceptate de majoritatea oamenilor de \u015ftiin\u0163\u0103. Putem garanta c\u0103 aceste teorii vor mai fi valabile pentru 200-300 ani!?<\/p>\n","protected":false},"excerpt":{"rendered":"<p>De circa 4 secole, odat\u0103 cu Galileo Galilei \u015fi Copernic, \u015ftiin\u0163a ne \u00eenva\u0163\u0103 c\u0103 P\u0103m\u00e2ntul nu are un loc central \u00een Univers, a\u015fa cum o spune Biblia. P\u0103m\u00e2ntul se \u00eenv\u00e2rte \u00een jurul Soarelui, Soarele se \u00eenv\u00e2rte \u00een jurul galaxiei Calea &#8230; <\/p>\n<p class=\"read-more-container\"><a title=\"Nu mai r\u00e2de\u0163i de rom\u00e2nii care cred c\u0103 Soarele se \u00eenv\u00e2rte \u00een jurul P\u0103m\u00e2ntului\" class=\"read-more button\" href=\"https:\/\/www.lovendal.ro\/wp52\/nu-mai-radeti-de-romanii-care-cred-ca-soarele-se-invarte-in-jurul-pamantului\/#more-13619\" aria-label=\"Cite\u0219te mai multe despre Nu mai r\u00e2de\u0163i de rom\u00e2nii care cred c\u0103 Soarele se \u00eenv\u00e2rte \u00een jurul P\u0103m\u00e2ntului\">Cititi mai multe<\/a><\/p>\n","protected":false},"author":1,"featured_media":13620,"comment_status":"open","ping_status":"closed","sticky":false,"template":"","format":"standard","meta":{"footnotes":""},"categories":[2883],"tags":[9813,610,1511,154,1283,1367,3393,808,105,865,3175,1104],"class_list":["post-13619","post","type-post","status-publish","format-standard","has-post-thumbnail","hentry","category-editorial","tag-editorial","tag-einstein","tag-eter","tag-galileo-galilei","tag-geocentrism","tag-gravitatie","tag-michelson-morley","tag-newton","tag-pamant","tag-soare","tag-stele","tag-teoria-relativitatii","resize-featured-image"],"yoast_head":"<!-- This site is optimized with the Yoast SEO Premium plugin v23.3 (Yoast SEO v27.4) - https:\/\/yoast.com\/product\/yoast-seo-premium-wordpress\/ -->\n<title>Nu mai r\u00e2de\u0163i de rom\u00e2nii care cred c\u0103 Soarele se \u00eenv\u00e2rte \u00een jurul P\u0103m\u00e2ntului - Secretele lui Lovendal<\/title>\n<meta name=\"robots\" content=\"index, follow, max-snippet:-1, max-image-preview:large, max-video-preview:-1\" \/>\n<link rel=\"canonical\" href=\"https:\/\/www.lovendal.ro\/wp52\/nu-mai-radeti-de-romanii-care-cred-ca-soarele-se-invarte-in-jurul-pamantului\/\" \/>\n<meta property=\"og:locale\" content=\"ro_RO\" \/>\n<meta property=\"og:type\" content=\"article\" \/>\n<meta property=\"og:title\" content=\"Nu mai r\u00e2de\u0163i de rom\u00e2nii care cred c\u0103 Soarele se \u00eenv\u00e2rte \u00een jurul P\u0103m\u00e2ntului\" \/>\n<meta property=\"og:description\" content=\"De circa 4 secole, odat\u0103 cu Galileo Galilei \u015fi Copernic, \u015ftiin\u0163a ne \u00eenva\u0163\u0103 c\u0103 P\u0103m\u00e2ntul nu are un loc central \u00een Univers, a\u015fa cum o spune Biblia. P\u0103m\u00e2ntul se \u00eenv\u00e2rte \u00een jurul Soarelui, Soarele se \u00eenv\u00e2rte \u00een jurul galaxiei Calea ... Cititi mai multe\" \/>\n<meta property=\"og:url\" content=\"https:\/\/www.lovendal.ro\/wp52\/nu-mai-radeti-de-romanii-care-cred-ca-soarele-se-invarte-in-jurul-pamantului\/\" \/>\n<meta property=\"og:site_name\" content=\"Secretele lui Lovendal\" \/>\n<meta property=\"article:publisher\" content=\"https:\/\/www.facebook.com\/secreteleluilovendal\" \/>\n<meta property=\"article:published_time\" content=\"2010-08-01T16:47:25+00:00\" \/>\n<meta property=\"article:modified_time\" content=\"2010-08-01T16:50:40+00:00\" \/>\n<meta property=\"og:image\" content=\"https:\/\/www.lovendal.ro\/wp52\/wp-content\/uploads\/2010\/08\/Pamant-Soare.jpg\" \/>\n\t<meta property=\"og:image:width\" content=\"295\" \/>\n\t<meta property=\"og:image:height\" content=\"221\" \/>\n\t<meta property=\"og:image:type\" content=\"image\/jpeg\" \/>\n<meta name=\"author\" content=\"admin\" \/>\n<meta name=\"twitter:card\" content=\"summary_large_image\" \/>\n<meta name=\"twitter:label1\" content=\"Scris de\" \/>\n\t<meta name=\"twitter:data1\" content=\"admin\" \/>\n\t<meta name=\"twitter:label2\" content=\"Timp estimat pentru citire\" \/>\n\t<meta name=\"twitter:data2\" content=\"3 minute\" \/>\n<script type=\"application\/ld+json\" class=\"yoast-schema-graph\">{\"@context\":\"https:\\\/\\\/schema.org\",\"@graph\":[{\"@type\":\"Article\",\"@id\":\"https:\\\/\\\/www.lovendal.ro\\\/wp52\\\/nu-mai-radeti-de-romanii-care-cred-ca-soarele-se-invarte-in-jurul-pamantului\\\/#article\",\"isPartOf\":{\"@id\":\"https:\\\/\\\/www.lovendal.ro\\\/wp52\\\/nu-mai-radeti-de-romanii-care-cred-ca-soarele-se-invarte-in-jurul-pamantului\\\/\"},\"author\":{\"name\":\"admin\",\"@id\":\"https:\\\/\\\/www.lovendal.ro\\\/wp52\\\/#\\\/schema\\\/person\\\/088691de5dfc346bb0c023e1e52ef5d9\"},\"headline\":\"Nu mai r\u00e2de\u0163i de rom\u00e2nii care cred c\u0103 Soarele se \u00eenv\u00e2rte \u00een jurul P\u0103m\u00e2ntului\",\"datePublished\":\"2010-08-01T16:47:25+00:00\",\"dateModified\":\"2010-08-01T16:50:40+00:00\",\"mainEntityOfPage\":{\"@id\":\"https:\\\/\\\/www.lovendal.ro\\\/wp52\\\/nu-mai-radeti-de-romanii-care-cred-ca-soarele-se-invarte-in-jurul-pamantului\\\/\"},\"wordCount\":696,\"commentCount\":37,\"publisher\":{\"@id\":\"https:\\\/\\\/www.lovendal.ro\\\/wp52\\\/#organization\"},\"image\":{\"@id\":\"https:\\\/\\\/www.lovendal.ro\\\/wp52\\\/nu-mai-radeti-de-romanii-care-cred-ca-soarele-se-invarte-in-jurul-pamantului\\\/#primaryimage\"},\"thumbnailUrl\":\"https:\\\/\\\/www.lovendal.ro\\\/wp52\\\/wp-content\\\/uploads\\\/2010\\\/08\\\/Pamant-Soare.jpg\",\"keywords\":[\"Editorial\",\"Einstein\",\"eter\",\"Galileo Galilei\",\"geocentrism\",\"gravita\u0163ie\",\"Michelson-Morley\",\"Newton\",\"P\u0103m\u00e2nt\",\"Soare\",\"stele\",\"teoria relativit\u0103\u0163ii\"],\"articleSection\":[\"Editorial\"],\"inLanguage\":\"ro-RO\",\"potentialAction\":[{\"@type\":\"CommentAction\",\"name\":\"Comment\",\"target\":[\"https:\\\/\\\/www.lovendal.ro\\\/wp52\\\/nu-mai-radeti-de-romanii-care-cred-ca-soarele-se-invarte-in-jurul-pamantului\\\/#respond\"]}]},{\"@type\":\"WebPage\",\"@id\":\"https:\\\/\\\/www.lovendal.ro\\\/wp52\\\/nu-mai-radeti-de-romanii-care-cred-ca-soarele-se-invarte-in-jurul-pamantului\\\/\",\"url\":\"https:\\\/\\\/www.lovendal.ro\\\/wp52\\\/nu-mai-radeti-de-romanii-care-cred-ca-soarele-se-invarte-in-jurul-pamantului\\\/\",\"name\":\"Nu mai r\u00e2de\u0163i de rom\u00e2nii care cred c\u0103 Soarele se \u00eenv\u00e2rte \u00een jurul P\u0103m\u00e2ntului - Secretele lui Lovendal\",\"isPartOf\":{\"@id\":\"https:\\\/\\\/www.lovendal.ro\\\/wp52\\\/#website\"},\"primaryImageOfPage\":{\"@id\":\"https:\\\/\\\/www.lovendal.ro\\\/wp52\\\/nu-mai-radeti-de-romanii-care-cred-ca-soarele-se-invarte-in-jurul-pamantului\\\/#primaryimage\"},\"image\":{\"@id\":\"https:\\\/\\\/www.lovendal.ro\\\/wp52\\\/nu-mai-radeti-de-romanii-care-cred-ca-soarele-se-invarte-in-jurul-pamantului\\\/#primaryimage\"},\"thumbnailUrl\":\"https:\\\/\\\/www.lovendal.ro\\\/wp52\\\/wp-content\\\/uploads\\\/2010\\\/08\\\/Pamant-Soare.jpg\",\"datePublished\":\"2010-08-01T16:47:25+00:00\",\"dateModified\":\"2010-08-01T16:50:40+00:00\",\"breadcrumb\":{\"@id\":\"https:\\\/\\\/www.lovendal.ro\\\/wp52\\\/nu-mai-radeti-de-romanii-care-cred-ca-soarele-se-invarte-in-jurul-pamantului\\\/#breadcrumb\"},\"inLanguage\":\"ro-RO\",\"potentialAction\":[{\"@type\":\"ReadAction\",\"target\":[\"https:\\\/\\\/www.lovendal.ro\\\/wp52\\\/nu-mai-radeti-de-romanii-care-cred-ca-soarele-se-invarte-in-jurul-pamantului\\\/\"]}]},{\"@type\":\"ImageObject\",\"inLanguage\":\"ro-RO\",\"@id\":\"https:\\\/\\\/www.lovendal.ro\\\/wp52\\\/nu-mai-radeti-de-romanii-care-cred-ca-soarele-se-invarte-in-jurul-pamantului\\\/#primaryimage\",\"url\":\"https:\\\/\\\/www.lovendal.ro\\\/wp52\\\/wp-content\\\/uploads\\\/2010\\\/08\\\/Pamant-Soare.jpg\",\"contentUrl\":\"https:\\\/\\\/www.lovendal.ro\\\/wp52\\\/wp-content\\\/uploads\\\/2010\\\/08\\\/Pamant-Soare.jpg\",\"width\":\"295\",\"height\":\"221\"},{\"@type\":\"BreadcrumbList\",\"@id\":\"https:\\\/\\\/www.lovendal.ro\\\/wp52\\\/nu-mai-radeti-de-romanii-care-cred-ca-soarele-se-invarte-in-jurul-pamantului\\\/#breadcrumb\",\"itemListElement\":[{\"@type\":\"ListItem\",\"position\":1,\"name\":\"Home\",\"item\":\"https:\\\/\\\/www.lovendal.ro\\\/wp52\\\/\"},{\"@type\":\"ListItem\",\"position\":2,\"name\":\"Nu mai r\u00e2de\u0163i de rom\u00e2nii care cred c\u0103 Soarele se \u00eenv\u00e2rte \u00een jurul P\u0103m\u00e2ntului\"}]},{\"@type\":\"WebSite\",\"@id\":\"https:\\\/\\\/www.lovendal.ro\\\/wp52\\\/#website\",\"url\":\"https:\\\/\\\/www.lovendal.ro\\\/wp52\\\/\",\"name\":\"Secretele lui Lovendal\",\"description\":\"Site de secrete, stiinta si metafizica - din 2008 -\",\"publisher\":{\"@id\":\"https:\\\/\\\/www.lovendal.ro\\\/wp52\\\/#organization\"},\"potentialAction\":[{\"@type\":\"SearchAction\",\"target\":{\"@type\":\"EntryPoint\",\"urlTemplate\":\"https:\\\/\\\/www.lovendal.ro\\\/wp52\\\/?s={search_term_string}\"},\"query-input\":{\"@type\":\"PropertyValueSpecification\",\"valueRequired\":true,\"valueName\":\"search_term_string\"}}],\"inLanguage\":\"ro-RO\"},{\"@type\":\"Organization\",\"@id\":\"https:\\\/\\\/www.lovendal.ro\\\/wp52\\\/#organization\",\"name\":\"Secretele lui Lovendal\",\"url\":\"https:\\\/\\\/www.lovendal.ro\\\/wp52\\\/\",\"logo\":{\"@type\":\"ImageObject\",\"inLanguage\":\"ro-RO\",\"@id\":\"https:\\\/\\\/www.lovendal.ro\\\/wp52\\\/#\\\/schema\\\/logo\\\/image\\\/\",\"url\":\"https:\\\/\\\/www.lovendal.ro\\\/wp52\\\/wp-content\\\/uploads\\\/2024\\\/06\\\/cropped-SLL-iun-2024-1.jpg\",\"contentUrl\":\"https:\\\/\\\/www.lovendal.ro\\\/wp52\\\/wp-content\\\/uploads\\\/2024\\\/06\\\/cropped-SLL-iun-2024-1.jpg\",\"width\":771,\"height\":240,\"caption\":\"Secretele lui Lovendal\"},\"image\":{\"@id\":\"https:\\\/\\\/www.lovendal.ro\\\/wp52\\\/#\\\/schema\\\/logo\\\/image\\\/\"},\"sameAs\":[\"https:\\\/\\\/www.facebook.com\\\/secreteleluilovendal\"]},{\"@type\":\"Person\",\"@id\":\"https:\\\/\\\/www.lovendal.ro\\\/wp52\\\/#\\\/schema\\\/person\\\/088691de5dfc346bb0c023e1e52ef5d9\",\"name\":\"admin\",\"image\":{\"@type\":\"ImageObject\",\"inLanguage\":\"ro-RO\",\"@id\":\"https:\\\/\\\/secure.gravatar.com\\\/avatar\\\/ecb9cd41f5f63c9c9b989999a59f6e2639a865ec361e9db054db0679a8f341c2?s=96&d=mm&r=g\",\"url\":\"https:\\\/\\\/secure.gravatar.com\\\/avatar\\\/ecb9cd41f5f63c9c9b989999a59f6e2639a865ec361e9db054db0679a8f341c2?s=96&d=mm&r=g\",\"contentUrl\":\"https:\\\/\\\/secure.gravatar.com\\\/avatar\\\/ecb9cd41f5f63c9c9b989999a59f6e2639a865ec361e9db054db0679a8f341c2?s=96&d=mm&r=g\",\"caption\":\"admin\"},\"sameAs\":[\"https:\\\/\\\/www.lovendal.ro\\\/wp52\"]}]}<\/script>\n<!-- \/ Yoast SEO Premium plugin. -->","yoast_head_json":{"title":"Nu mai r\u00e2de\u0163i de rom\u00e2nii care cred c\u0103 Soarele se \u00eenv\u00e2rte \u00een jurul P\u0103m\u00e2ntului - Secretele lui Lovendal","robots":{"index":"index","follow":"follow","max-snippet":"max-snippet:-1","max-image-preview":"max-image-preview:large","max-video-preview":"max-video-preview:-1"},"canonical":"https:\/\/www.lovendal.ro\/wp52\/nu-mai-radeti-de-romanii-care-cred-ca-soarele-se-invarte-in-jurul-pamantului\/","og_locale":"ro_RO","og_type":"article","og_title":"Nu mai r\u00e2de\u0163i de rom\u00e2nii care cred c\u0103 Soarele se \u00eenv\u00e2rte \u00een jurul P\u0103m\u00e2ntului","og_description":"De circa 4 secole, odat\u0103 cu Galileo Galilei \u015fi Copernic, \u015ftiin\u0163a ne \u00eenva\u0163\u0103 c\u0103 P\u0103m\u00e2ntul nu are un loc central \u00een Univers, a\u015fa cum o spune Biblia. P\u0103m\u00e2ntul se \u00eenv\u00e2rte \u00een jurul Soarelui, Soarele se \u00eenv\u00e2rte \u00een jurul galaxiei Calea ... Cititi mai multe","og_url":"https:\/\/www.lovendal.ro\/wp52\/nu-mai-radeti-de-romanii-care-cred-ca-soarele-se-invarte-in-jurul-pamantului\/","og_site_name":"Secretele lui Lovendal","article_publisher":"https:\/\/www.facebook.com\/secreteleluilovendal","article_published_time":"2010-08-01T16:47:25+00:00","article_modified_time":"2010-08-01T16:50:40+00:00","og_image":[{"width":295,"height":221,"url":"https:\/\/www.lovendal.ro\/wp52\/wp-content\/uploads\/2010\/08\/Pamant-Soare.jpg","type":"image\/jpeg"}],"author":"admin","twitter_card":"summary_large_image","twitter_misc":{"Scris de":"admin","Timp estimat pentru citire":"3 minute"},"schema":{"@context":"https:\/\/schema.org","@graph":[{"@type":"Article","@id":"https:\/\/www.lovendal.ro\/wp52\/nu-mai-radeti-de-romanii-care-cred-ca-soarele-se-invarte-in-jurul-pamantului\/#article","isPartOf":{"@id":"https:\/\/www.lovendal.ro\/wp52\/nu-mai-radeti-de-romanii-care-cred-ca-soarele-se-invarte-in-jurul-pamantului\/"},"author":{"name":"admin","@id":"https:\/\/www.lovendal.ro\/wp52\/#\/schema\/person\/088691de5dfc346bb0c023e1e52ef5d9"},"headline":"Nu mai r\u00e2de\u0163i de rom\u00e2nii care cred c\u0103 Soarele se \u00eenv\u00e2rte \u00een jurul P\u0103m\u00e2ntului","datePublished":"2010-08-01T16:47:25+00:00","dateModified":"2010-08-01T16:50:40+00:00","mainEntityOfPage":{"@id":"https:\/\/www.lovendal.ro\/wp52\/nu-mai-radeti-de-romanii-care-cred-ca-soarele-se-invarte-in-jurul-pamantului\/"},"wordCount":696,"commentCount":37,"publisher":{"@id":"https:\/\/www.lovendal.ro\/wp52\/#organization"},"image":{"@id":"https:\/\/www.lovendal.ro\/wp52\/nu-mai-radeti-de-romanii-care-cred-ca-soarele-se-invarte-in-jurul-pamantului\/#primaryimage"},"thumbnailUrl":"https:\/\/www.lovendal.ro\/wp52\/wp-content\/uploads\/2010\/08\/Pamant-Soare.jpg","keywords":["Editorial","Einstein","eter","Galileo Galilei","geocentrism","gravita\u0163ie","Michelson-Morley","Newton","P\u0103m\u00e2nt","Soare","stele","teoria relativit\u0103\u0163ii"],"articleSection":["Editorial"],"inLanguage":"ro-RO","potentialAction":[{"@type":"CommentAction","name":"Comment","target":["https:\/\/www.lovendal.ro\/wp52\/nu-mai-radeti-de-romanii-care-cred-ca-soarele-se-invarte-in-jurul-pamantului\/#respond"]}]},{"@type":"WebPage","@id":"https:\/\/www.lovendal.ro\/wp52\/nu-mai-radeti-de-romanii-care-cred-ca-soarele-se-invarte-in-jurul-pamantului\/","url":"https:\/\/www.lovendal.ro\/wp52\/nu-mai-radeti-de-romanii-care-cred-ca-soarele-se-invarte-in-jurul-pamantului\/","name":"Nu mai r\u00e2de\u0163i de rom\u00e2nii care cred c\u0103 Soarele se \u00eenv\u00e2rte \u00een jurul P\u0103m\u00e2ntului - Secretele lui Lovendal","isPartOf":{"@id":"https:\/\/www.lovendal.ro\/wp52\/#website"},"primaryImageOfPage":{"@id":"https:\/\/www.lovendal.ro\/wp52\/nu-mai-radeti-de-romanii-care-cred-ca-soarele-se-invarte-in-jurul-pamantului\/#primaryimage"},"image":{"@id":"https:\/\/www.lovendal.ro\/wp52\/nu-mai-radeti-de-romanii-care-cred-ca-soarele-se-invarte-in-jurul-pamantului\/#primaryimage"},"thumbnailUrl":"https:\/\/www.lovendal.ro\/wp52\/wp-content\/uploads\/2010\/08\/Pamant-Soare.jpg","datePublished":"2010-08-01T16:47:25+00:00","dateModified":"2010-08-01T16:50:40+00:00","breadcrumb":{"@id":"https:\/\/www.lovendal.ro\/wp52\/nu-mai-radeti-de-romanii-care-cred-ca-soarele-se-invarte-in-jurul-pamantului\/#breadcrumb"},"inLanguage":"ro-RO","potentialAction":[{"@type":"ReadAction","target":["https:\/\/www.lovendal.ro\/wp52\/nu-mai-radeti-de-romanii-care-cred-ca-soarele-se-invarte-in-jurul-pamantului\/"]}]},{"@type":"ImageObject","inLanguage":"ro-RO","@id":"https:\/\/www.lovendal.ro\/wp52\/nu-mai-radeti-de-romanii-care-cred-ca-soarele-se-invarte-in-jurul-pamantului\/#primaryimage","url":"https:\/\/www.lovendal.ro\/wp52\/wp-content\/uploads\/2010\/08\/Pamant-Soare.jpg","contentUrl":"https:\/\/www.lovendal.ro\/wp52\/wp-content\/uploads\/2010\/08\/Pamant-Soare.jpg","width":"295","height":"221"},{"@type":"BreadcrumbList","@id":"https:\/\/www.lovendal.ro\/wp52\/nu-mai-radeti-de-romanii-care-cred-ca-soarele-se-invarte-in-jurul-pamantului\/#breadcrumb","itemListElement":[{"@type":"ListItem","position":1,"name":"Home","item":"https:\/\/www.lovendal.ro\/wp52\/"},{"@type":"ListItem","position":2,"name":"Nu mai r\u00e2de\u0163i de rom\u00e2nii care cred c\u0103 Soarele se \u00eenv\u00e2rte \u00een jurul P\u0103m\u00e2ntului"}]},{"@type":"WebSite","@id":"https:\/\/www.lovendal.ro\/wp52\/#website","url":"https:\/\/www.lovendal.ro\/wp52\/","name":"Secretele lui Lovendal","description":"Site de secrete, stiinta si metafizica - din 2008 -","publisher":{"@id":"https:\/\/www.lovendal.ro\/wp52\/#organization"},"potentialAction":[{"@type":"SearchAction","target":{"@type":"EntryPoint","urlTemplate":"https:\/\/www.lovendal.ro\/wp52\/?s={search_term_string}"},"query-input":{"@type":"PropertyValueSpecification","valueRequired":true,"valueName":"search_term_string"}}],"inLanguage":"ro-RO"},{"@type":"Organization","@id":"https:\/\/www.lovendal.ro\/wp52\/#organization","name":"Secretele lui Lovendal","url":"https:\/\/www.lovendal.ro\/wp52\/","logo":{"@type":"ImageObject","inLanguage":"ro-RO","@id":"https:\/\/www.lovendal.ro\/wp52\/#\/schema\/logo\/image\/","url":"https:\/\/www.lovendal.ro\/wp52\/wp-content\/uploads\/2024\/06\/cropped-SLL-iun-2024-1.jpg","contentUrl":"https:\/\/www.lovendal.ro\/wp52\/wp-content\/uploads\/2024\/06\/cropped-SLL-iun-2024-1.jpg","width":771,"height":240,"caption":"Secretele lui Lovendal"},"image":{"@id":"https:\/\/www.lovendal.ro\/wp52\/#\/schema\/logo\/image\/"},"sameAs":["https:\/\/www.facebook.com\/secreteleluilovendal"]},{"@type":"Person","@id":"https:\/\/www.lovendal.ro\/wp52\/#\/schema\/person\/088691de5dfc346bb0c023e1e52ef5d9","name":"admin","image":{"@type":"ImageObject","inLanguage":"ro-RO","@id":"https:\/\/secure.gravatar.com\/avatar\/ecb9cd41f5f63c9c9b989999a59f6e2639a865ec361e9db054db0679a8f341c2?s=96&d=mm&r=g","url":"https:\/\/secure.gravatar.com\/avatar\/ecb9cd41f5f63c9c9b989999a59f6e2639a865ec361e9db054db0679a8f341c2?s=96&d=mm&r=g","contentUrl":"https:\/\/secure.gravatar.com\/avatar\/ecb9cd41f5f63c9c9b989999a59f6e2639a865ec361e9db054db0679a8f341c2?s=96&d=mm&r=g","caption":"admin"},"sameAs":["https:\/\/www.lovendal.ro\/wp52"]}]}},"_links":{"self":[{"href":"https:\/\/www.lovendal.ro\/wp52\/wp-json\/wp\/v2\/posts\/13619","targetHints":{"allow":["GET"]}}],"collection":[{"href":"https:\/\/www.lovendal.ro\/wp52\/wp-json\/wp\/v2\/posts"}],"about":[{"href":"https:\/\/www.lovendal.ro\/wp52\/wp-json\/wp\/v2\/types\/post"}],"author":[{"embeddable":true,"href":"https:\/\/www.lovendal.ro\/wp52\/wp-json\/wp\/v2\/users\/1"}],"replies":[{"embeddable":true,"href":"https:\/\/www.lovendal.ro\/wp52\/wp-json\/wp\/v2\/comments?post=13619"}],"version-history":[{"count":0,"href":"https:\/\/www.lovendal.ro\/wp52\/wp-json\/wp\/v2\/posts\/13619\/revisions"}],"wp:featuredmedia":[{"embeddable":true,"href":"https:\/\/www.lovendal.ro\/wp52\/wp-json\/wp\/v2\/media\/13620"}],"wp:attachment":[{"href":"https:\/\/www.lovendal.ro\/wp52\/wp-json\/wp\/v2\/media?parent=13619"}],"wp:term":[{"taxonomy":"category","embeddable":true,"href":"https:\/\/www.lovendal.ro\/wp52\/wp-json\/wp\/v2\/categories?post=13619"},{"taxonomy":"post_tag","embeddable":true,"href":"https:\/\/www.lovendal.ro\/wp52\/wp-json\/wp\/v2\/tags?post=13619"}],"curies":[{"name":"wp","href":"https:\/\/api.w.org\/{rel}","templated":true}]}}