{"id":13524,"date":"2010-07-25T20:04:08","date_gmt":"2010-07-25T17:04:08","guid":{"rendered":"http:\/\/www.lovendal.net\/wp52\/?p=13524"},"modified":"2010-07-25T20:04:08","modified_gmt":"2010-07-25T17:04:08","slug":"nebunul-de-schopenhauer-isi-ardea-barba-si-vorbea-singur-pe-strada","status":"publish","type":"post","link":"https:\/\/www.lovendal.ro\/wp52\/nebunul-de-schopenhauer-isi-ardea-barba-si-vorbea-singur-pe-strada\/","title":{"rendered":"Nebunul de Schopenhauer: \u00ee\u015fi ardea barba \u015fi vorbea singur pe strad\u0103"},"content":{"rendered":"<p><a href=\"https:\/\/www.lovendal.ro\/wp52\/wp-content\/uploads\/2010\/07\/schopenhauer-nebunul.jpg\"><img loading=\"lazy\" decoding=\"async\" class=\"alignleft size-full wp-image-13525\" title=\"schopenhauer nebunul\" src=\"https:\/\/www.lovendal.ro\/wp52\/wp-content\/uploads\/2010\/07\/schopenhauer-nebunul.jpg\" alt=\"schopenhauer nebunul\" width=\"281\" height=\"210\" \/><\/a>Arthur Schopenhauer (1788-1860), marele filozof german, a fost destul de nebun \u00een via\u0163a sa tumultoas\u0103.\u00a0 Astfel, \u00eenc\u0103 din tinere\u0163e, el sim\u0163ea c\u0103 este posedat de un demon \u015fi timp de s\u0103pt\u0103m\u00e2ni nu vorbea cu nimeni, mergea pe strad\u0103 vorbind singur, cu voce tare \u015fi gesticula. Odat\u0103 i-a fracturat o m\u00e2n\u0103 proprietarului s\u0103u pentru c\u0103 l-a auzit sporov\u0103ind \u00een anticamera apartamentului s\u0103u. Alt\u0103 dat\u0103 s-a \u00eenfuriat \u015fi a refuzat s\u0103-\u015fi mai pl\u0103teasc\u0103 datoriile atunci c\u00e2nd i-au fost cerute.<\/p>\n<p>\u00ce\u015fi semna numele cu litera \u201ep&#8221;, \u015fi-a ars barba \u00een loc s\u0103 se rad\u0103; \u00ee\u015fi ascundea banii \u00een c\u0103limar\u0103, iar h\u00e2rtiile de valoare, \u00een plapum\u0103. Noti\u0163ele le redacta \u00een limbile greac\u0103, latin\u0103 sau sanscrit\u0103 \u015fi le ascundea prin c\u0103r\u0163ile din bibliotec\u0103 pentru ca s\u0103 nu i le fure cineva. Se considera victima unei vaste conspira\u0163ii puse la cale de c\u0103tre profesorii de filosofie.<\/p>\n<p>Tare ciudat mai era!<\/p>\n","protected":false},"excerpt":{"rendered":"<p>Arthur Schopenhauer (1788-1860), marele filozof german, a fost destul de nebun \u00een via\u0163a sa tumultoas\u0103.\u00a0 Astfel, \u00eenc\u0103 din tinere\u0163e, el sim\u0163ea c\u0103 este posedat de un demon \u015fi timp de s\u0103pt\u0103m\u00e2ni nu vorbea cu nimeni, mergea pe strad\u0103 vorbind singur, &#8230; <\/p>\n<p class=\"read-more-container\"><a title=\"Nebunul de Schopenhauer: \u00ee\u015fi ardea barba \u015fi vorbea singur pe strad\u0103\" class=\"read-more button\" href=\"https:\/\/www.lovendal.ro\/wp52\/nebunul-de-schopenhauer-isi-ardea-barba-si-vorbea-singur-pe-strada\/#more-13524\" aria-label=\"Cite\u0219te mai multe despre Nebunul de Schopenhauer: \u00ee\u015fi ardea barba \u015fi vorbea singur pe strad\u0103\">Cititi mai multe<\/a><\/p>\n","protected":false},"author":1,"featured_media":13525,"comment_status":"open","ping_status":"closed","sticky":false,"template":"","format":"standard","meta":{"footnotes":""},"categories":[28],"tags":[9798,37,2266,2535],"class_list":["post-13524","post","type-post","status-publish","format-standard","has-post-thumbnail","hentry","category-cultura","tag-cultura","tag-filozof","tag-nebun","tag-schopenhauer","resize-featured-image"],"yoast_head":"<!-- This site is optimized with the Yoast SEO Premium plugin v23.3 (Yoast SEO v27.4) - https:\/\/yoast.com\/product\/yoast-seo-premium-wordpress\/ -->\n<title>Nebunul de Schopenhauer: \u00ee\u015fi ardea barba \u015fi vorbea singur pe strad\u0103 - Secretele lui Lovendal<\/title>\n<meta name=\"robots\" content=\"index, follow, max-snippet:-1, max-image-preview:large, max-video-preview:-1\" \/>\n<link rel=\"canonical\" href=\"https:\/\/www.lovendal.ro\/wp52\/nebunul-de-schopenhauer-isi-ardea-barba-si-vorbea-singur-pe-strada\/\" \/>\n<meta property=\"og:locale\" content=\"ro_RO\" \/>\n<meta property=\"og:type\" content=\"article\" \/>\n<meta property=\"og:title\" content=\"Nebunul de Schopenhauer: \u00ee\u015fi ardea barba \u015fi vorbea singur pe strad\u0103\" \/>\n<meta property=\"og:description\" content=\"Arthur Schopenhauer (1788-1860), marele filozof german, a fost destul de nebun \u00een via\u0163a sa tumultoas\u0103.\u00a0 Astfel, \u00eenc\u0103 din tinere\u0163e, el sim\u0163ea c\u0103 este posedat de un demon \u015fi timp de s\u0103pt\u0103m\u00e2ni nu vorbea cu nimeni, mergea pe strad\u0103 vorbind singur, ... Cititi mai multe\" \/>\n<meta property=\"og:url\" content=\"https:\/\/www.lovendal.ro\/wp52\/nebunul-de-schopenhauer-isi-ardea-barba-si-vorbea-singur-pe-strada\/\" \/>\n<meta property=\"og:site_name\" content=\"Secretele lui Lovendal\" \/>\n<meta property=\"article:publisher\" content=\"https:\/\/www.facebook.com\/secreteleluilovendal\" \/>\n<meta property=\"article:published_time\" content=\"2010-07-25T17:04:08+00:00\" \/>\n<meta property=\"og:image\" content=\"https:\/\/www.lovendal.ro\/wp52\/wp-content\/uploads\/2010\/07\/schopenhauer-nebunul.jpg\" \/>\n\t<meta property=\"og:image:width\" content=\"299\" \/>\n\t<meta property=\"og:image:height\" content=\"223\" \/>\n\t<meta property=\"og:image:type\" content=\"image\/jpeg\" \/>\n<meta name=\"author\" content=\"admin\" \/>\n<meta name=\"twitter:card\" content=\"summary_large_image\" \/>\n<meta name=\"twitter:label1\" content=\"Scris de\" \/>\n\t<meta name=\"twitter:data1\" content=\"admin\" \/>\n\t<meta name=\"twitter:label2\" content=\"Timp estimat pentru citire\" \/>\n\t<meta name=\"twitter:data2\" content=\"1 minut\" \/>\n<script type=\"application\/ld+json\" class=\"yoast-schema-graph\">{\"@context\":\"https:\\\/\\\/schema.org\",\"@graph\":[{\"@type\":\"Article\",\"@id\":\"https:\\\/\\\/www.lovendal.ro\\\/wp52\\\/nebunul-de-schopenhauer-isi-ardea-barba-si-vorbea-singur-pe-strada\\\/#article\",\"isPartOf\":{\"@id\":\"https:\\\/\\\/www.lovendal.ro\\\/wp52\\\/nebunul-de-schopenhauer-isi-ardea-barba-si-vorbea-singur-pe-strada\\\/\"},\"author\":{\"name\":\"admin\",\"@id\":\"https:\\\/\\\/www.lovendal.ro\\\/wp52\\\/#\\\/schema\\\/person\\\/088691de5dfc346bb0c023e1e52ef5d9\"},\"headline\":\"Nebunul de Schopenhauer: \u00ee\u015fi ardea barba \u015fi vorbea singur pe strad\u0103\",\"datePublished\":\"2010-07-25T17:04:08+00:00\",\"mainEntityOfPage\":{\"@id\":\"https:\\\/\\\/www.lovendal.ro\\\/wp52\\\/nebunul-de-schopenhauer-isi-ardea-barba-si-vorbea-singur-pe-strada\\\/\"},\"wordCount\":176,\"commentCount\":18,\"publisher\":{\"@id\":\"https:\\\/\\\/www.lovendal.ro\\\/wp52\\\/#organization\"},\"image\":{\"@id\":\"https:\\\/\\\/www.lovendal.ro\\\/wp52\\\/nebunul-de-schopenhauer-isi-ardea-barba-si-vorbea-singur-pe-strada\\\/#primaryimage\"},\"thumbnailUrl\":\"https:\\\/\\\/www.lovendal.ro\\\/wp52\\\/wp-content\\\/uploads\\\/2010\\\/07\\\/schopenhauer-nebunul.jpg\",\"keywords\":[\"Cultura\",\"filozof\",\"nebun\",\"Schopenhauer\"],\"articleSection\":[\"Cultura\"],\"inLanguage\":\"ro-RO\",\"potentialAction\":[{\"@type\":\"CommentAction\",\"name\":\"Comment\",\"target\":[\"https:\\\/\\\/www.lovendal.ro\\\/wp52\\\/nebunul-de-schopenhauer-isi-ardea-barba-si-vorbea-singur-pe-strada\\\/#respond\"]}]},{\"@type\":\"WebPage\",\"@id\":\"https:\\\/\\\/www.lovendal.ro\\\/wp52\\\/nebunul-de-schopenhauer-isi-ardea-barba-si-vorbea-singur-pe-strada\\\/\",\"url\":\"https:\\\/\\\/www.lovendal.ro\\\/wp52\\\/nebunul-de-schopenhauer-isi-ardea-barba-si-vorbea-singur-pe-strada\\\/\",\"name\":\"Nebunul de Schopenhauer: \u00ee\u015fi ardea barba \u015fi vorbea singur pe strad\u0103 - Secretele lui Lovendal\",\"isPartOf\":{\"@id\":\"https:\\\/\\\/www.lovendal.ro\\\/wp52\\\/#website\"},\"primaryImageOfPage\":{\"@id\":\"https:\\\/\\\/www.lovendal.ro\\\/wp52\\\/nebunul-de-schopenhauer-isi-ardea-barba-si-vorbea-singur-pe-strada\\\/#primaryimage\"},\"image\":{\"@id\":\"https:\\\/\\\/www.lovendal.ro\\\/wp52\\\/nebunul-de-schopenhauer-isi-ardea-barba-si-vorbea-singur-pe-strada\\\/#primaryimage\"},\"thumbnailUrl\":\"https:\\\/\\\/www.lovendal.ro\\\/wp52\\\/wp-content\\\/uploads\\\/2010\\\/07\\\/schopenhauer-nebunul.jpg\",\"datePublished\":\"2010-07-25T17:04:08+00:00\",\"breadcrumb\":{\"@id\":\"https:\\\/\\\/www.lovendal.ro\\\/wp52\\\/nebunul-de-schopenhauer-isi-ardea-barba-si-vorbea-singur-pe-strada\\\/#breadcrumb\"},\"inLanguage\":\"ro-RO\",\"potentialAction\":[{\"@type\":\"ReadAction\",\"target\":[\"https:\\\/\\\/www.lovendal.ro\\\/wp52\\\/nebunul-de-schopenhauer-isi-ardea-barba-si-vorbea-singur-pe-strada\\\/\"]}]},{\"@type\":\"ImageObject\",\"inLanguage\":\"ro-RO\",\"@id\":\"https:\\\/\\\/www.lovendal.ro\\\/wp52\\\/nebunul-de-schopenhauer-isi-ardea-barba-si-vorbea-singur-pe-strada\\\/#primaryimage\",\"url\":\"https:\\\/\\\/www.lovendal.ro\\\/wp52\\\/wp-content\\\/uploads\\\/2010\\\/07\\\/schopenhauer-nebunul.jpg\",\"contentUrl\":\"https:\\\/\\\/www.lovendal.ro\\\/wp52\\\/wp-content\\\/uploads\\\/2010\\\/07\\\/schopenhauer-nebunul.jpg\",\"width\":\"299\",\"height\":\"223\"},{\"@type\":\"BreadcrumbList\",\"@id\":\"https:\\\/\\\/www.lovendal.ro\\\/wp52\\\/nebunul-de-schopenhauer-isi-ardea-barba-si-vorbea-singur-pe-strada\\\/#breadcrumb\",\"itemListElement\":[{\"@type\":\"ListItem\",\"position\":1,\"name\":\"Home\",\"item\":\"https:\\\/\\\/www.lovendal.ro\\\/wp52\\\/\"},{\"@type\":\"ListItem\",\"position\":2,\"name\":\"Nebunul de Schopenhauer: \u00ee\u015fi ardea barba \u015fi vorbea singur pe strad\u0103\"}]},{\"@type\":\"WebSite\",\"@id\":\"https:\\\/\\\/www.lovendal.ro\\\/wp52\\\/#website\",\"url\":\"https:\\\/\\\/www.lovendal.ro\\\/wp52\\\/\",\"name\":\"Secretele lui Lovendal\",\"description\":\"Site de secrete, stiinta si metafizica - din 2008 -\",\"publisher\":{\"@id\":\"https:\\\/\\\/www.lovendal.ro\\\/wp52\\\/#organization\"},\"potentialAction\":[{\"@type\":\"SearchAction\",\"target\":{\"@type\":\"EntryPoint\",\"urlTemplate\":\"https:\\\/\\\/www.lovendal.ro\\\/wp52\\\/?s={search_term_string}\"},\"query-input\":{\"@type\":\"PropertyValueSpecification\",\"valueRequired\":true,\"valueName\":\"search_term_string\"}}],\"inLanguage\":\"ro-RO\"},{\"@type\":\"Organization\",\"@id\":\"https:\\\/\\\/www.lovendal.ro\\\/wp52\\\/#organization\",\"name\":\"Secretele lui Lovendal\",\"url\":\"https:\\\/\\\/www.lovendal.ro\\\/wp52\\\/\",\"logo\":{\"@type\":\"ImageObject\",\"inLanguage\":\"ro-RO\",\"@id\":\"https:\\\/\\\/www.lovendal.ro\\\/wp52\\\/#\\\/schema\\\/logo\\\/image\\\/\",\"url\":\"https:\\\/\\\/www.lovendal.ro\\\/wp52\\\/wp-content\\\/uploads\\\/2024\\\/06\\\/cropped-SLL-iun-2024-1.jpg\",\"contentUrl\":\"https:\\\/\\\/www.lovendal.ro\\\/wp52\\\/wp-content\\\/uploads\\\/2024\\\/06\\\/cropped-SLL-iun-2024-1.jpg\",\"width\":771,\"height\":240,\"caption\":\"Secretele lui Lovendal\"},\"image\":{\"@id\":\"https:\\\/\\\/www.lovendal.ro\\\/wp52\\\/#\\\/schema\\\/logo\\\/image\\\/\"},\"sameAs\":[\"https:\\\/\\\/www.facebook.com\\\/secreteleluilovendal\"]},{\"@type\":\"Person\",\"@id\":\"https:\\\/\\\/www.lovendal.ro\\\/wp52\\\/#\\\/schema\\\/person\\\/088691de5dfc346bb0c023e1e52ef5d9\",\"name\":\"admin\",\"image\":{\"@type\":\"ImageObject\",\"inLanguage\":\"ro-RO\",\"@id\":\"https:\\\/\\\/secure.gravatar.com\\\/avatar\\\/ecb9cd41f5f63c9c9b989999a59f6e2639a865ec361e9db054db0679a8f341c2?s=96&d=mm&r=g\",\"url\":\"https:\\\/\\\/secure.gravatar.com\\\/avatar\\\/ecb9cd41f5f63c9c9b989999a59f6e2639a865ec361e9db054db0679a8f341c2?s=96&d=mm&r=g\",\"contentUrl\":\"https:\\\/\\\/secure.gravatar.com\\\/avatar\\\/ecb9cd41f5f63c9c9b989999a59f6e2639a865ec361e9db054db0679a8f341c2?s=96&d=mm&r=g\",\"caption\":\"admin\"},\"sameAs\":[\"https:\\\/\\\/www.lovendal.ro\\\/wp52\"]}]}<\/script>\n<!-- \/ Yoast SEO Premium plugin. -->","yoast_head_json":{"title":"Nebunul de Schopenhauer: \u00ee\u015fi ardea barba \u015fi vorbea singur pe strad\u0103 - Secretele lui Lovendal","robots":{"index":"index","follow":"follow","max-snippet":"max-snippet:-1","max-image-preview":"max-image-preview:large","max-video-preview":"max-video-preview:-1"},"canonical":"https:\/\/www.lovendal.ro\/wp52\/nebunul-de-schopenhauer-isi-ardea-barba-si-vorbea-singur-pe-strada\/","og_locale":"ro_RO","og_type":"article","og_title":"Nebunul de Schopenhauer: \u00ee\u015fi ardea barba \u015fi vorbea singur pe strad\u0103","og_description":"Arthur Schopenhauer (1788-1860), marele filozof german, a fost destul de nebun \u00een via\u0163a sa tumultoas\u0103.\u00a0 Astfel, \u00eenc\u0103 din tinere\u0163e, el sim\u0163ea c\u0103 este posedat de un demon \u015fi timp de s\u0103pt\u0103m\u00e2ni nu vorbea cu nimeni, mergea pe strad\u0103 vorbind singur, ... Cititi mai multe","og_url":"https:\/\/www.lovendal.ro\/wp52\/nebunul-de-schopenhauer-isi-ardea-barba-si-vorbea-singur-pe-strada\/","og_site_name":"Secretele lui Lovendal","article_publisher":"https:\/\/www.facebook.com\/secreteleluilovendal","article_published_time":"2010-07-25T17:04:08+00:00","og_image":[{"width":299,"height":223,"url":"https:\/\/www.lovendal.ro\/wp52\/wp-content\/uploads\/2010\/07\/schopenhauer-nebunul.jpg","type":"image\/jpeg"}],"author":"admin","twitter_card":"summary_large_image","twitter_misc":{"Scris de":"admin","Timp estimat pentru citire":"1 minut"},"schema":{"@context":"https:\/\/schema.org","@graph":[{"@type":"Article","@id":"https:\/\/www.lovendal.ro\/wp52\/nebunul-de-schopenhauer-isi-ardea-barba-si-vorbea-singur-pe-strada\/#article","isPartOf":{"@id":"https:\/\/www.lovendal.ro\/wp52\/nebunul-de-schopenhauer-isi-ardea-barba-si-vorbea-singur-pe-strada\/"},"author":{"name":"admin","@id":"https:\/\/www.lovendal.ro\/wp52\/#\/schema\/person\/088691de5dfc346bb0c023e1e52ef5d9"},"headline":"Nebunul de Schopenhauer: \u00ee\u015fi ardea barba \u015fi vorbea singur pe strad\u0103","datePublished":"2010-07-25T17:04:08+00:00","mainEntityOfPage":{"@id":"https:\/\/www.lovendal.ro\/wp52\/nebunul-de-schopenhauer-isi-ardea-barba-si-vorbea-singur-pe-strada\/"},"wordCount":176,"commentCount":18,"publisher":{"@id":"https:\/\/www.lovendal.ro\/wp52\/#organization"},"image":{"@id":"https:\/\/www.lovendal.ro\/wp52\/nebunul-de-schopenhauer-isi-ardea-barba-si-vorbea-singur-pe-strada\/#primaryimage"},"thumbnailUrl":"https:\/\/www.lovendal.ro\/wp52\/wp-content\/uploads\/2010\/07\/schopenhauer-nebunul.jpg","keywords":["Cultura","filozof","nebun","Schopenhauer"],"articleSection":["Cultura"],"inLanguage":"ro-RO","potentialAction":[{"@type":"CommentAction","name":"Comment","target":["https:\/\/www.lovendal.ro\/wp52\/nebunul-de-schopenhauer-isi-ardea-barba-si-vorbea-singur-pe-strada\/#respond"]}]},{"@type":"WebPage","@id":"https:\/\/www.lovendal.ro\/wp52\/nebunul-de-schopenhauer-isi-ardea-barba-si-vorbea-singur-pe-strada\/","url":"https:\/\/www.lovendal.ro\/wp52\/nebunul-de-schopenhauer-isi-ardea-barba-si-vorbea-singur-pe-strada\/","name":"Nebunul de Schopenhauer: \u00ee\u015fi ardea barba \u015fi vorbea singur pe strad\u0103 - Secretele lui Lovendal","isPartOf":{"@id":"https:\/\/www.lovendal.ro\/wp52\/#website"},"primaryImageOfPage":{"@id":"https:\/\/www.lovendal.ro\/wp52\/nebunul-de-schopenhauer-isi-ardea-barba-si-vorbea-singur-pe-strada\/#primaryimage"},"image":{"@id":"https:\/\/www.lovendal.ro\/wp52\/nebunul-de-schopenhauer-isi-ardea-barba-si-vorbea-singur-pe-strada\/#primaryimage"},"thumbnailUrl":"https:\/\/www.lovendal.ro\/wp52\/wp-content\/uploads\/2010\/07\/schopenhauer-nebunul.jpg","datePublished":"2010-07-25T17:04:08+00:00","breadcrumb":{"@id":"https:\/\/www.lovendal.ro\/wp52\/nebunul-de-schopenhauer-isi-ardea-barba-si-vorbea-singur-pe-strada\/#breadcrumb"},"inLanguage":"ro-RO","potentialAction":[{"@type":"ReadAction","target":["https:\/\/www.lovendal.ro\/wp52\/nebunul-de-schopenhauer-isi-ardea-barba-si-vorbea-singur-pe-strada\/"]}]},{"@type":"ImageObject","inLanguage":"ro-RO","@id":"https:\/\/www.lovendal.ro\/wp52\/nebunul-de-schopenhauer-isi-ardea-barba-si-vorbea-singur-pe-strada\/#primaryimage","url":"https:\/\/www.lovendal.ro\/wp52\/wp-content\/uploads\/2010\/07\/schopenhauer-nebunul.jpg","contentUrl":"https:\/\/www.lovendal.ro\/wp52\/wp-content\/uploads\/2010\/07\/schopenhauer-nebunul.jpg","width":"299","height":"223"},{"@type":"BreadcrumbList","@id":"https:\/\/www.lovendal.ro\/wp52\/nebunul-de-schopenhauer-isi-ardea-barba-si-vorbea-singur-pe-strada\/#breadcrumb","itemListElement":[{"@type":"ListItem","position":1,"name":"Home","item":"https:\/\/www.lovendal.ro\/wp52\/"},{"@type":"ListItem","position":2,"name":"Nebunul de Schopenhauer: \u00ee\u015fi ardea barba \u015fi vorbea singur pe strad\u0103"}]},{"@type":"WebSite","@id":"https:\/\/www.lovendal.ro\/wp52\/#website","url":"https:\/\/www.lovendal.ro\/wp52\/","name":"Secretele lui Lovendal","description":"Site de secrete, stiinta si metafizica - din 2008 -","publisher":{"@id":"https:\/\/www.lovendal.ro\/wp52\/#organization"},"potentialAction":[{"@type":"SearchAction","target":{"@type":"EntryPoint","urlTemplate":"https:\/\/www.lovendal.ro\/wp52\/?s={search_term_string}"},"query-input":{"@type":"PropertyValueSpecification","valueRequired":true,"valueName":"search_term_string"}}],"inLanguage":"ro-RO"},{"@type":"Organization","@id":"https:\/\/www.lovendal.ro\/wp52\/#organization","name":"Secretele lui Lovendal","url":"https:\/\/www.lovendal.ro\/wp52\/","logo":{"@type":"ImageObject","inLanguage":"ro-RO","@id":"https:\/\/www.lovendal.ro\/wp52\/#\/schema\/logo\/image\/","url":"https:\/\/www.lovendal.ro\/wp52\/wp-content\/uploads\/2024\/06\/cropped-SLL-iun-2024-1.jpg","contentUrl":"https:\/\/www.lovendal.ro\/wp52\/wp-content\/uploads\/2024\/06\/cropped-SLL-iun-2024-1.jpg","width":771,"height":240,"caption":"Secretele lui Lovendal"},"image":{"@id":"https:\/\/www.lovendal.ro\/wp52\/#\/schema\/logo\/image\/"},"sameAs":["https:\/\/www.facebook.com\/secreteleluilovendal"]},{"@type":"Person","@id":"https:\/\/www.lovendal.ro\/wp52\/#\/schema\/person\/088691de5dfc346bb0c023e1e52ef5d9","name":"admin","image":{"@type":"ImageObject","inLanguage":"ro-RO","@id":"https:\/\/secure.gravatar.com\/avatar\/ecb9cd41f5f63c9c9b989999a59f6e2639a865ec361e9db054db0679a8f341c2?s=96&d=mm&r=g","url":"https:\/\/secure.gravatar.com\/avatar\/ecb9cd41f5f63c9c9b989999a59f6e2639a865ec361e9db054db0679a8f341c2?s=96&d=mm&r=g","contentUrl":"https:\/\/secure.gravatar.com\/avatar\/ecb9cd41f5f63c9c9b989999a59f6e2639a865ec361e9db054db0679a8f341c2?s=96&d=mm&r=g","caption":"admin"},"sameAs":["https:\/\/www.lovendal.ro\/wp52"]}]}},"_links":{"self":[{"href":"https:\/\/www.lovendal.ro\/wp52\/wp-json\/wp\/v2\/posts\/13524","targetHints":{"allow":["GET"]}}],"collection":[{"href":"https:\/\/www.lovendal.ro\/wp52\/wp-json\/wp\/v2\/posts"}],"about":[{"href":"https:\/\/www.lovendal.ro\/wp52\/wp-json\/wp\/v2\/types\/post"}],"author":[{"embeddable":true,"href":"https:\/\/www.lovendal.ro\/wp52\/wp-json\/wp\/v2\/users\/1"}],"replies":[{"embeddable":true,"href":"https:\/\/www.lovendal.ro\/wp52\/wp-json\/wp\/v2\/comments?post=13524"}],"version-history":[{"count":0,"href":"https:\/\/www.lovendal.ro\/wp52\/wp-json\/wp\/v2\/posts\/13524\/revisions"}],"wp:featuredmedia":[{"embeddable":true,"href":"https:\/\/www.lovendal.ro\/wp52\/wp-json\/wp\/v2\/media\/13525"}],"wp:attachment":[{"href":"https:\/\/www.lovendal.ro\/wp52\/wp-json\/wp\/v2\/media?parent=13524"}],"wp:term":[{"taxonomy":"category","embeddable":true,"href":"https:\/\/www.lovendal.ro\/wp52\/wp-json\/wp\/v2\/categories?post=13524"},{"taxonomy":"post_tag","embeddable":true,"href":"https:\/\/www.lovendal.ro\/wp52\/wp-json\/wp\/v2\/tags?post=13524"}],"curies":[{"name":"wp","href":"https:\/\/api.w.org\/{rel}","templated":true}]}}