{"id":13172,"date":"2010-06-24T08:29:52","date_gmt":"2010-06-24T05:29:52","guid":{"rendered":"http:\/\/www.lovendal.net\/wp52\/?p=13172"},"modified":"2010-06-24T08:29:52","modified_gmt":"2010-06-24T05:29:52","slug":"misterul-soarelui-lipsa-petelor-solare-arata-ca-pe-pamant-se-va-intampla-un-prapad-in-viitor","status":"publish","type":"post","link":"https:\/\/www.lovendal.ro\/wp52\/misterul-soarelui-lipsa-petelor-solare-arata-ca-pe-pamant-se-va-intampla-un-prapad-in-viitor\/","title":{"rendered":"Misterul Soarelui: lipsa petelor solare arat\u0103 c\u0103 pe P\u0103m\u00e2nt se va \u00eent\u00e2mpla un pr\u0103p\u0103d \u00een viitor"},"content":{"rendered":"<p><a href=\"https:\/\/www.lovendal.ro\/wp52\/wp-content\/uploads\/2010\/06\/petele-solare-7.jpg\"><img loading=\"lazy\" decoding=\"async\" class=\"alignleft size-full wp-image-13173\" title=\"petele solare 7\" src=\"https:\/\/www.lovendal.ro\/wp52\/wp-content\/uploads\/2010\/06\/petele-solare-7.jpg\" alt=\"petele solare 7\" width=\"285\" height=\"260\" \/><\/a>Petele solare vin \u015fi pleac\u0103, dar, \u00een ultima vreme ele aproape c\u0103 au disp\u0103rut. Iar absen\u0163a lor \u00eei fac pe oamenii de \u015ftiin\u0163\u0103 s\u0103 se \u00eentrebe dac\u0103 aceasta nu este calmul dinaintea furtunii, o mare furtun\u0103 solar\u0103, anun\u0163\u0103 cotidianul <a href=\"http:\/\/www.washingtonpost.com\/wp-dyn\/content\/article\/2010\/06\/21\/AR2010062104114.html?g=0\" target=\"_blank\"><span style=\"text-decoration: underline;\"><strong>The Washington Post<\/strong><\/span><\/a>. De secole \u00eentregi, astronomii au \u00eenregistrat aceste pete pe suprafa\u0163a solar\u0103, care dispar \u00een c\u00e2teva zile, s\u0103pt\u0103m\u00e2ni sau luni. Ca urmare a eforturilor lor, acum \u015ftim c\u0103 aceste pete solare apar \u015fi dispar \u00een cicluri, odat\u0103 la 11 ani. Dar, \u00een ultimii doi ani, petele solare aproape c\u0103 au disp\u0103rut de tot. Absen\u0163a lor, cea mai lung\u0103 \u00een ultimii 100 de ani, i-au luat prin surprindere pe speciali\u015fti. <em>&#8222;Acest lucru n-am mai v\u0103zut vreodat\u0103&#8221;<\/em>, a declarat David Hathaway, un fizician la Centrul Spa\u0163ial NASA Marshall din Huntsville, Alaska (SUA).<\/p>\n<p>O armat\u0103 de telescoape se afl\u0103 \u00eendreptate \u00een acest moment spre Soare. Rezultatele preliminare arat\u0103 faptul c\u0103 at\u00e2t petele solare, c\u00e2t \u015fi alte indicii, demonstreaz\u0103 faptul c\u0103 activitatea magnetic\u0103 solar\u0103 se diminueaz\u0103 \u015fi c\u0103 Soarele chiar se contract\u0103. A\u015fadar, ceva profund se \u00eent\u00e2mpl\u0103 \u00een interiorul Soarelui. Dar marea \u00eentrebare este: CE?<\/p>\n<p>Una din ipoteze previzoneaz\u0103 c\u0103 absen\u0163a petelor solare \u00een ultima perioad\u0103 poate duce la furtuni solare gigantice, ce pot elibera energii de miliarde de ori mai mari dec\u00e2t o bomb\u0103 atomic\u0103. Exist\u0103 temeri c\u0103 aceste explozii gigantice ar putea provoca pr\u0103p\u0103d pe P\u0103m\u00e2nt \u015fi pune \u00een discu\u0163ie din nou rolul Soarelui \u00een schimb\u0103rile climatice.<\/p>\n<p>Petele solare reprezint\u0103 ni\u015fte &#8222;ferestre&#8221; \u00een miezul magnetic al Soarelui. Ele se formeaz\u0103 atunci c\u00e2nd unde gigantice de magnetism, generate \u00een interiorul Soarelui, cresc \u015fi explodeaz\u0103 la suprafa\u0163\u0103, ap\u0103r\u00e2nd ca un fel de gaur\u0103 \u00eentunecat\u0103. Apari\u0163ia petelor solare arat\u0103 schimb\u0103rile din interiorul Soarelui. Atunci c\u00e2nd num\u0103rul petelor solare scade, la sf\u00e2r\u015fitul ciclului de 11 ani, furtunile solare iau sf\u00e2r\u015fit, iar totul devine mult mai calm. Dar, &#8222;minimul solar&#8221; nu dureaz\u0103 prea mult. Dup\u0103 1 an de zile, at\u00e2t petele solare, c\u00e2t \u015fi furtunile, cresc din nou, p\u00e2n\u0103 c\u00e2nd \u00ee\u015fi ating maximul.<\/p>\n<p>Ceea ce este interesant la ultimul ciclu \u00eel reprezint\u0103 faptul c\u0103 a luat sf\u00e2r\u015fit \u00een anul 2007, a\u015fa c\u0103, dup\u0103 1 an de zile de calm, ar fi trebuit s\u0103 apar\u0103 din nou primele pete solare. Dar iat\u0103 c\u0103 suntem \u00een 2010, iar petele solare nu mai reapar, dec\u00e2t extrem de pu\u0163ine. Ce se va \u00eent\u00e2mpla? C\u00e2nd vor reap\u0103ra, va exista o explozie solar\u0103 devastatoare, cred unii astrofizicieni.<\/p>\n<p>Lipsa petelor solare influen\u0163eaz\u0103 \u015fi clima P\u0103m\u00e2ntului, ceea ce &#8222;pune pe tu\u015f\u0103&#8221; teoriile privind schimbarea climatic\u0103 datorit\u0103 &#8222;efectului gazelor de ser\u0103&#8221;. De exemplu, Michael Lockwood, profesor de fizica mediului la  Universitatea Reading din Anglia, crede c\u0103 iarna deosebit de rece din Europa lui 2009\/2010 s-a datorat unei activit\u0103\u0163i solare mai reduse. El a studiat datele climatice \u00eenregistrate \u00een Europa din 1650 \u00een prezent, \u015fi a ajuns la concluzia c\u0103 iernile europene mult mai severe apar ca urmare a unei activit\u0103\u0163i solare sc\u0103zute. Aceasta se potrive\u015fte ideii c\u0103 activitatea solar\u0103 d\u0103 na\u015ftere la mici schimb\u0103ri la nivel climatic global, dar la efecte substan\u0163iale la nivel regional.<\/p>\n","protected":false},"excerpt":{"rendered":"<p>Petele solare vin \u015fi pleac\u0103, dar, \u00een ultima vreme ele aproape c\u0103 au disp\u0103rut. Iar absen\u0163a lor \u00eei fac pe oamenii de \u015ftiin\u0163\u0103 s\u0103 se \u00eentrebe dac\u0103 aceasta nu este calmul dinaintea furtunii, o mare furtun\u0103 solar\u0103, anun\u0163\u0103 cotidianul The &#8230; <\/p>\n<p class=\"read-more-container\"><a title=\"Misterul Soarelui: lipsa petelor solare arat\u0103 c\u0103 pe P\u0103m\u00e2nt se va \u00eent\u00e2mpla un pr\u0103p\u0103d \u00een viitor\" class=\"read-more button\" href=\"https:\/\/www.lovendal.ro\/wp52\/misterul-soarelui-lipsa-petelor-solare-arata-ca-pe-pamant-se-va-intampla-un-prapad-in-viitor\/#more-13172\" aria-label=\"Cite\u0219te mai multe despre Misterul Soarelui: lipsa petelor solare arat\u0103 c\u0103 pe P\u0103m\u00e2nt se va \u00eent\u00e2mpla un pr\u0103p\u0103d \u00een viitor\">Cititi mai multe<\/a><\/p>\n","protected":false},"author":1,"featured_media":13173,"comment_status":"open","ping_status":"closed","sticky":false,"template":"","format":"standard","meta":{"footnotes":""},"categories":[106],"tags":[102,2599,1961,3316,150,3315,865,9803],"class_list":["post-13172","post","type-post","status-publish","format-standard","has-post-thumbnail","hentry","category-stiinta","tag-astronomie","tag-clima","tag-efect-de-sera","tag-furtuna-electromagnetica","tag-nasa","tag-pete-solare","tag-soare","tag-stiinta","resize-featured-image"],"yoast_head":"<!-- This site is optimized with the Yoast SEO Premium plugin v23.3 (Yoast SEO v27.4) - https:\/\/yoast.com\/product\/yoast-seo-premium-wordpress\/ -->\n<title>Misterul Soarelui: lipsa petelor solare arat\u0103 c\u0103 pe P\u0103m\u00e2nt se va \u00eent\u00e2mpla un pr\u0103p\u0103d \u00een viitor - Secretele lui Lovendal<\/title>\n<meta name=\"robots\" content=\"index, follow, max-snippet:-1, max-image-preview:large, max-video-preview:-1\" \/>\n<link rel=\"canonical\" href=\"https:\/\/www.lovendal.ro\/wp52\/misterul-soarelui-lipsa-petelor-solare-arata-ca-pe-pamant-se-va-intampla-un-prapad-in-viitor\/\" \/>\n<meta property=\"og:locale\" content=\"ro_RO\" \/>\n<meta property=\"og:type\" content=\"article\" \/>\n<meta property=\"og:title\" content=\"Misterul Soarelui: lipsa petelor solare arat\u0103 c\u0103 pe P\u0103m\u00e2nt se va \u00eent\u00e2mpla un pr\u0103p\u0103d \u00een viitor\" \/>\n<meta property=\"og:description\" content=\"Petele solare vin \u015fi pleac\u0103, dar, \u00een ultima vreme ele aproape c\u0103 au disp\u0103rut. Iar absen\u0163a lor \u00eei fac pe oamenii de \u015ftiin\u0163\u0103 s\u0103 se \u00eentrebe dac\u0103 aceasta nu este calmul dinaintea furtunii, o mare furtun\u0103 solar\u0103, anun\u0163\u0103 cotidianul The ... Cititi mai multe\" \/>\n<meta property=\"og:url\" content=\"https:\/\/www.lovendal.ro\/wp52\/misterul-soarelui-lipsa-petelor-solare-arata-ca-pe-pamant-se-va-intampla-un-prapad-in-viitor\/\" \/>\n<meta property=\"og:site_name\" content=\"Secretele lui Lovendal\" \/>\n<meta property=\"article:publisher\" content=\"https:\/\/www.facebook.com\/secreteleluilovendal\" \/>\n<meta property=\"article:published_time\" content=\"2010-06-24T05:29:52+00:00\" \/>\n<meta property=\"og:image\" content=\"https:\/\/www.lovendal.ro\/wp52\/wp-content\/uploads\/2010\/06\/petele-solare-7.jpg\" \/>\n\t<meta property=\"og:image:width\" content=\"285\" \/>\n\t<meta property=\"og:image:height\" content=\"260\" \/>\n\t<meta property=\"og:image:type\" content=\"image\/jpeg\" \/>\n<meta name=\"author\" content=\"admin\" \/>\n<meta name=\"twitter:card\" content=\"summary_large_image\" \/>\n<meta name=\"twitter:label1\" content=\"Scris de\" \/>\n\t<meta name=\"twitter:data1\" content=\"admin\" \/>\n\t<meta name=\"twitter:label2\" content=\"Timp estimat pentru citire\" \/>\n\t<meta name=\"twitter:data2\" content=\"3 minute\" \/>\n<script type=\"application\/ld+json\" class=\"yoast-schema-graph\">{\"@context\":\"https:\\\/\\\/schema.org\",\"@graph\":[{\"@type\":\"Article\",\"@id\":\"https:\\\/\\\/www.lovendal.ro\\\/wp52\\\/misterul-soarelui-lipsa-petelor-solare-arata-ca-pe-pamant-se-va-intampla-un-prapad-in-viitor\\\/#article\",\"isPartOf\":{\"@id\":\"https:\\\/\\\/www.lovendal.ro\\\/wp52\\\/misterul-soarelui-lipsa-petelor-solare-arata-ca-pe-pamant-se-va-intampla-un-prapad-in-viitor\\\/\"},\"author\":{\"name\":\"admin\",\"@id\":\"https:\\\/\\\/www.lovendal.ro\\\/wp52\\\/#\\\/schema\\\/person\\\/088691de5dfc346bb0c023e1e52ef5d9\"},\"headline\":\"Misterul Soarelui: lipsa petelor solare arat\u0103 c\u0103 pe P\u0103m\u00e2nt se va \u00eent\u00e2mpla un pr\u0103p\u0103d \u00een viitor\",\"datePublished\":\"2010-06-24T05:29:52+00:00\",\"mainEntityOfPage\":{\"@id\":\"https:\\\/\\\/www.lovendal.ro\\\/wp52\\\/misterul-soarelui-lipsa-petelor-solare-arata-ca-pe-pamant-se-va-intampla-un-prapad-in-viitor\\\/\"},\"wordCount\":570,\"commentCount\":19,\"publisher\":{\"@id\":\"https:\\\/\\\/www.lovendal.ro\\\/wp52\\\/#organization\"},\"image\":{\"@id\":\"https:\\\/\\\/www.lovendal.ro\\\/wp52\\\/misterul-soarelui-lipsa-petelor-solare-arata-ca-pe-pamant-se-va-intampla-un-prapad-in-viitor\\\/#primaryimage\"},\"thumbnailUrl\":\"https:\\\/\\\/www.lovendal.ro\\\/wp52\\\/wp-content\\\/uploads\\\/2010\\\/06\\\/petele-solare-7.jpg\",\"keywords\":[\"astronomie\",\"clim\u0103\",\"efect de ser\u0103\",\"furtun\u0103 electromagnetic\u0103\",\"NASA\",\"pete solare\",\"Soare\",\"Stiinta\"],\"articleSection\":[\"Stiinta\"],\"inLanguage\":\"ro-RO\",\"potentialAction\":[{\"@type\":\"CommentAction\",\"name\":\"Comment\",\"target\":[\"https:\\\/\\\/www.lovendal.ro\\\/wp52\\\/misterul-soarelui-lipsa-petelor-solare-arata-ca-pe-pamant-se-va-intampla-un-prapad-in-viitor\\\/#respond\"]}]},{\"@type\":\"WebPage\",\"@id\":\"https:\\\/\\\/www.lovendal.ro\\\/wp52\\\/misterul-soarelui-lipsa-petelor-solare-arata-ca-pe-pamant-se-va-intampla-un-prapad-in-viitor\\\/\",\"url\":\"https:\\\/\\\/www.lovendal.ro\\\/wp52\\\/misterul-soarelui-lipsa-petelor-solare-arata-ca-pe-pamant-se-va-intampla-un-prapad-in-viitor\\\/\",\"name\":\"Misterul Soarelui: lipsa petelor solare arat\u0103 c\u0103 pe P\u0103m\u00e2nt se va \u00eent\u00e2mpla un pr\u0103p\u0103d \u00een viitor - Secretele lui Lovendal\",\"isPartOf\":{\"@id\":\"https:\\\/\\\/www.lovendal.ro\\\/wp52\\\/#website\"},\"primaryImageOfPage\":{\"@id\":\"https:\\\/\\\/www.lovendal.ro\\\/wp52\\\/misterul-soarelui-lipsa-petelor-solare-arata-ca-pe-pamant-se-va-intampla-un-prapad-in-viitor\\\/#primaryimage\"},\"image\":{\"@id\":\"https:\\\/\\\/www.lovendal.ro\\\/wp52\\\/misterul-soarelui-lipsa-petelor-solare-arata-ca-pe-pamant-se-va-intampla-un-prapad-in-viitor\\\/#primaryimage\"},\"thumbnailUrl\":\"https:\\\/\\\/www.lovendal.ro\\\/wp52\\\/wp-content\\\/uploads\\\/2010\\\/06\\\/petele-solare-7.jpg\",\"datePublished\":\"2010-06-24T05:29:52+00:00\",\"breadcrumb\":{\"@id\":\"https:\\\/\\\/www.lovendal.ro\\\/wp52\\\/misterul-soarelui-lipsa-petelor-solare-arata-ca-pe-pamant-se-va-intampla-un-prapad-in-viitor\\\/#breadcrumb\"},\"inLanguage\":\"ro-RO\",\"potentialAction\":[{\"@type\":\"ReadAction\",\"target\":[\"https:\\\/\\\/www.lovendal.ro\\\/wp52\\\/misterul-soarelui-lipsa-petelor-solare-arata-ca-pe-pamant-se-va-intampla-un-prapad-in-viitor\\\/\"]}]},{\"@type\":\"ImageObject\",\"inLanguage\":\"ro-RO\",\"@id\":\"https:\\\/\\\/www.lovendal.ro\\\/wp52\\\/misterul-soarelui-lipsa-petelor-solare-arata-ca-pe-pamant-se-va-intampla-un-prapad-in-viitor\\\/#primaryimage\",\"url\":\"https:\\\/\\\/www.lovendal.ro\\\/wp52\\\/wp-content\\\/uploads\\\/2010\\\/06\\\/petele-solare-7.jpg\",\"contentUrl\":\"https:\\\/\\\/www.lovendal.ro\\\/wp52\\\/wp-content\\\/uploads\\\/2010\\\/06\\\/petele-solare-7.jpg\",\"width\":\"285\",\"height\":\"260\"},{\"@type\":\"BreadcrumbList\",\"@id\":\"https:\\\/\\\/www.lovendal.ro\\\/wp52\\\/misterul-soarelui-lipsa-petelor-solare-arata-ca-pe-pamant-se-va-intampla-un-prapad-in-viitor\\\/#breadcrumb\",\"itemListElement\":[{\"@type\":\"ListItem\",\"position\":1,\"name\":\"Home\",\"item\":\"https:\\\/\\\/www.lovendal.ro\\\/wp52\\\/\"},{\"@type\":\"ListItem\",\"position\":2,\"name\":\"Misterul Soarelui: lipsa petelor solare arat\u0103 c\u0103 pe P\u0103m\u00e2nt se va \u00eent\u00e2mpla un pr\u0103p\u0103d \u00een viitor\"}]},{\"@type\":\"WebSite\",\"@id\":\"https:\\\/\\\/www.lovendal.ro\\\/wp52\\\/#website\",\"url\":\"https:\\\/\\\/www.lovendal.ro\\\/wp52\\\/\",\"name\":\"Secretele lui Lovendal\",\"description\":\"Site de secrete, stiinta si metafizica - din 2008 -\",\"publisher\":{\"@id\":\"https:\\\/\\\/www.lovendal.ro\\\/wp52\\\/#organization\"},\"potentialAction\":[{\"@type\":\"SearchAction\",\"target\":{\"@type\":\"EntryPoint\",\"urlTemplate\":\"https:\\\/\\\/www.lovendal.ro\\\/wp52\\\/?s={search_term_string}\"},\"query-input\":{\"@type\":\"PropertyValueSpecification\",\"valueRequired\":true,\"valueName\":\"search_term_string\"}}],\"inLanguage\":\"ro-RO\"},{\"@type\":\"Organization\",\"@id\":\"https:\\\/\\\/www.lovendal.ro\\\/wp52\\\/#organization\",\"name\":\"Secretele lui Lovendal\",\"url\":\"https:\\\/\\\/www.lovendal.ro\\\/wp52\\\/\",\"logo\":{\"@type\":\"ImageObject\",\"inLanguage\":\"ro-RO\",\"@id\":\"https:\\\/\\\/www.lovendal.ro\\\/wp52\\\/#\\\/schema\\\/logo\\\/image\\\/\",\"url\":\"https:\\\/\\\/www.lovendal.ro\\\/wp52\\\/wp-content\\\/uploads\\\/2024\\\/06\\\/cropped-SLL-iun-2024-1.jpg\",\"contentUrl\":\"https:\\\/\\\/www.lovendal.ro\\\/wp52\\\/wp-content\\\/uploads\\\/2024\\\/06\\\/cropped-SLL-iun-2024-1.jpg\",\"width\":771,\"height\":240,\"caption\":\"Secretele lui Lovendal\"},\"image\":{\"@id\":\"https:\\\/\\\/www.lovendal.ro\\\/wp52\\\/#\\\/schema\\\/logo\\\/image\\\/\"},\"sameAs\":[\"https:\\\/\\\/www.facebook.com\\\/secreteleluilovendal\"]},{\"@type\":\"Person\",\"@id\":\"https:\\\/\\\/www.lovendal.ro\\\/wp52\\\/#\\\/schema\\\/person\\\/088691de5dfc346bb0c023e1e52ef5d9\",\"name\":\"admin\",\"image\":{\"@type\":\"ImageObject\",\"inLanguage\":\"ro-RO\",\"@id\":\"https:\\\/\\\/secure.gravatar.com\\\/avatar\\\/ecb9cd41f5f63c9c9b989999a59f6e2639a865ec361e9db054db0679a8f341c2?s=96&d=mm&r=g\",\"url\":\"https:\\\/\\\/secure.gravatar.com\\\/avatar\\\/ecb9cd41f5f63c9c9b989999a59f6e2639a865ec361e9db054db0679a8f341c2?s=96&d=mm&r=g\",\"contentUrl\":\"https:\\\/\\\/secure.gravatar.com\\\/avatar\\\/ecb9cd41f5f63c9c9b989999a59f6e2639a865ec361e9db054db0679a8f341c2?s=96&d=mm&r=g\",\"caption\":\"admin\"},\"sameAs\":[\"https:\\\/\\\/www.lovendal.ro\\\/wp52\"]}]}<\/script>\n<!-- \/ Yoast SEO Premium plugin. -->","yoast_head_json":{"title":"Misterul Soarelui: lipsa petelor solare arat\u0103 c\u0103 pe P\u0103m\u00e2nt se va \u00eent\u00e2mpla un pr\u0103p\u0103d \u00een viitor - Secretele lui Lovendal","robots":{"index":"index","follow":"follow","max-snippet":"max-snippet:-1","max-image-preview":"max-image-preview:large","max-video-preview":"max-video-preview:-1"},"canonical":"https:\/\/www.lovendal.ro\/wp52\/misterul-soarelui-lipsa-petelor-solare-arata-ca-pe-pamant-se-va-intampla-un-prapad-in-viitor\/","og_locale":"ro_RO","og_type":"article","og_title":"Misterul Soarelui: lipsa petelor solare arat\u0103 c\u0103 pe P\u0103m\u00e2nt se va \u00eent\u00e2mpla un pr\u0103p\u0103d \u00een viitor","og_description":"Petele solare vin \u015fi pleac\u0103, dar, \u00een ultima vreme ele aproape c\u0103 au disp\u0103rut. Iar absen\u0163a lor \u00eei fac pe oamenii de \u015ftiin\u0163\u0103 s\u0103 se \u00eentrebe dac\u0103 aceasta nu este calmul dinaintea furtunii, o mare furtun\u0103 solar\u0103, anun\u0163\u0103 cotidianul The ... Cititi mai multe","og_url":"https:\/\/www.lovendal.ro\/wp52\/misterul-soarelui-lipsa-petelor-solare-arata-ca-pe-pamant-se-va-intampla-un-prapad-in-viitor\/","og_site_name":"Secretele lui Lovendal","article_publisher":"https:\/\/www.facebook.com\/secreteleluilovendal","article_published_time":"2010-06-24T05:29:52+00:00","og_image":[{"width":285,"height":260,"url":"https:\/\/www.lovendal.ro\/wp52\/wp-content\/uploads\/2010\/06\/petele-solare-7.jpg","type":"image\/jpeg"}],"author":"admin","twitter_card":"summary_large_image","twitter_misc":{"Scris de":"admin","Timp estimat pentru citire":"3 minute"},"schema":{"@context":"https:\/\/schema.org","@graph":[{"@type":"Article","@id":"https:\/\/www.lovendal.ro\/wp52\/misterul-soarelui-lipsa-petelor-solare-arata-ca-pe-pamant-se-va-intampla-un-prapad-in-viitor\/#article","isPartOf":{"@id":"https:\/\/www.lovendal.ro\/wp52\/misterul-soarelui-lipsa-petelor-solare-arata-ca-pe-pamant-se-va-intampla-un-prapad-in-viitor\/"},"author":{"name":"admin","@id":"https:\/\/www.lovendal.ro\/wp52\/#\/schema\/person\/088691de5dfc346bb0c023e1e52ef5d9"},"headline":"Misterul Soarelui: lipsa petelor solare arat\u0103 c\u0103 pe P\u0103m\u00e2nt se va \u00eent\u00e2mpla un pr\u0103p\u0103d \u00een viitor","datePublished":"2010-06-24T05:29:52+00:00","mainEntityOfPage":{"@id":"https:\/\/www.lovendal.ro\/wp52\/misterul-soarelui-lipsa-petelor-solare-arata-ca-pe-pamant-se-va-intampla-un-prapad-in-viitor\/"},"wordCount":570,"commentCount":19,"publisher":{"@id":"https:\/\/www.lovendal.ro\/wp52\/#organization"},"image":{"@id":"https:\/\/www.lovendal.ro\/wp52\/misterul-soarelui-lipsa-petelor-solare-arata-ca-pe-pamant-se-va-intampla-un-prapad-in-viitor\/#primaryimage"},"thumbnailUrl":"https:\/\/www.lovendal.ro\/wp52\/wp-content\/uploads\/2010\/06\/petele-solare-7.jpg","keywords":["astronomie","clim\u0103","efect de ser\u0103","furtun\u0103 electromagnetic\u0103","NASA","pete solare","Soare","Stiinta"],"articleSection":["Stiinta"],"inLanguage":"ro-RO","potentialAction":[{"@type":"CommentAction","name":"Comment","target":["https:\/\/www.lovendal.ro\/wp52\/misterul-soarelui-lipsa-petelor-solare-arata-ca-pe-pamant-se-va-intampla-un-prapad-in-viitor\/#respond"]}]},{"@type":"WebPage","@id":"https:\/\/www.lovendal.ro\/wp52\/misterul-soarelui-lipsa-petelor-solare-arata-ca-pe-pamant-se-va-intampla-un-prapad-in-viitor\/","url":"https:\/\/www.lovendal.ro\/wp52\/misterul-soarelui-lipsa-petelor-solare-arata-ca-pe-pamant-se-va-intampla-un-prapad-in-viitor\/","name":"Misterul Soarelui: lipsa petelor solare arat\u0103 c\u0103 pe P\u0103m\u00e2nt se va \u00eent\u00e2mpla un pr\u0103p\u0103d \u00een viitor - Secretele lui Lovendal","isPartOf":{"@id":"https:\/\/www.lovendal.ro\/wp52\/#website"},"primaryImageOfPage":{"@id":"https:\/\/www.lovendal.ro\/wp52\/misterul-soarelui-lipsa-petelor-solare-arata-ca-pe-pamant-se-va-intampla-un-prapad-in-viitor\/#primaryimage"},"image":{"@id":"https:\/\/www.lovendal.ro\/wp52\/misterul-soarelui-lipsa-petelor-solare-arata-ca-pe-pamant-se-va-intampla-un-prapad-in-viitor\/#primaryimage"},"thumbnailUrl":"https:\/\/www.lovendal.ro\/wp52\/wp-content\/uploads\/2010\/06\/petele-solare-7.jpg","datePublished":"2010-06-24T05:29:52+00:00","breadcrumb":{"@id":"https:\/\/www.lovendal.ro\/wp52\/misterul-soarelui-lipsa-petelor-solare-arata-ca-pe-pamant-se-va-intampla-un-prapad-in-viitor\/#breadcrumb"},"inLanguage":"ro-RO","potentialAction":[{"@type":"ReadAction","target":["https:\/\/www.lovendal.ro\/wp52\/misterul-soarelui-lipsa-petelor-solare-arata-ca-pe-pamant-se-va-intampla-un-prapad-in-viitor\/"]}]},{"@type":"ImageObject","inLanguage":"ro-RO","@id":"https:\/\/www.lovendal.ro\/wp52\/misterul-soarelui-lipsa-petelor-solare-arata-ca-pe-pamant-se-va-intampla-un-prapad-in-viitor\/#primaryimage","url":"https:\/\/www.lovendal.ro\/wp52\/wp-content\/uploads\/2010\/06\/petele-solare-7.jpg","contentUrl":"https:\/\/www.lovendal.ro\/wp52\/wp-content\/uploads\/2010\/06\/petele-solare-7.jpg","width":"285","height":"260"},{"@type":"BreadcrumbList","@id":"https:\/\/www.lovendal.ro\/wp52\/misterul-soarelui-lipsa-petelor-solare-arata-ca-pe-pamant-se-va-intampla-un-prapad-in-viitor\/#breadcrumb","itemListElement":[{"@type":"ListItem","position":1,"name":"Home","item":"https:\/\/www.lovendal.ro\/wp52\/"},{"@type":"ListItem","position":2,"name":"Misterul Soarelui: lipsa petelor solare arat\u0103 c\u0103 pe P\u0103m\u00e2nt se va \u00eent\u00e2mpla un pr\u0103p\u0103d \u00een viitor"}]},{"@type":"WebSite","@id":"https:\/\/www.lovendal.ro\/wp52\/#website","url":"https:\/\/www.lovendal.ro\/wp52\/","name":"Secretele lui Lovendal","description":"Site de secrete, stiinta si metafizica - din 2008 -","publisher":{"@id":"https:\/\/www.lovendal.ro\/wp52\/#organization"},"potentialAction":[{"@type":"SearchAction","target":{"@type":"EntryPoint","urlTemplate":"https:\/\/www.lovendal.ro\/wp52\/?s={search_term_string}"},"query-input":{"@type":"PropertyValueSpecification","valueRequired":true,"valueName":"search_term_string"}}],"inLanguage":"ro-RO"},{"@type":"Organization","@id":"https:\/\/www.lovendal.ro\/wp52\/#organization","name":"Secretele lui Lovendal","url":"https:\/\/www.lovendal.ro\/wp52\/","logo":{"@type":"ImageObject","inLanguage":"ro-RO","@id":"https:\/\/www.lovendal.ro\/wp52\/#\/schema\/logo\/image\/","url":"https:\/\/www.lovendal.ro\/wp52\/wp-content\/uploads\/2024\/06\/cropped-SLL-iun-2024-1.jpg","contentUrl":"https:\/\/www.lovendal.ro\/wp52\/wp-content\/uploads\/2024\/06\/cropped-SLL-iun-2024-1.jpg","width":771,"height":240,"caption":"Secretele lui Lovendal"},"image":{"@id":"https:\/\/www.lovendal.ro\/wp52\/#\/schema\/logo\/image\/"},"sameAs":["https:\/\/www.facebook.com\/secreteleluilovendal"]},{"@type":"Person","@id":"https:\/\/www.lovendal.ro\/wp52\/#\/schema\/person\/088691de5dfc346bb0c023e1e52ef5d9","name":"admin","image":{"@type":"ImageObject","inLanguage":"ro-RO","@id":"https:\/\/secure.gravatar.com\/avatar\/ecb9cd41f5f63c9c9b989999a59f6e2639a865ec361e9db054db0679a8f341c2?s=96&d=mm&r=g","url":"https:\/\/secure.gravatar.com\/avatar\/ecb9cd41f5f63c9c9b989999a59f6e2639a865ec361e9db054db0679a8f341c2?s=96&d=mm&r=g","contentUrl":"https:\/\/secure.gravatar.com\/avatar\/ecb9cd41f5f63c9c9b989999a59f6e2639a865ec361e9db054db0679a8f341c2?s=96&d=mm&r=g","caption":"admin"},"sameAs":["https:\/\/www.lovendal.ro\/wp52"]}]}},"_links":{"self":[{"href":"https:\/\/www.lovendal.ro\/wp52\/wp-json\/wp\/v2\/posts\/13172","targetHints":{"allow":["GET"]}}],"collection":[{"href":"https:\/\/www.lovendal.ro\/wp52\/wp-json\/wp\/v2\/posts"}],"about":[{"href":"https:\/\/www.lovendal.ro\/wp52\/wp-json\/wp\/v2\/types\/post"}],"author":[{"embeddable":true,"href":"https:\/\/www.lovendal.ro\/wp52\/wp-json\/wp\/v2\/users\/1"}],"replies":[{"embeddable":true,"href":"https:\/\/www.lovendal.ro\/wp52\/wp-json\/wp\/v2\/comments?post=13172"}],"version-history":[{"count":0,"href":"https:\/\/www.lovendal.ro\/wp52\/wp-json\/wp\/v2\/posts\/13172\/revisions"}],"wp:featuredmedia":[{"embeddable":true,"href":"https:\/\/www.lovendal.ro\/wp52\/wp-json\/wp\/v2\/media\/13173"}],"wp:attachment":[{"href":"https:\/\/www.lovendal.ro\/wp52\/wp-json\/wp\/v2\/media?parent=13172"}],"wp:term":[{"taxonomy":"category","embeddable":true,"href":"https:\/\/www.lovendal.ro\/wp52\/wp-json\/wp\/v2\/categories?post=13172"},{"taxonomy":"post_tag","embeddable":true,"href":"https:\/\/www.lovendal.ro\/wp52\/wp-json\/wp\/v2\/tags?post=13172"}],"curies":[{"name":"wp","href":"https:\/\/api.w.org\/{rel}","templated":true}]}}