{"id":12914,"date":"2010-06-05T08:03:27","date_gmt":"2010-06-05T05:03:27","guid":{"rendered":"http:\/\/www.lovendal.net\/wp52\/?p=12914"},"modified":"2010-06-05T08:04:46","modified_gmt":"2010-06-05T05:04:46","slug":"nu-e-ciudat-ca-toata-viata-unui-om-sa-atarne-de-cifra-7","status":"publish","type":"post","link":"https:\/\/www.lovendal.ro\/wp52\/nu-e-ciudat-ca-toata-viata-unui-om-sa-atarne-de-cifra-7\/","title":{"rendered":"Nu e ciudat ca toat\u0103 via\u0163a unui om s\u0103 at\u00e2rne de cifra 7?"},"content":{"rendered":"<p><a href=\"https:\/\/www.lovendal.ro\/wp52\/wp-content\/uploads\/2010\/06\/cifra-7.png\"><img loading=\"lazy\" decoding=\"async\" class=\"alignleft size-full wp-image-12916\" title=\"cifra 7\" src=\"https:\/\/www.lovendal.ro\/wp52\/wp-content\/uploads\/2010\/06\/cifra-7.png\" alt=\"cifra 7\" width=\"280\" height=\"168\" srcset=\"https:\/\/www.lovendal.ro\/wp52\/wp-content\/uploads\/2010\/06\/cifra-7.png 320w, https:\/\/www.lovendal.ro\/wp52\/wp-content\/uploads\/2010\/06\/cifra-7-300x180.png 300w\" sizes=\"auto, (max-width: 280px) 100vw, 280px\" \/><\/a>S\u0103 vedem c\u00e2t de ciudat vi se va p\u0103rea urm\u0103torul text (nu, nu e vorba de mine, chiar dac\u0103 e scris la persoana 1 singular, dar e un fapt real):<\/p>\n<p>Tat\u0103l meu a murit la v\u00e2rsta de 52 de ani, atunci c\u00e2nd eram mic. Mama mea s-a m\u0103ritat cu un b\u0103rbat mai t\u00e2n\u0103r, \u015fi, dup\u0103 15 ani de c\u0103s\u0103torie, el a murit, din p\u0103cate, \u00een anul 2007. Tat\u0103l vitreg s-a n\u0103scut pe: 07-07-1952 (7+7+(5+2)) = 7 7 7. El a murit pe data de 16-05-2007 ((1+6)+(5+2)+7) = 7 7 7. Ora mor\u0163ii a fost: 6:10 PM (6+1) = 7. Totodat\u0103, el a murit cu 52 de zile \u00eenainte s\u0103 \u00eemplineasc\u0103 cei 52 de ani ((5+2), (5+2)) = 7 7 &#8211; ziua sa de na\u015ftere&#8230;aceast\u0103 dat\u0103 fiind pe 07-07-2007 (adic\u0103 7 7 7)!<\/p>\n<p>Tat\u0103l meu vitreg avea 2 pronume: Stephen (7) \u015fi William (7). El s-a c\u0103s\u0103torit cu mama mea pe 02-12-1991 (2+1+2+1+9+9+1) = 25 (2+5) = 7. El a lucrat ca &#8222;builder&#8221; ((7) = <em>&#8222;constructor<\/em>&#8221; \u00een limba englez\u0103), era fan al echipei Chelsea (7) \u015fi conducea \u00eentotdeauna o ma\u015fin\u0103 Peugeot (7).<\/p>\n<p>A avut doi copii din prima c\u0103s\u0103torie, pe Kay \u015fi Lisa (3 + 4 = 7).<\/p>\n<p>Nu e pu\u0163in cam ciudat c\u0103 toat\u0103 via\u0163a lui a at\u00e2rnat de cifra 7?<\/p>\n","protected":false},"excerpt":{"rendered":"<p>S\u0103 vedem c\u00e2t de ciudat vi se va p\u0103rea urm\u0103torul text (nu, nu e vorba de mine, chiar dac\u0103 e scris la persoana 1 singular, dar e un fapt real): Tat\u0103l meu a murit la v\u00e2rsta de 52 de ani, &#8230; <\/p>\n<p class=\"read-more-container\"><a title=\"Nu e ciudat ca toat\u0103 via\u0163a unui om s\u0103 at\u00e2rne de cifra 7?\" class=\"read-more button\" href=\"https:\/\/www.lovendal.ro\/wp52\/nu-e-ciudat-ca-toata-viata-unui-om-sa-atarne-de-cifra-7\/#more-12914\" aria-label=\"Cite\u0219te mai multe despre Nu e ciudat ca toat\u0103 via\u0163a unui om s\u0103 at\u00e2rne de cifra 7?\">Cititi mai multe<\/a><\/p>\n","protected":false},"author":1,"featured_media":12916,"comment_status":"open","ping_status":"closed","sticky":false,"template":"","format":"standard","meta":{"footnotes":""},"categories":[14],"tags":[3278,473,9796],"class_list":["post-12914","post","type-post","status-publish","format-standard","has-post-thumbnail","hentry","category-paranormal-spiritualitate","tag-3278","tag-numerologie","tag-paranormal-spiritualitate","resize-featured-image"],"yoast_head":"<!-- This site is optimized with the Yoast SEO Premium plugin v23.3 (Yoast SEO v27.4) - https:\/\/yoast.com\/product\/yoast-seo-premium-wordpress\/ -->\n<title>Nu e ciudat ca toat\u0103 via\u0163a unui om s\u0103 at\u00e2rne de cifra 7? - Secretele lui Lovendal<\/title>\n<meta name=\"robots\" content=\"index, follow, max-snippet:-1, max-image-preview:large, max-video-preview:-1\" \/>\n<link rel=\"canonical\" href=\"https:\/\/www.lovendal.ro\/wp52\/nu-e-ciudat-ca-toata-viata-unui-om-sa-atarne-de-cifra-7\/\" \/>\n<meta property=\"og:locale\" content=\"ro_RO\" \/>\n<meta property=\"og:type\" content=\"article\" \/>\n<meta property=\"og:title\" content=\"Nu e ciudat ca toat\u0103 via\u0163a unui om s\u0103 at\u00e2rne de cifra 7?\" \/>\n<meta property=\"og:description\" content=\"S\u0103 vedem c\u00e2t de ciudat vi se va p\u0103rea urm\u0103torul text (nu, nu e vorba de mine, chiar dac\u0103 e scris la persoana 1 singular, dar e un fapt real): Tat\u0103l meu a murit la v\u00e2rsta de 52 de ani, ... Cititi mai multe\" \/>\n<meta property=\"og:url\" content=\"https:\/\/www.lovendal.ro\/wp52\/nu-e-ciudat-ca-toata-viata-unui-om-sa-atarne-de-cifra-7\/\" \/>\n<meta property=\"og:site_name\" content=\"Secretele lui Lovendal\" \/>\n<meta property=\"article:publisher\" content=\"https:\/\/www.facebook.com\/secreteleluilovendal\" \/>\n<meta property=\"article:published_time\" content=\"2010-06-05T05:03:27+00:00\" \/>\n<meta property=\"article:modified_time\" content=\"2010-06-05T05:04:46+00:00\" \/>\n<meta property=\"og:image\" content=\"https:\/\/www.lovendal.ro\/wp52\/wp-content\/uploads\/2010\/06\/cifra-7.png\" \/>\n\t<meta property=\"og:image:width\" content=\"320\" \/>\n\t<meta property=\"og:image:height\" content=\"192\" \/>\n\t<meta property=\"og:image:type\" content=\"image\/png\" \/>\n<meta name=\"author\" content=\"admin\" \/>\n<meta name=\"twitter:card\" content=\"summary_large_image\" \/>\n<meta name=\"twitter:label1\" content=\"Scris de\" \/>\n\t<meta name=\"twitter:data1\" content=\"admin\" \/>\n\t<meta name=\"twitter:label2\" content=\"Timp estimat pentru citire\" \/>\n\t<meta name=\"twitter:data2\" content=\"1 minut\" \/>\n<script type=\"application\/ld+json\" class=\"yoast-schema-graph\">{\"@context\":\"https:\\\/\\\/schema.org\",\"@graph\":[{\"@type\":\"Article\",\"@id\":\"https:\\\/\\\/www.lovendal.ro\\\/wp52\\\/nu-e-ciudat-ca-toata-viata-unui-om-sa-atarne-de-cifra-7\\\/#article\",\"isPartOf\":{\"@id\":\"https:\\\/\\\/www.lovendal.ro\\\/wp52\\\/nu-e-ciudat-ca-toata-viata-unui-om-sa-atarne-de-cifra-7\\\/\"},\"author\":{\"name\":\"admin\",\"@id\":\"https:\\\/\\\/www.lovendal.ro\\\/wp52\\\/#\\\/schema\\\/person\\\/088691de5dfc346bb0c023e1e52ef5d9\"},\"headline\":\"Nu e ciudat ca toat\u0103 via\u0163a unui om s\u0103 at\u00e2rne de cifra 7?\",\"datePublished\":\"2010-06-05T05:03:27+00:00\",\"dateModified\":\"2010-06-05T05:04:46+00:00\",\"mainEntityOfPage\":{\"@id\":\"https:\\\/\\\/www.lovendal.ro\\\/wp52\\\/nu-e-ciudat-ca-toata-viata-unui-om-sa-atarne-de-cifra-7\\\/\"},\"wordCount\":209,\"commentCount\":35,\"publisher\":{\"@id\":\"https:\\\/\\\/www.lovendal.ro\\\/wp52\\\/#organization\"},\"image\":{\"@id\":\"https:\\\/\\\/www.lovendal.ro\\\/wp52\\\/nu-e-ciudat-ca-toata-viata-unui-om-sa-atarne-de-cifra-7\\\/#primaryimage\"},\"thumbnailUrl\":\"https:\\\/\\\/www.lovendal.ro\\\/wp52\\\/wp-content\\\/uploads\\\/2010\\\/06\\\/cifra-7.png\",\"keywords\":[\"7\",\"numerologie\",\"Paranormal-Spiritualitate\"],\"articleSection\":[\"Paranormal-Spiritualitate\"],\"inLanguage\":\"ro-RO\",\"potentialAction\":[{\"@type\":\"CommentAction\",\"name\":\"Comment\",\"target\":[\"https:\\\/\\\/www.lovendal.ro\\\/wp52\\\/nu-e-ciudat-ca-toata-viata-unui-om-sa-atarne-de-cifra-7\\\/#respond\"]}]},{\"@type\":\"WebPage\",\"@id\":\"https:\\\/\\\/www.lovendal.ro\\\/wp52\\\/nu-e-ciudat-ca-toata-viata-unui-om-sa-atarne-de-cifra-7\\\/\",\"url\":\"https:\\\/\\\/www.lovendal.ro\\\/wp52\\\/nu-e-ciudat-ca-toata-viata-unui-om-sa-atarne-de-cifra-7\\\/\",\"name\":\"Nu e ciudat ca toat\u0103 via\u0163a unui om s\u0103 at\u00e2rne de cifra 7? - Secretele lui Lovendal\",\"isPartOf\":{\"@id\":\"https:\\\/\\\/www.lovendal.ro\\\/wp52\\\/#website\"},\"primaryImageOfPage\":{\"@id\":\"https:\\\/\\\/www.lovendal.ro\\\/wp52\\\/nu-e-ciudat-ca-toata-viata-unui-om-sa-atarne-de-cifra-7\\\/#primaryimage\"},\"image\":{\"@id\":\"https:\\\/\\\/www.lovendal.ro\\\/wp52\\\/nu-e-ciudat-ca-toata-viata-unui-om-sa-atarne-de-cifra-7\\\/#primaryimage\"},\"thumbnailUrl\":\"https:\\\/\\\/www.lovendal.ro\\\/wp52\\\/wp-content\\\/uploads\\\/2010\\\/06\\\/cifra-7.png\",\"datePublished\":\"2010-06-05T05:03:27+00:00\",\"dateModified\":\"2010-06-05T05:04:46+00:00\",\"breadcrumb\":{\"@id\":\"https:\\\/\\\/www.lovendal.ro\\\/wp52\\\/nu-e-ciudat-ca-toata-viata-unui-om-sa-atarne-de-cifra-7\\\/#breadcrumb\"},\"inLanguage\":\"ro-RO\",\"potentialAction\":[{\"@type\":\"ReadAction\",\"target\":[\"https:\\\/\\\/www.lovendal.ro\\\/wp52\\\/nu-e-ciudat-ca-toata-viata-unui-om-sa-atarne-de-cifra-7\\\/\"]}]},{\"@type\":\"ImageObject\",\"inLanguage\":\"ro-RO\",\"@id\":\"https:\\\/\\\/www.lovendal.ro\\\/wp52\\\/nu-e-ciudat-ca-toata-viata-unui-om-sa-atarne-de-cifra-7\\\/#primaryimage\",\"url\":\"https:\\\/\\\/www.lovendal.ro\\\/wp52\\\/wp-content\\\/uploads\\\/2010\\\/06\\\/cifra-7.png\",\"contentUrl\":\"https:\\\/\\\/www.lovendal.ro\\\/wp52\\\/wp-content\\\/uploads\\\/2010\\\/06\\\/cifra-7.png\",\"width\":\"320\",\"height\":\"192\"},{\"@type\":\"BreadcrumbList\",\"@id\":\"https:\\\/\\\/www.lovendal.ro\\\/wp52\\\/nu-e-ciudat-ca-toata-viata-unui-om-sa-atarne-de-cifra-7\\\/#breadcrumb\",\"itemListElement\":[{\"@type\":\"ListItem\",\"position\":1,\"name\":\"Home\",\"item\":\"https:\\\/\\\/www.lovendal.ro\\\/wp52\\\/\"},{\"@type\":\"ListItem\",\"position\":2,\"name\":\"Nu e ciudat ca toat\u0103 via\u0163a unui om s\u0103 at\u00e2rne de cifra 7?\"}]},{\"@type\":\"WebSite\",\"@id\":\"https:\\\/\\\/www.lovendal.ro\\\/wp52\\\/#website\",\"url\":\"https:\\\/\\\/www.lovendal.ro\\\/wp52\\\/\",\"name\":\"Secretele lui Lovendal\",\"description\":\"Site de secrete, stiinta si metafizica - din 2008 -\",\"publisher\":{\"@id\":\"https:\\\/\\\/www.lovendal.ro\\\/wp52\\\/#organization\"},\"potentialAction\":[{\"@type\":\"SearchAction\",\"target\":{\"@type\":\"EntryPoint\",\"urlTemplate\":\"https:\\\/\\\/www.lovendal.ro\\\/wp52\\\/?s={search_term_string}\"},\"query-input\":{\"@type\":\"PropertyValueSpecification\",\"valueRequired\":true,\"valueName\":\"search_term_string\"}}],\"inLanguage\":\"ro-RO\"},{\"@type\":\"Organization\",\"@id\":\"https:\\\/\\\/www.lovendal.ro\\\/wp52\\\/#organization\",\"name\":\"Secretele lui Lovendal\",\"url\":\"https:\\\/\\\/www.lovendal.ro\\\/wp52\\\/\",\"logo\":{\"@type\":\"ImageObject\",\"inLanguage\":\"ro-RO\",\"@id\":\"https:\\\/\\\/www.lovendal.ro\\\/wp52\\\/#\\\/schema\\\/logo\\\/image\\\/\",\"url\":\"https:\\\/\\\/www.lovendal.ro\\\/wp52\\\/wp-content\\\/uploads\\\/2024\\\/06\\\/cropped-SLL-iun-2024-1.jpg\",\"contentUrl\":\"https:\\\/\\\/www.lovendal.ro\\\/wp52\\\/wp-content\\\/uploads\\\/2024\\\/06\\\/cropped-SLL-iun-2024-1.jpg\",\"width\":771,\"height\":240,\"caption\":\"Secretele lui Lovendal\"},\"image\":{\"@id\":\"https:\\\/\\\/www.lovendal.ro\\\/wp52\\\/#\\\/schema\\\/logo\\\/image\\\/\"},\"sameAs\":[\"https:\\\/\\\/www.facebook.com\\\/secreteleluilovendal\"]},{\"@type\":\"Person\",\"@id\":\"https:\\\/\\\/www.lovendal.ro\\\/wp52\\\/#\\\/schema\\\/person\\\/088691de5dfc346bb0c023e1e52ef5d9\",\"name\":\"admin\",\"image\":{\"@type\":\"ImageObject\",\"inLanguage\":\"ro-RO\",\"@id\":\"https:\\\/\\\/secure.gravatar.com\\\/avatar\\\/ecb9cd41f5f63c9c9b989999a59f6e2639a865ec361e9db054db0679a8f341c2?s=96&d=mm&r=g\",\"url\":\"https:\\\/\\\/secure.gravatar.com\\\/avatar\\\/ecb9cd41f5f63c9c9b989999a59f6e2639a865ec361e9db054db0679a8f341c2?s=96&d=mm&r=g\",\"contentUrl\":\"https:\\\/\\\/secure.gravatar.com\\\/avatar\\\/ecb9cd41f5f63c9c9b989999a59f6e2639a865ec361e9db054db0679a8f341c2?s=96&d=mm&r=g\",\"caption\":\"admin\"},\"sameAs\":[\"https:\\\/\\\/www.lovendal.ro\\\/wp52\"]}]}<\/script>\n<!-- \/ Yoast SEO Premium plugin. -->","yoast_head_json":{"title":"Nu e ciudat ca toat\u0103 via\u0163a unui om s\u0103 at\u00e2rne de cifra 7? - Secretele lui Lovendal","robots":{"index":"index","follow":"follow","max-snippet":"max-snippet:-1","max-image-preview":"max-image-preview:large","max-video-preview":"max-video-preview:-1"},"canonical":"https:\/\/www.lovendal.ro\/wp52\/nu-e-ciudat-ca-toata-viata-unui-om-sa-atarne-de-cifra-7\/","og_locale":"ro_RO","og_type":"article","og_title":"Nu e ciudat ca toat\u0103 via\u0163a unui om s\u0103 at\u00e2rne de cifra 7?","og_description":"S\u0103 vedem c\u00e2t de ciudat vi se va p\u0103rea urm\u0103torul text (nu, nu e vorba de mine, chiar dac\u0103 e scris la persoana 1 singular, dar e un fapt real): Tat\u0103l meu a murit la v\u00e2rsta de 52 de ani, ... Cititi mai multe","og_url":"https:\/\/www.lovendal.ro\/wp52\/nu-e-ciudat-ca-toata-viata-unui-om-sa-atarne-de-cifra-7\/","og_site_name":"Secretele lui Lovendal","article_publisher":"https:\/\/www.facebook.com\/secreteleluilovendal","article_published_time":"2010-06-05T05:03:27+00:00","article_modified_time":"2010-06-05T05:04:46+00:00","og_image":[{"width":320,"height":192,"url":"https:\/\/www.lovendal.ro\/wp52\/wp-content\/uploads\/2010\/06\/cifra-7.png","type":"image\/png"}],"author":"admin","twitter_card":"summary_large_image","twitter_misc":{"Scris de":"admin","Timp estimat pentru citire":"1 minut"},"schema":{"@context":"https:\/\/schema.org","@graph":[{"@type":"Article","@id":"https:\/\/www.lovendal.ro\/wp52\/nu-e-ciudat-ca-toata-viata-unui-om-sa-atarne-de-cifra-7\/#article","isPartOf":{"@id":"https:\/\/www.lovendal.ro\/wp52\/nu-e-ciudat-ca-toata-viata-unui-om-sa-atarne-de-cifra-7\/"},"author":{"name":"admin","@id":"https:\/\/www.lovendal.ro\/wp52\/#\/schema\/person\/088691de5dfc346bb0c023e1e52ef5d9"},"headline":"Nu e ciudat ca toat\u0103 via\u0163a unui om s\u0103 at\u00e2rne de cifra 7?","datePublished":"2010-06-05T05:03:27+00:00","dateModified":"2010-06-05T05:04:46+00:00","mainEntityOfPage":{"@id":"https:\/\/www.lovendal.ro\/wp52\/nu-e-ciudat-ca-toata-viata-unui-om-sa-atarne-de-cifra-7\/"},"wordCount":209,"commentCount":35,"publisher":{"@id":"https:\/\/www.lovendal.ro\/wp52\/#organization"},"image":{"@id":"https:\/\/www.lovendal.ro\/wp52\/nu-e-ciudat-ca-toata-viata-unui-om-sa-atarne-de-cifra-7\/#primaryimage"},"thumbnailUrl":"https:\/\/www.lovendal.ro\/wp52\/wp-content\/uploads\/2010\/06\/cifra-7.png","keywords":["7","numerologie","Paranormal-Spiritualitate"],"articleSection":["Paranormal-Spiritualitate"],"inLanguage":"ro-RO","potentialAction":[{"@type":"CommentAction","name":"Comment","target":["https:\/\/www.lovendal.ro\/wp52\/nu-e-ciudat-ca-toata-viata-unui-om-sa-atarne-de-cifra-7\/#respond"]}]},{"@type":"WebPage","@id":"https:\/\/www.lovendal.ro\/wp52\/nu-e-ciudat-ca-toata-viata-unui-om-sa-atarne-de-cifra-7\/","url":"https:\/\/www.lovendal.ro\/wp52\/nu-e-ciudat-ca-toata-viata-unui-om-sa-atarne-de-cifra-7\/","name":"Nu e ciudat ca toat\u0103 via\u0163a unui om s\u0103 at\u00e2rne de cifra 7? - Secretele lui Lovendal","isPartOf":{"@id":"https:\/\/www.lovendal.ro\/wp52\/#website"},"primaryImageOfPage":{"@id":"https:\/\/www.lovendal.ro\/wp52\/nu-e-ciudat-ca-toata-viata-unui-om-sa-atarne-de-cifra-7\/#primaryimage"},"image":{"@id":"https:\/\/www.lovendal.ro\/wp52\/nu-e-ciudat-ca-toata-viata-unui-om-sa-atarne-de-cifra-7\/#primaryimage"},"thumbnailUrl":"https:\/\/www.lovendal.ro\/wp52\/wp-content\/uploads\/2010\/06\/cifra-7.png","datePublished":"2010-06-05T05:03:27+00:00","dateModified":"2010-06-05T05:04:46+00:00","breadcrumb":{"@id":"https:\/\/www.lovendal.ro\/wp52\/nu-e-ciudat-ca-toata-viata-unui-om-sa-atarne-de-cifra-7\/#breadcrumb"},"inLanguage":"ro-RO","potentialAction":[{"@type":"ReadAction","target":["https:\/\/www.lovendal.ro\/wp52\/nu-e-ciudat-ca-toata-viata-unui-om-sa-atarne-de-cifra-7\/"]}]},{"@type":"ImageObject","inLanguage":"ro-RO","@id":"https:\/\/www.lovendal.ro\/wp52\/nu-e-ciudat-ca-toata-viata-unui-om-sa-atarne-de-cifra-7\/#primaryimage","url":"https:\/\/www.lovendal.ro\/wp52\/wp-content\/uploads\/2010\/06\/cifra-7.png","contentUrl":"https:\/\/www.lovendal.ro\/wp52\/wp-content\/uploads\/2010\/06\/cifra-7.png","width":"320","height":"192"},{"@type":"BreadcrumbList","@id":"https:\/\/www.lovendal.ro\/wp52\/nu-e-ciudat-ca-toata-viata-unui-om-sa-atarne-de-cifra-7\/#breadcrumb","itemListElement":[{"@type":"ListItem","position":1,"name":"Home","item":"https:\/\/www.lovendal.ro\/wp52\/"},{"@type":"ListItem","position":2,"name":"Nu e ciudat ca toat\u0103 via\u0163a unui om s\u0103 at\u00e2rne de cifra 7?"}]},{"@type":"WebSite","@id":"https:\/\/www.lovendal.ro\/wp52\/#website","url":"https:\/\/www.lovendal.ro\/wp52\/","name":"Secretele lui Lovendal","description":"Site de secrete, stiinta si metafizica - din 2008 -","publisher":{"@id":"https:\/\/www.lovendal.ro\/wp52\/#organization"},"potentialAction":[{"@type":"SearchAction","target":{"@type":"EntryPoint","urlTemplate":"https:\/\/www.lovendal.ro\/wp52\/?s={search_term_string}"},"query-input":{"@type":"PropertyValueSpecification","valueRequired":true,"valueName":"search_term_string"}}],"inLanguage":"ro-RO"},{"@type":"Organization","@id":"https:\/\/www.lovendal.ro\/wp52\/#organization","name":"Secretele lui Lovendal","url":"https:\/\/www.lovendal.ro\/wp52\/","logo":{"@type":"ImageObject","inLanguage":"ro-RO","@id":"https:\/\/www.lovendal.ro\/wp52\/#\/schema\/logo\/image\/","url":"https:\/\/www.lovendal.ro\/wp52\/wp-content\/uploads\/2024\/06\/cropped-SLL-iun-2024-1.jpg","contentUrl":"https:\/\/www.lovendal.ro\/wp52\/wp-content\/uploads\/2024\/06\/cropped-SLL-iun-2024-1.jpg","width":771,"height":240,"caption":"Secretele lui Lovendal"},"image":{"@id":"https:\/\/www.lovendal.ro\/wp52\/#\/schema\/logo\/image\/"},"sameAs":["https:\/\/www.facebook.com\/secreteleluilovendal"]},{"@type":"Person","@id":"https:\/\/www.lovendal.ro\/wp52\/#\/schema\/person\/088691de5dfc346bb0c023e1e52ef5d9","name":"admin","image":{"@type":"ImageObject","inLanguage":"ro-RO","@id":"https:\/\/secure.gravatar.com\/avatar\/ecb9cd41f5f63c9c9b989999a59f6e2639a865ec361e9db054db0679a8f341c2?s=96&d=mm&r=g","url":"https:\/\/secure.gravatar.com\/avatar\/ecb9cd41f5f63c9c9b989999a59f6e2639a865ec361e9db054db0679a8f341c2?s=96&d=mm&r=g","contentUrl":"https:\/\/secure.gravatar.com\/avatar\/ecb9cd41f5f63c9c9b989999a59f6e2639a865ec361e9db054db0679a8f341c2?s=96&d=mm&r=g","caption":"admin"},"sameAs":["https:\/\/www.lovendal.ro\/wp52"]}]}},"_links":{"self":[{"href":"https:\/\/www.lovendal.ro\/wp52\/wp-json\/wp\/v2\/posts\/12914","targetHints":{"allow":["GET"]}}],"collection":[{"href":"https:\/\/www.lovendal.ro\/wp52\/wp-json\/wp\/v2\/posts"}],"about":[{"href":"https:\/\/www.lovendal.ro\/wp52\/wp-json\/wp\/v2\/types\/post"}],"author":[{"embeddable":true,"href":"https:\/\/www.lovendal.ro\/wp52\/wp-json\/wp\/v2\/users\/1"}],"replies":[{"embeddable":true,"href":"https:\/\/www.lovendal.ro\/wp52\/wp-json\/wp\/v2\/comments?post=12914"}],"version-history":[{"count":0,"href":"https:\/\/www.lovendal.ro\/wp52\/wp-json\/wp\/v2\/posts\/12914\/revisions"}],"wp:featuredmedia":[{"embeddable":true,"href":"https:\/\/www.lovendal.ro\/wp52\/wp-json\/wp\/v2\/media\/12916"}],"wp:attachment":[{"href":"https:\/\/www.lovendal.ro\/wp52\/wp-json\/wp\/v2\/media?parent=12914"}],"wp:term":[{"taxonomy":"category","embeddable":true,"href":"https:\/\/www.lovendal.ro\/wp52\/wp-json\/wp\/v2\/categories?post=12914"},{"taxonomy":"post_tag","embeddable":true,"href":"https:\/\/www.lovendal.ro\/wp52\/wp-json\/wp\/v2\/tags?post=12914"}],"curies":[{"name":"wp","href":"https:\/\/api.w.org\/{rel}","templated":true}]}}