{"id":12882,"date":"2010-06-01T08:33:00","date_gmt":"2010-06-01T05:33:00","guid":{"rendered":"http:\/\/www.lovendal.net\/wp52\/?p=12882"},"modified":"2010-06-01T08:36:57","modified_gmt":"2010-06-01T05:36:57","slug":"sa-ne-mandrim-c-un-grec-nicolae-mavrocordat-domnitorul-fanariot-care-tinea-cu-taranii-romani","status":"publish","type":"post","link":"https:\/\/www.lovendal.ro\/wp52\/sa-ne-mandrim-c-un-grec-nicolae-mavrocordat-domnitorul-fanariot-care-tinea-cu-taranii-romani\/","title":{"rendered":"S\u0103 ne m\u00e2ndrim c-un grec! Nicolae Mavrocordat, domnitorul fanariot care \u0163inea cu \u0163\u0103ranii rom\u00e2ni"},"content":{"rendered":"<p><a href=\"https:\/\/www.lovendal.ro\/wp52\/wp-content\/uploads\/2010\/06\/NicolaeMavrocordat.jpg\"><img loading=\"lazy\" decoding=\"async\" class=\"alignleft size-full wp-image-12883\" title=\"NicolaeMavrocordat\" src=\"https:\/\/www.lovendal.ro\/wp52\/wp-content\/uploads\/2010\/06\/NicolaeMavrocordat.jpg\" alt=\"NicolaeMavrocordat\" width=\"272\" height=\"271\" srcset=\"https:\/\/www.lovendal.ro\/wp52\/wp-content\/uploads\/2010\/06\/NicolaeMavrocordat.jpg 272w, https:\/\/www.lovendal.ro\/wp52\/wp-content\/uploads\/2010\/06\/NicolaeMavrocordat-150x150.jpg 150w\" sizes=\"auto, (max-width: 272px) 100vw, 272px\" \/><\/a>Fa\u0163\u0103 de domnitorii cu pur s\u00e2nge rom\u00e2nesc, au existat \u00een \u0163\u0103rile rom\u00e2ne unii conduc\u0103tori care au fost mult mai buni administratori de \u0163ar\u0103, \u015fi care, culmea, nu erau rom\u00e2ni. Mul\u0163i \u00eei critic\u0103 pe domnitorii fanario\u0163i, dar au fost c\u00e2\u0163iva cu adev\u0103rat sclipitori. Cel mai &#8222;bun&#8221; domnitor fanariot care a guvernat \u00een \u0163\u0103rile rom\u00e2ne a fost Nicolae Mavrocordat (1680-1730), care a fost domnitor al Moldovei de dou\u0103 ori (\u00een 1710 \u015fi \u00eentre 1711 \u015fi 1716) \u015fi al \u0162\u0103rii Rom\u00e2ne\u015fti tot de dou\u0103 ori (1716 \u015fi \u00eentre 1719 \u015fi 1730).<\/p>\n<p>Nicolae Mavrocordat era grec la origini, tat\u0103l s\u0103u fiind celebrul Alexandru Mavrocordat &#8222;Exaporitul&#8221; (secretarul intim al sultanului \u015fi un fel de ministru de externe al Imperiului Otoman). Poate foarte pu\u0163ini cunosc faptul c\u0103 Nicolae Mavrocordat avea totu\u015fi \u015fi pu\u0163in s\u00e2nge rom\u00e2nesc domnesc, mama sa, Sultana Hrisoscoleos fiind nepoata domnitorului moldovean Alexandru Ilia\u015f Vod\u0103 (1590-1666), care la r\u00e2ndul s\u0103u era str\u0103-str\u0103nepotul lui \u015etefan cel Mare. Deci, acest Nicolae Mavrocordat avea \u00een el pu\u0163in s\u00e2nge din grandiosul \u015etefan cel Mare.<\/p>\n<p>Oricum, domnitorul grec nu \u015ftia limba rom\u00e2n\u0103, dar cu toate acestea el a sosit \u00een Moldova, \u00een februarie 1710 cu g\u00e2ndul preconceput de a sprijini \u0163\u0103ranii. Dac\u0103 la divanul domnesc se jelea un \u0163\u0103ran \u00eempotriva st\u0103p\u00e2nului s\u0103u, era \u015ftiut de dinainte c\u0103 dreptatea era de partea \u0163\u0103ranului! C\u00e2\u0163i domnitori rom\u00e2ni get-beget au f\u0103cut acest lucru?<\/p>\n<p>Dup\u0103 ce a fost timp de un an mazilit de c\u0103tre sultan (care l-a pus domnitor pe Dimitrie Cantemir &#8211; ce avea ca obiectiv de a-l atrage \u00een capcan\u0103 pe Constantin Br\u00e2ncoveanu), Mavrocordat s-a re\u00eentors la c\u00e2rma \u0163\u0103rii \u00een anul 1711, dat\u0103 dup\u0103 care a introdus inova\u0163ia \u00eentr-o \u0163ar\u0103 rom\u00e2neasc\u0103, aceea de a da seama \u00een fa\u0163a boierilor (&#8222;Sfatul \u0163\u0103rii&#8221; &#8211; un fel de mic parlament) despre cheltuielile f\u0103cute din visteria \u0163\u0103rii. Astfel, Nicolae Mavrocordat poate fi considerat ca fiind primul domnitor ce a \u00eencercat s\u0103 introduc\u0103 un regim constitu\u0163ional \u00eentr-o \u0163ar\u0103 rom\u00e2neasc\u0103, \u00een condi\u0163iile \u00een care \u00een Europa existau monarhii absolute! (a nu se uita de regimul total absolutist al lui Ludovic al XIV-lea din Fran\u0163a \u00eenceputului de secol 18).<\/p>\n<p>Nicolae Mavrocordat nu a fost deloc un domnitor lacom, ci un foarte bun administrator, chiar mai bun dec\u00e2t to\u0163i domnitorii moldoveni \u015fi munteni la un loc! El ar trebui m\u0103car pus la acela\u015fi nivel cu \u015etefan cel Mare sau Constantin Br\u00e2ncoveanu. Din p\u0103cate, el a murit destul de t\u00e2n\u0103r, la v\u00e2rsta de 50 de ani, suferind de cium\u0103. A fost \u00eenmorm\u00e2ntat la M\u0103n\u0103stirea V\u0103c\u0103re\u015fti din Bucure\u015fti (m\u0103n\u0103stire distrus\u0103 de Ceau\u015fescu), iar pe piatra sa de morm\u00e2nt st\u0103tea scris \u00een grece\u015fte: <em>\u201eV\u00e2z\u00e2ndu-te, morminte, m\u0103 tem de priveli\u015ftea ta\/ C\u0103ci ascunzi \u00een tine pe Nicolae Domnul \/ Moldovei odinioar\u0103, apoi al \u0162\u0103rii Rom\u00e2ne\u015fti, \/ Pe acel care aceast\u0103 biseric\u0103 a \u00eentreitei lumini a soarelui \/ Dumnezeie\u015fte a \u00een\u0103l\u0163at-o din temelia ei chiar \/ Pe cel prea-\u00een\u0163elept \u015fi Scaun al \u00een\u0163elepciunii, \/ Oglinda \u00een\u0163elep\u0163ilor \u00een sfaturi, \/ Al c\u0103rui neam vestit e din al Scarlatilor: \/ P\u0103rintele i-a fost Alexandru, care la a Otomanilor \/ Imp\u0103r\u0103\u0163ie era t\u0103lmaciul cel de tain\u0103. \/ Dar pe care muzeele l-au \u00eencununat cu-a gloriei cunun\u0103, \/ Acest morm\u00e2nt de marmur\u0103-l \u00eencununa-acum, \/ Pierind de ingrozitoarea boal\u0103 a ciumii, \/L\u0103s\u00e2nd durere nesuferit\u0103 la fiii \/ \u015ei la so\u0163ia sa \u015fi la rudele multe: \/ Pe care s\u0103-l fericim to\u0163i dup\u0103 cuviin\u0163\u0103, \/ Rug\u00e2nd pe Domnul, cel ce vede toate, \/ S\u0103-i pun\u0103 sufletu-n livezi \u00eenverzite\u201d.<\/em><\/p>\n<p>Iat\u0103 ce lec\u0163ie ne-a oferit, nou\u0103 rom\u00e2nilor, un domnitor grec. \u015ei iat\u0103 \u00eenc\u0103 un motiv pentru care <strong><span style=\"text-decoration: underline;\"><a title=\"Permanent Link to N-am nicio m\u00e2ndrie c\u0103 sunt  rom\u00e2n\" rel=\"bookmark\" href=\"..\/n-am-nicio-mandrie-ca-sunt-roman\/\">N-am nicio m\u00e2ndrie c\u0103 sunt rom\u00e2n<\/a><\/span><\/strong>.<strong><span style=\"text-decoration: underline;\"><br \/>\n<\/span><\/strong><\/p>\n","protected":false},"excerpt":{"rendered":"<p>Fa\u0163\u0103 de domnitorii cu pur s\u00e2nge rom\u00e2nesc, au existat \u00een \u0163\u0103rile rom\u00e2ne unii conduc\u0103tori care au fost mult mai buni administratori de \u0163ar\u0103, \u015fi care, culmea, nu erau rom\u00e2ni. Mul\u0163i \u00eei critic\u0103 pe domnitorii fanario\u0163i, dar au fost c\u00e2\u0163iva cu &#8230; <\/p>\n<p class=\"read-more-container\"><a title=\"S\u0103 ne m\u00e2ndrim c-un grec! Nicolae Mavrocordat, domnitorul fanariot care \u0163inea cu \u0163\u0103ranii rom\u00e2ni\" class=\"read-more button\" href=\"https:\/\/www.lovendal.ro\/wp52\/sa-ne-mandrim-c-un-grec-nicolae-mavrocordat-domnitorul-fanariot-care-tinea-cu-taranii-romani\/#more-12882\" aria-label=\"Cite\u0219te mai multe despre S\u0103 ne m\u00e2ndrim c-un grec! Nicolae Mavrocordat, domnitorul fanariot care \u0163inea cu \u0163\u0103ranii rom\u00e2ni\">Cititi mai multe<\/a><\/p>\n","protected":false},"author":1,"featured_media":12883,"comment_status":"open","ping_status":"closed","sticky":false,"template":"","format":"standard","meta":{"footnotes":""},"categories":[9],"tags":[1428,374,1532,377,3272,228],"class_list":["post-12882","post","type-post","status-publish","format-standard","has-post-thumbnail","hentry","category-istorie","tag-domnitor","tag-fanarioti","tag-istorie-si-civilizatii","tag-moldova","tag-nicolae-mavrocordat","tag-tara-romaneasca","resize-featured-image"],"yoast_head":"<!-- This site is optimized with the Yoast SEO Premium plugin v23.3 (Yoast SEO v27.4) - https:\/\/yoast.com\/product\/yoast-seo-premium-wordpress\/ -->\n<title>S\u0103 ne m\u00e2ndrim c-un grec! Nicolae Mavrocordat, domnitorul fanariot care \u0163inea cu \u0163\u0103ranii rom\u00e2ni - Secretele lui Lovendal<\/title>\n<meta name=\"robots\" content=\"index, follow, max-snippet:-1, max-image-preview:large, max-video-preview:-1\" \/>\n<link rel=\"canonical\" href=\"https:\/\/www.lovendal.ro\/wp52\/sa-ne-mandrim-c-un-grec-nicolae-mavrocordat-domnitorul-fanariot-care-tinea-cu-taranii-romani\/\" \/>\n<meta property=\"og:locale\" content=\"ro_RO\" \/>\n<meta property=\"og:type\" content=\"article\" \/>\n<meta property=\"og:title\" content=\"S\u0103 ne m\u00e2ndrim c-un grec! Nicolae Mavrocordat, domnitorul fanariot care \u0163inea cu \u0163\u0103ranii rom\u00e2ni\" \/>\n<meta property=\"og:description\" content=\"Fa\u0163\u0103 de domnitorii cu pur s\u00e2nge rom\u00e2nesc, au existat \u00een \u0163\u0103rile rom\u00e2ne unii conduc\u0103tori care au fost mult mai buni administratori de \u0163ar\u0103, \u015fi care, culmea, nu erau rom\u00e2ni. Mul\u0163i \u00eei critic\u0103 pe domnitorii fanario\u0163i, dar au fost c\u00e2\u0163iva cu ... Cititi mai multe\" \/>\n<meta property=\"og:url\" content=\"https:\/\/www.lovendal.ro\/wp52\/sa-ne-mandrim-c-un-grec-nicolae-mavrocordat-domnitorul-fanariot-care-tinea-cu-taranii-romani\/\" \/>\n<meta property=\"og:site_name\" content=\"Secretele lui Lovendal\" \/>\n<meta property=\"article:publisher\" content=\"https:\/\/www.facebook.com\/secreteleluilovendal\" \/>\n<meta property=\"article:published_time\" content=\"2010-06-01T05:33:00+00:00\" \/>\n<meta property=\"article:modified_time\" content=\"2010-06-01T05:36:57+00:00\" \/>\n<meta property=\"og:image\" content=\"https:\/\/www.lovendal.ro\/wp52\/wp-content\/uploads\/2010\/06\/NicolaeMavrocordat.jpg\" \/>\n\t<meta property=\"og:image:width\" content=\"272\" \/>\n\t<meta property=\"og:image:height\" content=\"271\" \/>\n\t<meta property=\"og:image:type\" content=\"image\/jpeg\" \/>\n<meta name=\"author\" content=\"admin\" \/>\n<meta name=\"twitter:card\" content=\"summary_large_image\" \/>\n<meta name=\"twitter:label1\" content=\"Scris de\" \/>\n\t<meta name=\"twitter:data1\" content=\"admin\" \/>\n\t<meta name=\"twitter:label2\" content=\"Timp estimat pentru citire\" \/>\n\t<meta name=\"twitter:data2\" content=\"3 minute\" \/>\n<script type=\"application\/ld+json\" class=\"yoast-schema-graph\">{\"@context\":\"https:\\\/\\\/schema.org\",\"@graph\":[{\"@type\":\"Article\",\"@id\":\"https:\\\/\\\/www.lovendal.ro\\\/wp52\\\/sa-ne-mandrim-c-un-grec-nicolae-mavrocordat-domnitorul-fanariot-care-tinea-cu-taranii-romani\\\/#article\",\"isPartOf\":{\"@id\":\"https:\\\/\\\/www.lovendal.ro\\\/wp52\\\/sa-ne-mandrim-c-un-grec-nicolae-mavrocordat-domnitorul-fanariot-care-tinea-cu-taranii-romani\\\/\"},\"author\":{\"name\":\"admin\",\"@id\":\"https:\\\/\\\/www.lovendal.ro\\\/wp52\\\/#\\\/schema\\\/person\\\/088691de5dfc346bb0c023e1e52ef5d9\"},\"headline\":\"S\u0103 ne m\u00e2ndrim c-un grec! Nicolae Mavrocordat, domnitorul fanariot care \u0163inea cu \u0163\u0103ranii rom\u00e2ni\",\"datePublished\":\"2010-06-01T05:33:00+00:00\",\"dateModified\":\"2010-06-01T05:36:57+00:00\",\"mainEntityOfPage\":{\"@id\":\"https:\\\/\\\/www.lovendal.ro\\\/wp52\\\/sa-ne-mandrim-c-un-grec-nicolae-mavrocordat-domnitorul-fanariot-care-tinea-cu-taranii-romani\\\/\"},\"wordCount\":672,\"commentCount\":27,\"publisher\":{\"@id\":\"https:\\\/\\\/www.lovendal.ro\\\/wp52\\\/#organization\"},\"image\":{\"@id\":\"https:\\\/\\\/www.lovendal.ro\\\/wp52\\\/sa-ne-mandrim-c-un-grec-nicolae-mavrocordat-domnitorul-fanariot-care-tinea-cu-taranii-romani\\\/#primaryimage\"},\"thumbnailUrl\":\"https:\\\/\\\/www.lovendal.ro\\\/wp52\\\/wp-content\\\/uploads\\\/2010\\\/06\\\/NicolaeMavrocordat.jpg\",\"keywords\":[\"domnitor\",\"fanario\u0163i\",\"Istorie si Civilizatii\",\"Moldova\",\"Nicolae Mavrocordat\",\"\u0162ara Rom\u00e2neasc\u0103\"],\"articleSection\":[\"Istorie si Civilizatii\"],\"inLanguage\":\"ro-RO\",\"potentialAction\":[{\"@type\":\"CommentAction\",\"name\":\"Comment\",\"target\":[\"https:\\\/\\\/www.lovendal.ro\\\/wp52\\\/sa-ne-mandrim-c-un-grec-nicolae-mavrocordat-domnitorul-fanariot-care-tinea-cu-taranii-romani\\\/#respond\"]}]},{\"@type\":\"WebPage\",\"@id\":\"https:\\\/\\\/www.lovendal.ro\\\/wp52\\\/sa-ne-mandrim-c-un-grec-nicolae-mavrocordat-domnitorul-fanariot-care-tinea-cu-taranii-romani\\\/\",\"url\":\"https:\\\/\\\/www.lovendal.ro\\\/wp52\\\/sa-ne-mandrim-c-un-grec-nicolae-mavrocordat-domnitorul-fanariot-care-tinea-cu-taranii-romani\\\/\",\"name\":\"S\u0103 ne m\u00e2ndrim c-un grec! Nicolae Mavrocordat, domnitorul fanariot care \u0163inea cu \u0163\u0103ranii rom\u00e2ni - Secretele lui Lovendal\",\"isPartOf\":{\"@id\":\"https:\\\/\\\/www.lovendal.ro\\\/wp52\\\/#website\"},\"primaryImageOfPage\":{\"@id\":\"https:\\\/\\\/www.lovendal.ro\\\/wp52\\\/sa-ne-mandrim-c-un-grec-nicolae-mavrocordat-domnitorul-fanariot-care-tinea-cu-taranii-romani\\\/#primaryimage\"},\"image\":{\"@id\":\"https:\\\/\\\/www.lovendal.ro\\\/wp52\\\/sa-ne-mandrim-c-un-grec-nicolae-mavrocordat-domnitorul-fanariot-care-tinea-cu-taranii-romani\\\/#primaryimage\"},\"thumbnailUrl\":\"https:\\\/\\\/www.lovendal.ro\\\/wp52\\\/wp-content\\\/uploads\\\/2010\\\/06\\\/NicolaeMavrocordat.jpg\",\"datePublished\":\"2010-06-01T05:33:00+00:00\",\"dateModified\":\"2010-06-01T05:36:57+00:00\",\"breadcrumb\":{\"@id\":\"https:\\\/\\\/www.lovendal.ro\\\/wp52\\\/sa-ne-mandrim-c-un-grec-nicolae-mavrocordat-domnitorul-fanariot-care-tinea-cu-taranii-romani\\\/#breadcrumb\"},\"inLanguage\":\"ro-RO\",\"potentialAction\":[{\"@type\":\"ReadAction\",\"target\":[\"https:\\\/\\\/www.lovendal.ro\\\/wp52\\\/sa-ne-mandrim-c-un-grec-nicolae-mavrocordat-domnitorul-fanariot-care-tinea-cu-taranii-romani\\\/\"]}]},{\"@type\":\"ImageObject\",\"inLanguage\":\"ro-RO\",\"@id\":\"https:\\\/\\\/www.lovendal.ro\\\/wp52\\\/sa-ne-mandrim-c-un-grec-nicolae-mavrocordat-domnitorul-fanariot-care-tinea-cu-taranii-romani\\\/#primaryimage\",\"url\":\"https:\\\/\\\/www.lovendal.ro\\\/wp52\\\/wp-content\\\/uploads\\\/2010\\\/06\\\/NicolaeMavrocordat.jpg\",\"contentUrl\":\"https:\\\/\\\/www.lovendal.ro\\\/wp52\\\/wp-content\\\/uploads\\\/2010\\\/06\\\/NicolaeMavrocordat.jpg\",\"width\":\"272\",\"height\":\"271\"},{\"@type\":\"BreadcrumbList\",\"@id\":\"https:\\\/\\\/www.lovendal.ro\\\/wp52\\\/sa-ne-mandrim-c-un-grec-nicolae-mavrocordat-domnitorul-fanariot-care-tinea-cu-taranii-romani\\\/#breadcrumb\",\"itemListElement\":[{\"@type\":\"ListItem\",\"position\":1,\"name\":\"Home\",\"item\":\"https:\\\/\\\/www.lovendal.ro\\\/wp52\\\/\"},{\"@type\":\"ListItem\",\"position\":2,\"name\":\"S\u0103 ne m\u00e2ndrim c-un grec! Nicolae Mavrocordat, domnitorul fanariot care \u0163inea cu \u0163\u0103ranii rom\u00e2ni\"}]},{\"@type\":\"WebSite\",\"@id\":\"https:\\\/\\\/www.lovendal.ro\\\/wp52\\\/#website\",\"url\":\"https:\\\/\\\/www.lovendal.ro\\\/wp52\\\/\",\"name\":\"Secretele lui Lovendal\",\"description\":\"Site de secrete, stiinta si metafizica - din 2008 -\",\"publisher\":{\"@id\":\"https:\\\/\\\/www.lovendal.ro\\\/wp52\\\/#organization\"},\"potentialAction\":[{\"@type\":\"SearchAction\",\"target\":{\"@type\":\"EntryPoint\",\"urlTemplate\":\"https:\\\/\\\/www.lovendal.ro\\\/wp52\\\/?s={search_term_string}\"},\"query-input\":{\"@type\":\"PropertyValueSpecification\",\"valueRequired\":true,\"valueName\":\"search_term_string\"}}],\"inLanguage\":\"ro-RO\"},{\"@type\":\"Organization\",\"@id\":\"https:\\\/\\\/www.lovendal.ro\\\/wp52\\\/#organization\",\"name\":\"Secretele lui Lovendal\",\"url\":\"https:\\\/\\\/www.lovendal.ro\\\/wp52\\\/\",\"logo\":{\"@type\":\"ImageObject\",\"inLanguage\":\"ro-RO\",\"@id\":\"https:\\\/\\\/www.lovendal.ro\\\/wp52\\\/#\\\/schema\\\/logo\\\/image\\\/\",\"url\":\"https:\\\/\\\/www.lovendal.ro\\\/wp52\\\/wp-content\\\/uploads\\\/2024\\\/06\\\/cropped-SLL-iun-2024-1.jpg\",\"contentUrl\":\"https:\\\/\\\/www.lovendal.ro\\\/wp52\\\/wp-content\\\/uploads\\\/2024\\\/06\\\/cropped-SLL-iun-2024-1.jpg\",\"width\":771,\"height\":240,\"caption\":\"Secretele lui Lovendal\"},\"image\":{\"@id\":\"https:\\\/\\\/www.lovendal.ro\\\/wp52\\\/#\\\/schema\\\/logo\\\/image\\\/\"},\"sameAs\":[\"https:\\\/\\\/www.facebook.com\\\/secreteleluilovendal\"]},{\"@type\":\"Person\",\"@id\":\"https:\\\/\\\/www.lovendal.ro\\\/wp52\\\/#\\\/schema\\\/person\\\/088691de5dfc346bb0c023e1e52ef5d9\",\"name\":\"admin\",\"image\":{\"@type\":\"ImageObject\",\"inLanguage\":\"ro-RO\",\"@id\":\"https:\\\/\\\/secure.gravatar.com\\\/avatar\\\/ecb9cd41f5f63c9c9b989999a59f6e2639a865ec361e9db054db0679a8f341c2?s=96&d=mm&r=g\",\"url\":\"https:\\\/\\\/secure.gravatar.com\\\/avatar\\\/ecb9cd41f5f63c9c9b989999a59f6e2639a865ec361e9db054db0679a8f341c2?s=96&d=mm&r=g\",\"contentUrl\":\"https:\\\/\\\/secure.gravatar.com\\\/avatar\\\/ecb9cd41f5f63c9c9b989999a59f6e2639a865ec361e9db054db0679a8f341c2?s=96&d=mm&r=g\",\"caption\":\"admin\"},\"sameAs\":[\"https:\\\/\\\/www.lovendal.ro\\\/wp52\"]}]}<\/script>\n<!-- \/ Yoast SEO Premium plugin. -->","yoast_head_json":{"title":"S\u0103 ne m\u00e2ndrim c-un grec! Nicolae Mavrocordat, domnitorul fanariot care \u0163inea cu \u0163\u0103ranii rom\u00e2ni - Secretele lui Lovendal","robots":{"index":"index","follow":"follow","max-snippet":"max-snippet:-1","max-image-preview":"max-image-preview:large","max-video-preview":"max-video-preview:-1"},"canonical":"https:\/\/www.lovendal.ro\/wp52\/sa-ne-mandrim-c-un-grec-nicolae-mavrocordat-domnitorul-fanariot-care-tinea-cu-taranii-romani\/","og_locale":"ro_RO","og_type":"article","og_title":"S\u0103 ne m\u00e2ndrim c-un grec! Nicolae Mavrocordat, domnitorul fanariot care \u0163inea cu \u0163\u0103ranii rom\u00e2ni","og_description":"Fa\u0163\u0103 de domnitorii cu pur s\u00e2nge rom\u00e2nesc, au existat \u00een \u0163\u0103rile rom\u00e2ne unii conduc\u0103tori care au fost mult mai buni administratori de \u0163ar\u0103, \u015fi care, culmea, nu erau rom\u00e2ni. Mul\u0163i \u00eei critic\u0103 pe domnitorii fanario\u0163i, dar au fost c\u00e2\u0163iva cu ... Cititi mai multe","og_url":"https:\/\/www.lovendal.ro\/wp52\/sa-ne-mandrim-c-un-grec-nicolae-mavrocordat-domnitorul-fanariot-care-tinea-cu-taranii-romani\/","og_site_name":"Secretele lui Lovendal","article_publisher":"https:\/\/www.facebook.com\/secreteleluilovendal","article_published_time":"2010-06-01T05:33:00+00:00","article_modified_time":"2010-06-01T05:36:57+00:00","og_image":[{"width":272,"height":271,"url":"https:\/\/www.lovendal.ro\/wp52\/wp-content\/uploads\/2010\/06\/NicolaeMavrocordat.jpg","type":"image\/jpeg"}],"author":"admin","twitter_card":"summary_large_image","twitter_misc":{"Scris de":"admin","Timp estimat pentru citire":"3 minute"},"schema":{"@context":"https:\/\/schema.org","@graph":[{"@type":"Article","@id":"https:\/\/www.lovendal.ro\/wp52\/sa-ne-mandrim-c-un-grec-nicolae-mavrocordat-domnitorul-fanariot-care-tinea-cu-taranii-romani\/#article","isPartOf":{"@id":"https:\/\/www.lovendal.ro\/wp52\/sa-ne-mandrim-c-un-grec-nicolae-mavrocordat-domnitorul-fanariot-care-tinea-cu-taranii-romani\/"},"author":{"name":"admin","@id":"https:\/\/www.lovendal.ro\/wp52\/#\/schema\/person\/088691de5dfc346bb0c023e1e52ef5d9"},"headline":"S\u0103 ne m\u00e2ndrim c-un grec! Nicolae Mavrocordat, domnitorul fanariot care \u0163inea cu \u0163\u0103ranii rom\u00e2ni","datePublished":"2010-06-01T05:33:00+00:00","dateModified":"2010-06-01T05:36:57+00:00","mainEntityOfPage":{"@id":"https:\/\/www.lovendal.ro\/wp52\/sa-ne-mandrim-c-un-grec-nicolae-mavrocordat-domnitorul-fanariot-care-tinea-cu-taranii-romani\/"},"wordCount":672,"commentCount":27,"publisher":{"@id":"https:\/\/www.lovendal.ro\/wp52\/#organization"},"image":{"@id":"https:\/\/www.lovendal.ro\/wp52\/sa-ne-mandrim-c-un-grec-nicolae-mavrocordat-domnitorul-fanariot-care-tinea-cu-taranii-romani\/#primaryimage"},"thumbnailUrl":"https:\/\/www.lovendal.ro\/wp52\/wp-content\/uploads\/2010\/06\/NicolaeMavrocordat.jpg","keywords":["domnitor","fanario\u0163i","Istorie si Civilizatii","Moldova","Nicolae Mavrocordat","\u0162ara Rom\u00e2neasc\u0103"],"articleSection":["Istorie si Civilizatii"],"inLanguage":"ro-RO","potentialAction":[{"@type":"CommentAction","name":"Comment","target":["https:\/\/www.lovendal.ro\/wp52\/sa-ne-mandrim-c-un-grec-nicolae-mavrocordat-domnitorul-fanariot-care-tinea-cu-taranii-romani\/#respond"]}]},{"@type":"WebPage","@id":"https:\/\/www.lovendal.ro\/wp52\/sa-ne-mandrim-c-un-grec-nicolae-mavrocordat-domnitorul-fanariot-care-tinea-cu-taranii-romani\/","url":"https:\/\/www.lovendal.ro\/wp52\/sa-ne-mandrim-c-un-grec-nicolae-mavrocordat-domnitorul-fanariot-care-tinea-cu-taranii-romani\/","name":"S\u0103 ne m\u00e2ndrim c-un grec! Nicolae Mavrocordat, domnitorul fanariot care \u0163inea cu \u0163\u0103ranii rom\u00e2ni - Secretele lui Lovendal","isPartOf":{"@id":"https:\/\/www.lovendal.ro\/wp52\/#website"},"primaryImageOfPage":{"@id":"https:\/\/www.lovendal.ro\/wp52\/sa-ne-mandrim-c-un-grec-nicolae-mavrocordat-domnitorul-fanariot-care-tinea-cu-taranii-romani\/#primaryimage"},"image":{"@id":"https:\/\/www.lovendal.ro\/wp52\/sa-ne-mandrim-c-un-grec-nicolae-mavrocordat-domnitorul-fanariot-care-tinea-cu-taranii-romani\/#primaryimage"},"thumbnailUrl":"https:\/\/www.lovendal.ro\/wp52\/wp-content\/uploads\/2010\/06\/NicolaeMavrocordat.jpg","datePublished":"2010-06-01T05:33:00+00:00","dateModified":"2010-06-01T05:36:57+00:00","breadcrumb":{"@id":"https:\/\/www.lovendal.ro\/wp52\/sa-ne-mandrim-c-un-grec-nicolae-mavrocordat-domnitorul-fanariot-care-tinea-cu-taranii-romani\/#breadcrumb"},"inLanguage":"ro-RO","potentialAction":[{"@type":"ReadAction","target":["https:\/\/www.lovendal.ro\/wp52\/sa-ne-mandrim-c-un-grec-nicolae-mavrocordat-domnitorul-fanariot-care-tinea-cu-taranii-romani\/"]}]},{"@type":"ImageObject","inLanguage":"ro-RO","@id":"https:\/\/www.lovendal.ro\/wp52\/sa-ne-mandrim-c-un-grec-nicolae-mavrocordat-domnitorul-fanariot-care-tinea-cu-taranii-romani\/#primaryimage","url":"https:\/\/www.lovendal.ro\/wp52\/wp-content\/uploads\/2010\/06\/NicolaeMavrocordat.jpg","contentUrl":"https:\/\/www.lovendal.ro\/wp52\/wp-content\/uploads\/2010\/06\/NicolaeMavrocordat.jpg","width":"272","height":"271"},{"@type":"BreadcrumbList","@id":"https:\/\/www.lovendal.ro\/wp52\/sa-ne-mandrim-c-un-grec-nicolae-mavrocordat-domnitorul-fanariot-care-tinea-cu-taranii-romani\/#breadcrumb","itemListElement":[{"@type":"ListItem","position":1,"name":"Home","item":"https:\/\/www.lovendal.ro\/wp52\/"},{"@type":"ListItem","position":2,"name":"S\u0103 ne m\u00e2ndrim c-un grec! Nicolae Mavrocordat, domnitorul fanariot care \u0163inea cu \u0163\u0103ranii rom\u00e2ni"}]},{"@type":"WebSite","@id":"https:\/\/www.lovendal.ro\/wp52\/#website","url":"https:\/\/www.lovendal.ro\/wp52\/","name":"Secretele lui Lovendal","description":"Site de secrete, stiinta si metafizica - din 2008 -","publisher":{"@id":"https:\/\/www.lovendal.ro\/wp52\/#organization"},"potentialAction":[{"@type":"SearchAction","target":{"@type":"EntryPoint","urlTemplate":"https:\/\/www.lovendal.ro\/wp52\/?s={search_term_string}"},"query-input":{"@type":"PropertyValueSpecification","valueRequired":true,"valueName":"search_term_string"}}],"inLanguage":"ro-RO"},{"@type":"Organization","@id":"https:\/\/www.lovendal.ro\/wp52\/#organization","name":"Secretele lui Lovendal","url":"https:\/\/www.lovendal.ro\/wp52\/","logo":{"@type":"ImageObject","inLanguage":"ro-RO","@id":"https:\/\/www.lovendal.ro\/wp52\/#\/schema\/logo\/image\/","url":"https:\/\/www.lovendal.ro\/wp52\/wp-content\/uploads\/2024\/06\/cropped-SLL-iun-2024-1.jpg","contentUrl":"https:\/\/www.lovendal.ro\/wp52\/wp-content\/uploads\/2024\/06\/cropped-SLL-iun-2024-1.jpg","width":771,"height":240,"caption":"Secretele lui Lovendal"},"image":{"@id":"https:\/\/www.lovendal.ro\/wp52\/#\/schema\/logo\/image\/"},"sameAs":["https:\/\/www.facebook.com\/secreteleluilovendal"]},{"@type":"Person","@id":"https:\/\/www.lovendal.ro\/wp52\/#\/schema\/person\/088691de5dfc346bb0c023e1e52ef5d9","name":"admin","image":{"@type":"ImageObject","inLanguage":"ro-RO","@id":"https:\/\/secure.gravatar.com\/avatar\/ecb9cd41f5f63c9c9b989999a59f6e2639a865ec361e9db054db0679a8f341c2?s=96&d=mm&r=g","url":"https:\/\/secure.gravatar.com\/avatar\/ecb9cd41f5f63c9c9b989999a59f6e2639a865ec361e9db054db0679a8f341c2?s=96&d=mm&r=g","contentUrl":"https:\/\/secure.gravatar.com\/avatar\/ecb9cd41f5f63c9c9b989999a59f6e2639a865ec361e9db054db0679a8f341c2?s=96&d=mm&r=g","caption":"admin"},"sameAs":["https:\/\/www.lovendal.ro\/wp52"]}]}},"_links":{"self":[{"href":"https:\/\/www.lovendal.ro\/wp52\/wp-json\/wp\/v2\/posts\/12882","targetHints":{"allow":["GET"]}}],"collection":[{"href":"https:\/\/www.lovendal.ro\/wp52\/wp-json\/wp\/v2\/posts"}],"about":[{"href":"https:\/\/www.lovendal.ro\/wp52\/wp-json\/wp\/v2\/types\/post"}],"author":[{"embeddable":true,"href":"https:\/\/www.lovendal.ro\/wp52\/wp-json\/wp\/v2\/users\/1"}],"replies":[{"embeddable":true,"href":"https:\/\/www.lovendal.ro\/wp52\/wp-json\/wp\/v2\/comments?post=12882"}],"version-history":[{"count":0,"href":"https:\/\/www.lovendal.ro\/wp52\/wp-json\/wp\/v2\/posts\/12882\/revisions"}],"wp:featuredmedia":[{"embeddable":true,"href":"https:\/\/www.lovendal.ro\/wp52\/wp-json\/wp\/v2\/media\/12883"}],"wp:attachment":[{"href":"https:\/\/www.lovendal.ro\/wp52\/wp-json\/wp\/v2\/media?parent=12882"}],"wp:term":[{"taxonomy":"category","embeddable":true,"href":"https:\/\/www.lovendal.ro\/wp52\/wp-json\/wp\/v2\/categories?post=12882"},{"taxonomy":"post_tag","embeddable":true,"href":"https:\/\/www.lovendal.ro\/wp52\/wp-json\/wp\/v2\/tags?post=12882"}],"curies":[{"name":"wp","href":"https:\/\/api.w.org\/{rel}","templated":true}]}}