{"id":12773,"date":"2010-05-23T22:01:03","date_gmt":"2010-05-23T19:01:03","guid":{"rendered":"http:\/\/www.lovendal.net\/wp52\/?p=12773"},"modified":"2010-05-23T22:01:03","modified_gmt":"2010-05-23T19:01:03","slug":"cele-3-calendare-mayase-si-evenimentul-care-se-produce-o-data-la-5-163-de-ani","status":"publish","type":"post","link":"https:\/\/www.lovendal.ro\/wp52\/cele-3-calendare-mayase-si-evenimentul-care-se-produce-o-data-la-5-163-de-ani\/","title":{"rendered":"Cele 3 calendare maya\u015fe \u015fi evenimentul care se produce o dat\u0103 la 5.163 de ani"},"content":{"rendered":"<p><a href=\"https:\/\/www.lovendal.ro\/wp52\/wp-content\/uploads\/2010\/05\/mayasi5.jpg\"><img loading=\"lazy\" decoding=\"async\" class=\"alignleft size-full wp-image-12774\" title=\"mayasi5\" src=\"https:\/\/www.lovendal.ro\/wp52\/wp-content\/uploads\/2010\/05\/mayasi5.jpg\" alt=\"mayasi5\" width=\"294\" height=\"257\" \/><\/a>Descifr\u00e2nd unele texte \u015fi unele inscrip\u0163ii sculptate \u00een piatra diferitelor stele \u015fi temple, arheologii moderni au putut afla \u015fi un alt aspect ciudat al anumitor determin\u0103ri astrale: maya\u015fii au avut, \u00een cursul \u00eenfloririi civiliza\u0163iei lor, trei calendare! Dou\u0103 au fost folosite &#8211; \u00een perioade diferite &#8211; pentru rela\u0163iile curente, dar a existat o anumit\u0103 conexiune matematic\u0103 \u00eentre ele; al treilea era folosit numai de preo\u0163i &#8211; dintr-un motiv desigur suficient de straniu, care nu a fost elucidat.<\/p>\n<p>Primul calendar se baza pe o ciudat\u0103 \u00eemp\u0103r\u0163ire a anului \u00een 260 zile.<\/p>\n<p>Al doilea calendar s-a bazat ini\u0163ial pe durata anului tropical de 363 zile. La consf\u0103tuirile periodice de la Copan ale preo\u0163ilor-astronomi s-a stabilit, la un moment dat, ca necesar\u0103 o corectare, astfel c\u0103 pentru uzul popular s-a stabilit ca anul s\u0103 fie de 365 zile.<\/p>\n<p>Din descifr\u0103ri ale manuscrisului <em>\u201eCodex Dresdensis&#8221;<\/em> s-a aflat \u00eens\u0103 c\u0103 preo\u0163ii foloseau un al treilea calendar, bazat de asemenea pe determin\u0103ri astronomice precise; dar \u015fi durata acestuia era foarte ciudat\u0103: 584 zile.<\/p>\n<p>La \u00eenceput, faptul p\u0103rea de ne\u00een\u0163eles arheologilor secolului XX. Pe parcurs s-a constatat c\u0103 num\u0103rul respectiv de zile ar fi fost legat de faze ale planetei Venus. Stranie metod\u0103 de calcul bazat\u0103 pe observ\u0103ri ale unei planete suficient de \u00eendep\u0103rtat\u0103 (evident, f\u0103r\u0103 ajutorul foarte necesar al unor telescoape), at\u00e2t timp c\u00e2t apropierea Lunei oferea cel mai u\u015for mod de etalonare a timpului&#8230;Probabil c\u0103 preo\u0163ii respectivi, care erau totu\u015fi oamenii de \u015ftiin\u0163\u0103 a vremii, au avut un motiv foarte conving\u0103tor &#8211; sub un alt aspect dec\u00e2t cel astronomic &#8211; pentru a determina \u015fi folosi acest calendar, care era \u201esecret&#8221; pentru restul popula\u0163iei&#8230;<\/p>\n<p>Descifr\u0103ri ale glifelor din pietrele stelelor \u015fi ale altor monumente au oferit arheologilor din veacul anterior, c\u00e2t \u015fi altor oameni de \u015ftiin\u0163\u0103, adev\u0103rate surprize. Uimitoare calcule matematice efectuate de preo\u0163ii-astronomi au stabilit durata unui ciclu deosebit de 1.885.780 zile (!) ce ar reveni unui anumit eveniment astronomic, nespecificat \u00eens\u0103. Aceast\u0103 durat\u0103 ar corespunde unui num\u0103r de 5.163 de ani &#8211; dublul ciclului mare al celor 260 conjunc\u0163ii Jupiter-Saturn&#8230;<br \/>\nOare, \u201eoamenii de \u015ftiin\u0163\u0103&#8221; care se \u00eentruneau periodic la Copan au \u0163inut s\u0103 transmit\u0103 posterit\u0103\u0163ii cunoa\u015fterea unui eveniment astral din trecut, care se va mai repeta c\u00e2ndva?<\/p>\n","protected":false},"excerpt":{"rendered":"<p>Descifr\u00e2nd unele texte \u015fi unele inscrip\u0163ii sculptate \u00een piatra diferitelor stele \u015fi temple, arheologii moderni au putut afla \u015fi un alt aspect ciudat al anumitor determin\u0103ri astrale: maya\u015fii au avut, \u00een cursul \u00eenfloririi civiliza\u0163iei lor, trei calendare! Dou\u0103 au fost &#8230; <\/p>\n<p class=\"read-more-container\"><a title=\"Cele 3 calendare maya\u015fe \u015fi evenimentul care se produce o dat\u0103 la 5.163 de ani\" class=\"read-more button\" href=\"https:\/\/www.lovendal.ro\/wp52\/cele-3-calendare-mayase-si-evenimentul-care-se-produce-o-data-la-5-163-de-ani\/#more-12773\" aria-label=\"Cite\u0219te mai multe despre Cele 3 calendare maya\u015fe \u015fi evenimentul care se produce o dat\u0103 la 5.163 de ani\">Cititi mai multe<\/a><\/p>\n","protected":false},"author":1,"featured_media":12774,"comment_status":"open","ping_status":"closed","sticky":false,"template":"","format":"standard","meta":{"footnotes":""},"categories":[14],"tags":[102,342,2864,489,9796,1029],"class_list":["post-12773","post","type-post","status-publish","format-standard","has-post-thumbnail","hentry","category-paranormal-spiritualitate","tag-astronomie","tag-calendar","tag-calendar-mayas","tag-mayasi","tag-paranormal-spiritualitate","tag-venus","resize-featured-image"],"yoast_head":"<!-- This site is optimized with the Yoast SEO Premium plugin v23.3 (Yoast SEO v27.4) - https:\/\/yoast.com\/product\/yoast-seo-premium-wordpress\/ -->\n<title>Cele 3 calendare maya\u015fe \u015fi evenimentul care se produce o dat\u0103 la 5.163 de ani - Secretele lui Lovendal<\/title>\n<meta name=\"robots\" content=\"index, follow, max-snippet:-1, max-image-preview:large, max-video-preview:-1\" \/>\n<link rel=\"canonical\" href=\"https:\/\/www.lovendal.ro\/wp52\/cele-3-calendare-mayase-si-evenimentul-care-se-produce-o-data-la-5-163-de-ani\/\" \/>\n<meta property=\"og:locale\" content=\"ro_RO\" \/>\n<meta property=\"og:type\" content=\"article\" \/>\n<meta property=\"og:title\" content=\"Cele 3 calendare maya\u015fe \u015fi evenimentul care se produce o dat\u0103 la 5.163 de ani\" \/>\n<meta property=\"og:description\" content=\"Descifr\u00e2nd unele texte \u015fi unele inscrip\u0163ii sculptate \u00een piatra diferitelor stele \u015fi temple, arheologii moderni au putut afla \u015fi un alt aspect ciudat al anumitor determin\u0103ri astrale: maya\u015fii au avut, \u00een cursul \u00eenfloririi civiliza\u0163iei lor, trei calendare! Dou\u0103 au fost ... Cititi mai multe\" \/>\n<meta property=\"og:url\" content=\"https:\/\/www.lovendal.ro\/wp52\/cele-3-calendare-mayase-si-evenimentul-care-se-produce-o-data-la-5-163-de-ani\/\" \/>\n<meta property=\"og:site_name\" content=\"Secretele lui Lovendal\" \/>\n<meta property=\"article:publisher\" content=\"https:\/\/www.facebook.com\/secreteleluilovendal\" \/>\n<meta property=\"article:published_time\" content=\"2010-05-23T19:01:03+00:00\" \/>\n<meta property=\"og:image\" content=\"https:\/\/www.lovendal.ro\/wp52\/wp-content\/uploads\/2010\/05\/mayasi5.jpg\" \/>\n\t<meta property=\"og:image:width\" content=\"294\" \/>\n\t<meta property=\"og:image:height\" content=\"257\" \/>\n\t<meta property=\"og:image:type\" content=\"image\/jpeg\" \/>\n<meta name=\"author\" content=\"admin\" \/>\n<meta name=\"twitter:card\" content=\"summary_large_image\" \/>\n<meta name=\"twitter:label1\" content=\"Scris de\" \/>\n\t<meta name=\"twitter:data1\" content=\"admin\" \/>\n\t<meta name=\"twitter:label2\" content=\"Timp estimat pentru citire\" \/>\n\t<meta name=\"twitter:data2\" content=\"2 minute\" \/>\n<script type=\"application\/ld+json\" class=\"yoast-schema-graph\">{\"@context\":\"https:\\\/\\\/schema.org\",\"@graph\":[{\"@type\":\"Article\",\"@id\":\"https:\\\/\\\/www.lovendal.ro\\\/wp52\\\/cele-3-calendare-mayase-si-evenimentul-care-se-produce-o-data-la-5-163-de-ani\\\/#article\",\"isPartOf\":{\"@id\":\"https:\\\/\\\/www.lovendal.ro\\\/wp52\\\/cele-3-calendare-mayase-si-evenimentul-care-se-produce-o-data-la-5-163-de-ani\\\/\"},\"author\":{\"name\":\"admin\",\"@id\":\"https:\\\/\\\/www.lovendal.ro\\\/wp52\\\/#\\\/schema\\\/person\\\/088691de5dfc346bb0c023e1e52ef5d9\"},\"headline\":\"Cele 3 calendare maya\u015fe \u015fi evenimentul care se produce o dat\u0103 la 5.163 de ani\",\"datePublished\":\"2010-05-23T19:01:03+00:00\",\"mainEntityOfPage\":{\"@id\":\"https:\\\/\\\/www.lovendal.ro\\\/wp52\\\/cele-3-calendare-mayase-si-evenimentul-care-se-produce-o-data-la-5-163-de-ani\\\/\"},\"wordCount\":409,\"commentCount\":29,\"publisher\":{\"@id\":\"https:\\\/\\\/www.lovendal.ro\\\/wp52\\\/#organization\"},\"image\":{\"@id\":\"https:\\\/\\\/www.lovendal.ro\\\/wp52\\\/cele-3-calendare-mayase-si-evenimentul-care-se-produce-o-data-la-5-163-de-ani\\\/#primaryimage\"},\"thumbnailUrl\":\"https:\\\/\\\/www.lovendal.ro\\\/wp52\\\/wp-content\\\/uploads\\\/2010\\\/05\\\/mayasi5.jpg\",\"keywords\":[\"astronomie\",\"calendar\",\"calendar maya\u015f\",\"maya\u015fi\",\"Paranormal-Spiritualitate\",\"Venus\"],\"articleSection\":[\"Paranormal-Spiritualitate\"],\"inLanguage\":\"ro-RO\",\"potentialAction\":[{\"@type\":\"CommentAction\",\"name\":\"Comment\",\"target\":[\"https:\\\/\\\/www.lovendal.ro\\\/wp52\\\/cele-3-calendare-mayase-si-evenimentul-care-se-produce-o-data-la-5-163-de-ani\\\/#respond\"]}]},{\"@type\":\"WebPage\",\"@id\":\"https:\\\/\\\/www.lovendal.ro\\\/wp52\\\/cele-3-calendare-mayase-si-evenimentul-care-se-produce-o-data-la-5-163-de-ani\\\/\",\"url\":\"https:\\\/\\\/www.lovendal.ro\\\/wp52\\\/cele-3-calendare-mayase-si-evenimentul-care-se-produce-o-data-la-5-163-de-ani\\\/\",\"name\":\"Cele 3 calendare maya\u015fe \u015fi evenimentul care se produce o dat\u0103 la 5.163 de ani - Secretele lui Lovendal\",\"isPartOf\":{\"@id\":\"https:\\\/\\\/www.lovendal.ro\\\/wp52\\\/#website\"},\"primaryImageOfPage\":{\"@id\":\"https:\\\/\\\/www.lovendal.ro\\\/wp52\\\/cele-3-calendare-mayase-si-evenimentul-care-se-produce-o-data-la-5-163-de-ani\\\/#primaryimage\"},\"image\":{\"@id\":\"https:\\\/\\\/www.lovendal.ro\\\/wp52\\\/cele-3-calendare-mayase-si-evenimentul-care-se-produce-o-data-la-5-163-de-ani\\\/#primaryimage\"},\"thumbnailUrl\":\"https:\\\/\\\/www.lovendal.ro\\\/wp52\\\/wp-content\\\/uploads\\\/2010\\\/05\\\/mayasi5.jpg\",\"datePublished\":\"2010-05-23T19:01:03+00:00\",\"breadcrumb\":{\"@id\":\"https:\\\/\\\/www.lovendal.ro\\\/wp52\\\/cele-3-calendare-mayase-si-evenimentul-care-se-produce-o-data-la-5-163-de-ani\\\/#breadcrumb\"},\"inLanguage\":\"ro-RO\",\"potentialAction\":[{\"@type\":\"ReadAction\",\"target\":[\"https:\\\/\\\/www.lovendal.ro\\\/wp52\\\/cele-3-calendare-mayase-si-evenimentul-care-se-produce-o-data-la-5-163-de-ani\\\/\"]}]},{\"@type\":\"ImageObject\",\"inLanguage\":\"ro-RO\",\"@id\":\"https:\\\/\\\/www.lovendal.ro\\\/wp52\\\/cele-3-calendare-mayase-si-evenimentul-care-se-produce-o-data-la-5-163-de-ani\\\/#primaryimage\",\"url\":\"https:\\\/\\\/www.lovendal.ro\\\/wp52\\\/wp-content\\\/uploads\\\/2010\\\/05\\\/mayasi5.jpg\",\"contentUrl\":\"https:\\\/\\\/www.lovendal.ro\\\/wp52\\\/wp-content\\\/uploads\\\/2010\\\/05\\\/mayasi5.jpg\",\"width\":\"294\",\"height\":\"257\"},{\"@type\":\"BreadcrumbList\",\"@id\":\"https:\\\/\\\/www.lovendal.ro\\\/wp52\\\/cele-3-calendare-mayase-si-evenimentul-care-se-produce-o-data-la-5-163-de-ani\\\/#breadcrumb\",\"itemListElement\":[{\"@type\":\"ListItem\",\"position\":1,\"name\":\"Home\",\"item\":\"https:\\\/\\\/www.lovendal.ro\\\/wp52\\\/\"},{\"@type\":\"ListItem\",\"position\":2,\"name\":\"Cele 3 calendare maya\u015fe \u015fi evenimentul care se produce o dat\u0103 la 5.163 de ani\"}]},{\"@type\":\"WebSite\",\"@id\":\"https:\\\/\\\/www.lovendal.ro\\\/wp52\\\/#website\",\"url\":\"https:\\\/\\\/www.lovendal.ro\\\/wp52\\\/\",\"name\":\"Secretele lui Lovendal\",\"description\":\"Site de secrete, stiinta si metafizica - din 2008 -\",\"publisher\":{\"@id\":\"https:\\\/\\\/www.lovendal.ro\\\/wp52\\\/#organization\"},\"potentialAction\":[{\"@type\":\"SearchAction\",\"target\":{\"@type\":\"EntryPoint\",\"urlTemplate\":\"https:\\\/\\\/www.lovendal.ro\\\/wp52\\\/?s={search_term_string}\"},\"query-input\":{\"@type\":\"PropertyValueSpecification\",\"valueRequired\":true,\"valueName\":\"search_term_string\"}}],\"inLanguage\":\"ro-RO\"},{\"@type\":\"Organization\",\"@id\":\"https:\\\/\\\/www.lovendal.ro\\\/wp52\\\/#organization\",\"name\":\"Secretele lui Lovendal\",\"url\":\"https:\\\/\\\/www.lovendal.ro\\\/wp52\\\/\",\"logo\":{\"@type\":\"ImageObject\",\"inLanguage\":\"ro-RO\",\"@id\":\"https:\\\/\\\/www.lovendal.ro\\\/wp52\\\/#\\\/schema\\\/logo\\\/image\\\/\",\"url\":\"https:\\\/\\\/www.lovendal.ro\\\/wp52\\\/wp-content\\\/uploads\\\/2024\\\/06\\\/cropped-SLL-iun-2024-1.jpg\",\"contentUrl\":\"https:\\\/\\\/www.lovendal.ro\\\/wp52\\\/wp-content\\\/uploads\\\/2024\\\/06\\\/cropped-SLL-iun-2024-1.jpg\",\"width\":771,\"height\":240,\"caption\":\"Secretele lui Lovendal\"},\"image\":{\"@id\":\"https:\\\/\\\/www.lovendal.ro\\\/wp52\\\/#\\\/schema\\\/logo\\\/image\\\/\"},\"sameAs\":[\"https:\\\/\\\/www.facebook.com\\\/secreteleluilovendal\"]},{\"@type\":\"Person\",\"@id\":\"https:\\\/\\\/www.lovendal.ro\\\/wp52\\\/#\\\/schema\\\/person\\\/088691de5dfc346bb0c023e1e52ef5d9\",\"name\":\"admin\",\"image\":{\"@type\":\"ImageObject\",\"inLanguage\":\"ro-RO\",\"@id\":\"https:\\\/\\\/secure.gravatar.com\\\/avatar\\\/ecb9cd41f5f63c9c9b989999a59f6e2639a865ec361e9db054db0679a8f341c2?s=96&d=mm&r=g\",\"url\":\"https:\\\/\\\/secure.gravatar.com\\\/avatar\\\/ecb9cd41f5f63c9c9b989999a59f6e2639a865ec361e9db054db0679a8f341c2?s=96&d=mm&r=g\",\"contentUrl\":\"https:\\\/\\\/secure.gravatar.com\\\/avatar\\\/ecb9cd41f5f63c9c9b989999a59f6e2639a865ec361e9db054db0679a8f341c2?s=96&d=mm&r=g\",\"caption\":\"admin\"},\"sameAs\":[\"https:\\\/\\\/www.lovendal.ro\\\/wp52\"]}]}<\/script>\n<!-- \/ Yoast SEO Premium plugin. -->","yoast_head_json":{"title":"Cele 3 calendare maya\u015fe \u015fi evenimentul care se produce o dat\u0103 la 5.163 de ani - Secretele lui Lovendal","robots":{"index":"index","follow":"follow","max-snippet":"max-snippet:-1","max-image-preview":"max-image-preview:large","max-video-preview":"max-video-preview:-1"},"canonical":"https:\/\/www.lovendal.ro\/wp52\/cele-3-calendare-mayase-si-evenimentul-care-se-produce-o-data-la-5-163-de-ani\/","og_locale":"ro_RO","og_type":"article","og_title":"Cele 3 calendare maya\u015fe \u015fi evenimentul care se produce o dat\u0103 la 5.163 de ani","og_description":"Descifr\u00e2nd unele texte \u015fi unele inscrip\u0163ii sculptate \u00een piatra diferitelor stele \u015fi temple, arheologii moderni au putut afla \u015fi un alt aspect ciudat al anumitor determin\u0103ri astrale: maya\u015fii au avut, \u00een cursul \u00eenfloririi civiliza\u0163iei lor, trei calendare! Dou\u0103 au fost ... Cititi mai multe","og_url":"https:\/\/www.lovendal.ro\/wp52\/cele-3-calendare-mayase-si-evenimentul-care-se-produce-o-data-la-5-163-de-ani\/","og_site_name":"Secretele lui Lovendal","article_publisher":"https:\/\/www.facebook.com\/secreteleluilovendal","article_published_time":"2010-05-23T19:01:03+00:00","og_image":[{"width":294,"height":257,"url":"https:\/\/www.lovendal.ro\/wp52\/wp-content\/uploads\/2010\/05\/mayasi5.jpg","type":"image\/jpeg"}],"author":"admin","twitter_card":"summary_large_image","twitter_misc":{"Scris de":"admin","Timp estimat pentru citire":"2 minute"},"schema":{"@context":"https:\/\/schema.org","@graph":[{"@type":"Article","@id":"https:\/\/www.lovendal.ro\/wp52\/cele-3-calendare-mayase-si-evenimentul-care-se-produce-o-data-la-5-163-de-ani\/#article","isPartOf":{"@id":"https:\/\/www.lovendal.ro\/wp52\/cele-3-calendare-mayase-si-evenimentul-care-se-produce-o-data-la-5-163-de-ani\/"},"author":{"name":"admin","@id":"https:\/\/www.lovendal.ro\/wp52\/#\/schema\/person\/088691de5dfc346bb0c023e1e52ef5d9"},"headline":"Cele 3 calendare maya\u015fe \u015fi evenimentul care se produce o dat\u0103 la 5.163 de ani","datePublished":"2010-05-23T19:01:03+00:00","mainEntityOfPage":{"@id":"https:\/\/www.lovendal.ro\/wp52\/cele-3-calendare-mayase-si-evenimentul-care-se-produce-o-data-la-5-163-de-ani\/"},"wordCount":409,"commentCount":29,"publisher":{"@id":"https:\/\/www.lovendal.ro\/wp52\/#organization"},"image":{"@id":"https:\/\/www.lovendal.ro\/wp52\/cele-3-calendare-mayase-si-evenimentul-care-se-produce-o-data-la-5-163-de-ani\/#primaryimage"},"thumbnailUrl":"https:\/\/www.lovendal.ro\/wp52\/wp-content\/uploads\/2010\/05\/mayasi5.jpg","keywords":["astronomie","calendar","calendar maya\u015f","maya\u015fi","Paranormal-Spiritualitate","Venus"],"articleSection":["Paranormal-Spiritualitate"],"inLanguage":"ro-RO","potentialAction":[{"@type":"CommentAction","name":"Comment","target":["https:\/\/www.lovendal.ro\/wp52\/cele-3-calendare-mayase-si-evenimentul-care-se-produce-o-data-la-5-163-de-ani\/#respond"]}]},{"@type":"WebPage","@id":"https:\/\/www.lovendal.ro\/wp52\/cele-3-calendare-mayase-si-evenimentul-care-se-produce-o-data-la-5-163-de-ani\/","url":"https:\/\/www.lovendal.ro\/wp52\/cele-3-calendare-mayase-si-evenimentul-care-se-produce-o-data-la-5-163-de-ani\/","name":"Cele 3 calendare maya\u015fe \u015fi evenimentul care se produce o dat\u0103 la 5.163 de ani - Secretele lui Lovendal","isPartOf":{"@id":"https:\/\/www.lovendal.ro\/wp52\/#website"},"primaryImageOfPage":{"@id":"https:\/\/www.lovendal.ro\/wp52\/cele-3-calendare-mayase-si-evenimentul-care-se-produce-o-data-la-5-163-de-ani\/#primaryimage"},"image":{"@id":"https:\/\/www.lovendal.ro\/wp52\/cele-3-calendare-mayase-si-evenimentul-care-se-produce-o-data-la-5-163-de-ani\/#primaryimage"},"thumbnailUrl":"https:\/\/www.lovendal.ro\/wp52\/wp-content\/uploads\/2010\/05\/mayasi5.jpg","datePublished":"2010-05-23T19:01:03+00:00","breadcrumb":{"@id":"https:\/\/www.lovendal.ro\/wp52\/cele-3-calendare-mayase-si-evenimentul-care-se-produce-o-data-la-5-163-de-ani\/#breadcrumb"},"inLanguage":"ro-RO","potentialAction":[{"@type":"ReadAction","target":["https:\/\/www.lovendal.ro\/wp52\/cele-3-calendare-mayase-si-evenimentul-care-se-produce-o-data-la-5-163-de-ani\/"]}]},{"@type":"ImageObject","inLanguage":"ro-RO","@id":"https:\/\/www.lovendal.ro\/wp52\/cele-3-calendare-mayase-si-evenimentul-care-se-produce-o-data-la-5-163-de-ani\/#primaryimage","url":"https:\/\/www.lovendal.ro\/wp52\/wp-content\/uploads\/2010\/05\/mayasi5.jpg","contentUrl":"https:\/\/www.lovendal.ro\/wp52\/wp-content\/uploads\/2010\/05\/mayasi5.jpg","width":"294","height":"257"},{"@type":"BreadcrumbList","@id":"https:\/\/www.lovendal.ro\/wp52\/cele-3-calendare-mayase-si-evenimentul-care-se-produce-o-data-la-5-163-de-ani\/#breadcrumb","itemListElement":[{"@type":"ListItem","position":1,"name":"Home","item":"https:\/\/www.lovendal.ro\/wp52\/"},{"@type":"ListItem","position":2,"name":"Cele 3 calendare maya\u015fe \u015fi evenimentul care se produce o dat\u0103 la 5.163 de ani"}]},{"@type":"WebSite","@id":"https:\/\/www.lovendal.ro\/wp52\/#website","url":"https:\/\/www.lovendal.ro\/wp52\/","name":"Secretele lui Lovendal","description":"Site de secrete, stiinta si metafizica - din 2008 -","publisher":{"@id":"https:\/\/www.lovendal.ro\/wp52\/#organization"},"potentialAction":[{"@type":"SearchAction","target":{"@type":"EntryPoint","urlTemplate":"https:\/\/www.lovendal.ro\/wp52\/?s={search_term_string}"},"query-input":{"@type":"PropertyValueSpecification","valueRequired":true,"valueName":"search_term_string"}}],"inLanguage":"ro-RO"},{"@type":"Organization","@id":"https:\/\/www.lovendal.ro\/wp52\/#organization","name":"Secretele lui Lovendal","url":"https:\/\/www.lovendal.ro\/wp52\/","logo":{"@type":"ImageObject","inLanguage":"ro-RO","@id":"https:\/\/www.lovendal.ro\/wp52\/#\/schema\/logo\/image\/","url":"https:\/\/www.lovendal.ro\/wp52\/wp-content\/uploads\/2024\/06\/cropped-SLL-iun-2024-1.jpg","contentUrl":"https:\/\/www.lovendal.ro\/wp52\/wp-content\/uploads\/2024\/06\/cropped-SLL-iun-2024-1.jpg","width":771,"height":240,"caption":"Secretele lui Lovendal"},"image":{"@id":"https:\/\/www.lovendal.ro\/wp52\/#\/schema\/logo\/image\/"},"sameAs":["https:\/\/www.facebook.com\/secreteleluilovendal"]},{"@type":"Person","@id":"https:\/\/www.lovendal.ro\/wp52\/#\/schema\/person\/088691de5dfc346bb0c023e1e52ef5d9","name":"admin","image":{"@type":"ImageObject","inLanguage":"ro-RO","@id":"https:\/\/secure.gravatar.com\/avatar\/ecb9cd41f5f63c9c9b989999a59f6e2639a865ec361e9db054db0679a8f341c2?s=96&d=mm&r=g","url":"https:\/\/secure.gravatar.com\/avatar\/ecb9cd41f5f63c9c9b989999a59f6e2639a865ec361e9db054db0679a8f341c2?s=96&d=mm&r=g","contentUrl":"https:\/\/secure.gravatar.com\/avatar\/ecb9cd41f5f63c9c9b989999a59f6e2639a865ec361e9db054db0679a8f341c2?s=96&d=mm&r=g","caption":"admin"},"sameAs":["https:\/\/www.lovendal.ro\/wp52"]}]}},"_links":{"self":[{"href":"https:\/\/www.lovendal.ro\/wp52\/wp-json\/wp\/v2\/posts\/12773","targetHints":{"allow":["GET"]}}],"collection":[{"href":"https:\/\/www.lovendal.ro\/wp52\/wp-json\/wp\/v2\/posts"}],"about":[{"href":"https:\/\/www.lovendal.ro\/wp52\/wp-json\/wp\/v2\/types\/post"}],"author":[{"embeddable":true,"href":"https:\/\/www.lovendal.ro\/wp52\/wp-json\/wp\/v2\/users\/1"}],"replies":[{"embeddable":true,"href":"https:\/\/www.lovendal.ro\/wp52\/wp-json\/wp\/v2\/comments?post=12773"}],"version-history":[{"count":0,"href":"https:\/\/www.lovendal.ro\/wp52\/wp-json\/wp\/v2\/posts\/12773\/revisions"}],"wp:featuredmedia":[{"embeddable":true,"href":"https:\/\/www.lovendal.ro\/wp52\/wp-json\/wp\/v2\/media\/12774"}],"wp:attachment":[{"href":"https:\/\/www.lovendal.ro\/wp52\/wp-json\/wp\/v2\/media?parent=12773"}],"wp:term":[{"taxonomy":"category","embeddable":true,"href":"https:\/\/www.lovendal.ro\/wp52\/wp-json\/wp\/v2\/categories?post=12773"},{"taxonomy":"post_tag","embeddable":true,"href":"https:\/\/www.lovendal.ro\/wp52\/wp-json\/wp\/v2\/tags?post=12773"}],"curies":[{"name":"wp","href":"https:\/\/api.w.org\/{rel}","templated":true}]}}