{"id":12730,"date":"2010-05-20T21:02:54","date_gmt":"2010-05-20T18:02:54","guid":{"rendered":"http:\/\/www.lovendal.net\/wp52\/?p=12730"},"modified":"2010-05-20T21:02:54","modified_gmt":"2010-05-20T18:02:54","slug":"montesquieu-scutit-de-postul-mare-de-catre-papa","status":"publish","type":"post","link":"https:\/\/www.lovendal.ro\/wp52\/montesquieu-scutit-de-postul-mare-de-catre-papa\/","title":{"rendered":"Montesquieu, scutit de postul mare de c\u0103tre pap\u0103"},"content":{"rendered":"<p><a href=\"https:\/\/www.lovendal.ro\/wp52\/wp-content\/uploads\/2010\/05\/montesquieu1.jpg\"><img loading=\"lazy\" decoding=\"async\" class=\"alignleft size-full wp-image-12732\" title=\"montesquieu\" src=\"https:\/\/www.lovendal.ro\/wp52\/wp-content\/uploads\/2010\/05\/montesquieu1.jpg\" alt=\"montesquieu\" width=\"299\" height=\"285\" \/><\/a>Montesquieu a fost unul dintre marii filosofi ai Iluminismului. A scris celebrele <em>Scrisori persane<\/em> \u00een care a satirizat societatea francez\u0103 de la \u00eenceputul secolului al XVIII-lea, \u00een care lui i-a fost dat s\u0103 tr\u0103iasc\u0103. Critica mai cu seam\u0103 absolutismul de stat \u015fi intoleran\u0163a religioas\u0103. Despre Ludovic al XIV-lea, monarhul francez, spunea c\u0103 era un mag care putea face \u00een a\u015fa fel \u00eenc\u00e2t oamenii s\u0103 se omoare \u00eentre ei f\u0103r\u0103 niciun motiv, iar despre papa Clement al XI-lea c\u0103 era un alt mag, \u00een stare s\u0103-i fac\u0103 pe oameni <em>\u201es\u0103 cread\u0103 c\u0103 trei este la fel ca unu, iar p\u00e2inea care se m\u0103n\u00e2nc\u0103 nu este p\u00e2ine&#8221;.<\/em><\/p>\n<p>Aceasta nu l-a \u00eempiedicat totu\u015fi ca dup\u0103 c\u00e2\u0163iva ani s\u0103-i c\u00e2\u015ftige favorurile papei Benedict al XIV-lea, care ad\u0103postea sub mecenatul s\u0103u diferi\u0163i arti\u015fti \u015fi scriitori. Fapt este c\u0103 dup\u0103 ce l-a cunoscut personal pe Montesquieu, papa s-a hot\u0103r\u00e2t s\u0103-i ofere o bul\u0103 prin care at\u00e2t el, c\u00e2t \u015fi toat\u0103 familia sa erau scuti\u0163i de \u0163inerea postului mare pentru tot restul vie\u0163ii. Pentru aceasta era \u00eens\u0103 nevoie ca \u00een schimbul documentului s\u0103 pl\u0103teasc\u0103 o sum\u0103 important\u0103 drept taxe. Montesquieu nu a aflat despre acest lucru dec\u00e2t atunci c\u00e2nd, merg\u00e2nd s\u0103 cear\u0103 documentul, a fost informat de func\u0163ionarul de serviciu. Atunci Montesquieu a dat \u00eenapoi, f\u0103c\u00e2nd dovada inteligen\u0163ei sale:<\/p>\n<p><em>&#8211; Dac\u0103 m\u0103 g\u00e2ndesc bine, nu am nevoie de aceast\u0103 h\u00e2rtie. Sunt sigur c\u0103 este suficient cuv\u00e2ntul papei ca s\u0103 m\u0103 absolve \u00een fa\u0163a lui Dumnezeu<\/em>, i-a spus el func\u0163ionarului.<\/p>\n","protected":false},"excerpt":{"rendered":"<p>Montesquieu a fost unul dintre marii filosofi ai Iluminismului. A scris celebrele Scrisori persane \u00een care a satirizat societatea francez\u0103 de la \u00eenceputul secolului al XVIII-lea, \u00een care lui i-a fost dat s\u0103 tr\u0103iasc\u0103. Critica mai cu seam\u0103 absolutismul de &#8230; <\/p>\n<p class=\"read-more-container\"><a title=\"Montesquieu, scutit de postul mare de c\u0103tre pap\u0103\" class=\"read-more button\" href=\"https:\/\/www.lovendal.ro\/wp52\/montesquieu-scutit-de-postul-mare-de-catre-papa\/#more-12730\" aria-label=\"Cite\u0219te mai multe despre Montesquieu, scutit de postul mare de c\u0103tre pap\u0103\">Cititi mai multe<\/a><\/p>\n","protected":false},"author":1,"featured_media":12731,"comment_status":"open","ping_status":"closed","sticky":false,"template":"","format":"standard","meta":{"footnotes":""},"categories":[28],"tags":[9798,1502,37,202,577,2633,97,3246],"class_list":["post-12730","post","type-post","status-publish","format-standard","has-post-thumbnail","hentry","category-cultura","tag-cultura","tag-filosofie","tag-filozof","tag-franta","tag-ludovic-al-xiv-lea","tag-montesquieu","tag-papa","tag-post","resize-featured-image"],"yoast_head":"<!-- This site is optimized with the Yoast SEO Premium plugin v23.3 (Yoast SEO v27.4) - https:\/\/yoast.com\/product\/yoast-seo-premium-wordpress\/ -->\n<title>Montesquieu, scutit de postul mare de c\u0103tre pap\u0103 - Secretele lui Lovendal<\/title>\n<meta name=\"robots\" content=\"index, follow, max-snippet:-1, max-image-preview:large, max-video-preview:-1\" \/>\n<link rel=\"canonical\" href=\"https:\/\/www.lovendal.ro\/wp52\/montesquieu-scutit-de-postul-mare-de-catre-papa\/\" \/>\n<meta property=\"og:locale\" content=\"ro_RO\" \/>\n<meta property=\"og:type\" content=\"article\" \/>\n<meta property=\"og:title\" content=\"Montesquieu, scutit de postul mare de c\u0103tre pap\u0103\" \/>\n<meta property=\"og:description\" content=\"Montesquieu a fost unul dintre marii filosofi ai Iluminismului. A scris celebrele Scrisori persane \u00een care a satirizat societatea francez\u0103 de la \u00eenceputul secolului al XVIII-lea, \u00een care lui i-a fost dat s\u0103 tr\u0103iasc\u0103. Critica mai cu seam\u0103 absolutismul de ... Cititi mai multe\" \/>\n<meta property=\"og:url\" content=\"https:\/\/www.lovendal.ro\/wp52\/montesquieu-scutit-de-postul-mare-de-catre-papa\/\" \/>\n<meta property=\"og:site_name\" content=\"Secretele lui Lovendal\" \/>\n<meta property=\"article:publisher\" content=\"https:\/\/www.facebook.com\/secreteleluilovendal\" \/>\n<meta property=\"article:published_time\" content=\"2010-05-20T18:02:54+00:00\" \/>\n<meta property=\"og:image\" content=\"https:\/\/www.lovendal.ro\/wp52\/wp-content\/uploads\/2010\/05\/montesquieu.jpg\" \/>\n\t<meta property=\"og:image:width\" content=\"446\" \/>\n\t<meta property=\"og:image:height\" content=\"480\" \/>\n\t<meta property=\"og:image:type\" content=\"image\/jpeg\" \/>\n<meta name=\"author\" content=\"admin\" \/>\n<meta name=\"twitter:card\" content=\"summary_large_image\" \/>\n<meta name=\"twitter:label1\" content=\"Scris de\" \/>\n\t<meta name=\"twitter:data1\" content=\"admin\" \/>\n\t<meta name=\"twitter:label2\" content=\"Timp estimat pentru citire\" \/>\n\t<meta name=\"twitter:data2\" content=\"1 minut\" \/>\n<script type=\"application\/ld+json\" class=\"yoast-schema-graph\">{\"@context\":\"https:\\\/\\\/schema.org\",\"@graph\":[{\"@type\":\"Article\",\"@id\":\"https:\\\/\\\/www.lovendal.ro\\\/wp52\\\/montesquieu-scutit-de-postul-mare-de-catre-papa\\\/#article\",\"isPartOf\":{\"@id\":\"https:\\\/\\\/www.lovendal.ro\\\/wp52\\\/montesquieu-scutit-de-postul-mare-de-catre-papa\\\/\"},\"author\":{\"name\":\"admin\",\"@id\":\"https:\\\/\\\/www.lovendal.ro\\\/wp52\\\/#\\\/schema\\\/person\\\/088691de5dfc346bb0c023e1e52ef5d9\"},\"headline\":\"Montesquieu, scutit de postul mare de c\u0103tre pap\u0103\",\"datePublished\":\"2010-05-20T18:02:54+00:00\",\"mainEntityOfPage\":{\"@id\":\"https:\\\/\\\/www.lovendal.ro\\\/wp52\\\/montesquieu-scutit-de-postul-mare-de-catre-papa\\\/\"},\"wordCount\":289,\"commentCount\":5,\"publisher\":{\"@id\":\"https:\\\/\\\/www.lovendal.ro\\\/wp52\\\/#organization\"},\"image\":{\"@id\":\"https:\\\/\\\/www.lovendal.ro\\\/wp52\\\/montesquieu-scutit-de-postul-mare-de-catre-papa\\\/#primaryimage\"},\"thumbnailUrl\":\"https:\\\/\\\/www.lovendal.ro\\\/wp52\\\/wp-content\\\/uploads\\\/2010\\\/05\\\/montesquieu.jpg\",\"keywords\":[\"Cultura\",\"filosofie\",\"filozof\",\"Fran\u0163a\",\"Ludovic al XIV-lea\",\"Montesquieu\",\"papa\",\"post\"],\"articleSection\":[\"Cultura\"],\"inLanguage\":\"ro-RO\",\"potentialAction\":[{\"@type\":\"CommentAction\",\"name\":\"Comment\",\"target\":[\"https:\\\/\\\/www.lovendal.ro\\\/wp52\\\/montesquieu-scutit-de-postul-mare-de-catre-papa\\\/#respond\"]}]},{\"@type\":\"WebPage\",\"@id\":\"https:\\\/\\\/www.lovendal.ro\\\/wp52\\\/montesquieu-scutit-de-postul-mare-de-catre-papa\\\/\",\"url\":\"https:\\\/\\\/www.lovendal.ro\\\/wp52\\\/montesquieu-scutit-de-postul-mare-de-catre-papa\\\/\",\"name\":\"Montesquieu, scutit de postul mare de c\u0103tre pap\u0103 - Secretele lui Lovendal\",\"isPartOf\":{\"@id\":\"https:\\\/\\\/www.lovendal.ro\\\/wp52\\\/#website\"},\"primaryImageOfPage\":{\"@id\":\"https:\\\/\\\/www.lovendal.ro\\\/wp52\\\/montesquieu-scutit-de-postul-mare-de-catre-papa\\\/#primaryimage\"},\"image\":{\"@id\":\"https:\\\/\\\/www.lovendal.ro\\\/wp52\\\/montesquieu-scutit-de-postul-mare-de-catre-papa\\\/#primaryimage\"},\"thumbnailUrl\":\"https:\\\/\\\/www.lovendal.ro\\\/wp52\\\/wp-content\\\/uploads\\\/2010\\\/05\\\/montesquieu.jpg\",\"datePublished\":\"2010-05-20T18:02:54+00:00\",\"breadcrumb\":{\"@id\":\"https:\\\/\\\/www.lovendal.ro\\\/wp52\\\/montesquieu-scutit-de-postul-mare-de-catre-papa\\\/#breadcrumb\"},\"inLanguage\":\"ro-RO\",\"potentialAction\":[{\"@type\":\"ReadAction\",\"target\":[\"https:\\\/\\\/www.lovendal.ro\\\/wp52\\\/montesquieu-scutit-de-postul-mare-de-catre-papa\\\/\"]}]},{\"@type\":\"ImageObject\",\"inLanguage\":\"ro-RO\",\"@id\":\"https:\\\/\\\/www.lovendal.ro\\\/wp52\\\/montesquieu-scutit-de-postul-mare-de-catre-papa\\\/#primaryimage\",\"url\":\"https:\\\/\\\/www.lovendal.ro\\\/wp52\\\/wp-content\\\/uploads\\\/2010\\\/05\\\/montesquieu.jpg\",\"contentUrl\":\"https:\\\/\\\/www.lovendal.ro\\\/wp52\\\/wp-content\\\/uploads\\\/2010\\\/05\\\/montesquieu.jpg\",\"width\":\"446\",\"height\":\"480\"},{\"@type\":\"BreadcrumbList\",\"@id\":\"https:\\\/\\\/www.lovendal.ro\\\/wp52\\\/montesquieu-scutit-de-postul-mare-de-catre-papa\\\/#breadcrumb\",\"itemListElement\":[{\"@type\":\"ListItem\",\"position\":1,\"name\":\"Home\",\"item\":\"https:\\\/\\\/www.lovendal.ro\\\/wp52\\\/\"},{\"@type\":\"ListItem\",\"position\":2,\"name\":\"Montesquieu, scutit de postul mare de c\u0103tre pap\u0103\"}]},{\"@type\":\"WebSite\",\"@id\":\"https:\\\/\\\/www.lovendal.ro\\\/wp52\\\/#website\",\"url\":\"https:\\\/\\\/www.lovendal.ro\\\/wp52\\\/\",\"name\":\"Secretele lui Lovendal\",\"description\":\"Site de secrete, stiinta si metafizica - din 2008 -\",\"publisher\":{\"@id\":\"https:\\\/\\\/www.lovendal.ro\\\/wp52\\\/#organization\"},\"potentialAction\":[{\"@type\":\"SearchAction\",\"target\":{\"@type\":\"EntryPoint\",\"urlTemplate\":\"https:\\\/\\\/www.lovendal.ro\\\/wp52\\\/?s={search_term_string}\"},\"query-input\":{\"@type\":\"PropertyValueSpecification\",\"valueRequired\":true,\"valueName\":\"search_term_string\"}}],\"inLanguage\":\"ro-RO\"},{\"@type\":\"Organization\",\"@id\":\"https:\\\/\\\/www.lovendal.ro\\\/wp52\\\/#organization\",\"name\":\"Secretele lui Lovendal\",\"url\":\"https:\\\/\\\/www.lovendal.ro\\\/wp52\\\/\",\"logo\":{\"@type\":\"ImageObject\",\"inLanguage\":\"ro-RO\",\"@id\":\"https:\\\/\\\/www.lovendal.ro\\\/wp52\\\/#\\\/schema\\\/logo\\\/image\\\/\",\"url\":\"https:\\\/\\\/www.lovendal.ro\\\/wp52\\\/wp-content\\\/uploads\\\/2024\\\/06\\\/cropped-SLL-iun-2024-1.jpg\",\"contentUrl\":\"https:\\\/\\\/www.lovendal.ro\\\/wp52\\\/wp-content\\\/uploads\\\/2024\\\/06\\\/cropped-SLL-iun-2024-1.jpg\",\"width\":771,\"height\":240,\"caption\":\"Secretele lui Lovendal\"},\"image\":{\"@id\":\"https:\\\/\\\/www.lovendal.ro\\\/wp52\\\/#\\\/schema\\\/logo\\\/image\\\/\"},\"sameAs\":[\"https:\\\/\\\/www.facebook.com\\\/secreteleluilovendal\"]},{\"@type\":\"Person\",\"@id\":\"https:\\\/\\\/www.lovendal.ro\\\/wp52\\\/#\\\/schema\\\/person\\\/088691de5dfc346bb0c023e1e52ef5d9\",\"name\":\"admin\",\"image\":{\"@type\":\"ImageObject\",\"inLanguage\":\"ro-RO\",\"@id\":\"https:\\\/\\\/secure.gravatar.com\\\/avatar\\\/ecb9cd41f5f63c9c9b989999a59f6e2639a865ec361e9db054db0679a8f341c2?s=96&d=mm&r=g\",\"url\":\"https:\\\/\\\/secure.gravatar.com\\\/avatar\\\/ecb9cd41f5f63c9c9b989999a59f6e2639a865ec361e9db054db0679a8f341c2?s=96&d=mm&r=g\",\"contentUrl\":\"https:\\\/\\\/secure.gravatar.com\\\/avatar\\\/ecb9cd41f5f63c9c9b989999a59f6e2639a865ec361e9db054db0679a8f341c2?s=96&d=mm&r=g\",\"caption\":\"admin\"},\"sameAs\":[\"https:\\\/\\\/www.lovendal.ro\\\/wp52\"]}]}<\/script>\n<!-- \/ Yoast SEO Premium plugin. -->","yoast_head_json":{"title":"Montesquieu, scutit de postul mare de c\u0103tre pap\u0103 - Secretele lui Lovendal","robots":{"index":"index","follow":"follow","max-snippet":"max-snippet:-1","max-image-preview":"max-image-preview:large","max-video-preview":"max-video-preview:-1"},"canonical":"https:\/\/www.lovendal.ro\/wp52\/montesquieu-scutit-de-postul-mare-de-catre-papa\/","og_locale":"ro_RO","og_type":"article","og_title":"Montesquieu, scutit de postul mare de c\u0103tre pap\u0103","og_description":"Montesquieu a fost unul dintre marii filosofi ai Iluminismului. A scris celebrele Scrisori persane \u00een care a satirizat societatea francez\u0103 de la \u00eenceputul secolului al XVIII-lea, \u00een care lui i-a fost dat s\u0103 tr\u0103iasc\u0103. Critica mai cu seam\u0103 absolutismul de ... Cititi mai multe","og_url":"https:\/\/www.lovendal.ro\/wp52\/montesquieu-scutit-de-postul-mare-de-catre-papa\/","og_site_name":"Secretele lui Lovendal","article_publisher":"https:\/\/www.facebook.com\/secreteleluilovendal","article_published_time":"2010-05-20T18:02:54+00:00","og_image":[{"width":446,"height":480,"url":"https:\/\/www.lovendal.ro\/wp52\/wp-content\/uploads\/2010\/05\/montesquieu.jpg","type":"image\/jpeg"}],"author":"admin","twitter_card":"summary_large_image","twitter_misc":{"Scris de":"admin","Timp estimat pentru citire":"1 minut"},"schema":{"@context":"https:\/\/schema.org","@graph":[{"@type":"Article","@id":"https:\/\/www.lovendal.ro\/wp52\/montesquieu-scutit-de-postul-mare-de-catre-papa\/#article","isPartOf":{"@id":"https:\/\/www.lovendal.ro\/wp52\/montesquieu-scutit-de-postul-mare-de-catre-papa\/"},"author":{"name":"admin","@id":"https:\/\/www.lovendal.ro\/wp52\/#\/schema\/person\/088691de5dfc346bb0c023e1e52ef5d9"},"headline":"Montesquieu, scutit de postul mare de c\u0103tre pap\u0103","datePublished":"2010-05-20T18:02:54+00:00","mainEntityOfPage":{"@id":"https:\/\/www.lovendal.ro\/wp52\/montesquieu-scutit-de-postul-mare-de-catre-papa\/"},"wordCount":289,"commentCount":5,"publisher":{"@id":"https:\/\/www.lovendal.ro\/wp52\/#organization"},"image":{"@id":"https:\/\/www.lovendal.ro\/wp52\/montesquieu-scutit-de-postul-mare-de-catre-papa\/#primaryimage"},"thumbnailUrl":"https:\/\/www.lovendal.ro\/wp52\/wp-content\/uploads\/2010\/05\/montesquieu.jpg","keywords":["Cultura","filosofie","filozof","Fran\u0163a","Ludovic al XIV-lea","Montesquieu","papa","post"],"articleSection":["Cultura"],"inLanguage":"ro-RO","potentialAction":[{"@type":"CommentAction","name":"Comment","target":["https:\/\/www.lovendal.ro\/wp52\/montesquieu-scutit-de-postul-mare-de-catre-papa\/#respond"]}]},{"@type":"WebPage","@id":"https:\/\/www.lovendal.ro\/wp52\/montesquieu-scutit-de-postul-mare-de-catre-papa\/","url":"https:\/\/www.lovendal.ro\/wp52\/montesquieu-scutit-de-postul-mare-de-catre-papa\/","name":"Montesquieu, scutit de postul mare de c\u0103tre pap\u0103 - Secretele lui Lovendal","isPartOf":{"@id":"https:\/\/www.lovendal.ro\/wp52\/#website"},"primaryImageOfPage":{"@id":"https:\/\/www.lovendal.ro\/wp52\/montesquieu-scutit-de-postul-mare-de-catre-papa\/#primaryimage"},"image":{"@id":"https:\/\/www.lovendal.ro\/wp52\/montesquieu-scutit-de-postul-mare-de-catre-papa\/#primaryimage"},"thumbnailUrl":"https:\/\/www.lovendal.ro\/wp52\/wp-content\/uploads\/2010\/05\/montesquieu.jpg","datePublished":"2010-05-20T18:02:54+00:00","breadcrumb":{"@id":"https:\/\/www.lovendal.ro\/wp52\/montesquieu-scutit-de-postul-mare-de-catre-papa\/#breadcrumb"},"inLanguage":"ro-RO","potentialAction":[{"@type":"ReadAction","target":["https:\/\/www.lovendal.ro\/wp52\/montesquieu-scutit-de-postul-mare-de-catre-papa\/"]}]},{"@type":"ImageObject","inLanguage":"ro-RO","@id":"https:\/\/www.lovendal.ro\/wp52\/montesquieu-scutit-de-postul-mare-de-catre-papa\/#primaryimage","url":"https:\/\/www.lovendal.ro\/wp52\/wp-content\/uploads\/2010\/05\/montesquieu.jpg","contentUrl":"https:\/\/www.lovendal.ro\/wp52\/wp-content\/uploads\/2010\/05\/montesquieu.jpg","width":"446","height":"480"},{"@type":"BreadcrumbList","@id":"https:\/\/www.lovendal.ro\/wp52\/montesquieu-scutit-de-postul-mare-de-catre-papa\/#breadcrumb","itemListElement":[{"@type":"ListItem","position":1,"name":"Home","item":"https:\/\/www.lovendal.ro\/wp52\/"},{"@type":"ListItem","position":2,"name":"Montesquieu, scutit de postul mare de c\u0103tre pap\u0103"}]},{"@type":"WebSite","@id":"https:\/\/www.lovendal.ro\/wp52\/#website","url":"https:\/\/www.lovendal.ro\/wp52\/","name":"Secretele lui Lovendal","description":"Site de secrete, stiinta si metafizica - din 2008 -","publisher":{"@id":"https:\/\/www.lovendal.ro\/wp52\/#organization"},"potentialAction":[{"@type":"SearchAction","target":{"@type":"EntryPoint","urlTemplate":"https:\/\/www.lovendal.ro\/wp52\/?s={search_term_string}"},"query-input":{"@type":"PropertyValueSpecification","valueRequired":true,"valueName":"search_term_string"}}],"inLanguage":"ro-RO"},{"@type":"Organization","@id":"https:\/\/www.lovendal.ro\/wp52\/#organization","name":"Secretele lui Lovendal","url":"https:\/\/www.lovendal.ro\/wp52\/","logo":{"@type":"ImageObject","inLanguage":"ro-RO","@id":"https:\/\/www.lovendal.ro\/wp52\/#\/schema\/logo\/image\/","url":"https:\/\/www.lovendal.ro\/wp52\/wp-content\/uploads\/2024\/06\/cropped-SLL-iun-2024-1.jpg","contentUrl":"https:\/\/www.lovendal.ro\/wp52\/wp-content\/uploads\/2024\/06\/cropped-SLL-iun-2024-1.jpg","width":771,"height":240,"caption":"Secretele lui Lovendal"},"image":{"@id":"https:\/\/www.lovendal.ro\/wp52\/#\/schema\/logo\/image\/"},"sameAs":["https:\/\/www.facebook.com\/secreteleluilovendal"]},{"@type":"Person","@id":"https:\/\/www.lovendal.ro\/wp52\/#\/schema\/person\/088691de5dfc346bb0c023e1e52ef5d9","name":"admin","image":{"@type":"ImageObject","inLanguage":"ro-RO","@id":"https:\/\/secure.gravatar.com\/avatar\/ecb9cd41f5f63c9c9b989999a59f6e2639a865ec361e9db054db0679a8f341c2?s=96&d=mm&r=g","url":"https:\/\/secure.gravatar.com\/avatar\/ecb9cd41f5f63c9c9b989999a59f6e2639a865ec361e9db054db0679a8f341c2?s=96&d=mm&r=g","contentUrl":"https:\/\/secure.gravatar.com\/avatar\/ecb9cd41f5f63c9c9b989999a59f6e2639a865ec361e9db054db0679a8f341c2?s=96&d=mm&r=g","caption":"admin"},"sameAs":["https:\/\/www.lovendal.ro\/wp52"]}]}},"_links":{"self":[{"href":"https:\/\/www.lovendal.ro\/wp52\/wp-json\/wp\/v2\/posts\/12730","targetHints":{"allow":["GET"]}}],"collection":[{"href":"https:\/\/www.lovendal.ro\/wp52\/wp-json\/wp\/v2\/posts"}],"about":[{"href":"https:\/\/www.lovendal.ro\/wp52\/wp-json\/wp\/v2\/types\/post"}],"author":[{"embeddable":true,"href":"https:\/\/www.lovendal.ro\/wp52\/wp-json\/wp\/v2\/users\/1"}],"replies":[{"embeddable":true,"href":"https:\/\/www.lovendal.ro\/wp52\/wp-json\/wp\/v2\/comments?post=12730"}],"version-history":[{"count":0,"href":"https:\/\/www.lovendal.ro\/wp52\/wp-json\/wp\/v2\/posts\/12730\/revisions"}],"wp:featuredmedia":[{"embeddable":true,"href":"https:\/\/www.lovendal.ro\/wp52\/wp-json\/wp\/v2\/media\/12731"}],"wp:attachment":[{"href":"https:\/\/www.lovendal.ro\/wp52\/wp-json\/wp\/v2\/media?parent=12730"}],"wp:term":[{"taxonomy":"category","embeddable":true,"href":"https:\/\/www.lovendal.ro\/wp52\/wp-json\/wp\/v2\/categories?post=12730"},{"taxonomy":"post_tag","embeddable":true,"href":"https:\/\/www.lovendal.ro\/wp52\/wp-json\/wp\/v2\/tags?post=12730"}],"curies":[{"name":"wp","href":"https:\/\/api.w.org\/{rel}","templated":true}]}}