{"id":12679,"date":"2010-05-17T20:23:03","date_gmt":"2010-05-17T17:23:03","guid":{"rendered":"http:\/\/www.lovendal.net\/wp52\/?p=12679"},"modified":"2018-02-08T22:43:53","modified_gmt":"2018-02-08T20:43:53","slug":"poate-cineva-sa-mi-spuna-cine-e-fata-aceasta-din-anul-1964","status":"publish","type":"post","link":"https:\/\/www.lovendal.ro\/wp52\/poate-cineva-sa-mi-spuna-cine-e-fata-aceasta-din-anul-1964\/","title":{"rendered":"Poate cineva s\u0103-mi spun\u0103 cine e fata aceasta din anul 1964?"},"content":{"rendered":"<p><a href=\"https:\/\/www.lovendal.ro\/wp52\/wp-content\/uploads\/2010\/05\/Strada_Carol.jpg\"><img loading=\"lazy\" decoding=\"async\" class=\"alignleft size-full wp-image-12680\" title=\"Strada_Carol\" src=\"https:\/\/www.lovendal.ro\/wp52\/wp-content\/uploads\/2010\/05\/Strada_Carol.jpg\" alt=\"Strada_Carol\" width=\"352\" height=\"222\" srcset=\"https:\/\/www.lovendal.ro\/wp52\/wp-content\/uploads\/2010\/05\/Strada_Carol.jpg 352w, https:\/\/www.lovendal.ro\/wp52\/wp-content\/uploads\/2010\/05\/Strada_Carol-300x189.jpg 300w\" sizes=\"auto, (max-width: 352px) 100vw, 352px\" \/><\/a>Am \u00eent\u00e2lnit acum mai bine de o lun\u0103, pe site-ul &#8222;<a href=\"http:\/\/www.muzeuldefotografie.ro\/2009\/08\/mergand-pe-strada-carol\/\" target=\"_blank\" rel=\"noopener\"><strong>Muzeul de fotografie<\/strong><\/span><\/a>&#8221; o poz\u0103 interesant\u0103, f\u0103cut\u0103 \u00een Bucure\u015fti, cel mai probabil \u00een jurul anului 1964. Localizarea fotografiei este fosta strad\u0103 Carol, locul unde s-a construit magazinul Unirea \u00een Pia\u0163a Unirii din Bucure\u015fti. Nu \u015ftiu ce m-a atras mai mult la aceast\u0103 fotografie: lini\u015ftea din privirile trec\u0103torilor, traficul auto at\u00e2t de lejer sau poate frumoasele case ce n-au fost \u00eenc\u0103 afectate de demol\u0103rile comuniste. Fotografia e superb\u0103, \u015fi, sincer, chiar dac\u0103 pare \u015focant pentru unii, mi-a\u015f fi dorit s\u0103 fiu de v\u00e2rsta p\u0103rin\u0163ilor mei \u015fi s\u0103-mi fi tr\u0103it tinere\u0163ea \u00een acele vremuri.<\/p>\n<p>Uit\u00e2ndu-m\u0103 cu aten\u0163ie la poz\u0103, mi-a venit deodat\u0103 o idee. Am dat zoom la poz\u0103 (a\u015fa cum se poate vedea mai jos) la trei persoane de sex feminin care discut\u0103. M-am oprit la una din persoane, la fata \u00eencercuit\u0103 cu ro\u015fu&#8230;Chiar dac\u0103 st\u0103 cu spatele, dup\u0103 \u00eembr\u0103c\u0103minte, pozi\u0163ie \u015fi felul \u00een care poart\u0103 p\u0103rul, pare s\u0103 n-aib\u0103 mai mult de 18 ani. \u015etiu c\u0103 pare absurd ce \u00eentreb, dar pun \u015fi eu o \u00eentrebare absurd\u0103: o recunoa\u015fte cineva pe aceast\u0103 fat\u0103? \u015etie ce s-a \u00eent\u00e2mplat cu ea? Mai tr\u0103ie\u015fte \u015fi \u00een ziua de azi? Ce via\u0163\u0103 a avut? A fost c\u0103s\u0103torit\u0103, a avut oare copii? Ce meserie a avut? Doctori\u0163\u0103, profesoar\u0103, croitoreas\u0103? Dac\u0103 ar tr\u0103i \u015fi \u00een ziua de azi, ea ar trebui s\u0103 aib\u0103 azi \u00een jur de 60 de ani.\u00a0 Ce e \u015fi via\u0163a asta&#8230;ce repede poate s\u0103 treac\u0103 timpul! Am intrat \u00een chestiuni prea filozofice, \u015ftiu&#8230;<\/p>\n<p><a href=\"https:\/\/www.lovendal.ro\/wp52\/wp-content\/uploads\/2010\/05\/Fata-de-pe-strada-Carol.jpg\"><img loading=\"lazy\" decoding=\"async\" class=\"aligncenter size-full wp-image-12681\" title=\"Fata de pe strada Carol\" src=\"https:\/\/www.lovendal.ro\/wp52\/wp-content\/uploads\/2010\/05\/Fata-de-pe-strada-Carol.jpg\" alt=\"Fata de pe strada Carol\" width=\"402\" height=\"368\" srcset=\"https:\/\/www.lovendal.ro\/wp52\/wp-content\/uploads\/2010\/05\/Fata-de-pe-strada-Carol.jpg 447w, https:\/\/www.lovendal.ro\/wp52\/wp-content\/uploads\/2010\/05\/Fata-de-pe-strada-Carol-300x275.jpg 300w\" sizes=\"auto, (max-width: 402px) 100vw, 402px\" \/><\/a><\/p>\n","protected":false},"excerpt":{"rendered":"<p>Am \u00eent\u00e2lnit acum mai bine de o lun\u0103, pe site-ul &#8222;Muzeul de fotografie&#8221; o poz\u0103 interesant\u0103, f\u0103cut\u0103 \u00een Bucure\u015fti, cel mai probabil \u00een jurul anului 1964. Localizarea fotografiei este fosta strad\u0103 Carol, locul unde s-a construit magazinul Unirea \u00een Pia\u0163a &#8230; <\/p>\n<p class=\"read-more-container\"><a title=\"Poate cineva s\u0103-mi spun\u0103 cine e fata aceasta din anul 1964?\" class=\"read-more button\" href=\"https:\/\/www.lovendal.ro\/wp52\/poate-cineva-sa-mi-spuna-cine-e-fata-aceasta-din-anul-1964\/#more-12679\" aria-label=\"Cite\u0219te mai multe despre Poate cineva s\u0103-mi spun\u0103 cine e fata aceasta din anul 1964?\">Cititi mai multe<\/a><\/p>\n","protected":false},"author":1,"featured_media":12680,"comment_status":"open","ping_status":"closed","sticky":false,"template":"","format":"standard","meta":{"footnotes":""},"categories":[2761],"tags":[827,1121,9812],"class_list":["post-12679","post","type-post","status-publish","format-standard","has-post-thumbnail","hentry","category-poze-controversate","tag-bucuresti","tag-femeie","tag-poze-controversate","resize-featured-image"],"yoast_head":"<!-- This site is optimized with the Yoast SEO Premium plugin v23.3 (Yoast SEO v27.4) - https:\/\/yoast.com\/product\/yoast-seo-premium-wordpress\/ -->\n<title>Poate cineva s\u0103-mi spun\u0103 cine e fata aceasta din anul 1964? - Secretele lui Lovendal<\/title>\n<meta name=\"robots\" content=\"index, follow, max-snippet:-1, max-image-preview:large, max-video-preview:-1\" \/>\n<link rel=\"canonical\" href=\"https:\/\/www.lovendal.ro\/wp52\/poate-cineva-sa-mi-spuna-cine-e-fata-aceasta-din-anul-1964\/\" \/>\n<meta property=\"og:locale\" content=\"ro_RO\" \/>\n<meta property=\"og:type\" content=\"article\" \/>\n<meta property=\"og:title\" content=\"Poate cineva s\u0103-mi spun\u0103 cine e fata aceasta din anul 1964?\" \/>\n<meta property=\"og:description\" content=\"Am \u00eent\u00e2lnit acum mai bine de o lun\u0103, pe site-ul &#8222;Muzeul de fotografie&#8221; o poz\u0103 interesant\u0103, f\u0103cut\u0103 \u00een Bucure\u015fti, cel mai probabil \u00een jurul anului 1964. Localizarea fotografiei este fosta strad\u0103 Carol, locul unde s-a construit magazinul Unirea \u00een Pia\u0163a ... Cititi mai multe\" \/>\n<meta property=\"og:url\" content=\"https:\/\/www.lovendal.ro\/wp52\/poate-cineva-sa-mi-spuna-cine-e-fata-aceasta-din-anul-1964\/\" \/>\n<meta property=\"og:site_name\" content=\"Secretele lui Lovendal\" \/>\n<meta property=\"article:publisher\" content=\"https:\/\/www.facebook.com\/secreteleluilovendal\" \/>\n<meta property=\"article:published_time\" content=\"2010-05-17T17:23:03+00:00\" \/>\n<meta property=\"article:modified_time\" content=\"2018-02-08T20:43:53+00:00\" \/>\n<meta property=\"og:image\" content=\"https:\/\/www.lovendal.ro\/wp52\/wp-content\/uploads\/2010\/05\/Strada_Carol.jpg\" \/>\n\t<meta property=\"og:image:width\" content=\"352\" \/>\n\t<meta property=\"og:image:height\" content=\"222\" \/>\n\t<meta property=\"og:image:type\" content=\"image\/jpeg\" \/>\n<meta name=\"author\" content=\"admin\" \/>\n<meta name=\"twitter:card\" content=\"summary_large_image\" \/>\n<meta name=\"twitter:label1\" content=\"Scris de\" \/>\n\t<meta name=\"twitter:data1\" content=\"admin\" \/>\n\t<meta name=\"twitter:label2\" content=\"Timp estimat pentru citire\" \/>\n\t<meta name=\"twitter:data2\" content=\"1 minut\" \/>\n<script type=\"application\/ld+json\" class=\"yoast-schema-graph\">{\"@context\":\"https:\\\/\\\/schema.org\",\"@graph\":[{\"@type\":\"Article\",\"@id\":\"https:\\\/\\\/www.lovendal.ro\\\/wp52\\\/poate-cineva-sa-mi-spuna-cine-e-fata-aceasta-din-anul-1964\\\/#article\",\"isPartOf\":{\"@id\":\"https:\\\/\\\/www.lovendal.ro\\\/wp52\\\/poate-cineva-sa-mi-spuna-cine-e-fata-aceasta-din-anul-1964\\\/\"},\"author\":{\"name\":\"admin\",\"@id\":\"https:\\\/\\\/www.lovendal.ro\\\/wp52\\\/#\\\/schema\\\/person\\\/088691de5dfc346bb0c023e1e52ef5d9\"},\"headline\":\"Poate cineva s\u0103-mi spun\u0103 cine e fata aceasta din anul 1964?\",\"datePublished\":\"2010-05-17T17:23:03+00:00\",\"dateModified\":\"2018-02-08T20:43:53+00:00\",\"mainEntityOfPage\":{\"@id\":\"https:\\\/\\\/www.lovendal.ro\\\/wp52\\\/poate-cineva-sa-mi-spuna-cine-e-fata-aceasta-din-anul-1964\\\/\"},\"wordCount\":292,\"commentCount\":69,\"publisher\":{\"@id\":\"https:\\\/\\\/www.lovendal.ro\\\/wp52\\\/#organization\"},\"image\":{\"@id\":\"https:\\\/\\\/www.lovendal.ro\\\/wp52\\\/poate-cineva-sa-mi-spuna-cine-e-fata-aceasta-din-anul-1964\\\/#primaryimage\"},\"thumbnailUrl\":\"https:\\\/\\\/www.lovendal.ro\\\/wp52\\\/wp-content\\\/uploads\\\/2010\\\/05\\\/Strada_Carol.jpg\",\"keywords\":[\"Bucure\u015fti\",\"femeie\",\"Poze controversate\"],\"articleSection\":[\"Poze controversate\"],\"inLanguage\":\"ro-RO\",\"potentialAction\":[{\"@type\":\"CommentAction\",\"name\":\"Comment\",\"target\":[\"https:\\\/\\\/www.lovendal.ro\\\/wp52\\\/poate-cineva-sa-mi-spuna-cine-e-fata-aceasta-din-anul-1964\\\/#respond\"]}]},{\"@type\":\"WebPage\",\"@id\":\"https:\\\/\\\/www.lovendal.ro\\\/wp52\\\/poate-cineva-sa-mi-spuna-cine-e-fata-aceasta-din-anul-1964\\\/\",\"url\":\"https:\\\/\\\/www.lovendal.ro\\\/wp52\\\/poate-cineva-sa-mi-spuna-cine-e-fata-aceasta-din-anul-1964\\\/\",\"name\":\"Poate cineva s\u0103-mi spun\u0103 cine e fata aceasta din anul 1964? - Secretele lui Lovendal\",\"isPartOf\":{\"@id\":\"https:\\\/\\\/www.lovendal.ro\\\/wp52\\\/#website\"},\"primaryImageOfPage\":{\"@id\":\"https:\\\/\\\/www.lovendal.ro\\\/wp52\\\/poate-cineva-sa-mi-spuna-cine-e-fata-aceasta-din-anul-1964\\\/#primaryimage\"},\"image\":{\"@id\":\"https:\\\/\\\/www.lovendal.ro\\\/wp52\\\/poate-cineva-sa-mi-spuna-cine-e-fata-aceasta-din-anul-1964\\\/#primaryimage\"},\"thumbnailUrl\":\"https:\\\/\\\/www.lovendal.ro\\\/wp52\\\/wp-content\\\/uploads\\\/2010\\\/05\\\/Strada_Carol.jpg\",\"datePublished\":\"2010-05-17T17:23:03+00:00\",\"dateModified\":\"2018-02-08T20:43:53+00:00\",\"breadcrumb\":{\"@id\":\"https:\\\/\\\/www.lovendal.ro\\\/wp52\\\/poate-cineva-sa-mi-spuna-cine-e-fata-aceasta-din-anul-1964\\\/#breadcrumb\"},\"inLanguage\":\"ro-RO\",\"potentialAction\":[{\"@type\":\"ReadAction\",\"target\":[\"https:\\\/\\\/www.lovendal.ro\\\/wp52\\\/poate-cineva-sa-mi-spuna-cine-e-fata-aceasta-din-anul-1964\\\/\"]}]},{\"@type\":\"ImageObject\",\"inLanguage\":\"ro-RO\",\"@id\":\"https:\\\/\\\/www.lovendal.ro\\\/wp52\\\/poate-cineva-sa-mi-spuna-cine-e-fata-aceasta-din-anul-1964\\\/#primaryimage\",\"url\":\"https:\\\/\\\/www.lovendal.ro\\\/wp52\\\/wp-content\\\/uploads\\\/2010\\\/05\\\/Strada_Carol.jpg\",\"contentUrl\":\"https:\\\/\\\/www.lovendal.ro\\\/wp52\\\/wp-content\\\/uploads\\\/2010\\\/05\\\/Strada_Carol.jpg\",\"width\":\"352\",\"height\":\"222\"},{\"@type\":\"BreadcrumbList\",\"@id\":\"https:\\\/\\\/www.lovendal.ro\\\/wp52\\\/poate-cineva-sa-mi-spuna-cine-e-fata-aceasta-din-anul-1964\\\/#breadcrumb\",\"itemListElement\":[{\"@type\":\"ListItem\",\"position\":1,\"name\":\"Home\",\"item\":\"https:\\\/\\\/www.lovendal.ro\\\/wp52\\\/\"},{\"@type\":\"ListItem\",\"position\":2,\"name\":\"Poate cineva s\u0103-mi spun\u0103 cine e fata aceasta din anul 1964?\"}]},{\"@type\":\"WebSite\",\"@id\":\"https:\\\/\\\/www.lovendal.ro\\\/wp52\\\/#website\",\"url\":\"https:\\\/\\\/www.lovendal.ro\\\/wp52\\\/\",\"name\":\"Secretele lui Lovendal\",\"description\":\"Site de secrete, stiinta si metafizica - din 2008 -\",\"publisher\":{\"@id\":\"https:\\\/\\\/www.lovendal.ro\\\/wp52\\\/#organization\"},\"potentialAction\":[{\"@type\":\"SearchAction\",\"target\":{\"@type\":\"EntryPoint\",\"urlTemplate\":\"https:\\\/\\\/www.lovendal.ro\\\/wp52\\\/?s={search_term_string}\"},\"query-input\":{\"@type\":\"PropertyValueSpecification\",\"valueRequired\":true,\"valueName\":\"search_term_string\"}}],\"inLanguage\":\"ro-RO\"},{\"@type\":\"Organization\",\"@id\":\"https:\\\/\\\/www.lovendal.ro\\\/wp52\\\/#organization\",\"name\":\"Secretele lui Lovendal\",\"url\":\"https:\\\/\\\/www.lovendal.ro\\\/wp52\\\/\",\"logo\":{\"@type\":\"ImageObject\",\"inLanguage\":\"ro-RO\",\"@id\":\"https:\\\/\\\/www.lovendal.ro\\\/wp52\\\/#\\\/schema\\\/logo\\\/image\\\/\",\"url\":\"https:\\\/\\\/www.lovendal.ro\\\/wp52\\\/wp-content\\\/uploads\\\/2024\\\/06\\\/cropped-SLL-iun-2024-1.jpg\",\"contentUrl\":\"https:\\\/\\\/www.lovendal.ro\\\/wp52\\\/wp-content\\\/uploads\\\/2024\\\/06\\\/cropped-SLL-iun-2024-1.jpg\",\"width\":771,\"height\":240,\"caption\":\"Secretele lui Lovendal\"},\"image\":{\"@id\":\"https:\\\/\\\/www.lovendal.ro\\\/wp52\\\/#\\\/schema\\\/logo\\\/image\\\/\"},\"sameAs\":[\"https:\\\/\\\/www.facebook.com\\\/secreteleluilovendal\"]},{\"@type\":\"Person\",\"@id\":\"https:\\\/\\\/www.lovendal.ro\\\/wp52\\\/#\\\/schema\\\/person\\\/088691de5dfc346bb0c023e1e52ef5d9\",\"name\":\"admin\",\"image\":{\"@type\":\"ImageObject\",\"inLanguage\":\"ro-RO\",\"@id\":\"https:\\\/\\\/secure.gravatar.com\\\/avatar\\\/ecb9cd41f5f63c9c9b989999a59f6e2639a865ec361e9db054db0679a8f341c2?s=96&d=mm&r=g\",\"url\":\"https:\\\/\\\/secure.gravatar.com\\\/avatar\\\/ecb9cd41f5f63c9c9b989999a59f6e2639a865ec361e9db054db0679a8f341c2?s=96&d=mm&r=g\",\"contentUrl\":\"https:\\\/\\\/secure.gravatar.com\\\/avatar\\\/ecb9cd41f5f63c9c9b989999a59f6e2639a865ec361e9db054db0679a8f341c2?s=96&d=mm&r=g\",\"caption\":\"admin\"},\"sameAs\":[\"https:\\\/\\\/www.lovendal.ro\\\/wp52\"]}]}<\/script>\n<!-- \/ Yoast SEO Premium plugin. -->","yoast_head_json":{"title":"Poate cineva s\u0103-mi spun\u0103 cine e fata aceasta din anul 1964? - Secretele lui Lovendal","robots":{"index":"index","follow":"follow","max-snippet":"max-snippet:-1","max-image-preview":"max-image-preview:large","max-video-preview":"max-video-preview:-1"},"canonical":"https:\/\/www.lovendal.ro\/wp52\/poate-cineva-sa-mi-spuna-cine-e-fata-aceasta-din-anul-1964\/","og_locale":"ro_RO","og_type":"article","og_title":"Poate cineva s\u0103-mi spun\u0103 cine e fata aceasta din anul 1964?","og_description":"Am \u00eent\u00e2lnit acum mai bine de o lun\u0103, pe site-ul &#8222;Muzeul de fotografie&#8221; o poz\u0103 interesant\u0103, f\u0103cut\u0103 \u00een Bucure\u015fti, cel mai probabil \u00een jurul anului 1964. Localizarea fotografiei este fosta strad\u0103 Carol, locul unde s-a construit magazinul Unirea \u00een Pia\u0163a ... Cititi mai multe","og_url":"https:\/\/www.lovendal.ro\/wp52\/poate-cineva-sa-mi-spuna-cine-e-fata-aceasta-din-anul-1964\/","og_site_name":"Secretele lui Lovendal","article_publisher":"https:\/\/www.facebook.com\/secreteleluilovendal","article_published_time":"2010-05-17T17:23:03+00:00","article_modified_time":"2018-02-08T20:43:53+00:00","og_image":[{"width":352,"height":222,"url":"https:\/\/www.lovendal.ro\/wp52\/wp-content\/uploads\/2010\/05\/Strada_Carol.jpg","type":"image\/jpeg"}],"author":"admin","twitter_card":"summary_large_image","twitter_misc":{"Scris de":"admin","Timp estimat pentru citire":"1 minut"},"schema":{"@context":"https:\/\/schema.org","@graph":[{"@type":"Article","@id":"https:\/\/www.lovendal.ro\/wp52\/poate-cineva-sa-mi-spuna-cine-e-fata-aceasta-din-anul-1964\/#article","isPartOf":{"@id":"https:\/\/www.lovendal.ro\/wp52\/poate-cineva-sa-mi-spuna-cine-e-fata-aceasta-din-anul-1964\/"},"author":{"name":"admin","@id":"https:\/\/www.lovendal.ro\/wp52\/#\/schema\/person\/088691de5dfc346bb0c023e1e52ef5d9"},"headline":"Poate cineva s\u0103-mi spun\u0103 cine e fata aceasta din anul 1964?","datePublished":"2010-05-17T17:23:03+00:00","dateModified":"2018-02-08T20:43:53+00:00","mainEntityOfPage":{"@id":"https:\/\/www.lovendal.ro\/wp52\/poate-cineva-sa-mi-spuna-cine-e-fata-aceasta-din-anul-1964\/"},"wordCount":292,"commentCount":69,"publisher":{"@id":"https:\/\/www.lovendal.ro\/wp52\/#organization"},"image":{"@id":"https:\/\/www.lovendal.ro\/wp52\/poate-cineva-sa-mi-spuna-cine-e-fata-aceasta-din-anul-1964\/#primaryimage"},"thumbnailUrl":"https:\/\/www.lovendal.ro\/wp52\/wp-content\/uploads\/2010\/05\/Strada_Carol.jpg","keywords":["Bucure\u015fti","femeie","Poze controversate"],"articleSection":["Poze controversate"],"inLanguage":"ro-RO","potentialAction":[{"@type":"CommentAction","name":"Comment","target":["https:\/\/www.lovendal.ro\/wp52\/poate-cineva-sa-mi-spuna-cine-e-fata-aceasta-din-anul-1964\/#respond"]}]},{"@type":"WebPage","@id":"https:\/\/www.lovendal.ro\/wp52\/poate-cineva-sa-mi-spuna-cine-e-fata-aceasta-din-anul-1964\/","url":"https:\/\/www.lovendal.ro\/wp52\/poate-cineva-sa-mi-spuna-cine-e-fata-aceasta-din-anul-1964\/","name":"Poate cineva s\u0103-mi spun\u0103 cine e fata aceasta din anul 1964? - Secretele lui Lovendal","isPartOf":{"@id":"https:\/\/www.lovendal.ro\/wp52\/#website"},"primaryImageOfPage":{"@id":"https:\/\/www.lovendal.ro\/wp52\/poate-cineva-sa-mi-spuna-cine-e-fata-aceasta-din-anul-1964\/#primaryimage"},"image":{"@id":"https:\/\/www.lovendal.ro\/wp52\/poate-cineva-sa-mi-spuna-cine-e-fata-aceasta-din-anul-1964\/#primaryimage"},"thumbnailUrl":"https:\/\/www.lovendal.ro\/wp52\/wp-content\/uploads\/2010\/05\/Strada_Carol.jpg","datePublished":"2010-05-17T17:23:03+00:00","dateModified":"2018-02-08T20:43:53+00:00","breadcrumb":{"@id":"https:\/\/www.lovendal.ro\/wp52\/poate-cineva-sa-mi-spuna-cine-e-fata-aceasta-din-anul-1964\/#breadcrumb"},"inLanguage":"ro-RO","potentialAction":[{"@type":"ReadAction","target":["https:\/\/www.lovendal.ro\/wp52\/poate-cineva-sa-mi-spuna-cine-e-fata-aceasta-din-anul-1964\/"]}]},{"@type":"ImageObject","inLanguage":"ro-RO","@id":"https:\/\/www.lovendal.ro\/wp52\/poate-cineva-sa-mi-spuna-cine-e-fata-aceasta-din-anul-1964\/#primaryimage","url":"https:\/\/www.lovendal.ro\/wp52\/wp-content\/uploads\/2010\/05\/Strada_Carol.jpg","contentUrl":"https:\/\/www.lovendal.ro\/wp52\/wp-content\/uploads\/2010\/05\/Strada_Carol.jpg","width":"352","height":"222"},{"@type":"BreadcrumbList","@id":"https:\/\/www.lovendal.ro\/wp52\/poate-cineva-sa-mi-spuna-cine-e-fata-aceasta-din-anul-1964\/#breadcrumb","itemListElement":[{"@type":"ListItem","position":1,"name":"Home","item":"https:\/\/www.lovendal.ro\/wp52\/"},{"@type":"ListItem","position":2,"name":"Poate cineva s\u0103-mi spun\u0103 cine e fata aceasta din anul 1964?"}]},{"@type":"WebSite","@id":"https:\/\/www.lovendal.ro\/wp52\/#website","url":"https:\/\/www.lovendal.ro\/wp52\/","name":"Secretele lui Lovendal","description":"Site de secrete, stiinta si metafizica - din 2008 -","publisher":{"@id":"https:\/\/www.lovendal.ro\/wp52\/#organization"},"potentialAction":[{"@type":"SearchAction","target":{"@type":"EntryPoint","urlTemplate":"https:\/\/www.lovendal.ro\/wp52\/?s={search_term_string}"},"query-input":{"@type":"PropertyValueSpecification","valueRequired":true,"valueName":"search_term_string"}}],"inLanguage":"ro-RO"},{"@type":"Organization","@id":"https:\/\/www.lovendal.ro\/wp52\/#organization","name":"Secretele lui Lovendal","url":"https:\/\/www.lovendal.ro\/wp52\/","logo":{"@type":"ImageObject","inLanguage":"ro-RO","@id":"https:\/\/www.lovendal.ro\/wp52\/#\/schema\/logo\/image\/","url":"https:\/\/www.lovendal.ro\/wp52\/wp-content\/uploads\/2024\/06\/cropped-SLL-iun-2024-1.jpg","contentUrl":"https:\/\/www.lovendal.ro\/wp52\/wp-content\/uploads\/2024\/06\/cropped-SLL-iun-2024-1.jpg","width":771,"height":240,"caption":"Secretele lui Lovendal"},"image":{"@id":"https:\/\/www.lovendal.ro\/wp52\/#\/schema\/logo\/image\/"},"sameAs":["https:\/\/www.facebook.com\/secreteleluilovendal"]},{"@type":"Person","@id":"https:\/\/www.lovendal.ro\/wp52\/#\/schema\/person\/088691de5dfc346bb0c023e1e52ef5d9","name":"admin","image":{"@type":"ImageObject","inLanguage":"ro-RO","@id":"https:\/\/secure.gravatar.com\/avatar\/ecb9cd41f5f63c9c9b989999a59f6e2639a865ec361e9db054db0679a8f341c2?s=96&d=mm&r=g","url":"https:\/\/secure.gravatar.com\/avatar\/ecb9cd41f5f63c9c9b989999a59f6e2639a865ec361e9db054db0679a8f341c2?s=96&d=mm&r=g","contentUrl":"https:\/\/secure.gravatar.com\/avatar\/ecb9cd41f5f63c9c9b989999a59f6e2639a865ec361e9db054db0679a8f341c2?s=96&d=mm&r=g","caption":"admin"},"sameAs":["https:\/\/www.lovendal.ro\/wp52"]}]}},"_links":{"self":[{"href":"https:\/\/www.lovendal.ro\/wp52\/wp-json\/wp\/v2\/posts\/12679","targetHints":{"allow":["GET"]}}],"collection":[{"href":"https:\/\/www.lovendal.ro\/wp52\/wp-json\/wp\/v2\/posts"}],"about":[{"href":"https:\/\/www.lovendal.ro\/wp52\/wp-json\/wp\/v2\/types\/post"}],"author":[{"embeddable":true,"href":"https:\/\/www.lovendal.ro\/wp52\/wp-json\/wp\/v2\/users\/1"}],"replies":[{"embeddable":true,"href":"https:\/\/www.lovendal.ro\/wp52\/wp-json\/wp\/v2\/comments?post=12679"}],"version-history":[{"count":0,"href":"https:\/\/www.lovendal.ro\/wp52\/wp-json\/wp\/v2\/posts\/12679\/revisions"}],"wp:featuredmedia":[{"embeddable":true,"href":"https:\/\/www.lovendal.ro\/wp52\/wp-json\/wp\/v2\/media\/12680"}],"wp:attachment":[{"href":"https:\/\/www.lovendal.ro\/wp52\/wp-json\/wp\/v2\/media?parent=12679"}],"wp:term":[{"taxonomy":"category","embeddable":true,"href":"https:\/\/www.lovendal.ro\/wp52\/wp-json\/wp\/v2\/categories?post=12679"},{"taxonomy":"post_tag","embeddable":true,"href":"https:\/\/www.lovendal.ro\/wp52\/wp-json\/wp\/v2\/tags?post=12679"}],"curies":[{"name":"wp","href":"https:\/\/api.w.org\/{rel}","templated":true}]}}