{"id":12642,"date":"2010-05-14T21:21:06","date_gmt":"2010-05-14T18:21:06","guid":{"rendered":"http:\/\/www.lovendal.net\/wp52\/?p=12642"},"modified":"2010-05-14T21:21:06","modified_gmt":"2010-05-14T18:21:06","slug":"omul-se-trage-din-maimuta-a-spus-o-mai-intai-biologul-lamarck-nu-charles-darwin","status":"publish","type":"post","link":"https:\/\/www.lovendal.ro\/wp52\/omul-se-trage-din-maimuta-a-spus-o-mai-intai-biologul-lamarck-nu-charles-darwin\/","title":{"rendered":"&#8222;Omul se trage din maimu\u0163\u0103&#8221; a spus-o mai \u00eent\u00e2i biologul Lamarck, nu Charles Darwin"},"content":{"rendered":"<p><a href=\"https:\/\/www.lovendal.ro\/wp52\/wp-content\/uploads\/2010\/05\/Darwin-77.jpg\"><img loading=\"lazy\" decoding=\"async\" class=\"alignleft size-full wp-image-12643\" title=\"Darwin 77\" src=\"https:\/\/www.lovendal.ro\/wp52\/wp-content\/uploads\/2010\/05\/Darwin-77.jpg\" alt=\"Darwin 77\" width=\"258\" height=\"283\" \/><\/a>Contrar a\u015ftept\u0103rilor multora, Darwin n-a fost propriu-zis un ateu. Dup\u0103 c\u0103l\u0103toria sa \u00een jurul lumii ca naturalist pe vasul Beagle, el a m\u0103rturisit c\u0103 \u015fi-a dat seama de o serie de neconcordan\u0163e cu cele afirmate \u00een Biblie, ajung\u00e2nd la concluzia c\u0103: <em>\u201ea da liber imagina\u0163iei, ca s\u0103 n\u0103scocesc dovezi suficiente spre a m\u0103 convinge, a ajuns s\u0103 fie din ce \u00een ce mai greu. \u00cen felul acesta necredin\u0163a s-a furi\u015fat (cu toat\u0103 preg\u0103tirea lui teologic\u0103 de trei ani la Cambridge, c\u00e2nd se g\u00e2ndea s\u0103 devin\u0103 preot) \u00een sufletul meu cu \u00eencetul, \u00eens\u0103 p\u00e2n\u0103 la urm\u0103 definitiv&#8221;<\/em>. El s-a declarat doar agnostic \u015fi era de p\u0103rere c\u0103: <em>\u201efiecare trebuie s\u0103 cread\u0103 \u015fi s\u0103 spere c\u00e2t poate&#8221;.<\/em> Deci, considera convingerile religioase o problem\u0103 personal\u0103 a fiec\u0103rui om \u015fi nu era de acord cu impunerea convingerilor religioase proprii, altora.<\/p>\n<p>\u00cen privin\u0163a originii omului, cel care a lansat ipoteza \u201eomului maimu\u0163\u0103&#8221; nu a fost, cum s-ar putea crede, Charles Darwin, ci naturalistul francez Jean Baptiste Lamarck (1744-1829), iar clasificarea omului \u00een grupul primatelor \u00eempreun\u0103 cu antropoidele (gorila, cimpanzeul, urangutanul, gibonul), cu care are caractere anatomice, fiziologice \u015fi unele tr\u0103s\u0103turi psihologice comune, apar\u0163ine naturalistului Carl Linne (1707-1778). Darwin s-a raliat numai acestei pozi\u0163ii, \u00een sprijinul c\u0103ruia a adus dovezi noi.<\/p>\n<p>Totu\u015fi, cu toate str\u0103duin\u0163ele naturali\u015ftilor, problema originii omului nu a fost \u00eenc\u0103 pe deplin l\u0103murit\u0103. Homo sapiens, str\u0103mo\u015ful omului actual, nu descinde direct din antropoidele actuale, ci dintr-o alt\u0103 ramur\u0103, av\u00e2nd ca str\u0103mo\u015f pe homo neanderthalensis (omul de Neanderthal), ale c\u0103rui fosile s-au g\u0103sit, \u00eens\u0103 nu s-a descoperit p\u00e2n\u0103 acum veriga de leg\u0103tur\u0103 dintre homo neanderthalensis (de acum 150 000 de ani) \u015fi homo sapiens, care \u015fi-a f\u0103cut apari\u0163ia de-abia \u00een paleoliticul superior (scheletele de homo sapiens au o vechime de numai 40 000 &#8211; 50 000 de ani).<\/p>\n","protected":false},"excerpt":{"rendered":"<p>Contrar a\u015ftept\u0103rilor multora, Darwin n-a fost propriu-zis un ateu. Dup\u0103 c\u0103l\u0103toria sa \u00een jurul lumii ca naturalist pe vasul Beagle, el a m\u0103rturisit c\u0103 \u015fi-a dat seama de o serie de neconcordan\u0163e cu cele afirmate \u00een Biblie, ajung\u00e2nd la concluzia &#8230; <\/p>\n<p class=\"read-more-container\"><a title=\"&#8222;Omul se trage din maimu\u0163\u0103&#8221; a spus-o mai \u00eent\u00e2i biologul Lamarck, nu Charles Darwin\" class=\"read-more button\" href=\"https:\/\/www.lovendal.ro\/wp52\/omul-se-trage-din-maimuta-a-spus-o-mai-intai-biologul-lamarck-nu-charles-darwin\/#more-12642\" aria-label=\"Cite\u0219te mai multe despre &#8222;Omul se trage din maimu\u0163\u0103&#8221; a spus-o mai \u00eent\u00e2i biologul Lamarck, nu Charles Darwin\">Cititi mai multe<\/a><\/p>\n","protected":false},"author":1,"featured_media":12643,"comment_status":"open","ping_status":"closed","sticky":false,"template":"","format":"standard","meta":{"footnotes":""},"categories":[106],"tags":[252,256,3236,241,675,9803],"class_list":["post-12642","post","type-post","status-publish","format-standard","has-post-thumbnail","hentry","category-stiinta","tag-darwin","tag-evolutionism","tag-lamarck","tag-maimuta","tag-omul-maimuta","tag-stiinta","resize-featured-image"],"yoast_head":"<!-- This site is optimized with the Yoast SEO Premium plugin v23.3 (Yoast SEO v27.4) - https:\/\/yoast.com\/product\/yoast-seo-premium-wordpress\/ -->\n<title>&quot;Omul se trage din maimu\u0163\u0103&quot; a spus-o mai \u00eent\u00e2i biologul Lamarck, nu Charles Darwin - Secretele lui Lovendal<\/title>\n<meta name=\"robots\" content=\"index, follow, max-snippet:-1, max-image-preview:large, max-video-preview:-1\" \/>\n<link rel=\"canonical\" href=\"https:\/\/www.lovendal.ro\/wp52\/omul-se-trage-din-maimuta-a-spus-o-mai-intai-biologul-lamarck-nu-charles-darwin\/\" \/>\n<meta property=\"og:locale\" content=\"ro_RO\" \/>\n<meta property=\"og:type\" content=\"article\" \/>\n<meta property=\"og:title\" content=\"&quot;Omul se trage din maimu\u0163\u0103&quot; a spus-o mai \u00eent\u00e2i biologul Lamarck, nu Charles Darwin\" \/>\n<meta property=\"og:description\" content=\"Contrar a\u015ftept\u0103rilor multora, Darwin n-a fost propriu-zis un ateu. Dup\u0103 c\u0103l\u0103toria sa \u00een jurul lumii ca naturalist pe vasul Beagle, el a m\u0103rturisit c\u0103 \u015fi-a dat seama de o serie de neconcordan\u0163e cu cele afirmate \u00een Biblie, ajung\u00e2nd la concluzia ... Cititi mai multe\" \/>\n<meta property=\"og:url\" content=\"https:\/\/www.lovendal.ro\/wp52\/omul-se-trage-din-maimuta-a-spus-o-mai-intai-biologul-lamarck-nu-charles-darwin\/\" \/>\n<meta property=\"og:site_name\" content=\"Secretele lui Lovendal\" \/>\n<meta property=\"article:publisher\" content=\"https:\/\/www.facebook.com\/secreteleluilovendal\" \/>\n<meta property=\"article:published_time\" content=\"2010-05-14T18:21:06+00:00\" \/>\n<meta property=\"og:image\" content=\"https:\/\/www.lovendal.ro\/wp52\/wp-content\/uploads\/2010\/05\/Darwin-77.jpg\" \/>\n\t<meta property=\"og:image:width\" content=\"258\" \/>\n\t<meta property=\"og:image:height\" content=\"283\" \/>\n\t<meta property=\"og:image:type\" content=\"image\/jpeg\" \/>\n<meta name=\"author\" content=\"admin\" \/>\n<meta name=\"twitter:card\" content=\"summary_large_image\" \/>\n<meta name=\"twitter:label1\" content=\"Scris de\" \/>\n\t<meta name=\"twitter:data1\" content=\"admin\" \/>\n\t<meta name=\"twitter:label2\" content=\"Timp estimat pentru citire\" \/>\n\t<meta name=\"twitter:data2\" content=\"2 minute\" \/>\n<script type=\"application\/ld+json\" class=\"yoast-schema-graph\">{\"@context\":\"https:\\\/\\\/schema.org\",\"@graph\":[{\"@type\":\"Article\",\"@id\":\"https:\\\/\\\/www.lovendal.ro\\\/wp52\\\/omul-se-trage-din-maimuta-a-spus-o-mai-intai-biologul-lamarck-nu-charles-darwin\\\/#article\",\"isPartOf\":{\"@id\":\"https:\\\/\\\/www.lovendal.ro\\\/wp52\\\/omul-se-trage-din-maimuta-a-spus-o-mai-intai-biologul-lamarck-nu-charles-darwin\\\/\"},\"author\":{\"name\":\"admin\",\"@id\":\"https:\\\/\\\/www.lovendal.ro\\\/wp52\\\/#\\\/schema\\\/person\\\/088691de5dfc346bb0c023e1e52ef5d9\"},\"headline\":\"&#8222;Omul se trage din maimu\u0163\u0103&#8221; a spus-o mai \u00eent\u00e2i biologul Lamarck, nu Charles Darwin\",\"datePublished\":\"2010-05-14T18:21:06+00:00\",\"mainEntityOfPage\":{\"@id\":\"https:\\\/\\\/www.lovendal.ro\\\/wp52\\\/omul-se-trage-din-maimuta-a-spus-o-mai-intai-biologul-lamarck-nu-charles-darwin\\\/\"},\"wordCount\":342,\"commentCount\":26,\"publisher\":{\"@id\":\"https:\\\/\\\/www.lovendal.ro\\\/wp52\\\/#organization\"},\"image\":{\"@id\":\"https:\\\/\\\/www.lovendal.ro\\\/wp52\\\/omul-se-trage-din-maimuta-a-spus-o-mai-intai-biologul-lamarck-nu-charles-darwin\\\/#primaryimage\"},\"thumbnailUrl\":\"https:\\\/\\\/www.lovendal.ro\\\/wp52\\\/wp-content\\\/uploads\\\/2010\\\/05\\\/Darwin-77.jpg\",\"keywords\":[\"Darwin\",\"evolu\u0163ionism\",\"Lamarck\",\"maimu\u0163\u0103\",\"omul-maimu\u0163\u0103\",\"Stiinta\"],\"articleSection\":[\"Stiinta\"],\"inLanguage\":\"ro-RO\",\"potentialAction\":[{\"@type\":\"CommentAction\",\"name\":\"Comment\",\"target\":[\"https:\\\/\\\/www.lovendal.ro\\\/wp52\\\/omul-se-trage-din-maimuta-a-spus-o-mai-intai-biologul-lamarck-nu-charles-darwin\\\/#respond\"]}]},{\"@type\":\"WebPage\",\"@id\":\"https:\\\/\\\/www.lovendal.ro\\\/wp52\\\/omul-se-trage-din-maimuta-a-spus-o-mai-intai-biologul-lamarck-nu-charles-darwin\\\/\",\"url\":\"https:\\\/\\\/www.lovendal.ro\\\/wp52\\\/omul-se-trage-din-maimuta-a-spus-o-mai-intai-biologul-lamarck-nu-charles-darwin\\\/\",\"name\":\"\\\"Omul se trage din maimu\u0163\u0103\\\" a spus-o mai \u00eent\u00e2i biologul Lamarck, nu Charles Darwin - Secretele lui Lovendal\",\"isPartOf\":{\"@id\":\"https:\\\/\\\/www.lovendal.ro\\\/wp52\\\/#website\"},\"primaryImageOfPage\":{\"@id\":\"https:\\\/\\\/www.lovendal.ro\\\/wp52\\\/omul-se-trage-din-maimuta-a-spus-o-mai-intai-biologul-lamarck-nu-charles-darwin\\\/#primaryimage\"},\"image\":{\"@id\":\"https:\\\/\\\/www.lovendal.ro\\\/wp52\\\/omul-se-trage-din-maimuta-a-spus-o-mai-intai-biologul-lamarck-nu-charles-darwin\\\/#primaryimage\"},\"thumbnailUrl\":\"https:\\\/\\\/www.lovendal.ro\\\/wp52\\\/wp-content\\\/uploads\\\/2010\\\/05\\\/Darwin-77.jpg\",\"datePublished\":\"2010-05-14T18:21:06+00:00\",\"breadcrumb\":{\"@id\":\"https:\\\/\\\/www.lovendal.ro\\\/wp52\\\/omul-se-trage-din-maimuta-a-spus-o-mai-intai-biologul-lamarck-nu-charles-darwin\\\/#breadcrumb\"},\"inLanguage\":\"ro-RO\",\"potentialAction\":[{\"@type\":\"ReadAction\",\"target\":[\"https:\\\/\\\/www.lovendal.ro\\\/wp52\\\/omul-se-trage-din-maimuta-a-spus-o-mai-intai-biologul-lamarck-nu-charles-darwin\\\/\"]}]},{\"@type\":\"ImageObject\",\"inLanguage\":\"ro-RO\",\"@id\":\"https:\\\/\\\/www.lovendal.ro\\\/wp52\\\/omul-se-trage-din-maimuta-a-spus-o-mai-intai-biologul-lamarck-nu-charles-darwin\\\/#primaryimage\",\"url\":\"https:\\\/\\\/www.lovendal.ro\\\/wp52\\\/wp-content\\\/uploads\\\/2010\\\/05\\\/Darwin-77.jpg\",\"contentUrl\":\"https:\\\/\\\/www.lovendal.ro\\\/wp52\\\/wp-content\\\/uploads\\\/2010\\\/05\\\/Darwin-77.jpg\",\"width\":\"258\",\"height\":\"283\"},{\"@type\":\"BreadcrumbList\",\"@id\":\"https:\\\/\\\/www.lovendal.ro\\\/wp52\\\/omul-se-trage-din-maimuta-a-spus-o-mai-intai-biologul-lamarck-nu-charles-darwin\\\/#breadcrumb\",\"itemListElement\":[{\"@type\":\"ListItem\",\"position\":1,\"name\":\"Home\",\"item\":\"https:\\\/\\\/www.lovendal.ro\\\/wp52\\\/\"},{\"@type\":\"ListItem\",\"position\":2,\"name\":\"&#8222;Omul se trage din maimu\u0163\u0103&#8221; a spus-o mai \u00eent\u00e2i biologul Lamarck, nu Charles Darwin\"}]},{\"@type\":\"WebSite\",\"@id\":\"https:\\\/\\\/www.lovendal.ro\\\/wp52\\\/#website\",\"url\":\"https:\\\/\\\/www.lovendal.ro\\\/wp52\\\/\",\"name\":\"Secretele lui Lovendal\",\"description\":\"Site de secrete, stiinta si metafizica - din 2008 -\",\"publisher\":{\"@id\":\"https:\\\/\\\/www.lovendal.ro\\\/wp52\\\/#organization\"},\"potentialAction\":[{\"@type\":\"SearchAction\",\"target\":{\"@type\":\"EntryPoint\",\"urlTemplate\":\"https:\\\/\\\/www.lovendal.ro\\\/wp52\\\/?s={search_term_string}\"},\"query-input\":{\"@type\":\"PropertyValueSpecification\",\"valueRequired\":true,\"valueName\":\"search_term_string\"}}],\"inLanguage\":\"ro-RO\"},{\"@type\":\"Organization\",\"@id\":\"https:\\\/\\\/www.lovendal.ro\\\/wp52\\\/#organization\",\"name\":\"Secretele lui Lovendal\",\"url\":\"https:\\\/\\\/www.lovendal.ro\\\/wp52\\\/\",\"logo\":{\"@type\":\"ImageObject\",\"inLanguage\":\"ro-RO\",\"@id\":\"https:\\\/\\\/www.lovendal.ro\\\/wp52\\\/#\\\/schema\\\/logo\\\/image\\\/\",\"url\":\"https:\\\/\\\/www.lovendal.ro\\\/wp52\\\/wp-content\\\/uploads\\\/2024\\\/06\\\/cropped-SLL-iun-2024-1.jpg\",\"contentUrl\":\"https:\\\/\\\/www.lovendal.ro\\\/wp52\\\/wp-content\\\/uploads\\\/2024\\\/06\\\/cropped-SLL-iun-2024-1.jpg\",\"width\":771,\"height\":240,\"caption\":\"Secretele lui Lovendal\"},\"image\":{\"@id\":\"https:\\\/\\\/www.lovendal.ro\\\/wp52\\\/#\\\/schema\\\/logo\\\/image\\\/\"},\"sameAs\":[\"https:\\\/\\\/www.facebook.com\\\/secreteleluilovendal\"]},{\"@type\":\"Person\",\"@id\":\"https:\\\/\\\/www.lovendal.ro\\\/wp52\\\/#\\\/schema\\\/person\\\/088691de5dfc346bb0c023e1e52ef5d9\",\"name\":\"admin\",\"image\":{\"@type\":\"ImageObject\",\"inLanguage\":\"ro-RO\",\"@id\":\"https:\\\/\\\/secure.gravatar.com\\\/avatar\\\/ecb9cd41f5f63c9c9b989999a59f6e2639a865ec361e9db054db0679a8f341c2?s=96&d=mm&r=g\",\"url\":\"https:\\\/\\\/secure.gravatar.com\\\/avatar\\\/ecb9cd41f5f63c9c9b989999a59f6e2639a865ec361e9db054db0679a8f341c2?s=96&d=mm&r=g\",\"contentUrl\":\"https:\\\/\\\/secure.gravatar.com\\\/avatar\\\/ecb9cd41f5f63c9c9b989999a59f6e2639a865ec361e9db054db0679a8f341c2?s=96&d=mm&r=g\",\"caption\":\"admin\"},\"sameAs\":[\"https:\\\/\\\/www.lovendal.ro\\\/wp52\"]}]}<\/script>\n<!-- \/ Yoast SEO Premium plugin. -->","yoast_head_json":{"title":"\"Omul se trage din maimu\u0163\u0103\" a spus-o mai \u00eent\u00e2i biologul Lamarck, nu Charles Darwin - Secretele lui Lovendal","robots":{"index":"index","follow":"follow","max-snippet":"max-snippet:-1","max-image-preview":"max-image-preview:large","max-video-preview":"max-video-preview:-1"},"canonical":"https:\/\/www.lovendal.ro\/wp52\/omul-se-trage-din-maimuta-a-spus-o-mai-intai-biologul-lamarck-nu-charles-darwin\/","og_locale":"ro_RO","og_type":"article","og_title":"\"Omul se trage din maimu\u0163\u0103\" a spus-o mai \u00eent\u00e2i biologul Lamarck, nu Charles Darwin","og_description":"Contrar a\u015ftept\u0103rilor multora, Darwin n-a fost propriu-zis un ateu. Dup\u0103 c\u0103l\u0103toria sa \u00een jurul lumii ca naturalist pe vasul Beagle, el a m\u0103rturisit c\u0103 \u015fi-a dat seama de o serie de neconcordan\u0163e cu cele afirmate \u00een Biblie, ajung\u00e2nd la concluzia ... Cititi mai multe","og_url":"https:\/\/www.lovendal.ro\/wp52\/omul-se-trage-din-maimuta-a-spus-o-mai-intai-biologul-lamarck-nu-charles-darwin\/","og_site_name":"Secretele lui Lovendal","article_publisher":"https:\/\/www.facebook.com\/secreteleluilovendal","article_published_time":"2010-05-14T18:21:06+00:00","og_image":[{"width":258,"height":283,"url":"https:\/\/www.lovendal.ro\/wp52\/wp-content\/uploads\/2010\/05\/Darwin-77.jpg","type":"image\/jpeg"}],"author":"admin","twitter_card":"summary_large_image","twitter_misc":{"Scris de":"admin","Timp estimat pentru citire":"2 minute"},"schema":{"@context":"https:\/\/schema.org","@graph":[{"@type":"Article","@id":"https:\/\/www.lovendal.ro\/wp52\/omul-se-trage-din-maimuta-a-spus-o-mai-intai-biologul-lamarck-nu-charles-darwin\/#article","isPartOf":{"@id":"https:\/\/www.lovendal.ro\/wp52\/omul-se-trage-din-maimuta-a-spus-o-mai-intai-biologul-lamarck-nu-charles-darwin\/"},"author":{"name":"admin","@id":"https:\/\/www.lovendal.ro\/wp52\/#\/schema\/person\/088691de5dfc346bb0c023e1e52ef5d9"},"headline":"&#8222;Omul se trage din maimu\u0163\u0103&#8221; a spus-o mai \u00eent\u00e2i biologul Lamarck, nu Charles Darwin","datePublished":"2010-05-14T18:21:06+00:00","mainEntityOfPage":{"@id":"https:\/\/www.lovendal.ro\/wp52\/omul-se-trage-din-maimuta-a-spus-o-mai-intai-biologul-lamarck-nu-charles-darwin\/"},"wordCount":342,"commentCount":26,"publisher":{"@id":"https:\/\/www.lovendal.ro\/wp52\/#organization"},"image":{"@id":"https:\/\/www.lovendal.ro\/wp52\/omul-se-trage-din-maimuta-a-spus-o-mai-intai-biologul-lamarck-nu-charles-darwin\/#primaryimage"},"thumbnailUrl":"https:\/\/www.lovendal.ro\/wp52\/wp-content\/uploads\/2010\/05\/Darwin-77.jpg","keywords":["Darwin","evolu\u0163ionism","Lamarck","maimu\u0163\u0103","omul-maimu\u0163\u0103","Stiinta"],"articleSection":["Stiinta"],"inLanguage":"ro-RO","potentialAction":[{"@type":"CommentAction","name":"Comment","target":["https:\/\/www.lovendal.ro\/wp52\/omul-se-trage-din-maimuta-a-spus-o-mai-intai-biologul-lamarck-nu-charles-darwin\/#respond"]}]},{"@type":"WebPage","@id":"https:\/\/www.lovendal.ro\/wp52\/omul-se-trage-din-maimuta-a-spus-o-mai-intai-biologul-lamarck-nu-charles-darwin\/","url":"https:\/\/www.lovendal.ro\/wp52\/omul-se-trage-din-maimuta-a-spus-o-mai-intai-biologul-lamarck-nu-charles-darwin\/","name":"\"Omul se trage din maimu\u0163\u0103\" a spus-o mai \u00eent\u00e2i biologul Lamarck, nu Charles Darwin - Secretele lui Lovendal","isPartOf":{"@id":"https:\/\/www.lovendal.ro\/wp52\/#website"},"primaryImageOfPage":{"@id":"https:\/\/www.lovendal.ro\/wp52\/omul-se-trage-din-maimuta-a-spus-o-mai-intai-biologul-lamarck-nu-charles-darwin\/#primaryimage"},"image":{"@id":"https:\/\/www.lovendal.ro\/wp52\/omul-se-trage-din-maimuta-a-spus-o-mai-intai-biologul-lamarck-nu-charles-darwin\/#primaryimage"},"thumbnailUrl":"https:\/\/www.lovendal.ro\/wp52\/wp-content\/uploads\/2010\/05\/Darwin-77.jpg","datePublished":"2010-05-14T18:21:06+00:00","breadcrumb":{"@id":"https:\/\/www.lovendal.ro\/wp52\/omul-se-trage-din-maimuta-a-spus-o-mai-intai-biologul-lamarck-nu-charles-darwin\/#breadcrumb"},"inLanguage":"ro-RO","potentialAction":[{"@type":"ReadAction","target":["https:\/\/www.lovendal.ro\/wp52\/omul-se-trage-din-maimuta-a-spus-o-mai-intai-biologul-lamarck-nu-charles-darwin\/"]}]},{"@type":"ImageObject","inLanguage":"ro-RO","@id":"https:\/\/www.lovendal.ro\/wp52\/omul-se-trage-din-maimuta-a-spus-o-mai-intai-biologul-lamarck-nu-charles-darwin\/#primaryimage","url":"https:\/\/www.lovendal.ro\/wp52\/wp-content\/uploads\/2010\/05\/Darwin-77.jpg","contentUrl":"https:\/\/www.lovendal.ro\/wp52\/wp-content\/uploads\/2010\/05\/Darwin-77.jpg","width":"258","height":"283"},{"@type":"BreadcrumbList","@id":"https:\/\/www.lovendal.ro\/wp52\/omul-se-trage-din-maimuta-a-spus-o-mai-intai-biologul-lamarck-nu-charles-darwin\/#breadcrumb","itemListElement":[{"@type":"ListItem","position":1,"name":"Home","item":"https:\/\/www.lovendal.ro\/wp52\/"},{"@type":"ListItem","position":2,"name":"&#8222;Omul se trage din maimu\u0163\u0103&#8221; a spus-o mai \u00eent\u00e2i biologul Lamarck, nu Charles Darwin"}]},{"@type":"WebSite","@id":"https:\/\/www.lovendal.ro\/wp52\/#website","url":"https:\/\/www.lovendal.ro\/wp52\/","name":"Secretele lui Lovendal","description":"Site de secrete, stiinta si metafizica - din 2008 -","publisher":{"@id":"https:\/\/www.lovendal.ro\/wp52\/#organization"},"potentialAction":[{"@type":"SearchAction","target":{"@type":"EntryPoint","urlTemplate":"https:\/\/www.lovendal.ro\/wp52\/?s={search_term_string}"},"query-input":{"@type":"PropertyValueSpecification","valueRequired":true,"valueName":"search_term_string"}}],"inLanguage":"ro-RO"},{"@type":"Organization","@id":"https:\/\/www.lovendal.ro\/wp52\/#organization","name":"Secretele lui Lovendal","url":"https:\/\/www.lovendal.ro\/wp52\/","logo":{"@type":"ImageObject","inLanguage":"ro-RO","@id":"https:\/\/www.lovendal.ro\/wp52\/#\/schema\/logo\/image\/","url":"https:\/\/www.lovendal.ro\/wp52\/wp-content\/uploads\/2024\/06\/cropped-SLL-iun-2024-1.jpg","contentUrl":"https:\/\/www.lovendal.ro\/wp52\/wp-content\/uploads\/2024\/06\/cropped-SLL-iun-2024-1.jpg","width":771,"height":240,"caption":"Secretele lui Lovendal"},"image":{"@id":"https:\/\/www.lovendal.ro\/wp52\/#\/schema\/logo\/image\/"},"sameAs":["https:\/\/www.facebook.com\/secreteleluilovendal"]},{"@type":"Person","@id":"https:\/\/www.lovendal.ro\/wp52\/#\/schema\/person\/088691de5dfc346bb0c023e1e52ef5d9","name":"admin","image":{"@type":"ImageObject","inLanguage":"ro-RO","@id":"https:\/\/secure.gravatar.com\/avatar\/ecb9cd41f5f63c9c9b989999a59f6e2639a865ec361e9db054db0679a8f341c2?s=96&d=mm&r=g","url":"https:\/\/secure.gravatar.com\/avatar\/ecb9cd41f5f63c9c9b989999a59f6e2639a865ec361e9db054db0679a8f341c2?s=96&d=mm&r=g","contentUrl":"https:\/\/secure.gravatar.com\/avatar\/ecb9cd41f5f63c9c9b989999a59f6e2639a865ec361e9db054db0679a8f341c2?s=96&d=mm&r=g","caption":"admin"},"sameAs":["https:\/\/www.lovendal.ro\/wp52"]}]}},"_links":{"self":[{"href":"https:\/\/www.lovendal.ro\/wp52\/wp-json\/wp\/v2\/posts\/12642","targetHints":{"allow":["GET"]}}],"collection":[{"href":"https:\/\/www.lovendal.ro\/wp52\/wp-json\/wp\/v2\/posts"}],"about":[{"href":"https:\/\/www.lovendal.ro\/wp52\/wp-json\/wp\/v2\/types\/post"}],"author":[{"embeddable":true,"href":"https:\/\/www.lovendal.ro\/wp52\/wp-json\/wp\/v2\/users\/1"}],"replies":[{"embeddable":true,"href":"https:\/\/www.lovendal.ro\/wp52\/wp-json\/wp\/v2\/comments?post=12642"}],"version-history":[{"count":0,"href":"https:\/\/www.lovendal.ro\/wp52\/wp-json\/wp\/v2\/posts\/12642\/revisions"}],"wp:featuredmedia":[{"embeddable":true,"href":"https:\/\/www.lovendal.ro\/wp52\/wp-json\/wp\/v2\/media\/12643"}],"wp:attachment":[{"href":"https:\/\/www.lovendal.ro\/wp52\/wp-json\/wp\/v2\/media?parent=12642"}],"wp:term":[{"taxonomy":"category","embeddable":true,"href":"https:\/\/www.lovendal.ro\/wp52\/wp-json\/wp\/v2\/categories?post=12642"},{"taxonomy":"post_tag","embeddable":true,"href":"https:\/\/www.lovendal.ro\/wp52\/wp-json\/wp\/v2\/tags?post=12642"}],"curies":[{"name":"wp","href":"https:\/\/api.w.org\/{rel}","templated":true}]}}