{"id":12441,"date":"2010-04-27T22:24:04","date_gmt":"2010-04-27T19:24:04","guid":{"rendered":"http:\/\/www.lovendal.net\/wp52\/?p=12441"},"modified":"2016-11-26T21:47:06","modified_gmt":"2016-11-26T19:47:06","slug":"rosu-galben-si-albastru-steagul-romanesc-care-dateaza-de-acum-1-500-de-ani","status":"publish","type":"post","link":"https:\/\/www.lovendal.ro\/wp52\/rosu-galben-si-albastru-steagul-romanesc-care-dateaza-de-acum-1-500-de-ani\/","title":{"rendered":"Ro\u015fu, galben \u015fi albastru: steagul rom\u00e2nesc care dateaz\u0103 de acum 1.500 de ani!"},"content":{"rendered":"<p><a href=\"https:\/\/www.lovendal.ro\/wp52\/wp-content\/uploads\/2010\/04\/tricolorul.jpg\"><img loading=\"lazy\" decoding=\"async\" class=\"alignleft size-full wp-image-12442\" title=\"tricolorul\" src=\"https:\/\/www.lovendal.ro\/wp52\/wp-content\/uploads\/2010\/04\/tricolorul.jpg\" alt=\"tricolorul\" width=\"280\" height=\"210\" \/><\/a>RO\u015eU &#8211; GALBEN &#8211; ALBASTRU, culorile drapelului rom\u00e2nesc, sunt caracteristice \u0163es\u0103turilor \u015fi ornamentelor de pe \u00eembr\u0103c\u0103mintea poporului nostru, p\u0103strate timp de veacuri fie toate trei \u00eempreun\u0103, fie asociate c\u00e2te dou\u0103, \u00een drapelele \u0163\u0103rilor rom\u00e2ne. Aceste tradi\u0163ii puternice au f\u0103cut ca, \u00een perioada modern\u0103, tricolorul s\u0103 devin\u0103 steag al \u0163\u0103rilor rom\u00e2ne, pentru prima dat\u0103 \u00een Transilvania, apoi \u00een \u0162ara Rom\u00e2neasc\u0103 \u015fi \u00een Moldova.<\/p>\n<p>\u00cen frumoasa lor \u00eembinare, culorile care alc\u0103tuiesc drapelul Rom\u00e2niei \u00ee\u015fi au o existen\u0163\u0103 de multe secole. \u00cen acest sens vorbesc numeroasele m\u0103rturii istorice scrise \u015fi nescrise care au format \u00een literatura de specialitate obiectul aten\u0163iei cercet\u0103torilor. \u00centre acestea, este interesant\u0103 men\u0163iunea f\u0103cut\u0103 de istoricul german dr. J.F. Neigebaur, \u00een lucrarea <em>Dacien aus der Uberresten des klassichen Alterthums, mit besonderer Rucksicht auf Siebenburgen. Topographische zusammen-gestellt<\/em>, publicat\u0103 \u00een 1851 la Bra\u015fov, potrivit c\u0103reia cele trei culori ale drapelului Rom\u00e2niei sunt o mo\u015ftenire de pe timpul Daciei Traiane.<\/p>\n<p>Dar cel mai vechi document cunoscut, \u00een care tricolorul ro\u015fu-galben-albastru este descris ca form\u00eend culorile Daciei, dateaz\u0103 de la \u00eenceputul secolului al VI-lea d.Hr.<\/p>\n<p>\u00cen <em>Novella XI<\/em>, dat\u0103 la 14 aprilie 553 d.Hr. de c\u0103tre \u00eemp\u0103ratul Justinian, &#8211; \u00een care sunt men\u0163ionate teritoriile supuse episcopiei din Justiniana Prima, ce cuprindeau p\u0103r\u0163i din fosta Dacie roman\u0103 &#8211; se afl\u0103 \u015fi descrierea stemei acestor \u0163inuturi. Ea reprezenta, al\u0103turi de regiuni din Panonia secund\u0103, Dacia roman\u0103, care \u00een timpul lui Justinian era format\u0103\u00a0 din Dacia cisdanubian\u0103 (Dacia mediterraneea \u015fi Dacia ripensis) \u015fi din Dacia transdanubian\u0103, aceasta din urm\u0103 cuprinz\u00e2nd \u00een mod cert p\u0103r\u0163ile vecine cu Dun\u0103rea ale Banatului \u015fi Olteniei, de la gura Tisei p\u00e2n\u0103 la gura Oltului.<\/p>\n<p>Stema este descris\u0103 astfel: <em>\u201eEx parte dextra, in prima divisione, scutum rubrum in cuius medio videtur turris, significans utramque Daciam, in secunda divisione scutura coelesti cum (signum) tribus Burris, quarum duae e lateribus albae sunt, media vero aurae&#8221;<\/em>, respectiv:<em> \u201eDin partea dreapt\u0103, \u00een prima diviziune (un) scut ro\u015fu \u00een mijlocul c\u0103ruia sunt v\u0103zute turnuri, \u00eensemn\u00e2nd Dacia de dincolo (Dacia Traian\u0103), \u00een a doua diviziune scut ceresc (albastru = de culoarea cerului) cu semnele tribului burrilor, ale c\u0103ror dou\u0103 laturi (margini) sunt albe, iar mijlocul auriu (galben)&#8221;.<\/em><\/p>\n<p>Deci stema cuprindea culorile : ro\u015fu \u00een dreapta, auriu la mijloc \u015fi albastru \u00een st\u00e2nga, a\u015fezate \u00een ordinea \u015fi \u00een pozi\u0163ia culorilor drapelului rom\u00e2nesc de ast\u0103zi.<\/p>\n<p>Prezen\u0163a \u00een stem\u0103 a semnelor tribului burrilor, trib dac care a locuit \u00een Oltenia \u015fi \u00een sud-estul Banatului, dar mai ales specifica\u0163ia precis\u0103 c\u0103 scutul ro\u015fu, \u00een mijlocul c\u0103ruia sunt v\u0103zute turnuri, reprezint\u0103 Dacia de dincolo, arat\u0103 c\u0103 partea stemei care cuprinde cele trei culori se refer\u0103 la Dacia Traian\u0103, confirm\u00e2nd afirma\u0163ia lui J.F. Neigebaur c\u0103 tricolorul rom\u00e2nesc este o mo\u015ftenire de la \u00eenceputurile mileniului \u00eent\u00e2i d.Hr.<\/p>\n<p><em>(Text de dr. Marius Bizerea)<\/em><\/p>\n","protected":false},"excerpt":{"rendered":"<p>RO\u015eU &#8211; GALBEN &#8211; ALBASTRU, culorile drapelului rom\u00e2nesc, sunt caracteristice \u0163es\u0103turilor \u015fi ornamentelor de pe \u00eembr\u0103c\u0103mintea poporului nostru, p\u0103strate timp de veacuri fie toate trei \u00eempreun\u0103, fie asociate c\u00e2te dou\u0103, \u00een drapelele \u0163\u0103rilor rom\u00e2ne. Aceste tradi\u0163ii puternice au f\u0103cut ca, &#8230; <\/p>\n<p class=\"read-more-container\"><a title=\"Ro\u015fu, galben \u015fi albastru: steagul rom\u00e2nesc care dateaz\u0103 de acum 1.500 de ani!\" class=\"read-more button\" href=\"https:\/\/www.lovendal.ro\/wp52\/rosu-galben-si-albastru-steagul-romanesc-care-dateaza-de-acum-1-500-de-ani\/#more-12441\" aria-label=\"Cite\u0219te mai multe despre Ro\u015fu, galben \u015fi albastru: steagul rom\u00e2nesc care dateaz\u0103 de acum 1.500 de ani!\">Cititi mai multe<\/a><\/p>\n","protected":false},"author":1,"featured_media":12442,"comment_status":"open","ping_status":"closed","sticky":false,"template":"","format":"standard","meta":{"footnotes":""},"categories":[9],"tags":[1157,116,1532,74,2805],"class_list":["post-12441","post","type-post","status-publish","format-standard","has-post-thumbnail","hentry","category-istorie","tag-dacia","tag-imperiul-roman","tag-istorie-si-civilizatii","tag-romania","tag-steag","resize-featured-image"],"yoast_head":"<!-- This site is optimized with the Yoast SEO Premium plugin v23.3 (Yoast SEO v27.4) - https:\/\/yoast.com\/product\/yoast-seo-premium-wordpress\/ -->\n<title>Ro\u015fu, galben \u015fi albastru: steagul rom\u00e2nesc care dateaz\u0103 de acum 1.500 de ani! - Secretele lui Lovendal<\/title>\n<meta name=\"robots\" content=\"index, follow, max-snippet:-1, max-image-preview:large, max-video-preview:-1\" \/>\n<link rel=\"canonical\" href=\"https:\/\/www.lovendal.ro\/wp52\/rosu-galben-si-albastru-steagul-romanesc-care-dateaza-de-acum-1-500-de-ani\/\" \/>\n<meta property=\"og:locale\" content=\"ro_RO\" \/>\n<meta property=\"og:type\" content=\"article\" \/>\n<meta property=\"og:title\" content=\"Ro\u015fu, galben \u015fi albastru: steagul rom\u00e2nesc care dateaz\u0103 de acum 1.500 de ani!\" \/>\n<meta property=\"og:description\" content=\"RO\u015eU &#8211; GALBEN &#8211; ALBASTRU, culorile drapelului rom\u00e2nesc, sunt caracteristice \u0163es\u0103turilor \u015fi ornamentelor de pe \u00eembr\u0103c\u0103mintea poporului nostru, p\u0103strate timp de veacuri fie toate trei \u00eempreun\u0103, fie asociate c\u00e2te dou\u0103, \u00een drapelele \u0163\u0103rilor rom\u00e2ne. Aceste tradi\u0163ii puternice au f\u0103cut ca, ... Cititi mai multe\" \/>\n<meta property=\"og:url\" content=\"https:\/\/www.lovendal.ro\/wp52\/rosu-galben-si-albastru-steagul-romanesc-care-dateaza-de-acum-1-500-de-ani\/\" \/>\n<meta property=\"og:site_name\" content=\"Secretele lui Lovendal\" \/>\n<meta property=\"article:publisher\" content=\"https:\/\/www.facebook.com\/secreteleluilovendal\" \/>\n<meta property=\"article:published_time\" content=\"2010-04-27T19:24:04+00:00\" \/>\n<meta property=\"article:modified_time\" content=\"2016-11-26T19:47:06+00:00\" \/>\n<meta property=\"og:image\" content=\"https:\/\/www.lovendal.ro\/wp52\/wp-content\/uploads\/2010\/04\/tricolorul.jpg\" \/>\n\t<meta property=\"og:image:width\" content=\"280\" \/>\n\t<meta property=\"og:image:height\" content=\"210\" \/>\n\t<meta property=\"og:image:type\" content=\"image\/jpeg\" \/>\n<meta name=\"author\" content=\"admin\" \/>\n<meta name=\"twitter:card\" content=\"summary_large_image\" \/>\n<meta name=\"twitter:label1\" content=\"Scris de\" \/>\n\t<meta name=\"twitter:data1\" content=\"admin\" \/>\n\t<meta name=\"twitter:label2\" content=\"Timp estimat pentru citire\" \/>\n\t<meta name=\"twitter:data2\" content=\"3 minute\" \/>\n<script type=\"application\/ld+json\" class=\"yoast-schema-graph\">{\"@context\":\"https:\\\/\\\/schema.org\",\"@graph\":[{\"@type\":\"Article\",\"@id\":\"https:\\\/\\\/www.lovendal.ro\\\/wp52\\\/rosu-galben-si-albastru-steagul-romanesc-care-dateaza-de-acum-1-500-de-ani\\\/#article\",\"isPartOf\":{\"@id\":\"https:\\\/\\\/www.lovendal.ro\\\/wp52\\\/rosu-galben-si-albastru-steagul-romanesc-care-dateaza-de-acum-1-500-de-ani\\\/\"},\"author\":{\"name\":\"admin\",\"@id\":\"https:\\\/\\\/www.lovendal.ro\\\/wp52\\\/#\\\/schema\\\/person\\\/088691de5dfc346bb0c023e1e52ef5d9\"},\"headline\":\"Ro\u015fu, galben \u015fi albastru: steagul rom\u00e2nesc care dateaz\u0103 de acum 1.500 de ani!\",\"datePublished\":\"2010-04-27T19:24:04+00:00\",\"dateModified\":\"2016-11-26T19:47:06+00:00\",\"mainEntityOfPage\":{\"@id\":\"https:\\\/\\\/www.lovendal.ro\\\/wp52\\\/rosu-galben-si-albastru-steagul-romanesc-care-dateaza-de-acum-1-500-de-ani\\\/\"},\"wordCount\":517,\"commentCount\":12,\"publisher\":{\"@id\":\"https:\\\/\\\/www.lovendal.ro\\\/wp52\\\/#organization\"},\"image\":{\"@id\":\"https:\\\/\\\/www.lovendal.ro\\\/wp52\\\/rosu-galben-si-albastru-steagul-romanesc-care-dateaza-de-acum-1-500-de-ani\\\/#primaryimage\"},\"thumbnailUrl\":\"https:\\\/\\\/www.lovendal.ro\\\/wp52\\\/wp-content\\\/uploads\\\/2010\\\/04\\\/tricolorul.jpg\",\"keywords\":[\"Dacia\",\"Imperiul Roman\",\"Istorie si Civilizatii\",\"Rom\u00e2nia\",\"steag\"],\"articleSection\":[\"Istorie si Civilizatii\"],\"inLanguage\":\"ro-RO\",\"potentialAction\":[{\"@type\":\"CommentAction\",\"name\":\"Comment\",\"target\":[\"https:\\\/\\\/www.lovendal.ro\\\/wp52\\\/rosu-galben-si-albastru-steagul-romanesc-care-dateaza-de-acum-1-500-de-ani\\\/#respond\"]}]},{\"@type\":\"WebPage\",\"@id\":\"https:\\\/\\\/www.lovendal.ro\\\/wp52\\\/rosu-galben-si-albastru-steagul-romanesc-care-dateaza-de-acum-1-500-de-ani\\\/\",\"url\":\"https:\\\/\\\/www.lovendal.ro\\\/wp52\\\/rosu-galben-si-albastru-steagul-romanesc-care-dateaza-de-acum-1-500-de-ani\\\/\",\"name\":\"Ro\u015fu, galben \u015fi albastru: steagul rom\u00e2nesc care dateaz\u0103 de acum 1.500 de ani! - Secretele lui Lovendal\",\"isPartOf\":{\"@id\":\"https:\\\/\\\/www.lovendal.ro\\\/wp52\\\/#website\"},\"primaryImageOfPage\":{\"@id\":\"https:\\\/\\\/www.lovendal.ro\\\/wp52\\\/rosu-galben-si-albastru-steagul-romanesc-care-dateaza-de-acum-1-500-de-ani\\\/#primaryimage\"},\"image\":{\"@id\":\"https:\\\/\\\/www.lovendal.ro\\\/wp52\\\/rosu-galben-si-albastru-steagul-romanesc-care-dateaza-de-acum-1-500-de-ani\\\/#primaryimage\"},\"thumbnailUrl\":\"https:\\\/\\\/www.lovendal.ro\\\/wp52\\\/wp-content\\\/uploads\\\/2010\\\/04\\\/tricolorul.jpg\",\"datePublished\":\"2010-04-27T19:24:04+00:00\",\"dateModified\":\"2016-11-26T19:47:06+00:00\",\"breadcrumb\":{\"@id\":\"https:\\\/\\\/www.lovendal.ro\\\/wp52\\\/rosu-galben-si-albastru-steagul-romanesc-care-dateaza-de-acum-1-500-de-ani\\\/#breadcrumb\"},\"inLanguage\":\"ro-RO\",\"potentialAction\":[{\"@type\":\"ReadAction\",\"target\":[\"https:\\\/\\\/www.lovendal.ro\\\/wp52\\\/rosu-galben-si-albastru-steagul-romanesc-care-dateaza-de-acum-1-500-de-ani\\\/\"]}]},{\"@type\":\"ImageObject\",\"inLanguage\":\"ro-RO\",\"@id\":\"https:\\\/\\\/www.lovendal.ro\\\/wp52\\\/rosu-galben-si-albastru-steagul-romanesc-care-dateaza-de-acum-1-500-de-ani\\\/#primaryimage\",\"url\":\"https:\\\/\\\/www.lovendal.ro\\\/wp52\\\/wp-content\\\/uploads\\\/2010\\\/04\\\/tricolorul.jpg\",\"contentUrl\":\"https:\\\/\\\/www.lovendal.ro\\\/wp52\\\/wp-content\\\/uploads\\\/2010\\\/04\\\/tricolorul.jpg\",\"width\":\"280\",\"height\":\"210\"},{\"@type\":\"BreadcrumbList\",\"@id\":\"https:\\\/\\\/www.lovendal.ro\\\/wp52\\\/rosu-galben-si-albastru-steagul-romanesc-care-dateaza-de-acum-1-500-de-ani\\\/#breadcrumb\",\"itemListElement\":[{\"@type\":\"ListItem\",\"position\":1,\"name\":\"Home\",\"item\":\"https:\\\/\\\/www.lovendal.ro\\\/wp52\\\/\"},{\"@type\":\"ListItem\",\"position\":2,\"name\":\"Ro\u015fu, galben \u015fi albastru: steagul rom\u00e2nesc care dateaz\u0103 de acum 1.500 de ani!\"}]},{\"@type\":\"WebSite\",\"@id\":\"https:\\\/\\\/www.lovendal.ro\\\/wp52\\\/#website\",\"url\":\"https:\\\/\\\/www.lovendal.ro\\\/wp52\\\/\",\"name\":\"Secretele lui Lovendal\",\"description\":\"Site de secrete, stiinta si metafizica - din 2008 -\",\"publisher\":{\"@id\":\"https:\\\/\\\/www.lovendal.ro\\\/wp52\\\/#organization\"},\"potentialAction\":[{\"@type\":\"SearchAction\",\"target\":{\"@type\":\"EntryPoint\",\"urlTemplate\":\"https:\\\/\\\/www.lovendal.ro\\\/wp52\\\/?s={search_term_string}\"},\"query-input\":{\"@type\":\"PropertyValueSpecification\",\"valueRequired\":true,\"valueName\":\"search_term_string\"}}],\"inLanguage\":\"ro-RO\"},{\"@type\":\"Organization\",\"@id\":\"https:\\\/\\\/www.lovendal.ro\\\/wp52\\\/#organization\",\"name\":\"Secretele lui Lovendal\",\"url\":\"https:\\\/\\\/www.lovendal.ro\\\/wp52\\\/\",\"logo\":{\"@type\":\"ImageObject\",\"inLanguage\":\"ro-RO\",\"@id\":\"https:\\\/\\\/www.lovendal.ro\\\/wp52\\\/#\\\/schema\\\/logo\\\/image\\\/\",\"url\":\"https:\\\/\\\/www.lovendal.ro\\\/wp52\\\/wp-content\\\/uploads\\\/2024\\\/06\\\/cropped-SLL-iun-2024-1.jpg\",\"contentUrl\":\"https:\\\/\\\/www.lovendal.ro\\\/wp52\\\/wp-content\\\/uploads\\\/2024\\\/06\\\/cropped-SLL-iun-2024-1.jpg\",\"width\":771,\"height\":240,\"caption\":\"Secretele lui Lovendal\"},\"image\":{\"@id\":\"https:\\\/\\\/www.lovendal.ro\\\/wp52\\\/#\\\/schema\\\/logo\\\/image\\\/\"},\"sameAs\":[\"https:\\\/\\\/www.facebook.com\\\/secreteleluilovendal\"]},{\"@type\":\"Person\",\"@id\":\"https:\\\/\\\/www.lovendal.ro\\\/wp52\\\/#\\\/schema\\\/person\\\/088691de5dfc346bb0c023e1e52ef5d9\",\"name\":\"admin\",\"image\":{\"@type\":\"ImageObject\",\"inLanguage\":\"ro-RO\",\"@id\":\"https:\\\/\\\/secure.gravatar.com\\\/avatar\\\/ecb9cd41f5f63c9c9b989999a59f6e2639a865ec361e9db054db0679a8f341c2?s=96&d=mm&r=g\",\"url\":\"https:\\\/\\\/secure.gravatar.com\\\/avatar\\\/ecb9cd41f5f63c9c9b989999a59f6e2639a865ec361e9db054db0679a8f341c2?s=96&d=mm&r=g\",\"contentUrl\":\"https:\\\/\\\/secure.gravatar.com\\\/avatar\\\/ecb9cd41f5f63c9c9b989999a59f6e2639a865ec361e9db054db0679a8f341c2?s=96&d=mm&r=g\",\"caption\":\"admin\"},\"sameAs\":[\"https:\\\/\\\/www.lovendal.ro\\\/wp52\"]}]}<\/script>\n<!-- \/ Yoast SEO Premium plugin. -->","yoast_head_json":{"title":"Ro\u015fu, galben \u015fi albastru: steagul rom\u00e2nesc care dateaz\u0103 de acum 1.500 de ani! - Secretele lui Lovendal","robots":{"index":"index","follow":"follow","max-snippet":"max-snippet:-1","max-image-preview":"max-image-preview:large","max-video-preview":"max-video-preview:-1"},"canonical":"https:\/\/www.lovendal.ro\/wp52\/rosu-galben-si-albastru-steagul-romanesc-care-dateaza-de-acum-1-500-de-ani\/","og_locale":"ro_RO","og_type":"article","og_title":"Ro\u015fu, galben \u015fi albastru: steagul rom\u00e2nesc care dateaz\u0103 de acum 1.500 de ani!","og_description":"RO\u015eU &#8211; GALBEN &#8211; ALBASTRU, culorile drapelului rom\u00e2nesc, sunt caracteristice \u0163es\u0103turilor \u015fi ornamentelor de pe \u00eembr\u0103c\u0103mintea poporului nostru, p\u0103strate timp de veacuri fie toate trei \u00eempreun\u0103, fie asociate c\u00e2te dou\u0103, \u00een drapelele \u0163\u0103rilor rom\u00e2ne. Aceste tradi\u0163ii puternice au f\u0103cut ca, ... Cititi mai multe","og_url":"https:\/\/www.lovendal.ro\/wp52\/rosu-galben-si-albastru-steagul-romanesc-care-dateaza-de-acum-1-500-de-ani\/","og_site_name":"Secretele lui Lovendal","article_publisher":"https:\/\/www.facebook.com\/secreteleluilovendal","article_published_time":"2010-04-27T19:24:04+00:00","article_modified_time":"2016-11-26T19:47:06+00:00","og_image":[{"width":280,"height":210,"url":"https:\/\/www.lovendal.ro\/wp52\/wp-content\/uploads\/2010\/04\/tricolorul.jpg","type":"image\/jpeg"}],"author":"admin","twitter_card":"summary_large_image","twitter_misc":{"Scris de":"admin","Timp estimat pentru citire":"3 minute"},"schema":{"@context":"https:\/\/schema.org","@graph":[{"@type":"Article","@id":"https:\/\/www.lovendal.ro\/wp52\/rosu-galben-si-albastru-steagul-romanesc-care-dateaza-de-acum-1-500-de-ani\/#article","isPartOf":{"@id":"https:\/\/www.lovendal.ro\/wp52\/rosu-galben-si-albastru-steagul-romanesc-care-dateaza-de-acum-1-500-de-ani\/"},"author":{"name":"admin","@id":"https:\/\/www.lovendal.ro\/wp52\/#\/schema\/person\/088691de5dfc346bb0c023e1e52ef5d9"},"headline":"Ro\u015fu, galben \u015fi albastru: steagul rom\u00e2nesc care dateaz\u0103 de acum 1.500 de ani!","datePublished":"2010-04-27T19:24:04+00:00","dateModified":"2016-11-26T19:47:06+00:00","mainEntityOfPage":{"@id":"https:\/\/www.lovendal.ro\/wp52\/rosu-galben-si-albastru-steagul-romanesc-care-dateaza-de-acum-1-500-de-ani\/"},"wordCount":517,"commentCount":12,"publisher":{"@id":"https:\/\/www.lovendal.ro\/wp52\/#organization"},"image":{"@id":"https:\/\/www.lovendal.ro\/wp52\/rosu-galben-si-albastru-steagul-romanesc-care-dateaza-de-acum-1-500-de-ani\/#primaryimage"},"thumbnailUrl":"https:\/\/www.lovendal.ro\/wp52\/wp-content\/uploads\/2010\/04\/tricolorul.jpg","keywords":["Dacia","Imperiul Roman","Istorie si Civilizatii","Rom\u00e2nia","steag"],"articleSection":["Istorie si Civilizatii"],"inLanguage":"ro-RO","potentialAction":[{"@type":"CommentAction","name":"Comment","target":["https:\/\/www.lovendal.ro\/wp52\/rosu-galben-si-albastru-steagul-romanesc-care-dateaza-de-acum-1-500-de-ani\/#respond"]}]},{"@type":"WebPage","@id":"https:\/\/www.lovendal.ro\/wp52\/rosu-galben-si-albastru-steagul-romanesc-care-dateaza-de-acum-1-500-de-ani\/","url":"https:\/\/www.lovendal.ro\/wp52\/rosu-galben-si-albastru-steagul-romanesc-care-dateaza-de-acum-1-500-de-ani\/","name":"Ro\u015fu, galben \u015fi albastru: steagul rom\u00e2nesc care dateaz\u0103 de acum 1.500 de ani! - Secretele lui Lovendal","isPartOf":{"@id":"https:\/\/www.lovendal.ro\/wp52\/#website"},"primaryImageOfPage":{"@id":"https:\/\/www.lovendal.ro\/wp52\/rosu-galben-si-albastru-steagul-romanesc-care-dateaza-de-acum-1-500-de-ani\/#primaryimage"},"image":{"@id":"https:\/\/www.lovendal.ro\/wp52\/rosu-galben-si-albastru-steagul-romanesc-care-dateaza-de-acum-1-500-de-ani\/#primaryimage"},"thumbnailUrl":"https:\/\/www.lovendal.ro\/wp52\/wp-content\/uploads\/2010\/04\/tricolorul.jpg","datePublished":"2010-04-27T19:24:04+00:00","dateModified":"2016-11-26T19:47:06+00:00","breadcrumb":{"@id":"https:\/\/www.lovendal.ro\/wp52\/rosu-galben-si-albastru-steagul-romanesc-care-dateaza-de-acum-1-500-de-ani\/#breadcrumb"},"inLanguage":"ro-RO","potentialAction":[{"@type":"ReadAction","target":["https:\/\/www.lovendal.ro\/wp52\/rosu-galben-si-albastru-steagul-romanesc-care-dateaza-de-acum-1-500-de-ani\/"]}]},{"@type":"ImageObject","inLanguage":"ro-RO","@id":"https:\/\/www.lovendal.ro\/wp52\/rosu-galben-si-albastru-steagul-romanesc-care-dateaza-de-acum-1-500-de-ani\/#primaryimage","url":"https:\/\/www.lovendal.ro\/wp52\/wp-content\/uploads\/2010\/04\/tricolorul.jpg","contentUrl":"https:\/\/www.lovendal.ro\/wp52\/wp-content\/uploads\/2010\/04\/tricolorul.jpg","width":"280","height":"210"},{"@type":"BreadcrumbList","@id":"https:\/\/www.lovendal.ro\/wp52\/rosu-galben-si-albastru-steagul-romanesc-care-dateaza-de-acum-1-500-de-ani\/#breadcrumb","itemListElement":[{"@type":"ListItem","position":1,"name":"Home","item":"https:\/\/www.lovendal.ro\/wp52\/"},{"@type":"ListItem","position":2,"name":"Ro\u015fu, galben \u015fi albastru: steagul rom\u00e2nesc care dateaz\u0103 de acum 1.500 de ani!"}]},{"@type":"WebSite","@id":"https:\/\/www.lovendal.ro\/wp52\/#website","url":"https:\/\/www.lovendal.ro\/wp52\/","name":"Secretele lui Lovendal","description":"Site de secrete, stiinta si metafizica - din 2008 -","publisher":{"@id":"https:\/\/www.lovendal.ro\/wp52\/#organization"},"potentialAction":[{"@type":"SearchAction","target":{"@type":"EntryPoint","urlTemplate":"https:\/\/www.lovendal.ro\/wp52\/?s={search_term_string}"},"query-input":{"@type":"PropertyValueSpecification","valueRequired":true,"valueName":"search_term_string"}}],"inLanguage":"ro-RO"},{"@type":"Organization","@id":"https:\/\/www.lovendal.ro\/wp52\/#organization","name":"Secretele lui Lovendal","url":"https:\/\/www.lovendal.ro\/wp52\/","logo":{"@type":"ImageObject","inLanguage":"ro-RO","@id":"https:\/\/www.lovendal.ro\/wp52\/#\/schema\/logo\/image\/","url":"https:\/\/www.lovendal.ro\/wp52\/wp-content\/uploads\/2024\/06\/cropped-SLL-iun-2024-1.jpg","contentUrl":"https:\/\/www.lovendal.ro\/wp52\/wp-content\/uploads\/2024\/06\/cropped-SLL-iun-2024-1.jpg","width":771,"height":240,"caption":"Secretele lui Lovendal"},"image":{"@id":"https:\/\/www.lovendal.ro\/wp52\/#\/schema\/logo\/image\/"},"sameAs":["https:\/\/www.facebook.com\/secreteleluilovendal"]},{"@type":"Person","@id":"https:\/\/www.lovendal.ro\/wp52\/#\/schema\/person\/088691de5dfc346bb0c023e1e52ef5d9","name":"admin","image":{"@type":"ImageObject","inLanguage":"ro-RO","@id":"https:\/\/secure.gravatar.com\/avatar\/ecb9cd41f5f63c9c9b989999a59f6e2639a865ec361e9db054db0679a8f341c2?s=96&d=mm&r=g","url":"https:\/\/secure.gravatar.com\/avatar\/ecb9cd41f5f63c9c9b989999a59f6e2639a865ec361e9db054db0679a8f341c2?s=96&d=mm&r=g","contentUrl":"https:\/\/secure.gravatar.com\/avatar\/ecb9cd41f5f63c9c9b989999a59f6e2639a865ec361e9db054db0679a8f341c2?s=96&d=mm&r=g","caption":"admin"},"sameAs":["https:\/\/www.lovendal.ro\/wp52"]}]}},"_links":{"self":[{"href":"https:\/\/www.lovendal.ro\/wp52\/wp-json\/wp\/v2\/posts\/12441","targetHints":{"allow":["GET"]}}],"collection":[{"href":"https:\/\/www.lovendal.ro\/wp52\/wp-json\/wp\/v2\/posts"}],"about":[{"href":"https:\/\/www.lovendal.ro\/wp52\/wp-json\/wp\/v2\/types\/post"}],"author":[{"embeddable":true,"href":"https:\/\/www.lovendal.ro\/wp52\/wp-json\/wp\/v2\/users\/1"}],"replies":[{"embeddable":true,"href":"https:\/\/www.lovendal.ro\/wp52\/wp-json\/wp\/v2\/comments?post=12441"}],"version-history":[{"count":0,"href":"https:\/\/www.lovendal.ro\/wp52\/wp-json\/wp\/v2\/posts\/12441\/revisions"}],"wp:featuredmedia":[{"embeddable":true,"href":"https:\/\/www.lovendal.ro\/wp52\/wp-json\/wp\/v2\/media\/12442"}],"wp:attachment":[{"href":"https:\/\/www.lovendal.ro\/wp52\/wp-json\/wp\/v2\/media?parent=12441"}],"wp:term":[{"taxonomy":"category","embeddable":true,"href":"https:\/\/www.lovendal.ro\/wp52\/wp-json\/wp\/v2\/categories?post=12441"},{"taxonomy":"post_tag","embeddable":true,"href":"https:\/\/www.lovendal.ro\/wp52\/wp-json\/wp\/v2\/tags?post=12441"}],"curies":[{"name":"wp","href":"https:\/\/api.w.org\/{rel}","templated":true}]}}