{"id":12374,"date":"2010-04-22T13:27:54","date_gmt":"2010-04-22T10:27:54","guid":{"rendered":"http:\/\/www.lovendal.net\/wp52\/?p=12374"},"modified":"2010-04-22T13:28:57","modified_gmt":"2010-04-22T10:28:57","slug":"bonifaciu-al-viii-lea-papa-ateu-sa-ne-distram-si-sa-avem-relatii-cu-fete-si-baieti","status":"publish","type":"post","link":"https:\/\/www.lovendal.ro\/wp52\/bonifaciu-al-viii-lea-papa-ateu-sa-ne-distram-si-sa-avem-relatii-cu-fete-si-baieti\/","title":{"rendered":"Bonifaciu al VIII-lea, papa ateu: &#8222;S\u0103 ne distr\u0103m \u015fi s\u0103 avem rela\u0163ii cu fete \u015fi b\u0103ie\u0163i&#8221;"},"content":{"rendered":"<p><a href=\"https:\/\/www.lovendal.ro\/wp52\/wp-content\/uploads\/2010\/04\/Bonifaciu-VIII.jpg\"><img loading=\"lazy\" decoding=\"async\" class=\"alignleft size-full wp-image-12375\" title=\"Bonifaciu VIII\" src=\"https:\/\/www.lovendal.ro\/wp52\/wp-content\/uploads\/2010\/04\/Bonifaciu-VIII.jpg\" alt=\"Bonifaciu VIII\" width=\"224\" height=\"223\" srcset=\"https:\/\/www.lovendal.ro\/wp52\/wp-content\/uploads\/2010\/04\/Bonifaciu-VIII.jpg 224w, https:\/\/www.lovendal.ro\/wp52\/wp-content\/uploads\/2010\/04\/Bonifaciu-VIII-150x150.jpg 150w\" sizes=\"auto, (max-width: 224px) 100vw, 224px\" \/><\/a>Despre Bonifaciu VIII (1294-1303), se pot spune multe groz\u0103vii. <em>The Catholic Encyclopedia<\/em> spune: <em>\u201eNu se \u015ftie dac\u0103 a omis s\u0103v\u00e2r\u015firea vreunei nelegiuiri &#8211; infidelitate, erezie, simonie, imoralitate grosolan\u0103 \u015fi nefireasc\u0103, idolatrie, magie, pierderea \u0162\u0103rii Sfinte, moartea Celestinei V, etc&#8230; Istoricii protestan\u0163i, \u00een general, \u015fi chiar unii scriitori catolici moderni&#8230; \u00eel claseaz\u0103 printre papii tic\u0103lo\u015fi, descriindu-l ca pe un om ambi\u0163ios, arogant \u015fi de ne\u00eembl\u00e2nzit, precum \u015fi \u00een\u015fel\u0103tor \u015fi tr\u0103d\u0103tor, \u00eentregul s\u0103u pontificat fiind o \u00een\u015firuire de fapte rele&#8221;.<\/em><\/p>\n<p>Nu e necesar s\u0103 insist\u0103m asupra faptului c\u0103 nu toate acuza\u0163iile care i s-au adus au fost adev\u0103rate, dar nici nu pot fi toate respinse. \u00cen timpul domniei lui, poetul Dante a vizitat Roma \u015fi a descris Vaticanul ca pe un \u201ecanal colector al corup\u0163iei&#8221;. El a spus despre Bonifaciu (precum \u015fi despre papii Nicolae III \u015fi Clement V) c\u0103 le sunt destinate \u201ecele mai ad\u00e2nci locuri ale iadului&#8221;.<\/p>\n<p>De\u015fi au c\u0103utat s\u0103 sublinieze anumite tr\u0103s\u0103turi bune ale lui Bonifaciu, istoricii catolici admit totu\u015fi violen\u0163a exploziv\u0103 \u015fi frazeologia jignitoare a c\u00e2torva din documentele sale publice&#8221;. Un exemplu al acestei \u201efrazeologii jignitoare&#8221; este afirma\u0163ia lui: \u201eS\u0103 te distrezi \u015fi s\u0103 ai rela\u0163ii cu femei sau cu b\u0103ie\u0163i nu este cu nimic mai mult un p\u0103cat dec\u00e2t s\u0103-\u0163i freci m\u00e2inile una de alta&#8221;.<\/p>\n<p>Cu alte ocazii, se pare c\u0103 \u00een acele momente \u201eexplozive&#8221; L-a numit pe Cristos \u201eipocrit&#8221; \u015fi a m\u0103rturisit c\u0103 este ateu.<\/p>\n<p>Cu toate acestea &#8211; \u015fi lucrul acesta pare s\u0103 fie aproape de necrezut! &#8211; acest pap\u0103 a fost cel care, \u00een 1302, a publicat binecunoscutul \u201eUnam Sanctum&#8221; care declara \u00een mod oficial c\u0103 Biserica Romano-Catolic\u0103 este singura biseric\u0103 adev\u0103rat\u0103, \u00een afara c\u0103reia nimeni nu poate s\u0103 fie m\u00e2ntuit. Mai mult: <em>\u201eNoi deci afirm\u0103m, definim \u015fi declar\u0103m c\u0103 este necesar pentru m\u00e2ntuire s\u0103 crezi c\u0103 fiecare fiin\u0163\u0103 omeneasc\u0103 este supus\u0103 Pontifului Romei&#8221;!<\/em><\/p>\n","protected":false},"excerpt":{"rendered":"<p>Despre Bonifaciu VIII (1294-1303), se pot spune multe groz\u0103vii. The Catholic Encyclopedia spune: \u201eNu se \u015ftie dac\u0103 a omis s\u0103v\u00e2r\u015firea vreunei nelegiuiri &#8211; infidelitate, erezie, simonie, imoralitate grosolan\u0103 \u015fi nefireasc\u0103, idolatrie, magie, pierderea \u0162\u0103rii Sfinte, moartea Celestinei V, etc&#8230; Istoricii &#8230; <\/p>\n<p class=\"read-more-container\"><a title=\"Bonifaciu al VIII-lea, papa ateu: &#8222;S\u0103 ne distr\u0103m \u015fi s\u0103 avem rela\u0163ii cu fete \u015fi b\u0103ie\u0163i&#8221;\" class=\"read-more button\" href=\"https:\/\/www.lovendal.ro\/wp52\/bonifaciu-al-viii-lea-papa-ateu-sa-ne-distram-si-sa-avem-relatii-cu-fete-si-baieti\/#more-12374\" aria-label=\"Cite\u0219te mai multe despre Bonifaciu al VIII-lea, papa ateu: &#8222;S\u0103 ne distr\u0103m \u015fi s\u0103 avem rela\u0163ii cu fete \u015fi b\u0103ie\u0163i&#8221;\">Cititi mai multe<\/a><\/p>\n","protected":false},"author":1,"featured_media":12375,"comment_status":"open","ping_status":"closed","sticky":false,"template":"","format":"standard","meta":{"footnotes":""},"categories":[9],"tags":[1415,3193,211,1338,1532,97],"class_list":["post-12374","post","type-post","status-publish","format-standard","has-post-thumbnail","hentry","category-istorie","tag-biserica-catolica","tag-bonifaciu-viii","tag-crestinism","tag-dante","tag-istorie-si-civilizatii","tag-papa","resize-featured-image"],"yoast_head":"<!-- This site is optimized with the Yoast SEO Premium plugin v23.3 (Yoast SEO v27.4) - https:\/\/yoast.com\/product\/yoast-seo-premium-wordpress\/ -->\n<title>Bonifaciu al VIII-lea, papa ateu: &quot;S\u0103 ne distr\u0103m \u015fi s\u0103 avem rela\u0163ii cu fete \u015fi b\u0103ie\u0163i&quot; - Secretele lui Lovendal<\/title>\n<meta name=\"robots\" content=\"index, follow, max-snippet:-1, max-image-preview:large, max-video-preview:-1\" \/>\n<link rel=\"canonical\" href=\"https:\/\/www.lovendal.ro\/wp52\/bonifaciu-al-viii-lea-papa-ateu-sa-ne-distram-si-sa-avem-relatii-cu-fete-si-baieti\/\" \/>\n<meta property=\"og:locale\" content=\"ro_RO\" \/>\n<meta property=\"og:type\" content=\"article\" \/>\n<meta property=\"og:title\" content=\"Bonifaciu al VIII-lea, papa ateu: &quot;S\u0103 ne distr\u0103m \u015fi s\u0103 avem rela\u0163ii cu fete \u015fi b\u0103ie\u0163i&quot;\" \/>\n<meta property=\"og:description\" content=\"Despre Bonifaciu VIII (1294-1303), se pot spune multe groz\u0103vii. The Catholic Encyclopedia spune: \u201eNu se \u015ftie dac\u0103 a omis s\u0103v\u00e2r\u015firea vreunei nelegiuiri &#8211; infidelitate, erezie, simonie, imoralitate grosolan\u0103 \u015fi nefireasc\u0103, idolatrie, magie, pierderea \u0162\u0103rii Sfinte, moartea Celestinei V, etc&#8230; Istoricii ... Cititi mai multe\" \/>\n<meta property=\"og:url\" content=\"https:\/\/www.lovendal.ro\/wp52\/bonifaciu-al-viii-lea-papa-ateu-sa-ne-distram-si-sa-avem-relatii-cu-fete-si-baieti\/\" \/>\n<meta property=\"og:site_name\" content=\"Secretele lui Lovendal\" \/>\n<meta property=\"article:publisher\" content=\"https:\/\/www.facebook.com\/secreteleluilovendal\" \/>\n<meta property=\"article:published_time\" content=\"2010-04-22T10:27:54+00:00\" \/>\n<meta property=\"article:modified_time\" content=\"2010-04-22T10:28:57+00:00\" \/>\n<meta property=\"og:image\" content=\"https:\/\/www.lovendal.ro\/wp52\/wp-content\/uploads\/2010\/04\/Bonifaciu-VIII.jpg\" \/>\n\t<meta property=\"og:image:width\" content=\"224\" \/>\n\t<meta property=\"og:image:height\" content=\"223\" \/>\n\t<meta property=\"og:image:type\" content=\"image\/jpeg\" \/>\n<meta name=\"author\" content=\"admin\" \/>\n<meta name=\"twitter:card\" content=\"summary_large_image\" \/>\n<meta name=\"twitter:label1\" content=\"Scris de\" \/>\n\t<meta name=\"twitter:data1\" content=\"admin\" \/>\n\t<meta name=\"twitter:label2\" content=\"Timp estimat pentru citire\" \/>\n\t<meta name=\"twitter:data2\" content=\"2 minute\" \/>\n<script type=\"application\/ld+json\" class=\"yoast-schema-graph\">{\"@context\":\"https:\\\/\\\/schema.org\",\"@graph\":[{\"@type\":\"Article\",\"@id\":\"https:\\\/\\\/www.lovendal.ro\\\/wp52\\\/bonifaciu-al-viii-lea-papa-ateu-sa-ne-distram-si-sa-avem-relatii-cu-fete-si-baieti\\\/#article\",\"isPartOf\":{\"@id\":\"https:\\\/\\\/www.lovendal.ro\\\/wp52\\\/bonifaciu-al-viii-lea-papa-ateu-sa-ne-distram-si-sa-avem-relatii-cu-fete-si-baieti\\\/\"},\"author\":{\"name\":\"admin\",\"@id\":\"https:\\\/\\\/www.lovendal.ro\\\/wp52\\\/#\\\/schema\\\/person\\\/088691de5dfc346bb0c023e1e52ef5d9\"},\"headline\":\"Bonifaciu al VIII-lea, papa ateu: &#8222;S\u0103 ne distr\u0103m \u015fi s\u0103 avem rela\u0163ii cu fete \u015fi b\u0103ie\u0163i&#8221;\",\"datePublished\":\"2010-04-22T10:27:54+00:00\",\"dateModified\":\"2010-04-22T10:28:57+00:00\",\"mainEntityOfPage\":{\"@id\":\"https:\\\/\\\/www.lovendal.ro\\\/wp52\\\/bonifaciu-al-viii-lea-papa-ateu-sa-ne-distram-si-sa-avem-relatii-cu-fete-si-baieti\\\/\"},\"wordCount\":364,\"commentCount\":14,\"publisher\":{\"@id\":\"https:\\\/\\\/www.lovendal.ro\\\/wp52\\\/#organization\"},\"image\":{\"@id\":\"https:\\\/\\\/www.lovendal.ro\\\/wp52\\\/bonifaciu-al-viii-lea-papa-ateu-sa-ne-distram-si-sa-avem-relatii-cu-fete-si-baieti\\\/#primaryimage\"},\"thumbnailUrl\":\"https:\\\/\\\/www.lovendal.ro\\\/wp52\\\/wp-content\\\/uploads\\\/2010\\\/04\\\/Bonifaciu-VIII.jpg\",\"keywords\":[\"Biserica Catolic\u0103\",\"Bonifaciu VIII\",\"cre\u015ftinism\",\"Dante\",\"Istorie si Civilizatii\",\"papa\"],\"articleSection\":[\"Istorie si Civilizatii\"],\"inLanguage\":\"ro-RO\",\"potentialAction\":[{\"@type\":\"CommentAction\",\"name\":\"Comment\",\"target\":[\"https:\\\/\\\/www.lovendal.ro\\\/wp52\\\/bonifaciu-al-viii-lea-papa-ateu-sa-ne-distram-si-sa-avem-relatii-cu-fete-si-baieti\\\/#respond\"]}]},{\"@type\":\"WebPage\",\"@id\":\"https:\\\/\\\/www.lovendal.ro\\\/wp52\\\/bonifaciu-al-viii-lea-papa-ateu-sa-ne-distram-si-sa-avem-relatii-cu-fete-si-baieti\\\/\",\"url\":\"https:\\\/\\\/www.lovendal.ro\\\/wp52\\\/bonifaciu-al-viii-lea-papa-ateu-sa-ne-distram-si-sa-avem-relatii-cu-fete-si-baieti\\\/\",\"name\":\"Bonifaciu al VIII-lea, papa ateu: \\\"S\u0103 ne distr\u0103m \u015fi s\u0103 avem rela\u0163ii cu fete \u015fi b\u0103ie\u0163i\\\" - Secretele lui Lovendal\",\"isPartOf\":{\"@id\":\"https:\\\/\\\/www.lovendal.ro\\\/wp52\\\/#website\"},\"primaryImageOfPage\":{\"@id\":\"https:\\\/\\\/www.lovendal.ro\\\/wp52\\\/bonifaciu-al-viii-lea-papa-ateu-sa-ne-distram-si-sa-avem-relatii-cu-fete-si-baieti\\\/#primaryimage\"},\"image\":{\"@id\":\"https:\\\/\\\/www.lovendal.ro\\\/wp52\\\/bonifaciu-al-viii-lea-papa-ateu-sa-ne-distram-si-sa-avem-relatii-cu-fete-si-baieti\\\/#primaryimage\"},\"thumbnailUrl\":\"https:\\\/\\\/www.lovendal.ro\\\/wp52\\\/wp-content\\\/uploads\\\/2010\\\/04\\\/Bonifaciu-VIII.jpg\",\"datePublished\":\"2010-04-22T10:27:54+00:00\",\"dateModified\":\"2010-04-22T10:28:57+00:00\",\"breadcrumb\":{\"@id\":\"https:\\\/\\\/www.lovendal.ro\\\/wp52\\\/bonifaciu-al-viii-lea-papa-ateu-sa-ne-distram-si-sa-avem-relatii-cu-fete-si-baieti\\\/#breadcrumb\"},\"inLanguage\":\"ro-RO\",\"potentialAction\":[{\"@type\":\"ReadAction\",\"target\":[\"https:\\\/\\\/www.lovendal.ro\\\/wp52\\\/bonifaciu-al-viii-lea-papa-ateu-sa-ne-distram-si-sa-avem-relatii-cu-fete-si-baieti\\\/\"]}]},{\"@type\":\"ImageObject\",\"inLanguage\":\"ro-RO\",\"@id\":\"https:\\\/\\\/www.lovendal.ro\\\/wp52\\\/bonifaciu-al-viii-lea-papa-ateu-sa-ne-distram-si-sa-avem-relatii-cu-fete-si-baieti\\\/#primaryimage\",\"url\":\"https:\\\/\\\/www.lovendal.ro\\\/wp52\\\/wp-content\\\/uploads\\\/2010\\\/04\\\/Bonifaciu-VIII.jpg\",\"contentUrl\":\"https:\\\/\\\/www.lovendal.ro\\\/wp52\\\/wp-content\\\/uploads\\\/2010\\\/04\\\/Bonifaciu-VIII.jpg\",\"width\":\"224\",\"height\":\"223\"},{\"@type\":\"BreadcrumbList\",\"@id\":\"https:\\\/\\\/www.lovendal.ro\\\/wp52\\\/bonifaciu-al-viii-lea-papa-ateu-sa-ne-distram-si-sa-avem-relatii-cu-fete-si-baieti\\\/#breadcrumb\",\"itemListElement\":[{\"@type\":\"ListItem\",\"position\":1,\"name\":\"Home\",\"item\":\"https:\\\/\\\/www.lovendal.ro\\\/wp52\\\/\"},{\"@type\":\"ListItem\",\"position\":2,\"name\":\"Bonifaciu al VIII-lea, papa ateu: &#8222;S\u0103 ne distr\u0103m \u015fi s\u0103 avem rela\u0163ii cu fete \u015fi b\u0103ie\u0163i&#8221;\"}]},{\"@type\":\"WebSite\",\"@id\":\"https:\\\/\\\/www.lovendal.ro\\\/wp52\\\/#website\",\"url\":\"https:\\\/\\\/www.lovendal.ro\\\/wp52\\\/\",\"name\":\"Secretele lui Lovendal\",\"description\":\"Site de secrete, stiinta si metafizica - din 2008 -\",\"publisher\":{\"@id\":\"https:\\\/\\\/www.lovendal.ro\\\/wp52\\\/#organization\"},\"potentialAction\":[{\"@type\":\"SearchAction\",\"target\":{\"@type\":\"EntryPoint\",\"urlTemplate\":\"https:\\\/\\\/www.lovendal.ro\\\/wp52\\\/?s={search_term_string}\"},\"query-input\":{\"@type\":\"PropertyValueSpecification\",\"valueRequired\":true,\"valueName\":\"search_term_string\"}}],\"inLanguage\":\"ro-RO\"},{\"@type\":\"Organization\",\"@id\":\"https:\\\/\\\/www.lovendal.ro\\\/wp52\\\/#organization\",\"name\":\"Secretele lui Lovendal\",\"url\":\"https:\\\/\\\/www.lovendal.ro\\\/wp52\\\/\",\"logo\":{\"@type\":\"ImageObject\",\"inLanguage\":\"ro-RO\",\"@id\":\"https:\\\/\\\/www.lovendal.ro\\\/wp52\\\/#\\\/schema\\\/logo\\\/image\\\/\",\"url\":\"https:\\\/\\\/www.lovendal.ro\\\/wp52\\\/wp-content\\\/uploads\\\/2024\\\/06\\\/cropped-SLL-iun-2024-1.jpg\",\"contentUrl\":\"https:\\\/\\\/www.lovendal.ro\\\/wp52\\\/wp-content\\\/uploads\\\/2024\\\/06\\\/cropped-SLL-iun-2024-1.jpg\",\"width\":771,\"height\":240,\"caption\":\"Secretele lui Lovendal\"},\"image\":{\"@id\":\"https:\\\/\\\/www.lovendal.ro\\\/wp52\\\/#\\\/schema\\\/logo\\\/image\\\/\"},\"sameAs\":[\"https:\\\/\\\/www.facebook.com\\\/secreteleluilovendal\"]},{\"@type\":\"Person\",\"@id\":\"https:\\\/\\\/www.lovendal.ro\\\/wp52\\\/#\\\/schema\\\/person\\\/088691de5dfc346bb0c023e1e52ef5d9\",\"name\":\"admin\",\"image\":{\"@type\":\"ImageObject\",\"inLanguage\":\"ro-RO\",\"@id\":\"https:\\\/\\\/secure.gravatar.com\\\/avatar\\\/ecb9cd41f5f63c9c9b989999a59f6e2639a865ec361e9db054db0679a8f341c2?s=96&d=mm&r=g\",\"url\":\"https:\\\/\\\/secure.gravatar.com\\\/avatar\\\/ecb9cd41f5f63c9c9b989999a59f6e2639a865ec361e9db054db0679a8f341c2?s=96&d=mm&r=g\",\"contentUrl\":\"https:\\\/\\\/secure.gravatar.com\\\/avatar\\\/ecb9cd41f5f63c9c9b989999a59f6e2639a865ec361e9db054db0679a8f341c2?s=96&d=mm&r=g\",\"caption\":\"admin\"},\"sameAs\":[\"https:\\\/\\\/www.lovendal.ro\\\/wp52\"]}]}<\/script>\n<!-- \/ Yoast SEO Premium plugin. -->","yoast_head_json":{"title":"Bonifaciu al VIII-lea, papa ateu: \"S\u0103 ne distr\u0103m \u015fi s\u0103 avem rela\u0163ii cu fete \u015fi b\u0103ie\u0163i\" - Secretele lui Lovendal","robots":{"index":"index","follow":"follow","max-snippet":"max-snippet:-1","max-image-preview":"max-image-preview:large","max-video-preview":"max-video-preview:-1"},"canonical":"https:\/\/www.lovendal.ro\/wp52\/bonifaciu-al-viii-lea-papa-ateu-sa-ne-distram-si-sa-avem-relatii-cu-fete-si-baieti\/","og_locale":"ro_RO","og_type":"article","og_title":"Bonifaciu al VIII-lea, papa ateu: \"S\u0103 ne distr\u0103m \u015fi s\u0103 avem rela\u0163ii cu fete \u015fi b\u0103ie\u0163i\"","og_description":"Despre Bonifaciu VIII (1294-1303), se pot spune multe groz\u0103vii. The Catholic Encyclopedia spune: \u201eNu se \u015ftie dac\u0103 a omis s\u0103v\u00e2r\u015firea vreunei nelegiuiri &#8211; infidelitate, erezie, simonie, imoralitate grosolan\u0103 \u015fi nefireasc\u0103, idolatrie, magie, pierderea \u0162\u0103rii Sfinte, moartea Celestinei V, etc&#8230; Istoricii ... Cititi mai multe","og_url":"https:\/\/www.lovendal.ro\/wp52\/bonifaciu-al-viii-lea-papa-ateu-sa-ne-distram-si-sa-avem-relatii-cu-fete-si-baieti\/","og_site_name":"Secretele lui Lovendal","article_publisher":"https:\/\/www.facebook.com\/secreteleluilovendal","article_published_time":"2010-04-22T10:27:54+00:00","article_modified_time":"2010-04-22T10:28:57+00:00","og_image":[{"width":224,"height":223,"url":"https:\/\/www.lovendal.ro\/wp52\/wp-content\/uploads\/2010\/04\/Bonifaciu-VIII.jpg","type":"image\/jpeg"}],"author":"admin","twitter_card":"summary_large_image","twitter_misc":{"Scris de":"admin","Timp estimat pentru citire":"2 minute"},"schema":{"@context":"https:\/\/schema.org","@graph":[{"@type":"Article","@id":"https:\/\/www.lovendal.ro\/wp52\/bonifaciu-al-viii-lea-papa-ateu-sa-ne-distram-si-sa-avem-relatii-cu-fete-si-baieti\/#article","isPartOf":{"@id":"https:\/\/www.lovendal.ro\/wp52\/bonifaciu-al-viii-lea-papa-ateu-sa-ne-distram-si-sa-avem-relatii-cu-fete-si-baieti\/"},"author":{"name":"admin","@id":"https:\/\/www.lovendal.ro\/wp52\/#\/schema\/person\/088691de5dfc346bb0c023e1e52ef5d9"},"headline":"Bonifaciu al VIII-lea, papa ateu: &#8222;S\u0103 ne distr\u0103m \u015fi s\u0103 avem rela\u0163ii cu fete \u015fi b\u0103ie\u0163i&#8221;","datePublished":"2010-04-22T10:27:54+00:00","dateModified":"2010-04-22T10:28:57+00:00","mainEntityOfPage":{"@id":"https:\/\/www.lovendal.ro\/wp52\/bonifaciu-al-viii-lea-papa-ateu-sa-ne-distram-si-sa-avem-relatii-cu-fete-si-baieti\/"},"wordCount":364,"commentCount":14,"publisher":{"@id":"https:\/\/www.lovendal.ro\/wp52\/#organization"},"image":{"@id":"https:\/\/www.lovendal.ro\/wp52\/bonifaciu-al-viii-lea-papa-ateu-sa-ne-distram-si-sa-avem-relatii-cu-fete-si-baieti\/#primaryimage"},"thumbnailUrl":"https:\/\/www.lovendal.ro\/wp52\/wp-content\/uploads\/2010\/04\/Bonifaciu-VIII.jpg","keywords":["Biserica Catolic\u0103","Bonifaciu VIII","cre\u015ftinism","Dante","Istorie si Civilizatii","papa"],"articleSection":["Istorie si Civilizatii"],"inLanguage":"ro-RO","potentialAction":[{"@type":"CommentAction","name":"Comment","target":["https:\/\/www.lovendal.ro\/wp52\/bonifaciu-al-viii-lea-papa-ateu-sa-ne-distram-si-sa-avem-relatii-cu-fete-si-baieti\/#respond"]}]},{"@type":"WebPage","@id":"https:\/\/www.lovendal.ro\/wp52\/bonifaciu-al-viii-lea-papa-ateu-sa-ne-distram-si-sa-avem-relatii-cu-fete-si-baieti\/","url":"https:\/\/www.lovendal.ro\/wp52\/bonifaciu-al-viii-lea-papa-ateu-sa-ne-distram-si-sa-avem-relatii-cu-fete-si-baieti\/","name":"Bonifaciu al VIII-lea, papa ateu: \"S\u0103 ne distr\u0103m \u015fi s\u0103 avem rela\u0163ii cu fete \u015fi b\u0103ie\u0163i\" - Secretele lui Lovendal","isPartOf":{"@id":"https:\/\/www.lovendal.ro\/wp52\/#website"},"primaryImageOfPage":{"@id":"https:\/\/www.lovendal.ro\/wp52\/bonifaciu-al-viii-lea-papa-ateu-sa-ne-distram-si-sa-avem-relatii-cu-fete-si-baieti\/#primaryimage"},"image":{"@id":"https:\/\/www.lovendal.ro\/wp52\/bonifaciu-al-viii-lea-papa-ateu-sa-ne-distram-si-sa-avem-relatii-cu-fete-si-baieti\/#primaryimage"},"thumbnailUrl":"https:\/\/www.lovendal.ro\/wp52\/wp-content\/uploads\/2010\/04\/Bonifaciu-VIII.jpg","datePublished":"2010-04-22T10:27:54+00:00","dateModified":"2010-04-22T10:28:57+00:00","breadcrumb":{"@id":"https:\/\/www.lovendal.ro\/wp52\/bonifaciu-al-viii-lea-papa-ateu-sa-ne-distram-si-sa-avem-relatii-cu-fete-si-baieti\/#breadcrumb"},"inLanguage":"ro-RO","potentialAction":[{"@type":"ReadAction","target":["https:\/\/www.lovendal.ro\/wp52\/bonifaciu-al-viii-lea-papa-ateu-sa-ne-distram-si-sa-avem-relatii-cu-fete-si-baieti\/"]}]},{"@type":"ImageObject","inLanguage":"ro-RO","@id":"https:\/\/www.lovendal.ro\/wp52\/bonifaciu-al-viii-lea-papa-ateu-sa-ne-distram-si-sa-avem-relatii-cu-fete-si-baieti\/#primaryimage","url":"https:\/\/www.lovendal.ro\/wp52\/wp-content\/uploads\/2010\/04\/Bonifaciu-VIII.jpg","contentUrl":"https:\/\/www.lovendal.ro\/wp52\/wp-content\/uploads\/2010\/04\/Bonifaciu-VIII.jpg","width":"224","height":"223"},{"@type":"BreadcrumbList","@id":"https:\/\/www.lovendal.ro\/wp52\/bonifaciu-al-viii-lea-papa-ateu-sa-ne-distram-si-sa-avem-relatii-cu-fete-si-baieti\/#breadcrumb","itemListElement":[{"@type":"ListItem","position":1,"name":"Home","item":"https:\/\/www.lovendal.ro\/wp52\/"},{"@type":"ListItem","position":2,"name":"Bonifaciu al VIII-lea, papa ateu: &#8222;S\u0103 ne distr\u0103m \u015fi s\u0103 avem rela\u0163ii cu fete \u015fi b\u0103ie\u0163i&#8221;"}]},{"@type":"WebSite","@id":"https:\/\/www.lovendal.ro\/wp52\/#website","url":"https:\/\/www.lovendal.ro\/wp52\/","name":"Secretele lui Lovendal","description":"Site de secrete, stiinta si metafizica - din 2008 -","publisher":{"@id":"https:\/\/www.lovendal.ro\/wp52\/#organization"},"potentialAction":[{"@type":"SearchAction","target":{"@type":"EntryPoint","urlTemplate":"https:\/\/www.lovendal.ro\/wp52\/?s={search_term_string}"},"query-input":{"@type":"PropertyValueSpecification","valueRequired":true,"valueName":"search_term_string"}}],"inLanguage":"ro-RO"},{"@type":"Organization","@id":"https:\/\/www.lovendal.ro\/wp52\/#organization","name":"Secretele lui Lovendal","url":"https:\/\/www.lovendal.ro\/wp52\/","logo":{"@type":"ImageObject","inLanguage":"ro-RO","@id":"https:\/\/www.lovendal.ro\/wp52\/#\/schema\/logo\/image\/","url":"https:\/\/www.lovendal.ro\/wp52\/wp-content\/uploads\/2024\/06\/cropped-SLL-iun-2024-1.jpg","contentUrl":"https:\/\/www.lovendal.ro\/wp52\/wp-content\/uploads\/2024\/06\/cropped-SLL-iun-2024-1.jpg","width":771,"height":240,"caption":"Secretele lui Lovendal"},"image":{"@id":"https:\/\/www.lovendal.ro\/wp52\/#\/schema\/logo\/image\/"},"sameAs":["https:\/\/www.facebook.com\/secreteleluilovendal"]},{"@type":"Person","@id":"https:\/\/www.lovendal.ro\/wp52\/#\/schema\/person\/088691de5dfc346bb0c023e1e52ef5d9","name":"admin","image":{"@type":"ImageObject","inLanguage":"ro-RO","@id":"https:\/\/secure.gravatar.com\/avatar\/ecb9cd41f5f63c9c9b989999a59f6e2639a865ec361e9db054db0679a8f341c2?s=96&d=mm&r=g","url":"https:\/\/secure.gravatar.com\/avatar\/ecb9cd41f5f63c9c9b989999a59f6e2639a865ec361e9db054db0679a8f341c2?s=96&d=mm&r=g","contentUrl":"https:\/\/secure.gravatar.com\/avatar\/ecb9cd41f5f63c9c9b989999a59f6e2639a865ec361e9db054db0679a8f341c2?s=96&d=mm&r=g","caption":"admin"},"sameAs":["https:\/\/www.lovendal.ro\/wp52"]}]}},"_links":{"self":[{"href":"https:\/\/www.lovendal.ro\/wp52\/wp-json\/wp\/v2\/posts\/12374","targetHints":{"allow":["GET"]}}],"collection":[{"href":"https:\/\/www.lovendal.ro\/wp52\/wp-json\/wp\/v2\/posts"}],"about":[{"href":"https:\/\/www.lovendal.ro\/wp52\/wp-json\/wp\/v2\/types\/post"}],"author":[{"embeddable":true,"href":"https:\/\/www.lovendal.ro\/wp52\/wp-json\/wp\/v2\/users\/1"}],"replies":[{"embeddable":true,"href":"https:\/\/www.lovendal.ro\/wp52\/wp-json\/wp\/v2\/comments?post=12374"}],"version-history":[{"count":0,"href":"https:\/\/www.lovendal.ro\/wp52\/wp-json\/wp\/v2\/posts\/12374\/revisions"}],"wp:featuredmedia":[{"embeddable":true,"href":"https:\/\/www.lovendal.ro\/wp52\/wp-json\/wp\/v2\/media\/12375"}],"wp:attachment":[{"href":"https:\/\/www.lovendal.ro\/wp52\/wp-json\/wp\/v2\/media?parent=12374"}],"wp:term":[{"taxonomy":"category","embeddable":true,"href":"https:\/\/www.lovendal.ro\/wp52\/wp-json\/wp\/v2\/categories?post=12374"},{"taxonomy":"post_tag","embeddable":true,"href":"https:\/\/www.lovendal.ro\/wp52\/wp-json\/wp\/v2\/tags?post=12374"}],"curies":[{"name":"wp","href":"https:\/\/api.w.org\/{rel}","templated":true}]}}