{"id":11982,"date":"2010-03-24T07:56:37","date_gmt":"2010-03-24T05:56:37","guid":{"rendered":"http:\/\/www.lovendal.net\/wp52\/?p=11982"},"modified":"2018-02-10T17:36:53","modified_gmt":"2018-02-10T15:36:53","slug":"o-veste-rea-pentru-ateisti-ateismul-este-imposibil-din-punct-de-vedere-stiintific","status":"publish","type":"post","link":"https:\/\/www.lovendal.ro\/wp52\/o-veste-rea-pentru-ateisti-ateismul-este-imposibil-din-punct-de-vedere-stiintific\/","title":{"rendered":"O veste rea pentru atei\u015fti: ateismul este imposibil din punct de vedere \u015ftiin\u0163ific"},"content":{"rendered":"<p><a href=\"https:\/\/www.lovendal.ro\/wp52\/wp-content\/uploads\/2010\/03\/Dumnezeu-90.jpg\"><img loading=\"lazy\" decoding=\"async\" class=\"alignleft size-full wp-image-11983\" title=\"Dumnezeu 90\" src=\"https:\/\/www.lovendal.ro\/wp52\/wp-content\/uploads\/2010\/03\/Dumnezeu-90.jpg\" alt=\"Dumnezeu 90\" width=\"294\" height=\"290\" \/><\/a>Cum articolul acesta pe care l-am publicat<strong> <a title=\"Permanent Link to \u00centreb\u0103rile unui ateu pentru to\u0163i credincio\u015fii (\u00een Dumnezeu, \u00een OZN-uri, \u00een diavol, \u00een \u00eengeri etc.)\" rel=\"bookmark\" href=\"..\/intrebarile-unui-ateu-pentru-toti-credinciosii-in-dumnezeu-in-ozn-uri-in-diavol-in-ingeri-etc\/\">\u00centreb\u0103rile unui ateu pentru to\u0163i credincio\u015fii (\u00een Dumnezeu, \u00een OZN-uri, \u00een diavol, \u00een \u00eengeri etc.)<\/a><\/strong> a creat mari controverse, m-am g\u00e2ndit s\u0103 continui seria acestui subiect cu o lovitur\u0103 grea pentru atei\u015fti: ateismul este negat de \u015ftiin\u0163\u0103!<\/p>\n<p>S\u0103 vedem despre ce e vorba. Ateismul reprezint\u0103 negarea implic\u0103rii vreunei inteligen\u0163e superioare \u00een crearea \u015fi men\u0163inerea acestui Univers \u015fi a vie\u0163ii. Odat\u0103 cu apari\u0163ia nanotehnologiei \u015fi a microbiologiei, oamenii de \u015ftiin\u0163\u0103 au avut posibilitatea de a examina ADN-ul \u015fi nivelurile subatomice, ajung\u00e2nd la concluzia c\u0103 ADN-ul n-ar fi putut evolua a\u015fa cum a sugerat Darwin. Marea majoritatea a oamenilor de \u015ftiin\u0163\u0103 sunt de acord c\u0103 ADN-ul nu poate fi dec\u00e2t produsul unei incredibile \u015fi avansate forme de inteligen\u0163\u0103.<\/p>\n<p>Atei\u015ftii darwinieni cred c\u0103 ADN-ul a ap\u0103rut \u00een urma unei &#8222;\u00eent\u00e2mpl\u0103ri cosmice&#8221;, f\u0103r\u0103 s\u0103 fie nevoie de ajutorul vreunei &#8222;inteligen\u0163e superioare&#8221;. Desigur, pentru a nu fi prea ridicoli, atei\u015ftilor le place s\u0103 foloseasc\u0103 termenul de &#8222;selec\u0163ie natural\u0103&#8221; pentru a explica aceste lucruri.<\/p>\n<p>Ateismul este \u015fi a fost \u00eentotdeauna o mi\u015fcare \u00eempotriva oric\u0103rei religii. P\u00e2n\u0103 acum c\u00e2teva sute de ani \u00een urm\u0103, oricine ar fi spus c\u0103 este ateist, ar fi fost executat imediat de guvernele care erau conduse \u015fi influen\u0163ate de Biserici. E adev\u0103rat c\u0103 la conducerea Bisericilor au ajuns oameni lacomi, plin de ur\u0103, corup\u0163i, avizi de putere, care au fost \u00een stare s\u0103 fac\u0103 orice pentru a conduce. Inclusiv pentru a declan\u015fa r\u0103zboaie \u015fi a omor\u00ee oameni. Dar asta nu \u00eenseamn\u0103 c\u0103 Dumnezeu e mort, sau c\u0103 El nu exist\u0103. Nu. Dumnezeu exist\u0103 peste tot; este omniprezent. Nu exist\u0103 nimic care s\u0103 nu fie Dumnezeu.<\/p>\n<p>Din moment ce e omniprezent, Dumnezeu trebuie s\u0103 fie \u015fi omnipotent, adic\u0103 s\u0103 de\u0163in\u0103 toat\u0103 puterea. Acest lucru e adev\u0103rat, pentru c\u0103, chiar \u015fi cea mai mic\u0103 particul\u0103 fizic\u0103 din acest Univers de\u0163ine putere.<\/p>\n<p>De asemenea, Dumnezeu este \u015fi omniscient, adic\u0103 \u015ftie totul. Este ca o minte uria\u015f\u0103, universal\u0103, \u00een care se include totul (vezi \u015fi articolul &#8222;<strong><a href=\"https:\/\/www.lovendal.ro\/wp52\/universul-holografic-este-toata-lumea-noastra-doar-o-iluzie\/\" target=\"_blank\">Universul holografic: este toat\u0103 lumea noastr\u0103 doar o iluzie?<\/a><\/strong>&#8222;, sec\u0163iunea despre creierul holografic).<\/p>\n<p>Dac\u0103 \u015ftim \u015fi accept\u0103m toate aceste lucruri, \u00eenseamn\u0103 c\u0103 to\u0163i suntem fiin\u0163e divine. Nu exist\u0103 alt\u0103 op\u0163iune. Nu ar fi minunat dac\u0103 to\u0163i am \u00een\u0163elege acest fapt?<\/p>\n","protected":false},"excerpt":{"rendered":"<p>Cum articolul acesta pe care l-am publicat \u00centreb\u0103rile unui ateu pentru to\u0163i credincio\u015fii (\u00een Dumnezeu, \u00een OZN-uri, \u00een diavol, \u00een \u00eengeri etc.) a creat mari controverse, m-am g\u00e2ndit s\u0103 continui seria acestui subiect cu o lovitur\u0103 grea pentru atei\u015fti: ateismul &#8230; <\/p>\n<p class=\"read-more-container\"><a title=\"O veste rea pentru atei\u015fti: ateismul este imposibil din punct de vedere \u015ftiin\u0163ific\" class=\"read-more button\" href=\"https:\/\/www.lovendal.ro\/wp52\/o-veste-rea-pentru-ateisti-ateismul-este-imposibil-din-punct-de-vedere-stiintific\/#more-11982\" aria-label=\"Cite\u0219te mai multe despre O veste rea pentru atei\u015fti: ateismul este imposibil din punct de vedere \u015ftiin\u0163ific\">Cititi mai multe<\/a><\/p>\n","protected":false},"author":1,"featured_media":11983,"comment_status":"open","ping_status":"closed","sticky":false,"template":"","format":"standard","meta":{"footnotes":""},"categories":[2883],"tags":[2509,323,9813,427],"class_list":["post-11982","post","type-post","status-publish","format-standard","has-post-thumbnail","hentry","category-editorial","tag-ateism","tag-dumnezeu","tag-editorial","tag-religie","resize-featured-image"],"yoast_head":"<!-- This site is optimized with the Yoast SEO Premium plugin v23.3 (Yoast SEO v27.4) - https:\/\/yoast.com\/product\/yoast-seo-premium-wordpress\/ -->\n<title>O veste rea pentru atei\u015fti: ateismul este imposibil din punct de vedere \u015ftiin\u0163ific - Secretele lui Lovendal<\/title>\n<meta name=\"robots\" content=\"index, follow, max-snippet:-1, max-image-preview:large, max-video-preview:-1\" \/>\n<link rel=\"canonical\" href=\"https:\/\/www.lovendal.ro\/wp52\/o-veste-rea-pentru-ateisti-ateismul-este-imposibil-din-punct-de-vedere-stiintific\/\" \/>\n<meta property=\"og:locale\" content=\"ro_RO\" \/>\n<meta property=\"og:type\" content=\"article\" \/>\n<meta property=\"og:title\" content=\"O veste rea pentru atei\u015fti: ateismul este imposibil din punct de vedere \u015ftiin\u0163ific\" \/>\n<meta property=\"og:description\" content=\"Cum articolul acesta pe care l-am publicat \u00centreb\u0103rile unui ateu pentru to\u0163i credincio\u015fii (\u00een Dumnezeu, \u00een OZN-uri, \u00een diavol, \u00een \u00eengeri etc.) a creat mari controverse, m-am g\u00e2ndit s\u0103 continui seria acestui subiect cu o lovitur\u0103 grea pentru atei\u015fti: ateismul ... Cititi mai multe\" \/>\n<meta property=\"og:url\" content=\"https:\/\/www.lovendal.ro\/wp52\/o-veste-rea-pentru-ateisti-ateismul-este-imposibil-din-punct-de-vedere-stiintific\/\" \/>\n<meta property=\"og:site_name\" content=\"Secretele lui Lovendal\" \/>\n<meta property=\"article:publisher\" content=\"https:\/\/www.facebook.com\/secreteleluilovendal\" \/>\n<meta property=\"article:published_time\" content=\"2010-03-24T05:56:37+00:00\" \/>\n<meta property=\"article:modified_time\" content=\"2018-02-10T15:36:53+00:00\" \/>\n<meta property=\"og:image\" content=\"https:\/\/www.lovendal.ro\/wp52\/wp-content\/uploads\/2010\/03\/Dumnezeu-90.jpg\" \/>\n\t<meta property=\"og:image:width\" content=\"294\" \/>\n\t<meta property=\"og:image:height\" content=\"290\" \/>\n\t<meta property=\"og:image:type\" content=\"image\/jpeg\" \/>\n<meta name=\"author\" content=\"admin\" \/>\n<meta name=\"twitter:card\" content=\"summary_large_image\" \/>\n<meta name=\"twitter:label1\" content=\"Scris de\" \/>\n\t<meta name=\"twitter:data1\" content=\"admin\" \/>\n\t<meta name=\"twitter:label2\" content=\"Timp estimat pentru citire\" \/>\n\t<meta name=\"twitter:data2\" content=\"2 minute\" \/>\n<script type=\"application\/ld+json\" class=\"yoast-schema-graph\">{\"@context\":\"https:\\\/\\\/schema.org\",\"@graph\":[{\"@type\":\"Article\",\"@id\":\"https:\\\/\\\/www.lovendal.ro\\\/wp52\\\/o-veste-rea-pentru-ateisti-ateismul-este-imposibil-din-punct-de-vedere-stiintific\\\/#article\",\"isPartOf\":{\"@id\":\"https:\\\/\\\/www.lovendal.ro\\\/wp52\\\/o-veste-rea-pentru-ateisti-ateismul-este-imposibil-din-punct-de-vedere-stiintific\\\/\"},\"author\":{\"name\":\"admin\",\"@id\":\"https:\\\/\\\/www.lovendal.ro\\\/wp52\\\/#\\\/schema\\\/person\\\/088691de5dfc346bb0c023e1e52ef5d9\"},\"headline\":\"O veste rea pentru atei\u015fti: ateismul este imposibil din punct de vedere \u015ftiin\u0163ific\",\"datePublished\":\"2010-03-24T05:56:37+00:00\",\"dateModified\":\"2018-02-10T15:36:53+00:00\",\"mainEntityOfPage\":{\"@id\":\"https:\\\/\\\/www.lovendal.ro\\\/wp52\\\/o-veste-rea-pentru-ateisti-ateismul-este-imposibil-din-punct-de-vedere-stiintific\\\/\"},\"wordCount\":422,\"commentCount\":82,\"publisher\":{\"@id\":\"https:\\\/\\\/www.lovendal.ro\\\/wp52\\\/#organization\"},\"image\":{\"@id\":\"https:\\\/\\\/www.lovendal.ro\\\/wp52\\\/o-veste-rea-pentru-ateisti-ateismul-este-imposibil-din-punct-de-vedere-stiintific\\\/#primaryimage\"},\"thumbnailUrl\":\"https:\\\/\\\/www.lovendal.ro\\\/wp52\\\/wp-content\\\/uploads\\\/2010\\\/03\\\/Dumnezeu-90.jpg\",\"keywords\":[\"ateism\",\"Dumnezeu\",\"Editorial\",\"religie\"],\"articleSection\":[\"Editorial\"],\"inLanguage\":\"ro-RO\",\"potentialAction\":[{\"@type\":\"CommentAction\",\"name\":\"Comment\",\"target\":[\"https:\\\/\\\/www.lovendal.ro\\\/wp52\\\/o-veste-rea-pentru-ateisti-ateismul-este-imposibil-din-punct-de-vedere-stiintific\\\/#respond\"]}]},{\"@type\":\"WebPage\",\"@id\":\"https:\\\/\\\/www.lovendal.ro\\\/wp52\\\/o-veste-rea-pentru-ateisti-ateismul-este-imposibil-din-punct-de-vedere-stiintific\\\/\",\"url\":\"https:\\\/\\\/www.lovendal.ro\\\/wp52\\\/o-veste-rea-pentru-ateisti-ateismul-este-imposibil-din-punct-de-vedere-stiintific\\\/\",\"name\":\"O veste rea pentru atei\u015fti: ateismul este imposibil din punct de vedere \u015ftiin\u0163ific - Secretele lui Lovendal\",\"isPartOf\":{\"@id\":\"https:\\\/\\\/www.lovendal.ro\\\/wp52\\\/#website\"},\"primaryImageOfPage\":{\"@id\":\"https:\\\/\\\/www.lovendal.ro\\\/wp52\\\/o-veste-rea-pentru-ateisti-ateismul-este-imposibil-din-punct-de-vedere-stiintific\\\/#primaryimage\"},\"image\":{\"@id\":\"https:\\\/\\\/www.lovendal.ro\\\/wp52\\\/o-veste-rea-pentru-ateisti-ateismul-este-imposibil-din-punct-de-vedere-stiintific\\\/#primaryimage\"},\"thumbnailUrl\":\"https:\\\/\\\/www.lovendal.ro\\\/wp52\\\/wp-content\\\/uploads\\\/2010\\\/03\\\/Dumnezeu-90.jpg\",\"datePublished\":\"2010-03-24T05:56:37+00:00\",\"dateModified\":\"2018-02-10T15:36:53+00:00\",\"breadcrumb\":{\"@id\":\"https:\\\/\\\/www.lovendal.ro\\\/wp52\\\/o-veste-rea-pentru-ateisti-ateismul-este-imposibil-din-punct-de-vedere-stiintific\\\/#breadcrumb\"},\"inLanguage\":\"ro-RO\",\"potentialAction\":[{\"@type\":\"ReadAction\",\"target\":[\"https:\\\/\\\/www.lovendal.ro\\\/wp52\\\/o-veste-rea-pentru-ateisti-ateismul-este-imposibil-din-punct-de-vedere-stiintific\\\/\"]}]},{\"@type\":\"ImageObject\",\"inLanguage\":\"ro-RO\",\"@id\":\"https:\\\/\\\/www.lovendal.ro\\\/wp52\\\/o-veste-rea-pentru-ateisti-ateismul-este-imposibil-din-punct-de-vedere-stiintific\\\/#primaryimage\",\"url\":\"https:\\\/\\\/www.lovendal.ro\\\/wp52\\\/wp-content\\\/uploads\\\/2010\\\/03\\\/Dumnezeu-90.jpg\",\"contentUrl\":\"https:\\\/\\\/www.lovendal.ro\\\/wp52\\\/wp-content\\\/uploads\\\/2010\\\/03\\\/Dumnezeu-90.jpg\",\"width\":\"294\",\"height\":\"290\"},{\"@type\":\"BreadcrumbList\",\"@id\":\"https:\\\/\\\/www.lovendal.ro\\\/wp52\\\/o-veste-rea-pentru-ateisti-ateismul-este-imposibil-din-punct-de-vedere-stiintific\\\/#breadcrumb\",\"itemListElement\":[{\"@type\":\"ListItem\",\"position\":1,\"name\":\"Home\",\"item\":\"https:\\\/\\\/www.lovendal.ro\\\/wp52\\\/\"},{\"@type\":\"ListItem\",\"position\":2,\"name\":\"O veste rea pentru atei\u015fti: ateismul este imposibil din punct de vedere \u015ftiin\u0163ific\"}]},{\"@type\":\"WebSite\",\"@id\":\"https:\\\/\\\/www.lovendal.ro\\\/wp52\\\/#website\",\"url\":\"https:\\\/\\\/www.lovendal.ro\\\/wp52\\\/\",\"name\":\"Secretele lui Lovendal\",\"description\":\"Site de secrete, stiinta si metafizica - din 2008 -\",\"publisher\":{\"@id\":\"https:\\\/\\\/www.lovendal.ro\\\/wp52\\\/#organization\"},\"potentialAction\":[{\"@type\":\"SearchAction\",\"target\":{\"@type\":\"EntryPoint\",\"urlTemplate\":\"https:\\\/\\\/www.lovendal.ro\\\/wp52\\\/?s={search_term_string}\"},\"query-input\":{\"@type\":\"PropertyValueSpecification\",\"valueRequired\":true,\"valueName\":\"search_term_string\"}}],\"inLanguage\":\"ro-RO\"},{\"@type\":\"Organization\",\"@id\":\"https:\\\/\\\/www.lovendal.ro\\\/wp52\\\/#organization\",\"name\":\"Secretele lui Lovendal\",\"url\":\"https:\\\/\\\/www.lovendal.ro\\\/wp52\\\/\",\"logo\":{\"@type\":\"ImageObject\",\"inLanguage\":\"ro-RO\",\"@id\":\"https:\\\/\\\/www.lovendal.ro\\\/wp52\\\/#\\\/schema\\\/logo\\\/image\\\/\",\"url\":\"https:\\\/\\\/www.lovendal.ro\\\/wp52\\\/wp-content\\\/uploads\\\/2024\\\/06\\\/cropped-SLL-iun-2024-1.jpg\",\"contentUrl\":\"https:\\\/\\\/www.lovendal.ro\\\/wp52\\\/wp-content\\\/uploads\\\/2024\\\/06\\\/cropped-SLL-iun-2024-1.jpg\",\"width\":771,\"height\":240,\"caption\":\"Secretele lui Lovendal\"},\"image\":{\"@id\":\"https:\\\/\\\/www.lovendal.ro\\\/wp52\\\/#\\\/schema\\\/logo\\\/image\\\/\"},\"sameAs\":[\"https:\\\/\\\/www.facebook.com\\\/secreteleluilovendal\"]},{\"@type\":\"Person\",\"@id\":\"https:\\\/\\\/www.lovendal.ro\\\/wp52\\\/#\\\/schema\\\/person\\\/088691de5dfc346bb0c023e1e52ef5d9\",\"name\":\"admin\",\"image\":{\"@type\":\"ImageObject\",\"inLanguage\":\"ro-RO\",\"@id\":\"https:\\\/\\\/secure.gravatar.com\\\/avatar\\\/ecb9cd41f5f63c9c9b989999a59f6e2639a865ec361e9db054db0679a8f341c2?s=96&d=mm&r=g\",\"url\":\"https:\\\/\\\/secure.gravatar.com\\\/avatar\\\/ecb9cd41f5f63c9c9b989999a59f6e2639a865ec361e9db054db0679a8f341c2?s=96&d=mm&r=g\",\"contentUrl\":\"https:\\\/\\\/secure.gravatar.com\\\/avatar\\\/ecb9cd41f5f63c9c9b989999a59f6e2639a865ec361e9db054db0679a8f341c2?s=96&d=mm&r=g\",\"caption\":\"admin\"},\"sameAs\":[\"https:\\\/\\\/www.lovendal.ro\\\/wp52\"]}]}<\/script>\n<!-- \/ Yoast SEO Premium plugin. -->","yoast_head_json":{"title":"O veste rea pentru atei\u015fti: ateismul este imposibil din punct de vedere \u015ftiin\u0163ific - Secretele lui Lovendal","robots":{"index":"index","follow":"follow","max-snippet":"max-snippet:-1","max-image-preview":"max-image-preview:large","max-video-preview":"max-video-preview:-1"},"canonical":"https:\/\/www.lovendal.ro\/wp52\/o-veste-rea-pentru-ateisti-ateismul-este-imposibil-din-punct-de-vedere-stiintific\/","og_locale":"ro_RO","og_type":"article","og_title":"O veste rea pentru atei\u015fti: ateismul este imposibil din punct de vedere \u015ftiin\u0163ific","og_description":"Cum articolul acesta pe care l-am publicat \u00centreb\u0103rile unui ateu pentru to\u0163i credincio\u015fii (\u00een Dumnezeu, \u00een OZN-uri, \u00een diavol, \u00een \u00eengeri etc.) a creat mari controverse, m-am g\u00e2ndit s\u0103 continui seria acestui subiect cu o lovitur\u0103 grea pentru atei\u015fti: ateismul ... Cititi mai multe","og_url":"https:\/\/www.lovendal.ro\/wp52\/o-veste-rea-pentru-ateisti-ateismul-este-imposibil-din-punct-de-vedere-stiintific\/","og_site_name":"Secretele lui Lovendal","article_publisher":"https:\/\/www.facebook.com\/secreteleluilovendal","article_published_time":"2010-03-24T05:56:37+00:00","article_modified_time":"2018-02-10T15:36:53+00:00","og_image":[{"width":294,"height":290,"url":"https:\/\/www.lovendal.ro\/wp52\/wp-content\/uploads\/2010\/03\/Dumnezeu-90.jpg","type":"image\/jpeg"}],"author":"admin","twitter_card":"summary_large_image","twitter_misc":{"Scris de":"admin","Timp estimat pentru citire":"2 minute"},"schema":{"@context":"https:\/\/schema.org","@graph":[{"@type":"Article","@id":"https:\/\/www.lovendal.ro\/wp52\/o-veste-rea-pentru-ateisti-ateismul-este-imposibil-din-punct-de-vedere-stiintific\/#article","isPartOf":{"@id":"https:\/\/www.lovendal.ro\/wp52\/o-veste-rea-pentru-ateisti-ateismul-este-imposibil-din-punct-de-vedere-stiintific\/"},"author":{"name":"admin","@id":"https:\/\/www.lovendal.ro\/wp52\/#\/schema\/person\/088691de5dfc346bb0c023e1e52ef5d9"},"headline":"O veste rea pentru atei\u015fti: ateismul este imposibil din punct de vedere \u015ftiin\u0163ific","datePublished":"2010-03-24T05:56:37+00:00","dateModified":"2018-02-10T15:36:53+00:00","mainEntityOfPage":{"@id":"https:\/\/www.lovendal.ro\/wp52\/o-veste-rea-pentru-ateisti-ateismul-este-imposibil-din-punct-de-vedere-stiintific\/"},"wordCount":422,"commentCount":82,"publisher":{"@id":"https:\/\/www.lovendal.ro\/wp52\/#organization"},"image":{"@id":"https:\/\/www.lovendal.ro\/wp52\/o-veste-rea-pentru-ateisti-ateismul-este-imposibil-din-punct-de-vedere-stiintific\/#primaryimage"},"thumbnailUrl":"https:\/\/www.lovendal.ro\/wp52\/wp-content\/uploads\/2010\/03\/Dumnezeu-90.jpg","keywords":["ateism","Dumnezeu","Editorial","religie"],"articleSection":["Editorial"],"inLanguage":"ro-RO","potentialAction":[{"@type":"CommentAction","name":"Comment","target":["https:\/\/www.lovendal.ro\/wp52\/o-veste-rea-pentru-ateisti-ateismul-este-imposibil-din-punct-de-vedere-stiintific\/#respond"]}]},{"@type":"WebPage","@id":"https:\/\/www.lovendal.ro\/wp52\/o-veste-rea-pentru-ateisti-ateismul-este-imposibil-din-punct-de-vedere-stiintific\/","url":"https:\/\/www.lovendal.ro\/wp52\/o-veste-rea-pentru-ateisti-ateismul-este-imposibil-din-punct-de-vedere-stiintific\/","name":"O veste rea pentru atei\u015fti: ateismul este imposibil din punct de vedere \u015ftiin\u0163ific - Secretele lui Lovendal","isPartOf":{"@id":"https:\/\/www.lovendal.ro\/wp52\/#website"},"primaryImageOfPage":{"@id":"https:\/\/www.lovendal.ro\/wp52\/o-veste-rea-pentru-ateisti-ateismul-este-imposibil-din-punct-de-vedere-stiintific\/#primaryimage"},"image":{"@id":"https:\/\/www.lovendal.ro\/wp52\/o-veste-rea-pentru-ateisti-ateismul-este-imposibil-din-punct-de-vedere-stiintific\/#primaryimage"},"thumbnailUrl":"https:\/\/www.lovendal.ro\/wp52\/wp-content\/uploads\/2010\/03\/Dumnezeu-90.jpg","datePublished":"2010-03-24T05:56:37+00:00","dateModified":"2018-02-10T15:36:53+00:00","breadcrumb":{"@id":"https:\/\/www.lovendal.ro\/wp52\/o-veste-rea-pentru-ateisti-ateismul-este-imposibil-din-punct-de-vedere-stiintific\/#breadcrumb"},"inLanguage":"ro-RO","potentialAction":[{"@type":"ReadAction","target":["https:\/\/www.lovendal.ro\/wp52\/o-veste-rea-pentru-ateisti-ateismul-este-imposibil-din-punct-de-vedere-stiintific\/"]}]},{"@type":"ImageObject","inLanguage":"ro-RO","@id":"https:\/\/www.lovendal.ro\/wp52\/o-veste-rea-pentru-ateisti-ateismul-este-imposibil-din-punct-de-vedere-stiintific\/#primaryimage","url":"https:\/\/www.lovendal.ro\/wp52\/wp-content\/uploads\/2010\/03\/Dumnezeu-90.jpg","contentUrl":"https:\/\/www.lovendal.ro\/wp52\/wp-content\/uploads\/2010\/03\/Dumnezeu-90.jpg","width":"294","height":"290"},{"@type":"BreadcrumbList","@id":"https:\/\/www.lovendal.ro\/wp52\/o-veste-rea-pentru-ateisti-ateismul-este-imposibil-din-punct-de-vedere-stiintific\/#breadcrumb","itemListElement":[{"@type":"ListItem","position":1,"name":"Home","item":"https:\/\/www.lovendal.ro\/wp52\/"},{"@type":"ListItem","position":2,"name":"O veste rea pentru atei\u015fti: ateismul este imposibil din punct de vedere \u015ftiin\u0163ific"}]},{"@type":"WebSite","@id":"https:\/\/www.lovendal.ro\/wp52\/#website","url":"https:\/\/www.lovendal.ro\/wp52\/","name":"Secretele lui Lovendal","description":"Site de secrete, stiinta si metafizica - din 2008 -","publisher":{"@id":"https:\/\/www.lovendal.ro\/wp52\/#organization"},"potentialAction":[{"@type":"SearchAction","target":{"@type":"EntryPoint","urlTemplate":"https:\/\/www.lovendal.ro\/wp52\/?s={search_term_string}"},"query-input":{"@type":"PropertyValueSpecification","valueRequired":true,"valueName":"search_term_string"}}],"inLanguage":"ro-RO"},{"@type":"Organization","@id":"https:\/\/www.lovendal.ro\/wp52\/#organization","name":"Secretele lui Lovendal","url":"https:\/\/www.lovendal.ro\/wp52\/","logo":{"@type":"ImageObject","inLanguage":"ro-RO","@id":"https:\/\/www.lovendal.ro\/wp52\/#\/schema\/logo\/image\/","url":"https:\/\/www.lovendal.ro\/wp52\/wp-content\/uploads\/2024\/06\/cropped-SLL-iun-2024-1.jpg","contentUrl":"https:\/\/www.lovendal.ro\/wp52\/wp-content\/uploads\/2024\/06\/cropped-SLL-iun-2024-1.jpg","width":771,"height":240,"caption":"Secretele lui Lovendal"},"image":{"@id":"https:\/\/www.lovendal.ro\/wp52\/#\/schema\/logo\/image\/"},"sameAs":["https:\/\/www.facebook.com\/secreteleluilovendal"]},{"@type":"Person","@id":"https:\/\/www.lovendal.ro\/wp52\/#\/schema\/person\/088691de5dfc346bb0c023e1e52ef5d9","name":"admin","image":{"@type":"ImageObject","inLanguage":"ro-RO","@id":"https:\/\/secure.gravatar.com\/avatar\/ecb9cd41f5f63c9c9b989999a59f6e2639a865ec361e9db054db0679a8f341c2?s=96&d=mm&r=g","url":"https:\/\/secure.gravatar.com\/avatar\/ecb9cd41f5f63c9c9b989999a59f6e2639a865ec361e9db054db0679a8f341c2?s=96&d=mm&r=g","contentUrl":"https:\/\/secure.gravatar.com\/avatar\/ecb9cd41f5f63c9c9b989999a59f6e2639a865ec361e9db054db0679a8f341c2?s=96&d=mm&r=g","caption":"admin"},"sameAs":["https:\/\/www.lovendal.ro\/wp52"]}]}},"_links":{"self":[{"href":"https:\/\/www.lovendal.ro\/wp52\/wp-json\/wp\/v2\/posts\/11982","targetHints":{"allow":["GET"]}}],"collection":[{"href":"https:\/\/www.lovendal.ro\/wp52\/wp-json\/wp\/v2\/posts"}],"about":[{"href":"https:\/\/www.lovendal.ro\/wp52\/wp-json\/wp\/v2\/types\/post"}],"author":[{"embeddable":true,"href":"https:\/\/www.lovendal.ro\/wp52\/wp-json\/wp\/v2\/users\/1"}],"replies":[{"embeddable":true,"href":"https:\/\/www.lovendal.ro\/wp52\/wp-json\/wp\/v2\/comments?post=11982"}],"version-history":[{"count":0,"href":"https:\/\/www.lovendal.ro\/wp52\/wp-json\/wp\/v2\/posts\/11982\/revisions"}],"wp:featuredmedia":[{"embeddable":true,"href":"https:\/\/www.lovendal.ro\/wp52\/wp-json\/wp\/v2\/media\/11983"}],"wp:attachment":[{"href":"https:\/\/www.lovendal.ro\/wp52\/wp-json\/wp\/v2\/media?parent=11982"}],"wp:term":[{"taxonomy":"category","embeddable":true,"href":"https:\/\/www.lovendal.ro\/wp52\/wp-json\/wp\/v2\/categories?post=11982"},{"taxonomy":"post_tag","embeddable":true,"href":"https:\/\/www.lovendal.ro\/wp52\/wp-json\/wp\/v2\/tags?post=11982"}],"curies":[{"name":"wp","href":"https:\/\/api.w.org\/{rel}","templated":true}]}}