{"id":11944,"date":"2010-03-21T14:43:58","date_gmt":"2010-03-21T12:43:58","guid":{"rendered":"http:\/\/www.lovendal.net\/wp52\/?p=11944"},"modified":"2010-03-21T14:47:32","modified_gmt":"2010-03-21T12:47:32","slug":"pe-manastirea-voronet-se-afla-pictat-un-balaur-care-exista-acum-500-de-ani-in-moldova","status":"publish","type":"post","link":"https:\/\/www.lovendal.ro\/wp52\/pe-manastirea-voronet-se-afla-pictat-un-balaur-care-exista-acum-500-de-ani-in-moldova\/","title":{"rendered":"Pe M\u0103n\u0103stirea Vorone\u0163 se afl\u0103 pictat un balaur care exista acum 500 de ani \u00een Moldova?"},"content":{"rendered":"<p><a href=\"https:\/\/www.lovendal.ro\/wp52\/wp-content\/uploads\/2010\/03\/Sf-Gheorghe.jpg\"><img loading=\"lazy\" decoding=\"async\" class=\"alignleft size-full wp-image-11945\" title=\"Sf Gheorghe\" src=\"https:\/\/www.lovendal.ro\/wp52\/wp-content\/uploads\/2010\/03\/Sf-Gheorghe.jpg\" alt=\"Sf Gheorghe\" width=\"297\" height=\"292\" \/><\/a>Ansamblurile de pictur\u0103 mural\u0103 ale m\u0103n\u0103stirilor din Bucovina se situeaz\u0103 \u00een r\u00e2ndul celor mai importante opere de art\u0103 din R\u0103s\u0103ritul Ortodox. Dintre ele, un rol reprezentativ \u00eel ocup\u0103 Vorone\u0163ul, iar marea scen\u0103 Judecata de Apoi este considerat\u0103 capodopera galeriei picturilor de sorginte laic\u0103, av\u00e2nd o v\u0103dit\u0103 inspira\u0163ie folcloric\u0103.<\/p>\n<p>Pe respectiva fresc\u0103 a Judec\u0103\u0163ii de Apoi, printre animalele chemate s\u0103 redea momentului judec\u0103\u0163ii pe oamenii devora\u0163i \u00een decursul timpului se remarc\u0103 \u015fi reprezentarea unui fel de balaur, un soi de dragon, acel Draco Volans despre care se spunea c\u0103 ar fi tr\u0103it cu multe zeci de mii de ani \u00een urm\u0103, disp\u0103r\u00e2nd &#8211; \u00eempreun\u0103 cu celelalte animale asem\u0103n\u0103toare &#8211; \u00een urma unui cataclism de o natur\u0103 deocamdat\u0103 controversat\u0103. Dar, \u00een ultimul timp, oamenii de \u015ftiin\u0163\u0103 au \u00eenceput s\u0103 accepte ideea c\u0103 asemenea specii, considerate veritabile fosile vii, ar mai fi fost posibil s\u0103 tr\u0103iasc\u0103 uneori \u00een anumite locuri care le puteau asigura ceva din condi\u0163iile minime de existen\u0163\u0103.<\/p>\n<p>Revenind la problema noastr\u0103, re\u0163inem afirma\u0163ia \u00eenv\u0103\u0163atului german Athanassius Kircher (<em>Mundus subteraneus<\/em> -1665), cum c\u0103 \u00een anul 1660 ar fi fost ucis l\u00e2ng\u0103 Roma un asemenea dragon zbur\u0103tor. Afirma\u0163ia respectiv\u0103 nu ne mai apare ast\u0103zi nici total imaginar\u0103 \u015fi nici m\u0103car stranie. \u00cen monumentala lucrare <em>Historia animallum<\/em> a lui Conrad Gessner din Zurich, la capitolul <em>Despre balauri <\/em>este redat un Draco Volans, numit \u015farpe zbur\u0103tor, de fapt o \u015fop\u00e2rl\u0103 uria\u015f\u0103 dotat\u0103 cu aripi membranoase care-i permiteau salturi cu o planare de pe un arbore pe altul. Gessner afirm\u0103 c\u0103 asemenea animale mai vie\u0163uiau \u00een plin secol XVI \u00een anumite zone s\u0103lbatice din sud-estul Europei \u015fi c\u0103, mai mult, \u00een localitatea La Rochelle un astfel de \u201ebalaur&#8221; ar fi fost dobor\u00eet \u015fi ucis cu furca de un \u0163\u0103ran francez.<\/p>\n<p>\u201eBalaurul&#8221; pictat \u00een cadrul frescei Judecata de Apoi ne apare uluitor de asem\u0103n\u0103tor cu cel descris \u015fi redat iconografic \u00een c\u0103r\u0163ile celor doi autori. \u00cen aceste condi\u0163ii nu putem s\u0103 nu ne g\u00e2ndim c\u0103 reprezentarea \u201ebalaurului&#8221; de la Vorone\u0163 nu mai trebuie privit\u0103 ca pur\u0103 fic\u0163iune, n\u0103scut\u0103 dintr-o imagina\u0163ie prea bogat\u0103 \u015fi ad\u0103ugat\u0103 doar ca s\u0103 dea credibilitate unui tablou \u00eenfrico\u015f\u0103tor. De altfel \u015fi \u00een credin\u0163ele populare imaginea balaurului este mult prea vie pentru a fi subzistat numai ca un ecou din paleofolclor. Marcel Olinescu, \u00een <em>Mitologia Rom\u00e2neasc\u0103<\/em>, ne d\u0103 o descriere-tip, preluat\u0103 din basme, care nu ar contraveni cu nimic ultimelor teorii savante: <em>\u201eBalaurul avea patru sau mai multe picioare, a\u015fa cum au \u015fop\u00e2rlele, dar avea gheare ca un leu. Coada \u00eei era lung\u0103 ca la \u015farpe, dar a\u015fa de puternic\u0103 \u00eenc\u00e2t cu o lovitur\u0103 putea ucide un taur. Unii aveau \u015fi aripi pe spate, dar cei mai mul\u0163i se t\u00e2rau numai pe p\u0103m\u00e2nt \u015fi vie\u0163uiau \u00een p\u0103duri ad\u00e2nci, \u00een pe\u015fteri ori \u00een f\u00e2nt\u00e2ni -, ascunz\u00e2ndu-se \u00een \u00eentuneca\u0163ii codri sau \u00een v\u0103g\u0103unele cele mai retrase. \u00een vechime, c\u00e2nd lumea era ceva mai pu\u0163in\u0103, le era foarte u\u015for s\u0103 se ascund\u0103&#8221;.<\/em><\/p>\n<p>\u00cen concluzie, e relevant faptul c\u0103 prin anul 1547 c\u00e2nd a fost pictat Vorone\u0163ul, se cuno\u015fteu detalii surprinz\u0103toare \u015fi am\u0103nun\u0163ite despre acest Draco Volans; iar asta cu mult mai \u00eenainte de reprezent\u0103rile unor Kircher \u015fi Gessner.<\/p>\n","protected":false},"excerpt":{"rendered":"<p>Ansamblurile de pictur\u0103 mural\u0103 ale m\u0103n\u0103stirilor din Bucovina se situeaz\u0103 \u00een r\u00e2ndul celor mai importante opere de art\u0103 din R\u0103s\u0103ritul Ortodox. Dintre ele, un rol reprezentativ \u00eel ocup\u0103 Vorone\u0163ul, iar marea scen\u0103 Judecata de Apoi este considerat\u0103 capodopera galeriei picturilor &#8230; <\/p>\n<p class=\"read-more-container\"><a title=\"Pe M\u0103n\u0103stirea Vorone\u0163 se afl\u0103 pictat un balaur care exista acum 500 de ani \u00een Moldova?\" class=\"read-more button\" href=\"https:\/\/www.lovendal.ro\/wp52\/pe-manastirea-voronet-se-afla-pictat-un-balaur-care-exista-acum-500-de-ani-in-moldova\/#more-11944\" aria-label=\"Cite\u0219te mai multe despre Pe M\u0103n\u0103stirea Vorone\u0163 se afl\u0103 pictat un balaur care exista acum 500 de ani \u00een Moldova?\">Cititi mai multe<\/a><\/p>\n","protected":false},"author":1,"featured_media":11945,"comment_status":"open","ping_status":"closed","sticky":false,"template":"","format":"standard","meta":{"footnotes":""},"categories":[14],"tags":[1644,3117,1620,3116,377,9796,3118],"class_list":["post-11944","post","type-post","status-publish","format-standard","has-post-thumbnail","hentry","category-paranormal-spiritualitate","tag-balaur","tag-judecata-de-apoi","tag-manastire","tag-manastirea-voronet","tag-moldova","tag-paranormal-spiritualitate","tag-sf-gheorghe","resize-featured-image"],"yoast_head":"<!-- This site is optimized with the Yoast SEO Premium plugin v23.3 (Yoast SEO v27.4) - https:\/\/yoast.com\/product\/yoast-seo-premium-wordpress\/ -->\n<title>Pe M\u0103n\u0103stirea Vorone\u0163 se afl\u0103 pictat un balaur care exista acum 500 de ani \u00een Moldova? - Secretele lui Lovendal<\/title>\n<meta name=\"robots\" content=\"index, follow, max-snippet:-1, max-image-preview:large, max-video-preview:-1\" \/>\n<link rel=\"canonical\" href=\"https:\/\/www.lovendal.ro\/wp52\/pe-manastirea-voronet-se-afla-pictat-un-balaur-care-exista-acum-500-de-ani-in-moldova\/\" \/>\n<meta property=\"og:locale\" content=\"ro_RO\" \/>\n<meta property=\"og:type\" content=\"article\" \/>\n<meta property=\"og:title\" content=\"Pe M\u0103n\u0103stirea Vorone\u0163 se afl\u0103 pictat un balaur care exista acum 500 de ani \u00een Moldova?\" \/>\n<meta property=\"og:description\" content=\"Ansamblurile de pictur\u0103 mural\u0103 ale m\u0103n\u0103stirilor din Bucovina se situeaz\u0103 \u00een r\u00e2ndul celor mai importante opere de art\u0103 din R\u0103s\u0103ritul Ortodox. Dintre ele, un rol reprezentativ \u00eel ocup\u0103 Vorone\u0163ul, iar marea scen\u0103 Judecata de Apoi este considerat\u0103 capodopera galeriei picturilor ... Cititi mai multe\" \/>\n<meta property=\"og:url\" content=\"https:\/\/www.lovendal.ro\/wp52\/pe-manastirea-voronet-se-afla-pictat-un-balaur-care-exista-acum-500-de-ani-in-moldova\/\" \/>\n<meta property=\"og:site_name\" content=\"Secretele lui Lovendal\" \/>\n<meta property=\"article:publisher\" content=\"https:\/\/www.facebook.com\/secreteleluilovendal\" \/>\n<meta property=\"article:published_time\" content=\"2010-03-21T12:43:58+00:00\" \/>\n<meta property=\"article:modified_time\" content=\"2010-03-21T12:47:32+00:00\" \/>\n<meta property=\"og:image\" content=\"https:\/\/www.lovendal.ro\/wp52\/wp-content\/uploads\/2010\/03\/Sf-Gheorghe.jpg\" \/>\n\t<meta property=\"og:image:width\" content=\"297\" \/>\n\t<meta property=\"og:image:height\" content=\"292\" \/>\n\t<meta property=\"og:image:type\" content=\"image\/jpeg\" \/>\n<meta name=\"author\" content=\"admin\" \/>\n<meta name=\"twitter:card\" content=\"summary_large_image\" \/>\n<meta name=\"twitter:label1\" content=\"Scris de\" \/>\n\t<meta name=\"twitter:data1\" content=\"admin\" \/>\n\t<meta name=\"twitter:label2\" content=\"Timp estimat pentru citire\" \/>\n\t<meta name=\"twitter:data2\" content=\"3 minute\" \/>\n<script type=\"application\/ld+json\" class=\"yoast-schema-graph\">{\"@context\":\"https:\\\/\\\/schema.org\",\"@graph\":[{\"@type\":\"Article\",\"@id\":\"https:\\\/\\\/www.lovendal.ro\\\/wp52\\\/pe-manastirea-voronet-se-afla-pictat-un-balaur-care-exista-acum-500-de-ani-in-moldova\\\/#article\",\"isPartOf\":{\"@id\":\"https:\\\/\\\/www.lovendal.ro\\\/wp52\\\/pe-manastirea-voronet-se-afla-pictat-un-balaur-care-exista-acum-500-de-ani-in-moldova\\\/\"},\"author\":{\"name\":\"admin\",\"@id\":\"https:\\\/\\\/www.lovendal.ro\\\/wp52\\\/#\\\/schema\\\/person\\\/088691de5dfc346bb0c023e1e52ef5d9\"},\"headline\":\"Pe M\u0103n\u0103stirea Vorone\u0163 se afl\u0103 pictat un balaur care exista acum 500 de ani \u00een Moldova?\",\"datePublished\":\"2010-03-21T12:43:58+00:00\",\"dateModified\":\"2010-03-21T12:47:32+00:00\",\"mainEntityOfPage\":{\"@id\":\"https:\\\/\\\/www.lovendal.ro\\\/wp52\\\/pe-manastirea-voronet-se-afla-pictat-un-balaur-care-exista-acum-500-de-ani-in-moldova\\\/\"},\"wordCount\":600,\"commentCount\":24,\"publisher\":{\"@id\":\"https:\\\/\\\/www.lovendal.ro\\\/wp52\\\/#organization\"},\"image\":{\"@id\":\"https:\\\/\\\/www.lovendal.ro\\\/wp52\\\/pe-manastirea-voronet-se-afla-pictat-un-balaur-care-exista-acum-500-de-ani-in-moldova\\\/#primaryimage\"},\"thumbnailUrl\":\"https:\\\/\\\/www.lovendal.ro\\\/wp52\\\/wp-content\\\/uploads\\\/2010\\\/03\\\/Sf-Gheorghe.jpg\",\"keywords\":[\"balaur\",\"Judecata de Apoi\",\"m\u0103n\u0103stire\",\"M\u0103n\u0103stirea Vorone\u0163\",\"Moldova\",\"Paranormal-Spiritualitate\",\"Sf. Gheorghe\"],\"articleSection\":[\"Paranormal-Spiritualitate\"],\"inLanguage\":\"ro-RO\",\"potentialAction\":[{\"@type\":\"CommentAction\",\"name\":\"Comment\",\"target\":[\"https:\\\/\\\/www.lovendal.ro\\\/wp52\\\/pe-manastirea-voronet-se-afla-pictat-un-balaur-care-exista-acum-500-de-ani-in-moldova\\\/#respond\"]}]},{\"@type\":\"WebPage\",\"@id\":\"https:\\\/\\\/www.lovendal.ro\\\/wp52\\\/pe-manastirea-voronet-se-afla-pictat-un-balaur-care-exista-acum-500-de-ani-in-moldova\\\/\",\"url\":\"https:\\\/\\\/www.lovendal.ro\\\/wp52\\\/pe-manastirea-voronet-se-afla-pictat-un-balaur-care-exista-acum-500-de-ani-in-moldova\\\/\",\"name\":\"Pe M\u0103n\u0103stirea Vorone\u0163 se afl\u0103 pictat un balaur care exista acum 500 de ani \u00een Moldova? - Secretele lui Lovendal\",\"isPartOf\":{\"@id\":\"https:\\\/\\\/www.lovendal.ro\\\/wp52\\\/#website\"},\"primaryImageOfPage\":{\"@id\":\"https:\\\/\\\/www.lovendal.ro\\\/wp52\\\/pe-manastirea-voronet-se-afla-pictat-un-balaur-care-exista-acum-500-de-ani-in-moldova\\\/#primaryimage\"},\"image\":{\"@id\":\"https:\\\/\\\/www.lovendal.ro\\\/wp52\\\/pe-manastirea-voronet-se-afla-pictat-un-balaur-care-exista-acum-500-de-ani-in-moldova\\\/#primaryimage\"},\"thumbnailUrl\":\"https:\\\/\\\/www.lovendal.ro\\\/wp52\\\/wp-content\\\/uploads\\\/2010\\\/03\\\/Sf-Gheorghe.jpg\",\"datePublished\":\"2010-03-21T12:43:58+00:00\",\"dateModified\":\"2010-03-21T12:47:32+00:00\",\"breadcrumb\":{\"@id\":\"https:\\\/\\\/www.lovendal.ro\\\/wp52\\\/pe-manastirea-voronet-se-afla-pictat-un-balaur-care-exista-acum-500-de-ani-in-moldova\\\/#breadcrumb\"},\"inLanguage\":\"ro-RO\",\"potentialAction\":[{\"@type\":\"ReadAction\",\"target\":[\"https:\\\/\\\/www.lovendal.ro\\\/wp52\\\/pe-manastirea-voronet-se-afla-pictat-un-balaur-care-exista-acum-500-de-ani-in-moldova\\\/\"]}]},{\"@type\":\"ImageObject\",\"inLanguage\":\"ro-RO\",\"@id\":\"https:\\\/\\\/www.lovendal.ro\\\/wp52\\\/pe-manastirea-voronet-se-afla-pictat-un-balaur-care-exista-acum-500-de-ani-in-moldova\\\/#primaryimage\",\"url\":\"https:\\\/\\\/www.lovendal.ro\\\/wp52\\\/wp-content\\\/uploads\\\/2010\\\/03\\\/Sf-Gheorghe.jpg\",\"contentUrl\":\"https:\\\/\\\/www.lovendal.ro\\\/wp52\\\/wp-content\\\/uploads\\\/2010\\\/03\\\/Sf-Gheorghe.jpg\",\"width\":\"297\",\"height\":\"292\"},{\"@type\":\"BreadcrumbList\",\"@id\":\"https:\\\/\\\/www.lovendal.ro\\\/wp52\\\/pe-manastirea-voronet-se-afla-pictat-un-balaur-care-exista-acum-500-de-ani-in-moldova\\\/#breadcrumb\",\"itemListElement\":[{\"@type\":\"ListItem\",\"position\":1,\"name\":\"Home\",\"item\":\"https:\\\/\\\/www.lovendal.ro\\\/wp52\\\/\"},{\"@type\":\"ListItem\",\"position\":2,\"name\":\"Pe M\u0103n\u0103stirea Vorone\u0163 se afl\u0103 pictat un balaur care exista acum 500 de ani \u00een Moldova?\"}]},{\"@type\":\"WebSite\",\"@id\":\"https:\\\/\\\/www.lovendal.ro\\\/wp52\\\/#website\",\"url\":\"https:\\\/\\\/www.lovendal.ro\\\/wp52\\\/\",\"name\":\"Secretele lui Lovendal\",\"description\":\"Site de secrete, stiinta si metafizica - din 2008 -\",\"publisher\":{\"@id\":\"https:\\\/\\\/www.lovendal.ro\\\/wp52\\\/#organization\"},\"potentialAction\":[{\"@type\":\"SearchAction\",\"target\":{\"@type\":\"EntryPoint\",\"urlTemplate\":\"https:\\\/\\\/www.lovendal.ro\\\/wp52\\\/?s={search_term_string}\"},\"query-input\":{\"@type\":\"PropertyValueSpecification\",\"valueRequired\":true,\"valueName\":\"search_term_string\"}}],\"inLanguage\":\"ro-RO\"},{\"@type\":\"Organization\",\"@id\":\"https:\\\/\\\/www.lovendal.ro\\\/wp52\\\/#organization\",\"name\":\"Secretele lui Lovendal\",\"url\":\"https:\\\/\\\/www.lovendal.ro\\\/wp52\\\/\",\"logo\":{\"@type\":\"ImageObject\",\"inLanguage\":\"ro-RO\",\"@id\":\"https:\\\/\\\/www.lovendal.ro\\\/wp52\\\/#\\\/schema\\\/logo\\\/image\\\/\",\"url\":\"https:\\\/\\\/www.lovendal.ro\\\/wp52\\\/wp-content\\\/uploads\\\/2024\\\/06\\\/cropped-SLL-iun-2024-1.jpg\",\"contentUrl\":\"https:\\\/\\\/www.lovendal.ro\\\/wp52\\\/wp-content\\\/uploads\\\/2024\\\/06\\\/cropped-SLL-iun-2024-1.jpg\",\"width\":771,\"height\":240,\"caption\":\"Secretele lui Lovendal\"},\"image\":{\"@id\":\"https:\\\/\\\/www.lovendal.ro\\\/wp52\\\/#\\\/schema\\\/logo\\\/image\\\/\"},\"sameAs\":[\"https:\\\/\\\/www.facebook.com\\\/secreteleluilovendal\"]},{\"@type\":\"Person\",\"@id\":\"https:\\\/\\\/www.lovendal.ro\\\/wp52\\\/#\\\/schema\\\/person\\\/088691de5dfc346bb0c023e1e52ef5d9\",\"name\":\"admin\",\"image\":{\"@type\":\"ImageObject\",\"inLanguage\":\"ro-RO\",\"@id\":\"https:\\\/\\\/secure.gravatar.com\\\/avatar\\\/ecb9cd41f5f63c9c9b989999a59f6e2639a865ec361e9db054db0679a8f341c2?s=96&d=mm&r=g\",\"url\":\"https:\\\/\\\/secure.gravatar.com\\\/avatar\\\/ecb9cd41f5f63c9c9b989999a59f6e2639a865ec361e9db054db0679a8f341c2?s=96&d=mm&r=g\",\"contentUrl\":\"https:\\\/\\\/secure.gravatar.com\\\/avatar\\\/ecb9cd41f5f63c9c9b989999a59f6e2639a865ec361e9db054db0679a8f341c2?s=96&d=mm&r=g\",\"caption\":\"admin\"},\"sameAs\":[\"https:\\\/\\\/www.lovendal.ro\\\/wp52\"]}]}<\/script>\n<!-- \/ Yoast SEO Premium plugin. -->","yoast_head_json":{"title":"Pe M\u0103n\u0103stirea Vorone\u0163 se afl\u0103 pictat un balaur care exista acum 500 de ani \u00een Moldova? - Secretele lui Lovendal","robots":{"index":"index","follow":"follow","max-snippet":"max-snippet:-1","max-image-preview":"max-image-preview:large","max-video-preview":"max-video-preview:-1"},"canonical":"https:\/\/www.lovendal.ro\/wp52\/pe-manastirea-voronet-se-afla-pictat-un-balaur-care-exista-acum-500-de-ani-in-moldova\/","og_locale":"ro_RO","og_type":"article","og_title":"Pe M\u0103n\u0103stirea Vorone\u0163 se afl\u0103 pictat un balaur care exista acum 500 de ani \u00een Moldova?","og_description":"Ansamblurile de pictur\u0103 mural\u0103 ale m\u0103n\u0103stirilor din Bucovina se situeaz\u0103 \u00een r\u00e2ndul celor mai importante opere de art\u0103 din R\u0103s\u0103ritul Ortodox. Dintre ele, un rol reprezentativ \u00eel ocup\u0103 Vorone\u0163ul, iar marea scen\u0103 Judecata de Apoi este considerat\u0103 capodopera galeriei picturilor ... Cititi mai multe","og_url":"https:\/\/www.lovendal.ro\/wp52\/pe-manastirea-voronet-se-afla-pictat-un-balaur-care-exista-acum-500-de-ani-in-moldova\/","og_site_name":"Secretele lui Lovendal","article_publisher":"https:\/\/www.facebook.com\/secreteleluilovendal","article_published_time":"2010-03-21T12:43:58+00:00","article_modified_time":"2010-03-21T12:47:32+00:00","og_image":[{"width":297,"height":292,"url":"https:\/\/www.lovendal.ro\/wp52\/wp-content\/uploads\/2010\/03\/Sf-Gheorghe.jpg","type":"image\/jpeg"}],"author":"admin","twitter_card":"summary_large_image","twitter_misc":{"Scris de":"admin","Timp estimat pentru citire":"3 minute"},"schema":{"@context":"https:\/\/schema.org","@graph":[{"@type":"Article","@id":"https:\/\/www.lovendal.ro\/wp52\/pe-manastirea-voronet-se-afla-pictat-un-balaur-care-exista-acum-500-de-ani-in-moldova\/#article","isPartOf":{"@id":"https:\/\/www.lovendal.ro\/wp52\/pe-manastirea-voronet-se-afla-pictat-un-balaur-care-exista-acum-500-de-ani-in-moldova\/"},"author":{"name":"admin","@id":"https:\/\/www.lovendal.ro\/wp52\/#\/schema\/person\/088691de5dfc346bb0c023e1e52ef5d9"},"headline":"Pe M\u0103n\u0103stirea Vorone\u0163 se afl\u0103 pictat un balaur care exista acum 500 de ani \u00een Moldova?","datePublished":"2010-03-21T12:43:58+00:00","dateModified":"2010-03-21T12:47:32+00:00","mainEntityOfPage":{"@id":"https:\/\/www.lovendal.ro\/wp52\/pe-manastirea-voronet-se-afla-pictat-un-balaur-care-exista-acum-500-de-ani-in-moldova\/"},"wordCount":600,"commentCount":24,"publisher":{"@id":"https:\/\/www.lovendal.ro\/wp52\/#organization"},"image":{"@id":"https:\/\/www.lovendal.ro\/wp52\/pe-manastirea-voronet-se-afla-pictat-un-balaur-care-exista-acum-500-de-ani-in-moldova\/#primaryimage"},"thumbnailUrl":"https:\/\/www.lovendal.ro\/wp52\/wp-content\/uploads\/2010\/03\/Sf-Gheorghe.jpg","keywords":["balaur","Judecata de Apoi","m\u0103n\u0103stire","M\u0103n\u0103stirea Vorone\u0163","Moldova","Paranormal-Spiritualitate","Sf. Gheorghe"],"articleSection":["Paranormal-Spiritualitate"],"inLanguage":"ro-RO","potentialAction":[{"@type":"CommentAction","name":"Comment","target":["https:\/\/www.lovendal.ro\/wp52\/pe-manastirea-voronet-se-afla-pictat-un-balaur-care-exista-acum-500-de-ani-in-moldova\/#respond"]}]},{"@type":"WebPage","@id":"https:\/\/www.lovendal.ro\/wp52\/pe-manastirea-voronet-se-afla-pictat-un-balaur-care-exista-acum-500-de-ani-in-moldova\/","url":"https:\/\/www.lovendal.ro\/wp52\/pe-manastirea-voronet-se-afla-pictat-un-balaur-care-exista-acum-500-de-ani-in-moldova\/","name":"Pe M\u0103n\u0103stirea Vorone\u0163 se afl\u0103 pictat un balaur care exista acum 500 de ani \u00een Moldova? - Secretele lui Lovendal","isPartOf":{"@id":"https:\/\/www.lovendal.ro\/wp52\/#website"},"primaryImageOfPage":{"@id":"https:\/\/www.lovendal.ro\/wp52\/pe-manastirea-voronet-se-afla-pictat-un-balaur-care-exista-acum-500-de-ani-in-moldova\/#primaryimage"},"image":{"@id":"https:\/\/www.lovendal.ro\/wp52\/pe-manastirea-voronet-se-afla-pictat-un-balaur-care-exista-acum-500-de-ani-in-moldova\/#primaryimage"},"thumbnailUrl":"https:\/\/www.lovendal.ro\/wp52\/wp-content\/uploads\/2010\/03\/Sf-Gheorghe.jpg","datePublished":"2010-03-21T12:43:58+00:00","dateModified":"2010-03-21T12:47:32+00:00","breadcrumb":{"@id":"https:\/\/www.lovendal.ro\/wp52\/pe-manastirea-voronet-se-afla-pictat-un-balaur-care-exista-acum-500-de-ani-in-moldova\/#breadcrumb"},"inLanguage":"ro-RO","potentialAction":[{"@type":"ReadAction","target":["https:\/\/www.lovendal.ro\/wp52\/pe-manastirea-voronet-se-afla-pictat-un-balaur-care-exista-acum-500-de-ani-in-moldova\/"]}]},{"@type":"ImageObject","inLanguage":"ro-RO","@id":"https:\/\/www.lovendal.ro\/wp52\/pe-manastirea-voronet-se-afla-pictat-un-balaur-care-exista-acum-500-de-ani-in-moldova\/#primaryimage","url":"https:\/\/www.lovendal.ro\/wp52\/wp-content\/uploads\/2010\/03\/Sf-Gheorghe.jpg","contentUrl":"https:\/\/www.lovendal.ro\/wp52\/wp-content\/uploads\/2010\/03\/Sf-Gheorghe.jpg","width":"297","height":"292"},{"@type":"BreadcrumbList","@id":"https:\/\/www.lovendal.ro\/wp52\/pe-manastirea-voronet-se-afla-pictat-un-balaur-care-exista-acum-500-de-ani-in-moldova\/#breadcrumb","itemListElement":[{"@type":"ListItem","position":1,"name":"Home","item":"https:\/\/www.lovendal.ro\/wp52\/"},{"@type":"ListItem","position":2,"name":"Pe M\u0103n\u0103stirea Vorone\u0163 se afl\u0103 pictat un balaur care exista acum 500 de ani \u00een Moldova?"}]},{"@type":"WebSite","@id":"https:\/\/www.lovendal.ro\/wp52\/#website","url":"https:\/\/www.lovendal.ro\/wp52\/","name":"Secretele lui Lovendal","description":"Site de secrete, stiinta si metafizica - din 2008 -","publisher":{"@id":"https:\/\/www.lovendal.ro\/wp52\/#organization"},"potentialAction":[{"@type":"SearchAction","target":{"@type":"EntryPoint","urlTemplate":"https:\/\/www.lovendal.ro\/wp52\/?s={search_term_string}"},"query-input":{"@type":"PropertyValueSpecification","valueRequired":true,"valueName":"search_term_string"}}],"inLanguage":"ro-RO"},{"@type":"Organization","@id":"https:\/\/www.lovendal.ro\/wp52\/#organization","name":"Secretele lui Lovendal","url":"https:\/\/www.lovendal.ro\/wp52\/","logo":{"@type":"ImageObject","inLanguage":"ro-RO","@id":"https:\/\/www.lovendal.ro\/wp52\/#\/schema\/logo\/image\/","url":"https:\/\/www.lovendal.ro\/wp52\/wp-content\/uploads\/2024\/06\/cropped-SLL-iun-2024-1.jpg","contentUrl":"https:\/\/www.lovendal.ro\/wp52\/wp-content\/uploads\/2024\/06\/cropped-SLL-iun-2024-1.jpg","width":771,"height":240,"caption":"Secretele lui Lovendal"},"image":{"@id":"https:\/\/www.lovendal.ro\/wp52\/#\/schema\/logo\/image\/"},"sameAs":["https:\/\/www.facebook.com\/secreteleluilovendal"]},{"@type":"Person","@id":"https:\/\/www.lovendal.ro\/wp52\/#\/schema\/person\/088691de5dfc346bb0c023e1e52ef5d9","name":"admin","image":{"@type":"ImageObject","inLanguage":"ro-RO","@id":"https:\/\/secure.gravatar.com\/avatar\/ecb9cd41f5f63c9c9b989999a59f6e2639a865ec361e9db054db0679a8f341c2?s=96&d=mm&r=g","url":"https:\/\/secure.gravatar.com\/avatar\/ecb9cd41f5f63c9c9b989999a59f6e2639a865ec361e9db054db0679a8f341c2?s=96&d=mm&r=g","contentUrl":"https:\/\/secure.gravatar.com\/avatar\/ecb9cd41f5f63c9c9b989999a59f6e2639a865ec361e9db054db0679a8f341c2?s=96&d=mm&r=g","caption":"admin"},"sameAs":["https:\/\/www.lovendal.ro\/wp52"]}]}},"_links":{"self":[{"href":"https:\/\/www.lovendal.ro\/wp52\/wp-json\/wp\/v2\/posts\/11944","targetHints":{"allow":["GET"]}}],"collection":[{"href":"https:\/\/www.lovendal.ro\/wp52\/wp-json\/wp\/v2\/posts"}],"about":[{"href":"https:\/\/www.lovendal.ro\/wp52\/wp-json\/wp\/v2\/types\/post"}],"author":[{"embeddable":true,"href":"https:\/\/www.lovendal.ro\/wp52\/wp-json\/wp\/v2\/users\/1"}],"replies":[{"embeddable":true,"href":"https:\/\/www.lovendal.ro\/wp52\/wp-json\/wp\/v2\/comments?post=11944"}],"version-history":[{"count":0,"href":"https:\/\/www.lovendal.ro\/wp52\/wp-json\/wp\/v2\/posts\/11944\/revisions"}],"wp:featuredmedia":[{"embeddable":true,"href":"https:\/\/www.lovendal.ro\/wp52\/wp-json\/wp\/v2\/media\/11945"}],"wp:attachment":[{"href":"https:\/\/www.lovendal.ro\/wp52\/wp-json\/wp\/v2\/media?parent=11944"}],"wp:term":[{"taxonomy":"category","embeddable":true,"href":"https:\/\/www.lovendal.ro\/wp52\/wp-json\/wp\/v2\/categories?post=11944"},{"taxonomy":"post_tag","embeddable":true,"href":"https:\/\/www.lovendal.ro\/wp52\/wp-json\/wp\/v2\/tags?post=11944"}],"curies":[{"name":"wp","href":"https:\/\/api.w.org\/{rel}","templated":true}]}}