{"id":11933,"date":"2010-03-20T16:18:22","date_gmt":"2010-03-20T14:18:22","guid":{"rendered":"http:\/\/www.lovendal.net\/wp52\/?p=11933"},"modified":"2010-03-20T16:18:22","modified_gmt":"2010-03-20T14:18:22","slug":"de-ce-murim-si-ce-inseamna-cu-adevarat-moartea-sa-lasam-stiinta-sa-raspunda","status":"publish","type":"post","link":"https:\/\/www.lovendal.ro\/wp52\/de-ce-murim-si-ce-inseamna-cu-adevarat-moartea-sa-lasam-stiinta-sa-raspunda\/","title":{"rendered":"De ce murim \u015fi ce \u00eenseamn\u0103 cu adev\u0103rat moartea? S\u0103 l\u0103s\u0103m \u015ftiin\u0163a s\u0103 r\u0103spund\u0103&#8230;"},"content":{"rendered":"<p><a href=\"https:\/\/www.lovendal.ro\/wp52\/wp-content\/uploads\/2010\/03\/moarte950.jpg\"><img loading=\"lazy\" decoding=\"async\" class=\"alignleft size-full wp-image-11934\" title=\"moarte950\" src=\"https:\/\/www.lovendal.ro\/wp52\/wp-content\/uploads\/2010\/03\/moarte950.jpg\" alt=\"moarte950\" width=\"282\" height=\"212\" \/><\/a>S\u0103 \u00eencepem mai \u00eent\u00e2i cu \u00eentrebarea: c\u00e2t vom tr\u0103i? Acesta este un mister pentru fiecare dintre noi. Nimeni nu \u015ftie! Tinere\u0163ea f\u0103r\u0103 b\u0103tr\u00e2ne\u0163e \u015fi via\u0163a f\u0103r\u0103 de moarte r\u0103m\u00e2n doar un basm frumos scris de Petre Ispirescu. Tot ce putem face noi este s\u0103 ne \u00eentreb\u0103m, din c\u00e2nd \u00een c\u00e2nd, ce speran\u0163\u0103 de via\u0163\u0103 avem, dac\u0103 lu\u0103m \u00een considerare analizele medicale \u015fi statisticile demografilor. O musculi\u0163\u0103 de o\u0163et (drosofila) tr\u0103ie\u015fte maximum 3 zile, un \u015foarece 3\u00a0 ani, o balen\u0103 albastr\u0103 80- de ani, un om 120 de ani, un arbore sequoia 4 000&#8230;<\/p>\n<p>Longevitatea fiec\u0103rei specii este programat\u0103 de codul genetic, dar, din diferite cauze &#8211; \u00eemboln\u0103viri, accidente, r\u0103zboaie, abuz de alcool, tutun, alimenta\u0163ie nera\u0163ional\u0103 etc. &#8211; pu\u0163ini dintre noi ajung s\u0103 moar\u0103 de b\u0103tr\u00e2ne\u0163e, dup\u0103 cele 32 de diviziuni celulare ce reprezint\u0103, din punct de vedere biologic, durata vie\u0163ii unui om. De aceea, indicatorul obi\u015fnuit al duratei vie\u0163ii umane este cel utilizat \u015fi de casa de pensii, durata medie de via\u0163\u0103 a \u00eentregii popula\u0163ii a unei \u0163\u0103ri.<\/p>\n<p>\u00cen ultimele dou\u0103 secole \u015fi jum\u0103tate, aceasta a crescut, de la 30 de ani, la peste 80 de ani, \u00een \u0163\u0103rile mai avansate. La aceasta, au contribuit, \u00een mare m\u0103sur\u0103, progresele realizate \u00een domeniul sanitar, ceea ce a determinat o apropiere a speran\u0163ei de via\u0163\u0103 de b\u0103tr\u00e2ne\u0163e, urmat\u0103, cum este firesc, de deces. Exist\u0103 o limit\u0103 absolut\u0103 de via\u0163\u0103 impus\u0103 de gene? \u00cen prezent, recordul \u00eel de\u0163ine Jeanne Calment, care a tr\u0103it 122 de ani, \u00een Fran\u0163a, unde jum\u0103tate dintre francezi au o speran\u0163\u0103 de via\u0163\u0103 de 96 de ani! Dar \u015fi \u00een celelalte \u0163\u0103ri mai avansate, din Europa, v\u00e2rsta maxim\u0103 a persoanelor decedate este mai ridicat\u0103 dec\u00e2t cea din ultimele decenii. La noi \u00een \u0163ar\u0103, speran\u0163a de via\u0163\u0103 este de 70 de ani pentru b\u0103rba\u0163i \u015fi de 73 de ani pentru femei.<\/p>\n<p>Tinerii nu au timp s\u0103 se g\u00e2ndeasc\u0103 la moarte \u015fi, oricum, lor li se pare c\u0103 aceasta se va \u00eent\u00e2mpla \u00eentr-un viitor \u00eendep\u0103rtat &#8211; \u015fi nu-i preocup\u0103 subiectul -, chiar dac\u0103, din c\u00e2nd \u00een c\u00e2nd, le mor, pe r\u00e2nd, bunicii, apoi p\u0103rin\u0163ii, rudele colaterale &#8211; \u015fi de-abia c\u00e2nd urmeaz\u0103 fo\u015ftii colegi de \u015fcoal\u0103, prietenii din copil\u0103rie, intr\u0103 \u00een alert\u0103: oare mie c\u00e2nd \u00eemi vine r\u00e2ndul?<br \/>\nDe fapt &#8211; ce este moartea?<\/p>\n<p>Desigur, este un fenomen natural. Toate fiin\u0163ele mor, mai devreme sau mai t\u00e2rziu, \u00een func\u0163ie de \u00eemprejur\u0103ri \u015fi de codul lor genetic. Moartea nu este altceva dec\u00e2t \u00eentreruperea permanent\u0103 a tuturor func\u0163iilor vitale. Pentru a \u015fti dac\u0103 cineva a murit, se controleaz\u0103 mai \u00eent\u00e2i respira\u0163ia, \u0163in\u00e2nd o oglinjoar\u0103 \u00een dreptul gurii; dac\u0103 persoana este \u00eenc\u0103 \u00een via\u0163\u0103, oglinjoara se abure\u015fte. Testul nu este \u00eens\u0103 infailibil. Un yoghin, de exemplu, \u00ee\u015fi poate mic\u015fora consumul de oxigen \u015fi cantitatea de CO2 eliminat\u0103, la un nivel care i-ar fi fatal unui om obi\u015fnuit.<\/p>\n<p>\u00cen al doilea r\u00e2nd, se controleaz\u0103 pulsul, pentru a constata dac\u0103 s-a oprit inima. Nici acest test nu este 100% sigur. Un fachir indian \u015fi-a oprit b\u0103t\u0103ile inimii timp de 12 minute, fapt constatat pe electrocardiograf. De asemenea, opera\u0163iile chirurgicale la temperatur\u0103 joas\u0103, \u00een care inima este \u00eempiedicat\u0103 s\u0103 func\u0163ioneze, sau cazul oamenilor \u00eengropa\u0163i \u00een z\u0103pad\u0103 \u00een timpul unei avalan\u015fe, care au fost readu\u015fi la via\u0163\u0103 &#8211; demonstreaz\u0103 c\u0103 nici oprirea inimii nu este o dovad\u0103 sigur\u0103.<\/p>\n<p>Al treilea simptom pe care trebuie s\u0103-l lu\u0103m \u00een considerare este temperatura anormal de sc\u0103zut\u0103 a corpului. Medicii legi\u015fti spun c\u0103, dup\u0103 moartea clinic\u0103, temperatura corpului scade cu 1 grad dup\u0103 fiecare or\u0103. Totu\u015fi, se cunosc cazuri c\u00e2nd, dintr-o camer\u0103 \u00eenghe\u0163at\u0103, au fost salva\u0163i b\u0103tr\u00e2ni a c\u0103ror temperatur\u0103 a corpului ajunsese la 24 \u00b0C.<\/p>\n<p>Func\u0163iile vitale pot fi suspendate, temporar, \u015fi datorit\u0103 unor medicamente, care pot induce un somn profund, \u00een care \u201enici r\u0103suflarea \u015fi nici c\u0103ldura corpului nu dovedesc faptul c\u0103 persoana respectiv\u0103 mai este \u00een via\u0163\u0103&#8221;. Alte semne ale mor\u0163ii clinice: dup\u0103 10 -12 ore, globii oculari se afund\u0103 \u00een orbite, iar dup\u0103 12 ore mu\u015fchii corpului devin rigizi, se instaleaz\u0103 starea numit\u0103 rigor mortis.<\/p>\n<p>Chiar dac\u0103 omul a intrat \u00een moarte clinic\u0103, prin interven\u0163ie terapeutic\u0103 reanimarea este posibil\u0103, at\u00e2t timp c\u00e2t cortexul cerebral n-a fost ireparabil lezat; aceasta \u00eenseamn\u0103 maximum 5-6 minute. Dac\u0103 irigarea creierului cu s\u00e2nge nu se reia \u00een acest interval de timp, fiind lipsit de oxigen, el nu-\u015fi mai poate relua func\u0163iile. \u00een prezent, prin folosirea unei aparaturi sofisticate, care poate s\u0103 preia func\u0163iile organelor vitale (pl\u0103m\u00e2ni, rinichi \u015fi inim\u0103, toate artificiale), omul poate fi men\u0163inut \u00een via\u0163\u0103 mult timp. \u00cen acest caz, via\u0163a sau moartea este \u201eceva&#8221; hot\u0103r\u00e2t de medic, ce \u0163ine de rela\u0163ia doctor-pacient \u015fi de bani!<\/p>\n<p><em>(Text de Nicolae Chiorcea)<\/em><\/p>\n","protected":false},"excerpt":{"rendered":"<p>S\u0103 \u00eencepem mai \u00eent\u00e2i cu \u00eentrebarea: c\u00e2t vom tr\u0103i? Acesta este un mister pentru fiecare dintre noi. Nimeni nu \u015ftie! Tinere\u0163ea f\u0103r\u0103 b\u0103tr\u00e2ne\u0163e \u015fi via\u0163a f\u0103r\u0103 de moarte r\u0103m\u00e2n doar un basm frumos scris de Petre Ispirescu. Tot ce putem &#8230; <\/p>\n<p class=\"read-more-container\"><a title=\"De ce murim \u015fi ce \u00eenseamn\u0103 cu adev\u0103rat moartea? S\u0103 l\u0103s\u0103m \u015ftiin\u0163a s\u0103 r\u0103spund\u0103&#8230;\" class=\"read-more button\" href=\"https:\/\/www.lovendal.ro\/wp52\/de-ce-murim-si-ce-inseamna-cu-adevarat-moartea-sa-lasam-stiinta-sa-raspunda\/#more-11933\" aria-label=\"Cite\u0219te mai multe despre De ce murim \u015fi ce \u00eenseamn\u0103 cu adev\u0103rat moartea? S\u0103 l\u0103s\u0103m \u015ftiin\u0163a s\u0103 r\u0103spund\u0103&#8230;\">Cititi mai multe<\/a><\/p>\n","protected":false},"author":1,"featured_media":11934,"comment_status":"open","ping_status":"closed","sticky":false,"template":"","format":"standard","meta":{"footnotes":""},"categories":[106],"tags":[230,334,108,57,9803,366],"class_list":["post-11933","post","type-post","status-publish","format-standard","has-post-thumbnail","hentry","category-stiinta","tag-creier","tag-inima","tag-moarte","tag-oameni","tag-stiinta","tag-viata","resize-featured-image"],"yoast_head":"<!-- This site is optimized with the Yoast SEO Premium plugin v23.3 (Yoast SEO v27.4) - https:\/\/yoast.com\/product\/yoast-seo-premium-wordpress\/ -->\n<title>De ce murim \u015fi ce \u00eenseamn\u0103 cu adev\u0103rat moartea? S\u0103 l\u0103s\u0103m \u015ftiin\u0163a s\u0103 r\u0103spund\u0103... - Secretele lui Lovendal<\/title>\n<meta name=\"robots\" content=\"index, follow, max-snippet:-1, max-image-preview:large, max-video-preview:-1\" \/>\n<link rel=\"canonical\" href=\"https:\/\/www.lovendal.ro\/wp52\/de-ce-murim-si-ce-inseamna-cu-adevarat-moartea-sa-lasam-stiinta-sa-raspunda\/\" \/>\n<meta property=\"og:locale\" content=\"ro_RO\" \/>\n<meta property=\"og:type\" content=\"article\" \/>\n<meta property=\"og:title\" content=\"De ce murim \u015fi ce \u00eenseamn\u0103 cu adev\u0103rat moartea? S\u0103 l\u0103s\u0103m \u015ftiin\u0163a s\u0103 r\u0103spund\u0103...\" \/>\n<meta property=\"og:description\" content=\"S\u0103 \u00eencepem mai \u00eent\u00e2i cu \u00eentrebarea: c\u00e2t vom tr\u0103i? Acesta este un mister pentru fiecare dintre noi. Nimeni nu \u015ftie! Tinere\u0163ea f\u0103r\u0103 b\u0103tr\u00e2ne\u0163e \u015fi via\u0163a f\u0103r\u0103 de moarte r\u0103m\u00e2n doar un basm frumos scris de Petre Ispirescu. Tot ce putem ... Cititi mai multe\" \/>\n<meta property=\"og:url\" content=\"https:\/\/www.lovendal.ro\/wp52\/de-ce-murim-si-ce-inseamna-cu-adevarat-moartea-sa-lasam-stiinta-sa-raspunda\/\" \/>\n<meta property=\"og:site_name\" content=\"Secretele lui Lovendal\" \/>\n<meta property=\"article:publisher\" content=\"https:\/\/www.facebook.com\/secreteleluilovendal\" \/>\n<meta property=\"article:published_time\" content=\"2010-03-20T14:18:22+00:00\" \/>\n<meta property=\"og:image\" content=\"https:\/\/www.lovendal.ro\/wp52\/wp-content\/uploads\/2010\/03\/moarte950.jpg\" \/>\n\t<meta property=\"og:image:width\" content=\"282\" \/>\n\t<meta property=\"og:image:height\" content=\"212\" \/>\n\t<meta property=\"og:image:type\" content=\"image\/jpeg\" \/>\n<meta name=\"author\" content=\"admin\" \/>\n<meta name=\"twitter:card\" content=\"summary_large_image\" \/>\n<meta name=\"twitter:label1\" content=\"Scris de\" \/>\n\t<meta name=\"twitter:data1\" content=\"admin\" \/>\n\t<meta name=\"twitter:label2\" content=\"Timp estimat pentru citire\" \/>\n\t<meta name=\"twitter:data2\" content=\"4 minute\" \/>\n<script type=\"application\/ld+json\" class=\"yoast-schema-graph\">{\"@context\":\"https:\\\/\\\/schema.org\",\"@graph\":[{\"@type\":\"Article\",\"@id\":\"https:\\\/\\\/www.lovendal.ro\\\/wp52\\\/de-ce-murim-si-ce-inseamna-cu-adevarat-moartea-sa-lasam-stiinta-sa-raspunda\\\/#article\",\"isPartOf\":{\"@id\":\"https:\\\/\\\/www.lovendal.ro\\\/wp52\\\/de-ce-murim-si-ce-inseamna-cu-adevarat-moartea-sa-lasam-stiinta-sa-raspunda\\\/\"},\"author\":{\"name\":\"admin\",\"@id\":\"https:\\\/\\\/www.lovendal.ro\\\/wp52\\\/#\\\/schema\\\/person\\\/088691de5dfc346bb0c023e1e52ef5d9\"},\"headline\":\"De ce murim \u015fi ce \u00eenseamn\u0103 cu adev\u0103rat moartea? S\u0103 l\u0103s\u0103m \u015ftiin\u0163a s\u0103 r\u0103spund\u0103&#8230;\",\"datePublished\":\"2010-03-20T14:18:22+00:00\",\"mainEntityOfPage\":{\"@id\":\"https:\\\/\\\/www.lovendal.ro\\\/wp52\\\/de-ce-murim-si-ce-inseamna-cu-adevarat-moartea-sa-lasam-stiinta-sa-raspunda\\\/\"},\"wordCount\":870,\"commentCount\":49,\"publisher\":{\"@id\":\"https:\\\/\\\/www.lovendal.ro\\\/wp52\\\/#organization\"},\"image\":{\"@id\":\"https:\\\/\\\/www.lovendal.ro\\\/wp52\\\/de-ce-murim-si-ce-inseamna-cu-adevarat-moartea-sa-lasam-stiinta-sa-raspunda\\\/#primaryimage\"},\"thumbnailUrl\":\"https:\\\/\\\/www.lovendal.ro\\\/wp52\\\/wp-content\\\/uploads\\\/2010\\\/03\\\/moarte950.jpg\",\"keywords\":[\"creier\",\"inim\u0103\",\"moarte\",\"oameni\",\"Stiinta\",\"via\u0163\u0103\"],\"articleSection\":[\"Stiinta\"],\"inLanguage\":\"ro-RO\",\"potentialAction\":[{\"@type\":\"CommentAction\",\"name\":\"Comment\",\"target\":[\"https:\\\/\\\/www.lovendal.ro\\\/wp52\\\/de-ce-murim-si-ce-inseamna-cu-adevarat-moartea-sa-lasam-stiinta-sa-raspunda\\\/#respond\"]}]},{\"@type\":\"WebPage\",\"@id\":\"https:\\\/\\\/www.lovendal.ro\\\/wp52\\\/de-ce-murim-si-ce-inseamna-cu-adevarat-moartea-sa-lasam-stiinta-sa-raspunda\\\/\",\"url\":\"https:\\\/\\\/www.lovendal.ro\\\/wp52\\\/de-ce-murim-si-ce-inseamna-cu-adevarat-moartea-sa-lasam-stiinta-sa-raspunda\\\/\",\"name\":\"De ce murim \u015fi ce \u00eenseamn\u0103 cu adev\u0103rat moartea? S\u0103 l\u0103s\u0103m \u015ftiin\u0163a s\u0103 r\u0103spund\u0103... - Secretele lui Lovendal\",\"isPartOf\":{\"@id\":\"https:\\\/\\\/www.lovendal.ro\\\/wp52\\\/#website\"},\"primaryImageOfPage\":{\"@id\":\"https:\\\/\\\/www.lovendal.ro\\\/wp52\\\/de-ce-murim-si-ce-inseamna-cu-adevarat-moartea-sa-lasam-stiinta-sa-raspunda\\\/#primaryimage\"},\"image\":{\"@id\":\"https:\\\/\\\/www.lovendal.ro\\\/wp52\\\/de-ce-murim-si-ce-inseamna-cu-adevarat-moartea-sa-lasam-stiinta-sa-raspunda\\\/#primaryimage\"},\"thumbnailUrl\":\"https:\\\/\\\/www.lovendal.ro\\\/wp52\\\/wp-content\\\/uploads\\\/2010\\\/03\\\/moarte950.jpg\",\"datePublished\":\"2010-03-20T14:18:22+00:00\",\"breadcrumb\":{\"@id\":\"https:\\\/\\\/www.lovendal.ro\\\/wp52\\\/de-ce-murim-si-ce-inseamna-cu-adevarat-moartea-sa-lasam-stiinta-sa-raspunda\\\/#breadcrumb\"},\"inLanguage\":\"ro-RO\",\"potentialAction\":[{\"@type\":\"ReadAction\",\"target\":[\"https:\\\/\\\/www.lovendal.ro\\\/wp52\\\/de-ce-murim-si-ce-inseamna-cu-adevarat-moartea-sa-lasam-stiinta-sa-raspunda\\\/\"]}]},{\"@type\":\"ImageObject\",\"inLanguage\":\"ro-RO\",\"@id\":\"https:\\\/\\\/www.lovendal.ro\\\/wp52\\\/de-ce-murim-si-ce-inseamna-cu-adevarat-moartea-sa-lasam-stiinta-sa-raspunda\\\/#primaryimage\",\"url\":\"https:\\\/\\\/www.lovendal.ro\\\/wp52\\\/wp-content\\\/uploads\\\/2010\\\/03\\\/moarte950.jpg\",\"contentUrl\":\"https:\\\/\\\/www.lovendal.ro\\\/wp52\\\/wp-content\\\/uploads\\\/2010\\\/03\\\/moarte950.jpg\",\"width\":\"282\",\"height\":\"212\"},{\"@type\":\"BreadcrumbList\",\"@id\":\"https:\\\/\\\/www.lovendal.ro\\\/wp52\\\/de-ce-murim-si-ce-inseamna-cu-adevarat-moartea-sa-lasam-stiinta-sa-raspunda\\\/#breadcrumb\",\"itemListElement\":[{\"@type\":\"ListItem\",\"position\":1,\"name\":\"Home\",\"item\":\"https:\\\/\\\/www.lovendal.ro\\\/wp52\\\/\"},{\"@type\":\"ListItem\",\"position\":2,\"name\":\"De ce murim \u015fi ce \u00eenseamn\u0103 cu adev\u0103rat moartea? S\u0103 l\u0103s\u0103m \u015ftiin\u0163a s\u0103 r\u0103spund\u0103&#8230;\"}]},{\"@type\":\"WebSite\",\"@id\":\"https:\\\/\\\/www.lovendal.ro\\\/wp52\\\/#website\",\"url\":\"https:\\\/\\\/www.lovendal.ro\\\/wp52\\\/\",\"name\":\"Secretele lui Lovendal\",\"description\":\"Site de secrete, stiinta si metafizica - din 2008 -\",\"publisher\":{\"@id\":\"https:\\\/\\\/www.lovendal.ro\\\/wp52\\\/#organization\"},\"potentialAction\":[{\"@type\":\"SearchAction\",\"target\":{\"@type\":\"EntryPoint\",\"urlTemplate\":\"https:\\\/\\\/www.lovendal.ro\\\/wp52\\\/?s={search_term_string}\"},\"query-input\":{\"@type\":\"PropertyValueSpecification\",\"valueRequired\":true,\"valueName\":\"search_term_string\"}}],\"inLanguage\":\"ro-RO\"},{\"@type\":\"Organization\",\"@id\":\"https:\\\/\\\/www.lovendal.ro\\\/wp52\\\/#organization\",\"name\":\"Secretele lui Lovendal\",\"url\":\"https:\\\/\\\/www.lovendal.ro\\\/wp52\\\/\",\"logo\":{\"@type\":\"ImageObject\",\"inLanguage\":\"ro-RO\",\"@id\":\"https:\\\/\\\/www.lovendal.ro\\\/wp52\\\/#\\\/schema\\\/logo\\\/image\\\/\",\"url\":\"https:\\\/\\\/www.lovendal.ro\\\/wp52\\\/wp-content\\\/uploads\\\/2024\\\/06\\\/cropped-SLL-iun-2024-1.jpg\",\"contentUrl\":\"https:\\\/\\\/www.lovendal.ro\\\/wp52\\\/wp-content\\\/uploads\\\/2024\\\/06\\\/cropped-SLL-iun-2024-1.jpg\",\"width\":771,\"height\":240,\"caption\":\"Secretele lui Lovendal\"},\"image\":{\"@id\":\"https:\\\/\\\/www.lovendal.ro\\\/wp52\\\/#\\\/schema\\\/logo\\\/image\\\/\"},\"sameAs\":[\"https:\\\/\\\/www.facebook.com\\\/secreteleluilovendal\"]},{\"@type\":\"Person\",\"@id\":\"https:\\\/\\\/www.lovendal.ro\\\/wp52\\\/#\\\/schema\\\/person\\\/088691de5dfc346bb0c023e1e52ef5d9\",\"name\":\"admin\",\"image\":{\"@type\":\"ImageObject\",\"inLanguage\":\"ro-RO\",\"@id\":\"https:\\\/\\\/secure.gravatar.com\\\/avatar\\\/ecb9cd41f5f63c9c9b989999a59f6e2639a865ec361e9db054db0679a8f341c2?s=96&d=mm&r=g\",\"url\":\"https:\\\/\\\/secure.gravatar.com\\\/avatar\\\/ecb9cd41f5f63c9c9b989999a59f6e2639a865ec361e9db054db0679a8f341c2?s=96&d=mm&r=g\",\"contentUrl\":\"https:\\\/\\\/secure.gravatar.com\\\/avatar\\\/ecb9cd41f5f63c9c9b989999a59f6e2639a865ec361e9db054db0679a8f341c2?s=96&d=mm&r=g\",\"caption\":\"admin\"},\"sameAs\":[\"https:\\\/\\\/www.lovendal.ro\\\/wp52\"]}]}<\/script>\n<!-- \/ Yoast SEO Premium plugin. -->","yoast_head_json":{"title":"De ce murim \u015fi ce \u00eenseamn\u0103 cu adev\u0103rat moartea? S\u0103 l\u0103s\u0103m \u015ftiin\u0163a s\u0103 r\u0103spund\u0103... - Secretele lui Lovendal","robots":{"index":"index","follow":"follow","max-snippet":"max-snippet:-1","max-image-preview":"max-image-preview:large","max-video-preview":"max-video-preview:-1"},"canonical":"https:\/\/www.lovendal.ro\/wp52\/de-ce-murim-si-ce-inseamna-cu-adevarat-moartea-sa-lasam-stiinta-sa-raspunda\/","og_locale":"ro_RO","og_type":"article","og_title":"De ce murim \u015fi ce \u00eenseamn\u0103 cu adev\u0103rat moartea? S\u0103 l\u0103s\u0103m \u015ftiin\u0163a s\u0103 r\u0103spund\u0103...","og_description":"S\u0103 \u00eencepem mai \u00eent\u00e2i cu \u00eentrebarea: c\u00e2t vom tr\u0103i? Acesta este un mister pentru fiecare dintre noi. Nimeni nu \u015ftie! Tinere\u0163ea f\u0103r\u0103 b\u0103tr\u00e2ne\u0163e \u015fi via\u0163a f\u0103r\u0103 de moarte r\u0103m\u00e2n doar un basm frumos scris de Petre Ispirescu. Tot ce putem ... Cititi mai multe","og_url":"https:\/\/www.lovendal.ro\/wp52\/de-ce-murim-si-ce-inseamna-cu-adevarat-moartea-sa-lasam-stiinta-sa-raspunda\/","og_site_name":"Secretele lui Lovendal","article_publisher":"https:\/\/www.facebook.com\/secreteleluilovendal","article_published_time":"2010-03-20T14:18:22+00:00","og_image":[{"width":282,"height":212,"url":"https:\/\/www.lovendal.ro\/wp52\/wp-content\/uploads\/2010\/03\/moarte950.jpg","type":"image\/jpeg"}],"author":"admin","twitter_card":"summary_large_image","twitter_misc":{"Scris de":"admin","Timp estimat pentru citire":"4 minute"},"schema":{"@context":"https:\/\/schema.org","@graph":[{"@type":"Article","@id":"https:\/\/www.lovendal.ro\/wp52\/de-ce-murim-si-ce-inseamna-cu-adevarat-moartea-sa-lasam-stiinta-sa-raspunda\/#article","isPartOf":{"@id":"https:\/\/www.lovendal.ro\/wp52\/de-ce-murim-si-ce-inseamna-cu-adevarat-moartea-sa-lasam-stiinta-sa-raspunda\/"},"author":{"name":"admin","@id":"https:\/\/www.lovendal.ro\/wp52\/#\/schema\/person\/088691de5dfc346bb0c023e1e52ef5d9"},"headline":"De ce murim \u015fi ce \u00eenseamn\u0103 cu adev\u0103rat moartea? S\u0103 l\u0103s\u0103m \u015ftiin\u0163a s\u0103 r\u0103spund\u0103&#8230;","datePublished":"2010-03-20T14:18:22+00:00","mainEntityOfPage":{"@id":"https:\/\/www.lovendal.ro\/wp52\/de-ce-murim-si-ce-inseamna-cu-adevarat-moartea-sa-lasam-stiinta-sa-raspunda\/"},"wordCount":870,"commentCount":49,"publisher":{"@id":"https:\/\/www.lovendal.ro\/wp52\/#organization"},"image":{"@id":"https:\/\/www.lovendal.ro\/wp52\/de-ce-murim-si-ce-inseamna-cu-adevarat-moartea-sa-lasam-stiinta-sa-raspunda\/#primaryimage"},"thumbnailUrl":"https:\/\/www.lovendal.ro\/wp52\/wp-content\/uploads\/2010\/03\/moarte950.jpg","keywords":["creier","inim\u0103","moarte","oameni","Stiinta","via\u0163\u0103"],"articleSection":["Stiinta"],"inLanguage":"ro-RO","potentialAction":[{"@type":"CommentAction","name":"Comment","target":["https:\/\/www.lovendal.ro\/wp52\/de-ce-murim-si-ce-inseamna-cu-adevarat-moartea-sa-lasam-stiinta-sa-raspunda\/#respond"]}]},{"@type":"WebPage","@id":"https:\/\/www.lovendal.ro\/wp52\/de-ce-murim-si-ce-inseamna-cu-adevarat-moartea-sa-lasam-stiinta-sa-raspunda\/","url":"https:\/\/www.lovendal.ro\/wp52\/de-ce-murim-si-ce-inseamna-cu-adevarat-moartea-sa-lasam-stiinta-sa-raspunda\/","name":"De ce murim \u015fi ce \u00eenseamn\u0103 cu adev\u0103rat moartea? S\u0103 l\u0103s\u0103m \u015ftiin\u0163a s\u0103 r\u0103spund\u0103... - Secretele lui Lovendal","isPartOf":{"@id":"https:\/\/www.lovendal.ro\/wp52\/#website"},"primaryImageOfPage":{"@id":"https:\/\/www.lovendal.ro\/wp52\/de-ce-murim-si-ce-inseamna-cu-adevarat-moartea-sa-lasam-stiinta-sa-raspunda\/#primaryimage"},"image":{"@id":"https:\/\/www.lovendal.ro\/wp52\/de-ce-murim-si-ce-inseamna-cu-adevarat-moartea-sa-lasam-stiinta-sa-raspunda\/#primaryimage"},"thumbnailUrl":"https:\/\/www.lovendal.ro\/wp52\/wp-content\/uploads\/2010\/03\/moarte950.jpg","datePublished":"2010-03-20T14:18:22+00:00","breadcrumb":{"@id":"https:\/\/www.lovendal.ro\/wp52\/de-ce-murim-si-ce-inseamna-cu-adevarat-moartea-sa-lasam-stiinta-sa-raspunda\/#breadcrumb"},"inLanguage":"ro-RO","potentialAction":[{"@type":"ReadAction","target":["https:\/\/www.lovendal.ro\/wp52\/de-ce-murim-si-ce-inseamna-cu-adevarat-moartea-sa-lasam-stiinta-sa-raspunda\/"]}]},{"@type":"ImageObject","inLanguage":"ro-RO","@id":"https:\/\/www.lovendal.ro\/wp52\/de-ce-murim-si-ce-inseamna-cu-adevarat-moartea-sa-lasam-stiinta-sa-raspunda\/#primaryimage","url":"https:\/\/www.lovendal.ro\/wp52\/wp-content\/uploads\/2010\/03\/moarte950.jpg","contentUrl":"https:\/\/www.lovendal.ro\/wp52\/wp-content\/uploads\/2010\/03\/moarte950.jpg","width":"282","height":"212"},{"@type":"BreadcrumbList","@id":"https:\/\/www.lovendal.ro\/wp52\/de-ce-murim-si-ce-inseamna-cu-adevarat-moartea-sa-lasam-stiinta-sa-raspunda\/#breadcrumb","itemListElement":[{"@type":"ListItem","position":1,"name":"Home","item":"https:\/\/www.lovendal.ro\/wp52\/"},{"@type":"ListItem","position":2,"name":"De ce murim \u015fi ce \u00eenseamn\u0103 cu adev\u0103rat moartea? S\u0103 l\u0103s\u0103m \u015ftiin\u0163a s\u0103 r\u0103spund\u0103&#8230;"}]},{"@type":"WebSite","@id":"https:\/\/www.lovendal.ro\/wp52\/#website","url":"https:\/\/www.lovendal.ro\/wp52\/","name":"Secretele lui Lovendal","description":"Site de secrete, stiinta si metafizica - din 2008 -","publisher":{"@id":"https:\/\/www.lovendal.ro\/wp52\/#organization"},"potentialAction":[{"@type":"SearchAction","target":{"@type":"EntryPoint","urlTemplate":"https:\/\/www.lovendal.ro\/wp52\/?s={search_term_string}"},"query-input":{"@type":"PropertyValueSpecification","valueRequired":true,"valueName":"search_term_string"}}],"inLanguage":"ro-RO"},{"@type":"Organization","@id":"https:\/\/www.lovendal.ro\/wp52\/#organization","name":"Secretele lui Lovendal","url":"https:\/\/www.lovendal.ro\/wp52\/","logo":{"@type":"ImageObject","inLanguage":"ro-RO","@id":"https:\/\/www.lovendal.ro\/wp52\/#\/schema\/logo\/image\/","url":"https:\/\/www.lovendal.ro\/wp52\/wp-content\/uploads\/2024\/06\/cropped-SLL-iun-2024-1.jpg","contentUrl":"https:\/\/www.lovendal.ro\/wp52\/wp-content\/uploads\/2024\/06\/cropped-SLL-iun-2024-1.jpg","width":771,"height":240,"caption":"Secretele lui Lovendal"},"image":{"@id":"https:\/\/www.lovendal.ro\/wp52\/#\/schema\/logo\/image\/"},"sameAs":["https:\/\/www.facebook.com\/secreteleluilovendal"]},{"@type":"Person","@id":"https:\/\/www.lovendal.ro\/wp52\/#\/schema\/person\/088691de5dfc346bb0c023e1e52ef5d9","name":"admin","image":{"@type":"ImageObject","inLanguage":"ro-RO","@id":"https:\/\/secure.gravatar.com\/avatar\/ecb9cd41f5f63c9c9b989999a59f6e2639a865ec361e9db054db0679a8f341c2?s=96&d=mm&r=g","url":"https:\/\/secure.gravatar.com\/avatar\/ecb9cd41f5f63c9c9b989999a59f6e2639a865ec361e9db054db0679a8f341c2?s=96&d=mm&r=g","contentUrl":"https:\/\/secure.gravatar.com\/avatar\/ecb9cd41f5f63c9c9b989999a59f6e2639a865ec361e9db054db0679a8f341c2?s=96&d=mm&r=g","caption":"admin"},"sameAs":["https:\/\/www.lovendal.ro\/wp52"]}]}},"_links":{"self":[{"href":"https:\/\/www.lovendal.ro\/wp52\/wp-json\/wp\/v2\/posts\/11933","targetHints":{"allow":["GET"]}}],"collection":[{"href":"https:\/\/www.lovendal.ro\/wp52\/wp-json\/wp\/v2\/posts"}],"about":[{"href":"https:\/\/www.lovendal.ro\/wp52\/wp-json\/wp\/v2\/types\/post"}],"author":[{"embeddable":true,"href":"https:\/\/www.lovendal.ro\/wp52\/wp-json\/wp\/v2\/users\/1"}],"replies":[{"embeddable":true,"href":"https:\/\/www.lovendal.ro\/wp52\/wp-json\/wp\/v2\/comments?post=11933"}],"version-history":[{"count":0,"href":"https:\/\/www.lovendal.ro\/wp52\/wp-json\/wp\/v2\/posts\/11933\/revisions"}],"wp:featuredmedia":[{"embeddable":true,"href":"https:\/\/www.lovendal.ro\/wp52\/wp-json\/wp\/v2\/media\/11934"}],"wp:attachment":[{"href":"https:\/\/www.lovendal.ro\/wp52\/wp-json\/wp\/v2\/media?parent=11933"}],"wp:term":[{"taxonomy":"category","embeddable":true,"href":"https:\/\/www.lovendal.ro\/wp52\/wp-json\/wp\/v2\/categories?post=11933"},{"taxonomy":"post_tag","embeddable":true,"href":"https:\/\/www.lovendal.ro\/wp52\/wp-json\/wp\/v2\/tags?post=11933"}],"curies":[{"name":"wp","href":"https:\/\/api.w.org\/{rel}","templated":true}]}}