{"id":11578,"date":"2019-10-14T22:55:43","date_gmt":"2019-10-14T19:55:43","guid":{"rendered":"http:\/\/www.lovendal.net\/wp52\/?p=11578"},"modified":"2019-10-14T23:09:05","modified_gmt":"2019-10-14T20:09:05","slug":"cel-mai-inalt-varf-din-lume-e-everestul-nu-e-muntele-chimborazo-din-ecuador","status":"publish","type":"post","link":"https:\/\/www.lovendal.ro\/wp52\/cel-mai-inalt-varf-din-lume-e-everestul-nu-e-muntele-chimborazo-din-ecuador\/","title":{"rendered":"Cel mai \u00eenalt v\u00e2rf din lume e Everestul? Nu, e Muntele Chimborazo din Ecuador"},"content":{"rendered":"<figure id=\"attachment_64567\" aria-describedby=\"caption-attachment-64567\" style=\"width: 336px\" class=\"wp-caption alignleft\"><a href=\"https:\/\/www.lovendal.ro\/wp52\/wp-content\/uploads\/2010\/03\/Chimborazo-munte.jpg\"><img loading=\"lazy\" decoding=\"async\" class=\"size-full wp-image-64567\" src=\"https:\/\/www.lovendal.ro\/wp52\/wp-content\/uploads\/2010\/03\/Chimborazo-munte.jpg\" alt=\"\" width=\"346\" height=\"206\" srcset=\"https:\/\/www.lovendal.ro\/wp52\/wp-content\/uploads\/2010\/03\/Chimborazo-munte.jpg 346w, https:\/\/www.lovendal.ro\/wp52\/wp-content\/uploads\/2010\/03\/Chimborazo-munte-300x179.jpg 300w\" sizes=\"auto, (max-width: 346px) 100vw, 346px\" \/><\/a><figcaption id=\"caption-attachment-64567\" class=\"wp-caption-text\"><strong>Imagine:<\/strong> <a href=\"https:\/\/commons.wikimedia.org\/wiki\/File:David_Torres_Costales_Chimborazo_Riobamba_Ecuador_Monta%C3%B1a_Mas_Alta_del_Mundo.jpg\" target=\"_blank\" rel=\"noopener noreferrer\"><strong>wikimedia.org<\/strong><\/a> (Commons Creative &#8211; free)<\/figcaption><\/figure>\n<p>Majoritatea elevilor din Rom\u00e2nia \u00eenva\u0163\u0103 c\u0103 cel mai \u00eenalt punct de pe P\u0103m\u00e2nt este v\u00e2rful muntelui Everest. Este acesta cel mai \u00eenalt munte din lume? Totul depinde de ceea ce \u00een\u0163elegem prin \u201ecel mai \u00eenalt&#8221;. Ne referim la \u201ecel care se ridic\u0103 cel mai mult deasupra nivelului m\u0103rii&#8221; sau la cel care \u201ese \u00eenal\u0163\u0103 cel mai mult \u00een spa\u0163iu \u015fi se dep\u0103rteaz\u0103 cel mai mult de centrul p\u0103m\u00e2ntului&#8221;?<\/p>\n<p>\u00cen secolele al XVII-lea \u015fi al XVIII-lea, se credea c\u0103 muntele Chimborazo din Ecuador, un vulcan stins, cu v\u00e2rful \u00eenz\u0103pezit, ar fi cel mai \u00eenalt punct de pe p\u0103m\u00e2nt, afl\u00e2ndu-se la 6.310 m deasupra nivelului m\u0103rii. \u00cen 1852, The Great Trigonometrical Survey din India a ar\u0103tat c\u0103 V\u00e2rful XV era cel mai \u00eenalt, av\u00e2nd 8.840 m. Britanicii l-au numit Everest \u00een 1865, dup\u0103 Sir George Everest, care a fost Guvernator \u00eentre 1830-1843.\u00a0 \u00cen 1955, se considera c\u0103 muntele Everest are o \u00een\u0103l\u0163ime de 8.848 m, dar \u00een 1999, dup\u0103 ce o echip\u0103 de alpini\u015fti a folosit cele mai performante instrumente de m\u0103sur\u0103 prin satelit s-a stabilit c\u0103 m\u0103soar\u0103 8.850. Toate aceste \u00een\u0103l\u0163imi au fost m\u0103surate prin raportare la nivelul m\u0103rii.<\/p>\n<p>Motivul pentru care muntele Everest nu este cel mai \u00eenalt punct de pe P\u0103m\u00e2nt este acela c\u0103 P\u0103m\u00e2ntul se rote\u015fte &#8211; \u015fi aceast\u0103 mi\u015fcare de rota\u0163ie face ca planeta s\u0103 fie bombat\u0103 \u00een zona Ecuatorului. Diametrul P\u0103m\u00e2ntului \u00een zona Ecuatorului este cu aproape 21 km mai mare dec\u00e2t diametrul m\u0103surat la poli.<\/p>\n<p>S\u0103 revenim la muntele Chimborazo, care era considerat, odinioar\u0103, cel mai \u00eenalt munte de pe P\u0103m\u00e2nt. Primul care l-a escaladat a fost Edward Whymper, \u00een 1880. Muntele Chimborazo se afl\u0103 la circa 1,5\u00b0 sud de Ecuator, \u00een timp ce muntele Everest se afl\u0103 mult mai departe, la 28\u00b0 nord. A\u015fadar, de\u015fi muntele Chimborazo se afl\u0103 cu aproximativ 2.540 m mai aproape de nivelul m\u0103rii dec\u00e2t muntele Everest, este cu circa 2.202 m mai departe de centrul P\u0103m\u00e2ntului. Se \u00eenal\u0163\u0103 \u00een spa\u0163iu mai mult dec\u00e2t muntele Everest. Cu toate acestea, muntele Everest r\u0103m\u00e2ne cel mai \u00eenalt munte prin raportare la nivelului m\u0103rii.<\/p>\n","protected":false},"excerpt":{"rendered":"<p>Majoritatea elevilor din Rom\u00e2nia \u00eenva\u0163\u0103 c\u0103 cel mai \u00eenalt punct de pe P\u0103m\u00e2nt este v\u00e2rful muntelui Everest. Este acesta cel mai \u00eenalt munte din lume? Totul depinde de ceea ce \u00een\u0163elegem prin \u201ecel mai \u00eenalt&#8221;. Ne referim la \u201ecel care &#8230; <\/p>\n<p class=\"read-more-container\"><a title=\"Cel mai \u00eenalt v\u00e2rf din lume e Everestul? Nu, e Muntele Chimborazo din Ecuador\" class=\"read-more button\" href=\"https:\/\/www.lovendal.ro\/wp52\/cel-mai-inalt-varf-din-lume-e-everestul-nu-e-muntele-chimborazo-din-ecuador\/#more-11578\" aria-label=\"Cite\u0219te mai multe despre Cel mai \u00eenalt v\u00e2rf din lume e Everestul? Nu, e Muntele Chimborazo din Ecuador\">Cititi mai multe<\/a><\/p>\n","protected":false},"author":1,"featured_media":64567,"comment_status":"open","ping_status":"closed","sticky":false,"template":"","format":"standard","meta":{"footnotes":""},"categories":[1770],"tags":[3037,2577,1854,1011,9807,815],"class_list":["post-11578","post","type-post","status-publish","format-standard","has-post-thumbnail","hentry","category-geografie-feologie","tag-chimborazo","tag-ecuador","tag-everest","tag-geografie","tag-geografie-geologie","tag-munti","resize-featured-image"],"yoast_head":"<!-- This site is optimized with the Yoast SEO Premium plugin v23.3 (Yoast SEO v27.4) - https:\/\/yoast.com\/product\/yoast-seo-premium-wordpress\/ -->\n<title>Cel mai \u00eenalt v\u00e2rf din lume e Everestul? Nu, e Muntele Chimborazo din Ecuador - Secretele lui Lovendal<\/title>\n<meta name=\"robots\" content=\"index, follow, max-snippet:-1, max-image-preview:large, max-video-preview:-1\" \/>\n<link rel=\"canonical\" href=\"https:\/\/www.lovendal.ro\/wp52\/cel-mai-inalt-varf-din-lume-e-everestul-nu-e-muntele-chimborazo-din-ecuador\/\" \/>\n<meta property=\"og:locale\" content=\"ro_RO\" \/>\n<meta property=\"og:type\" content=\"article\" \/>\n<meta property=\"og:title\" content=\"Cel mai \u00eenalt v\u00e2rf din lume e Everestul? Nu, e Muntele Chimborazo din Ecuador\" \/>\n<meta property=\"og:description\" content=\"Majoritatea elevilor din Rom\u00e2nia \u00eenva\u0163\u0103 c\u0103 cel mai \u00eenalt punct de pe P\u0103m\u00e2nt este v\u00e2rful muntelui Everest. Este acesta cel mai \u00eenalt munte din lume? Totul depinde de ceea ce \u00een\u0163elegem prin \u201ecel mai \u00eenalt&#8221;. Ne referim la \u201ecel care ... Cititi mai multe\" \/>\n<meta property=\"og:url\" content=\"https:\/\/www.lovendal.ro\/wp52\/cel-mai-inalt-varf-din-lume-e-everestul-nu-e-muntele-chimborazo-din-ecuador\/\" \/>\n<meta property=\"og:site_name\" content=\"Secretele lui Lovendal\" \/>\n<meta property=\"article:publisher\" content=\"https:\/\/www.facebook.com\/secreteleluilovendal\" \/>\n<meta property=\"article:published_time\" content=\"2019-10-14T19:55:43+00:00\" \/>\n<meta property=\"article:modified_time\" content=\"2019-10-14T20:09:05+00:00\" \/>\n<meta property=\"og:image\" content=\"https:\/\/www.lovendal.ro\/wp52\/wp-content\/uploads\/2010\/03\/Chimborazo-munte.jpg\" \/>\n\t<meta property=\"og:image:width\" content=\"346\" \/>\n\t<meta property=\"og:image:height\" content=\"206\" \/>\n\t<meta property=\"og:image:type\" content=\"image\/jpeg\" \/>\n<meta name=\"author\" content=\"admin\" \/>\n<meta name=\"twitter:card\" content=\"summary_large_image\" \/>\n<meta name=\"twitter:label1\" content=\"Scris de\" \/>\n\t<meta name=\"twitter:data1\" content=\"admin\" \/>\n\t<meta name=\"twitter:label2\" content=\"Timp estimat pentru citire\" \/>\n\t<meta name=\"twitter:data2\" content=\"2 minute\" \/>\n<script type=\"application\/ld+json\" class=\"yoast-schema-graph\">{\"@context\":\"https:\\\/\\\/schema.org\",\"@graph\":[{\"@type\":\"Article\",\"@id\":\"https:\\\/\\\/www.lovendal.ro\\\/wp52\\\/cel-mai-inalt-varf-din-lume-e-everestul-nu-e-muntele-chimborazo-din-ecuador\\\/#article\",\"isPartOf\":{\"@id\":\"https:\\\/\\\/www.lovendal.ro\\\/wp52\\\/cel-mai-inalt-varf-din-lume-e-everestul-nu-e-muntele-chimborazo-din-ecuador\\\/\"},\"author\":{\"name\":\"admin\",\"@id\":\"https:\\\/\\\/www.lovendal.ro\\\/wp52\\\/#\\\/schema\\\/person\\\/088691de5dfc346bb0c023e1e52ef5d9\"},\"headline\":\"Cel mai \u00eenalt v\u00e2rf din lume e Everestul? Nu, e Muntele Chimborazo din Ecuador\",\"datePublished\":\"2019-10-14T19:55:43+00:00\",\"dateModified\":\"2019-10-14T20:09:05+00:00\",\"mainEntityOfPage\":{\"@id\":\"https:\\\/\\\/www.lovendal.ro\\\/wp52\\\/cel-mai-inalt-varf-din-lume-e-everestul-nu-e-muntele-chimborazo-din-ecuador\\\/\"},\"wordCount\":408,\"commentCount\":4,\"publisher\":{\"@id\":\"https:\\\/\\\/www.lovendal.ro\\\/wp52\\\/#organization\"},\"image\":{\"@id\":\"https:\\\/\\\/www.lovendal.ro\\\/wp52\\\/cel-mai-inalt-varf-din-lume-e-everestul-nu-e-muntele-chimborazo-din-ecuador\\\/#primaryimage\"},\"thumbnailUrl\":\"https:\\\/\\\/www.lovendal.ro\\\/wp52\\\/wp-content\\\/uploads\\\/2010\\\/03\\\/Chimborazo-munte.jpg\",\"keywords\":[\"Chimborazo\",\"Ecuador\",\"Everest\",\"geografie\",\"Geografie - Geologie\",\"mun\u0163i\"],\"articleSection\":[\"Geografie - Geologie\"],\"inLanguage\":\"ro-RO\",\"potentialAction\":[{\"@type\":\"CommentAction\",\"name\":\"Comment\",\"target\":[\"https:\\\/\\\/www.lovendal.ro\\\/wp52\\\/cel-mai-inalt-varf-din-lume-e-everestul-nu-e-muntele-chimborazo-din-ecuador\\\/#respond\"]}]},{\"@type\":\"WebPage\",\"@id\":\"https:\\\/\\\/www.lovendal.ro\\\/wp52\\\/cel-mai-inalt-varf-din-lume-e-everestul-nu-e-muntele-chimborazo-din-ecuador\\\/\",\"url\":\"https:\\\/\\\/www.lovendal.ro\\\/wp52\\\/cel-mai-inalt-varf-din-lume-e-everestul-nu-e-muntele-chimborazo-din-ecuador\\\/\",\"name\":\"Cel mai \u00eenalt v\u00e2rf din lume e Everestul? Nu, e Muntele Chimborazo din Ecuador - Secretele lui Lovendal\",\"isPartOf\":{\"@id\":\"https:\\\/\\\/www.lovendal.ro\\\/wp52\\\/#website\"},\"primaryImageOfPage\":{\"@id\":\"https:\\\/\\\/www.lovendal.ro\\\/wp52\\\/cel-mai-inalt-varf-din-lume-e-everestul-nu-e-muntele-chimborazo-din-ecuador\\\/#primaryimage\"},\"image\":{\"@id\":\"https:\\\/\\\/www.lovendal.ro\\\/wp52\\\/cel-mai-inalt-varf-din-lume-e-everestul-nu-e-muntele-chimborazo-din-ecuador\\\/#primaryimage\"},\"thumbnailUrl\":\"https:\\\/\\\/www.lovendal.ro\\\/wp52\\\/wp-content\\\/uploads\\\/2010\\\/03\\\/Chimborazo-munte.jpg\",\"datePublished\":\"2019-10-14T19:55:43+00:00\",\"dateModified\":\"2019-10-14T20:09:05+00:00\",\"breadcrumb\":{\"@id\":\"https:\\\/\\\/www.lovendal.ro\\\/wp52\\\/cel-mai-inalt-varf-din-lume-e-everestul-nu-e-muntele-chimborazo-din-ecuador\\\/#breadcrumb\"},\"inLanguage\":\"ro-RO\",\"potentialAction\":[{\"@type\":\"ReadAction\",\"target\":[\"https:\\\/\\\/www.lovendal.ro\\\/wp52\\\/cel-mai-inalt-varf-din-lume-e-everestul-nu-e-muntele-chimborazo-din-ecuador\\\/\"]}]},{\"@type\":\"ImageObject\",\"inLanguage\":\"ro-RO\",\"@id\":\"https:\\\/\\\/www.lovendal.ro\\\/wp52\\\/cel-mai-inalt-varf-din-lume-e-everestul-nu-e-muntele-chimborazo-din-ecuador\\\/#primaryimage\",\"url\":\"https:\\\/\\\/www.lovendal.ro\\\/wp52\\\/wp-content\\\/uploads\\\/2010\\\/03\\\/Chimborazo-munte.jpg\",\"contentUrl\":\"https:\\\/\\\/www.lovendal.ro\\\/wp52\\\/wp-content\\\/uploads\\\/2010\\\/03\\\/Chimborazo-munte.jpg\",\"width\":346,\"height\":206,\"caption\":\"Imagine: wikimedia.org (Commons Creative - free)\"},{\"@type\":\"BreadcrumbList\",\"@id\":\"https:\\\/\\\/www.lovendal.ro\\\/wp52\\\/cel-mai-inalt-varf-din-lume-e-everestul-nu-e-muntele-chimborazo-din-ecuador\\\/#breadcrumb\",\"itemListElement\":[{\"@type\":\"ListItem\",\"position\":1,\"name\":\"Home\",\"item\":\"https:\\\/\\\/www.lovendal.ro\\\/wp52\\\/\"},{\"@type\":\"ListItem\",\"position\":2,\"name\":\"Cel mai \u00eenalt v\u00e2rf din lume e Everestul? Nu, e Muntele Chimborazo din Ecuador\"}]},{\"@type\":\"WebSite\",\"@id\":\"https:\\\/\\\/www.lovendal.ro\\\/wp52\\\/#website\",\"url\":\"https:\\\/\\\/www.lovendal.ro\\\/wp52\\\/\",\"name\":\"Secretele lui Lovendal\",\"description\":\"Site de secrete, stiinta si metafizica - din 2008 -\",\"publisher\":{\"@id\":\"https:\\\/\\\/www.lovendal.ro\\\/wp52\\\/#organization\"},\"potentialAction\":[{\"@type\":\"SearchAction\",\"target\":{\"@type\":\"EntryPoint\",\"urlTemplate\":\"https:\\\/\\\/www.lovendal.ro\\\/wp52\\\/?s={search_term_string}\"},\"query-input\":{\"@type\":\"PropertyValueSpecification\",\"valueRequired\":true,\"valueName\":\"search_term_string\"}}],\"inLanguage\":\"ro-RO\"},{\"@type\":\"Organization\",\"@id\":\"https:\\\/\\\/www.lovendal.ro\\\/wp52\\\/#organization\",\"name\":\"Secretele lui Lovendal\",\"url\":\"https:\\\/\\\/www.lovendal.ro\\\/wp52\\\/\",\"logo\":{\"@type\":\"ImageObject\",\"inLanguage\":\"ro-RO\",\"@id\":\"https:\\\/\\\/www.lovendal.ro\\\/wp52\\\/#\\\/schema\\\/logo\\\/image\\\/\",\"url\":\"https:\\\/\\\/www.lovendal.ro\\\/wp52\\\/wp-content\\\/uploads\\\/2024\\\/06\\\/cropped-SLL-iun-2024-1.jpg\",\"contentUrl\":\"https:\\\/\\\/www.lovendal.ro\\\/wp52\\\/wp-content\\\/uploads\\\/2024\\\/06\\\/cropped-SLL-iun-2024-1.jpg\",\"width\":771,\"height\":240,\"caption\":\"Secretele lui Lovendal\"},\"image\":{\"@id\":\"https:\\\/\\\/www.lovendal.ro\\\/wp52\\\/#\\\/schema\\\/logo\\\/image\\\/\"},\"sameAs\":[\"https:\\\/\\\/www.facebook.com\\\/secreteleluilovendal\"]},{\"@type\":\"Person\",\"@id\":\"https:\\\/\\\/www.lovendal.ro\\\/wp52\\\/#\\\/schema\\\/person\\\/088691de5dfc346bb0c023e1e52ef5d9\",\"name\":\"admin\",\"image\":{\"@type\":\"ImageObject\",\"inLanguage\":\"ro-RO\",\"@id\":\"https:\\\/\\\/secure.gravatar.com\\\/avatar\\\/ecb9cd41f5f63c9c9b989999a59f6e2639a865ec361e9db054db0679a8f341c2?s=96&d=mm&r=g\",\"url\":\"https:\\\/\\\/secure.gravatar.com\\\/avatar\\\/ecb9cd41f5f63c9c9b989999a59f6e2639a865ec361e9db054db0679a8f341c2?s=96&d=mm&r=g\",\"contentUrl\":\"https:\\\/\\\/secure.gravatar.com\\\/avatar\\\/ecb9cd41f5f63c9c9b989999a59f6e2639a865ec361e9db054db0679a8f341c2?s=96&d=mm&r=g\",\"caption\":\"admin\"},\"sameAs\":[\"https:\\\/\\\/www.lovendal.ro\\\/wp52\"]}]}<\/script>\n<!-- \/ Yoast SEO Premium plugin. -->","yoast_head_json":{"title":"Cel mai \u00eenalt v\u00e2rf din lume e Everestul? Nu, e Muntele Chimborazo din Ecuador - Secretele lui Lovendal","robots":{"index":"index","follow":"follow","max-snippet":"max-snippet:-1","max-image-preview":"max-image-preview:large","max-video-preview":"max-video-preview:-1"},"canonical":"https:\/\/www.lovendal.ro\/wp52\/cel-mai-inalt-varf-din-lume-e-everestul-nu-e-muntele-chimborazo-din-ecuador\/","og_locale":"ro_RO","og_type":"article","og_title":"Cel mai \u00eenalt v\u00e2rf din lume e Everestul? Nu, e Muntele Chimborazo din Ecuador","og_description":"Majoritatea elevilor din Rom\u00e2nia \u00eenva\u0163\u0103 c\u0103 cel mai \u00eenalt punct de pe P\u0103m\u00e2nt este v\u00e2rful muntelui Everest. Este acesta cel mai \u00eenalt munte din lume? Totul depinde de ceea ce \u00een\u0163elegem prin \u201ecel mai \u00eenalt&#8221;. Ne referim la \u201ecel care ... Cititi mai multe","og_url":"https:\/\/www.lovendal.ro\/wp52\/cel-mai-inalt-varf-din-lume-e-everestul-nu-e-muntele-chimborazo-din-ecuador\/","og_site_name":"Secretele lui Lovendal","article_publisher":"https:\/\/www.facebook.com\/secreteleluilovendal","article_published_time":"2019-10-14T19:55:43+00:00","article_modified_time":"2019-10-14T20:09:05+00:00","og_image":[{"width":346,"height":206,"url":"https:\/\/www.lovendal.ro\/wp52\/wp-content\/uploads\/2010\/03\/Chimborazo-munte.jpg","type":"image\/jpeg"}],"author":"admin","twitter_card":"summary_large_image","twitter_misc":{"Scris de":"admin","Timp estimat pentru citire":"2 minute"},"schema":{"@context":"https:\/\/schema.org","@graph":[{"@type":"Article","@id":"https:\/\/www.lovendal.ro\/wp52\/cel-mai-inalt-varf-din-lume-e-everestul-nu-e-muntele-chimborazo-din-ecuador\/#article","isPartOf":{"@id":"https:\/\/www.lovendal.ro\/wp52\/cel-mai-inalt-varf-din-lume-e-everestul-nu-e-muntele-chimborazo-din-ecuador\/"},"author":{"name":"admin","@id":"https:\/\/www.lovendal.ro\/wp52\/#\/schema\/person\/088691de5dfc346bb0c023e1e52ef5d9"},"headline":"Cel mai \u00eenalt v\u00e2rf din lume e Everestul? Nu, e Muntele Chimborazo din Ecuador","datePublished":"2019-10-14T19:55:43+00:00","dateModified":"2019-10-14T20:09:05+00:00","mainEntityOfPage":{"@id":"https:\/\/www.lovendal.ro\/wp52\/cel-mai-inalt-varf-din-lume-e-everestul-nu-e-muntele-chimborazo-din-ecuador\/"},"wordCount":408,"commentCount":4,"publisher":{"@id":"https:\/\/www.lovendal.ro\/wp52\/#organization"},"image":{"@id":"https:\/\/www.lovendal.ro\/wp52\/cel-mai-inalt-varf-din-lume-e-everestul-nu-e-muntele-chimborazo-din-ecuador\/#primaryimage"},"thumbnailUrl":"https:\/\/www.lovendal.ro\/wp52\/wp-content\/uploads\/2010\/03\/Chimborazo-munte.jpg","keywords":["Chimborazo","Ecuador","Everest","geografie","Geografie - Geologie","mun\u0163i"],"articleSection":["Geografie - Geologie"],"inLanguage":"ro-RO","potentialAction":[{"@type":"CommentAction","name":"Comment","target":["https:\/\/www.lovendal.ro\/wp52\/cel-mai-inalt-varf-din-lume-e-everestul-nu-e-muntele-chimborazo-din-ecuador\/#respond"]}]},{"@type":"WebPage","@id":"https:\/\/www.lovendal.ro\/wp52\/cel-mai-inalt-varf-din-lume-e-everestul-nu-e-muntele-chimborazo-din-ecuador\/","url":"https:\/\/www.lovendal.ro\/wp52\/cel-mai-inalt-varf-din-lume-e-everestul-nu-e-muntele-chimborazo-din-ecuador\/","name":"Cel mai \u00eenalt v\u00e2rf din lume e Everestul? Nu, e Muntele Chimborazo din Ecuador - Secretele lui Lovendal","isPartOf":{"@id":"https:\/\/www.lovendal.ro\/wp52\/#website"},"primaryImageOfPage":{"@id":"https:\/\/www.lovendal.ro\/wp52\/cel-mai-inalt-varf-din-lume-e-everestul-nu-e-muntele-chimborazo-din-ecuador\/#primaryimage"},"image":{"@id":"https:\/\/www.lovendal.ro\/wp52\/cel-mai-inalt-varf-din-lume-e-everestul-nu-e-muntele-chimborazo-din-ecuador\/#primaryimage"},"thumbnailUrl":"https:\/\/www.lovendal.ro\/wp52\/wp-content\/uploads\/2010\/03\/Chimborazo-munte.jpg","datePublished":"2019-10-14T19:55:43+00:00","dateModified":"2019-10-14T20:09:05+00:00","breadcrumb":{"@id":"https:\/\/www.lovendal.ro\/wp52\/cel-mai-inalt-varf-din-lume-e-everestul-nu-e-muntele-chimborazo-din-ecuador\/#breadcrumb"},"inLanguage":"ro-RO","potentialAction":[{"@type":"ReadAction","target":["https:\/\/www.lovendal.ro\/wp52\/cel-mai-inalt-varf-din-lume-e-everestul-nu-e-muntele-chimborazo-din-ecuador\/"]}]},{"@type":"ImageObject","inLanguage":"ro-RO","@id":"https:\/\/www.lovendal.ro\/wp52\/cel-mai-inalt-varf-din-lume-e-everestul-nu-e-muntele-chimborazo-din-ecuador\/#primaryimage","url":"https:\/\/www.lovendal.ro\/wp52\/wp-content\/uploads\/2010\/03\/Chimborazo-munte.jpg","contentUrl":"https:\/\/www.lovendal.ro\/wp52\/wp-content\/uploads\/2010\/03\/Chimborazo-munte.jpg","width":346,"height":206,"caption":"Imagine: wikimedia.org (Commons Creative - free)"},{"@type":"BreadcrumbList","@id":"https:\/\/www.lovendal.ro\/wp52\/cel-mai-inalt-varf-din-lume-e-everestul-nu-e-muntele-chimborazo-din-ecuador\/#breadcrumb","itemListElement":[{"@type":"ListItem","position":1,"name":"Home","item":"https:\/\/www.lovendal.ro\/wp52\/"},{"@type":"ListItem","position":2,"name":"Cel mai \u00eenalt v\u00e2rf din lume e Everestul? Nu, e Muntele Chimborazo din Ecuador"}]},{"@type":"WebSite","@id":"https:\/\/www.lovendal.ro\/wp52\/#website","url":"https:\/\/www.lovendal.ro\/wp52\/","name":"Secretele lui Lovendal","description":"Site de secrete, stiinta si metafizica - din 2008 -","publisher":{"@id":"https:\/\/www.lovendal.ro\/wp52\/#organization"},"potentialAction":[{"@type":"SearchAction","target":{"@type":"EntryPoint","urlTemplate":"https:\/\/www.lovendal.ro\/wp52\/?s={search_term_string}"},"query-input":{"@type":"PropertyValueSpecification","valueRequired":true,"valueName":"search_term_string"}}],"inLanguage":"ro-RO"},{"@type":"Organization","@id":"https:\/\/www.lovendal.ro\/wp52\/#organization","name":"Secretele lui Lovendal","url":"https:\/\/www.lovendal.ro\/wp52\/","logo":{"@type":"ImageObject","inLanguage":"ro-RO","@id":"https:\/\/www.lovendal.ro\/wp52\/#\/schema\/logo\/image\/","url":"https:\/\/www.lovendal.ro\/wp52\/wp-content\/uploads\/2024\/06\/cropped-SLL-iun-2024-1.jpg","contentUrl":"https:\/\/www.lovendal.ro\/wp52\/wp-content\/uploads\/2024\/06\/cropped-SLL-iun-2024-1.jpg","width":771,"height":240,"caption":"Secretele lui Lovendal"},"image":{"@id":"https:\/\/www.lovendal.ro\/wp52\/#\/schema\/logo\/image\/"},"sameAs":["https:\/\/www.facebook.com\/secreteleluilovendal"]},{"@type":"Person","@id":"https:\/\/www.lovendal.ro\/wp52\/#\/schema\/person\/088691de5dfc346bb0c023e1e52ef5d9","name":"admin","image":{"@type":"ImageObject","inLanguage":"ro-RO","@id":"https:\/\/secure.gravatar.com\/avatar\/ecb9cd41f5f63c9c9b989999a59f6e2639a865ec361e9db054db0679a8f341c2?s=96&d=mm&r=g","url":"https:\/\/secure.gravatar.com\/avatar\/ecb9cd41f5f63c9c9b989999a59f6e2639a865ec361e9db054db0679a8f341c2?s=96&d=mm&r=g","contentUrl":"https:\/\/secure.gravatar.com\/avatar\/ecb9cd41f5f63c9c9b989999a59f6e2639a865ec361e9db054db0679a8f341c2?s=96&d=mm&r=g","caption":"admin"},"sameAs":["https:\/\/www.lovendal.ro\/wp52"]}]}},"_links":{"self":[{"href":"https:\/\/www.lovendal.ro\/wp52\/wp-json\/wp\/v2\/posts\/11578","targetHints":{"allow":["GET"]}}],"collection":[{"href":"https:\/\/www.lovendal.ro\/wp52\/wp-json\/wp\/v2\/posts"}],"about":[{"href":"https:\/\/www.lovendal.ro\/wp52\/wp-json\/wp\/v2\/types\/post"}],"author":[{"embeddable":true,"href":"https:\/\/www.lovendal.ro\/wp52\/wp-json\/wp\/v2\/users\/1"}],"replies":[{"embeddable":true,"href":"https:\/\/www.lovendal.ro\/wp52\/wp-json\/wp\/v2\/comments?post=11578"}],"version-history":[{"count":0,"href":"https:\/\/www.lovendal.ro\/wp52\/wp-json\/wp\/v2\/posts\/11578\/revisions"}],"wp:featuredmedia":[{"embeddable":true,"href":"https:\/\/www.lovendal.ro\/wp52\/wp-json\/wp\/v2\/media\/64567"}],"wp:attachment":[{"href":"https:\/\/www.lovendal.ro\/wp52\/wp-json\/wp\/v2\/media?parent=11578"}],"wp:term":[{"taxonomy":"category","embeddable":true,"href":"https:\/\/www.lovendal.ro\/wp52\/wp-json\/wp\/v2\/categories?post=11578"},{"taxonomy":"post_tag","embeddable":true,"href":"https:\/\/www.lovendal.ro\/wp52\/wp-json\/wp\/v2\/tags?post=11578"}],"curies":[{"name":"wp","href":"https:\/\/api.w.org\/{rel}","templated":true}]}}