{"id":11541,"date":"2010-03-01T15:17:55","date_gmt":"2010-03-01T13:17:55","guid":{"rendered":"http:\/\/www.lovendal.net\/wp52\/?p=11541"},"modified":"2010-03-01T15:20:48","modified_gmt":"2010-03-01T13:20:48","slug":"dracul-politicienilor-si-al-preotilor","status":"publish","type":"post","link":"https:\/\/www.lovendal.ro\/wp52\/dracul-politicienilor-si-al-preotilor\/","title":{"rendered":"Dracul politicienilor \u015fi al preo\u0163ilor"},"content":{"rendered":"<p><a href=\"https:\/\/www.lovendal.ro\/wp52\/wp-content\/uploads\/2010\/03\/PREOTI70.jpg\"><img loading=\"lazy\" decoding=\"async\" class=\"alignleft size-full wp-image-11543\" title=\"PREOTI70\" src=\"https:\/\/www.lovendal.ro\/wp52\/wp-content\/uploads\/2010\/03\/PREOTI70.jpg\" alt=\"PREOTI70\" width=\"278\" height=\"217\" \/><\/a>Totul a pornit de la o banal\u0103 \u015ftire, cum c\u0103 un politician v\u00e2nos va ajunge chiar \u00een inima Ierusalimului cel religios, \u015fi va lua de acolo lumina sf\u00e2nt\u0103 de Pa\u015fti, pe care o va \u00eemp\u0103r\u0163i el credinicio\u015filor. Am sim\u0163it o revolt\u0103 \u00een mine. At\u00e2t fa\u0163\u0103 de politicieni, \u00een general, dar \u015fi fa\u0163\u0103 de Biseric\u0103. Fa\u0163\u0103 de politicieni, pentru c\u0103 ace\u015ftia \u00ee\u015fi bag\u0103 nasul unde nu le fierbe oala (\u00een cazul acesta, &#8222;oala&#8221; este religia). \u015ei fa\u0163\u0103 de Biseric\u0103, pentru c\u0103 permite nejustificat ingerin\u0163ele deplasate ale politicienilor. \u00centotdeauna amestecul \u00eentre politic\u0103 \u015fi religie n-a adus dec\u00e2t r\u0103u \u00een lume! S\u0103 ne aducem aminte de r\u0103zboaiele crucia\u0163ilor purtate \u00een numele religiei? Sau de r\u0103zboaiele civile din Anglia \u00eentre protestan\u0163i \u015fi catolici? Sau de atacurile teroriste din lume, purtate \u00een numele lui Allah?<\/p>\n<p>Am mai spus-o si alte d\u0103\u0163i, dar o mai repet \u00eenc\u0103 o dat\u0103: RELIGIA este \u015fi ar trebui s\u0103 fie UN FENOMEN INTIM, personal. \u00cen acest caz, a\u015f pune egalitate \u00eentre religie \u015fi credin\u0163\u0103. Dar c\u00e2nd religia trece \u00een sfera social\u0103, ea se transform\u0103 \u00een politic\u0103. Atunci nu mai exist\u0103 deosebire \u00eentre religie \u015fi politic\u0103. Preo\u0163ii politicieni sunt mai periculo\u015fi dec\u00e2t politicienii propriu-zi\u015fi, \u015fi asta pentru c\u0103 primii vor folosi \u00eentotdeauna argumente &#8222;biserice\u015fti&#8221; pentru a-\u015fi atinge scopul lor cel meschin. Desigur, \u015fi invers e la fel de r\u0103u, adic\u0103 politicienii care se transform\u0103 \u00eentr-un fel de &#8222;oameni sfin\u0163i&#8221;. S\u0103-i vezi cum \u00ee\u015fi fac cruce la biseric\u0103, cum aprind lum\u00e2n\u0103ri, c\u00e2t de evlavio\u015fi par&#8230;Imediat dup\u0103 ce se termin\u0103 slujba, evlavia se transform\u0103 \u00een arogan\u0163\u0103 \u015fi nesim\u0163ire; se urc\u0103 \u0163an\u0163o\u015fi \u00een jeep-urile negre, \u00ee\u015fi pun girofarurile \u015fi \u00eei privesc cu sc\u00e2rb\u0103, dincolo de geamurile negre, pe oamenii aduna\u0163i \u00een jurul bisericii. F\u0103\u0163\u0103rnicia unui politican atinge cote paroxistice \u00eentr-un asemenea caz.<\/p>\n<p>\u00cen concluzie&#8230;De ce DRACU&#8217; \u00ee\u015fi v\u00e2r\u0103 coada preo\u0163ii \u00een politic\u0103, \u015fi de ce DRACU&#8217; se bag\u0103 politicienii \u00een religie? C\u00e2nd combini cele dou\u0103, apare dracul.<\/p>\n","protected":false},"excerpt":{"rendered":"<p>Totul a pornit de la o banal\u0103 \u015ftire, cum c\u0103 un politician v\u00e2nos va ajunge chiar \u00een inima Ierusalimului cel religios, \u015fi va lua de acolo lumina sf\u00e2nt\u0103 de Pa\u015fti, pe care o va \u00eemp\u0103r\u0163i el credinicio\u015filor. Am sim\u0163it o &#8230; <\/p>\n<p class=\"read-more-container\"><a title=\"Dracul politicienilor \u015fi al preo\u0163ilor\" class=\"read-more button\" href=\"https:\/\/www.lovendal.ro\/wp52\/dracul-politicienilor-si-al-preotilor\/#more-11541\" aria-label=\"Cite\u0219te mai multe despre Dracul politicienilor \u015fi al preo\u0163ilor\">Cititi mai multe<\/a><\/p>\n","protected":false},"author":1,"featured_media":11543,"comment_status":"open","ping_status":"closed","sticky":false,"template":"","format":"standard","meta":{"footnotes":""},"categories":[2883],"tags":[9813,1381,592,427],"class_list":["post-11541","post","type-post","status-publish","format-standard","has-post-thumbnail","hentry","category-editorial","tag-editorial","tag-politician","tag-preot","tag-religie","resize-featured-image"],"yoast_head":"<!-- This site is optimized with the Yoast SEO Premium plugin v23.3 (Yoast SEO v27.4) - https:\/\/yoast.com\/product\/yoast-seo-premium-wordpress\/ -->\n<title>Dracul politicienilor \u015fi al preo\u0163ilor - Secretele lui Lovendal<\/title>\n<meta name=\"robots\" content=\"index, follow, max-snippet:-1, max-image-preview:large, max-video-preview:-1\" \/>\n<link rel=\"canonical\" href=\"https:\/\/www.lovendal.ro\/wp52\/dracul-politicienilor-si-al-preotilor\/\" \/>\n<meta property=\"og:locale\" content=\"ro_RO\" \/>\n<meta property=\"og:type\" content=\"article\" \/>\n<meta property=\"og:title\" content=\"Dracul politicienilor \u015fi al preo\u0163ilor\" \/>\n<meta property=\"og:description\" content=\"Totul a pornit de la o banal\u0103 \u015ftire, cum c\u0103 un politician v\u00e2nos va ajunge chiar \u00een inima Ierusalimului cel religios, \u015fi va lua de acolo lumina sf\u00e2nt\u0103 de Pa\u015fti, pe care o va \u00eemp\u0103r\u0163i el credinicio\u015filor. Am sim\u0163it o ... Cititi mai multe\" \/>\n<meta property=\"og:url\" content=\"https:\/\/www.lovendal.ro\/wp52\/dracul-politicienilor-si-al-preotilor\/\" \/>\n<meta property=\"og:site_name\" content=\"Secretele lui Lovendal\" \/>\n<meta property=\"article:publisher\" content=\"https:\/\/www.facebook.com\/secreteleluilovendal\" \/>\n<meta property=\"article:published_time\" content=\"2010-03-01T13:17:55+00:00\" \/>\n<meta property=\"article:modified_time\" content=\"2010-03-01T13:20:48+00:00\" \/>\n<meta property=\"og:image\" content=\"https:\/\/www.lovendal.ro\/wp52\/wp-content\/uploads\/2010\/03\/PREOTI70.jpg\" \/>\n\t<meta property=\"og:image:width\" content=\"278\" \/>\n\t<meta property=\"og:image:height\" content=\"217\" \/>\n\t<meta property=\"og:image:type\" content=\"image\/jpeg\" \/>\n<meta name=\"author\" content=\"admin\" \/>\n<meta name=\"twitter:card\" content=\"summary_large_image\" \/>\n<meta name=\"twitter:label1\" content=\"Scris de\" \/>\n\t<meta name=\"twitter:data1\" content=\"admin\" \/>\n\t<meta name=\"twitter:label2\" content=\"Timp estimat pentru citire\" \/>\n\t<meta name=\"twitter:data2\" content=\"2 minute\" \/>\n<script type=\"application\/ld+json\" class=\"yoast-schema-graph\">{\"@context\":\"https:\\\/\\\/schema.org\",\"@graph\":[{\"@type\":\"Article\",\"@id\":\"https:\\\/\\\/www.lovendal.ro\\\/wp52\\\/dracul-politicienilor-si-al-preotilor\\\/#article\",\"isPartOf\":{\"@id\":\"https:\\\/\\\/www.lovendal.ro\\\/wp52\\\/dracul-politicienilor-si-al-preotilor\\\/\"},\"author\":{\"name\":\"admin\",\"@id\":\"https:\\\/\\\/www.lovendal.ro\\\/wp52\\\/#\\\/schema\\\/person\\\/088691de5dfc346bb0c023e1e52ef5d9\"},\"headline\":\"Dracul politicienilor \u015fi al preo\u0163ilor\",\"datePublished\":\"2010-03-01T13:17:55+00:00\",\"dateModified\":\"2010-03-01T13:20:48+00:00\",\"mainEntityOfPage\":{\"@id\":\"https:\\\/\\\/www.lovendal.ro\\\/wp52\\\/dracul-politicienilor-si-al-preotilor\\\/\"},\"wordCount\":361,\"commentCount\":4,\"publisher\":{\"@id\":\"https:\\\/\\\/www.lovendal.ro\\\/wp52\\\/#organization\"},\"image\":{\"@id\":\"https:\\\/\\\/www.lovendal.ro\\\/wp52\\\/dracul-politicienilor-si-al-preotilor\\\/#primaryimage\"},\"thumbnailUrl\":\"https:\\\/\\\/www.lovendal.ro\\\/wp52\\\/wp-content\\\/uploads\\\/2010\\\/03\\\/PREOTI70.jpg\",\"keywords\":[\"Editorial\",\"politician\",\"preot\",\"religie\"],\"articleSection\":[\"Editorial\"],\"inLanguage\":\"ro-RO\",\"potentialAction\":[{\"@type\":\"CommentAction\",\"name\":\"Comment\",\"target\":[\"https:\\\/\\\/www.lovendal.ro\\\/wp52\\\/dracul-politicienilor-si-al-preotilor\\\/#respond\"]}]},{\"@type\":\"WebPage\",\"@id\":\"https:\\\/\\\/www.lovendal.ro\\\/wp52\\\/dracul-politicienilor-si-al-preotilor\\\/\",\"url\":\"https:\\\/\\\/www.lovendal.ro\\\/wp52\\\/dracul-politicienilor-si-al-preotilor\\\/\",\"name\":\"Dracul politicienilor \u015fi al preo\u0163ilor - Secretele lui Lovendal\",\"isPartOf\":{\"@id\":\"https:\\\/\\\/www.lovendal.ro\\\/wp52\\\/#website\"},\"primaryImageOfPage\":{\"@id\":\"https:\\\/\\\/www.lovendal.ro\\\/wp52\\\/dracul-politicienilor-si-al-preotilor\\\/#primaryimage\"},\"image\":{\"@id\":\"https:\\\/\\\/www.lovendal.ro\\\/wp52\\\/dracul-politicienilor-si-al-preotilor\\\/#primaryimage\"},\"thumbnailUrl\":\"https:\\\/\\\/www.lovendal.ro\\\/wp52\\\/wp-content\\\/uploads\\\/2010\\\/03\\\/PREOTI70.jpg\",\"datePublished\":\"2010-03-01T13:17:55+00:00\",\"dateModified\":\"2010-03-01T13:20:48+00:00\",\"breadcrumb\":{\"@id\":\"https:\\\/\\\/www.lovendal.ro\\\/wp52\\\/dracul-politicienilor-si-al-preotilor\\\/#breadcrumb\"},\"inLanguage\":\"ro-RO\",\"potentialAction\":[{\"@type\":\"ReadAction\",\"target\":[\"https:\\\/\\\/www.lovendal.ro\\\/wp52\\\/dracul-politicienilor-si-al-preotilor\\\/\"]}]},{\"@type\":\"ImageObject\",\"inLanguage\":\"ro-RO\",\"@id\":\"https:\\\/\\\/www.lovendal.ro\\\/wp52\\\/dracul-politicienilor-si-al-preotilor\\\/#primaryimage\",\"url\":\"https:\\\/\\\/www.lovendal.ro\\\/wp52\\\/wp-content\\\/uploads\\\/2010\\\/03\\\/PREOTI70.jpg\",\"contentUrl\":\"https:\\\/\\\/www.lovendal.ro\\\/wp52\\\/wp-content\\\/uploads\\\/2010\\\/03\\\/PREOTI70.jpg\",\"width\":\"278\",\"height\":\"217\"},{\"@type\":\"BreadcrumbList\",\"@id\":\"https:\\\/\\\/www.lovendal.ro\\\/wp52\\\/dracul-politicienilor-si-al-preotilor\\\/#breadcrumb\",\"itemListElement\":[{\"@type\":\"ListItem\",\"position\":1,\"name\":\"Home\",\"item\":\"https:\\\/\\\/www.lovendal.ro\\\/wp52\\\/\"},{\"@type\":\"ListItem\",\"position\":2,\"name\":\"Dracul politicienilor \u015fi al preo\u0163ilor\"}]},{\"@type\":\"WebSite\",\"@id\":\"https:\\\/\\\/www.lovendal.ro\\\/wp52\\\/#website\",\"url\":\"https:\\\/\\\/www.lovendal.ro\\\/wp52\\\/\",\"name\":\"Secretele lui Lovendal\",\"description\":\"Site de secrete, stiinta si metafizica - din 2008 -\",\"publisher\":{\"@id\":\"https:\\\/\\\/www.lovendal.ro\\\/wp52\\\/#organization\"},\"potentialAction\":[{\"@type\":\"SearchAction\",\"target\":{\"@type\":\"EntryPoint\",\"urlTemplate\":\"https:\\\/\\\/www.lovendal.ro\\\/wp52\\\/?s={search_term_string}\"},\"query-input\":{\"@type\":\"PropertyValueSpecification\",\"valueRequired\":true,\"valueName\":\"search_term_string\"}}],\"inLanguage\":\"ro-RO\"},{\"@type\":\"Organization\",\"@id\":\"https:\\\/\\\/www.lovendal.ro\\\/wp52\\\/#organization\",\"name\":\"Secretele lui Lovendal\",\"url\":\"https:\\\/\\\/www.lovendal.ro\\\/wp52\\\/\",\"logo\":{\"@type\":\"ImageObject\",\"inLanguage\":\"ro-RO\",\"@id\":\"https:\\\/\\\/www.lovendal.ro\\\/wp52\\\/#\\\/schema\\\/logo\\\/image\\\/\",\"url\":\"https:\\\/\\\/www.lovendal.ro\\\/wp52\\\/wp-content\\\/uploads\\\/2024\\\/06\\\/cropped-SLL-iun-2024-1.jpg\",\"contentUrl\":\"https:\\\/\\\/www.lovendal.ro\\\/wp52\\\/wp-content\\\/uploads\\\/2024\\\/06\\\/cropped-SLL-iun-2024-1.jpg\",\"width\":771,\"height\":240,\"caption\":\"Secretele lui Lovendal\"},\"image\":{\"@id\":\"https:\\\/\\\/www.lovendal.ro\\\/wp52\\\/#\\\/schema\\\/logo\\\/image\\\/\"},\"sameAs\":[\"https:\\\/\\\/www.facebook.com\\\/secreteleluilovendal\"]},{\"@type\":\"Person\",\"@id\":\"https:\\\/\\\/www.lovendal.ro\\\/wp52\\\/#\\\/schema\\\/person\\\/088691de5dfc346bb0c023e1e52ef5d9\",\"name\":\"admin\",\"image\":{\"@type\":\"ImageObject\",\"inLanguage\":\"ro-RO\",\"@id\":\"https:\\\/\\\/secure.gravatar.com\\\/avatar\\\/ecb9cd41f5f63c9c9b989999a59f6e2639a865ec361e9db054db0679a8f341c2?s=96&d=mm&r=g\",\"url\":\"https:\\\/\\\/secure.gravatar.com\\\/avatar\\\/ecb9cd41f5f63c9c9b989999a59f6e2639a865ec361e9db054db0679a8f341c2?s=96&d=mm&r=g\",\"contentUrl\":\"https:\\\/\\\/secure.gravatar.com\\\/avatar\\\/ecb9cd41f5f63c9c9b989999a59f6e2639a865ec361e9db054db0679a8f341c2?s=96&d=mm&r=g\",\"caption\":\"admin\"},\"sameAs\":[\"https:\\\/\\\/www.lovendal.ro\\\/wp52\"]}]}<\/script>\n<!-- \/ Yoast SEO Premium plugin. -->","yoast_head_json":{"title":"Dracul politicienilor \u015fi al preo\u0163ilor - Secretele lui Lovendal","robots":{"index":"index","follow":"follow","max-snippet":"max-snippet:-1","max-image-preview":"max-image-preview:large","max-video-preview":"max-video-preview:-1"},"canonical":"https:\/\/www.lovendal.ro\/wp52\/dracul-politicienilor-si-al-preotilor\/","og_locale":"ro_RO","og_type":"article","og_title":"Dracul politicienilor \u015fi al preo\u0163ilor","og_description":"Totul a pornit de la o banal\u0103 \u015ftire, cum c\u0103 un politician v\u00e2nos va ajunge chiar \u00een inima Ierusalimului cel religios, \u015fi va lua de acolo lumina sf\u00e2nt\u0103 de Pa\u015fti, pe care o va \u00eemp\u0103r\u0163i el credinicio\u015filor. Am sim\u0163it o ... Cititi mai multe","og_url":"https:\/\/www.lovendal.ro\/wp52\/dracul-politicienilor-si-al-preotilor\/","og_site_name":"Secretele lui Lovendal","article_publisher":"https:\/\/www.facebook.com\/secreteleluilovendal","article_published_time":"2010-03-01T13:17:55+00:00","article_modified_time":"2010-03-01T13:20:48+00:00","og_image":[{"width":278,"height":217,"url":"https:\/\/www.lovendal.ro\/wp52\/wp-content\/uploads\/2010\/03\/PREOTI70.jpg","type":"image\/jpeg"}],"author":"admin","twitter_card":"summary_large_image","twitter_misc":{"Scris de":"admin","Timp estimat pentru citire":"2 minute"},"schema":{"@context":"https:\/\/schema.org","@graph":[{"@type":"Article","@id":"https:\/\/www.lovendal.ro\/wp52\/dracul-politicienilor-si-al-preotilor\/#article","isPartOf":{"@id":"https:\/\/www.lovendal.ro\/wp52\/dracul-politicienilor-si-al-preotilor\/"},"author":{"name":"admin","@id":"https:\/\/www.lovendal.ro\/wp52\/#\/schema\/person\/088691de5dfc346bb0c023e1e52ef5d9"},"headline":"Dracul politicienilor \u015fi al preo\u0163ilor","datePublished":"2010-03-01T13:17:55+00:00","dateModified":"2010-03-01T13:20:48+00:00","mainEntityOfPage":{"@id":"https:\/\/www.lovendal.ro\/wp52\/dracul-politicienilor-si-al-preotilor\/"},"wordCount":361,"commentCount":4,"publisher":{"@id":"https:\/\/www.lovendal.ro\/wp52\/#organization"},"image":{"@id":"https:\/\/www.lovendal.ro\/wp52\/dracul-politicienilor-si-al-preotilor\/#primaryimage"},"thumbnailUrl":"https:\/\/www.lovendal.ro\/wp52\/wp-content\/uploads\/2010\/03\/PREOTI70.jpg","keywords":["Editorial","politician","preot","religie"],"articleSection":["Editorial"],"inLanguage":"ro-RO","potentialAction":[{"@type":"CommentAction","name":"Comment","target":["https:\/\/www.lovendal.ro\/wp52\/dracul-politicienilor-si-al-preotilor\/#respond"]}]},{"@type":"WebPage","@id":"https:\/\/www.lovendal.ro\/wp52\/dracul-politicienilor-si-al-preotilor\/","url":"https:\/\/www.lovendal.ro\/wp52\/dracul-politicienilor-si-al-preotilor\/","name":"Dracul politicienilor \u015fi al preo\u0163ilor - Secretele lui Lovendal","isPartOf":{"@id":"https:\/\/www.lovendal.ro\/wp52\/#website"},"primaryImageOfPage":{"@id":"https:\/\/www.lovendal.ro\/wp52\/dracul-politicienilor-si-al-preotilor\/#primaryimage"},"image":{"@id":"https:\/\/www.lovendal.ro\/wp52\/dracul-politicienilor-si-al-preotilor\/#primaryimage"},"thumbnailUrl":"https:\/\/www.lovendal.ro\/wp52\/wp-content\/uploads\/2010\/03\/PREOTI70.jpg","datePublished":"2010-03-01T13:17:55+00:00","dateModified":"2010-03-01T13:20:48+00:00","breadcrumb":{"@id":"https:\/\/www.lovendal.ro\/wp52\/dracul-politicienilor-si-al-preotilor\/#breadcrumb"},"inLanguage":"ro-RO","potentialAction":[{"@type":"ReadAction","target":["https:\/\/www.lovendal.ro\/wp52\/dracul-politicienilor-si-al-preotilor\/"]}]},{"@type":"ImageObject","inLanguage":"ro-RO","@id":"https:\/\/www.lovendal.ro\/wp52\/dracul-politicienilor-si-al-preotilor\/#primaryimage","url":"https:\/\/www.lovendal.ro\/wp52\/wp-content\/uploads\/2010\/03\/PREOTI70.jpg","contentUrl":"https:\/\/www.lovendal.ro\/wp52\/wp-content\/uploads\/2010\/03\/PREOTI70.jpg","width":"278","height":"217"},{"@type":"BreadcrumbList","@id":"https:\/\/www.lovendal.ro\/wp52\/dracul-politicienilor-si-al-preotilor\/#breadcrumb","itemListElement":[{"@type":"ListItem","position":1,"name":"Home","item":"https:\/\/www.lovendal.ro\/wp52\/"},{"@type":"ListItem","position":2,"name":"Dracul politicienilor \u015fi al preo\u0163ilor"}]},{"@type":"WebSite","@id":"https:\/\/www.lovendal.ro\/wp52\/#website","url":"https:\/\/www.lovendal.ro\/wp52\/","name":"Secretele lui Lovendal","description":"Site de secrete, stiinta si metafizica - din 2008 -","publisher":{"@id":"https:\/\/www.lovendal.ro\/wp52\/#organization"},"potentialAction":[{"@type":"SearchAction","target":{"@type":"EntryPoint","urlTemplate":"https:\/\/www.lovendal.ro\/wp52\/?s={search_term_string}"},"query-input":{"@type":"PropertyValueSpecification","valueRequired":true,"valueName":"search_term_string"}}],"inLanguage":"ro-RO"},{"@type":"Organization","@id":"https:\/\/www.lovendal.ro\/wp52\/#organization","name":"Secretele lui Lovendal","url":"https:\/\/www.lovendal.ro\/wp52\/","logo":{"@type":"ImageObject","inLanguage":"ro-RO","@id":"https:\/\/www.lovendal.ro\/wp52\/#\/schema\/logo\/image\/","url":"https:\/\/www.lovendal.ro\/wp52\/wp-content\/uploads\/2024\/06\/cropped-SLL-iun-2024-1.jpg","contentUrl":"https:\/\/www.lovendal.ro\/wp52\/wp-content\/uploads\/2024\/06\/cropped-SLL-iun-2024-1.jpg","width":771,"height":240,"caption":"Secretele lui Lovendal"},"image":{"@id":"https:\/\/www.lovendal.ro\/wp52\/#\/schema\/logo\/image\/"},"sameAs":["https:\/\/www.facebook.com\/secreteleluilovendal"]},{"@type":"Person","@id":"https:\/\/www.lovendal.ro\/wp52\/#\/schema\/person\/088691de5dfc346bb0c023e1e52ef5d9","name":"admin","image":{"@type":"ImageObject","inLanguage":"ro-RO","@id":"https:\/\/secure.gravatar.com\/avatar\/ecb9cd41f5f63c9c9b989999a59f6e2639a865ec361e9db054db0679a8f341c2?s=96&d=mm&r=g","url":"https:\/\/secure.gravatar.com\/avatar\/ecb9cd41f5f63c9c9b989999a59f6e2639a865ec361e9db054db0679a8f341c2?s=96&d=mm&r=g","contentUrl":"https:\/\/secure.gravatar.com\/avatar\/ecb9cd41f5f63c9c9b989999a59f6e2639a865ec361e9db054db0679a8f341c2?s=96&d=mm&r=g","caption":"admin"},"sameAs":["https:\/\/www.lovendal.ro\/wp52"]}]}},"_links":{"self":[{"href":"https:\/\/www.lovendal.ro\/wp52\/wp-json\/wp\/v2\/posts\/11541","targetHints":{"allow":["GET"]}}],"collection":[{"href":"https:\/\/www.lovendal.ro\/wp52\/wp-json\/wp\/v2\/posts"}],"about":[{"href":"https:\/\/www.lovendal.ro\/wp52\/wp-json\/wp\/v2\/types\/post"}],"author":[{"embeddable":true,"href":"https:\/\/www.lovendal.ro\/wp52\/wp-json\/wp\/v2\/users\/1"}],"replies":[{"embeddable":true,"href":"https:\/\/www.lovendal.ro\/wp52\/wp-json\/wp\/v2\/comments?post=11541"}],"version-history":[{"count":0,"href":"https:\/\/www.lovendal.ro\/wp52\/wp-json\/wp\/v2\/posts\/11541\/revisions"}],"wp:featuredmedia":[{"embeddable":true,"href":"https:\/\/www.lovendal.ro\/wp52\/wp-json\/wp\/v2\/media\/11543"}],"wp:attachment":[{"href":"https:\/\/www.lovendal.ro\/wp52\/wp-json\/wp\/v2\/media?parent=11541"}],"wp:term":[{"taxonomy":"category","embeddable":true,"href":"https:\/\/www.lovendal.ro\/wp52\/wp-json\/wp\/v2\/categories?post=11541"},{"taxonomy":"post_tag","embeddable":true,"href":"https:\/\/www.lovendal.ro\/wp52\/wp-json\/wp\/v2\/tags?post=11541"}],"curies":[{"name":"wp","href":"https:\/\/api.w.org\/{rel}","templated":true}]}}