{"id":11383,"date":"2010-02-21T11:03:08","date_gmt":"2010-02-21T09:03:08","guid":{"rendered":"http:\/\/www.lovendal.net\/wp52\/?p=11383"},"modified":"2010-02-23T12:51:25","modified_gmt":"2010-02-23T10:51:25","slug":"tulburatorul-blestem-asupra-familiei-erskine","status":"publish","type":"post","link":"https:\/\/www.lovendal.ro\/wp52\/tulburatorul-blestem-asupra-familiei-erskine\/","title":{"rendered":"Tulbur\u0103torul blestem asupra familiei Erskine"},"content":{"rendered":"<p><a href=\"https:\/\/www.lovendal.ro\/wp52\/wp-content\/uploads\/2010\/02\/blestem-negru.jpg\"><img loading=\"lazy\" decoding=\"async\" class=\"alignleft size-full wp-image-11384\" title=\"blestem negru\" src=\"https:\/\/www.lovendal.ro\/wp52\/wp-content\/uploads\/2010\/02\/blestem-negru.jpg\" alt=\"blestem negru\" width=\"282\" height=\"193\" \/><\/a>Ruinele Turnului Alloa din Sco\u0163ia sunt acum tot ceea ce a mai r\u0103mas din marele conac, re\u015fedin\u0163a ereditar\u0103 a familiei Erskine, con\u0163ii de Mar. Destinul locului s-a \u00eempletit cu acela al familiei care a locuit aici, nu numai datorit\u0103 succed\u0103rii unui lung \u015fir de genera\u0163ii, ci \u015fi din cauza blestemului care a prezis \u015fi a provocat distrugerea familiei \u015fi a sediului puterii acesteia.<\/p>\n<p><strong>Blestemul abatelui<\/strong><\/p>\n<p>Se crede c\u0103 blestemul a fost rostit \u00eempotriva contelui de Mar de abatele de la m\u0103n\u0103stirea Cambuskenneth \u00een secolul al XVI-lea. Prin distrugerea m\u0103n\u0103stirii, contele a pecetluit f\u0103r\u0103 voia sa soarta descenden\u0163ilor lui, deoarece multe dintre detaliile prezise de blestem, de\u015fi criptice atunci c\u00e2nd fuseser\u0103 rostite, s-au dovedit ulterior cutremur\u0103tor de adev\u0103rate. Va vedea cum casa lui este mistuit\u0103 de fl\u0103c\u0103ri, \u00een timp ce so\u0163ia lui va arde de vie \u00een\u0103untru, iar trei dintre copiii lui nu vor z\u0103ri niciodat\u0103 lumina zilei.<\/p>\n<p>De remarcat faptul c\u0103, la vremea respectiv\u0103, nu era ceva neobi\u015fnuit ca blestemele sco\u0163iene s\u0103 prezic\u0103 suferin\u0163e care vor dura genera\u0163ii la r\u00e2nd, dar acest blestem \u00een mod special f\u0103cea o not\u0103 distinct\u0103, \u00een mai multe privin\u0163e. Prezicerea cea mai grav\u0103 \u015fi tipic\u0103 pentru astfel de blesteme era aceea c\u0103 familia Erskine se va stinge &#8211; soart\u0103 care reprezenta dezastrul final pentru o familie aristocratic\u0103. Dar blestemul nu se oprea aici: \u00eenainte ca familia s\u0103 se sting\u0103, toate averile \u015fi mo\u015fiile ei vor ajunge \u00een m\u00e2inile str\u0103inilor &#8211; \u015fi avem aici, din nou, o perspectiv\u0103 cumplit\u0103 pentru familia unui nobil latifundiar.<br \/>\n\u00cen acest moment, ne-am fi putut a\u015ftepta ca m\u00e2nia abatelui s\u0103 se fi domolit, dar blestemul continu\u0103.<\/p>\n<p>Se spunea c\u0103 un viitor descendent al familiei Erskine va vedea cum casa lui este mistuit\u0103 de fl\u0103c\u0103ri, \u00een timp ce so\u0163ia lui va arde de vie \u00een\u0103untru, iar trei dintre copiii lui nu vor z\u0103ri niciodat\u0103 lumina zilei. Mai mult, pentru ca umilirea familiei s\u0103 fie \u015fi mai mare, se prezicea c\u0103 holul principal din re\u015fedin\u0163a familiei va fi folosit ca grajd pentru cai, iar \u00een dormitorul principal al conacului \u00ee\u015fi va avea atelierul un modest \u0163es\u0103tor. Se mai spunea c\u0103 blestemul va \u00eenceta atunci c\u00e2nd un copac va prinde r\u0103d\u0103cini \u00een v\u00e2rful turnului.<\/p>\n<p>De\u015fi f\u0103r\u0103 \u00eendoial\u0103 c\u0103 blestemul trebuie s\u0103-l fi tulburat pe contele de Mar, acesta \u015fi-a tr\u0103it \u00eentreaga via\u0163\u0103 f\u0103r\u0103 a fi martor la niciunul dintre evenimentele prezise \u015fi pe patul de moarte poate c\u0103 \u015fi-a spus c\u0103 familia lui sc\u0103pase de blestemul cumplit al abatelui. Dar se \u00een\u015fela amarnic.<\/p>\n<p><strong>Prima parte a blestemului: deposedarea de p\u0103m\u00e2nt<\/strong><\/p>\n<p>Se pare c\u0103 fusese un blestem cu ac\u0163iune mai lent\u0103, c\u0103ci a trecut ceva timp \u00eenainte ca prezicerile s\u0103 se adevereasc\u0103. \u00cen anul 1715, contele de Mar de la vremea respectiv\u0103 \u015fi-a declarat loialitatea fa\u0163\u0103 de James Stuart, fiul lui James al VII-lea al Sco\u0163iei, care era cunoscut drept \u201eVechiul Pretendent&#8221;. Contele a condus o rebeliune de tip iacobin \u00eempotriva Coroanei \u00een \u00eencercarea de a-l instala pe tron pe James Stuart, dar aceasta a e\u015fuat. Dup\u0103 \u00eenfr\u00e2ngerea lui, drept represalii, familia sa a fost deposedat\u0103 de titlurile nobiliare \u015fi de p\u0103m\u00e2nt. Astfel, o parte a blestemului s-a \u00eemplinit. Nu se \u015ftie dac\u0103 pe atunci contele de Mar a atribuit acest lucru blestemului, c\u0103ci s-ar putea s\u0103 fi considerat acele evenimente drept o pedeaps\u0103 pentru propriile lui ac\u0163iuni. Cu toate acestea, c\u00e2teva genera\u0163ii mai t\u00e2rziu, aveau s\u0103 se adevereasc\u0103 \u015fi alte preziceri.<\/p>\n<p><strong>A doua parte a blestemului: trei copii orbi, turn distrus \u00een incendiu \u015fi so\u0163ie mistuit\u0103 de fl\u0103c\u0103ri<\/strong><\/p>\n<p>Aproape un secol mai t\u00e2rziu, \u00een 1801, John Francis Erskine a avut ghinionul s\u0103 suporte \u015focul principal al profe\u0163iei \u015fi s\u0103 pl\u0103teasc\u0103 pentru gre\u015felile str\u0103mo\u015filor lui. \u00cen primul r\u00e2nd, trei dintre copiii lui s-au n\u0103scut complet orbi &#8211; a\u015fadar, exact cum se spunea \u00een blestem: <em>\u201enu vor vedea niciodat\u0103 lumina zilei&#8221;<\/em>. Apoi, Turnul Alloa, tot ce mai r\u0103m\u0103sese din gloria de odinioar\u0103 a familiei, a fost distrus de un incendiu, iar so\u0163ia lui Erskine a murit \u00een fl\u0103c\u0103ri.<\/p>\n<p><strong><\/p>\n<figure id=\"attachment_11385\" aria-describedby=\"caption-attachment-11385\" style=\"width: 137px\" class=\"wp-caption alignleft\"><strong><a href=\"https:\/\/www.lovendal.ro\/wp52\/wp-content\/uploads\/2010\/02\/Turnul-Alloa.jpg\"><img loading=\"lazy\" decoding=\"async\" class=\"size-full wp-image-11385\" title=\"Turnul Alloa\" src=\"https:\/\/www.lovendal.ro\/wp52\/wp-content\/uploads\/2010\/02\/Turnul-Alloa.jpg\" alt=\"Turnul Alloa\" width=\"147\" height=\"196\" \/><\/a><\/strong><figcaption id=\"caption-attachment-11385\" class=\"wp-caption-text\">Turnul Alloa<\/figcaption><\/figure>\n<p>Ultima parte a blestemului: conacul va deveni grajd de cai \u015fi sediul unui \u0163es\u0103tor modest, iar un copac va cre\u015fte \u00een v\u00e2rful turnului<\/strong><\/p>\n<p>Partea principal\u0103 a blestemului se \u00eemplinise \u015fi mai r\u0103m\u00e2neau de completat numai c\u00e2teva am\u0103nunte. \u00centr-adev\u0103r, o trup\u0103 de cavalerie a folosit holul pe jum\u0103tate \u00een ruin\u0103 ca ad\u0103post pentru caii s\u0103i \u00een timp ce se deplasa prin \u0163ar\u0103. Dup\u0103 aceea, un \u0163es\u0103tor f\u0103r\u0103 cas\u0103 s-a instalat \u00een ruinele castelului \u015fi \u015fi-a exercitat meseria \u00een or\u0103\u015felul din apropiere. \u00cen preajma anului 1820, un cop\u0103cel a prins r\u0103d\u0103cini \u015fi a \u00eenceput s\u0103 creasc\u0103 \u00een v\u00e2rful Turnului Alloa. Acum, blestemul se \u00eemplinise \u00een toate am\u0103nuntele lui.<\/p>\n<p><strong>A fost abatele un vizionar?<\/strong><\/p>\n<p>Din toate \u00eentreb\u0103rile care ni se \u00eenv\u0103lm\u0103\u015fesc \u00een minte \u00een leg\u0103tur\u0103 cu acest blestem, prima se refer\u0103 la existen\u0163a acestuia. A fost el oare rostit cu adev\u0103rat vreodat\u0103 sau l-a inventat cineva dup\u0103 evenimente, pentru a explica declinul familiei Erskine \u015fi pentru a servi drept avertisment pentru eventualii nobili rebeli? F\u0103r\u0103 \u00eendoial\u0103, at\u00e2t datele istorice, c\u00e2t \u015fi folclorul local atest\u0103 c\u0103 blestemul fusese adev\u0103rat, dar mai exist\u0103 \u015fi posibilitatea ca abatele s\u0103 fi avut mai degrab\u0103 puteri uimitoare de vizionar, \u015fi nu capacitatea de a declan\u015fa astfel de evenimente cumplite.<\/p>\n<p>Ambele explica\u0163ii pot fi valabile \u00een cazul de fa\u0163\u0103. Poate c\u0103 abatele avea puterea de a pecetlui soarta familiei Erskine printr-un blestem sau poate c\u0103 puterile lui de divina\u0163ie erau comparabile celor ale unui profet, de\u015fi aceasta ar fi singura ocazie \u00een care abatele a rostit un oracol. Indiferent care este adev\u0103rul \u00een aceast\u0103 chestiune, se pare c\u0103 puterile mistice ale abatelui de la Cambuskenneth erau at\u00e2t de mari, c\u0103 d\u0103inuiesc \u00een amintirea oamenilor p\u00e2n\u0103 ast\u0103zi.<\/p>\n","protected":false},"excerpt":{"rendered":"<p>Ruinele Turnului Alloa din Sco\u0163ia sunt acum tot ceea ce a mai r\u0103mas din marele conac, re\u015fedin\u0163a ereditar\u0103 a familiei Erskine, con\u0163ii de Mar. Destinul locului s-a \u00eempletit cu acela al familiei care a locuit aici, nu numai datorit\u0103 succed\u0103rii &#8230; <\/p>\n<p class=\"read-more-container\"><a title=\"Tulbur\u0103torul blestem asupra familiei Erskine\" class=\"read-more button\" href=\"https:\/\/www.lovendal.ro\/wp52\/tulburatorul-blestem-asupra-familiei-erskine\/#more-11383\" aria-label=\"Cite\u0219te mai multe despre Tulbur\u0103torul blestem asupra familiei Erskine\">Cititi mai multe<\/a><\/p>\n","protected":false},"author":1,"featured_media":11384,"comment_status":"open","ping_status":"closed","sticky":false,"template":"","format":"standard","meta":{"footnotes":""},"categories":[14],"tags":[242,2891,1741,1620,9796,453,774],"class_list":["post-11383","post","type-post","status-publish","format-standard","has-post-thumbnail","hentry","category-paranormal-spiritualitate","tag-blestem","tag-grajd","tag-incendiu","tag-manastire","tag-paranormal-spiritualitate","tag-rege","tag-scotia","resize-featured-image"],"yoast_head":"<!-- This site is optimized with the Yoast SEO Premium plugin v23.3 (Yoast SEO v27.4) - https:\/\/yoast.com\/product\/yoast-seo-premium-wordpress\/ -->\n<title>Tulbur\u0103torul blestem asupra familiei Erskine - Secretele lui Lovendal<\/title>\n<meta name=\"robots\" content=\"index, follow, max-snippet:-1, max-image-preview:large, max-video-preview:-1\" \/>\n<link rel=\"canonical\" href=\"https:\/\/www.lovendal.ro\/wp52\/tulburatorul-blestem-asupra-familiei-erskine\/\" \/>\n<meta property=\"og:locale\" content=\"ro_RO\" \/>\n<meta property=\"og:type\" content=\"article\" \/>\n<meta property=\"og:title\" content=\"Tulbur\u0103torul blestem asupra familiei Erskine\" \/>\n<meta property=\"og:description\" content=\"Ruinele Turnului Alloa din Sco\u0163ia sunt acum tot ceea ce a mai r\u0103mas din marele conac, re\u015fedin\u0163a ereditar\u0103 a familiei Erskine, con\u0163ii de Mar. Destinul locului s-a \u00eempletit cu acela al familiei care a locuit aici, nu numai datorit\u0103 succed\u0103rii ... Cititi mai multe\" \/>\n<meta property=\"og:url\" content=\"https:\/\/www.lovendal.ro\/wp52\/tulburatorul-blestem-asupra-familiei-erskine\/\" \/>\n<meta property=\"og:site_name\" content=\"Secretele lui Lovendal\" \/>\n<meta property=\"article:publisher\" content=\"https:\/\/www.facebook.com\/secreteleluilovendal\" \/>\n<meta property=\"article:published_time\" content=\"2010-02-21T09:03:08+00:00\" \/>\n<meta property=\"article:modified_time\" content=\"2010-02-23T10:51:25+00:00\" \/>\n<meta property=\"og:image\" content=\"https:\/\/www.lovendal.ro\/wp52\/wp-content\/uploads\/2010\/02\/blestem-negru.jpg\" \/>\n\t<meta property=\"og:image:width\" content=\"282\" \/>\n\t<meta property=\"og:image:height\" content=\"193\" \/>\n\t<meta property=\"og:image:type\" content=\"image\/jpeg\" \/>\n<meta name=\"author\" content=\"admin\" \/>\n<meta name=\"twitter:card\" content=\"summary_large_image\" \/>\n<meta name=\"twitter:label1\" content=\"Scris de\" \/>\n\t<meta name=\"twitter:data1\" content=\"admin\" \/>\n\t<meta name=\"twitter:label2\" content=\"Timp estimat pentru citire\" \/>\n\t<meta name=\"twitter:data2\" content=\"5 minute\" \/>\n<script type=\"application\/ld+json\" class=\"yoast-schema-graph\">{\"@context\":\"https:\\\/\\\/schema.org\",\"@graph\":[{\"@type\":\"Article\",\"@id\":\"https:\\\/\\\/www.lovendal.ro\\\/wp52\\\/tulburatorul-blestem-asupra-familiei-erskine\\\/#article\",\"isPartOf\":{\"@id\":\"https:\\\/\\\/www.lovendal.ro\\\/wp52\\\/tulburatorul-blestem-asupra-familiei-erskine\\\/\"},\"author\":{\"name\":\"admin\",\"@id\":\"https:\\\/\\\/www.lovendal.ro\\\/wp52\\\/#\\\/schema\\\/person\\\/088691de5dfc346bb0c023e1e52ef5d9\"},\"headline\":\"Tulbur\u0103torul blestem asupra familiei Erskine\",\"datePublished\":\"2010-02-21T09:03:08+00:00\",\"dateModified\":\"2010-02-23T10:51:25+00:00\",\"mainEntityOfPage\":{\"@id\":\"https:\\\/\\\/www.lovendal.ro\\\/wp52\\\/tulburatorul-blestem-asupra-familiei-erskine\\\/\"},\"wordCount\":1064,\"commentCount\":4,\"publisher\":{\"@id\":\"https:\\\/\\\/www.lovendal.ro\\\/wp52\\\/#organization\"},\"image\":{\"@id\":\"https:\\\/\\\/www.lovendal.ro\\\/wp52\\\/tulburatorul-blestem-asupra-familiei-erskine\\\/#primaryimage\"},\"thumbnailUrl\":\"https:\\\/\\\/www.lovendal.ro\\\/wp52\\\/wp-content\\\/uploads\\\/2010\\\/02\\\/blestem-negru.jpg\",\"keywords\":[\"blestem\",\"grajd\",\"incendiu\",\"m\u0103n\u0103stire\",\"Paranormal-Spiritualitate\",\"rege\",\"Sco\u0163ia\"],\"articleSection\":[\"Paranormal-Spiritualitate\"],\"inLanguage\":\"ro-RO\",\"potentialAction\":[{\"@type\":\"CommentAction\",\"name\":\"Comment\",\"target\":[\"https:\\\/\\\/www.lovendal.ro\\\/wp52\\\/tulburatorul-blestem-asupra-familiei-erskine\\\/#respond\"]}]},{\"@type\":\"WebPage\",\"@id\":\"https:\\\/\\\/www.lovendal.ro\\\/wp52\\\/tulburatorul-blestem-asupra-familiei-erskine\\\/\",\"url\":\"https:\\\/\\\/www.lovendal.ro\\\/wp52\\\/tulburatorul-blestem-asupra-familiei-erskine\\\/\",\"name\":\"Tulbur\u0103torul blestem asupra familiei Erskine - Secretele lui Lovendal\",\"isPartOf\":{\"@id\":\"https:\\\/\\\/www.lovendal.ro\\\/wp52\\\/#website\"},\"primaryImageOfPage\":{\"@id\":\"https:\\\/\\\/www.lovendal.ro\\\/wp52\\\/tulburatorul-blestem-asupra-familiei-erskine\\\/#primaryimage\"},\"image\":{\"@id\":\"https:\\\/\\\/www.lovendal.ro\\\/wp52\\\/tulburatorul-blestem-asupra-familiei-erskine\\\/#primaryimage\"},\"thumbnailUrl\":\"https:\\\/\\\/www.lovendal.ro\\\/wp52\\\/wp-content\\\/uploads\\\/2010\\\/02\\\/blestem-negru.jpg\",\"datePublished\":\"2010-02-21T09:03:08+00:00\",\"dateModified\":\"2010-02-23T10:51:25+00:00\",\"breadcrumb\":{\"@id\":\"https:\\\/\\\/www.lovendal.ro\\\/wp52\\\/tulburatorul-blestem-asupra-familiei-erskine\\\/#breadcrumb\"},\"inLanguage\":\"ro-RO\",\"potentialAction\":[{\"@type\":\"ReadAction\",\"target\":[\"https:\\\/\\\/www.lovendal.ro\\\/wp52\\\/tulburatorul-blestem-asupra-familiei-erskine\\\/\"]}]},{\"@type\":\"ImageObject\",\"inLanguage\":\"ro-RO\",\"@id\":\"https:\\\/\\\/www.lovendal.ro\\\/wp52\\\/tulburatorul-blestem-asupra-familiei-erskine\\\/#primaryimage\",\"url\":\"https:\\\/\\\/www.lovendal.ro\\\/wp52\\\/wp-content\\\/uploads\\\/2010\\\/02\\\/blestem-negru.jpg\",\"contentUrl\":\"https:\\\/\\\/www.lovendal.ro\\\/wp52\\\/wp-content\\\/uploads\\\/2010\\\/02\\\/blestem-negru.jpg\",\"width\":\"282\",\"height\":\"193\"},{\"@type\":\"BreadcrumbList\",\"@id\":\"https:\\\/\\\/www.lovendal.ro\\\/wp52\\\/tulburatorul-blestem-asupra-familiei-erskine\\\/#breadcrumb\",\"itemListElement\":[{\"@type\":\"ListItem\",\"position\":1,\"name\":\"Home\",\"item\":\"https:\\\/\\\/www.lovendal.ro\\\/wp52\\\/\"},{\"@type\":\"ListItem\",\"position\":2,\"name\":\"Tulbur\u0103torul blestem asupra familiei Erskine\"}]},{\"@type\":\"WebSite\",\"@id\":\"https:\\\/\\\/www.lovendal.ro\\\/wp52\\\/#website\",\"url\":\"https:\\\/\\\/www.lovendal.ro\\\/wp52\\\/\",\"name\":\"Secretele lui Lovendal\",\"description\":\"Site de secrete, stiinta si metafizica - din 2008 -\",\"publisher\":{\"@id\":\"https:\\\/\\\/www.lovendal.ro\\\/wp52\\\/#organization\"},\"potentialAction\":[{\"@type\":\"SearchAction\",\"target\":{\"@type\":\"EntryPoint\",\"urlTemplate\":\"https:\\\/\\\/www.lovendal.ro\\\/wp52\\\/?s={search_term_string}\"},\"query-input\":{\"@type\":\"PropertyValueSpecification\",\"valueRequired\":true,\"valueName\":\"search_term_string\"}}],\"inLanguage\":\"ro-RO\"},{\"@type\":\"Organization\",\"@id\":\"https:\\\/\\\/www.lovendal.ro\\\/wp52\\\/#organization\",\"name\":\"Secretele lui Lovendal\",\"url\":\"https:\\\/\\\/www.lovendal.ro\\\/wp52\\\/\",\"logo\":{\"@type\":\"ImageObject\",\"inLanguage\":\"ro-RO\",\"@id\":\"https:\\\/\\\/www.lovendal.ro\\\/wp52\\\/#\\\/schema\\\/logo\\\/image\\\/\",\"url\":\"https:\\\/\\\/www.lovendal.ro\\\/wp52\\\/wp-content\\\/uploads\\\/2024\\\/06\\\/cropped-SLL-iun-2024-1.jpg\",\"contentUrl\":\"https:\\\/\\\/www.lovendal.ro\\\/wp52\\\/wp-content\\\/uploads\\\/2024\\\/06\\\/cropped-SLL-iun-2024-1.jpg\",\"width\":771,\"height\":240,\"caption\":\"Secretele lui Lovendal\"},\"image\":{\"@id\":\"https:\\\/\\\/www.lovendal.ro\\\/wp52\\\/#\\\/schema\\\/logo\\\/image\\\/\"},\"sameAs\":[\"https:\\\/\\\/www.facebook.com\\\/secreteleluilovendal\"]},{\"@type\":\"Person\",\"@id\":\"https:\\\/\\\/www.lovendal.ro\\\/wp52\\\/#\\\/schema\\\/person\\\/088691de5dfc346bb0c023e1e52ef5d9\",\"name\":\"admin\",\"image\":{\"@type\":\"ImageObject\",\"inLanguage\":\"ro-RO\",\"@id\":\"https:\\\/\\\/secure.gravatar.com\\\/avatar\\\/ecb9cd41f5f63c9c9b989999a59f6e2639a865ec361e9db054db0679a8f341c2?s=96&d=mm&r=g\",\"url\":\"https:\\\/\\\/secure.gravatar.com\\\/avatar\\\/ecb9cd41f5f63c9c9b989999a59f6e2639a865ec361e9db054db0679a8f341c2?s=96&d=mm&r=g\",\"contentUrl\":\"https:\\\/\\\/secure.gravatar.com\\\/avatar\\\/ecb9cd41f5f63c9c9b989999a59f6e2639a865ec361e9db054db0679a8f341c2?s=96&d=mm&r=g\",\"caption\":\"admin\"},\"sameAs\":[\"https:\\\/\\\/www.lovendal.ro\\\/wp52\"]}]}<\/script>\n<!-- \/ Yoast SEO Premium plugin. -->","yoast_head_json":{"title":"Tulbur\u0103torul blestem asupra familiei Erskine - Secretele lui Lovendal","robots":{"index":"index","follow":"follow","max-snippet":"max-snippet:-1","max-image-preview":"max-image-preview:large","max-video-preview":"max-video-preview:-1"},"canonical":"https:\/\/www.lovendal.ro\/wp52\/tulburatorul-blestem-asupra-familiei-erskine\/","og_locale":"ro_RO","og_type":"article","og_title":"Tulbur\u0103torul blestem asupra familiei Erskine","og_description":"Ruinele Turnului Alloa din Sco\u0163ia sunt acum tot ceea ce a mai r\u0103mas din marele conac, re\u015fedin\u0163a ereditar\u0103 a familiei Erskine, con\u0163ii de Mar. Destinul locului s-a \u00eempletit cu acela al familiei care a locuit aici, nu numai datorit\u0103 succed\u0103rii ... Cititi mai multe","og_url":"https:\/\/www.lovendal.ro\/wp52\/tulburatorul-blestem-asupra-familiei-erskine\/","og_site_name":"Secretele lui Lovendal","article_publisher":"https:\/\/www.facebook.com\/secreteleluilovendal","article_published_time":"2010-02-21T09:03:08+00:00","article_modified_time":"2010-02-23T10:51:25+00:00","og_image":[{"width":282,"height":193,"url":"https:\/\/www.lovendal.ro\/wp52\/wp-content\/uploads\/2010\/02\/blestem-negru.jpg","type":"image\/jpeg"}],"author":"admin","twitter_card":"summary_large_image","twitter_misc":{"Scris de":"admin","Timp estimat pentru citire":"5 minute"},"schema":{"@context":"https:\/\/schema.org","@graph":[{"@type":"Article","@id":"https:\/\/www.lovendal.ro\/wp52\/tulburatorul-blestem-asupra-familiei-erskine\/#article","isPartOf":{"@id":"https:\/\/www.lovendal.ro\/wp52\/tulburatorul-blestem-asupra-familiei-erskine\/"},"author":{"name":"admin","@id":"https:\/\/www.lovendal.ro\/wp52\/#\/schema\/person\/088691de5dfc346bb0c023e1e52ef5d9"},"headline":"Tulbur\u0103torul blestem asupra familiei Erskine","datePublished":"2010-02-21T09:03:08+00:00","dateModified":"2010-02-23T10:51:25+00:00","mainEntityOfPage":{"@id":"https:\/\/www.lovendal.ro\/wp52\/tulburatorul-blestem-asupra-familiei-erskine\/"},"wordCount":1064,"commentCount":4,"publisher":{"@id":"https:\/\/www.lovendal.ro\/wp52\/#organization"},"image":{"@id":"https:\/\/www.lovendal.ro\/wp52\/tulburatorul-blestem-asupra-familiei-erskine\/#primaryimage"},"thumbnailUrl":"https:\/\/www.lovendal.ro\/wp52\/wp-content\/uploads\/2010\/02\/blestem-negru.jpg","keywords":["blestem","grajd","incendiu","m\u0103n\u0103stire","Paranormal-Spiritualitate","rege","Sco\u0163ia"],"articleSection":["Paranormal-Spiritualitate"],"inLanguage":"ro-RO","potentialAction":[{"@type":"CommentAction","name":"Comment","target":["https:\/\/www.lovendal.ro\/wp52\/tulburatorul-blestem-asupra-familiei-erskine\/#respond"]}]},{"@type":"WebPage","@id":"https:\/\/www.lovendal.ro\/wp52\/tulburatorul-blestem-asupra-familiei-erskine\/","url":"https:\/\/www.lovendal.ro\/wp52\/tulburatorul-blestem-asupra-familiei-erskine\/","name":"Tulbur\u0103torul blestem asupra familiei Erskine - Secretele lui Lovendal","isPartOf":{"@id":"https:\/\/www.lovendal.ro\/wp52\/#website"},"primaryImageOfPage":{"@id":"https:\/\/www.lovendal.ro\/wp52\/tulburatorul-blestem-asupra-familiei-erskine\/#primaryimage"},"image":{"@id":"https:\/\/www.lovendal.ro\/wp52\/tulburatorul-blestem-asupra-familiei-erskine\/#primaryimage"},"thumbnailUrl":"https:\/\/www.lovendal.ro\/wp52\/wp-content\/uploads\/2010\/02\/blestem-negru.jpg","datePublished":"2010-02-21T09:03:08+00:00","dateModified":"2010-02-23T10:51:25+00:00","breadcrumb":{"@id":"https:\/\/www.lovendal.ro\/wp52\/tulburatorul-blestem-asupra-familiei-erskine\/#breadcrumb"},"inLanguage":"ro-RO","potentialAction":[{"@type":"ReadAction","target":["https:\/\/www.lovendal.ro\/wp52\/tulburatorul-blestem-asupra-familiei-erskine\/"]}]},{"@type":"ImageObject","inLanguage":"ro-RO","@id":"https:\/\/www.lovendal.ro\/wp52\/tulburatorul-blestem-asupra-familiei-erskine\/#primaryimage","url":"https:\/\/www.lovendal.ro\/wp52\/wp-content\/uploads\/2010\/02\/blestem-negru.jpg","contentUrl":"https:\/\/www.lovendal.ro\/wp52\/wp-content\/uploads\/2010\/02\/blestem-negru.jpg","width":"282","height":"193"},{"@type":"BreadcrumbList","@id":"https:\/\/www.lovendal.ro\/wp52\/tulburatorul-blestem-asupra-familiei-erskine\/#breadcrumb","itemListElement":[{"@type":"ListItem","position":1,"name":"Home","item":"https:\/\/www.lovendal.ro\/wp52\/"},{"@type":"ListItem","position":2,"name":"Tulbur\u0103torul blestem asupra familiei Erskine"}]},{"@type":"WebSite","@id":"https:\/\/www.lovendal.ro\/wp52\/#website","url":"https:\/\/www.lovendal.ro\/wp52\/","name":"Secretele lui Lovendal","description":"Site de secrete, stiinta si metafizica - din 2008 -","publisher":{"@id":"https:\/\/www.lovendal.ro\/wp52\/#organization"},"potentialAction":[{"@type":"SearchAction","target":{"@type":"EntryPoint","urlTemplate":"https:\/\/www.lovendal.ro\/wp52\/?s={search_term_string}"},"query-input":{"@type":"PropertyValueSpecification","valueRequired":true,"valueName":"search_term_string"}}],"inLanguage":"ro-RO"},{"@type":"Organization","@id":"https:\/\/www.lovendal.ro\/wp52\/#organization","name":"Secretele lui Lovendal","url":"https:\/\/www.lovendal.ro\/wp52\/","logo":{"@type":"ImageObject","inLanguage":"ro-RO","@id":"https:\/\/www.lovendal.ro\/wp52\/#\/schema\/logo\/image\/","url":"https:\/\/www.lovendal.ro\/wp52\/wp-content\/uploads\/2024\/06\/cropped-SLL-iun-2024-1.jpg","contentUrl":"https:\/\/www.lovendal.ro\/wp52\/wp-content\/uploads\/2024\/06\/cropped-SLL-iun-2024-1.jpg","width":771,"height":240,"caption":"Secretele lui Lovendal"},"image":{"@id":"https:\/\/www.lovendal.ro\/wp52\/#\/schema\/logo\/image\/"},"sameAs":["https:\/\/www.facebook.com\/secreteleluilovendal"]},{"@type":"Person","@id":"https:\/\/www.lovendal.ro\/wp52\/#\/schema\/person\/088691de5dfc346bb0c023e1e52ef5d9","name":"admin","image":{"@type":"ImageObject","inLanguage":"ro-RO","@id":"https:\/\/secure.gravatar.com\/avatar\/ecb9cd41f5f63c9c9b989999a59f6e2639a865ec361e9db054db0679a8f341c2?s=96&d=mm&r=g","url":"https:\/\/secure.gravatar.com\/avatar\/ecb9cd41f5f63c9c9b989999a59f6e2639a865ec361e9db054db0679a8f341c2?s=96&d=mm&r=g","contentUrl":"https:\/\/secure.gravatar.com\/avatar\/ecb9cd41f5f63c9c9b989999a59f6e2639a865ec361e9db054db0679a8f341c2?s=96&d=mm&r=g","caption":"admin"},"sameAs":["https:\/\/www.lovendal.ro\/wp52"]}]}},"_links":{"self":[{"href":"https:\/\/www.lovendal.ro\/wp52\/wp-json\/wp\/v2\/posts\/11383","targetHints":{"allow":["GET"]}}],"collection":[{"href":"https:\/\/www.lovendal.ro\/wp52\/wp-json\/wp\/v2\/posts"}],"about":[{"href":"https:\/\/www.lovendal.ro\/wp52\/wp-json\/wp\/v2\/types\/post"}],"author":[{"embeddable":true,"href":"https:\/\/www.lovendal.ro\/wp52\/wp-json\/wp\/v2\/users\/1"}],"replies":[{"embeddable":true,"href":"https:\/\/www.lovendal.ro\/wp52\/wp-json\/wp\/v2\/comments?post=11383"}],"version-history":[{"count":0,"href":"https:\/\/www.lovendal.ro\/wp52\/wp-json\/wp\/v2\/posts\/11383\/revisions"}],"wp:featuredmedia":[{"embeddable":true,"href":"https:\/\/www.lovendal.ro\/wp52\/wp-json\/wp\/v2\/media\/11384"}],"wp:attachment":[{"href":"https:\/\/www.lovendal.ro\/wp52\/wp-json\/wp\/v2\/media?parent=11383"}],"wp:term":[{"taxonomy":"category","embeddable":true,"href":"https:\/\/www.lovendal.ro\/wp52\/wp-json\/wp\/v2\/categories?post=11383"},{"taxonomy":"post_tag","embeddable":true,"href":"https:\/\/www.lovendal.ro\/wp52\/wp-json\/wp\/v2\/tags?post=11383"}],"curies":[{"name":"wp","href":"https:\/\/api.w.org\/{rel}","templated":true}]}}