{"id":11345,"date":"2010-02-20T07:26:30","date_gmt":"2010-02-20T05:26:30","guid":{"rendered":"http:\/\/www.lovendal.net\/wp52\/?p=11345"},"modified":"2010-02-20T20:10:04","modified_gmt":"2010-02-20T18:10:04","slug":"de-ce-nu-vom-ajunge-niciodata-ca-occidentalii","status":"publish","type":"post","link":"https:\/\/www.lovendal.ro\/wp52\/de-ce-nu-vom-ajunge-niciodata-ca-occidentalii\/","title":{"rendered":"De ce nu vom ajunge niciodat\u0103 ca occidentalii?"},"content":{"rendered":"<p><a href=\"https:\/\/www.lovendal.ro\/wp52\/wp-content\/uploads\/2010\/02\/Orient-Occident.jpg\"><img loading=\"lazy\" decoding=\"async\" class=\"alignleft size-full wp-image-11346\" title=\"Orient Occident\" src=\"https:\/\/www.lovendal.ro\/wp52\/wp-content\/uploads\/2010\/02\/Orient-Occident.jpg\" alt=\"Orient Occident\" width=\"273\" height=\"175\" \/><\/a>De foarte multe ori auzim &#8222;integrarea deplin\u0103 a Rom\u00e2niei \u00een structurile occidentale&#8221;. Poate c\u0103 din punct de vedere structural, al institu\u0163iilor, ne vom integra, dar va fi acea faimoas\u0103 &#8222;form\u0103 f\u0103r\u0103 fond&#8221; a lui Titu Maiorescu. De ce? Pentru c\u0103 \u00een mentalul colectiv exist\u0103 o diferen\u0163\u0103 uria\u015f\u0103 \u00eentre caracterul social dominant al poporului rom\u00e2n \u015fi caracterul social al occidentalilor. \u015ei totul porne\u015fte nu de azi, de ieri, ci cu mii de ani \u00een urm\u0103. &#8222;De vin\u0103&#8221; e&#8230;religia cre\u015ftin\u0103, evident.<\/p>\n<p>Occidentul a ales catolicismul, ca urmare a ideilor religioase ale Sf. Augustin (354-430). Acesta a \u00eencercat s\u0103 &#8222;ra\u0163ionalizeze&#8221; p\u00e2n\u0103 la extrem no\u0163iunea de Dumnezeu, ra\u0163ionalism ce este caracteristic vechii \u015fcoli grece\u015fti a lui Aristotel. De asemenea, a introdus no\u0163iunea de &#8222;predestinare&#8221;, conform c\u0103reia unii oameni sunt ale\u015fi de Dumnezeu s\u0103 fie m\u00e2ntui\u0163i, iar al\u0163ii sunt damna\u0163i \u00eenc\u0103 de la bun \u00eenceput pentru pieire, indiferent c\u00e2te &#8222;lucruri dumnezeie\u015fti&#8221; ar realiza. Astfel, liberul arbitru al omului este anulat, iar Dumnezeu pare unul nemilos \u015fi r\u0103zbun\u0103tor. Aceste idei ai Sf. Augustin au fost duse p\u00e2n\u0103 la extrem de curentele protestante ale catolicismului, ini\u0163iate de Luther \u015fi Calvin \u00een Occident, \u00een secolele 15 \u015fi 16. Astfel, aceste doctrine au creat catolicului sau protestantului de r\u00e2nd din Occident o adev\u0103rat\u0103 angoas\u0103: fiecare credincios se g\u00e2ndea &#8222;sunt sau nu eu alesul lui Dumnezeu pentru a fi m\u00e2ntuit? Sau voi fi damnat pe vecie?&#8221; Credinciosul, conform acestor doctrine, nu ar fi putut face nimic pentru a-\u015fi schimba soarta, deja hot\u0103r\u00e2t\u0103 de Dumnezeu de dinainte, indiferent c\u00e2te virtu\u0163i ar mai fi f\u0103cut el; de aceea, el trebuia s\u0103-\u015fi &#8222;umple&#8221; aceast\u0103 angoas\u0103 interioar\u0103 cu ceva&#8230;cu o activitate&#8230;Iar acea activitate a fost \u00eenceputul dezvolt\u0103rii capitalismului. Totodat\u0103, av\u00e2nd doctrina predestin\u0103rii \u00een minte (care spune c\u0103 indiferent c\u00e2te virtu\u0163i sau p\u0103cate vei face, tot Dumnezeu \u015ftie dac\u0103 e\u015fti &#8222;alesul&#8221; sau nu), occidentalului i-a fost mai u\u015for s\u0103 s\u0103v\u00e2r\u015feasc\u0103 &#8222;p\u0103cate&#8221; de genul jafurilor f\u0103cute \u00een colonii pentru acumularea primitiv\u0103 a capitalului, baza dezvolt\u0103rii capitalismului.<\/p>\n<p>Capitalism care \u00een Orientul Europei nu s-a dezvoltat dec\u00e2t mult mai t\u00e2rziu, \u015fi mai mult for\u0163at. De ce? Pentru c\u0103 ortodoxia, cealalt\u0103 mare ramur\u0103 a cre\u015ftinismului, se bazeaz\u0103 pe alte principii, stipulate de Sf.Maxim M\u0103rturisitorul (580-662). Acesta din urm\u0103 avea o viziune neo-platonic\u0103 (fa\u0163\u0103 de cea aristotelic\u0103 a Sf. Augustin), pun\u00e2nd accentul mai mult pe inim\u0103, dec\u00e2t pe ra\u0163iune. Ortodoxia crede \u00eentr-un Dumnezeu iubitor, situat dincolo de spa\u0163iu \u015fi timp, ce nu dore\u015fte damnarea etern\u0103 vreunui om, ci doar m\u00e2ntuirea oamenilor. De\u015fi s-a n\u0103scut cu p\u0103catul originar, totu\u015fi omul are liberul arbitru de a-\u015fi schimba situa\u0163ia, \u015fi de a deveni divin, dac\u0103 \u00eempline\u015fte virtu\u0163ile lui Dumnezeu. Aceasta face ca ortodoxia din estul Europei s\u0103 aib\u0103 mai mult un caracter contemplativ \u015fi ascetic, opuse ra\u0163ionalismului \u015fi fricii din Occident. Aceast\u0103 contempla\u0163ie s-a extins \u015fi \u00een via\u0163a economic\u0103 \u015fi social\u0103 din estul Europei; dinamismul capitalismului sau nelini\u015ftea occidentalului contrasteaz\u0103 cu starea de a\u015fteptare \u015fi de contempla\u0163ie a locuitorului din Balcani.<\/p>\n<p>De aceea, \u00eentre occidentali \u015fi noi, au existat, exist\u0103 \u015fi vor exista \u00eentotdeauna diferen\u0163e majore.<\/p>\n","protected":false},"excerpt":{"rendered":"<p>De foarte multe ori auzim &#8222;integrarea deplin\u0103 a Rom\u00e2niei \u00een structurile occidentale&#8221;. Poate c\u0103 din punct de vedere structural, al institu\u0163iilor, ne vom integra, dar va fi acea faimoas\u0103 &#8222;form\u0103 f\u0103r\u0103 fond&#8221; a lui Titu Maiorescu. De ce? Pentru c\u0103 &#8230; <\/p>\n<p class=\"read-more-container\"><a title=\"De ce nu vom ajunge niciodat\u0103 ca occidentalii?\" class=\"read-more button\" href=\"https:\/\/www.lovendal.ro\/wp52\/de-ce-nu-vom-ajunge-niciodata-ca-occidentalii\/#more-11345\" aria-label=\"Cite\u0219te mai multe despre De ce nu vom ajunge niciodat\u0103 ca occidentalii?\">Cititi mai multe<\/a><\/p>\n","protected":false},"author":1,"featured_media":11346,"comment_status":"open","ping_status":"closed","sticky":false,"template":"","format":"standard","meta":{"footnotes":""},"categories":[2883],"tags":[2987,254,211,9813,2905,893,1793,2986],"class_list":["post-11345","post","type-post","status-publish","format-standard","has-post-thumbnail","hentry","category-editorial","tag-capitalism","tag-catolicism","tag-crestinism","tag-editorial","tag-occident","tag-ortodoxie","tag-sf-augustin","tag-sf-maxim","resize-featured-image"],"yoast_head":"<!-- This site is optimized with the Yoast SEO Premium plugin v23.3 (Yoast SEO v27.4) - https:\/\/yoast.com\/product\/yoast-seo-premium-wordpress\/ -->\n<title>De ce nu vom ajunge niciodat\u0103 ca occidentalii? - Secretele lui Lovendal<\/title>\n<meta name=\"robots\" content=\"index, follow, max-snippet:-1, max-image-preview:large, max-video-preview:-1\" \/>\n<link rel=\"canonical\" href=\"https:\/\/www.lovendal.ro\/wp52\/de-ce-nu-vom-ajunge-niciodata-ca-occidentalii\/\" \/>\n<meta property=\"og:locale\" content=\"ro_RO\" \/>\n<meta property=\"og:type\" content=\"article\" \/>\n<meta property=\"og:title\" content=\"De ce nu vom ajunge niciodat\u0103 ca occidentalii?\" \/>\n<meta property=\"og:description\" content=\"De foarte multe ori auzim &#8222;integrarea deplin\u0103 a Rom\u00e2niei \u00een structurile occidentale&#8221;. Poate c\u0103 din punct de vedere structural, al institu\u0163iilor, ne vom integra, dar va fi acea faimoas\u0103 &#8222;form\u0103 f\u0103r\u0103 fond&#8221; a lui Titu Maiorescu. De ce? Pentru c\u0103 ... Cititi mai multe\" \/>\n<meta property=\"og:url\" content=\"https:\/\/www.lovendal.ro\/wp52\/de-ce-nu-vom-ajunge-niciodata-ca-occidentalii\/\" \/>\n<meta property=\"og:site_name\" content=\"Secretele lui Lovendal\" \/>\n<meta property=\"article:publisher\" content=\"https:\/\/www.facebook.com\/secreteleluilovendal\" \/>\n<meta property=\"article:published_time\" content=\"2010-02-20T05:26:30+00:00\" \/>\n<meta property=\"article:modified_time\" content=\"2010-02-20T18:10:04+00:00\" \/>\n<meta property=\"og:image\" content=\"https:\/\/www.lovendal.ro\/wp52\/wp-content\/uploads\/2010\/02\/Orient-Occident.jpg\" \/>\n\t<meta property=\"og:image:width\" content=\"273\" \/>\n\t<meta property=\"og:image:height\" content=\"175\" \/>\n\t<meta property=\"og:image:type\" content=\"image\/jpeg\" \/>\n<meta name=\"author\" content=\"admin\" \/>\n<meta name=\"twitter:card\" content=\"summary_large_image\" \/>\n<meta name=\"twitter:label1\" content=\"Scris de\" \/>\n\t<meta name=\"twitter:data1\" content=\"admin\" \/>\n\t<meta name=\"twitter:label2\" content=\"Timp estimat pentru citire\" \/>\n\t<meta name=\"twitter:data2\" content=\"3 minute\" \/>\n<script type=\"application\/ld+json\" class=\"yoast-schema-graph\">{\"@context\":\"https:\\\/\\\/schema.org\",\"@graph\":[{\"@type\":\"Article\",\"@id\":\"https:\\\/\\\/www.lovendal.ro\\\/wp52\\\/de-ce-nu-vom-ajunge-niciodata-ca-occidentalii\\\/#article\",\"isPartOf\":{\"@id\":\"https:\\\/\\\/www.lovendal.ro\\\/wp52\\\/de-ce-nu-vom-ajunge-niciodata-ca-occidentalii\\\/\"},\"author\":{\"name\":\"admin\",\"@id\":\"https:\\\/\\\/www.lovendal.ro\\\/wp52\\\/#\\\/schema\\\/person\\\/088691de5dfc346bb0c023e1e52ef5d9\"},\"headline\":\"De ce nu vom ajunge niciodat\u0103 ca occidentalii?\",\"datePublished\":\"2010-02-20T05:26:30+00:00\",\"dateModified\":\"2010-02-20T18:10:04+00:00\",\"mainEntityOfPage\":{\"@id\":\"https:\\\/\\\/www.lovendal.ro\\\/wp52\\\/de-ce-nu-vom-ajunge-niciodata-ca-occidentalii\\\/\"},\"wordCount\":579,\"commentCount\":13,\"publisher\":{\"@id\":\"https:\\\/\\\/www.lovendal.ro\\\/wp52\\\/#organization\"},\"image\":{\"@id\":\"https:\\\/\\\/www.lovendal.ro\\\/wp52\\\/de-ce-nu-vom-ajunge-niciodata-ca-occidentalii\\\/#primaryimage\"},\"thumbnailUrl\":\"https:\\\/\\\/www.lovendal.ro\\\/wp52\\\/wp-content\\\/uploads\\\/2010\\\/02\\\/Orient-Occident.jpg\",\"keywords\":[\"capitalism\",\"catolicism\",\"cre\u015ftinism\",\"Editorial\",\"Occident\",\"ortodoxie\",\"Sf. Augustin\",\"Sf. Maxim\"],\"articleSection\":[\"Editorial\"],\"inLanguage\":\"ro-RO\",\"potentialAction\":[{\"@type\":\"CommentAction\",\"name\":\"Comment\",\"target\":[\"https:\\\/\\\/www.lovendal.ro\\\/wp52\\\/de-ce-nu-vom-ajunge-niciodata-ca-occidentalii\\\/#respond\"]}]},{\"@type\":\"WebPage\",\"@id\":\"https:\\\/\\\/www.lovendal.ro\\\/wp52\\\/de-ce-nu-vom-ajunge-niciodata-ca-occidentalii\\\/\",\"url\":\"https:\\\/\\\/www.lovendal.ro\\\/wp52\\\/de-ce-nu-vom-ajunge-niciodata-ca-occidentalii\\\/\",\"name\":\"De ce nu vom ajunge niciodat\u0103 ca occidentalii? - Secretele lui Lovendal\",\"isPartOf\":{\"@id\":\"https:\\\/\\\/www.lovendal.ro\\\/wp52\\\/#website\"},\"primaryImageOfPage\":{\"@id\":\"https:\\\/\\\/www.lovendal.ro\\\/wp52\\\/de-ce-nu-vom-ajunge-niciodata-ca-occidentalii\\\/#primaryimage\"},\"image\":{\"@id\":\"https:\\\/\\\/www.lovendal.ro\\\/wp52\\\/de-ce-nu-vom-ajunge-niciodata-ca-occidentalii\\\/#primaryimage\"},\"thumbnailUrl\":\"https:\\\/\\\/www.lovendal.ro\\\/wp52\\\/wp-content\\\/uploads\\\/2010\\\/02\\\/Orient-Occident.jpg\",\"datePublished\":\"2010-02-20T05:26:30+00:00\",\"dateModified\":\"2010-02-20T18:10:04+00:00\",\"breadcrumb\":{\"@id\":\"https:\\\/\\\/www.lovendal.ro\\\/wp52\\\/de-ce-nu-vom-ajunge-niciodata-ca-occidentalii\\\/#breadcrumb\"},\"inLanguage\":\"ro-RO\",\"potentialAction\":[{\"@type\":\"ReadAction\",\"target\":[\"https:\\\/\\\/www.lovendal.ro\\\/wp52\\\/de-ce-nu-vom-ajunge-niciodata-ca-occidentalii\\\/\"]}]},{\"@type\":\"ImageObject\",\"inLanguage\":\"ro-RO\",\"@id\":\"https:\\\/\\\/www.lovendal.ro\\\/wp52\\\/de-ce-nu-vom-ajunge-niciodata-ca-occidentalii\\\/#primaryimage\",\"url\":\"https:\\\/\\\/www.lovendal.ro\\\/wp52\\\/wp-content\\\/uploads\\\/2010\\\/02\\\/Orient-Occident.jpg\",\"contentUrl\":\"https:\\\/\\\/www.lovendal.ro\\\/wp52\\\/wp-content\\\/uploads\\\/2010\\\/02\\\/Orient-Occident.jpg\",\"width\":\"273\",\"height\":\"175\"},{\"@type\":\"BreadcrumbList\",\"@id\":\"https:\\\/\\\/www.lovendal.ro\\\/wp52\\\/de-ce-nu-vom-ajunge-niciodata-ca-occidentalii\\\/#breadcrumb\",\"itemListElement\":[{\"@type\":\"ListItem\",\"position\":1,\"name\":\"Home\",\"item\":\"https:\\\/\\\/www.lovendal.ro\\\/wp52\\\/\"},{\"@type\":\"ListItem\",\"position\":2,\"name\":\"De ce nu vom ajunge niciodat\u0103 ca occidentalii?\"}]},{\"@type\":\"WebSite\",\"@id\":\"https:\\\/\\\/www.lovendal.ro\\\/wp52\\\/#website\",\"url\":\"https:\\\/\\\/www.lovendal.ro\\\/wp52\\\/\",\"name\":\"Secretele lui Lovendal\",\"description\":\"Site de secrete, stiinta si metafizica - din 2008 -\",\"publisher\":{\"@id\":\"https:\\\/\\\/www.lovendal.ro\\\/wp52\\\/#organization\"},\"potentialAction\":[{\"@type\":\"SearchAction\",\"target\":{\"@type\":\"EntryPoint\",\"urlTemplate\":\"https:\\\/\\\/www.lovendal.ro\\\/wp52\\\/?s={search_term_string}\"},\"query-input\":{\"@type\":\"PropertyValueSpecification\",\"valueRequired\":true,\"valueName\":\"search_term_string\"}}],\"inLanguage\":\"ro-RO\"},{\"@type\":\"Organization\",\"@id\":\"https:\\\/\\\/www.lovendal.ro\\\/wp52\\\/#organization\",\"name\":\"Secretele lui Lovendal\",\"url\":\"https:\\\/\\\/www.lovendal.ro\\\/wp52\\\/\",\"logo\":{\"@type\":\"ImageObject\",\"inLanguage\":\"ro-RO\",\"@id\":\"https:\\\/\\\/www.lovendal.ro\\\/wp52\\\/#\\\/schema\\\/logo\\\/image\\\/\",\"url\":\"https:\\\/\\\/www.lovendal.ro\\\/wp52\\\/wp-content\\\/uploads\\\/2024\\\/06\\\/cropped-SLL-iun-2024-1.jpg\",\"contentUrl\":\"https:\\\/\\\/www.lovendal.ro\\\/wp52\\\/wp-content\\\/uploads\\\/2024\\\/06\\\/cropped-SLL-iun-2024-1.jpg\",\"width\":771,\"height\":240,\"caption\":\"Secretele lui Lovendal\"},\"image\":{\"@id\":\"https:\\\/\\\/www.lovendal.ro\\\/wp52\\\/#\\\/schema\\\/logo\\\/image\\\/\"},\"sameAs\":[\"https:\\\/\\\/www.facebook.com\\\/secreteleluilovendal\"]},{\"@type\":\"Person\",\"@id\":\"https:\\\/\\\/www.lovendal.ro\\\/wp52\\\/#\\\/schema\\\/person\\\/088691de5dfc346bb0c023e1e52ef5d9\",\"name\":\"admin\",\"image\":{\"@type\":\"ImageObject\",\"inLanguage\":\"ro-RO\",\"@id\":\"https:\\\/\\\/secure.gravatar.com\\\/avatar\\\/ecb9cd41f5f63c9c9b989999a59f6e2639a865ec361e9db054db0679a8f341c2?s=96&d=mm&r=g\",\"url\":\"https:\\\/\\\/secure.gravatar.com\\\/avatar\\\/ecb9cd41f5f63c9c9b989999a59f6e2639a865ec361e9db054db0679a8f341c2?s=96&d=mm&r=g\",\"contentUrl\":\"https:\\\/\\\/secure.gravatar.com\\\/avatar\\\/ecb9cd41f5f63c9c9b989999a59f6e2639a865ec361e9db054db0679a8f341c2?s=96&d=mm&r=g\",\"caption\":\"admin\"},\"sameAs\":[\"https:\\\/\\\/www.lovendal.ro\\\/wp52\"]}]}<\/script>\n<!-- \/ Yoast SEO Premium plugin. -->","yoast_head_json":{"title":"De ce nu vom ajunge niciodat\u0103 ca occidentalii? - Secretele lui Lovendal","robots":{"index":"index","follow":"follow","max-snippet":"max-snippet:-1","max-image-preview":"max-image-preview:large","max-video-preview":"max-video-preview:-1"},"canonical":"https:\/\/www.lovendal.ro\/wp52\/de-ce-nu-vom-ajunge-niciodata-ca-occidentalii\/","og_locale":"ro_RO","og_type":"article","og_title":"De ce nu vom ajunge niciodat\u0103 ca occidentalii?","og_description":"De foarte multe ori auzim &#8222;integrarea deplin\u0103 a Rom\u00e2niei \u00een structurile occidentale&#8221;. Poate c\u0103 din punct de vedere structural, al institu\u0163iilor, ne vom integra, dar va fi acea faimoas\u0103 &#8222;form\u0103 f\u0103r\u0103 fond&#8221; a lui Titu Maiorescu. De ce? Pentru c\u0103 ... Cititi mai multe","og_url":"https:\/\/www.lovendal.ro\/wp52\/de-ce-nu-vom-ajunge-niciodata-ca-occidentalii\/","og_site_name":"Secretele lui Lovendal","article_publisher":"https:\/\/www.facebook.com\/secreteleluilovendal","article_published_time":"2010-02-20T05:26:30+00:00","article_modified_time":"2010-02-20T18:10:04+00:00","og_image":[{"width":273,"height":175,"url":"https:\/\/www.lovendal.ro\/wp52\/wp-content\/uploads\/2010\/02\/Orient-Occident.jpg","type":"image\/jpeg"}],"author":"admin","twitter_card":"summary_large_image","twitter_misc":{"Scris de":"admin","Timp estimat pentru citire":"3 minute"},"schema":{"@context":"https:\/\/schema.org","@graph":[{"@type":"Article","@id":"https:\/\/www.lovendal.ro\/wp52\/de-ce-nu-vom-ajunge-niciodata-ca-occidentalii\/#article","isPartOf":{"@id":"https:\/\/www.lovendal.ro\/wp52\/de-ce-nu-vom-ajunge-niciodata-ca-occidentalii\/"},"author":{"name":"admin","@id":"https:\/\/www.lovendal.ro\/wp52\/#\/schema\/person\/088691de5dfc346bb0c023e1e52ef5d9"},"headline":"De ce nu vom ajunge niciodat\u0103 ca occidentalii?","datePublished":"2010-02-20T05:26:30+00:00","dateModified":"2010-02-20T18:10:04+00:00","mainEntityOfPage":{"@id":"https:\/\/www.lovendal.ro\/wp52\/de-ce-nu-vom-ajunge-niciodata-ca-occidentalii\/"},"wordCount":579,"commentCount":13,"publisher":{"@id":"https:\/\/www.lovendal.ro\/wp52\/#organization"},"image":{"@id":"https:\/\/www.lovendal.ro\/wp52\/de-ce-nu-vom-ajunge-niciodata-ca-occidentalii\/#primaryimage"},"thumbnailUrl":"https:\/\/www.lovendal.ro\/wp52\/wp-content\/uploads\/2010\/02\/Orient-Occident.jpg","keywords":["capitalism","catolicism","cre\u015ftinism","Editorial","Occident","ortodoxie","Sf. Augustin","Sf. Maxim"],"articleSection":["Editorial"],"inLanguage":"ro-RO","potentialAction":[{"@type":"CommentAction","name":"Comment","target":["https:\/\/www.lovendal.ro\/wp52\/de-ce-nu-vom-ajunge-niciodata-ca-occidentalii\/#respond"]}]},{"@type":"WebPage","@id":"https:\/\/www.lovendal.ro\/wp52\/de-ce-nu-vom-ajunge-niciodata-ca-occidentalii\/","url":"https:\/\/www.lovendal.ro\/wp52\/de-ce-nu-vom-ajunge-niciodata-ca-occidentalii\/","name":"De ce nu vom ajunge niciodat\u0103 ca occidentalii? - Secretele lui Lovendal","isPartOf":{"@id":"https:\/\/www.lovendal.ro\/wp52\/#website"},"primaryImageOfPage":{"@id":"https:\/\/www.lovendal.ro\/wp52\/de-ce-nu-vom-ajunge-niciodata-ca-occidentalii\/#primaryimage"},"image":{"@id":"https:\/\/www.lovendal.ro\/wp52\/de-ce-nu-vom-ajunge-niciodata-ca-occidentalii\/#primaryimage"},"thumbnailUrl":"https:\/\/www.lovendal.ro\/wp52\/wp-content\/uploads\/2010\/02\/Orient-Occident.jpg","datePublished":"2010-02-20T05:26:30+00:00","dateModified":"2010-02-20T18:10:04+00:00","breadcrumb":{"@id":"https:\/\/www.lovendal.ro\/wp52\/de-ce-nu-vom-ajunge-niciodata-ca-occidentalii\/#breadcrumb"},"inLanguage":"ro-RO","potentialAction":[{"@type":"ReadAction","target":["https:\/\/www.lovendal.ro\/wp52\/de-ce-nu-vom-ajunge-niciodata-ca-occidentalii\/"]}]},{"@type":"ImageObject","inLanguage":"ro-RO","@id":"https:\/\/www.lovendal.ro\/wp52\/de-ce-nu-vom-ajunge-niciodata-ca-occidentalii\/#primaryimage","url":"https:\/\/www.lovendal.ro\/wp52\/wp-content\/uploads\/2010\/02\/Orient-Occident.jpg","contentUrl":"https:\/\/www.lovendal.ro\/wp52\/wp-content\/uploads\/2010\/02\/Orient-Occident.jpg","width":"273","height":"175"},{"@type":"BreadcrumbList","@id":"https:\/\/www.lovendal.ro\/wp52\/de-ce-nu-vom-ajunge-niciodata-ca-occidentalii\/#breadcrumb","itemListElement":[{"@type":"ListItem","position":1,"name":"Home","item":"https:\/\/www.lovendal.ro\/wp52\/"},{"@type":"ListItem","position":2,"name":"De ce nu vom ajunge niciodat\u0103 ca occidentalii?"}]},{"@type":"WebSite","@id":"https:\/\/www.lovendal.ro\/wp52\/#website","url":"https:\/\/www.lovendal.ro\/wp52\/","name":"Secretele lui Lovendal","description":"Site de secrete, stiinta si metafizica - din 2008 -","publisher":{"@id":"https:\/\/www.lovendal.ro\/wp52\/#organization"},"potentialAction":[{"@type":"SearchAction","target":{"@type":"EntryPoint","urlTemplate":"https:\/\/www.lovendal.ro\/wp52\/?s={search_term_string}"},"query-input":{"@type":"PropertyValueSpecification","valueRequired":true,"valueName":"search_term_string"}}],"inLanguage":"ro-RO"},{"@type":"Organization","@id":"https:\/\/www.lovendal.ro\/wp52\/#organization","name":"Secretele lui Lovendal","url":"https:\/\/www.lovendal.ro\/wp52\/","logo":{"@type":"ImageObject","inLanguage":"ro-RO","@id":"https:\/\/www.lovendal.ro\/wp52\/#\/schema\/logo\/image\/","url":"https:\/\/www.lovendal.ro\/wp52\/wp-content\/uploads\/2024\/06\/cropped-SLL-iun-2024-1.jpg","contentUrl":"https:\/\/www.lovendal.ro\/wp52\/wp-content\/uploads\/2024\/06\/cropped-SLL-iun-2024-1.jpg","width":771,"height":240,"caption":"Secretele lui Lovendal"},"image":{"@id":"https:\/\/www.lovendal.ro\/wp52\/#\/schema\/logo\/image\/"},"sameAs":["https:\/\/www.facebook.com\/secreteleluilovendal"]},{"@type":"Person","@id":"https:\/\/www.lovendal.ro\/wp52\/#\/schema\/person\/088691de5dfc346bb0c023e1e52ef5d9","name":"admin","image":{"@type":"ImageObject","inLanguage":"ro-RO","@id":"https:\/\/secure.gravatar.com\/avatar\/ecb9cd41f5f63c9c9b989999a59f6e2639a865ec361e9db054db0679a8f341c2?s=96&d=mm&r=g","url":"https:\/\/secure.gravatar.com\/avatar\/ecb9cd41f5f63c9c9b989999a59f6e2639a865ec361e9db054db0679a8f341c2?s=96&d=mm&r=g","contentUrl":"https:\/\/secure.gravatar.com\/avatar\/ecb9cd41f5f63c9c9b989999a59f6e2639a865ec361e9db054db0679a8f341c2?s=96&d=mm&r=g","caption":"admin"},"sameAs":["https:\/\/www.lovendal.ro\/wp52"]}]}},"_links":{"self":[{"href":"https:\/\/www.lovendal.ro\/wp52\/wp-json\/wp\/v2\/posts\/11345","targetHints":{"allow":["GET"]}}],"collection":[{"href":"https:\/\/www.lovendal.ro\/wp52\/wp-json\/wp\/v2\/posts"}],"about":[{"href":"https:\/\/www.lovendal.ro\/wp52\/wp-json\/wp\/v2\/types\/post"}],"author":[{"embeddable":true,"href":"https:\/\/www.lovendal.ro\/wp52\/wp-json\/wp\/v2\/users\/1"}],"replies":[{"embeddable":true,"href":"https:\/\/www.lovendal.ro\/wp52\/wp-json\/wp\/v2\/comments?post=11345"}],"version-history":[{"count":0,"href":"https:\/\/www.lovendal.ro\/wp52\/wp-json\/wp\/v2\/posts\/11345\/revisions"}],"wp:featuredmedia":[{"embeddable":true,"href":"https:\/\/www.lovendal.ro\/wp52\/wp-json\/wp\/v2\/media\/11346"}],"wp:attachment":[{"href":"https:\/\/www.lovendal.ro\/wp52\/wp-json\/wp\/v2\/media?parent=11345"}],"wp:term":[{"taxonomy":"category","embeddable":true,"href":"https:\/\/www.lovendal.ro\/wp52\/wp-json\/wp\/v2\/categories?post=11345"},{"taxonomy":"post_tag","embeddable":true,"href":"https:\/\/www.lovendal.ro\/wp52\/wp-json\/wp\/v2\/tags?post=11345"}],"curies":[{"name":"wp","href":"https:\/\/api.w.org\/{rel}","templated":true}]}}