{"id":11308,"date":"2010-02-18T07:53:49","date_gmt":"2010-02-18T05:53:49","guid":{"rendered":"http:\/\/www.lovendal.net\/wp52\/?p=11308"},"modified":"2010-02-18T07:53:49","modified_gmt":"2010-02-18T05:53:49","slug":"un-barbat-din-africa-de-sud-s-a-intors-din-morti-dupa-5-ani-de-cand-a-fost-inmormantat","status":"publish","type":"post","link":"https:\/\/www.lovendal.ro\/wp52\/un-barbat-din-africa-de-sud-s-a-intors-din-morti-dupa-5-ani-de-cand-a-fost-inmormantat\/","title":{"rendered":"Un b\u0103rbat din Africa de Sud s-a \u00eentors din mor\u0163i dup\u0103 5 ani de c\u00e2nd a fost \u00eenmorm\u00e2ntat"},"content":{"rendered":"<p><a href=\"https:\/\/www.lovendal.ro\/wp52\/wp-content\/uploads\/2010\/02\/negru-inviat-din-morti.jpg\"><img loading=\"lazy\" decoding=\"async\" class=\"alignleft size-full wp-image-11309\" title=\"negru inviat din morti\" src=\"https:\/\/www.lovendal.ro\/wp52\/wp-content\/uploads\/2010\/02\/negru-inviat-din-morti.jpg\" alt=\"negru inviat din morti\" width=\"268\" height=\"187\" \/><\/a>Un b\u0103rbat despre care se credea c\u0103 a fost ucis \u015fi \u00eenmorm\u00e2ntat \u00een 2005, s-a \u00eentors acas\u0103 &#8222;din mor\u0163i&#8221; (a\u015fa cum sus\u0163ine familia sa) \u00een localitatea Transkei din Africa de Sud. B\u0103rbatul, pe nume Siviwe Ntwalana, de 27 de ani, a fost recunoscut de ni\u015fte localnici, \u015fi atunci a fost anun\u0163at\u0103 familia sa.<em> &#8222;Ei au observat asem\u0103narea cu fiul nostru cel decedat&#8221;<\/em>, a declarat tat\u0103l b\u0103rbatului, Mbongolwana Ntwalana. Fratele b\u0103rbatului s-a dus s\u0103 vad\u0103 dac\u0103 \u00eentr-adev\u0103r e el, iar rezultatul a fost pozitiv. C\u00e2nd, \u00een sf\u00e2r\u015fit, a ajuns acas\u0103, mama b\u0103iatului nu-i venea s\u0103-\u015fi cread\u0103 ochilor. Era extrem de \u015focat\u0103, pentru c\u0103 \u015ftia c\u0103 b\u0103iatul ei era \u00eengropat.<\/p>\n<p>B\u0103rbatul &#8222;\u00eenviat din mor\u0163i&#8221; a fost dus apoi la spital. Acolo, tat\u0103l s\u0103u nu s-a convins c\u0103 e fiul s\u0103u dec\u00e2t dup\u0103 ce s-a uitat la anumite semne particulare de pe trupul b\u0103iatului. <em>&#8222;Mi-a atras aten\u0163ia un semn f\u0103cut de o vac\u0103 l\u00e2ng\u0103 ochiul s\u0103u, atunci c\u00e2nd era mic&#8221;<\/em>, a spus tat\u0103l.<\/p>\n<p>Dup\u0103 c\u00e2te se pare, Siviwe a fost \u00eenjunghiat de alt om \u00een timpul unei certe cu acesta privind o fat\u0103, \u015fi&#8230;s-a raportat c\u0103 a murit. B\u0103rbatul \u00eenc\u0103 n-a reu\u015fit s\u0103 explice dac\u0103 a stat \u00een morm\u00e2nt \u00een to\u0163i ace\u015fti ani, dac\u0103 \u00eentr-adev\u0103r &#8222;a \u00eenviat&#8221;. \u00centre timp, poli\u0163ia investigheaz\u0103 cazul \u015fi va afla exact ce s-a \u00eent\u00e2mplat.<\/p>\n<p>\u00cenviere din mor\u0163i? \u015etirea asta mi se pare prea incredibil\u0103!<\/p>\n","protected":false},"excerpt":{"rendered":"<p>Un b\u0103rbat despre care se credea c\u0103 a fost ucis \u015fi \u00eenmorm\u00e2ntat \u00een 2005, s-a \u00eentors acas\u0103 &#8222;din mor\u0163i&#8221; (a\u015fa cum sus\u0163ine familia sa) \u00een localitatea Transkei din Africa de Sud. B\u0103rbatul, pe nume Siviwe Ntwalana, de 27 de ani, &#8230; <\/p>\n<p class=\"read-more-container\"><a title=\"Un b\u0103rbat din Africa de Sud s-a \u00eentors din mor\u0163i dup\u0103 5 ani de c\u00e2nd a fost \u00eenmorm\u00e2ntat\" class=\"read-more button\" href=\"https:\/\/www.lovendal.ro\/wp52\/un-barbat-din-africa-de-sud-s-a-intors-din-morti-dupa-5-ani-de-cand-a-fost-inmormantat\/#more-11308\" aria-label=\"Cite\u0219te mai multe despre Un b\u0103rbat din Africa de Sud s-a \u00eentors din mor\u0163i dup\u0103 5 ani de c\u00e2nd a fost \u00eenmorm\u00e2ntat\">Cititi mai multe<\/a><\/p>\n","protected":false},"author":1,"featured_media":11309,"comment_status":"open","ping_status":"closed","sticky":false,"template":"","format":"standard","meta":{"footnotes":""},"categories":[1852],"tags":[1939,9809,1366,108],"class_list":["post-11308","post","type-post","status-publish","format-standard","has-post-thumbnail","hentry","category-incredibil","tag-africa-de-sud","tag-incredibil","tag-inviere","tag-moarte","resize-featured-image"],"yoast_head":"<!-- This site is optimized with the Yoast SEO Premium plugin v23.3 (Yoast SEO v27.4) - https:\/\/yoast.com\/product\/yoast-seo-premium-wordpress\/ -->\n<title>Un b\u0103rbat din Africa de Sud s-a \u00eentors din mor\u0163i dup\u0103 5 ani de c\u00e2nd a fost \u00eenmorm\u00e2ntat - Secretele lui Lovendal<\/title>\n<meta name=\"robots\" content=\"index, follow, max-snippet:-1, max-image-preview:large, max-video-preview:-1\" \/>\n<link rel=\"canonical\" href=\"https:\/\/www.lovendal.ro\/wp52\/un-barbat-din-africa-de-sud-s-a-intors-din-morti-dupa-5-ani-de-cand-a-fost-inmormantat\/\" \/>\n<meta property=\"og:locale\" content=\"ro_RO\" \/>\n<meta property=\"og:type\" content=\"article\" \/>\n<meta property=\"og:title\" content=\"Un b\u0103rbat din Africa de Sud s-a \u00eentors din mor\u0163i dup\u0103 5 ani de c\u00e2nd a fost \u00eenmorm\u00e2ntat\" \/>\n<meta property=\"og:description\" content=\"Un b\u0103rbat despre care se credea c\u0103 a fost ucis \u015fi \u00eenmorm\u00e2ntat \u00een 2005, s-a \u00eentors acas\u0103 &#8222;din mor\u0163i&#8221; (a\u015fa cum sus\u0163ine familia sa) \u00een localitatea Transkei din Africa de Sud. B\u0103rbatul, pe nume Siviwe Ntwalana, de 27 de ani, ... Cititi mai multe\" \/>\n<meta property=\"og:url\" content=\"https:\/\/www.lovendal.ro\/wp52\/un-barbat-din-africa-de-sud-s-a-intors-din-morti-dupa-5-ani-de-cand-a-fost-inmormantat\/\" \/>\n<meta property=\"og:site_name\" content=\"Secretele lui Lovendal\" \/>\n<meta property=\"article:publisher\" content=\"https:\/\/www.facebook.com\/secreteleluilovendal\" \/>\n<meta property=\"article:published_time\" content=\"2010-02-18T05:53:49+00:00\" \/>\n<meta property=\"og:image\" content=\"https:\/\/www.lovendal.ro\/wp52\/wp-content\/uploads\/2010\/02\/negru-inviat-din-morti.jpg\" \/>\n\t<meta property=\"og:image:width\" content=\"290\" \/>\n\t<meta property=\"og:image:height\" content=\"203\" \/>\n\t<meta property=\"og:image:type\" content=\"image\/jpeg\" \/>\n<meta name=\"author\" content=\"admin\" \/>\n<meta name=\"twitter:card\" content=\"summary_large_image\" \/>\n<meta name=\"twitter:label1\" content=\"Scris de\" \/>\n\t<meta name=\"twitter:data1\" content=\"admin\" \/>\n\t<meta name=\"twitter:label2\" content=\"Timp estimat pentru citire\" \/>\n\t<meta name=\"twitter:data2\" content=\"1 minut\" \/>\n<script type=\"application\/ld+json\" class=\"yoast-schema-graph\">{\"@context\":\"https:\\\/\\\/schema.org\",\"@graph\":[{\"@type\":\"Article\",\"@id\":\"https:\\\/\\\/www.lovendal.ro\\\/wp52\\\/un-barbat-din-africa-de-sud-s-a-intors-din-morti-dupa-5-ani-de-cand-a-fost-inmormantat\\\/#article\",\"isPartOf\":{\"@id\":\"https:\\\/\\\/www.lovendal.ro\\\/wp52\\\/un-barbat-din-africa-de-sud-s-a-intors-din-morti-dupa-5-ani-de-cand-a-fost-inmormantat\\\/\"},\"author\":{\"name\":\"admin\",\"@id\":\"https:\\\/\\\/www.lovendal.ro\\\/wp52\\\/#\\\/schema\\\/person\\\/088691de5dfc346bb0c023e1e52ef5d9\"},\"headline\":\"Un b\u0103rbat din Africa de Sud s-a \u00eentors din mor\u0163i dup\u0103 5 ani de c\u00e2nd a fost \u00eenmorm\u00e2ntat\",\"datePublished\":\"2010-02-18T05:53:49+00:00\",\"mainEntityOfPage\":{\"@id\":\"https:\\\/\\\/www.lovendal.ro\\\/wp52\\\/un-barbat-din-africa-de-sud-s-a-intors-din-morti-dupa-5-ani-de-cand-a-fost-inmormantat\\\/\"},\"wordCount\":289,\"commentCount\":11,\"publisher\":{\"@id\":\"https:\\\/\\\/www.lovendal.ro\\\/wp52\\\/#organization\"},\"image\":{\"@id\":\"https:\\\/\\\/www.lovendal.ro\\\/wp52\\\/un-barbat-din-africa-de-sud-s-a-intors-din-morti-dupa-5-ani-de-cand-a-fost-inmormantat\\\/#primaryimage\"},\"thumbnailUrl\":\"https:\\\/\\\/www.lovendal.ro\\\/wp52\\\/wp-content\\\/uploads\\\/2010\\\/02\\\/negru-inviat-din-morti.jpg\",\"keywords\":[\"Africa de Sud\",\"Incredibil!\",\"Inviere\",\"moarte\"],\"articleSection\":[\"Incredibil!\"],\"inLanguage\":\"ro-RO\",\"potentialAction\":[{\"@type\":\"CommentAction\",\"name\":\"Comment\",\"target\":[\"https:\\\/\\\/www.lovendal.ro\\\/wp52\\\/un-barbat-din-africa-de-sud-s-a-intors-din-morti-dupa-5-ani-de-cand-a-fost-inmormantat\\\/#respond\"]}]},{\"@type\":\"WebPage\",\"@id\":\"https:\\\/\\\/www.lovendal.ro\\\/wp52\\\/un-barbat-din-africa-de-sud-s-a-intors-din-morti-dupa-5-ani-de-cand-a-fost-inmormantat\\\/\",\"url\":\"https:\\\/\\\/www.lovendal.ro\\\/wp52\\\/un-barbat-din-africa-de-sud-s-a-intors-din-morti-dupa-5-ani-de-cand-a-fost-inmormantat\\\/\",\"name\":\"Un b\u0103rbat din Africa de Sud s-a \u00eentors din mor\u0163i dup\u0103 5 ani de c\u00e2nd a fost \u00eenmorm\u00e2ntat - Secretele lui Lovendal\",\"isPartOf\":{\"@id\":\"https:\\\/\\\/www.lovendal.ro\\\/wp52\\\/#website\"},\"primaryImageOfPage\":{\"@id\":\"https:\\\/\\\/www.lovendal.ro\\\/wp52\\\/un-barbat-din-africa-de-sud-s-a-intors-din-morti-dupa-5-ani-de-cand-a-fost-inmormantat\\\/#primaryimage\"},\"image\":{\"@id\":\"https:\\\/\\\/www.lovendal.ro\\\/wp52\\\/un-barbat-din-africa-de-sud-s-a-intors-din-morti-dupa-5-ani-de-cand-a-fost-inmormantat\\\/#primaryimage\"},\"thumbnailUrl\":\"https:\\\/\\\/www.lovendal.ro\\\/wp52\\\/wp-content\\\/uploads\\\/2010\\\/02\\\/negru-inviat-din-morti.jpg\",\"datePublished\":\"2010-02-18T05:53:49+00:00\",\"breadcrumb\":{\"@id\":\"https:\\\/\\\/www.lovendal.ro\\\/wp52\\\/un-barbat-din-africa-de-sud-s-a-intors-din-morti-dupa-5-ani-de-cand-a-fost-inmormantat\\\/#breadcrumb\"},\"inLanguage\":\"ro-RO\",\"potentialAction\":[{\"@type\":\"ReadAction\",\"target\":[\"https:\\\/\\\/www.lovendal.ro\\\/wp52\\\/un-barbat-din-africa-de-sud-s-a-intors-din-morti-dupa-5-ani-de-cand-a-fost-inmormantat\\\/\"]}]},{\"@type\":\"ImageObject\",\"inLanguage\":\"ro-RO\",\"@id\":\"https:\\\/\\\/www.lovendal.ro\\\/wp52\\\/un-barbat-din-africa-de-sud-s-a-intors-din-morti-dupa-5-ani-de-cand-a-fost-inmormantat\\\/#primaryimage\",\"url\":\"https:\\\/\\\/www.lovendal.ro\\\/wp52\\\/wp-content\\\/uploads\\\/2010\\\/02\\\/negru-inviat-din-morti.jpg\",\"contentUrl\":\"https:\\\/\\\/www.lovendal.ro\\\/wp52\\\/wp-content\\\/uploads\\\/2010\\\/02\\\/negru-inviat-din-morti.jpg\",\"width\":\"290\",\"height\":\"203\"},{\"@type\":\"BreadcrumbList\",\"@id\":\"https:\\\/\\\/www.lovendal.ro\\\/wp52\\\/un-barbat-din-africa-de-sud-s-a-intors-din-morti-dupa-5-ani-de-cand-a-fost-inmormantat\\\/#breadcrumb\",\"itemListElement\":[{\"@type\":\"ListItem\",\"position\":1,\"name\":\"Home\",\"item\":\"https:\\\/\\\/www.lovendal.ro\\\/wp52\\\/\"},{\"@type\":\"ListItem\",\"position\":2,\"name\":\"Un b\u0103rbat din Africa de Sud s-a \u00eentors din mor\u0163i dup\u0103 5 ani de c\u00e2nd a fost \u00eenmorm\u00e2ntat\"}]},{\"@type\":\"WebSite\",\"@id\":\"https:\\\/\\\/www.lovendal.ro\\\/wp52\\\/#website\",\"url\":\"https:\\\/\\\/www.lovendal.ro\\\/wp52\\\/\",\"name\":\"Secretele lui Lovendal\",\"description\":\"Site de secrete, stiinta si metafizica - din 2008 -\",\"publisher\":{\"@id\":\"https:\\\/\\\/www.lovendal.ro\\\/wp52\\\/#organization\"},\"potentialAction\":[{\"@type\":\"SearchAction\",\"target\":{\"@type\":\"EntryPoint\",\"urlTemplate\":\"https:\\\/\\\/www.lovendal.ro\\\/wp52\\\/?s={search_term_string}\"},\"query-input\":{\"@type\":\"PropertyValueSpecification\",\"valueRequired\":true,\"valueName\":\"search_term_string\"}}],\"inLanguage\":\"ro-RO\"},{\"@type\":\"Organization\",\"@id\":\"https:\\\/\\\/www.lovendal.ro\\\/wp52\\\/#organization\",\"name\":\"Secretele lui Lovendal\",\"url\":\"https:\\\/\\\/www.lovendal.ro\\\/wp52\\\/\",\"logo\":{\"@type\":\"ImageObject\",\"inLanguage\":\"ro-RO\",\"@id\":\"https:\\\/\\\/www.lovendal.ro\\\/wp52\\\/#\\\/schema\\\/logo\\\/image\\\/\",\"url\":\"https:\\\/\\\/www.lovendal.ro\\\/wp52\\\/wp-content\\\/uploads\\\/2024\\\/06\\\/cropped-SLL-iun-2024-1.jpg\",\"contentUrl\":\"https:\\\/\\\/www.lovendal.ro\\\/wp52\\\/wp-content\\\/uploads\\\/2024\\\/06\\\/cropped-SLL-iun-2024-1.jpg\",\"width\":771,\"height\":240,\"caption\":\"Secretele lui Lovendal\"},\"image\":{\"@id\":\"https:\\\/\\\/www.lovendal.ro\\\/wp52\\\/#\\\/schema\\\/logo\\\/image\\\/\"},\"sameAs\":[\"https:\\\/\\\/www.facebook.com\\\/secreteleluilovendal\"]},{\"@type\":\"Person\",\"@id\":\"https:\\\/\\\/www.lovendal.ro\\\/wp52\\\/#\\\/schema\\\/person\\\/088691de5dfc346bb0c023e1e52ef5d9\",\"name\":\"admin\",\"image\":{\"@type\":\"ImageObject\",\"inLanguage\":\"ro-RO\",\"@id\":\"https:\\\/\\\/secure.gravatar.com\\\/avatar\\\/ecb9cd41f5f63c9c9b989999a59f6e2639a865ec361e9db054db0679a8f341c2?s=96&d=mm&r=g\",\"url\":\"https:\\\/\\\/secure.gravatar.com\\\/avatar\\\/ecb9cd41f5f63c9c9b989999a59f6e2639a865ec361e9db054db0679a8f341c2?s=96&d=mm&r=g\",\"contentUrl\":\"https:\\\/\\\/secure.gravatar.com\\\/avatar\\\/ecb9cd41f5f63c9c9b989999a59f6e2639a865ec361e9db054db0679a8f341c2?s=96&d=mm&r=g\",\"caption\":\"admin\"},\"sameAs\":[\"https:\\\/\\\/www.lovendal.ro\\\/wp52\"]}]}<\/script>\n<!-- \/ Yoast SEO Premium plugin. -->","yoast_head_json":{"title":"Un b\u0103rbat din Africa de Sud s-a \u00eentors din mor\u0163i dup\u0103 5 ani de c\u00e2nd a fost \u00eenmorm\u00e2ntat - Secretele lui Lovendal","robots":{"index":"index","follow":"follow","max-snippet":"max-snippet:-1","max-image-preview":"max-image-preview:large","max-video-preview":"max-video-preview:-1"},"canonical":"https:\/\/www.lovendal.ro\/wp52\/un-barbat-din-africa-de-sud-s-a-intors-din-morti-dupa-5-ani-de-cand-a-fost-inmormantat\/","og_locale":"ro_RO","og_type":"article","og_title":"Un b\u0103rbat din Africa de Sud s-a \u00eentors din mor\u0163i dup\u0103 5 ani de c\u00e2nd a fost \u00eenmorm\u00e2ntat","og_description":"Un b\u0103rbat despre care se credea c\u0103 a fost ucis \u015fi \u00eenmorm\u00e2ntat \u00een 2005, s-a \u00eentors acas\u0103 &#8222;din mor\u0163i&#8221; (a\u015fa cum sus\u0163ine familia sa) \u00een localitatea Transkei din Africa de Sud. B\u0103rbatul, pe nume Siviwe Ntwalana, de 27 de ani, ... Cititi mai multe","og_url":"https:\/\/www.lovendal.ro\/wp52\/un-barbat-din-africa-de-sud-s-a-intors-din-morti-dupa-5-ani-de-cand-a-fost-inmormantat\/","og_site_name":"Secretele lui Lovendal","article_publisher":"https:\/\/www.facebook.com\/secreteleluilovendal","article_published_time":"2010-02-18T05:53:49+00:00","og_image":[{"width":290,"height":203,"url":"https:\/\/www.lovendal.ro\/wp52\/wp-content\/uploads\/2010\/02\/negru-inviat-din-morti.jpg","type":"image\/jpeg"}],"author":"admin","twitter_card":"summary_large_image","twitter_misc":{"Scris de":"admin","Timp estimat pentru citire":"1 minut"},"schema":{"@context":"https:\/\/schema.org","@graph":[{"@type":"Article","@id":"https:\/\/www.lovendal.ro\/wp52\/un-barbat-din-africa-de-sud-s-a-intors-din-morti-dupa-5-ani-de-cand-a-fost-inmormantat\/#article","isPartOf":{"@id":"https:\/\/www.lovendal.ro\/wp52\/un-barbat-din-africa-de-sud-s-a-intors-din-morti-dupa-5-ani-de-cand-a-fost-inmormantat\/"},"author":{"name":"admin","@id":"https:\/\/www.lovendal.ro\/wp52\/#\/schema\/person\/088691de5dfc346bb0c023e1e52ef5d9"},"headline":"Un b\u0103rbat din Africa de Sud s-a \u00eentors din mor\u0163i dup\u0103 5 ani de c\u00e2nd a fost \u00eenmorm\u00e2ntat","datePublished":"2010-02-18T05:53:49+00:00","mainEntityOfPage":{"@id":"https:\/\/www.lovendal.ro\/wp52\/un-barbat-din-africa-de-sud-s-a-intors-din-morti-dupa-5-ani-de-cand-a-fost-inmormantat\/"},"wordCount":289,"commentCount":11,"publisher":{"@id":"https:\/\/www.lovendal.ro\/wp52\/#organization"},"image":{"@id":"https:\/\/www.lovendal.ro\/wp52\/un-barbat-din-africa-de-sud-s-a-intors-din-morti-dupa-5-ani-de-cand-a-fost-inmormantat\/#primaryimage"},"thumbnailUrl":"https:\/\/www.lovendal.ro\/wp52\/wp-content\/uploads\/2010\/02\/negru-inviat-din-morti.jpg","keywords":["Africa de Sud","Incredibil!","Inviere","moarte"],"articleSection":["Incredibil!"],"inLanguage":"ro-RO","potentialAction":[{"@type":"CommentAction","name":"Comment","target":["https:\/\/www.lovendal.ro\/wp52\/un-barbat-din-africa-de-sud-s-a-intors-din-morti-dupa-5-ani-de-cand-a-fost-inmormantat\/#respond"]}]},{"@type":"WebPage","@id":"https:\/\/www.lovendal.ro\/wp52\/un-barbat-din-africa-de-sud-s-a-intors-din-morti-dupa-5-ani-de-cand-a-fost-inmormantat\/","url":"https:\/\/www.lovendal.ro\/wp52\/un-barbat-din-africa-de-sud-s-a-intors-din-morti-dupa-5-ani-de-cand-a-fost-inmormantat\/","name":"Un b\u0103rbat din Africa de Sud s-a \u00eentors din mor\u0163i dup\u0103 5 ani de c\u00e2nd a fost \u00eenmorm\u00e2ntat - Secretele lui Lovendal","isPartOf":{"@id":"https:\/\/www.lovendal.ro\/wp52\/#website"},"primaryImageOfPage":{"@id":"https:\/\/www.lovendal.ro\/wp52\/un-barbat-din-africa-de-sud-s-a-intors-din-morti-dupa-5-ani-de-cand-a-fost-inmormantat\/#primaryimage"},"image":{"@id":"https:\/\/www.lovendal.ro\/wp52\/un-barbat-din-africa-de-sud-s-a-intors-din-morti-dupa-5-ani-de-cand-a-fost-inmormantat\/#primaryimage"},"thumbnailUrl":"https:\/\/www.lovendal.ro\/wp52\/wp-content\/uploads\/2010\/02\/negru-inviat-din-morti.jpg","datePublished":"2010-02-18T05:53:49+00:00","breadcrumb":{"@id":"https:\/\/www.lovendal.ro\/wp52\/un-barbat-din-africa-de-sud-s-a-intors-din-morti-dupa-5-ani-de-cand-a-fost-inmormantat\/#breadcrumb"},"inLanguage":"ro-RO","potentialAction":[{"@type":"ReadAction","target":["https:\/\/www.lovendal.ro\/wp52\/un-barbat-din-africa-de-sud-s-a-intors-din-morti-dupa-5-ani-de-cand-a-fost-inmormantat\/"]}]},{"@type":"ImageObject","inLanguage":"ro-RO","@id":"https:\/\/www.lovendal.ro\/wp52\/un-barbat-din-africa-de-sud-s-a-intors-din-morti-dupa-5-ani-de-cand-a-fost-inmormantat\/#primaryimage","url":"https:\/\/www.lovendal.ro\/wp52\/wp-content\/uploads\/2010\/02\/negru-inviat-din-morti.jpg","contentUrl":"https:\/\/www.lovendal.ro\/wp52\/wp-content\/uploads\/2010\/02\/negru-inviat-din-morti.jpg","width":"290","height":"203"},{"@type":"BreadcrumbList","@id":"https:\/\/www.lovendal.ro\/wp52\/un-barbat-din-africa-de-sud-s-a-intors-din-morti-dupa-5-ani-de-cand-a-fost-inmormantat\/#breadcrumb","itemListElement":[{"@type":"ListItem","position":1,"name":"Home","item":"https:\/\/www.lovendal.ro\/wp52\/"},{"@type":"ListItem","position":2,"name":"Un b\u0103rbat din Africa de Sud s-a \u00eentors din mor\u0163i dup\u0103 5 ani de c\u00e2nd a fost \u00eenmorm\u00e2ntat"}]},{"@type":"WebSite","@id":"https:\/\/www.lovendal.ro\/wp52\/#website","url":"https:\/\/www.lovendal.ro\/wp52\/","name":"Secretele lui Lovendal","description":"Site de secrete, stiinta si metafizica - din 2008 -","publisher":{"@id":"https:\/\/www.lovendal.ro\/wp52\/#organization"},"potentialAction":[{"@type":"SearchAction","target":{"@type":"EntryPoint","urlTemplate":"https:\/\/www.lovendal.ro\/wp52\/?s={search_term_string}"},"query-input":{"@type":"PropertyValueSpecification","valueRequired":true,"valueName":"search_term_string"}}],"inLanguage":"ro-RO"},{"@type":"Organization","@id":"https:\/\/www.lovendal.ro\/wp52\/#organization","name":"Secretele lui Lovendal","url":"https:\/\/www.lovendal.ro\/wp52\/","logo":{"@type":"ImageObject","inLanguage":"ro-RO","@id":"https:\/\/www.lovendal.ro\/wp52\/#\/schema\/logo\/image\/","url":"https:\/\/www.lovendal.ro\/wp52\/wp-content\/uploads\/2024\/06\/cropped-SLL-iun-2024-1.jpg","contentUrl":"https:\/\/www.lovendal.ro\/wp52\/wp-content\/uploads\/2024\/06\/cropped-SLL-iun-2024-1.jpg","width":771,"height":240,"caption":"Secretele lui Lovendal"},"image":{"@id":"https:\/\/www.lovendal.ro\/wp52\/#\/schema\/logo\/image\/"},"sameAs":["https:\/\/www.facebook.com\/secreteleluilovendal"]},{"@type":"Person","@id":"https:\/\/www.lovendal.ro\/wp52\/#\/schema\/person\/088691de5dfc346bb0c023e1e52ef5d9","name":"admin","image":{"@type":"ImageObject","inLanguage":"ro-RO","@id":"https:\/\/secure.gravatar.com\/avatar\/ecb9cd41f5f63c9c9b989999a59f6e2639a865ec361e9db054db0679a8f341c2?s=96&d=mm&r=g","url":"https:\/\/secure.gravatar.com\/avatar\/ecb9cd41f5f63c9c9b989999a59f6e2639a865ec361e9db054db0679a8f341c2?s=96&d=mm&r=g","contentUrl":"https:\/\/secure.gravatar.com\/avatar\/ecb9cd41f5f63c9c9b989999a59f6e2639a865ec361e9db054db0679a8f341c2?s=96&d=mm&r=g","caption":"admin"},"sameAs":["https:\/\/www.lovendal.ro\/wp52"]}]}},"_links":{"self":[{"href":"https:\/\/www.lovendal.ro\/wp52\/wp-json\/wp\/v2\/posts\/11308","targetHints":{"allow":["GET"]}}],"collection":[{"href":"https:\/\/www.lovendal.ro\/wp52\/wp-json\/wp\/v2\/posts"}],"about":[{"href":"https:\/\/www.lovendal.ro\/wp52\/wp-json\/wp\/v2\/types\/post"}],"author":[{"embeddable":true,"href":"https:\/\/www.lovendal.ro\/wp52\/wp-json\/wp\/v2\/users\/1"}],"replies":[{"embeddable":true,"href":"https:\/\/www.lovendal.ro\/wp52\/wp-json\/wp\/v2\/comments?post=11308"}],"version-history":[{"count":0,"href":"https:\/\/www.lovendal.ro\/wp52\/wp-json\/wp\/v2\/posts\/11308\/revisions"}],"wp:featuredmedia":[{"embeddable":true,"href":"https:\/\/www.lovendal.ro\/wp52\/wp-json\/wp\/v2\/media\/11309"}],"wp:attachment":[{"href":"https:\/\/www.lovendal.ro\/wp52\/wp-json\/wp\/v2\/media?parent=11308"}],"wp:term":[{"taxonomy":"category","embeddable":true,"href":"https:\/\/www.lovendal.ro\/wp52\/wp-json\/wp\/v2\/categories?post=11308"},{"taxonomy":"post_tag","embeddable":true,"href":"https:\/\/www.lovendal.ro\/wp52\/wp-json\/wp\/v2\/tags?post=11308"}],"curies":[{"name":"wp","href":"https:\/\/api.w.org\/{rel}","templated":true}]}}