{"id":11144,"date":"2010-02-10T18:41:50","date_gmt":"2010-02-10T16:41:50","guid":{"rendered":"http:\/\/www.lovendal.net\/wp52\/?p=11144"},"modified":"2010-02-11T17:49:16","modified_gmt":"2010-02-11T15:49:16","slug":"aceasta-lume-mai-are-48-de-ani-caci-sfarsitul-lumii-va-fi-in-2058","status":"publish","type":"post","link":"https:\/\/www.lovendal.ro\/wp52\/aceasta-lume-mai-are-48-de-ani-caci-sfarsitul-lumii-va-fi-in-2058\/","title":{"rendered":"Aceast\u0103 lume mai are 48 de ani, c\u0103ci sf\u00e2r\u015fitul lumii va fi \u00een 2058!"},"content":{"rendered":"<p><a href=\"https:\/\/www.lovendal.ro\/wp52\/wp-content\/uploads\/2010\/02\/sfarsitul-lumii-25.jpg\"><img loading=\"lazy\" decoding=\"async\" class=\"alignleft size-full wp-image-11145\" title=\"sfarsitul lumii 25\" src=\"https:\/\/www.lovendal.ro\/wp52\/wp-content\/uploads\/2010\/02\/sfarsitul-lumii-25.jpg\" alt=\"sfarsitul lumii 25\" width=\"297\" height=\"198\" \/><\/a>Sf\u00e2r\u015fitul lumii a fost \u015fi este un subiect care i-a preocupat pe mul\u0163i oameni. Am auzit de-a lungul timpului at\u00e2tea date despre Apocalips\u0103 \u00eenc\u00e2t ne-am cam s\u0103turat. Dar s\u0103 vedem \u00eempreun\u0103 ce spune Biblia despre Apocalips\u0103.<\/p>\n<p>\u00cen <em>Genez\u0103<\/em> ni se spune c\u0103 Dumnezeu a creat cerurile \u015fi p\u0103m\u00e2ntul \u00een \u015fase zile, iar \u00een cea de a \u015faptea s-a odihnit. Tot \u00een Biblie ni se mai spune c\u0103 pentru Dumnezeu, o zi \u00eenseamn\u0103 o mie de ani, iar o mie de ani \u00eenseamn\u0103 o zi. Mul\u0163i cre\u015ftini cred c\u0103 Dumnezeu vrea s\u0103 ne spun\u0103 c\u0103 omul va domni 6.000 de ani pe P\u0103m\u00e2nt, dup\u0103 care vor urma o mie de ani \u00een care va domni Hristos.<\/p>\n<p>A\u015fadar, dac\u0103 am accepta, conform Bibliei, faptul c\u0103 lumea condus\u0103 de oameni va dura doar 6.000 de ani, aceasta \u00eenseamn\u0103 c\u0103 pentru a calcula sf\u00e2r\u015fitul lumii trebuie s\u0103 afl\u0103m care a fost \u00eenceputul ei, la care vom ad\u0103uga cei 6.000 de ani. Dar care e data \u00eenceputul lumii?<\/p>\n<p><strong>Newton credea c\u0103 sf\u00e2r\u015fitul lumii va avea loc \u00een 2060, dup\u0103 6.000 de ani de la Crea\u0163ia lumii<\/strong><\/p>\n<p>Isaac Newton, cel mai mare om de \u015ftiin\u0163\u0103 englez, spunea c\u0103 are o \u00eencredere fundamental\u0103 \u00een Biblie ca fiind Cuv\u00e2ntul lui Dumnezeu, scris de cei care au fost inspira\u0163i. El credea c\u0103 Biblia con\u0163inea legile secrete ale Universului ale lui Dumnezeu. A\u015fa c\u0103 el a ajuns la concluzia, studiind Biblia, c\u0103 sf\u00e2r\u015fitul lumii va avea loc \u00een anul 2060. Acest an al Apocalipsei va aduce apoi 1.000 de ani de regat al lui Hristos.<\/p>\n<p>Omul de \u015ftiin\u0163\u0103 englez vedea \u00een sf\u00e2r\u015fitul lumii<em> &#8222;ruina na\u0163iunilor malefice \u015fi \u00eentoarcerea evreilor pe p\u0103m\u00e2ntul lui Israel&#8221;<\/em>. Dac\u0103 sc\u0103dem din anul 2060 (v\u0103zut ca sf\u00e2r\u015fitul lumii de c\u0103tre Newton) cei 6.000 de ani, rezult\u0103 \u00een final c\u0103 data crea\u0163iei lumii, conform viziunii lui Newton, ar fi anul 3940 \u00ee.Hr.<\/p>\n<p><strong>Beda Venerabilul a calculat \u00eenceputul lumii \u00een anul 3944 \u00ee.Hr.<\/strong><\/p>\n<p>Beda Venerabilul, un mare teolog \u015fi istoric cre\u015ftin din sec. al VIII-lea, a calculat na\u015fterea lui Hristos la 3.942 de ani dup\u0103 Crea\u0163ia lumii. El a crezut c\u0103 Iisus s-ar fi n\u0103scut \u00een anul 10 \u00ee.Hr., a\u015fa c\u0103 a stabilit \u00eenceputul lumii la anul 3.952 \u00ee.Hr. Dar Iisus s-a n\u0103scut cel mai probabil \u00een anul 2 \u00ee.Hr., a\u015fa c\u0103, dup\u0103 Bede Venerabilul, Crea\u0163ia lumii a avut loc \u00een anul 3.944 \u00ee.Hr. Dac\u0103 adun\u0103m cei 6.000 de ani, \u00eenseamn\u0103 c\u0103 sf\u00e2r\u015fitul lumii va avea loc \u00een anul 2056.<\/p>\n<p><strong>Eusebius consider\u0103 \u00eenceputul lumii ca fiind anul 3.942 \u00ee.Hr., calcul\u00e2nd cele 81 de jubilee<\/strong><\/p>\n<p>Eusebius (episcop de Cezareea \u015fi p\u0103rinte al Bisericii cre\u015ftine) consider\u0103 c\u0103 anii 28-29 d.Hr. constituiau cel de-al 15-lea an de domnie al \u00eemp\u0103ratului Tiberius, \u015fi cel de-al 81-lea jubileu (conform calendarului evreiesc). Dup\u0103 cum se \u015ftie, un jubileu avea 49 de ani. Sf. Ieronim, cel care l-a tradus pe Eusebiu, a spus c\u0103: <em>&#8222;La \u00eenceputul celui de-al 81-lea jubileu, conform calendarului evreiesc, Iisus Hristos, Fiul lui Dumnezeu, a anun\u0163at calea spre m\u00e2ntuire pentru to\u0163i \u015fi a \u00eenf\u0103ptuit miracolele descrise \u00een Biblie&#8221;. <\/em>At\u00e2t Sf. Ieronim, c\u00e2t \u015fi Eusebiu credeau deci c\u0103 anii 28\/29 d.Hr. erau &#8222;anii jubileului&#8221;. Aceasta \u00eenseamn\u0103 c\u0103 \u00eenainte de anul 28, deci \u00een anul 27 d.Hr. se pot calcula 81 de jubilee a c\u00e2te 49 de ani, adic\u0103 3969 ani. Aceasta \u00eenseamn\u0103 c\u0103 anul crea\u0163iei, conform lui Eusebiu, ar fi: 3969-27 = 3942 \u00ee.Hr.<\/p>\n<p><strong>Dup\u0103 Scaliger, lumea a fost creat\u0103 \u00een 3949 \u00ee.Hr., iar dup\u0103 Ussher \u00een 4004 \u00ee.Hr.<\/strong><\/p>\n<p>Iosif Scaliger a fost un mare teolog \u015fi istoric francez, care a salvat multe manuscrise vechi de la distrugere. \u00cen monumentala sa oper\u0103 de cronologie, el a calculat anul crea\u0163iei ca fiind 3949 \u00ee.Hr.<\/p>\n<p>Episcopul James Ussher (1581-1656) a fost un mare teolog calvinist. El a devenit celebru dup\u0103 ce a f\u0103cut cunoscut\u0103 data crea\u0163iei lumii: duminic\u0103, 23 octombrie 4004 \u00ee.Hr. Lucrarea sa este \u00een general foarte precis\u0103, dar a f\u0103cut 2 gre\u015feli: \u00een primul r\u00e2nd, el era convins c\u0103 regele Irod a murit \u00een anul 4 \u00ee.Hr., iar Iisus s-a n\u0103scut exact la 4.000 de ani de la crea\u0163ia lumii, adic\u0103 tot \u00een anul 4 \u00ee.Hr. A doua gre\u015feal\u0103 a fost aceea c\u0103 l-a considerat pe Tera ca av\u00e2nd 130 de ani atunci c\u00e2nd l-a n\u0103scut pe Avram, c\u00e2nd \u00een Biblie se spune clar c\u0103 Tera l-a n\u0103scut pe Avram la 70 de ani. Dac\u0103 \u00eendep\u0103rt\u0103m aceste dou\u0103 gre\u015feli, 2 ani la na\u015fterea lui Iisus, \u015fi 60 de ani, la na\u015fterea lui Avram, ob\u0163inem 62 de ani. Dac\u0103 sc\u0103dem din 4004 num\u0103rul 62, ob\u0163inem anul 3942.<\/p>\n<p>A\u015fadar, s\u0103 recapitul\u0103m, c\u00e2nd au v\u0103zut marii oameni ai lumii \u00eenceputul crea\u0163iei:<\/p>\n<p>Newton \u2026\u2026\u2026\u2026\u2026\u2026.\u2026. 3940 \u00ee-Hr.<br \/>\nBede \u2026\u2026\u2026\u2026\u2026\u2026\u2026\u2026.. 3944 \u00ee.Hr.<br \/>\nSf.Ieronim &amp; Eusebius \u2026\u2026.. 3942 \u00ee.Hr.<br \/>\nScaliger \u2026\u2026\u2026\u2026\u2026.\u2026&#8230;. 3949 \u00ee.Hr.<br \/>\nUssher (minus 62 ani)\u2026.. 3942 \u00ee.Hr.<\/p>\n<p>Consider\u00e2nd c\u0103 anul 3942 \u00ee.Hr. apare \u00een operele a 3 mari teologi, putem considera ca aceast\u0103 dat\u0103 fiind \u00eenceputul Crea\u0163iei, conform Bibliei. Dac\u0103 la acest an ad\u0103ug\u0103m 6.000 de ani (a\u015fa cum am precizat la \u00eenceputul articolului), rezult\u0103 c\u0103 ar trebui s\u0103 ne a\u015ftept\u0103m la sf\u00e2r\u015fitul lumii \u00een&#8230;anul 2058! Deci, peste 48 de ani&#8230;<\/p>\n","protected":false},"excerpt":{"rendered":"<p>Sf\u00e2r\u015fitul lumii a fost \u015fi este un subiect care i-a preocupat pe mul\u0163i oameni. Am auzit de-a lungul timpului at\u00e2tea date despre Apocalips\u0103 \u00eenc\u00e2t ne-am cam s\u0103turat. Dar s\u0103 vedem \u00eempreun\u0103 ce spune Biblia despre Apocalips\u0103. \u00cen Genez\u0103 ni se &#8230; <\/p>\n<p class=\"read-more-container\"><a title=\"Aceast\u0103 lume mai are 48 de ani, c\u0103ci sf\u00e2r\u015fitul lumii va fi \u00een 2058!\" class=\"read-more button\" href=\"https:\/\/www.lovendal.ro\/wp52\/aceasta-lume-mai-are-48-de-ani-caci-sfarsitul-lumii-va-fi-in-2058\/#more-11144\" aria-label=\"Cite\u0219te mai multe despre Aceast\u0103 lume mai are 48 de ani, c\u0103ci sf\u00e2r\u015fitul lumii va fi \u00een 2058!\">Cititi mai multe<\/a><\/p>\n","protected":false},"author":1,"featured_media":11145,"comment_status":"open","ping_status":"closed","sticky":false,"template":"","format":"standard","meta":{"footnotes":""},"categories":[14],"tags":[2936,60,211,2937,210,2940,2939,808,9796,2938,1124],"class_list":["post-11144","post","type-post","status-publish","format-standard","has-post-thumbnail","hentry","category-paranormal-spiritualitate","tag-beda-venerabilul","tag-biblie","tag-crestinism","tag-eusebius","tag-iisus-hristos","tag-inceputul-creatiei","tag-james-ussher","tag-newton","tag-paranormal-spiritualitate","tag-scaliger","tag-sfarsitul-lumii","resize-featured-image"],"yoast_head":"<!-- This site is optimized with the Yoast SEO Premium plugin v23.3 (Yoast SEO v27.4) - https:\/\/yoast.com\/product\/yoast-seo-premium-wordpress\/ -->\n<title>Aceast\u0103 lume mai are 48 de ani, c\u0103ci sf\u00e2r\u015fitul lumii va fi \u00een 2058! - Secretele lui Lovendal<\/title>\n<meta name=\"robots\" content=\"index, follow, max-snippet:-1, max-image-preview:large, max-video-preview:-1\" \/>\n<link rel=\"canonical\" href=\"https:\/\/www.lovendal.ro\/wp52\/aceasta-lume-mai-are-48-de-ani-caci-sfarsitul-lumii-va-fi-in-2058\/\" \/>\n<meta property=\"og:locale\" content=\"ro_RO\" \/>\n<meta property=\"og:type\" content=\"article\" \/>\n<meta property=\"og:title\" content=\"Aceast\u0103 lume mai are 48 de ani, c\u0103ci sf\u00e2r\u015fitul lumii va fi \u00een 2058!\" \/>\n<meta property=\"og:description\" content=\"Sf\u00e2r\u015fitul lumii a fost \u015fi este un subiect care i-a preocupat pe mul\u0163i oameni. Am auzit de-a lungul timpului at\u00e2tea date despre Apocalips\u0103 \u00eenc\u00e2t ne-am cam s\u0103turat. Dar s\u0103 vedem \u00eempreun\u0103 ce spune Biblia despre Apocalips\u0103. \u00cen Genez\u0103 ni se ... Cititi mai multe\" \/>\n<meta property=\"og:url\" content=\"https:\/\/www.lovendal.ro\/wp52\/aceasta-lume-mai-are-48-de-ani-caci-sfarsitul-lumii-va-fi-in-2058\/\" \/>\n<meta property=\"og:site_name\" content=\"Secretele lui Lovendal\" \/>\n<meta property=\"article:publisher\" content=\"https:\/\/www.facebook.com\/secreteleluilovendal\" \/>\n<meta property=\"article:published_time\" content=\"2010-02-10T16:41:50+00:00\" \/>\n<meta property=\"article:modified_time\" content=\"2010-02-11T15:49:16+00:00\" \/>\n<meta property=\"og:image\" content=\"https:\/\/www.lovendal.ro\/wp52\/wp-content\/uploads\/2010\/02\/sfarsitul-lumii-25.jpg\" \/>\n\t<meta property=\"og:image:width\" content=\"297\" \/>\n\t<meta property=\"og:image:height\" content=\"198\" \/>\n\t<meta property=\"og:image:type\" content=\"image\/jpeg\" \/>\n<meta name=\"author\" content=\"admin\" \/>\n<meta name=\"twitter:card\" content=\"summary_large_image\" \/>\n<meta name=\"twitter:label1\" content=\"Scris de\" \/>\n\t<meta name=\"twitter:data1\" content=\"admin\" \/>\n\t<meta name=\"twitter:label2\" content=\"Timp estimat pentru citire\" \/>\n\t<meta name=\"twitter:data2\" content=\"4 minute\" \/>\n<script type=\"application\/ld+json\" class=\"yoast-schema-graph\">{\"@context\":\"https:\\\/\\\/schema.org\",\"@graph\":[{\"@type\":\"Article\",\"@id\":\"https:\\\/\\\/www.lovendal.ro\\\/wp52\\\/aceasta-lume-mai-are-48-de-ani-caci-sfarsitul-lumii-va-fi-in-2058\\\/#article\",\"isPartOf\":{\"@id\":\"https:\\\/\\\/www.lovendal.ro\\\/wp52\\\/aceasta-lume-mai-are-48-de-ani-caci-sfarsitul-lumii-va-fi-in-2058\\\/\"},\"author\":{\"name\":\"admin\",\"@id\":\"https:\\\/\\\/www.lovendal.ro\\\/wp52\\\/#\\\/schema\\\/person\\\/088691de5dfc346bb0c023e1e52ef5d9\"},\"headline\":\"Aceast\u0103 lume mai are 48 de ani, c\u0103ci sf\u00e2r\u015fitul lumii va fi \u00een 2058!\",\"datePublished\":\"2010-02-10T16:41:50+00:00\",\"dateModified\":\"2010-02-11T15:49:16+00:00\",\"mainEntityOfPage\":{\"@id\":\"https:\\\/\\\/www.lovendal.ro\\\/wp52\\\/aceasta-lume-mai-are-48-de-ani-caci-sfarsitul-lumii-va-fi-in-2058\\\/\"},\"wordCount\":890,\"commentCount\":57,\"publisher\":{\"@id\":\"https:\\\/\\\/www.lovendal.ro\\\/wp52\\\/#organization\"},\"image\":{\"@id\":\"https:\\\/\\\/www.lovendal.ro\\\/wp52\\\/aceasta-lume-mai-are-48-de-ani-caci-sfarsitul-lumii-va-fi-in-2058\\\/#primaryimage\"},\"thumbnailUrl\":\"https:\\\/\\\/www.lovendal.ro\\\/wp52\\\/wp-content\\\/uploads\\\/2010\\\/02\\\/sfarsitul-lumii-25.jpg\",\"keywords\":[\"Beda Venerabilul\",\"Biblie\",\"cre\u015ftinism\",\"Eusebius\",\"Iisus Hristos\",\"\u00eenceputul Crea\u0163iei\",\"James Ussher\",\"Newton\",\"Paranormal-Spiritualitate\",\"Scaliger\",\"sf\u00e2r\u015fitul lumii\"],\"articleSection\":[\"Paranormal-Spiritualitate\"],\"inLanguage\":\"ro-RO\",\"potentialAction\":[{\"@type\":\"CommentAction\",\"name\":\"Comment\",\"target\":[\"https:\\\/\\\/www.lovendal.ro\\\/wp52\\\/aceasta-lume-mai-are-48-de-ani-caci-sfarsitul-lumii-va-fi-in-2058\\\/#respond\"]}]},{\"@type\":\"WebPage\",\"@id\":\"https:\\\/\\\/www.lovendal.ro\\\/wp52\\\/aceasta-lume-mai-are-48-de-ani-caci-sfarsitul-lumii-va-fi-in-2058\\\/\",\"url\":\"https:\\\/\\\/www.lovendal.ro\\\/wp52\\\/aceasta-lume-mai-are-48-de-ani-caci-sfarsitul-lumii-va-fi-in-2058\\\/\",\"name\":\"Aceast\u0103 lume mai are 48 de ani, c\u0103ci sf\u00e2r\u015fitul lumii va fi \u00een 2058! - Secretele lui Lovendal\",\"isPartOf\":{\"@id\":\"https:\\\/\\\/www.lovendal.ro\\\/wp52\\\/#website\"},\"primaryImageOfPage\":{\"@id\":\"https:\\\/\\\/www.lovendal.ro\\\/wp52\\\/aceasta-lume-mai-are-48-de-ani-caci-sfarsitul-lumii-va-fi-in-2058\\\/#primaryimage\"},\"image\":{\"@id\":\"https:\\\/\\\/www.lovendal.ro\\\/wp52\\\/aceasta-lume-mai-are-48-de-ani-caci-sfarsitul-lumii-va-fi-in-2058\\\/#primaryimage\"},\"thumbnailUrl\":\"https:\\\/\\\/www.lovendal.ro\\\/wp52\\\/wp-content\\\/uploads\\\/2010\\\/02\\\/sfarsitul-lumii-25.jpg\",\"datePublished\":\"2010-02-10T16:41:50+00:00\",\"dateModified\":\"2010-02-11T15:49:16+00:00\",\"breadcrumb\":{\"@id\":\"https:\\\/\\\/www.lovendal.ro\\\/wp52\\\/aceasta-lume-mai-are-48-de-ani-caci-sfarsitul-lumii-va-fi-in-2058\\\/#breadcrumb\"},\"inLanguage\":\"ro-RO\",\"potentialAction\":[{\"@type\":\"ReadAction\",\"target\":[\"https:\\\/\\\/www.lovendal.ro\\\/wp52\\\/aceasta-lume-mai-are-48-de-ani-caci-sfarsitul-lumii-va-fi-in-2058\\\/\"]}]},{\"@type\":\"ImageObject\",\"inLanguage\":\"ro-RO\",\"@id\":\"https:\\\/\\\/www.lovendal.ro\\\/wp52\\\/aceasta-lume-mai-are-48-de-ani-caci-sfarsitul-lumii-va-fi-in-2058\\\/#primaryimage\",\"url\":\"https:\\\/\\\/www.lovendal.ro\\\/wp52\\\/wp-content\\\/uploads\\\/2010\\\/02\\\/sfarsitul-lumii-25.jpg\",\"contentUrl\":\"https:\\\/\\\/www.lovendal.ro\\\/wp52\\\/wp-content\\\/uploads\\\/2010\\\/02\\\/sfarsitul-lumii-25.jpg\",\"width\":\"297\",\"height\":\"198\"},{\"@type\":\"BreadcrumbList\",\"@id\":\"https:\\\/\\\/www.lovendal.ro\\\/wp52\\\/aceasta-lume-mai-are-48-de-ani-caci-sfarsitul-lumii-va-fi-in-2058\\\/#breadcrumb\",\"itemListElement\":[{\"@type\":\"ListItem\",\"position\":1,\"name\":\"Home\",\"item\":\"https:\\\/\\\/www.lovendal.ro\\\/wp52\\\/\"},{\"@type\":\"ListItem\",\"position\":2,\"name\":\"Aceast\u0103 lume mai are 48 de ani, c\u0103ci sf\u00e2r\u015fitul lumii va fi \u00een 2058!\"}]},{\"@type\":\"WebSite\",\"@id\":\"https:\\\/\\\/www.lovendal.ro\\\/wp52\\\/#website\",\"url\":\"https:\\\/\\\/www.lovendal.ro\\\/wp52\\\/\",\"name\":\"Secretele lui Lovendal\",\"description\":\"Site de secrete, stiinta si metafizica - din 2008 -\",\"publisher\":{\"@id\":\"https:\\\/\\\/www.lovendal.ro\\\/wp52\\\/#organization\"},\"potentialAction\":[{\"@type\":\"SearchAction\",\"target\":{\"@type\":\"EntryPoint\",\"urlTemplate\":\"https:\\\/\\\/www.lovendal.ro\\\/wp52\\\/?s={search_term_string}\"},\"query-input\":{\"@type\":\"PropertyValueSpecification\",\"valueRequired\":true,\"valueName\":\"search_term_string\"}}],\"inLanguage\":\"ro-RO\"},{\"@type\":\"Organization\",\"@id\":\"https:\\\/\\\/www.lovendal.ro\\\/wp52\\\/#organization\",\"name\":\"Secretele lui Lovendal\",\"url\":\"https:\\\/\\\/www.lovendal.ro\\\/wp52\\\/\",\"logo\":{\"@type\":\"ImageObject\",\"inLanguage\":\"ro-RO\",\"@id\":\"https:\\\/\\\/www.lovendal.ro\\\/wp52\\\/#\\\/schema\\\/logo\\\/image\\\/\",\"url\":\"https:\\\/\\\/www.lovendal.ro\\\/wp52\\\/wp-content\\\/uploads\\\/2024\\\/06\\\/cropped-SLL-iun-2024-1.jpg\",\"contentUrl\":\"https:\\\/\\\/www.lovendal.ro\\\/wp52\\\/wp-content\\\/uploads\\\/2024\\\/06\\\/cropped-SLL-iun-2024-1.jpg\",\"width\":771,\"height\":240,\"caption\":\"Secretele lui Lovendal\"},\"image\":{\"@id\":\"https:\\\/\\\/www.lovendal.ro\\\/wp52\\\/#\\\/schema\\\/logo\\\/image\\\/\"},\"sameAs\":[\"https:\\\/\\\/www.facebook.com\\\/secreteleluilovendal\"]},{\"@type\":\"Person\",\"@id\":\"https:\\\/\\\/www.lovendal.ro\\\/wp52\\\/#\\\/schema\\\/person\\\/088691de5dfc346bb0c023e1e52ef5d9\",\"name\":\"admin\",\"image\":{\"@type\":\"ImageObject\",\"inLanguage\":\"ro-RO\",\"@id\":\"https:\\\/\\\/secure.gravatar.com\\\/avatar\\\/ecb9cd41f5f63c9c9b989999a59f6e2639a865ec361e9db054db0679a8f341c2?s=96&d=mm&r=g\",\"url\":\"https:\\\/\\\/secure.gravatar.com\\\/avatar\\\/ecb9cd41f5f63c9c9b989999a59f6e2639a865ec361e9db054db0679a8f341c2?s=96&d=mm&r=g\",\"contentUrl\":\"https:\\\/\\\/secure.gravatar.com\\\/avatar\\\/ecb9cd41f5f63c9c9b989999a59f6e2639a865ec361e9db054db0679a8f341c2?s=96&d=mm&r=g\",\"caption\":\"admin\"},\"sameAs\":[\"https:\\\/\\\/www.lovendal.ro\\\/wp52\"]}]}<\/script>\n<!-- \/ Yoast SEO Premium plugin. -->","yoast_head_json":{"title":"Aceast\u0103 lume mai are 48 de ani, c\u0103ci sf\u00e2r\u015fitul lumii va fi \u00een 2058! - Secretele lui Lovendal","robots":{"index":"index","follow":"follow","max-snippet":"max-snippet:-1","max-image-preview":"max-image-preview:large","max-video-preview":"max-video-preview:-1"},"canonical":"https:\/\/www.lovendal.ro\/wp52\/aceasta-lume-mai-are-48-de-ani-caci-sfarsitul-lumii-va-fi-in-2058\/","og_locale":"ro_RO","og_type":"article","og_title":"Aceast\u0103 lume mai are 48 de ani, c\u0103ci sf\u00e2r\u015fitul lumii va fi \u00een 2058!","og_description":"Sf\u00e2r\u015fitul lumii a fost \u015fi este un subiect care i-a preocupat pe mul\u0163i oameni. Am auzit de-a lungul timpului at\u00e2tea date despre Apocalips\u0103 \u00eenc\u00e2t ne-am cam s\u0103turat. Dar s\u0103 vedem \u00eempreun\u0103 ce spune Biblia despre Apocalips\u0103. \u00cen Genez\u0103 ni se ... Cititi mai multe","og_url":"https:\/\/www.lovendal.ro\/wp52\/aceasta-lume-mai-are-48-de-ani-caci-sfarsitul-lumii-va-fi-in-2058\/","og_site_name":"Secretele lui Lovendal","article_publisher":"https:\/\/www.facebook.com\/secreteleluilovendal","article_published_time":"2010-02-10T16:41:50+00:00","article_modified_time":"2010-02-11T15:49:16+00:00","og_image":[{"width":297,"height":198,"url":"https:\/\/www.lovendal.ro\/wp52\/wp-content\/uploads\/2010\/02\/sfarsitul-lumii-25.jpg","type":"image\/jpeg"}],"author":"admin","twitter_card":"summary_large_image","twitter_misc":{"Scris de":"admin","Timp estimat pentru citire":"4 minute"},"schema":{"@context":"https:\/\/schema.org","@graph":[{"@type":"Article","@id":"https:\/\/www.lovendal.ro\/wp52\/aceasta-lume-mai-are-48-de-ani-caci-sfarsitul-lumii-va-fi-in-2058\/#article","isPartOf":{"@id":"https:\/\/www.lovendal.ro\/wp52\/aceasta-lume-mai-are-48-de-ani-caci-sfarsitul-lumii-va-fi-in-2058\/"},"author":{"name":"admin","@id":"https:\/\/www.lovendal.ro\/wp52\/#\/schema\/person\/088691de5dfc346bb0c023e1e52ef5d9"},"headline":"Aceast\u0103 lume mai are 48 de ani, c\u0103ci sf\u00e2r\u015fitul lumii va fi \u00een 2058!","datePublished":"2010-02-10T16:41:50+00:00","dateModified":"2010-02-11T15:49:16+00:00","mainEntityOfPage":{"@id":"https:\/\/www.lovendal.ro\/wp52\/aceasta-lume-mai-are-48-de-ani-caci-sfarsitul-lumii-va-fi-in-2058\/"},"wordCount":890,"commentCount":57,"publisher":{"@id":"https:\/\/www.lovendal.ro\/wp52\/#organization"},"image":{"@id":"https:\/\/www.lovendal.ro\/wp52\/aceasta-lume-mai-are-48-de-ani-caci-sfarsitul-lumii-va-fi-in-2058\/#primaryimage"},"thumbnailUrl":"https:\/\/www.lovendal.ro\/wp52\/wp-content\/uploads\/2010\/02\/sfarsitul-lumii-25.jpg","keywords":["Beda Venerabilul","Biblie","cre\u015ftinism","Eusebius","Iisus Hristos","\u00eenceputul Crea\u0163iei","James Ussher","Newton","Paranormal-Spiritualitate","Scaliger","sf\u00e2r\u015fitul lumii"],"articleSection":["Paranormal-Spiritualitate"],"inLanguage":"ro-RO","potentialAction":[{"@type":"CommentAction","name":"Comment","target":["https:\/\/www.lovendal.ro\/wp52\/aceasta-lume-mai-are-48-de-ani-caci-sfarsitul-lumii-va-fi-in-2058\/#respond"]}]},{"@type":"WebPage","@id":"https:\/\/www.lovendal.ro\/wp52\/aceasta-lume-mai-are-48-de-ani-caci-sfarsitul-lumii-va-fi-in-2058\/","url":"https:\/\/www.lovendal.ro\/wp52\/aceasta-lume-mai-are-48-de-ani-caci-sfarsitul-lumii-va-fi-in-2058\/","name":"Aceast\u0103 lume mai are 48 de ani, c\u0103ci sf\u00e2r\u015fitul lumii va fi \u00een 2058! - Secretele lui Lovendal","isPartOf":{"@id":"https:\/\/www.lovendal.ro\/wp52\/#website"},"primaryImageOfPage":{"@id":"https:\/\/www.lovendal.ro\/wp52\/aceasta-lume-mai-are-48-de-ani-caci-sfarsitul-lumii-va-fi-in-2058\/#primaryimage"},"image":{"@id":"https:\/\/www.lovendal.ro\/wp52\/aceasta-lume-mai-are-48-de-ani-caci-sfarsitul-lumii-va-fi-in-2058\/#primaryimage"},"thumbnailUrl":"https:\/\/www.lovendal.ro\/wp52\/wp-content\/uploads\/2010\/02\/sfarsitul-lumii-25.jpg","datePublished":"2010-02-10T16:41:50+00:00","dateModified":"2010-02-11T15:49:16+00:00","breadcrumb":{"@id":"https:\/\/www.lovendal.ro\/wp52\/aceasta-lume-mai-are-48-de-ani-caci-sfarsitul-lumii-va-fi-in-2058\/#breadcrumb"},"inLanguage":"ro-RO","potentialAction":[{"@type":"ReadAction","target":["https:\/\/www.lovendal.ro\/wp52\/aceasta-lume-mai-are-48-de-ani-caci-sfarsitul-lumii-va-fi-in-2058\/"]}]},{"@type":"ImageObject","inLanguage":"ro-RO","@id":"https:\/\/www.lovendal.ro\/wp52\/aceasta-lume-mai-are-48-de-ani-caci-sfarsitul-lumii-va-fi-in-2058\/#primaryimage","url":"https:\/\/www.lovendal.ro\/wp52\/wp-content\/uploads\/2010\/02\/sfarsitul-lumii-25.jpg","contentUrl":"https:\/\/www.lovendal.ro\/wp52\/wp-content\/uploads\/2010\/02\/sfarsitul-lumii-25.jpg","width":"297","height":"198"},{"@type":"BreadcrumbList","@id":"https:\/\/www.lovendal.ro\/wp52\/aceasta-lume-mai-are-48-de-ani-caci-sfarsitul-lumii-va-fi-in-2058\/#breadcrumb","itemListElement":[{"@type":"ListItem","position":1,"name":"Home","item":"https:\/\/www.lovendal.ro\/wp52\/"},{"@type":"ListItem","position":2,"name":"Aceast\u0103 lume mai are 48 de ani, c\u0103ci sf\u00e2r\u015fitul lumii va fi \u00een 2058!"}]},{"@type":"WebSite","@id":"https:\/\/www.lovendal.ro\/wp52\/#website","url":"https:\/\/www.lovendal.ro\/wp52\/","name":"Secretele lui Lovendal","description":"Site de secrete, stiinta si metafizica - din 2008 -","publisher":{"@id":"https:\/\/www.lovendal.ro\/wp52\/#organization"},"potentialAction":[{"@type":"SearchAction","target":{"@type":"EntryPoint","urlTemplate":"https:\/\/www.lovendal.ro\/wp52\/?s={search_term_string}"},"query-input":{"@type":"PropertyValueSpecification","valueRequired":true,"valueName":"search_term_string"}}],"inLanguage":"ro-RO"},{"@type":"Organization","@id":"https:\/\/www.lovendal.ro\/wp52\/#organization","name":"Secretele lui Lovendal","url":"https:\/\/www.lovendal.ro\/wp52\/","logo":{"@type":"ImageObject","inLanguage":"ro-RO","@id":"https:\/\/www.lovendal.ro\/wp52\/#\/schema\/logo\/image\/","url":"https:\/\/www.lovendal.ro\/wp52\/wp-content\/uploads\/2024\/06\/cropped-SLL-iun-2024-1.jpg","contentUrl":"https:\/\/www.lovendal.ro\/wp52\/wp-content\/uploads\/2024\/06\/cropped-SLL-iun-2024-1.jpg","width":771,"height":240,"caption":"Secretele lui Lovendal"},"image":{"@id":"https:\/\/www.lovendal.ro\/wp52\/#\/schema\/logo\/image\/"},"sameAs":["https:\/\/www.facebook.com\/secreteleluilovendal"]},{"@type":"Person","@id":"https:\/\/www.lovendal.ro\/wp52\/#\/schema\/person\/088691de5dfc346bb0c023e1e52ef5d9","name":"admin","image":{"@type":"ImageObject","inLanguage":"ro-RO","@id":"https:\/\/secure.gravatar.com\/avatar\/ecb9cd41f5f63c9c9b989999a59f6e2639a865ec361e9db054db0679a8f341c2?s=96&d=mm&r=g","url":"https:\/\/secure.gravatar.com\/avatar\/ecb9cd41f5f63c9c9b989999a59f6e2639a865ec361e9db054db0679a8f341c2?s=96&d=mm&r=g","contentUrl":"https:\/\/secure.gravatar.com\/avatar\/ecb9cd41f5f63c9c9b989999a59f6e2639a865ec361e9db054db0679a8f341c2?s=96&d=mm&r=g","caption":"admin"},"sameAs":["https:\/\/www.lovendal.ro\/wp52"]}]}},"_links":{"self":[{"href":"https:\/\/www.lovendal.ro\/wp52\/wp-json\/wp\/v2\/posts\/11144","targetHints":{"allow":["GET"]}}],"collection":[{"href":"https:\/\/www.lovendal.ro\/wp52\/wp-json\/wp\/v2\/posts"}],"about":[{"href":"https:\/\/www.lovendal.ro\/wp52\/wp-json\/wp\/v2\/types\/post"}],"author":[{"embeddable":true,"href":"https:\/\/www.lovendal.ro\/wp52\/wp-json\/wp\/v2\/users\/1"}],"replies":[{"embeddable":true,"href":"https:\/\/www.lovendal.ro\/wp52\/wp-json\/wp\/v2\/comments?post=11144"}],"version-history":[{"count":0,"href":"https:\/\/www.lovendal.ro\/wp52\/wp-json\/wp\/v2\/posts\/11144\/revisions"}],"wp:featuredmedia":[{"embeddable":true,"href":"https:\/\/www.lovendal.ro\/wp52\/wp-json\/wp\/v2\/media\/11145"}],"wp:attachment":[{"href":"https:\/\/www.lovendal.ro\/wp52\/wp-json\/wp\/v2\/media?parent=11144"}],"wp:term":[{"taxonomy":"category","embeddable":true,"href":"https:\/\/www.lovendal.ro\/wp52\/wp-json\/wp\/v2\/categories?post=11144"},{"taxonomy":"post_tag","embeddable":true,"href":"https:\/\/www.lovendal.ro\/wp52\/wp-json\/wp\/v2\/tags?post=11144"}],"curies":[{"name":"wp","href":"https:\/\/api.w.org\/{rel}","templated":true}]}}