{"id":10955,"date":"2010-02-01T12:32:19","date_gmt":"2010-02-01T10:32:19","guid":{"rendered":"http:\/\/www.lovendal.net\/wp52\/?p=10955"},"modified":"2010-02-01T13:03:12","modified_gmt":"2010-02-01T11:03:12","slug":"presedintele-pakistanului-omoara-zilnic-capre-negre-pentru-a-se-proteja-de-blesteme","status":"publish","type":"post","link":"https:\/\/www.lovendal.ro\/wp52\/presedintele-pakistanului-omoara-zilnic-capre-negre-pentru-a-se-proteja-de-blesteme\/","title":{"rendered":"Pre\u015fedintele Pakistanului omoar\u0103 zilnic capre negre pentru a se proteja de blesteme"},"content":{"rendered":"<p><a href=\"https:\/\/www.lovendal.ro\/wp52\/wp-content\/uploads\/2010\/02\/capra-neagra.jpg\"><img loading=\"lazy\" decoding=\"async\" class=\"alignleft size-full wp-image-10956\" title=\"capra neagra\" src=\"https:\/\/www.lovendal.ro\/wp52\/wp-content\/uploads\/2010\/02\/capra-neagra.jpg\" alt=\"capra neagra\" width=\"279\" height=\"187\" \/><\/a>Pentru a se proteja de deochi, pre\u015fedintele Pakistanului, Asif Ali Zardari, practic\u0103, \u00een mod curent, la re\u015fedin\u0163a sa ritualul sacrificiului de capre negre, relateaz\u0103 presa pakistanez\u0103. <em>&#8222;Dl. Zardari practic\u0103 de mult\u0103 vreme ritualul sacrificiului animal. Acest lucru nu se \u00eent\u00e2mpl\u0103 chiar \u00een fiecare zi, \u00eens\u0103 destul de frecvent&#8221;,<\/em> a recunoscut purt\u0103torul de cuv\u00e2nt al pre\u015fedin\u0163iei de la Islamabad, Farhatulla B\u0103bar. Oponen\u0163ii pre\u015fedintelui sus\u0163in c\u0103 lupta acestuia cu &#8222;magia neagr\u0103&#8221; denot\u0103 faptul c\u0103 este un om &#8222;supersti\u0163ios&#8221; \u00een cel mai \u00eenalt grad \u015fi sufer\u0103 de &#8222;instabilitate nervoas\u0103&#8221;.<\/p>\n<p>Situa\u0163ia lui Zardari nu este \u00eentr-adev\u0103r de invidiat, gradul de popularitate al pre\u015fedintelui pakistanez sc\u0103z\u00e2nd pe zi ce trece din cauza situa\u0163iei economice dificile din \u0163ar\u0103 \u015fi a atacurilor teroriste care nu mai \u00eenceteaz\u0103. Cu toate acestea, este posibil c\u0103 biroul de pres\u0103 al \u015fefului statului, confirm\u00e2nd informa\u0163iile despre sacrificarea caprelor negre, s\u0103 fi dorit s\u0103 orienteze toate aceste \u015ftiri despre supersti\u0163ii pe un f\u0103ga\u015f favorabil pre\u015fedintelui, \u00eentruc\u00e2t carnea animalelor de sacrificiu este distribuit\u0103 gratuit oamenilor s\u0103raci, conform unei vechi tradi\u0163ii musulmane de caritate voluntar\u0103 &#8222;sadaka&#8221;.<\/p>\n<p><strong><em>Sursa: <\/em>www.iasiplus.ro<\/strong><\/p>\n<p>P.S. Nu \u015ftiam la ce categorie s\u0103 trec aceast\u0103 \u015ftire. Am vrut prima dat\u0103 la &#8222;Politica&#8221;, pentru c\u0103 este vorba de pre\u015fedintele unei \u0163\u0103ri. Apoi, m-am g\u00e2ndit s-o pun la Paranormal-Spiritualitate&#8230;P\u00e2n\u0103 la urm\u0103, am ales s-o pun la categoria &#8222;Incredibil!&#8221;, pentru c\u0103 mi se pare absolut incredibil ca un politician aflat \u00een fruntea conducerii unei \u0163\u0103ri s\u0103 practice asemenea ritualuri.<\/p>\n","protected":false},"excerpt":{"rendered":"<p>Pentru a se proteja de deochi, pre\u015fedintele Pakistanului, Asif Ali Zardari, practic\u0103, \u00een mod curent, la re\u015fedin\u0163a sa ritualul sacrificiului de capre negre, relateaz\u0103 presa pakistanez\u0103. &#8222;Dl. Zardari practic\u0103 de mult\u0103 vreme ritualul sacrificiului animal. Acest lucru nu se \u00eent\u00e2mpl\u0103 &#8230; <\/p>\n<p class=\"read-more-container\"><a title=\"Pre\u015fedintele Pakistanului omoar\u0103 zilnic capre negre pentru a se proteja de blesteme\" class=\"read-more button\" href=\"https:\/\/www.lovendal.ro\/wp52\/presedintele-pakistanului-omoara-zilnic-capre-negre-pentru-a-se-proteja-de-blesteme\/#more-10955\" aria-label=\"Cite\u0219te mai multe despre Pre\u015fedintele Pakistanului omoar\u0103 zilnic capre negre pentru a se proteja de blesteme\">Cititi mai multe<\/a><\/p>\n","protected":false},"author":1,"featured_media":10956,"comment_status":"open","ping_status":"closed","sticky":false,"template":"","format":"standard","meta":{"footnotes":""},"categories":[1852],"tags":[242,80,9809,270,2906,2907],"class_list":["post-10955","post","type-post","status-publish","format-standard","has-post-thumbnail","hentry","category-incredibil","tag-blestem","tag-capra-neagra","tag-incredibil","tag-islamism","tag-pakistan","tag-sacrificiu","resize-featured-image"],"yoast_head":"<!-- This site is optimized with the Yoast SEO Premium plugin v23.3 (Yoast SEO v27.4) - https:\/\/yoast.com\/product\/yoast-seo-premium-wordpress\/ -->\n<title>Pre\u015fedintele Pakistanului omoar\u0103 zilnic capre negre pentru a se proteja de blesteme - Secretele lui Lovendal<\/title>\n<meta name=\"robots\" content=\"index, follow, max-snippet:-1, max-image-preview:large, max-video-preview:-1\" \/>\n<link rel=\"canonical\" href=\"https:\/\/www.lovendal.ro\/wp52\/presedintele-pakistanului-omoara-zilnic-capre-negre-pentru-a-se-proteja-de-blesteme\/\" \/>\n<meta property=\"og:locale\" content=\"ro_RO\" \/>\n<meta property=\"og:type\" content=\"article\" \/>\n<meta property=\"og:title\" content=\"Pre\u015fedintele Pakistanului omoar\u0103 zilnic capre negre pentru a se proteja de blesteme\" \/>\n<meta property=\"og:description\" content=\"Pentru a se proteja de deochi, pre\u015fedintele Pakistanului, Asif Ali Zardari, practic\u0103, \u00een mod curent, la re\u015fedin\u0163a sa ritualul sacrificiului de capre negre, relateaz\u0103 presa pakistanez\u0103. &#8222;Dl. Zardari practic\u0103 de mult\u0103 vreme ritualul sacrificiului animal. Acest lucru nu se \u00eent\u00e2mpl\u0103 ... Cititi mai multe\" \/>\n<meta property=\"og:url\" content=\"https:\/\/www.lovendal.ro\/wp52\/presedintele-pakistanului-omoara-zilnic-capre-negre-pentru-a-se-proteja-de-blesteme\/\" \/>\n<meta property=\"og:site_name\" content=\"Secretele lui Lovendal\" \/>\n<meta property=\"article:publisher\" content=\"https:\/\/www.facebook.com\/secreteleluilovendal\" \/>\n<meta property=\"article:published_time\" content=\"2010-02-01T10:32:19+00:00\" \/>\n<meta property=\"article:modified_time\" content=\"2010-02-01T11:03:12+00:00\" \/>\n<meta property=\"og:image\" content=\"https:\/\/www.lovendal.ro\/wp52\/wp-content\/uploads\/2010\/02\/capra-neagra.jpg\" \/>\n\t<meta property=\"og:image:width\" content=\"279\" \/>\n\t<meta property=\"og:image:height\" content=\"187\" \/>\n\t<meta property=\"og:image:type\" content=\"image\/jpeg\" \/>\n<meta name=\"author\" content=\"admin\" \/>\n<meta name=\"twitter:card\" content=\"summary_large_image\" \/>\n<meta name=\"twitter:label1\" content=\"Scris de\" \/>\n\t<meta name=\"twitter:data1\" content=\"admin\" \/>\n\t<meta name=\"twitter:label2\" content=\"Timp estimat pentru citire\" \/>\n\t<meta name=\"twitter:data2\" content=\"1 minut\" \/>\n<script type=\"application\/ld+json\" class=\"yoast-schema-graph\">{\"@context\":\"https:\\\/\\\/schema.org\",\"@graph\":[{\"@type\":\"Article\",\"@id\":\"https:\\\/\\\/www.lovendal.ro\\\/wp52\\\/presedintele-pakistanului-omoara-zilnic-capre-negre-pentru-a-se-proteja-de-blesteme\\\/#article\",\"isPartOf\":{\"@id\":\"https:\\\/\\\/www.lovendal.ro\\\/wp52\\\/presedintele-pakistanului-omoara-zilnic-capre-negre-pentru-a-se-proteja-de-blesteme\\\/\"},\"author\":{\"name\":\"admin\",\"@id\":\"https:\\\/\\\/www.lovendal.ro\\\/wp52\\\/#\\\/schema\\\/person\\\/088691de5dfc346bb0c023e1e52ef5d9\"},\"headline\":\"Pre\u015fedintele Pakistanului omoar\u0103 zilnic capre negre pentru a se proteja de blesteme\",\"datePublished\":\"2010-02-01T10:32:19+00:00\",\"dateModified\":\"2010-02-01T11:03:12+00:00\",\"mainEntityOfPage\":{\"@id\":\"https:\\\/\\\/www.lovendal.ro\\\/wp52\\\/presedintele-pakistanului-omoara-zilnic-capre-negre-pentru-a-se-proteja-de-blesteme\\\/\"},\"wordCount\":281,\"commentCount\":6,\"publisher\":{\"@id\":\"https:\\\/\\\/www.lovendal.ro\\\/wp52\\\/#organization\"},\"image\":{\"@id\":\"https:\\\/\\\/www.lovendal.ro\\\/wp52\\\/presedintele-pakistanului-omoara-zilnic-capre-negre-pentru-a-se-proteja-de-blesteme\\\/#primaryimage\"},\"thumbnailUrl\":\"https:\\\/\\\/www.lovendal.ro\\\/wp52\\\/wp-content\\\/uploads\\\/2010\\\/02\\\/capra-neagra.jpg\",\"keywords\":[\"blestem\",\"capra neagr\u0103\",\"Incredibil!\",\"islamism\",\"Pakistan\",\"sacrificiu\"],\"articleSection\":[\"Incredibil!\"],\"inLanguage\":\"ro-RO\",\"potentialAction\":[{\"@type\":\"CommentAction\",\"name\":\"Comment\",\"target\":[\"https:\\\/\\\/www.lovendal.ro\\\/wp52\\\/presedintele-pakistanului-omoara-zilnic-capre-negre-pentru-a-se-proteja-de-blesteme\\\/#respond\"]}]},{\"@type\":\"WebPage\",\"@id\":\"https:\\\/\\\/www.lovendal.ro\\\/wp52\\\/presedintele-pakistanului-omoara-zilnic-capre-negre-pentru-a-se-proteja-de-blesteme\\\/\",\"url\":\"https:\\\/\\\/www.lovendal.ro\\\/wp52\\\/presedintele-pakistanului-omoara-zilnic-capre-negre-pentru-a-se-proteja-de-blesteme\\\/\",\"name\":\"Pre\u015fedintele Pakistanului omoar\u0103 zilnic capre negre pentru a se proteja de blesteme - Secretele lui Lovendal\",\"isPartOf\":{\"@id\":\"https:\\\/\\\/www.lovendal.ro\\\/wp52\\\/#website\"},\"primaryImageOfPage\":{\"@id\":\"https:\\\/\\\/www.lovendal.ro\\\/wp52\\\/presedintele-pakistanului-omoara-zilnic-capre-negre-pentru-a-se-proteja-de-blesteme\\\/#primaryimage\"},\"image\":{\"@id\":\"https:\\\/\\\/www.lovendal.ro\\\/wp52\\\/presedintele-pakistanului-omoara-zilnic-capre-negre-pentru-a-se-proteja-de-blesteme\\\/#primaryimage\"},\"thumbnailUrl\":\"https:\\\/\\\/www.lovendal.ro\\\/wp52\\\/wp-content\\\/uploads\\\/2010\\\/02\\\/capra-neagra.jpg\",\"datePublished\":\"2010-02-01T10:32:19+00:00\",\"dateModified\":\"2010-02-01T11:03:12+00:00\",\"breadcrumb\":{\"@id\":\"https:\\\/\\\/www.lovendal.ro\\\/wp52\\\/presedintele-pakistanului-omoara-zilnic-capre-negre-pentru-a-se-proteja-de-blesteme\\\/#breadcrumb\"},\"inLanguage\":\"ro-RO\",\"potentialAction\":[{\"@type\":\"ReadAction\",\"target\":[\"https:\\\/\\\/www.lovendal.ro\\\/wp52\\\/presedintele-pakistanului-omoara-zilnic-capre-negre-pentru-a-se-proteja-de-blesteme\\\/\"]}]},{\"@type\":\"ImageObject\",\"inLanguage\":\"ro-RO\",\"@id\":\"https:\\\/\\\/www.lovendal.ro\\\/wp52\\\/presedintele-pakistanului-omoara-zilnic-capre-negre-pentru-a-se-proteja-de-blesteme\\\/#primaryimage\",\"url\":\"https:\\\/\\\/www.lovendal.ro\\\/wp52\\\/wp-content\\\/uploads\\\/2010\\\/02\\\/capra-neagra.jpg\",\"contentUrl\":\"https:\\\/\\\/www.lovendal.ro\\\/wp52\\\/wp-content\\\/uploads\\\/2010\\\/02\\\/capra-neagra.jpg\",\"width\":\"279\",\"height\":\"187\"},{\"@type\":\"BreadcrumbList\",\"@id\":\"https:\\\/\\\/www.lovendal.ro\\\/wp52\\\/presedintele-pakistanului-omoara-zilnic-capre-negre-pentru-a-se-proteja-de-blesteme\\\/#breadcrumb\",\"itemListElement\":[{\"@type\":\"ListItem\",\"position\":1,\"name\":\"Home\",\"item\":\"https:\\\/\\\/www.lovendal.ro\\\/wp52\\\/\"},{\"@type\":\"ListItem\",\"position\":2,\"name\":\"Pre\u015fedintele Pakistanului omoar\u0103 zilnic capre negre pentru a se proteja de blesteme\"}]},{\"@type\":\"WebSite\",\"@id\":\"https:\\\/\\\/www.lovendal.ro\\\/wp52\\\/#website\",\"url\":\"https:\\\/\\\/www.lovendal.ro\\\/wp52\\\/\",\"name\":\"Secretele lui Lovendal\",\"description\":\"Site de secrete, stiinta si metafizica - din 2008 -\",\"publisher\":{\"@id\":\"https:\\\/\\\/www.lovendal.ro\\\/wp52\\\/#organization\"},\"potentialAction\":[{\"@type\":\"SearchAction\",\"target\":{\"@type\":\"EntryPoint\",\"urlTemplate\":\"https:\\\/\\\/www.lovendal.ro\\\/wp52\\\/?s={search_term_string}\"},\"query-input\":{\"@type\":\"PropertyValueSpecification\",\"valueRequired\":true,\"valueName\":\"search_term_string\"}}],\"inLanguage\":\"ro-RO\"},{\"@type\":\"Organization\",\"@id\":\"https:\\\/\\\/www.lovendal.ro\\\/wp52\\\/#organization\",\"name\":\"Secretele lui Lovendal\",\"url\":\"https:\\\/\\\/www.lovendal.ro\\\/wp52\\\/\",\"logo\":{\"@type\":\"ImageObject\",\"inLanguage\":\"ro-RO\",\"@id\":\"https:\\\/\\\/www.lovendal.ro\\\/wp52\\\/#\\\/schema\\\/logo\\\/image\\\/\",\"url\":\"https:\\\/\\\/www.lovendal.ro\\\/wp52\\\/wp-content\\\/uploads\\\/2024\\\/06\\\/cropped-SLL-iun-2024-1.jpg\",\"contentUrl\":\"https:\\\/\\\/www.lovendal.ro\\\/wp52\\\/wp-content\\\/uploads\\\/2024\\\/06\\\/cropped-SLL-iun-2024-1.jpg\",\"width\":771,\"height\":240,\"caption\":\"Secretele lui Lovendal\"},\"image\":{\"@id\":\"https:\\\/\\\/www.lovendal.ro\\\/wp52\\\/#\\\/schema\\\/logo\\\/image\\\/\"},\"sameAs\":[\"https:\\\/\\\/www.facebook.com\\\/secreteleluilovendal\"]},{\"@type\":\"Person\",\"@id\":\"https:\\\/\\\/www.lovendal.ro\\\/wp52\\\/#\\\/schema\\\/person\\\/088691de5dfc346bb0c023e1e52ef5d9\",\"name\":\"admin\",\"image\":{\"@type\":\"ImageObject\",\"inLanguage\":\"ro-RO\",\"@id\":\"https:\\\/\\\/secure.gravatar.com\\\/avatar\\\/ecb9cd41f5f63c9c9b989999a59f6e2639a865ec361e9db054db0679a8f341c2?s=96&d=mm&r=g\",\"url\":\"https:\\\/\\\/secure.gravatar.com\\\/avatar\\\/ecb9cd41f5f63c9c9b989999a59f6e2639a865ec361e9db054db0679a8f341c2?s=96&d=mm&r=g\",\"contentUrl\":\"https:\\\/\\\/secure.gravatar.com\\\/avatar\\\/ecb9cd41f5f63c9c9b989999a59f6e2639a865ec361e9db054db0679a8f341c2?s=96&d=mm&r=g\",\"caption\":\"admin\"},\"sameAs\":[\"https:\\\/\\\/www.lovendal.ro\\\/wp52\"]}]}<\/script>\n<!-- \/ Yoast SEO Premium plugin. -->","yoast_head_json":{"title":"Pre\u015fedintele Pakistanului omoar\u0103 zilnic capre negre pentru a se proteja de blesteme - Secretele lui Lovendal","robots":{"index":"index","follow":"follow","max-snippet":"max-snippet:-1","max-image-preview":"max-image-preview:large","max-video-preview":"max-video-preview:-1"},"canonical":"https:\/\/www.lovendal.ro\/wp52\/presedintele-pakistanului-omoara-zilnic-capre-negre-pentru-a-se-proteja-de-blesteme\/","og_locale":"ro_RO","og_type":"article","og_title":"Pre\u015fedintele Pakistanului omoar\u0103 zilnic capre negre pentru a se proteja de blesteme","og_description":"Pentru a se proteja de deochi, pre\u015fedintele Pakistanului, Asif Ali Zardari, practic\u0103, \u00een mod curent, la re\u015fedin\u0163a sa ritualul sacrificiului de capre negre, relateaz\u0103 presa pakistanez\u0103. &#8222;Dl. Zardari practic\u0103 de mult\u0103 vreme ritualul sacrificiului animal. Acest lucru nu se \u00eent\u00e2mpl\u0103 ... Cititi mai multe","og_url":"https:\/\/www.lovendal.ro\/wp52\/presedintele-pakistanului-omoara-zilnic-capre-negre-pentru-a-se-proteja-de-blesteme\/","og_site_name":"Secretele lui Lovendal","article_publisher":"https:\/\/www.facebook.com\/secreteleluilovendal","article_published_time":"2010-02-01T10:32:19+00:00","article_modified_time":"2010-02-01T11:03:12+00:00","og_image":[{"width":279,"height":187,"url":"https:\/\/www.lovendal.ro\/wp52\/wp-content\/uploads\/2010\/02\/capra-neagra.jpg","type":"image\/jpeg"}],"author":"admin","twitter_card":"summary_large_image","twitter_misc":{"Scris de":"admin","Timp estimat pentru citire":"1 minut"},"schema":{"@context":"https:\/\/schema.org","@graph":[{"@type":"Article","@id":"https:\/\/www.lovendal.ro\/wp52\/presedintele-pakistanului-omoara-zilnic-capre-negre-pentru-a-se-proteja-de-blesteme\/#article","isPartOf":{"@id":"https:\/\/www.lovendal.ro\/wp52\/presedintele-pakistanului-omoara-zilnic-capre-negre-pentru-a-se-proteja-de-blesteme\/"},"author":{"name":"admin","@id":"https:\/\/www.lovendal.ro\/wp52\/#\/schema\/person\/088691de5dfc346bb0c023e1e52ef5d9"},"headline":"Pre\u015fedintele Pakistanului omoar\u0103 zilnic capre negre pentru a se proteja de blesteme","datePublished":"2010-02-01T10:32:19+00:00","dateModified":"2010-02-01T11:03:12+00:00","mainEntityOfPage":{"@id":"https:\/\/www.lovendal.ro\/wp52\/presedintele-pakistanului-omoara-zilnic-capre-negre-pentru-a-se-proteja-de-blesteme\/"},"wordCount":281,"commentCount":6,"publisher":{"@id":"https:\/\/www.lovendal.ro\/wp52\/#organization"},"image":{"@id":"https:\/\/www.lovendal.ro\/wp52\/presedintele-pakistanului-omoara-zilnic-capre-negre-pentru-a-se-proteja-de-blesteme\/#primaryimage"},"thumbnailUrl":"https:\/\/www.lovendal.ro\/wp52\/wp-content\/uploads\/2010\/02\/capra-neagra.jpg","keywords":["blestem","capra neagr\u0103","Incredibil!","islamism","Pakistan","sacrificiu"],"articleSection":["Incredibil!"],"inLanguage":"ro-RO","potentialAction":[{"@type":"CommentAction","name":"Comment","target":["https:\/\/www.lovendal.ro\/wp52\/presedintele-pakistanului-omoara-zilnic-capre-negre-pentru-a-se-proteja-de-blesteme\/#respond"]}]},{"@type":"WebPage","@id":"https:\/\/www.lovendal.ro\/wp52\/presedintele-pakistanului-omoara-zilnic-capre-negre-pentru-a-se-proteja-de-blesteme\/","url":"https:\/\/www.lovendal.ro\/wp52\/presedintele-pakistanului-omoara-zilnic-capre-negre-pentru-a-se-proteja-de-blesteme\/","name":"Pre\u015fedintele Pakistanului omoar\u0103 zilnic capre negre pentru a se proteja de blesteme - Secretele lui Lovendal","isPartOf":{"@id":"https:\/\/www.lovendal.ro\/wp52\/#website"},"primaryImageOfPage":{"@id":"https:\/\/www.lovendal.ro\/wp52\/presedintele-pakistanului-omoara-zilnic-capre-negre-pentru-a-se-proteja-de-blesteme\/#primaryimage"},"image":{"@id":"https:\/\/www.lovendal.ro\/wp52\/presedintele-pakistanului-omoara-zilnic-capre-negre-pentru-a-se-proteja-de-blesteme\/#primaryimage"},"thumbnailUrl":"https:\/\/www.lovendal.ro\/wp52\/wp-content\/uploads\/2010\/02\/capra-neagra.jpg","datePublished":"2010-02-01T10:32:19+00:00","dateModified":"2010-02-01T11:03:12+00:00","breadcrumb":{"@id":"https:\/\/www.lovendal.ro\/wp52\/presedintele-pakistanului-omoara-zilnic-capre-negre-pentru-a-se-proteja-de-blesteme\/#breadcrumb"},"inLanguage":"ro-RO","potentialAction":[{"@type":"ReadAction","target":["https:\/\/www.lovendal.ro\/wp52\/presedintele-pakistanului-omoara-zilnic-capre-negre-pentru-a-se-proteja-de-blesteme\/"]}]},{"@type":"ImageObject","inLanguage":"ro-RO","@id":"https:\/\/www.lovendal.ro\/wp52\/presedintele-pakistanului-omoara-zilnic-capre-negre-pentru-a-se-proteja-de-blesteme\/#primaryimage","url":"https:\/\/www.lovendal.ro\/wp52\/wp-content\/uploads\/2010\/02\/capra-neagra.jpg","contentUrl":"https:\/\/www.lovendal.ro\/wp52\/wp-content\/uploads\/2010\/02\/capra-neagra.jpg","width":"279","height":"187"},{"@type":"BreadcrumbList","@id":"https:\/\/www.lovendal.ro\/wp52\/presedintele-pakistanului-omoara-zilnic-capre-negre-pentru-a-se-proteja-de-blesteme\/#breadcrumb","itemListElement":[{"@type":"ListItem","position":1,"name":"Home","item":"https:\/\/www.lovendal.ro\/wp52\/"},{"@type":"ListItem","position":2,"name":"Pre\u015fedintele Pakistanului omoar\u0103 zilnic capre negre pentru a se proteja de blesteme"}]},{"@type":"WebSite","@id":"https:\/\/www.lovendal.ro\/wp52\/#website","url":"https:\/\/www.lovendal.ro\/wp52\/","name":"Secretele lui Lovendal","description":"Site de secrete, stiinta si metafizica - din 2008 -","publisher":{"@id":"https:\/\/www.lovendal.ro\/wp52\/#organization"},"potentialAction":[{"@type":"SearchAction","target":{"@type":"EntryPoint","urlTemplate":"https:\/\/www.lovendal.ro\/wp52\/?s={search_term_string}"},"query-input":{"@type":"PropertyValueSpecification","valueRequired":true,"valueName":"search_term_string"}}],"inLanguage":"ro-RO"},{"@type":"Organization","@id":"https:\/\/www.lovendal.ro\/wp52\/#organization","name":"Secretele lui Lovendal","url":"https:\/\/www.lovendal.ro\/wp52\/","logo":{"@type":"ImageObject","inLanguage":"ro-RO","@id":"https:\/\/www.lovendal.ro\/wp52\/#\/schema\/logo\/image\/","url":"https:\/\/www.lovendal.ro\/wp52\/wp-content\/uploads\/2024\/06\/cropped-SLL-iun-2024-1.jpg","contentUrl":"https:\/\/www.lovendal.ro\/wp52\/wp-content\/uploads\/2024\/06\/cropped-SLL-iun-2024-1.jpg","width":771,"height":240,"caption":"Secretele lui Lovendal"},"image":{"@id":"https:\/\/www.lovendal.ro\/wp52\/#\/schema\/logo\/image\/"},"sameAs":["https:\/\/www.facebook.com\/secreteleluilovendal"]},{"@type":"Person","@id":"https:\/\/www.lovendal.ro\/wp52\/#\/schema\/person\/088691de5dfc346bb0c023e1e52ef5d9","name":"admin","image":{"@type":"ImageObject","inLanguage":"ro-RO","@id":"https:\/\/secure.gravatar.com\/avatar\/ecb9cd41f5f63c9c9b989999a59f6e2639a865ec361e9db054db0679a8f341c2?s=96&d=mm&r=g","url":"https:\/\/secure.gravatar.com\/avatar\/ecb9cd41f5f63c9c9b989999a59f6e2639a865ec361e9db054db0679a8f341c2?s=96&d=mm&r=g","contentUrl":"https:\/\/secure.gravatar.com\/avatar\/ecb9cd41f5f63c9c9b989999a59f6e2639a865ec361e9db054db0679a8f341c2?s=96&d=mm&r=g","caption":"admin"},"sameAs":["https:\/\/www.lovendal.ro\/wp52"]}]}},"_links":{"self":[{"href":"https:\/\/www.lovendal.ro\/wp52\/wp-json\/wp\/v2\/posts\/10955","targetHints":{"allow":["GET"]}}],"collection":[{"href":"https:\/\/www.lovendal.ro\/wp52\/wp-json\/wp\/v2\/posts"}],"about":[{"href":"https:\/\/www.lovendal.ro\/wp52\/wp-json\/wp\/v2\/types\/post"}],"author":[{"embeddable":true,"href":"https:\/\/www.lovendal.ro\/wp52\/wp-json\/wp\/v2\/users\/1"}],"replies":[{"embeddable":true,"href":"https:\/\/www.lovendal.ro\/wp52\/wp-json\/wp\/v2\/comments?post=10955"}],"version-history":[{"count":0,"href":"https:\/\/www.lovendal.ro\/wp52\/wp-json\/wp\/v2\/posts\/10955\/revisions"}],"wp:featuredmedia":[{"embeddable":true,"href":"https:\/\/www.lovendal.ro\/wp52\/wp-json\/wp\/v2\/media\/10956"}],"wp:attachment":[{"href":"https:\/\/www.lovendal.ro\/wp52\/wp-json\/wp\/v2\/media?parent=10955"}],"wp:term":[{"taxonomy":"category","embeddable":true,"href":"https:\/\/www.lovendal.ro\/wp52\/wp-json\/wp\/v2\/categories?post=10955"},{"taxonomy":"post_tag","embeddable":true,"href":"https:\/\/www.lovendal.ro\/wp52\/wp-json\/wp\/v2\/tags?post=10955"}],"curies":[{"name":"wp","href":"https:\/\/api.w.org\/{rel}","templated":true}]}}