{"id":10878,"date":"2010-01-30T08:37:27","date_gmt":"2010-01-30T06:37:27","guid":{"rendered":"http:\/\/www.lovendal.net\/wp52\/?p=10878"},"modified":"2010-01-30T08:37:27","modified_gmt":"2010-01-30T06:37:27","slug":"luna-a-luat-nastere-in-urma-unei-explozii-atomice-ce-a-avut-loc-pe-pamant","status":"publish","type":"post","link":"https:\/\/www.lovendal.ro\/wp52\/luna-a-luat-nastere-in-urma-unei-explozii-atomice-ce-a-avut-loc-pe-pamant\/","title":{"rendered":"Luna a luat na\u015ftere \u00een urma unei explozii atomice ce a avut loc pe P\u0103m\u00e2nt?"},"content":{"rendered":"<p><a href=\"https:\/\/www.lovendal.ro\/wp52\/wp-content\/uploads\/2010\/01\/Luna70.jpg\"><img loading=\"lazy\" decoding=\"async\" class=\"alignleft size-full wp-image-10879\" title=\"Luna70\" src=\"https:\/\/www.lovendal.ro\/wp52\/wp-content\/uploads\/2010\/01\/Luna70.jpg\" alt=\"Luna70\" width=\"280\" height=\"207\" \/><\/a>Luna a fost creat\u0103 \u00een urma unei explozii atomice produse chiar pe suprafa\u0163a P\u0103m\u00e2ntului, nefiind altceva dec\u00e2t o mare bucat\u0103 din planeta noastr\u0103 aruncat\u0103 \u00een spa\u0163iu de un georeactor nuclear, ajuns la masa critic\u0103, sus\u0163in doi oameni de \u015ftiin\u0163\u0103 olandezi.<\/p>\n<p>Ipoteza conform c\u0103reia Luna s-ar fi desprins din suprafa\u0163a P\u0103m\u00e2ntului dateaz\u0103 din secolul al XIX-lea, \u00eens\u0103 oamenii de \u015ftiin\u0163\u0103 au considerat, p\u00e2n\u0103 acum, c\u0103 desprinderea s-a produs \u00een urma ciocnirii dintre P\u0103m\u00e2nt \u015fi un alt corp ceresc, sau din cauza unei explozii solare, scrie <em>Daily Mail<\/em>.<\/p>\n<p>Cu toate acestea, cercet\u0103torii Rob de Meijer \u015fi Wim van Westrenen sus\u0163in c\u0103 Luna a fost propulsat\u0103 pe orbita P\u0103m\u00e2ntului \u00een urma unei explozii atomice de propor\u0163ii. Oamenii de \u015ftiin\u0163\u0103 cred c\u0103 for\u0163ele centrifuge ale P\u0103m\u00e2ntului au concentrat elementele grele, cum sunt uraniul \u015fi thoriul, \u00een zona ecuatorului, aproape de suprafa\u0163a planetei, cre\u00e2nd un georeactor nuclear.<\/p>\n<p>Olandezii sus\u0163in c\u0103 asem\u0103n\u0103rile izbitoare dintre compozi\u0163iile chimice ale Lunii \u015fi P\u0103m\u00e2ntului sunt datorate tocmai faptului c\u0103 satelitul natural a fost, la un moment dat, o parte a planetei noastre.<\/p>\n<p>Mai mult, modelele oferite de evolu\u0163ia sistemului solar arata c\u0103 probabilitatea ca dou\u0103 corpuri cere\u015fti ce se ciocnesc \u00een spa\u0163iu s\u0103 aib\u0103 aceea\u015fi compozi\u0163ie este infinit de mic\u0103. Olandezii cred teoria lor va putea fi confirmat\u0103 cu u\u015furin\u0163\u0103 \u00een momentul \u00een care misiunile spa\u0163iale pe Lun\u0103 vor aduce pe P\u0103m\u00e2nt mostre ale solului selenar, extrase de la mare ad\u00e2ncime.<\/p>\n<p><strong><em>Sursa: <\/em>www.ziare.com<\/strong><\/p>\n","protected":false},"excerpt":{"rendered":"<p>Luna a fost creat\u0103 \u00een urma unei explozii atomice produse chiar pe suprafa\u0163a P\u0103m\u00e2ntului, nefiind altceva dec\u00e2t o mare bucat\u0103 din planeta noastr\u0103 aruncat\u0103 \u00een spa\u0163iu de un georeactor nuclear, ajuns la masa critic\u0103, sus\u0163in doi oameni de \u015ftiin\u0163\u0103 olandezi. &#8230; <\/p>\n<p class=\"read-more-container\"><a title=\"Luna a luat na\u015ftere \u00een urma unei explozii atomice ce a avut loc pe P\u0103m\u00e2nt?\" class=\"read-more button\" href=\"https:\/\/www.lovendal.ro\/wp52\/luna-a-luat-nastere-in-urma-unei-explozii-atomice-ce-a-avut-loc-pe-pamant\/#more-10878\" aria-label=\"Cite\u0219te mai multe despre Luna a luat na\u015ftere \u00een urma unei explozii atomice ce a avut loc pe P\u0103m\u00e2nt?\">Cititi mai multe<\/a><\/p>\n","protected":false},"author":1,"featured_media":10879,"comment_status":"open","ping_status":"closed","sticky":false,"template":"","format":"standard","meta":{"footnotes":""},"categories":[106],"tags":[102,1230,149,9803,300],"class_list":["post-10878","post","type-post","status-publish","format-standard","has-post-thumbnail","hentry","category-stiinta","tag-astronomie","tag-explozie","tag-luna","tag-stiinta","tag-terra","resize-featured-image"],"yoast_head":"<!-- This site is optimized with the Yoast SEO Premium plugin v23.3 (Yoast SEO v27.4) - https:\/\/yoast.com\/product\/yoast-seo-premium-wordpress\/ -->\n<title>Luna a luat na\u015ftere \u00een urma unei explozii atomice ce a avut loc pe P\u0103m\u00e2nt? - Secretele lui Lovendal<\/title>\n<meta name=\"robots\" content=\"index, follow, max-snippet:-1, max-image-preview:large, max-video-preview:-1\" \/>\n<link rel=\"canonical\" href=\"https:\/\/www.lovendal.ro\/wp52\/luna-a-luat-nastere-in-urma-unei-explozii-atomice-ce-a-avut-loc-pe-pamant\/\" \/>\n<meta property=\"og:locale\" content=\"ro_RO\" \/>\n<meta property=\"og:type\" content=\"article\" \/>\n<meta property=\"og:title\" content=\"Luna a luat na\u015ftere \u00een urma unei explozii atomice ce a avut loc pe P\u0103m\u00e2nt?\" \/>\n<meta property=\"og:description\" content=\"Luna a fost creat\u0103 \u00een urma unei explozii atomice produse chiar pe suprafa\u0163a P\u0103m\u00e2ntului, nefiind altceva dec\u00e2t o mare bucat\u0103 din planeta noastr\u0103 aruncat\u0103 \u00een spa\u0163iu de un georeactor nuclear, ajuns la masa critic\u0103, sus\u0163in doi oameni de \u015ftiin\u0163\u0103 olandezi. ... Cititi mai multe\" \/>\n<meta property=\"og:url\" content=\"https:\/\/www.lovendal.ro\/wp52\/luna-a-luat-nastere-in-urma-unei-explozii-atomice-ce-a-avut-loc-pe-pamant\/\" \/>\n<meta property=\"og:site_name\" content=\"Secretele lui Lovendal\" \/>\n<meta property=\"article:publisher\" content=\"https:\/\/www.facebook.com\/secreteleluilovendal\" \/>\n<meta property=\"article:published_time\" content=\"2010-01-30T06:37:27+00:00\" \/>\n<meta property=\"og:image\" content=\"https:\/\/www.lovendal.ro\/wp52\/wp-content\/uploads\/2010\/01\/Luna70.jpg\" \/>\n\t<meta property=\"og:image:width\" content=\"280\" \/>\n\t<meta property=\"og:image:height\" content=\"207\" \/>\n\t<meta property=\"og:image:type\" content=\"image\/jpeg\" \/>\n<meta name=\"author\" content=\"admin\" \/>\n<meta name=\"twitter:card\" content=\"summary_large_image\" \/>\n<meta name=\"twitter:label1\" content=\"Scris de\" \/>\n\t<meta name=\"twitter:data1\" content=\"admin\" \/>\n\t<meta name=\"twitter:label2\" content=\"Timp estimat pentru citire\" \/>\n\t<meta name=\"twitter:data2\" content=\"1 minut\" \/>\n<script type=\"application\/ld+json\" class=\"yoast-schema-graph\">{\"@context\":\"https:\\\/\\\/schema.org\",\"@graph\":[{\"@type\":\"Article\",\"@id\":\"https:\\\/\\\/www.lovendal.ro\\\/wp52\\\/luna-a-luat-nastere-in-urma-unei-explozii-atomice-ce-a-avut-loc-pe-pamant\\\/#article\",\"isPartOf\":{\"@id\":\"https:\\\/\\\/www.lovendal.ro\\\/wp52\\\/luna-a-luat-nastere-in-urma-unei-explozii-atomice-ce-a-avut-loc-pe-pamant\\\/\"},\"author\":{\"name\":\"admin\",\"@id\":\"https:\\\/\\\/www.lovendal.ro\\\/wp52\\\/#\\\/schema\\\/person\\\/088691de5dfc346bb0c023e1e52ef5d9\"},\"headline\":\"Luna a luat na\u015ftere \u00een urma unei explozii atomice ce a avut loc pe P\u0103m\u00e2nt?\",\"datePublished\":\"2010-01-30T06:37:27+00:00\",\"mainEntityOfPage\":{\"@id\":\"https:\\\/\\\/www.lovendal.ro\\\/wp52\\\/luna-a-luat-nastere-in-urma-unei-explozii-atomice-ce-a-avut-loc-pe-pamant\\\/\"},\"wordCount\":292,\"commentCount\":3,\"publisher\":{\"@id\":\"https:\\\/\\\/www.lovendal.ro\\\/wp52\\\/#organization\"},\"image\":{\"@id\":\"https:\\\/\\\/www.lovendal.ro\\\/wp52\\\/luna-a-luat-nastere-in-urma-unei-explozii-atomice-ce-a-avut-loc-pe-pamant\\\/#primaryimage\"},\"thumbnailUrl\":\"https:\\\/\\\/www.lovendal.ro\\\/wp52\\\/wp-content\\\/uploads\\\/2010\\\/01\\\/Luna70.jpg\",\"keywords\":[\"astronomie\",\"explozie\",\"Lun\u0103\",\"Stiinta\",\"Terra\"],\"articleSection\":[\"Stiinta\"],\"inLanguage\":\"ro-RO\",\"potentialAction\":[{\"@type\":\"CommentAction\",\"name\":\"Comment\",\"target\":[\"https:\\\/\\\/www.lovendal.ro\\\/wp52\\\/luna-a-luat-nastere-in-urma-unei-explozii-atomice-ce-a-avut-loc-pe-pamant\\\/#respond\"]}]},{\"@type\":\"WebPage\",\"@id\":\"https:\\\/\\\/www.lovendal.ro\\\/wp52\\\/luna-a-luat-nastere-in-urma-unei-explozii-atomice-ce-a-avut-loc-pe-pamant\\\/\",\"url\":\"https:\\\/\\\/www.lovendal.ro\\\/wp52\\\/luna-a-luat-nastere-in-urma-unei-explozii-atomice-ce-a-avut-loc-pe-pamant\\\/\",\"name\":\"Luna a luat na\u015ftere \u00een urma unei explozii atomice ce a avut loc pe P\u0103m\u00e2nt? - Secretele lui Lovendal\",\"isPartOf\":{\"@id\":\"https:\\\/\\\/www.lovendal.ro\\\/wp52\\\/#website\"},\"primaryImageOfPage\":{\"@id\":\"https:\\\/\\\/www.lovendal.ro\\\/wp52\\\/luna-a-luat-nastere-in-urma-unei-explozii-atomice-ce-a-avut-loc-pe-pamant\\\/#primaryimage\"},\"image\":{\"@id\":\"https:\\\/\\\/www.lovendal.ro\\\/wp52\\\/luna-a-luat-nastere-in-urma-unei-explozii-atomice-ce-a-avut-loc-pe-pamant\\\/#primaryimage\"},\"thumbnailUrl\":\"https:\\\/\\\/www.lovendal.ro\\\/wp52\\\/wp-content\\\/uploads\\\/2010\\\/01\\\/Luna70.jpg\",\"datePublished\":\"2010-01-30T06:37:27+00:00\",\"breadcrumb\":{\"@id\":\"https:\\\/\\\/www.lovendal.ro\\\/wp52\\\/luna-a-luat-nastere-in-urma-unei-explozii-atomice-ce-a-avut-loc-pe-pamant\\\/#breadcrumb\"},\"inLanguage\":\"ro-RO\",\"potentialAction\":[{\"@type\":\"ReadAction\",\"target\":[\"https:\\\/\\\/www.lovendal.ro\\\/wp52\\\/luna-a-luat-nastere-in-urma-unei-explozii-atomice-ce-a-avut-loc-pe-pamant\\\/\"]}]},{\"@type\":\"ImageObject\",\"inLanguage\":\"ro-RO\",\"@id\":\"https:\\\/\\\/www.lovendal.ro\\\/wp52\\\/luna-a-luat-nastere-in-urma-unei-explozii-atomice-ce-a-avut-loc-pe-pamant\\\/#primaryimage\",\"url\":\"https:\\\/\\\/www.lovendal.ro\\\/wp52\\\/wp-content\\\/uploads\\\/2010\\\/01\\\/Luna70.jpg\",\"contentUrl\":\"https:\\\/\\\/www.lovendal.ro\\\/wp52\\\/wp-content\\\/uploads\\\/2010\\\/01\\\/Luna70.jpg\",\"width\":\"280\",\"height\":\"207\"},{\"@type\":\"BreadcrumbList\",\"@id\":\"https:\\\/\\\/www.lovendal.ro\\\/wp52\\\/luna-a-luat-nastere-in-urma-unei-explozii-atomice-ce-a-avut-loc-pe-pamant\\\/#breadcrumb\",\"itemListElement\":[{\"@type\":\"ListItem\",\"position\":1,\"name\":\"Home\",\"item\":\"https:\\\/\\\/www.lovendal.ro\\\/wp52\\\/\"},{\"@type\":\"ListItem\",\"position\":2,\"name\":\"Luna a luat na\u015ftere \u00een urma unei explozii atomice ce a avut loc pe P\u0103m\u00e2nt?\"}]},{\"@type\":\"WebSite\",\"@id\":\"https:\\\/\\\/www.lovendal.ro\\\/wp52\\\/#website\",\"url\":\"https:\\\/\\\/www.lovendal.ro\\\/wp52\\\/\",\"name\":\"Secretele lui Lovendal\",\"description\":\"Site de secrete, stiinta si metafizica - din 2008 -\",\"publisher\":{\"@id\":\"https:\\\/\\\/www.lovendal.ro\\\/wp52\\\/#organization\"},\"potentialAction\":[{\"@type\":\"SearchAction\",\"target\":{\"@type\":\"EntryPoint\",\"urlTemplate\":\"https:\\\/\\\/www.lovendal.ro\\\/wp52\\\/?s={search_term_string}\"},\"query-input\":{\"@type\":\"PropertyValueSpecification\",\"valueRequired\":true,\"valueName\":\"search_term_string\"}}],\"inLanguage\":\"ro-RO\"},{\"@type\":\"Organization\",\"@id\":\"https:\\\/\\\/www.lovendal.ro\\\/wp52\\\/#organization\",\"name\":\"Secretele lui Lovendal\",\"url\":\"https:\\\/\\\/www.lovendal.ro\\\/wp52\\\/\",\"logo\":{\"@type\":\"ImageObject\",\"inLanguage\":\"ro-RO\",\"@id\":\"https:\\\/\\\/www.lovendal.ro\\\/wp52\\\/#\\\/schema\\\/logo\\\/image\\\/\",\"url\":\"https:\\\/\\\/www.lovendal.ro\\\/wp52\\\/wp-content\\\/uploads\\\/2024\\\/06\\\/cropped-SLL-iun-2024-1.jpg\",\"contentUrl\":\"https:\\\/\\\/www.lovendal.ro\\\/wp52\\\/wp-content\\\/uploads\\\/2024\\\/06\\\/cropped-SLL-iun-2024-1.jpg\",\"width\":771,\"height\":240,\"caption\":\"Secretele lui Lovendal\"},\"image\":{\"@id\":\"https:\\\/\\\/www.lovendal.ro\\\/wp52\\\/#\\\/schema\\\/logo\\\/image\\\/\"},\"sameAs\":[\"https:\\\/\\\/www.facebook.com\\\/secreteleluilovendal\"]},{\"@type\":\"Person\",\"@id\":\"https:\\\/\\\/www.lovendal.ro\\\/wp52\\\/#\\\/schema\\\/person\\\/088691de5dfc346bb0c023e1e52ef5d9\",\"name\":\"admin\",\"image\":{\"@type\":\"ImageObject\",\"inLanguage\":\"ro-RO\",\"@id\":\"https:\\\/\\\/secure.gravatar.com\\\/avatar\\\/ecb9cd41f5f63c9c9b989999a59f6e2639a865ec361e9db054db0679a8f341c2?s=96&d=mm&r=g\",\"url\":\"https:\\\/\\\/secure.gravatar.com\\\/avatar\\\/ecb9cd41f5f63c9c9b989999a59f6e2639a865ec361e9db054db0679a8f341c2?s=96&d=mm&r=g\",\"contentUrl\":\"https:\\\/\\\/secure.gravatar.com\\\/avatar\\\/ecb9cd41f5f63c9c9b989999a59f6e2639a865ec361e9db054db0679a8f341c2?s=96&d=mm&r=g\",\"caption\":\"admin\"},\"sameAs\":[\"https:\\\/\\\/www.lovendal.ro\\\/wp52\"]}]}<\/script>\n<!-- \/ Yoast SEO Premium plugin. -->","yoast_head_json":{"title":"Luna a luat na\u015ftere \u00een urma unei explozii atomice ce a avut loc pe P\u0103m\u00e2nt? - Secretele lui Lovendal","robots":{"index":"index","follow":"follow","max-snippet":"max-snippet:-1","max-image-preview":"max-image-preview:large","max-video-preview":"max-video-preview:-1"},"canonical":"https:\/\/www.lovendal.ro\/wp52\/luna-a-luat-nastere-in-urma-unei-explozii-atomice-ce-a-avut-loc-pe-pamant\/","og_locale":"ro_RO","og_type":"article","og_title":"Luna a luat na\u015ftere \u00een urma unei explozii atomice ce a avut loc pe P\u0103m\u00e2nt?","og_description":"Luna a fost creat\u0103 \u00een urma unei explozii atomice produse chiar pe suprafa\u0163a P\u0103m\u00e2ntului, nefiind altceva dec\u00e2t o mare bucat\u0103 din planeta noastr\u0103 aruncat\u0103 \u00een spa\u0163iu de un georeactor nuclear, ajuns la masa critic\u0103, sus\u0163in doi oameni de \u015ftiin\u0163\u0103 olandezi. ... Cititi mai multe","og_url":"https:\/\/www.lovendal.ro\/wp52\/luna-a-luat-nastere-in-urma-unei-explozii-atomice-ce-a-avut-loc-pe-pamant\/","og_site_name":"Secretele lui Lovendal","article_publisher":"https:\/\/www.facebook.com\/secreteleluilovendal","article_published_time":"2010-01-30T06:37:27+00:00","og_image":[{"width":280,"height":207,"url":"https:\/\/www.lovendal.ro\/wp52\/wp-content\/uploads\/2010\/01\/Luna70.jpg","type":"image\/jpeg"}],"author":"admin","twitter_card":"summary_large_image","twitter_misc":{"Scris de":"admin","Timp estimat pentru citire":"1 minut"},"schema":{"@context":"https:\/\/schema.org","@graph":[{"@type":"Article","@id":"https:\/\/www.lovendal.ro\/wp52\/luna-a-luat-nastere-in-urma-unei-explozii-atomice-ce-a-avut-loc-pe-pamant\/#article","isPartOf":{"@id":"https:\/\/www.lovendal.ro\/wp52\/luna-a-luat-nastere-in-urma-unei-explozii-atomice-ce-a-avut-loc-pe-pamant\/"},"author":{"name":"admin","@id":"https:\/\/www.lovendal.ro\/wp52\/#\/schema\/person\/088691de5dfc346bb0c023e1e52ef5d9"},"headline":"Luna a luat na\u015ftere \u00een urma unei explozii atomice ce a avut loc pe P\u0103m\u00e2nt?","datePublished":"2010-01-30T06:37:27+00:00","mainEntityOfPage":{"@id":"https:\/\/www.lovendal.ro\/wp52\/luna-a-luat-nastere-in-urma-unei-explozii-atomice-ce-a-avut-loc-pe-pamant\/"},"wordCount":292,"commentCount":3,"publisher":{"@id":"https:\/\/www.lovendal.ro\/wp52\/#organization"},"image":{"@id":"https:\/\/www.lovendal.ro\/wp52\/luna-a-luat-nastere-in-urma-unei-explozii-atomice-ce-a-avut-loc-pe-pamant\/#primaryimage"},"thumbnailUrl":"https:\/\/www.lovendal.ro\/wp52\/wp-content\/uploads\/2010\/01\/Luna70.jpg","keywords":["astronomie","explozie","Lun\u0103","Stiinta","Terra"],"articleSection":["Stiinta"],"inLanguage":"ro-RO","potentialAction":[{"@type":"CommentAction","name":"Comment","target":["https:\/\/www.lovendal.ro\/wp52\/luna-a-luat-nastere-in-urma-unei-explozii-atomice-ce-a-avut-loc-pe-pamant\/#respond"]}]},{"@type":"WebPage","@id":"https:\/\/www.lovendal.ro\/wp52\/luna-a-luat-nastere-in-urma-unei-explozii-atomice-ce-a-avut-loc-pe-pamant\/","url":"https:\/\/www.lovendal.ro\/wp52\/luna-a-luat-nastere-in-urma-unei-explozii-atomice-ce-a-avut-loc-pe-pamant\/","name":"Luna a luat na\u015ftere \u00een urma unei explozii atomice ce a avut loc pe P\u0103m\u00e2nt? - Secretele lui Lovendal","isPartOf":{"@id":"https:\/\/www.lovendal.ro\/wp52\/#website"},"primaryImageOfPage":{"@id":"https:\/\/www.lovendal.ro\/wp52\/luna-a-luat-nastere-in-urma-unei-explozii-atomice-ce-a-avut-loc-pe-pamant\/#primaryimage"},"image":{"@id":"https:\/\/www.lovendal.ro\/wp52\/luna-a-luat-nastere-in-urma-unei-explozii-atomice-ce-a-avut-loc-pe-pamant\/#primaryimage"},"thumbnailUrl":"https:\/\/www.lovendal.ro\/wp52\/wp-content\/uploads\/2010\/01\/Luna70.jpg","datePublished":"2010-01-30T06:37:27+00:00","breadcrumb":{"@id":"https:\/\/www.lovendal.ro\/wp52\/luna-a-luat-nastere-in-urma-unei-explozii-atomice-ce-a-avut-loc-pe-pamant\/#breadcrumb"},"inLanguage":"ro-RO","potentialAction":[{"@type":"ReadAction","target":["https:\/\/www.lovendal.ro\/wp52\/luna-a-luat-nastere-in-urma-unei-explozii-atomice-ce-a-avut-loc-pe-pamant\/"]}]},{"@type":"ImageObject","inLanguage":"ro-RO","@id":"https:\/\/www.lovendal.ro\/wp52\/luna-a-luat-nastere-in-urma-unei-explozii-atomice-ce-a-avut-loc-pe-pamant\/#primaryimage","url":"https:\/\/www.lovendal.ro\/wp52\/wp-content\/uploads\/2010\/01\/Luna70.jpg","contentUrl":"https:\/\/www.lovendal.ro\/wp52\/wp-content\/uploads\/2010\/01\/Luna70.jpg","width":"280","height":"207"},{"@type":"BreadcrumbList","@id":"https:\/\/www.lovendal.ro\/wp52\/luna-a-luat-nastere-in-urma-unei-explozii-atomice-ce-a-avut-loc-pe-pamant\/#breadcrumb","itemListElement":[{"@type":"ListItem","position":1,"name":"Home","item":"https:\/\/www.lovendal.ro\/wp52\/"},{"@type":"ListItem","position":2,"name":"Luna a luat na\u015ftere \u00een urma unei explozii atomice ce a avut loc pe P\u0103m\u00e2nt?"}]},{"@type":"WebSite","@id":"https:\/\/www.lovendal.ro\/wp52\/#website","url":"https:\/\/www.lovendal.ro\/wp52\/","name":"Secretele lui Lovendal","description":"Site de secrete, stiinta si metafizica - din 2008 -","publisher":{"@id":"https:\/\/www.lovendal.ro\/wp52\/#organization"},"potentialAction":[{"@type":"SearchAction","target":{"@type":"EntryPoint","urlTemplate":"https:\/\/www.lovendal.ro\/wp52\/?s={search_term_string}"},"query-input":{"@type":"PropertyValueSpecification","valueRequired":true,"valueName":"search_term_string"}}],"inLanguage":"ro-RO"},{"@type":"Organization","@id":"https:\/\/www.lovendal.ro\/wp52\/#organization","name":"Secretele lui Lovendal","url":"https:\/\/www.lovendal.ro\/wp52\/","logo":{"@type":"ImageObject","inLanguage":"ro-RO","@id":"https:\/\/www.lovendal.ro\/wp52\/#\/schema\/logo\/image\/","url":"https:\/\/www.lovendal.ro\/wp52\/wp-content\/uploads\/2024\/06\/cropped-SLL-iun-2024-1.jpg","contentUrl":"https:\/\/www.lovendal.ro\/wp52\/wp-content\/uploads\/2024\/06\/cropped-SLL-iun-2024-1.jpg","width":771,"height":240,"caption":"Secretele lui Lovendal"},"image":{"@id":"https:\/\/www.lovendal.ro\/wp52\/#\/schema\/logo\/image\/"},"sameAs":["https:\/\/www.facebook.com\/secreteleluilovendal"]},{"@type":"Person","@id":"https:\/\/www.lovendal.ro\/wp52\/#\/schema\/person\/088691de5dfc346bb0c023e1e52ef5d9","name":"admin","image":{"@type":"ImageObject","inLanguage":"ro-RO","@id":"https:\/\/secure.gravatar.com\/avatar\/ecb9cd41f5f63c9c9b989999a59f6e2639a865ec361e9db054db0679a8f341c2?s=96&d=mm&r=g","url":"https:\/\/secure.gravatar.com\/avatar\/ecb9cd41f5f63c9c9b989999a59f6e2639a865ec361e9db054db0679a8f341c2?s=96&d=mm&r=g","contentUrl":"https:\/\/secure.gravatar.com\/avatar\/ecb9cd41f5f63c9c9b989999a59f6e2639a865ec361e9db054db0679a8f341c2?s=96&d=mm&r=g","caption":"admin"},"sameAs":["https:\/\/www.lovendal.ro\/wp52"]}]}},"_links":{"self":[{"href":"https:\/\/www.lovendal.ro\/wp52\/wp-json\/wp\/v2\/posts\/10878","targetHints":{"allow":["GET"]}}],"collection":[{"href":"https:\/\/www.lovendal.ro\/wp52\/wp-json\/wp\/v2\/posts"}],"about":[{"href":"https:\/\/www.lovendal.ro\/wp52\/wp-json\/wp\/v2\/types\/post"}],"author":[{"embeddable":true,"href":"https:\/\/www.lovendal.ro\/wp52\/wp-json\/wp\/v2\/users\/1"}],"replies":[{"embeddable":true,"href":"https:\/\/www.lovendal.ro\/wp52\/wp-json\/wp\/v2\/comments?post=10878"}],"version-history":[{"count":0,"href":"https:\/\/www.lovendal.ro\/wp52\/wp-json\/wp\/v2\/posts\/10878\/revisions"}],"wp:featuredmedia":[{"embeddable":true,"href":"https:\/\/www.lovendal.ro\/wp52\/wp-json\/wp\/v2\/media\/10879"}],"wp:attachment":[{"href":"https:\/\/www.lovendal.ro\/wp52\/wp-json\/wp\/v2\/media?parent=10878"}],"wp:term":[{"taxonomy":"category","embeddable":true,"href":"https:\/\/www.lovendal.ro\/wp52\/wp-json\/wp\/v2\/categories?post=10878"},{"taxonomy":"post_tag","embeddable":true,"href":"https:\/\/www.lovendal.ro\/wp52\/wp-json\/wp\/v2\/tags?post=10878"}],"curies":[{"name":"wp","href":"https:\/\/api.w.org\/{rel}","templated":true}]}}