{"id":10839,"date":"2010-01-28T19:19:31","date_gmt":"2010-01-28T17:19:31","guid":{"rendered":"http:\/\/www.lovendal.net\/wp52\/?p=10839"},"modified":"2010-01-29T22:14:02","modified_gmt":"2010-01-29T20:14:02","slug":"obiectul-misterios-sub-forma-de-parasuta-din-aurora-polara-fotografiata-in-norvegia","status":"publish","type":"post","link":"https:\/\/www.lovendal.ro\/wp52\/obiectul-misterios-sub-forma-de-parasuta-din-aurora-polara-fotografiata-in-norvegia\/","title":{"rendered":"Obiectul misterios, sub form\u0103 de para\u015fut\u0103, din aurora polar\u0103 fotografiat\u0103 \u00een Norvegia"},"content":{"rendered":"<p><a href=\"https:\/\/www.lovendal.ro\/wp52\/wp-content\/uploads\/2010\/01\/aurora-polara1.jpg\"><img loading=\"lazy\" decoding=\"async\" class=\"alignleft size-full wp-image-10840\" title=\"aurora polara1\" src=\"https:\/\/www.lovendal.ro\/wp52\/wp-content\/uploads\/2010\/01\/aurora-polara1.jpg\" alt=\"aurora polara1\" width=\"276\" height=\"219\" \/><\/a>Pe 20 ianuarie 2010, Per-Arne Mikalsen a fotografiat o auror\u0103 boreal\u0103 masiv\u0103 care a avut loc \u00een ora\u015ful norvegian Andenes, ce se afl\u0103 \u00een nordul \u0163\u0103rii. Datorit\u0103 activit\u0103\u0163ii solare crescute din perioada respectiv\u0103, aceast\u0103 auror\u0103 a fost vizibil\u0103 pe aproape \u00eentreg teritoriul Norvegiei. \u00centr-una din fotografiile f\u0103cute de Mikalsen, se poate observa un obiect ce nu a putut fi identificat. De\u015fi fotograful amator a realizat mai multe poze din aceea\u015fi loca\u0163ie, \u00een doar una dintre ele apare o para\u015fut\u0103 misterioas\u0103 de culoare verde. Ce e cu aceast\u0103 para\u015fut\u0103? Se pare c\u0103 ea nu ar apar\u0163ine niciunei for\u0163e militare cunoscute.<\/p>\n<p><span><span>La prima vedere, se p\u0103rea c\u0103 acest obiect a ap\u0103rut datorit\u0103 lentilei de pe camera de fotografiat, dar studiile mai am\u0103nun\u0163ite au demonstrat faptul c\u0103 lucrurile nu st\u0103teau a\u015fa. De asemenea, Mikalsen este foarte obi\u015fnuit cu aurorele polare, de diferite forme sau m\u0103rimi, el lucr\u00e2nd mul\u0163i ani pe o insul\u0103 din apropierea zonei polare; dar de o astfel de form\u0103 ciudat\u0103 at\u00e2rn\u00e2nd pe cer, Mikalsen n-a avut niciodat\u0103 parte. Conform acestuia, odat\u0103 ce a postat ultimele sale fotografii cu aurore pe site-ul www.spaceweather.com, a primit o mul\u0163ime de emailuri din toat\u0103 lumea, solicit\u00e2ndu-i-se informa\u0163ii despre forma misterioas\u0103.<br \/>\n<\/span><\/span><\/p>\n<p><a href=\"https:\/\/www.lovendal.ro\/wp52\/wp-content\/uploads\/2010\/01\/aurora-polara2.jpg\"><img loading=\"lazy\" decoding=\"async\" class=\"alignleft size-full wp-image-10841\" title=\"aurora polara2\" src=\"https:\/\/www.lovendal.ro\/wp52\/wp-content\/uploads\/2010\/01\/aurora-polara2.jpg\" alt=\"aurora polara2\" width=\"276\" height=\"156\" \/><\/a>A\u015fadar, ce ar putea fi? La fel ca \u015fi Truls Hansen, cercet\u0103tor principal la Observatorul Geofizic din Tromso, Mikaelsen se \u00eendoie\u015fte de faptul c\u0103 obiectul misterios ar putea fi explicat printr-o gre\u015feal\u0103 tehnic\u0103.<em> &#8222;De obicei, asemenea abera\u0163ii apar atunci c\u00e2nd exist\u0103 o surs\u0103 de lumin\u0103 mic\u0103 \u015fi intens\u0103 \u00een c\u00e2mpul de vizualizare, sau sursa este at\u00e2t de apropiat\u0103, \u00eenc\u00e2t lumina love\u015fte lentilele<\/em>&#8222;, afirm\u0103 Hansen, <em>&#8222;ceea ce nu este cazul aici&#8221;. &#8222;\u00cen plus, <\/em>continu\u0103 fotograful amator, <em>culoarea obiectului misterios este aceea\u015fi ca \u015fi culoarea aurorei, adic\u0103 verde, a\u015fa c\u0103 obiectul misterios este fie o caracteristic\u0103 a aurorei, fie o reflec\u0163ie a luminii aurorale undeva \u00een spa\u0163iu&#8221;.<\/em><span><span> Dar ia sta\u0163i pu\u0163in! O reflec\u0163ie a luminii aurorale? E imposibil!<\/span><\/span><\/p>\n<p><span><span>Forma structurat\u0103 a fenomenului, plus distan\u0163a fa\u0163\u0103 de orice surse de lumin\u0103, face imposibil\u0103 vreo problem\u0103 cu echipamentul de fotografiere. De asemenea, nu se cunoa\u015fte p\u00e2n\u0103 acum vreo auror\u0103 care s\u0103 produc\u0103 o asemenea &#8222;caracteristic\u0103&#8221;. A\u015fadar, r\u0103m\u00e2ne ipoteza reflec\u0163iei \u00een spa\u0163iu. Ce ar putea exista \u00een spa\u0163iu care s\u0103 poat\u0103 reflecta lumina verde emis\u0103 de auror\u0103?<br \/>\n<\/span><\/span><\/p>\n<p><span><span><em> <\/em><\/span><\/span><\/p>\n<figure id=\"attachment_10842\" aria-describedby=\"caption-attachment-10842\" style=\"width: 159px\" class=\"wp-caption alignleft\"><span><em><em><a href=\"https:\/\/www.lovendal.ro\/wp52\/wp-content\/uploads\/2010\/01\/flacarile-Iridium.jpg\"><img loading=\"lazy\" decoding=\"async\" class=\"size-full wp-image-10842\" title=\"flacarile Iridium\" src=\"https:\/\/www.lovendal.ro\/wp52\/wp-content\/uploads\/2010\/01\/flacarile-Iridium.jpg\" alt=\"flacarile Iridium\" width=\"169\" height=\"141\" \/><\/a><\/em><\/em><\/span><figcaption id=\"caption-attachment-10842\" class=\"wp-caption-text\">flacarile Iridium<\/figcaption><\/figure>\n<p><em>&#8222;Sunt de acord cu Pal Brekke, consultant \u015ftiin\u0163ific la Centrul Spa\u0163ial Norvegian, care spune c\u0103 cel mai probabil este vorba de reflec\u0163ia unui satelit&#8221;,<\/em> mai spune Hansen. <em>&#8222;Mi-aduce aminte de a\u015fa-numitele &#8216;fl\u0103c\u0103ri Iridium&#8217;, reflec\u0163ii a luminii Soarelui din sateli\u0163ii Iridium&#8221;.<\/em><\/p>\n<p><span><span>Fl\u0103c\u0103rile sateli\u0163ilor sunt bine cunoscute de astronomi. Atunci c\u00e2nd condi\u0163iile sunt proprii, panourile solare de pe sateli\u0163i reflect\u0103 pe p\u0103m\u00e2nt lumina Soarelui. Rezultatul este o lucire brusc\u0103, de scurt\u0103 durat\u0103, cunoscut\u0103 sub denumirea de &#8222;flac\u0103r\u0103&#8221;. Re\u0163eaua de sateli\u0163i de comunica\u0163ii Iridium sunt binecunoscu\u0163i pentru &#8222;fl\u0103c\u0103rile&#8221; lor, din moment ce sunt prev\u0103zu\u0163i cu antene uria\u015fe, care ac\u0163ioneaz\u0103 ca oglinzi orbitale. Aceste &#8222;fl\u0103c\u0103ri&#8221; pot fi chiar previzionate c\u00e2nd vor apare, \u00eentruc\u00e2t sateli\u0163ii au orbite ce pot fi determinate.<br \/>\n<\/span><\/span><\/p>\n<p><span><span>Dar totu\u015fi, se pune \u00eentrebarea: este lumina unei aurori polare destul de str\u0103lucitoare pentru a se putea reflecta \u00een oglinda unui satelit? \u015ei apoi, cum de a produs un obiect ce are forma unei para\u015fute? Nici m\u0103car un satelit Iridium n-ar putea s\u0103 reflecte o lumin\u0103 auroral\u0103, de intensitate mult mai mic\u0103 dec\u00e2t cea a Soarelui.<\/span><\/span><\/p>\n<p><span><span>Hansen \u00ee\u015fi sus\u0163ine \u00eens\u0103 ipoteza<em>. &#8222;Intensitatea luminii unei aurori polare nu este prea diferit\u0103 de intensitatea luminii lunii, care este 1\/100.000 din lumina Soarelui. Fl\u0103c\u0103rile Iridium produse de lumina Soarelui au o magnitudine de c\u00e2teva ori mai mare dec\u00e2t &#8216;fl\u0103c\u0103rile aurorale&#8217;, a\u015fa c\u0103 intensitatea luminii nu exclude ipoteza reflec\u0163iei satelitului&#8221;.<\/em><br \/>\n<\/span><\/span><\/p>\n<p>O flac\u0103r\u0103 auroral\u0103 pare a fi fezabil\u0103, dar, a\u015fa cum a remarcat astronomul Daniel Fischer, lumina verde a obiectului misterios s-ar putea s\u0103 nu aib\u0103 nimic de-a face cu lumina reflectat\u0103 a aurorei, ci mai degrab\u0103 s\u0103 fie vorba de culoarea lentilelor aparatului de fotografiat. Astfel, culoarea verde a obiectului misterios poate fi rezultatul reflec\u0163iilor din interiorul camerei, cauzate de luminile puternice \u00een partea de jos-st\u00e2nga a pozei.<\/p>\n<p>Totu\u015fi, enigma r\u0103m\u00e2ne \u015fi ea trebuie s\u0103 fie descifrat\u0103 \u00eentr-o zi.<\/p>\n<p><span><span> <\/span><\/span><\/p>\n","protected":false},"excerpt":{"rendered":"<p>Pe 20 ianuarie 2010, Per-Arne Mikalsen a fotografiat o auror\u0103 boreal\u0103 masiv\u0103 care a avut loc \u00een ora\u015ful norvegian Andenes, ce se afl\u0103 \u00een nordul \u0163\u0103rii. Datorit\u0103 activit\u0103\u0163ii solare crescute din perioada respectiv\u0103, aceast\u0103 auror\u0103 a fost vizibil\u0103 pe aproape &#8230; <\/p>\n<p class=\"read-more-container\"><a title=\"Obiectul misterios, sub form\u0103 de para\u015fut\u0103, din aurora polar\u0103 fotografiat\u0103 \u00een Norvegia\" class=\"read-more button\" href=\"https:\/\/www.lovendal.ro\/wp52\/obiectul-misterios-sub-forma-de-parasuta-din-aurora-polara-fotografiata-in-norvegia\/#more-10839\" aria-label=\"Cite\u0219te mai multe despre Obiectul misterios, sub form\u0103 de para\u015fut\u0103, din aurora polar\u0103 fotografiat\u0103 \u00een Norvegia\">Cititi mai multe<\/a><\/p>\n","protected":false},"author":1,"featured_media":10840,"comment_status":"open","ping_status":"closed","sticky":false,"template":"","format":"standard","meta":{"footnotes":""},"categories":[106],"tags":[2802,15,563,2886,814,9803,1163],"class_list":["post-10839","post","type-post","status-publish","format-standard","has-post-thumbnail","hentry","category-stiinta","tag-aurora-polara","tag-fotografie","tag-norvegia","tag-parasuta","tag-sateliti","tag-stiinta","tag-verde","resize-featured-image"],"yoast_head":"<!-- This site is optimized with the Yoast SEO Premium plugin v23.3 (Yoast SEO v27.4) - https:\/\/yoast.com\/product\/yoast-seo-premium-wordpress\/ -->\n<title>Obiectul misterios, sub form\u0103 de para\u015fut\u0103, din aurora polar\u0103 fotografiat\u0103 \u00een Norvegia - Secretele lui Lovendal<\/title>\n<meta name=\"robots\" content=\"index, follow, max-snippet:-1, max-image-preview:large, max-video-preview:-1\" \/>\n<link rel=\"canonical\" href=\"https:\/\/www.lovendal.ro\/wp52\/obiectul-misterios-sub-forma-de-parasuta-din-aurora-polara-fotografiata-in-norvegia\/\" \/>\n<meta property=\"og:locale\" content=\"ro_RO\" \/>\n<meta property=\"og:type\" content=\"article\" \/>\n<meta property=\"og:title\" content=\"Obiectul misterios, sub form\u0103 de para\u015fut\u0103, din aurora polar\u0103 fotografiat\u0103 \u00een Norvegia\" \/>\n<meta property=\"og:description\" content=\"Pe 20 ianuarie 2010, Per-Arne Mikalsen a fotografiat o auror\u0103 boreal\u0103 masiv\u0103 care a avut loc \u00een ora\u015ful norvegian Andenes, ce se afl\u0103 \u00een nordul \u0163\u0103rii. Datorit\u0103 activit\u0103\u0163ii solare crescute din perioada respectiv\u0103, aceast\u0103 auror\u0103 a fost vizibil\u0103 pe aproape ... Cititi mai multe\" \/>\n<meta property=\"og:url\" content=\"https:\/\/www.lovendal.ro\/wp52\/obiectul-misterios-sub-forma-de-parasuta-din-aurora-polara-fotografiata-in-norvegia\/\" \/>\n<meta property=\"og:site_name\" content=\"Secretele lui Lovendal\" \/>\n<meta property=\"article:publisher\" content=\"https:\/\/www.facebook.com\/secreteleluilovendal\" \/>\n<meta property=\"article:published_time\" content=\"2010-01-28T17:19:31+00:00\" \/>\n<meta property=\"article:modified_time\" content=\"2010-01-29T20:14:02+00:00\" \/>\n<meta property=\"og:image\" content=\"https:\/\/www.lovendal.ro\/wp52\/wp-content\/uploads\/2010\/01\/aurora-polara1.jpg\" \/>\n\t<meta property=\"og:image:width\" content=\"276\" \/>\n\t<meta property=\"og:image:height\" content=\"219\" \/>\n\t<meta property=\"og:image:type\" content=\"image\/jpeg\" \/>\n<meta name=\"author\" content=\"admin\" \/>\n<meta name=\"twitter:card\" content=\"summary_large_image\" \/>\n<meta name=\"twitter:label1\" content=\"Scris de\" \/>\n\t<meta name=\"twitter:data1\" content=\"admin\" \/>\n\t<meta name=\"twitter:label2\" content=\"Timp estimat pentru citire\" \/>\n\t<meta name=\"twitter:data2\" content=\"4 minute\" \/>\n<script type=\"application\/ld+json\" class=\"yoast-schema-graph\">{\"@context\":\"https:\\\/\\\/schema.org\",\"@graph\":[{\"@type\":\"Article\",\"@id\":\"https:\\\/\\\/www.lovendal.ro\\\/wp52\\\/obiectul-misterios-sub-forma-de-parasuta-din-aurora-polara-fotografiata-in-norvegia\\\/#article\",\"isPartOf\":{\"@id\":\"https:\\\/\\\/www.lovendal.ro\\\/wp52\\\/obiectul-misterios-sub-forma-de-parasuta-din-aurora-polara-fotografiata-in-norvegia\\\/\"},\"author\":{\"name\":\"admin\",\"@id\":\"https:\\\/\\\/www.lovendal.ro\\\/wp52\\\/#\\\/schema\\\/person\\\/088691de5dfc346bb0c023e1e52ef5d9\"},\"headline\":\"Obiectul misterios, sub form\u0103 de para\u015fut\u0103, din aurora polar\u0103 fotografiat\u0103 \u00een Norvegia\",\"datePublished\":\"2010-01-28T17:19:31+00:00\",\"dateModified\":\"2010-01-29T20:14:02+00:00\",\"mainEntityOfPage\":{\"@id\":\"https:\\\/\\\/www.lovendal.ro\\\/wp52\\\/obiectul-misterios-sub-forma-de-parasuta-din-aurora-polara-fotografiata-in-norvegia\\\/\"},\"wordCount\":795,\"commentCount\":4,\"publisher\":{\"@id\":\"https:\\\/\\\/www.lovendal.ro\\\/wp52\\\/#organization\"},\"image\":{\"@id\":\"https:\\\/\\\/www.lovendal.ro\\\/wp52\\\/obiectul-misterios-sub-forma-de-parasuta-din-aurora-polara-fotografiata-in-norvegia\\\/#primaryimage\"},\"thumbnailUrl\":\"https:\\\/\\\/www.lovendal.ro\\\/wp52\\\/wp-content\\\/uploads\\\/2010\\\/01\\\/aurora-polara1.jpg\",\"keywords\":[\"aurora polar\u0103\",\"fotografie\",\"Norvegia\",\"para\u015fut\u0103\",\"sateli\u0163i\",\"Stiinta\",\"verde\"],\"articleSection\":[\"Stiinta\"],\"inLanguage\":\"ro-RO\",\"potentialAction\":[{\"@type\":\"CommentAction\",\"name\":\"Comment\",\"target\":[\"https:\\\/\\\/www.lovendal.ro\\\/wp52\\\/obiectul-misterios-sub-forma-de-parasuta-din-aurora-polara-fotografiata-in-norvegia\\\/#respond\"]}]},{\"@type\":\"WebPage\",\"@id\":\"https:\\\/\\\/www.lovendal.ro\\\/wp52\\\/obiectul-misterios-sub-forma-de-parasuta-din-aurora-polara-fotografiata-in-norvegia\\\/\",\"url\":\"https:\\\/\\\/www.lovendal.ro\\\/wp52\\\/obiectul-misterios-sub-forma-de-parasuta-din-aurora-polara-fotografiata-in-norvegia\\\/\",\"name\":\"Obiectul misterios, sub form\u0103 de para\u015fut\u0103, din aurora polar\u0103 fotografiat\u0103 \u00een Norvegia - Secretele lui Lovendal\",\"isPartOf\":{\"@id\":\"https:\\\/\\\/www.lovendal.ro\\\/wp52\\\/#website\"},\"primaryImageOfPage\":{\"@id\":\"https:\\\/\\\/www.lovendal.ro\\\/wp52\\\/obiectul-misterios-sub-forma-de-parasuta-din-aurora-polara-fotografiata-in-norvegia\\\/#primaryimage\"},\"image\":{\"@id\":\"https:\\\/\\\/www.lovendal.ro\\\/wp52\\\/obiectul-misterios-sub-forma-de-parasuta-din-aurora-polara-fotografiata-in-norvegia\\\/#primaryimage\"},\"thumbnailUrl\":\"https:\\\/\\\/www.lovendal.ro\\\/wp52\\\/wp-content\\\/uploads\\\/2010\\\/01\\\/aurora-polara1.jpg\",\"datePublished\":\"2010-01-28T17:19:31+00:00\",\"dateModified\":\"2010-01-29T20:14:02+00:00\",\"breadcrumb\":{\"@id\":\"https:\\\/\\\/www.lovendal.ro\\\/wp52\\\/obiectul-misterios-sub-forma-de-parasuta-din-aurora-polara-fotografiata-in-norvegia\\\/#breadcrumb\"},\"inLanguage\":\"ro-RO\",\"potentialAction\":[{\"@type\":\"ReadAction\",\"target\":[\"https:\\\/\\\/www.lovendal.ro\\\/wp52\\\/obiectul-misterios-sub-forma-de-parasuta-din-aurora-polara-fotografiata-in-norvegia\\\/\"]}]},{\"@type\":\"ImageObject\",\"inLanguage\":\"ro-RO\",\"@id\":\"https:\\\/\\\/www.lovendal.ro\\\/wp52\\\/obiectul-misterios-sub-forma-de-parasuta-din-aurora-polara-fotografiata-in-norvegia\\\/#primaryimage\",\"url\":\"https:\\\/\\\/www.lovendal.ro\\\/wp52\\\/wp-content\\\/uploads\\\/2010\\\/01\\\/aurora-polara1.jpg\",\"contentUrl\":\"https:\\\/\\\/www.lovendal.ro\\\/wp52\\\/wp-content\\\/uploads\\\/2010\\\/01\\\/aurora-polara1.jpg\",\"width\":\"276\",\"height\":\"219\"},{\"@type\":\"BreadcrumbList\",\"@id\":\"https:\\\/\\\/www.lovendal.ro\\\/wp52\\\/obiectul-misterios-sub-forma-de-parasuta-din-aurora-polara-fotografiata-in-norvegia\\\/#breadcrumb\",\"itemListElement\":[{\"@type\":\"ListItem\",\"position\":1,\"name\":\"Home\",\"item\":\"https:\\\/\\\/www.lovendal.ro\\\/wp52\\\/\"},{\"@type\":\"ListItem\",\"position\":2,\"name\":\"Obiectul misterios, sub form\u0103 de para\u015fut\u0103, din aurora polar\u0103 fotografiat\u0103 \u00een Norvegia\"}]},{\"@type\":\"WebSite\",\"@id\":\"https:\\\/\\\/www.lovendal.ro\\\/wp52\\\/#website\",\"url\":\"https:\\\/\\\/www.lovendal.ro\\\/wp52\\\/\",\"name\":\"Secretele lui Lovendal\",\"description\":\"Site de secrete, stiinta si metafizica - din 2008 -\",\"publisher\":{\"@id\":\"https:\\\/\\\/www.lovendal.ro\\\/wp52\\\/#organization\"},\"potentialAction\":[{\"@type\":\"SearchAction\",\"target\":{\"@type\":\"EntryPoint\",\"urlTemplate\":\"https:\\\/\\\/www.lovendal.ro\\\/wp52\\\/?s={search_term_string}\"},\"query-input\":{\"@type\":\"PropertyValueSpecification\",\"valueRequired\":true,\"valueName\":\"search_term_string\"}}],\"inLanguage\":\"ro-RO\"},{\"@type\":\"Organization\",\"@id\":\"https:\\\/\\\/www.lovendal.ro\\\/wp52\\\/#organization\",\"name\":\"Secretele lui Lovendal\",\"url\":\"https:\\\/\\\/www.lovendal.ro\\\/wp52\\\/\",\"logo\":{\"@type\":\"ImageObject\",\"inLanguage\":\"ro-RO\",\"@id\":\"https:\\\/\\\/www.lovendal.ro\\\/wp52\\\/#\\\/schema\\\/logo\\\/image\\\/\",\"url\":\"https:\\\/\\\/www.lovendal.ro\\\/wp52\\\/wp-content\\\/uploads\\\/2024\\\/06\\\/cropped-SLL-iun-2024-1.jpg\",\"contentUrl\":\"https:\\\/\\\/www.lovendal.ro\\\/wp52\\\/wp-content\\\/uploads\\\/2024\\\/06\\\/cropped-SLL-iun-2024-1.jpg\",\"width\":771,\"height\":240,\"caption\":\"Secretele lui Lovendal\"},\"image\":{\"@id\":\"https:\\\/\\\/www.lovendal.ro\\\/wp52\\\/#\\\/schema\\\/logo\\\/image\\\/\"},\"sameAs\":[\"https:\\\/\\\/www.facebook.com\\\/secreteleluilovendal\"]},{\"@type\":\"Person\",\"@id\":\"https:\\\/\\\/www.lovendal.ro\\\/wp52\\\/#\\\/schema\\\/person\\\/088691de5dfc346bb0c023e1e52ef5d9\",\"name\":\"admin\",\"image\":{\"@type\":\"ImageObject\",\"inLanguage\":\"ro-RO\",\"@id\":\"https:\\\/\\\/secure.gravatar.com\\\/avatar\\\/ecb9cd41f5f63c9c9b989999a59f6e2639a865ec361e9db054db0679a8f341c2?s=96&d=mm&r=g\",\"url\":\"https:\\\/\\\/secure.gravatar.com\\\/avatar\\\/ecb9cd41f5f63c9c9b989999a59f6e2639a865ec361e9db054db0679a8f341c2?s=96&d=mm&r=g\",\"contentUrl\":\"https:\\\/\\\/secure.gravatar.com\\\/avatar\\\/ecb9cd41f5f63c9c9b989999a59f6e2639a865ec361e9db054db0679a8f341c2?s=96&d=mm&r=g\",\"caption\":\"admin\"},\"sameAs\":[\"https:\\\/\\\/www.lovendal.ro\\\/wp52\"]}]}<\/script>\n<!-- \/ Yoast SEO Premium plugin. -->","yoast_head_json":{"title":"Obiectul misterios, sub form\u0103 de para\u015fut\u0103, din aurora polar\u0103 fotografiat\u0103 \u00een Norvegia - Secretele lui Lovendal","robots":{"index":"index","follow":"follow","max-snippet":"max-snippet:-1","max-image-preview":"max-image-preview:large","max-video-preview":"max-video-preview:-1"},"canonical":"https:\/\/www.lovendal.ro\/wp52\/obiectul-misterios-sub-forma-de-parasuta-din-aurora-polara-fotografiata-in-norvegia\/","og_locale":"ro_RO","og_type":"article","og_title":"Obiectul misterios, sub form\u0103 de para\u015fut\u0103, din aurora polar\u0103 fotografiat\u0103 \u00een Norvegia","og_description":"Pe 20 ianuarie 2010, Per-Arne Mikalsen a fotografiat o auror\u0103 boreal\u0103 masiv\u0103 care a avut loc \u00een ora\u015ful norvegian Andenes, ce se afl\u0103 \u00een nordul \u0163\u0103rii. Datorit\u0103 activit\u0103\u0163ii solare crescute din perioada respectiv\u0103, aceast\u0103 auror\u0103 a fost vizibil\u0103 pe aproape ... Cititi mai multe","og_url":"https:\/\/www.lovendal.ro\/wp52\/obiectul-misterios-sub-forma-de-parasuta-din-aurora-polara-fotografiata-in-norvegia\/","og_site_name":"Secretele lui Lovendal","article_publisher":"https:\/\/www.facebook.com\/secreteleluilovendal","article_published_time":"2010-01-28T17:19:31+00:00","article_modified_time":"2010-01-29T20:14:02+00:00","og_image":[{"width":276,"height":219,"url":"https:\/\/www.lovendal.ro\/wp52\/wp-content\/uploads\/2010\/01\/aurora-polara1.jpg","type":"image\/jpeg"}],"author":"admin","twitter_card":"summary_large_image","twitter_misc":{"Scris de":"admin","Timp estimat pentru citire":"4 minute"},"schema":{"@context":"https:\/\/schema.org","@graph":[{"@type":"Article","@id":"https:\/\/www.lovendal.ro\/wp52\/obiectul-misterios-sub-forma-de-parasuta-din-aurora-polara-fotografiata-in-norvegia\/#article","isPartOf":{"@id":"https:\/\/www.lovendal.ro\/wp52\/obiectul-misterios-sub-forma-de-parasuta-din-aurora-polara-fotografiata-in-norvegia\/"},"author":{"name":"admin","@id":"https:\/\/www.lovendal.ro\/wp52\/#\/schema\/person\/088691de5dfc346bb0c023e1e52ef5d9"},"headline":"Obiectul misterios, sub form\u0103 de para\u015fut\u0103, din aurora polar\u0103 fotografiat\u0103 \u00een Norvegia","datePublished":"2010-01-28T17:19:31+00:00","dateModified":"2010-01-29T20:14:02+00:00","mainEntityOfPage":{"@id":"https:\/\/www.lovendal.ro\/wp52\/obiectul-misterios-sub-forma-de-parasuta-din-aurora-polara-fotografiata-in-norvegia\/"},"wordCount":795,"commentCount":4,"publisher":{"@id":"https:\/\/www.lovendal.ro\/wp52\/#organization"},"image":{"@id":"https:\/\/www.lovendal.ro\/wp52\/obiectul-misterios-sub-forma-de-parasuta-din-aurora-polara-fotografiata-in-norvegia\/#primaryimage"},"thumbnailUrl":"https:\/\/www.lovendal.ro\/wp52\/wp-content\/uploads\/2010\/01\/aurora-polara1.jpg","keywords":["aurora polar\u0103","fotografie","Norvegia","para\u015fut\u0103","sateli\u0163i","Stiinta","verde"],"articleSection":["Stiinta"],"inLanguage":"ro-RO","potentialAction":[{"@type":"CommentAction","name":"Comment","target":["https:\/\/www.lovendal.ro\/wp52\/obiectul-misterios-sub-forma-de-parasuta-din-aurora-polara-fotografiata-in-norvegia\/#respond"]}]},{"@type":"WebPage","@id":"https:\/\/www.lovendal.ro\/wp52\/obiectul-misterios-sub-forma-de-parasuta-din-aurora-polara-fotografiata-in-norvegia\/","url":"https:\/\/www.lovendal.ro\/wp52\/obiectul-misterios-sub-forma-de-parasuta-din-aurora-polara-fotografiata-in-norvegia\/","name":"Obiectul misterios, sub form\u0103 de para\u015fut\u0103, din aurora polar\u0103 fotografiat\u0103 \u00een Norvegia - Secretele lui Lovendal","isPartOf":{"@id":"https:\/\/www.lovendal.ro\/wp52\/#website"},"primaryImageOfPage":{"@id":"https:\/\/www.lovendal.ro\/wp52\/obiectul-misterios-sub-forma-de-parasuta-din-aurora-polara-fotografiata-in-norvegia\/#primaryimage"},"image":{"@id":"https:\/\/www.lovendal.ro\/wp52\/obiectul-misterios-sub-forma-de-parasuta-din-aurora-polara-fotografiata-in-norvegia\/#primaryimage"},"thumbnailUrl":"https:\/\/www.lovendal.ro\/wp52\/wp-content\/uploads\/2010\/01\/aurora-polara1.jpg","datePublished":"2010-01-28T17:19:31+00:00","dateModified":"2010-01-29T20:14:02+00:00","breadcrumb":{"@id":"https:\/\/www.lovendal.ro\/wp52\/obiectul-misterios-sub-forma-de-parasuta-din-aurora-polara-fotografiata-in-norvegia\/#breadcrumb"},"inLanguage":"ro-RO","potentialAction":[{"@type":"ReadAction","target":["https:\/\/www.lovendal.ro\/wp52\/obiectul-misterios-sub-forma-de-parasuta-din-aurora-polara-fotografiata-in-norvegia\/"]}]},{"@type":"ImageObject","inLanguage":"ro-RO","@id":"https:\/\/www.lovendal.ro\/wp52\/obiectul-misterios-sub-forma-de-parasuta-din-aurora-polara-fotografiata-in-norvegia\/#primaryimage","url":"https:\/\/www.lovendal.ro\/wp52\/wp-content\/uploads\/2010\/01\/aurora-polara1.jpg","contentUrl":"https:\/\/www.lovendal.ro\/wp52\/wp-content\/uploads\/2010\/01\/aurora-polara1.jpg","width":"276","height":"219"},{"@type":"BreadcrumbList","@id":"https:\/\/www.lovendal.ro\/wp52\/obiectul-misterios-sub-forma-de-parasuta-din-aurora-polara-fotografiata-in-norvegia\/#breadcrumb","itemListElement":[{"@type":"ListItem","position":1,"name":"Home","item":"https:\/\/www.lovendal.ro\/wp52\/"},{"@type":"ListItem","position":2,"name":"Obiectul misterios, sub form\u0103 de para\u015fut\u0103, din aurora polar\u0103 fotografiat\u0103 \u00een Norvegia"}]},{"@type":"WebSite","@id":"https:\/\/www.lovendal.ro\/wp52\/#website","url":"https:\/\/www.lovendal.ro\/wp52\/","name":"Secretele lui Lovendal","description":"Site de secrete, stiinta si metafizica - din 2008 -","publisher":{"@id":"https:\/\/www.lovendal.ro\/wp52\/#organization"},"potentialAction":[{"@type":"SearchAction","target":{"@type":"EntryPoint","urlTemplate":"https:\/\/www.lovendal.ro\/wp52\/?s={search_term_string}"},"query-input":{"@type":"PropertyValueSpecification","valueRequired":true,"valueName":"search_term_string"}}],"inLanguage":"ro-RO"},{"@type":"Organization","@id":"https:\/\/www.lovendal.ro\/wp52\/#organization","name":"Secretele lui Lovendal","url":"https:\/\/www.lovendal.ro\/wp52\/","logo":{"@type":"ImageObject","inLanguage":"ro-RO","@id":"https:\/\/www.lovendal.ro\/wp52\/#\/schema\/logo\/image\/","url":"https:\/\/www.lovendal.ro\/wp52\/wp-content\/uploads\/2024\/06\/cropped-SLL-iun-2024-1.jpg","contentUrl":"https:\/\/www.lovendal.ro\/wp52\/wp-content\/uploads\/2024\/06\/cropped-SLL-iun-2024-1.jpg","width":771,"height":240,"caption":"Secretele lui Lovendal"},"image":{"@id":"https:\/\/www.lovendal.ro\/wp52\/#\/schema\/logo\/image\/"},"sameAs":["https:\/\/www.facebook.com\/secreteleluilovendal"]},{"@type":"Person","@id":"https:\/\/www.lovendal.ro\/wp52\/#\/schema\/person\/088691de5dfc346bb0c023e1e52ef5d9","name":"admin","image":{"@type":"ImageObject","inLanguage":"ro-RO","@id":"https:\/\/secure.gravatar.com\/avatar\/ecb9cd41f5f63c9c9b989999a59f6e2639a865ec361e9db054db0679a8f341c2?s=96&d=mm&r=g","url":"https:\/\/secure.gravatar.com\/avatar\/ecb9cd41f5f63c9c9b989999a59f6e2639a865ec361e9db054db0679a8f341c2?s=96&d=mm&r=g","contentUrl":"https:\/\/secure.gravatar.com\/avatar\/ecb9cd41f5f63c9c9b989999a59f6e2639a865ec361e9db054db0679a8f341c2?s=96&d=mm&r=g","caption":"admin"},"sameAs":["https:\/\/www.lovendal.ro\/wp52"]}]}},"_links":{"self":[{"href":"https:\/\/www.lovendal.ro\/wp52\/wp-json\/wp\/v2\/posts\/10839","targetHints":{"allow":["GET"]}}],"collection":[{"href":"https:\/\/www.lovendal.ro\/wp52\/wp-json\/wp\/v2\/posts"}],"about":[{"href":"https:\/\/www.lovendal.ro\/wp52\/wp-json\/wp\/v2\/types\/post"}],"author":[{"embeddable":true,"href":"https:\/\/www.lovendal.ro\/wp52\/wp-json\/wp\/v2\/users\/1"}],"replies":[{"embeddable":true,"href":"https:\/\/www.lovendal.ro\/wp52\/wp-json\/wp\/v2\/comments?post=10839"}],"version-history":[{"count":0,"href":"https:\/\/www.lovendal.ro\/wp52\/wp-json\/wp\/v2\/posts\/10839\/revisions"}],"wp:featuredmedia":[{"embeddable":true,"href":"https:\/\/www.lovendal.ro\/wp52\/wp-json\/wp\/v2\/media\/10840"}],"wp:attachment":[{"href":"https:\/\/www.lovendal.ro\/wp52\/wp-json\/wp\/v2\/media?parent=10839"}],"wp:term":[{"taxonomy":"category","embeddable":true,"href":"https:\/\/www.lovendal.ro\/wp52\/wp-json\/wp\/v2\/categories?post=10839"},{"taxonomy":"post_tag","embeddable":true,"href":"https:\/\/www.lovendal.ro\/wp52\/wp-json\/wp\/v2\/tags?post=10839"}],"curies":[{"name":"wp","href":"https:\/\/api.w.org\/{rel}","templated":true}]}}