{"id":10770,"date":"2010-01-26T15:42:10","date_gmt":"2010-01-26T13:42:10","guid":{"rendered":"http:\/\/www.lovendal.net\/wp52\/?p=10770"},"modified":"2010-01-26T15:42:10","modified_gmt":"2010-01-26T13:42:10","slug":"chiar-daca-unii-cred-ca-hitler-nu-s-a-sinucis-in-1945-totusi-el-a-murit-atunci-o-confirma-soferul-sau","status":"publish","type":"post","link":"https:\/\/www.lovendal.ro\/wp52\/chiar-daca-unii-cred-ca-hitler-nu-s-a-sinucis-in-1945-totusi-el-a-murit-atunci-o-confirma-soferul-sau\/","title":{"rendered":"Chiar dac\u0103 unii cred c\u0103 Hitler nu s-a sinucis \u00een 1945, totu\u015fi el a murit atunci! O confirm\u0103 \u015foferul s\u0103u"},"content":{"rendered":"<p><a href=\"https:\/\/www.lovendal.ro\/wp52\/wp-content\/uploads\/2010\/01\/Kempka.jpg\"><img loading=\"lazy\" decoding=\"async\" class=\"alignleft size-full wp-image-10771\" title=\"Kempka\" src=\"https:\/\/www.lovendal.ro\/wp52\/wp-content\/uploads\/2010\/01\/Kempka.jpg\" alt=\"Kempka\" width=\"268\" height=\"190\" \/><\/a>Ultimul \u015fofer al lui Hitler, Erich Kempka, poveste\u015fte cu lux de am\u0103nunte cum a fost incendiat cadavrul fostului dictator dup\u0103 ce acesta s-a sinucis, \u00een \u00eencercarea de a spulbera astfel toate legendele legate de supravie\u0163uirea lui dup\u0103 r\u0103zboi.<\/p>\n<p>Kempka \u00ee\u015fi aminte\u015fte c\u0103 l-a v\u0103zut pentru ultima oar\u0103 pe Hitler pe 29 aprilie 1945, dar chiar dac\u0103 \u00eel cuno\u015ftea de 13 ani nu \u015fi-a dat seama c\u0103 este pe cale s\u0103 se sinucid\u0103, scrie <em>Daily Mail<\/em>. A doua zi, pe c\u00e2nd trupele sovietice se apropiau de bunc\u0103rul situat \u00een centrul ora\u015fului, Kempka a fost sunat de unul dintre ajutoarele lui Hitler, Otto Gunsche, care i-a cerut s\u0103 fac\u0103 rost de urgen\u0163\u0103 de 200 de litri de benzin\u0103. \u00cen momentul \u00een care a sosit la locul unde se ascundea Hitler, Gunsche i-a spus c\u0103 acesta s-a \u00eempu\u015fcat, iar iubita lui, Eva Brown, a murit otr\u0103vit\u0103.<\/p>\n<p>Atunci a aflat Kempka \u015fi pentru ce anume trebuise s\u0103 fac\u0103 rost de at\u00e2\u0163ia litri de benzin\u0103. Hitler ceruse c\u0103 trupul sau s\u0103 fie ars \u00een cazul \u00een care va muri, pentru a nu ajunge s\u0103 fie expus publicului &#8222;precum Lenin&#8221;. Cele dou\u0103 cadavre au fost scoase la suprafa\u0163\u0103 \u015fi acoperite cu benzin\u0103, iar Kempka \u00eensu\u015fi a aprins o c\u00e2rp\u0103<em> &#8222;cu un chibrit pe care i l-am cerut lui Goebbels&#8221;<\/em> \u015fi le-a incendiat. R\u0103m\u0103\u015fi\u0163ele lor ar fi fost apoi \u00eengropate rapid \u00een apropierea bunc\u0103rului.<\/p>\n<p>Erich Kempka s-a n\u0103scut \u00een 1910 dintr-o familie care provenea din imigran\u0163i polonezi. A ajuns s\u0103 fie \u015foferul lui Hitler la dou\u0103zeci de ani. Dup\u0103 terminarea r\u0103zboiului s-a predat for\u0163elor aliate \u015fi a fost \u00eencarcerat \u00een \u00eenchisoarea de la Berchtesgaden de unde a fost eliberat \u00een 1947.<\/p>\n<p><strong><em>Sursa: <\/em>www.ziare.com<\/strong><\/p>\n","protected":false},"excerpt":{"rendered":"<p>Ultimul \u015fofer al lui Hitler, Erich Kempka, poveste\u015fte cu lux de am\u0103nunte cum a fost incendiat cadavrul fostului dictator dup\u0103 ce acesta s-a sinucis, \u00een \u00eencercarea de a spulbera astfel toate legendele legate de supravie\u0163uirea lui dup\u0103 r\u0103zboi. Kempka \u00ee\u015fi &#8230; <\/p>\n<p class=\"read-more-container\"><a title=\"Chiar dac\u0103 unii cred c\u0103 Hitler nu s-a sinucis \u00een 1945, totu\u015fi el a murit atunci! O confirm\u0103 \u015foferul s\u0103u\" class=\"read-more button\" href=\"https:\/\/www.lovendal.ro\/wp52\/chiar-daca-unii-cred-ca-hitler-nu-s-a-sinucis-in-1945-totusi-el-a-murit-atunci-o-confirma-soferul-sau\/#more-10770\" aria-label=\"Cite\u0219te mai multe despre Chiar dac\u0103 unii cred c\u0103 Hitler nu s-a sinucis \u00een 1945, totu\u015fi el a murit atunci! O confirm\u0103 \u015foferul s\u0103u\">Cititi mai multe<\/a><\/p>\n","protected":false},"author":1,"featured_media":10771,"comment_status":"open","ping_status":"closed","sticky":false,"template":"","format":"standard","meta":{"footnotes":""},"categories":[9],"tags":[1050,85,1532,461,681,2880],"class_list":["post-10770","post","type-post","status-publish","format-standard","has-post-thumbnail","hentry","category-istorie","tag-cel-de-al-2-lea-razboi-mondial","tag-hitler","tag-istorie-si-civilizatii","tag-nazism","tag-sinucidere","tag-sofer","resize-featured-image"],"yoast_head":"<!-- This site is optimized with the Yoast SEO Premium plugin v23.3 (Yoast SEO v27.4) - https:\/\/yoast.com\/product\/yoast-seo-premium-wordpress\/ -->\n<title>Chiar dac\u0103 unii cred c\u0103 Hitler nu s-a sinucis \u00een 1945, totu\u015fi el a murit atunci! O confirm\u0103 \u015foferul s\u0103u - Secretele lui Lovendal<\/title>\n<meta name=\"robots\" content=\"index, follow, max-snippet:-1, max-image-preview:large, max-video-preview:-1\" \/>\n<link rel=\"canonical\" href=\"https:\/\/www.lovendal.ro\/wp52\/chiar-daca-unii-cred-ca-hitler-nu-s-a-sinucis-in-1945-totusi-el-a-murit-atunci-o-confirma-soferul-sau\/\" \/>\n<meta property=\"og:locale\" content=\"ro_RO\" \/>\n<meta property=\"og:type\" content=\"article\" \/>\n<meta property=\"og:title\" content=\"Chiar dac\u0103 unii cred c\u0103 Hitler nu s-a sinucis \u00een 1945, totu\u015fi el a murit atunci! O confirm\u0103 \u015foferul s\u0103u\" \/>\n<meta property=\"og:description\" content=\"Ultimul \u015fofer al lui Hitler, Erich Kempka, poveste\u015fte cu lux de am\u0103nunte cum a fost incendiat cadavrul fostului dictator dup\u0103 ce acesta s-a sinucis, \u00een \u00eencercarea de a spulbera astfel toate legendele legate de supravie\u0163uirea lui dup\u0103 r\u0103zboi. Kempka \u00ee\u015fi ... Cititi mai multe\" \/>\n<meta property=\"og:url\" content=\"https:\/\/www.lovendal.ro\/wp52\/chiar-daca-unii-cred-ca-hitler-nu-s-a-sinucis-in-1945-totusi-el-a-murit-atunci-o-confirma-soferul-sau\/\" \/>\n<meta property=\"og:site_name\" content=\"Secretele lui Lovendal\" \/>\n<meta property=\"article:publisher\" content=\"https:\/\/www.facebook.com\/secreteleluilovendal\" \/>\n<meta property=\"article:published_time\" content=\"2010-01-26T13:42:10+00:00\" \/>\n<meta property=\"og:image\" content=\"https:\/\/www.lovendal.ro\/wp52\/wp-content\/uploads\/2010\/01\/Kempka.jpg\" \/>\n\t<meta property=\"og:image:width\" content=\"268\" \/>\n\t<meta property=\"og:image:height\" content=\"190\" \/>\n\t<meta property=\"og:image:type\" content=\"image\/jpeg\" \/>\n<meta name=\"author\" content=\"admin\" \/>\n<meta name=\"twitter:card\" content=\"summary_large_image\" \/>\n<meta name=\"twitter:label1\" content=\"Scris de\" \/>\n\t<meta name=\"twitter:data1\" content=\"admin\" \/>\n\t<meta name=\"twitter:label2\" content=\"Timp estimat pentru citire\" \/>\n\t<meta name=\"twitter:data2\" content=\"1 minut\" \/>\n<script type=\"application\/ld+json\" class=\"yoast-schema-graph\">{\"@context\":\"https:\\\/\\\/schema.org\",\"@graph\":[{\"@type\":\"Article\",\"@id\":\"https:\\\/\\\/www.lovendal.ro\\\/wp52\\\/chiar-daca-unii-cred-ca-hitler-nu-s-a-sinucis-in-1945-totusi-el-a-murit-atunci-o-confirma-soferul-sau\\\/#article\",\"isPartOf\":{\"@id\":\"https:\\\/\\\/www.lovendal.ro\\\/wp52\\\/chiar-daca-unii-cred-ca-hitler-nu-s-a-sinucis-in-1945-totusi-el-a-murit-atunci-o-confirma-soferul-sau\\\/\"},\"author\":{\"name\":\"admin\",\"@id\":\"https:\\\/\\\/www.lovendal.ro\\\/wp52\\\/#\\\/schema\\\/person\\\/088691de5dfc346bb0c023e1e52ef5d9\"},\"headline\":\"Chiar dac\u0103 unii cred c\u0103 Hitler nu s-a sinucis \u00een 1945, totu\u015fi el a murit atunci! O confirm\u0103 \u015foferul s\u0103u\",\"datePublished\":\"2010-01-26T13:42:10+00:00\",\"mainEntityOfPage\":{\"@id\":\"https:\\\/\\\/www.lovendal.ro\\\/wp52\\\/chiar-daca-unii-cred-ca-hitler-nu-s-a-sinucis-in-1945-totusi-el-a-murit-atunci-o-confirma-soferul-sau\\\/\"},\"wordCount\":317,\"commentCount\":6,\"publisher\":{\"@id\":\"https:\\\/\\\/www.lovendal.ro\\\/wp52\\\/#organization\"},\"image\":{\"@id\":\"https:\\\/\\\/www.lovendal.ro\\\/wp52\\\/chiar-daca-unii-cred-ca-hitler-nu-s-a-sinucis-in-1945-totusi-el-a-murit-atunci-o-confirma-soferul-sau\\\/#primaryimage\"},\"thumbnailUrl\":\"https:\\\/\\\/www.lovendal.ro\\\/wp52\\\/wp-content\\\/uploads\\\/2010\\\/01\\\/Kempka.jpg\",\"keywords\":[\"cel de-al 2-lea r\u0103zboi mondial\",\"Hitler\",\"Istorie si Civilizatii\",\"nazism\",\"sinucidere\",\"\u015fofer\"],\"articleSection\":[\"Istorie si Civilizatii\"],\"inLanguage\":\"ro-RO\",\"potentialAction\":[{\"@type\":\"CommentAction\",\"name\":\"Comment\",\"target\":[\"https:\\\/\\\/www.lovendal.ro\\\/wp52\\\/chiar-daca-unii-cred-ca-hitler-nu-s-a-sinucis-in-1945-totusi-el-a-murit-atunci-o-confirma-soferul-sau\\\/#respond\"]}]},{\"@type\":\"WebPage\",\"@id\":\"https:\\\/\\\/www.lovendal.ro\\\/wp52\\\/chiar-daca-unii-cred-ca-hitler-nu-s-a-sinucis-in-1945-totusi-el-a-murit-atunci-o-confirma-soferul-sau\\\/\",\"url\":\"https:\\\/\\\/www.lovendal.ro\\\/wp52\\\/chiar-daca-unii-cred-ca-hitler-nu-s-a-sinucis-in-1945-totusi-el-a-murit-atunci-o-confirma-soferul-sau\\\/\",\"name\":\"Chiar dac\u0103 unii cred c\u0103 Hitler nu s-a sinucis \u00een 1945, totu\u015fi el a murit atunci! O confirm\u0103 \u015foferul s\u0103u - Secretele lui Lovendal\",\"isPartOf\":{\"@id\":\"https:\\\/\\\/www.lovendal.ro\\\/wp52\\\/#website\"},\"primaryImageOfPage\":{\"@id\":\"https:\\\/\\\/www.lovendal.ro\\\/wp52\\\/chiar-daca-unii-cred-ca-hitler-nu-s-a-sinucis-in-1945-totusi-el-a-murit-atunci-o-confirma-soferul-sau\\\/#primaryimage\"},\"image\":{\"@id\":\"https:\\\/\\\/www.lovendal.ro\\\/wp52\\\/chiar-daca-unii-cred-ca-hitler-nu-s-a-sinucis-in-1945-totusi-el-a-murit-atunci-o-confirma-soferul-sau\\\/#primaryimage\"},\"thumbnailUrl\":\"https:\\\/\\\/www.lovendal.ro\\\/wp52\\\/wp-content\\\/uploads\\\/2010\\\/01\\\/Kempka.jpg\",\"datePublished\":\"2010-01-26T13:42:10+00:00\",\"breadcrumb\":{\"@id\":\"https:\\\/\\\/www.lovendal.ro\\\/wp52\\\/chiar-daca-unii-cred-ca-hitler-nu-s-a-sinucis-in-1945-totusi-el-a-murit-atunci-o-confirma-soferul-sau\\\/#breadcrumb\"},\"inLanguage\":\"ro-RO\",\"potentialAction\":[{\"@type\":\"ReadAction\",\"target\":[\"https:\\\/\\\/www.lovendal.ro\\\/wp52\\\/chiar-daca-unii-cred-ca-hitler-nu-s-a-sinucis-in-1945-totusi-el-a-murit-atunci-o-confirma-soferul-sau\\\/\"]}]},{\"@type\":\"ImageObject\",\"inLanguage\":\"ro-RO\",\"@id\":\"https:\\\/\\\/www.lovendal.ro\\\/wp52\\\/chiar-daca-unii-cred-ca-hitler-nu-s-a-sinucis-in-1945-totusi-el-a-murit-atunci-o-confirma-soferul-sau\\\/#primaryimage\",\"url\":\"https:\\\/\\\/www.lovendal.ro\\\/wp52\\\/wp-content\\\/uploads\\\/2010\\\/01\\\/Kempka.jpg\",\"contentUrl\":\"https:\\\/\\\/www.lovendal.ro\\\/wp52\\\/wp-content\\\/uploads\\\/2010\\\/01\\\/Kempka.jpg\",\"width\":\"268\",\"height\":\"190\"},{\"@type\":\"BreadcrumbList\",\"@id\":\"https:\\\/\\\/www.lovendal.ro\\\/wp52\\\/chiar-daca-unii-cred-ca-hitler-nu-s-a-sinucis-in-1945-totusi-el-a-murit-atunci-o-confirma-soferul-sau\\\/#breadcrumb\",\"itemListElement\":[{\"@type\":\"ListItem\",\"position\":1,\"name\":\"Home\",\"item\":\"https:\\\/\\\/www.lovendal.ro\\\/wp52\\\/\"},{\"@type\":\"ListItem\",\"position\":2,\"name\":\"Chiar dac\u0103 unii cred c\u0103 Hitler nu s-a sinucis \u00een 1945, totu\u015fi el a murit atunci! O confirm\u0103 \u015foferul s\u0103u\"}]},{\"@type\":\"WebSite\",\"@id\":\"https:\\\/\\\/www.lovendal.ro\\\/wp52\\\/#website\",\"url\":\"https:\\\/\\\/www.lovendal.ro\\\/wp52\\\/\",\"name\":\"Secretele lui Lovendal\",\"description\":\"Site de secrete, stiinta si metafizica - din 2008 -\",\"publisher\":{\"@id\":\"https:\\\/\\\/www.lovendal.ro\\\/wp52\\\/#organization\"},\"potentialAction\":[{\"@type\":\"SearchAction\",\"target\":{\"@type\":\"EntryPoint\",\"urlTemplate\":\"https:\\\/\\\/www.lovendal.ro\\\/wp52\\\/?s={search_term_string}\"},\"query-input\":{\"@type\":\"PropertyValueSpecification\",\"valueRequired\":true,\"valueName\":\"search_term_string\"}}],\"inLanguage\":\"ro-RO\"},{\"@type\":\"Organization\",\"@id\":\"https:\\\/\\\/www.lovendal.ro\\\/wp52\\\/#organization\",\"name\":\"Secretele lui Lovendal\",\"url\":\"https:\\\/\\\/www.lovendal.ro\\\/wp52\\\/\",\"logo\":{\"@type\":\"ImageObject\",\"inLanguage\":\"ro-RO\",\"@id\":\"https:\\\/\\\/www.lovendal.ro\\\/wp52\\\/#\\\/schema\\\/logo\\\/image\\\/\",\"url\":\"https:\\\/\\\/www.lovendal.ro\\\/wp52\\\/wp-content\\\/uploads\\\/2024\\\/06\\\/cropped-SLL-iun-2024-1.jpg\",\"contentUrl\":\"https:\\\/\\\/www.lovendal.ro\\\/wp52\\\/wp-content\\\/uploads\\\/2024\\\/06\\\/cropped-SLL-iun-2024-1.jpg\",\"width\":771,\"height\":240,\"caption\":\"Secretele lui Lovendal\"},\"image\":{\"@id\":\"https:\\\/\\\/www.lovendal.ro\\\/wp52\\\/#\\\/schema\\\/logo\\\/image\\\/\"},\"sameAs\":[\"https:\\\/\\\/www.facebook.com\\\/secreteleluilovendal\"]},{\"@type\":\"Person\",\"@id\":\"https:\\\/\\\/www.lovendal.ro\\\/wp52\\\/#\\\/schema\\\/person\\\/088691de5dfc346bb0c023e1e52ef5d9\",\"name\":\"admin\",\"image\":{\"@type\":\"ImageObject\",\"inLanguage\":\"ro-RO\",\"@id\":\"https:\\\/\\\/secure.gravatar.com\\\/avatar\\\/ecb9cd41f5f63c9c9b989999a59f6e2639a865ec361e9db054db0679a8f341c2?s=96&d=mm&r=g\",\"url\":\"https:\\\/\\\/secure.gravatar.com\\\/avatar\\\/ecb9cd41f5f63c9c9b989999a59f6e2639a865ec361e9db054db0679a8f341c2?s=96&d=mm&r=g\",\"contentUrl\":\"https:\\\/\\\/secure.gravatar.com\\\/avatar\\\/ecb9cd41f5f63c9c9b989999a59f6e2639a865ec361e9db054db0679a8f341c2?s=96&d=mm&r=g\",\"caption\":\"admin\"},\"sameAs\":[\"https:\\\/\\\/www.lovendal.ro\\\/wp52\"]}]}<\/script>\n<!-- \/ Yoast SEO Premium plugin. -->","yoast_head_json":{"title":"Chiar dac\u0103 unii cred c\u0103 Hitler nu s-a sinucis \u00een 1945, totu\u015fi el a murit atunci! O confirm\u0103 \u015foferul s\u0103u - Secretele lui Lovendal","robots":{"index":"index","follow":"follow","max-snippet":"max-snippet:-1","max-image-preview":"max-image-preview:large","max-video-preview":"max-video-preview:-1"},"canonical":"https:\/\/www.lovendal.ro\/wp52\/chiar-daca-unii-cred-ca-hitler-nu-s-a-sinucis-in-1945-totusi-el-a-murit-atunci-o-confirma-soferul-sau\/","og_locale":"ro_RO","og_type":"article","og_title":"Chiar dac\u0103 unii cred c\u0103 Hitler nu s-a sinucis \u00een 1945, totu\u015fi el a murit atunci! O confirm\u0103 \u015foferul s\u0103u","og_description":"Ultimul \u015fofer al lui Hitler, Erich Kempka, poveste\u015fte cu lux de am\u0103nunte cum a fost incendiat cadavrul fostului dictator dup\u0103 ce acesta s-a sinucis, \u00een \u00eencercarea de a spulbera astfel toate legendele legate de supravie\u0163uirea lui dup\u0103 r\u0103zboi. Kempka \u00ee\u015fi ... Cititi mai multe","og_url":"https:\/\/www.lovendal.ro\/wp52\/chiar-daca-unii-cred-ca-hitler-nu-s-a-sinucis-in-1945-totusi-el-a-murit-atunci-o-confirma-soferul-sau\/","og_site_name":"Secretele lui Lovendal","article_publisher":"https:\/\/www.facebook.com\/secreteleluilovendal","article_published_time":"2010-01-26T13:42:10+00:00","og_image":[{"width":268,"height":190,"url":"https:\/\/www.lovendal.ro\/wp52\/wp-content\/uploads\/2010\/01\/Kempka.jpg","type":"image\/jpeg"}],"author":"admin","twitter_card":"summary_large_image","twitter_misc":{"Scris de":"admin","Timp estimat pentru citire":"1 minut"},"schema":{"@context":"https:\/\/schema.org","@graph":[{"@type":"Article","@id":"https:\/\/www.lovendal.ro\/wp52\/chiar-daca-unii-cred-ca-hitler-nu-s-a-sinucis-in-1945-totusi-el-a-murit-atunci-o-confirma-soferul-sau\/#article","isPartOf":{"@id":"https:\/\/www.lovendal.ro\/wp52\/chiar-daca-unii-cred-ca-hitler-nu-s-a-sinucis-in-1945-totusi-el-a-murit-atunci-o-confirma-soferul-sau\/"},"author":{"name":"admin","@id":"https:\/\/www.lovendal.ro\/wp52\/#\/schema\/person\/088691de5dfc346bb0c023e1e52ef5d9"},"headline":"Chiar dac\u0103 unii cred c\u0103 Hitler nu s-a sinucis \u00een 1945, totu\u015fi el a murit atunci! O confirm\u0103 \u015foferul s\u0103u","datePublished":"2010-01-26T13:42:10+00:00","mainEntityOfPage":{"@id":"https:\/\/www.lovendal.ro\/wp52\/chiar-daca-unii-cred-ca-hitler-nu-s-a-sinucis-in-1945-totusi-el-a-murit-atunci-o-confirma-soferul-sau\/"},"wordCount":317,"commentCount":6,"publisher":{"@id":"https:\/\/www.lovendal.ro\/wp52\/#organization"},"image":{"@id":"https:\/\/www.lovendal.ro\/wp52\/chiar-daca-unii-cred-ca-hitler-nu-s-a-sinucis-in-1945-totusi-el-a-murit-atunci-o-confirma-soferul-sau\/#primaryimage"},"thumbnailUrl":"https:\/\/www.lovendal.ro\/wp52\/wp-content\/uploads\/2010\/01\/Kempka.jpg","keywords":["cel de-al 2-lea r\u0103zboi mondial","Hitler","Istorie si Civilizatii","nazism","sinucidere","\u015fofer"],"articleSection":["Istorie si Civilizatii"],"inLanguage":"ro-RO","potentialAction":[{"@type":"CommentAction","name":"Comment","target":["https:\/\/www.lovendal.ro\/wp52\/chiar-daca-unii-cred-ca-hitler-nu-s-a-sinucis-in-1945-totusi-el-a-murit-atunci-o-confirma-soferul-sau\/#respond"]}]},{"@type":"WebPage","@id":"https:\/\/www.lovendal.ro\/wp52\/chiar-daca-unii-cred-ca-hitler-nu-s-a-sinucis-in-1945-totusi-el-a-murit-atunci-o-confirma-soferul-sau\/","url":"https:\/\/www.lovendal.ro\/wp52\/chiar-daca-unii-cred-ca-hitler-nu-s-a-sinucis-in-1945-totusi-el-a-murit-atunci-o-confirma-soferul-sau\/","name":"Chiar dac\u0103 unii cred c\u0103 Hitler nu s-a sinucis \u00een 1945, totu\u015fi el a murit atunci! O confirm\u0103 \u015foferul s\u0103u - Secretele lui Lovendal","isPartOf":{"@id":"https:\/\/www.lovendal.ro\/wp52\/#website"},"primaryImageOfPage":{"@id":"https:\/\/www.lovendal.ro\/wp52\/chiar-daca-unii-cred-ca-hitler-nu-s-a-sinucis-in-1945-totusi-el-a-murit-atunci-o-confirma-soferul-sau\/#primaryimage"},"image":{"@id":"https:\/\/www.lovendal.ro\/wp52\/chiar-daca-unii-cred-ca-hitler-nu-s-a-sinucis-in-1945-totusi-el-a-murit-atunci-o-confirma-soferul-sau\/#primaryimage"},"thumbnailUrl":"https:\/\/www.lovendal.ro\/wp52\/wp-content\/uploads\/2010\/01\/Kempka.jpg","datePublished":"2010-01-26T13:42:10+00:00","breadcrumb":{"@id":"https:\/\/www.lovendal.ro\/wp52\/chiar-daca-unii-cred-ca-hitler-nu-s-a-sinucis-in-1945-totusi-el-a-murit-atunci-o-confirma-soferul-sau\/#breadcrumb"},"inLanguage":"ro-RO","potentialAction":[{"@type":"ReadAction","target":["https:\/\/www.lovendal.ro\/wp52\/chiar-daca-unii-cred-ca-hitler-nu-s-a-sinucis-in-1945-totusi-el-a-murit-atunci-o-confirma-soferul-sau\/"]}]},{"@type":"ImageObject","inLanguage":"ro-RO","@id":"https:\/\/www.lovendal.ro\/wp52\/chiar-daca-unii-cred-ca-hitler-nu-s-a-sinucis-in-1945-totusi-el-a-murit-atunci-o-confirma-soferul-sau\/#primaryimage","url":"https:\/\/www.lovendal.ro\/wp52\/wp-content\/uploads\/2010\/01\/Kempka.jpg","contentUrl":"https:\/\/www.lovendal.ro\/wp52\/wp-content\/uploads\/2010\/01\/Kempka.jpg","width":"268","height":"190"},{"@type":"BreadcrumbList","@id":"https:\/\/www.lovendal.ro\/wp52\/chiar-daca-unii-cred-ca-hitler-nu-s-a-sinucis-in-1945-totusi-el-a-murit-atunci-o-confirma-soferul-sau\/#breadcrumb","itemListElement":[{"@type":"ListItem","position":1,"name":"Home","item":"https:\/\/www.lovendal.ro\/wp52\/"},{"@type":"ListItem","position":2,"name":"Chiar dac\u0103 unii cred c\u0103 Hitler nu s-a sinucis \u00een 1945, totu\u015fi el a murit atunci! O confirm\u0103 \u015foferul s\u0103u"}]},{"@type":"WebSite","@id":"https:\/\/www.lovendal.ro\/wp52\/#website","url":"https:\/\/www.lovendal.ro\/wp52\/","name":"Secretele lui Lovendal","description":"Site de secrete, stiinta si metafizica - din 2008 -","publisher":{"@id":"https:\/\/www.lovendal.ro\/wp52\/#organization"},"potentialAction":[{"@type":"SearchAction","target":{"@type":"EntryPoint","urlTemplate":"https:\/\/www.lovendal.ro\/wp52\/?s={search_term_string}"},"query-input":{"@type":"PropertyValueSpecification","valueRequired":true,"valueName":"search_term_string"}}],"inLanguage":"ro-RO"},{"@type":"Organization","@id":"https:\/\/www.lovendal.ro\/wp52\/#organization","name":"Secretele lui Lovendal","url":"https:\/\/www.lovendal.ro\/wp52\/","logo":{"@type":"ImageObject","inLanguage":"ro-RO","@id":"https:\/\/www.lovendal.ro\/wp52\/#\/schema\/logo\/image\/","url":"https:\/\/www.lovendal.ro\/wp52\/wp-content\/uploads\/2024\/06\/cropped-SLL-iun-2024-1.jpg","contentUrl":"https:\/\/www.lovendal.ro\/wp52\/wp-content\/uploads\/2024\/06\/cropped-SLL-iun-2024-1.jpg","width":771,"height":240,"caption":"Secretele lui Lovendal"},"image":{"@id":"https:\/\/www.lovendal.ro\/wp52\/#\/schema\/logo\/image\/"},"sameAs":["https:\/\/www.facebook.com\/secreteleluilovendal"]},{"@type":"Person","@id":"https:\/\/www.lovendal.ro\/wp52\/#\/schema\/person\/088691de5dfc346bb0c023e1e52ef5d9","name":"admin","image":{"@type":"ImageObject","inLanguage":"ro-RO","@id":"https:\/\/secure.gravatar.com\/avatar\/ecb9cd41f5f63c9c9b989999a59f6e2639a865ec361e9db054db0679a8f341c2?s=96&d=mm&r=g","url":"https:\/\/secure.gravatar.com\/avatar\/ecb9cd41f5f63c9c9b989999a59f6e2639a865ec361e9db054db0679a8f341c2?s=96&d=mm&r=g","contentUrl":"https:\/\/secure.gravatar.com\/avatar\/ecb9cd41f5f63c9c9b989999a59f6e2639a865ec361e9db054db0679a8f341c2?s=96&d=mm&r=g","caption":"admin"},"sameAs":["https:\/\/www.lovendal.ro\/wp52"]}]}},"_links":{"self":[{"href":"https:\/\/www.lovendal.ro\/wp52\/wp-json\/wp\/v2\/posts\/10770","targetHints":{"allow":["GET"]}}],"collection":[{"href":"https:\/\/www.lovendal.ro\/wp52\/wp-json\/wp\/v2\/posts"}],"about":[{"href":"https:\/\/www.lovendal.ro\/wp52\/wp-json\/wp\/v2\/types\/post"}],"author":[{"embeddable":true,"href":"https:\/\/www.lovendal.ro\/wp52\/wp-json\/wp\/v2\/users\/1"}],"replies":[{"embeddable":true,"href":"https:\/\/www.lovendal.ro\/wp52\/wp-json\/wp\/v2\/comments?post=10770"}],"version-history":[{"count":0,"href":"https:\/\/www.lovendal.ro\/wp52\/wp-json\/wp\/v2\/posts\/10770\/revisions"}],"wp:featuredmedia":[{"embeddable":true,"href":"https:\/\/www.lovendal.ro\/wp52\/wp-json\/wp\/v2\/media\/10771"}],"wp:attachment":[{"href":"https:\/\/www.lovendal.ro\/wp52\/wp-json\/wp\/v2\/media?parent=10770"}],"wp:term":[{"taxonomy":"category","embeddable":true,"href":"https:\/\/www.lovendal.ro\/wp52\/wp-json\/wp\/v2\/categories?post=10770"},{"taxonomy":"post_tag","embeddable":true,"href":"https:\/\/www.lovendal.ro\/wp52\/wp-json\/wp\/v2\/tags?post=10770"}],"curies":[{"name":"wp","href":"https:\/\/api.w.org\/{rel}","templated":true}]}}