{"id":103324,"date":"2026-09-06T10:16:45","date_gmt":"2026-09-06T07:16:45","guid":{"rendered":"https:\/\/www.lovendal.ro\/wp52\/?p=103324"},"modified":"2026-09-06T10:16:45","modified_gmt":"2026-09-06T07:16:45","slug":"de-mii-de-ani-ne-intrebam-unde-ne-duce-dumnezeu-dupa-moarte-dar-daca-nu-e-vorba-de-iad-sau-rai-unele-civilizatii-vorbesc-de-un-loc-straniu-aflat-intre-cele-doua","status":"publish","type":"post","link":"https:\/\/www.lovendal.ro\/wp52\/de-mii-de-ani-ne-intrebam-unde-ne-duce-dumnezeu-dupa-moarte-dar-daca-nu-e-vorba-de-iad-sau-rai-unele-civilizatii-vorbesc-de-un-loc-straniu-aflat-intre-cele-doua\/","title":{"rendered":"De mii de ani, ne \u00eentreb\u0103m unde ne duce Dumnezeu dup\u0103 moarte. Dar dac\u0103 nu e vorba de iad sau rai? Unele civiliza\u0163ii vorbesc de un loc straniu, aflat \u00eentre cele dou\u0103"},"content":{"rendered":"<figure id=\"attachment_103325\" aria-describedby=\"caption-attachment-103325\" style=\"width: 365px\" class=\"wp-caption alignleft\"><a href=\"https:\/\/www.lovendal.ro\/wp52\/wp-content\/uploads\/2026\/09\/oras-aflat-dupa-moarte.jpg\"><img loading=\"lazy\" decoding=\"async\" class=\"size-full wp-image-103325\" src=\"https:\/\/www.lovendal.ro\/wp52\/wp-content\/uploads\/2026\/09\/oras-aflat-dupa-moarte.jpg\" alt=\"\" width=\"375\" height=\"212\" srcset=\"https:\/\/www.lovendal.ro\/wp52\/wp-content\/uploads\/2026\/09\/oras-aflat-dupa-moarte.jpg 375w, https:\/\/www.lovendal.ro\/wp52\/wp-content\/uploads\/2026\/09\/oras-aflat-dupa-moarte-300x170.jpg 300w\" sizes=\"auto, (max-width: 375px) 100vw, 375px\" \/><\/a><figcaption id=\"caption-attachment-103325\" class=\"wp-caption-text\"><strong>Imagine:<\/strong> generata de <strong>Google Gemini<\/strong><\/figcaption><\/figure>\n<p>Dup\u0103 moarte, se crede c\u0103 pentru om exist\u0103 doar dou\u0103 destina\u021bii: <strong>raiul<\/strong> sau <strong>iadul<\/strong>. Dar cele mai vechi civiliza\u021bii ale lumii au descris altceva. Un loc prin care fiecare suflet trebuie s\u0103 treac\u0103 mai \u00eent\u00e2i.<\/p>\n<p>\u00cen vechime, moartea era rareori considerat\u0103 o sosire; era o c\u0103l\u0103torie. Grecii credeau c\u0103 un r\u00e2u \u00eei separau pe cei vii de cei mor\u021bi. Egiptenii vorbeau despre faptul c\u0103 cei mor\u0163i intrau \u00een <em>duat<\/em>, unde fiecare suflet se confrunta cu judecata. Catolicii cred \u00een <em>purgatoriu<\/em>, \u00eenainte de a intra \u00een rai. Islamul descrie un t\u0103r\u00e2m aflat \u00eentre moarte \u0219i judecat\u0103. Budismul o nume\u0219te <em>bo<\/em>, o trecere \u00eenainte de rena\u0219tere. Religii diferite, civiliza\u021bii diferite, dar niciuna nu vorbe\u015fte c\u0103 dup\u0103 moarte omul ajunge \u00een rai sau iad. Dup\u0103 moarte, grecii vorbesc c\u0103 cei mor\u0163i traverseaz\u0103 r\u00e2urile; japonezii &#8211; r\u00e2ul <em>Sanzu<\/em>, vikingii &#8211; <em>Berist<\/em>, iar chinezii &#8211; <em>podul Nihei<\/em>. Diferite travers\u0103ri, aceea\u0219i credin\u021b\u0103. Concluzia: fiecare suflet, dup\u0103 moarte, trebuie s\u0103 traverseze ceva.<\/p>\n<p>Un detaliu apare aproape \u00een toate credin\u0163ele. C\u0103l\u0103toria dup\u0103 moarte nu este niciodat\u0103 f\u0103cut\u0103 singur. Ghizi diferi\u0163i &#8211; <em>Karen, Anubis, Valkyrie<\/em>\u00a0&#8211; \u00eenso\u0163esc sufletul care p\u0103r\u0103sesc o lume pentru alta. Nicio civiliza\u021bie nu se a\u0219tepta ca un suflet s\u0103-\u015fi g\u0103seasc\u0103 drumul singur.<\/p>\n<p>Timp de secole, aceste vechi credin\u0163e au fost respinse de c\u0103tre unii ca fiind mitologie, legende, pove\u0219ti create pentru a explica necunoscutul. P\u00e2n\u0103 c\u00e2nd s-a \u00eent\u00e2mplat ceva nea\u0219teptat: oamenii care au avut experien\u0163e din apropierea mor\u0163ii au \u00eenceput s\u0103 vorbeasc\u0103 despre ceva asem\u0103n\u0103tor. Ei au descris c\u0103 au v\u0103zut, \u00eenainte de revenirea la moarte, un drum, o trecere, o poart\u0103, un loc de a\u0219teptare. Unii cercet\u0103tori atribuie aceste viziuni schimb\u0103rilor \u00een activitatea cerebral\u0103. Al\u021bii sus\u021bin c\u0103 dovezile r\u0103m\u00e2n neconcludente.<\/p>\n<p>Interesant e faptul c\u0103 unii oameni care s-au \u00eentors de la &#8222;marginea mor\u021bii&#8221; descriu c\u0103 au v\u0103zut \u00een lumea de dincolo str\u0103zi largi, o lumin\u0103 str\u0103lucitoare \u015fi chiar ora\u0219e \u00eentregi. Iar toate aceste relat\u0103ri dezv\u0103luie un model: foarte pu\u021bine \u00eencep \u00een rai\/iad, iar majoritatea \u00eencep \u00een alt\u0103 parte. Poate c\u0103 ele descriu locul prin care trece fiecare suflet mai \u00eent\u00e2i.<\/p>\n<p>Poate c\u0103 cel mai mare mister nu a fost niciodat\u0103 raiul sau iadul. A fost un loc special care ne a\u015fteapt\u0103 dup\u0103 moarte \u015fi pe care omenirea nu l-a uitat niciodat\u0103.<\/p>\n","protected":false},"excerpt":{"rendered":"<p>Dup\u0103 moarte, se crede c\u0103 pentru om exist\u0103 doar dou\u0103 destina\u021bii: raiul sau iadul. Dar cele mai vechi civiliza\u021bii ale lumii au descris altceva. Un loc prin care fiecare suflet trebuie s\u0103 treac\u0103 mai \u00eent\u00e2i. \u00cen vechime, moartea era rareori &#8230; <\/p>\n<p class=\"read-more-container\"><a title=\"De mii de ani, ne \u00eentreb\u0103m unde ne duce Dumnezeu dup\u0103 moarte. Dar dac\u0103 nu e vorba de iad sau rai? Unele civiliza\u0163ii vorbesc de un loc straniu, aflat \u00eentre cele dou\u0103\" class=\"read-more button\" href=\"https:\/\/www.lovendal.ro\/wp52\/de-mii-de-ani-ne-intrebam-unde-ne-duce-dumnezeu-dupa-moarte-dar-daca-nu-e-vorba-de-iad-sau-rai-unele-civilizatii-vorbesc-de-un-loc-straniu-aflat-intre-cele-doua\/#more-103324\" aria-label=\"Cite\u0219te mai multe despre De mii de ani, ne \u00eentreb\u0103m unde ne duce Dumnezeu dup\u0103 moarte. Dar dac\u0103 nu e vorba de iad sau rai? Unele civiliza\u0163ii vorbesc de un loc straniu, aflat \u00eentre cele dou\u0103\">Cititi mai multe<\/a><\/p>\n","protected":false},"author":1,"featured_media":103325,"comment_status":"closed","ping_status":"closed","sticky":false,"template":"","format":"standard","meta":{"footnotes":""},"categories":[475],"tags":[5484,518,254,11,1027,358,230,323,1167,3160,6468,1923,9787,92,1081,108,57,151,267,3042,427,16270,1676,5952],"class_list":["post-103324","post","type-post","status-publish","format-standard","has-post-thumbnail","hentry","category-conspiratii-mistere","tag-anubis","tag-budism","tag-catolicism","tag-chinezi","tag-civilizatie","tag-conspiratii-si-mistere","tag-creier","tag-dumnezeu","tag-egipteni","tag-experiente-din-apropierea-mortii","tag-greci","tag-iad","tag-japonezi","tag-legende","tag-mitologie","tag-moarte","tag-oameni","tag-oras","tag-purgatoriu","tag-rau","tag-religie","tag-strazi","tag-suflet","tag-valkyrie","resize-featured-image"],"yoast_head":"<!-- This site is optimized with the Yoast SEO Premium plugin v23.3 (Yoast SEO v27.4) - https:\/\/yoast.com\/product\/yoast-seo-premium-wordpress\/ -->\n<title>De mii de ani, ne \u00eentreb\u0103m unde ne duce Dumnezeu dup\u0103 moarte. Dar dac\u0103 nu e vorba de iad sau rai? Unele civiliza\u0163ii vorbesc de un loc straniu, aflat \u00eentre cele dou\u0103 - Secretele lui Lovendal<\/title>\n<meta name=\"robots\" content=\"index, follow, max-snippet:-1, max-image-preview:large, max-video-preview:-1\" \/>\n<link rel=\"canonical\" href=\"https:\/\/www.lovendal.ro\/wp52\/de-mii-de-ani-ne-intrebam-unde-ne-duce-dumnezeu-dupa-moarte-dar-daca-nu-e-vorba-de-iad-sau-rai-unele-civilizatii-vorbesc-de-un-loc-straniu-aflat-intre-cele-doua\/\" \/>\n<meta property=\"og:locale\" content=\"ro_RO\" \/>\n<meta property=\"og:type\" content=\"article\" \/>\n<meta property=\"og:title\" content=\"De mii de ani, ne \u00eentreb\u0103m unde ne duce Dumnezeu dup\u0103 moarte. Dar dac\u0103 nu e vorba de iad sau rai? Unele civiliza\u0163ii vorbesc de un loc straniu, aflat \u00eentre cele dou\u0103\" \/>\n<meta property=\"og:description\" content=\"Dup\u0103 moarte, se crede c\u0103 pentru om exist\u0103 doar dou\u0103 destina\u021bii: raiul sau iadul. Dar cele mai vechi civiliza\u021bii ale lumii au descris altceva. Un loc prin care fiecare suflet trebuie s\u0103 treac\u0103 mai \u00eent\u00e2i. \u00cen vechime, moartea era rareori ... Cititi mai multe\" \/>\n<meta property=\"og:url\" content=\"https:\/\/www.lovendal.ro\/wp52\/de-mii-de-ani-ne-intrebam-unde-ne-duce-dumnezeu-dupa-moarte-dar-daca-nu-e-vorba-de-iad-sau-rai-unele-civilizatii-vorbesc-de-un-loc-straniu-aflat-intre-cele-doua\/\" \/>\n<meta property=\"og:site_name\" content=\"Secretele lui Lovendal\" \/>\n<meta property=\"article:publisher\" content=\"https:\/\/www.facebook.com\/secreteleluilovendal\" \/>\n<meta property=\"article:published_time\" content=\"2026-09-06T07:16:45+00:00\" \/>\n<meta property=\"og:image\" content=\"https:\/\/www.lovendal.ro\/wp52\/wp-content\/uploads\/2026\/09\/oras-aflat-dupa-moarte.jpg\" \/>\n\t<meta property=\"og:image:width\" content=\"375\" \/>\n\t<meta property=\"og:image:height\" content=\"212\" \/>\n\t<meta property=\"og:image:type\" content=\"image\/jpeg\" \/>\n<meta name=\"author\" content=\"admin\" \/>\n<meta name=\"twitter:card\" content=\"summary_large_image\" \/>\n<meta name=\"twitter:label1\" content=\"Scris de\" \/>\n\t<meta name=\"twitter:data1\" content=\"admin\" \/>\n\t<meta name=\"twitter:label2\" content=\"Timp estimat pentru citire\" \/>\n\t<meta name=\"twitter:data2\" content=\"3 minute\" \/>\n<script type=\"application\/ld+json\" class=\"yoast-schema-graph\">{\"@context\":\"https:\\\/\\\/schema.org\",\"@graph\":[{\"@type\":\"Article\",\"@id\":\"https:\\\/\\\/www.lovendal.ro\\\/wp52\\\/de-mii-de-ani-ne-intrebam-unde-ne-duce-dumnezeu-dupa-moarte-dar-daca-nu-e-vorba-de-iad-sau-rai-unele-civilizatii-vorbesc-de-un-loc-straniu-aflat-intre-cele-doua\\\/#article\",\"isPartOf\":{\"@id\":\"https:\\\/\\\/www.lovendal.ro\\\/wp52\\\/de-mii-de-ani-ne-intrebam-unde-ne-duce-dumnezeu-dupa-moarte-dar-daca-nu-e-vorba-de-iad-sau-rai-unele-civilizatii-vorbesc-de-un-loc-straniu-aflat-intre-cele-doua\\\/\"},\"author\":{\"name\":\"admin\",\"@id\":\"https:\\\/\\\/www.lovendal.ro\\\/wp52\\\/#\\\/schema\\\/person\\\/088691de5dfc346bb0c023e1e52ef5d9\"},\"headline\":\"De mii de ani, ne \u00eentreb\u0103m unde ne duce Dumnezeu dup\u0103 moarte. Dar dac\u0103 nu e vorba de iad sau rai? Unele civiliza\u0163ii vorbesc de un loc straniu, aflat \u00eentre cele dou\u0103\",\"datePublished\":\"2026-09-06T07:16:45+00:00\",\"mainEntityOfPage\":{\"@id\":\"https:\\\/\\\/www.lovendal.ro\\\/wp52\\\/de-mii-de-ani-ne-intrebam-unde-ne-duce-dumnezeu-dupa-moarte-dar-daca-nu-e-vorba-de-iad-sau-rai-unele-civilizatii-vorbesc-de-un-loc-straniu-aflat-intre-cele-doua\\\/\"},\"wordCount\":475,\"publisher\":{\"@id\":\"https:\\\/\\\/www.lovendal.ro\\\/wp52\\\/#organization\"},\"image\":{\"@id\":\"https:\\\/\\\/www.lovendal.ro\\\/wp52\\\/de-mii-de-ani-ne-intrebam-unde-ne-duce-dumnezeu-dupa-moarte-dar-daca-nu-e-vorba-de-iad-sau-rai-unele-civilizatii-vorbesc-de-un-loc-straniu-aflat-intre-cele-doua\\\/#primaryimage\"},\"thumbnailUrl\":\"https:\\\/\\\/www.lovendal.ro\\\/wp52\\\/wp-content\\\/uploads\\\/2026\\\/09\\\/oras-aflat-dupa-moarte.jpg\",\"keywords\":[\"Anubis\",\"budism\",\"catolicism\",\"chinezi\",\"civiliza\u0163ie\",\"Conspiratii si Mistere\",\"creier\",\"Dumnezeu\",\"egipteni\",\"experien\u0163e din apropierea mor\u0163ii\",\"greci\",\"iad\",\"japonezi\",\"legende\",\"mitologie\",\"moarte\",\"oameni\",\"ora\u015f\",\"purgatoriu\",\"r\u00e2u\",\"religie\",\"str\u0103zi\",\"suflet\",\"Valkyrie\"],\"articleSection\":[\"Conspiratii si Mistere\"],\"inLanguage\":\"ro-RO\"},{\"@type\":\"WebPage\",\"@id\":\"https:\\\/\\\/www.lovendal.ro\\\/wp52\\\/de-mii-de-ani-ne-intrebam-unde-ne-duce-dumnezeu-dupa-moarte-dar-daca-nu-e-vorba-de-iad-sau-rai-unele-civilizatii-vorbesc-de-un-loc-straniu-aflat-intre-cele-doua\\\/\",\"url\":\"https:\\\/\\\/www.lovendal.ro\\\/wp52\\\/de-mii-de-ani-ne-intrebam-unde-ne-duce-dumnezeu-dupa-moarte-dar-daca-nu-e-vorba-de-iad-sau-rai-unele-civilizatii-vorbesc-de-un-loc-straniu-aflat-intre-cele-doua\\\/\",\"name\":\"De mii de ani, ne \u00eentreb\u0103m unde ne duce Dumnezeu dup\u0103 moarte. Dar dac\u0103 nu e vorba de iad sau rai? Unele civiliza\u0163ii vorbesc de un loc straniu, aflat \u00eentre cele dou\u0103 - Secretele lui Lovendal\",\"isPartOf\":{\"@id\":\"https:\\\/\\\/www.lovendal.ro\\\/wp52\\\/#website\"},\"primaryImageOfPage\":{\"@id\":\"https:\\\/\\\/www.lovendal.ro\\\/wp52\\\/de-mii-de-ani-ne-intrebam-unde-ne-duce-dumnezeu-dupa-moarte-dar-daca-nu-e-vorba-de-iad-sau-rai-unele-civilizatii-vorbesc-de-un-loc-straniu-aflat-intre-cele-doua\\\/#primaryimage\"},\"image\":{\"@id\":\"https:\\\/\\\/www.lovendal.ro\\\/wp52\\\/de-mii-de-ani-ne-intrebam-unde-ne-duce-dumnezeu-dupa-moarte-dar-daca-nu-e-vorba-de-iad-sau-rai-unele-civilizatii-vorbesc-de-un-loc-straniu-aflat-intre-cele-doua\\\/#primaryimage\"},\"thumbnailUrl\":\"https:\\\/\\\/www.lovendal.ro\\\/wp52\\\/wp-content\\\/uploads\\\/2026\\\/09\\\/oras-aflat-dupa-moarte.jpg\",\"datePublished\":\"2026-09-06T07:16:45+00:00\",\"breadcrumb\":{\"@id\":\"https:\\\/\\\/www.lovendal.ro\\\/wp52\\\/de-mii-de-ani-ne-intrebam-unde-ne-duce-dumnezeu-dupa-moarte-dar-daca-nu-e-vorba-de-iad-sau-rai-unele-civilizatii-vorbesc-de-un-loc-straniu-aflat-intre-cele-doua\\\/#breadcrumb\"},\"inLanguage\":\"ro-RO\",\"potentialAction\":[{\"@type\":\"ReadAction\",\"target\":[\"https:\\\/\\\/www.lovendal.ro\\\/wp52\\\/de-mii-de-ani-ne-intrebam-unde-ne-duce-dumnezeu-dupa-moarte-dar-daca-nu-e-vorba-de-iad-sau-rai-unele-civilizatii-vorbesc-de-un-loc-straniu-aflat-intre-cele-doua\\\/\"]}]},{\"@type\":\"ImageObject\",\"inLanguage\":\"ro-RO\",\"@id\":\"https:\\\/\\\/www.lovendal.ro\\\/wp52\\\/de-mii-de-ani-ne-intrebam-unde-ne-duce-dumnezeu-dupa-moarte-dar-daca-nu-e-vorba-de-iad-sau-rai-unele-civilizatii-vorbesc-de-un-loc-straniu-aflat-intre-cele-doua\\\/#primaryimage\",\"url\":\"https:\\\/\\\/www.lovendal.ro\\\/wp52\\\/wp-content\\\/uploads\\\/2026\\\/09\\\/oras-aflat-dupa-moarte.jpg\",\"contentUrl\":\"https:\\\/\\\/www.lovendal.ro\\\/wp52\\\/wp-content\\\/uploads\\\/2026\\\/09\\\/oras-aflat-dupa-moarte.jpg\",\"width\":375,\"height\":212,\"caption\":\"Imagine: generata de Google Gemini\"},{\"@type\":\"BreadcrumbList\",\"@id\":\"https:\\\/\\\/www.lovendal.ro\\\/wp52\\\/de-mii-de-ani-ne-intrebam-unde-ne-duce-dumnezeu-dupa-moarte-dar-daca-nu-e-vorba-de-iad-sau-rai-unele-civilizatii-vorbesc-de-un-loc-straniu-aflat-intre-cele-doua\\\/#breadcrumb\",\"itemListElement\":[{\"@type\":\"ListItem\",\"position\":1,\"name\":\"Home\",\"item\":\"https:\\\/\\\/www.lovendal.ro\\\/wp52\\\/\"},{\"@type\":\"ListItem\",\"position\":2,\"name\":\"De mii de ani, ne \u00eentreb\u0103m unde ne duce Dumnezeu dup\u0103 moarte. Dar dac\u0103 nu e vorba de iad sau rai? Unele civiliza\u0163ii vorbesc de un loc straniu, aflat \u00eentre cele dou\u0103\"}]},{\"@type\":\"WebSite\",\"@id\":\"https:\\\/\\\/www.lovendal.ro\\\/wp52\\\/#website\",\"url\":\"https:\\\/\\\/www.lovendal.ro\\\/wp52\\\/\",\"name\":\"Secretele lui Lovendal\",\"description\":\"Site de secrete, stiinta si metafizica - din 2008 -\",\"publisher\":{\"@id\":\"https:\\\/\\\/www.lovendal.ro\\\/wp52\\\/#organization\"},\"potentialAction\":[{\"@type\":\"SearchAction\",\"target\":{\"@type\":\"EntryPoint\",\"urlTemplate\":\"https:\\\/\\\/www.lovendal.ro\\\/wp52\\\/?s={search_term_string}\"},\"query-input\":{\"@type\":\"PropertyValueSpecification\",\"valueRequired\":true,\"valueName\":\"search_term_string\"}}],\"inLanguage\":\"ro-RO\"},{\"@type\":\"Organization\",\"@id\":\"https:\\\/\\\/www.lovendal.ro\\\/wp52\\\/#organization\",\"name\":\"Secretele lui Lovendal\",\"url\":\"https:\\\/\\\/www.lovendal.ro\\\/wp52\\\/\",\"logo\":{\"@type\":\"ImageObject\",\"inLanguage\":\"ro-RO\",\"@id\":\"https:\\\/\\\/www.lovendal.ro\\\/wp52\\\/#\\\/schema\\\/logo\\\/image\\\/\",\"url\":\"https:\\\/\\\/www.lovendal.ro\\\/wp52\\\/wp-content\\\/uploads\\\/2024\\\/06\\\/cropped-SLL-iun-2024-1.jpg\",\"contentUrl\":\"https:\\\/\\\/www.lovendal.ro\\\/wp52\\\/wp-content\\\/uploads\\\/2024\\\/06\\\/cropped-SLL-iun-2024-1.jpg\",\"width\":771,\"height\":240,\"caption\":\"Secretele lui Lovendal\"},\"image\":{\"@id\":\"https:\\\/\\\/www.lovendal.ro\\\/wp52\\\/#\\\/schema\\\/logo\\\/image\\\/\"},\"sameAs\":[\"https:\\\/\\\/www.facebook.com\\\/secreteleluilovendal\"]},{\"@type\":\"Person\",\"@id\":\"https:\\\/\\\/www.lovendal.ro\\\/wp52\\\/#\\\/schema\\\/person\\\/088691de5dfc346bb0c023e1e52ef5d9\",\"name\":\"admin\",\"image\":{\"@type\":\"ImageObject\",\"inLanguage\":\"ro-RO\",\"@id\":\"https:\\\/\\\/secure.gravatar.com\\\/avatar\\\/ecb9cd41f5f63c9c9b989999a59f6e2639a865ec361e9db054db0679a8f341c2?s=96&d=mm&r=g\",\"url\":\"https:\\\/\\\/secure.gravatar.com\\\/avatar\\\/ecb9cd41f5f63c9c9b989999a59f6e2639a865ec361e9db054db0679a8f341c2?s=96&d=mm&r=g\",\"contentUrl\":\"https:\\\/\\\/secure.gravatar.com\\\/avatar\\\/ecb9cd41f5f63c9c9b989999a59f6e2639a865ec361e9db054db0679a8f341c2?s=96&d=mm&r=g\",\"caption\":\"admin\"},\"sameAs\":[\"https:\\\/\\\/www.lovendal.ro\\\/wp52\"]}]}<\/script>\n<!-- \/ Yoast SEO Premium plugin. -->","yoast_head_json":{"title":"De mii de ani, ne \u00eentreb\u0103m unde ne duce Dumnezeu dup\u0103 moarte. Dar dac\u0103 nu e vorba de iad sau rai? Unele civiliza\u0163ii vorbesc de un loc straniu, aflat \u00eentre cele dou\u0103 - Secretele lui Lovendal","robots":{"index":"index","follow":"follow","max-snippet":"max-snippet:-1","max-image-preview":"max-image-preview:large","max-video-preview":"max-video-preview:-1"},"canonical":"https:\/\/www.lovendal.ro\/wp52\/de-mii-de-ani-ne-intrebam-unde-ne-duce-dumnezeu-dupa-moarte-dar-daca-nu-e-vorba-de-iad-sau-rai-unele-civilizatii-vorbesc-de-un-loc-straniu-aflat-intre-cele-doua\/","og_locale":"ro_RO","og_type":"article","og_title":"De mii de ani, ne \u00eentreb\u0103m unde ne duce Dumnezeu dup\u0103 moarte. Dar dac\u0103 nu e vorba de iad sau rai? Unele civiliza\u0163ii vorbesc de un loc straniu, aflat \u00eentre cele dou\u0103","og_description":"Dup\u0103 moarte, se crede c\u0103 pentru om exist\u0103 doar dou\u0103 destina\u021bii: raiul sau iadul. Dar cele mai vechi civiliza\u021bii ale lumii au descris altceva. Un loc prin care fiecare suflet trebuie s\u0103 treac\u0103 mai \u00eent\u00e2i. \u00cen vechime, moartea era rareori ... Cititi mai multe","og_url":"https:\/\/www.lovendal.ro\/wp52\/de-mii-de-ani-ne-intrebam-unde-ne-duce-dumnezeu-dupa-moarte-dar-daca-nu-e-vorba-de-iad-sau-rai-unele-civilizatii-vorbesc-de-un-loc-straniu-aflat-intre-cele-doua\/","og_site_name":"Secretele lui Lovendal","article_publisher":"https:\/\/www.facebook.com\/secreteleluilovendal","article_published_time":"2026-09-06T07:16:45+00:00","og_image":[{"width":375,"height":212,"url":"https:\/\/www.lovendal.ro\/wp52\/wp-content\/uploads\/2026\/09\/oras-aflat-dupa-moarte.jpg","type":"image\/jpeg"}],"author":"admin","twitter_card":"summary_large_image","twitter_misc":{"Scris de":"admin","Timp estimat pentru citire":"3 minute"},"schema":{"@context":"https:\/\/schema.org","@graph":[{"@type":"Article","@id":"https:\/\/www.lovendal.ro\/wp52\/de-mii-de-ani-ne-intrebam-unde-ne-duce-dumnezeu-dupa-moarte-dar-daca-nu-e-vorba-de-iad-sau-rai-unele-civilizatii-vorbesc-de-un-loc-straniu-aflat-intre-cele-doua\/#article","isPartOf":{"@id":"https:\/\/www.lovendal.ro\/wp52\/de-mii-de-ani-ne-intrebam-unde-ne-duce-dumnezeu-dupa-moarte-dar-daca-nu-e-vorba-de-iad-sau-rai-unele-civilizatii-vorbesc-de-un-loc-straniu-aflat-intre-cele-doua\/"},"author":{"name":"admin","@id":"https:\/\/www.lovendal.ro\/wp52\/#\/schema\/person\/088691de5dfc346bb0c023e1e52ef5d9"},"headline":"De mii de ani, ne \u00eentreb\u0103m unde ne duce Dumnezeu dup\u0103 moarte. Dar dac\u0103 nu e vorba de iad sau rai? Unele civiliza\u0163ii vorbesc de un loc straniu, aflat \u00eentre cele dou\u0103","datePublished":"2026-09-06T07:16:45+00:00","mainEntityOfPage":{"@id":"https:\/\/www.lovendal.ro\/wp52\/de-mii-de-ani-ne-intrebam-unde-ne-duce-dumnezeu-dupa-moarte-dar-daca-nu-e-vorba-de-iad-sau-rai-unele-civilizatii-vorbesc-de-un-loc-straniu-aflat-intre-cele-doua\/"},"wordCount":475,"publisher":{"@id":"https:\/\/www.lovendal.ro\/wp52\/#organization"},"image":{"@id":"https:\/\/www.lovendal.ro\/wp52\/de-mii-de-ani-ne-intrebam-unde-ne-duce-dumnezeu-dupa-moarte-dar-daca-nu-e-vorba-de-iad-sau-rai-unele-civilizatii-vorbesc-de-un-loc-straniu-aflat-intre-cele-doua\/#primaryimage"},"thumbnailUrl":"https:\/\/www.lovendal.ro\/wp52\/wp-content\/uploads\/2026\/09\/oras-aflat-dupa-moarte.jpg","keywords":["Anubis","budism","catolicism","chinezi","civiliza\u0163ie","Conspiratii si Mistere","creier","Dumnezeu","egipteni","experien\u0163e din apropierea mor\u0163ii","greci","iad","japonezi","legende","mitologie","moarte","oameni","ora\u015f","purgatoriu","r\u00e2u","religie","str\u0103zi","suflet","Valkyrie"],"articleSection":["Conspiratii si Mistere"],"inLanguage":"ro-RO"},{"@type":"WebPage","@id":"https:\/\/www.lovendal.ro\/wp52\/de-mii-de-ani-ne-intrebam-unde-ne-duce-dumnezeu-dupa-moarte-dar-daca-nu-e-vorba-de-iad-sau-rai-unele-civilizatii-vorbesc-de-un-loc-straniu-aflat-intre-cele-doua\/","url":"https:\/\/www.lovendal.ro\/wp52\/de-mii-de-ani-ne-intrebam-unde-ne-duce-dumnezeu-dupa-moarte-dar-daca-nu-e-vorba-de-iad-sau-rai-unele-civilizatii-vorbesc-de-un-loc-straniu-aflat-intre-cele-doua\/","name":"De mii de ani, ne \u00eentreb\u0103m unde ne duce Dumnezeu dup\u0103 moarte. Dar dac\u0103 nu e vorba de iad sau rai? Unele civiliza\u0163ii vorbesc de un loc straniu, aflat \u00eentre cele dou\u0103 - Secretele lui Lovendal","isPartOf":{"@id":"https:\/\/www.lovendal.ro\/wp52\/#website"},"primaryImageOfPage":{"@id":"https:\/\/www.lovendal.ro\/wp52\/de-mii-de-ani-ne-intrebam-unde-ne-duce-dumnezeu-dupa-moarte-dar-daca-nu-e-vorba-de-iad-sau-rai-unele-civilizatii-vorbesc-de-un-loc-straniu-aflat-intre-cele-doua\/#primaryimage"},"image":{"@id":"https:\/\/www.lovendal.ro\/wp52\/de-mii-de-ani-ne-intrebam-unde-ne-duce-dumnezeu-dupa-moarte-dar-daca-nu-e-vorba-de-iad-sau-rai-unele-civilizatii-vorbesc-de-un-loc-straniu-aflat-intre-cele-doua\/#primaryimage"},"thumbnailUrl":"https:\/\/www.lovendal.ro\/wp52\/wp-content\/uploads\/2026\/09\/oras-aflat-dupa-moarte.jpg","datePublished":"2026-09-06T07:16:45+00:00","breadcrumb":{"@id":"https:\/\/www.lovendal.ro\/wp52\/de-mii-de-ani-ne-intrebam-unde-ne-duce-dumnezeu-dupa-moarte-dar-daca-nu-e-vorba-de-iad-sau-rai-unele-civilizatii-vorbesc-de-un-loc-straniu-aflat-intre-cele-doua\/#breadcrumb"},"inLanguage":"ro-RO","potentialAction":[{"@type":"ReadAction","target":["https:\/\/www.lovendal.ro\/wp52\/de-mii-de-ani-ne-intrebam-unde-ne-duce-dumnezeu-dupa-moarte-dar-daca-nu-e-vorba-de-iad-sau-rai-unele-civilizatii-vorbesc-de-un-loc-straniu-aflat-intre-cele-doua\/"]}]},{"@type":"ImageObject","inLanguage":"ro-RO","@id":"https:\/\/www.lovendal.ro\/wp52\/de-mii-de-ani-ne-intrebam-unde-ne-duce-dumnezeu-dupa-moarte-dar-daca-nu-e-vorba-de-iad-sau-rai-unele-civilizatii-vorbesc-de-un-loc-straniu-aflat-intre-cele-doua\/#primaryimage","url":"https:\/\/www.lovendal.ro\/wp52\/wp-content\/uploads\/2026\/09\/oras-aflat-dupa-moarte.jpg","contentUrl":"https:\/\/www.lovendal.ro\/wp52\/wp-content\/uploads\/2026\/09\/oras-aflat-dupa-moarte.jpg","width":375,"height":212,"caption":"Imagine: generata de Google Gemini"},{"@type":"BreadcrumbList","@id":"https:\/\/www.lovendal.ro\/wp52\/de-mii-de-ani-ne-intrebam-unde-ne-duce-dumnezeu-dupa-moarte-dar-daca-nu-e-vorba-de-iad-sau-rai-unele-civilizatii-vorbesc-de-un-loc-straniu-aflat-intre-cele-doua\/#breadcrumb","itemListElement":[{"@type":"ListItem","position":1,"name":"Home","item":"https:\/\/www.lovendal.ro\/wp52\/"},{"@type":"ListItem","position":2,"name":"De mii de ani, ne \u00eentreb\u0103m unde ne duce Dumnezeu dup\u0103 moarte. Dar dac\u0103 nu e vorba de iad sau rai? Unele civiliza\u0163ii vorbesc de un loc straniu, aflat \u00eentre cele dou\u0103"}]},{"@type":"WebSite","@id":"https:\/\/www.lovendal.ro\/wp52\/#website","url":"https:\/\/www.lovendal.ro\/wp52\/","name":"Secretele lui Lovendal","description":"Site de secrete, stiinta si metafizica - din 2008 -","publisher":{"@id":"https:\/\/www.lovendal.ro\/wp52\/#organization"},"potentialAction":[{"@type":"SearchAction","target":{"@type":"EntryPoint","urlTemplate":"https:\/\/www.lovendal.ro\/wp52\/?s={search_term_string}"},"query-input":{"@type":"PropertyValueSpecification","valueRequired":true,"valueName":"search_term_string"}}],"inLanguage":"ro-RO"},{"@type":"Organization","@id":"https:\/\/www.lovendal.ro\/wp52\/#organization","name":"Secretele lui Lovendal","url":"https:\/\/www.lovendal.ro\/wp52\/","logo":{"@type":"ImageObject","inLanguage":"ro-RO","@id":"https:\/\/www.lovendal.ro\/wp52\/#\/schema\/logo\/image\/","url":"https:\/\/www.lovendal.ro\/wp52\/wp-content\/uploads\/2024\/06\/cropped-SLL-iun-2024-1.jpg","contentUrl":"https:\/\/www.lovendal.ro\/wp52\/wp-content\/uploads\/2024\/06\/cropped-SLL-iun-2024-1.jpg","width":771,"height":240,"caption":"Secretele lui Lovendal"},"image":{"@id":"https:\/\/www.lovendal.ro\/wp52\/#\/schema\/logo\/image\/"},"sameAs":["https:\/\/www.facebook.com\/secreteleluilovendal"]},{"@type":"Person","@id":"https:\/\/www.lovendal.ro\/wp52\/#\/schema\/person\/088691de5dfc346bb0c023e1e52ef5d9","name":"admin","image":{"@type":"ImageObject","inLanguage":"ro-RO","@id":"https:\/\/secure.gravatar.com\/avatar\/ecb9cd41f5f63c9c9b989999a59f6e2639a865ec361e9db054db0679a8f341c2?s=96&d=mm&r=g","url":"https:\/\/secure.gravatar.com\/avatar\/ecb9cd41f5f63c9c9b989999a59f6e2639a865ec361e9db054db0679a8f341c2?s=96&d=mm&r=g","contentUrl":"https:\/\/secure.gravatar.com\/avatar\/ecb9cd41f5f63c9c9b989999a59f6e2639a865ec361e9db054db0679a8f341c2?s=96&d=mm&r=g","caption":"admin"},"sameAs":["https:\/\/www.lovendal.ro\/wp52"]}]}},"_links":{"self":[{"href":"https:\/\/www.lovendal.ro\/wp52\/wp-json\/wp\/v2\/posts\/103324","targetHints":{"allow":["GET"]}}],"collection":[{"href":"https:\/\/www.lovendal.ro\/wp52\/wp-json\/wp\/v2\/posts"}],"about":[{"href":"https:\/\/www.lovendal.ro\/wp52\/wp-json\/wp\/v2\/types\/post"}],"author":[{"embeddable":true,"href":"https:\/\/www.lovendal.ro\/wp52\/wp-json\/wp\/v2\/users\/1"}],"replies":[{"embeddable":true,"href":"https:\/\/www.lovendal.ro\/wp52\/wp-json\/wp\/v2\/comments?post=103324"}],"version-history":[{"count":1,"href":"https:\/\/www.lovendal.ro\/wp52\/wp-json\/wp\/v2\/posts\/103324\/revisions"}],"predecessor-version":[{"id":103326,"href":"https:\/\/www.lovendal.ro\/wp52\/wp-json\/wp\/v2\/posts\/103324\/revisions\/103326"}],"wp:featuredmedia":[{"embeddable":true,"href":"https:\/\/www.lovendal.ro\/wp52\/wp-json\/wp\/v2\/media\/103325"}],"wp:attachment":[{"href":"https:\/\/www.lovendal.ro\/wp52\/wp-json\/wp\/v2\/media?parent=103324"}],"wp:term":[{"taxonomy":"category","embeddable":true,"href":"https:\/\/www.lovendal.ro\/wp52\/wp-json\/wp\/v2\/categories?post=103324"},{"taxonomy":"post_tag","embeddable":true,"href":"https:\/\/www.lovendal.ro\/wp52\/wp-json\/wp\/v2\/tags?post=103324"}],"curies":[{"name":"wp","href":"https:\/\/api.w.org\/{rel}","templated":true}]}}