{"id":103271,"date":"2026-09-01T23:18:42","date_gmt":"2026-09-01T20:18:42","guid":{"rendered":"https:\/\/www.lovendal.ro\/wp52\/?p=103271"},"modified":"2026-09-01T23:18:42","modified_gmt":"2026-09-01T20:18:42","slug":"caz-din-arhiva-mufon-barcelona-1985-un-barbat-pretinde-ca-a-fost-rapit-de-extraterestri-ar-fi-fost-clonat-iar-apoi-clona-sa-a-fost-observata-in-oras","status":"publish","type":"post","link":"https:\/\/www.lovendal.ro\/wp52\/caz-din-arhiva-mufon-barcelona-1985-un-barbat-pretinde-ca-a-fost-rapit-de-extraterestri-ar-fi-fost-clonat-iar-apoi-clona-sa-a-fost-observata-in-oras\/","title":{"rendered":"Caz din arhiva MUFON &#8211; Barcelona, 1985: Un b\u0103rbat pretinde c\u0103 a fost r\u0103pit de extratere\u015ftri, ar fi fost clonat, iar apoi clona sa a fost observat\u0103 \u00een ora\u015f&#8230;"},"content":{"rendered":"<p><a href=\"https:\/\/www.lovendal.ro\/wp52\/wp-content\/uploads\/2026\/09\/Fotorapext.jpg\"><img loading=\"lazy\" decoding=\"async\" class=\"alignleft size-full wp-image-103272\" src=\"https:\/\/www.lovendal.ro\/wp52\/wp-content\/uploads\/2026\/09\/Fotorapext.jpg\" alt=\"\" width=\"368\" height=\"359\" srcset=\"https:\/\/www.lovendal.ro\/wp52\/wp-content\/uploads\/2026\/09\/Fotorapext.jpg 368w, https:\/\/www.lovendal.ro\/wp52\/wp-content\/uploads\/2026\/09\/Fotorapext-300x293.jpg 300w\" sizes=\"auto, (max-width: 368px) 100vw, 368px\" \/><\/a>Era duminic\u0103, 21 iulie 1985, ora 8 diminea\u021ba. Fotograful <strong>Xavier C.<\/strong>, \u00een v\u00e2rst\u0103 de 23 de ani, a plecat de acas\u0103 din Barcelona \u0219i a condus ma\u015fina p\u00e2n\u0103 la dolmenul Pedra Gentil din Vallgorguina, la nord-est de Barcelona, \u200b\u200bpentru a face fotografii. A adus cu el dou\u0103 aparate foto: un Olympus de 35 mm \u00eenc\u0103rcat cu film color \u0219i un aparat foto de tip cutie, confec\u021bionat manual, care folosea pl\u0103ci fotografice.<\/p>\n<p>Xavier \u0219i-a amintit mai t\u00e2rziu c\u0103 a petrecut doar aproximativ o or\u0103 \u0219i jum\u0103tate p\u00e2n\u0103 la dou\u0103 ore \u00een zon\u0103 \u00eenainte de a \u00eencepe c\u0103l\u0103toria \u00eenapoi spre Barcelona. Dar c\u00e2nd s-a \u00eentors, era \u00een jurul orei 18:00, luni, 22 iulie&#8230; Se pare c\u0103 so\u021bia \u0219i fratele s\u0103u l-au c\u0103utat \u00een aceste ore disp\u0103rute. Xavier nu-\u0219i amintea unde fusese \u00een perioada \u00een care a disp\u0103rut. Din perspectiva lui, trecuser\u0103 doar c\u00e2teva ore, \u00een timp ce, \u00een realitate, trecuser\u0103 aproximativ 34 de ore de c\u00e2nd plecase de acas\u0103.<\/p>\n<p>Dup\u0103 ce s-a \u00eentors acas\u0103, Xavier \u0219i-a examinat aparatele foto. C\u00e2nd a fost developat filmul de 35 mm, mai multe expuneri con\u021bineau imagini neobi\u0219nuite pe care nu-\u0219i amintea c\u0103 le-a f\u0103cut. De asemenea, fusese folosit\u0103 camera foto tip cutie, construit\u0103 manual de Xavier. Pl\u0103cile sale fotografice con\u021bineau forme \u00eentunecate, care au fost ulterior asociate cu fiin\u021bele pe care le-a descris \u00een timpul regresiei hipnotice.<\/p>\n<p>Xavier a suferit ulterior o regresie hipnotic\u0103 \u00een \u00eencercarea de a recupera amintiri din perioada lips\u0103. \u00cen timpul sesiunilor, el a descris c\u0103 se afla l\u00e2ng\u0103 ma\u0219ina sa \u00een zona Vallgorguina c\u00e2nd o substan\u021b\u0103 lipicioas\u0103 a \u00eenceput s\u0103 cad\u0103 \u00een jurul s\u0103u. Apoi a descris c\u0103 a \u00eent\u00e2lnit mai mul\u021bi umanoizi. Xavier a spus c\u0103 fiin\u021bele erau <em>&#8222;aproape la fel de \u00eenalte ca mine, doar pu\u021bin mai mici&#8221;<\/em> &#8211; \u0219i erau dezbr\u0103cate. El a descris pielea lor ca fiind ridat\u0103 \u0219i gri murdar. Unele p\u0103reau chele, \u00een timp ce cel pu\u021bin unul din umanoizi avea p\u0103r. El a descris \u00een repetate r\u00e2nduri corpurile lor ca av\u00e2nd un aspect umed sau v\u00e2scos. Apoi \u0219i-a amintit cum a fost dus spre o pe\u0219ter\u0103.<\/p>\n<p>Conform relat\u0103rii lui Xavier, fiin\u021bele l-au adus \u00een pe\u0219ter\u0103 \u0219i i-au efectuat o procedur\u0103. El a spus c\u0103 un dispozitiv asem\u0103n\u0103tor unui cateter era ata\u0219at la bra\u021bul s\u0103u \u0219i credea c\u0103 acesta \u00eei extragea lichid din corp. De asemenea, \u0219i-a amintit c\u0103 fiin\u021bele i-au colectat mostre de p\u0103r. \u00cen urma incidentului, se pare c\u0103 pe bra\u021bul st\u00e2ng al lui Xavier erau vizibile trei mici urme dispuse \u00eentr-un model triunghiular.<\/p>\n<p>\u00cen timpul regresiei, Xavier a descris fiin\u021bele care manevrau camerele sale. \u00ce\u0219i amintea c\u0103 ei \u00eencercau s\u0103 foloseasc\u0103 ambele camere. De asemenea, el era \u00eengrijorat c\u0103 nu \u0219tiau cum func\u021biona aparatul lui de fotografiat f\u0103cut manual, put\u00e2ndu-se deteriora pl\u0103cile fotografice. Se pare c\u0103 unele dintre imaginile g\u0103site pe camerele sale au fost f\u0103cute \u00een timp ce fiin\u021bele \u00eei manipulau echipamentul (vede\u0163i fotografiile de mai jos):<\/p>\n<p><a href=\"https:\/\/www.lovendal.ro\/wp52\/wp-content\/uploads\/2026\/09\/Fotorapext1.jpg\"><img loading=\"lazy\" decoding=\"async\" class=\"aligncenter size-full wp-image-103273\" src=\"https:\/\/www.lovendal.ro\/wp52\/wp-content\/uploads\/2026\/09\/Fotorapext1.jpg\" alt=\"\" width=\"533\" height=\"660\" srcset=\"https:\/\/www.lovendal.ro\/wp52\/wp-content\/uploads\/2026\/09\/Fotorapext1.jpg 533w, https:\/\/www.lovendal.ro\/wp52\/wp-content\/uploads\/2026\/09\/Fotorapext1-242x300.jpg 242w\" sizes=\"auto, (max-width: 533px) 100vw, 533px\" \/><\/a><\/p>\n<p><a href=\"https:\/\/www.lovendal.ro\/wp52\/wp-content\/uploads\/2026\/09\/Fotorapext2.jpg\"><img loading=\"lazy\" decoding=\"async\" class=\"aligncenter size-full wp-image-103274\" src=\"https:\/\/www.lovendal.ro\/wp52\/wp-content\/uploads\/2026\/09\/Fotorapext2.jpg\" alt=\"\" width=\"543\" height=\"544\" srcset=\"https:\/\/www.lovendal.ro\/wp52\/wp-content\/uploads\/2026\/09\/Fotorapext2.jpg 543w, https:\/\/www.lovendal.ro\/wp52\/wp-content\/uploads\/2026\/09\/Fotorapext2-300x300.jpg 300w, https:\/\/www.lovendal.ro\/wp52\/wp-content\/uploads\/2026\/09\/Fotorapext2-100x100.jpg 100w\" sizes=\"auto, (max-width: 543px) 100vw, 543px\" \/><\/a><\/p>\n<p><a href=\"https:\/\/www.lovendal.ro\/wp52\/wp-content\/uploads\/2026\/09\/Fotorapext3.jpg\"><img loading=\"lazy\" decoding=\"async\" class=\"aligncenter size-full wp-image-103275\" src=\"https:\/\/www.lovendal.ro\/wp52\/wp-content\/uploads\/2026\/09\/Fotorapext3.jpg\" alt=\"\" width=\"542\" height=\"413\" srcset=\"https:\/\/www.lovendal.ro\/wp52\/wp-content\/uploads\/2026\/09\/Fotorapext3.jpg 542w, https:\/\/www.lovendal.ro\/wp52\/wp-content\/uploads\/2026\/09\/Fotorapext3-300x229.jpg 300w\" sizes=\"auto, (max-width: 542px) 100vw, 542px\" \/><\/a><\/p>\n<p>Xavier \u00ee\u0219i amintea c\u0103 i s-a spus c\u0103 probele biologice colectate de la el vor fi folosite pentru a crea o clon\u0103. Mai t\u00e2rziu, el a descris cum s-a \u00eentors la ma\u0219ina sa \u0219i l-a g\u0103sit pe un al doilea Xavier a\u0219ezat \u00een interiorul vehiculului. El a spus c\u0103 individul avea chipul, hainele \u0219i \u00eenf\u0103\u021bi\u0219area lui. Clona a c\u0103l\u0103torit apoi cu Xavier \u00een timp ce acesta se \u00eendrepta spre Barcelona. Xavier \u00ee\u0219i amintea c\u0103 s-a oprit l\u00e2ng\u0103 intersec\u021bia dintre Carrer de Vallespir \u0219i Comtes de Bell-lloc, unde clona a p\u0103r\u0103sit vehiculul.<\/p>\n<p>Alte persoane au raportat ulterior c\u0103 au v\u0103zut pe cineva care sem\u0103na cu Xavier \u00een momente sau \u00een locuri pe care Xavier a spus c\u0103 nu le poate explica. \u00cen perioada \u00een care Xavier a fost disp\u0103rut, un vecin ar fi v\u0103zut pe cineva care se asem\u0103na, \u00een apropierea casei sale din Barcelona. Un raport ulterior, datat 16 noiembrie 1985, l-a plasat pe Xavier \u00eentr-o sta\u021bie de autobuz de pe Passeig de Colom. Se pare c\u0103 individul purta haine asociate cu incidentul ini\u021bial de la Vallgorguina.<\/p>\n<p>Se pare c\u0103 Xavier ar fi \u021binut eviden\u021ba kilometrajului Renault-ului s\u0103u 5. Distan\u021ba estimat\u0103 dus-\u00eentors \u00eentre Barcelona \u0219i Vallgorguina era de aproximativ 50 de kilometri. La \u00eentoarcere, kilometrajul indica faptul c\u0103 ma\u0219ina parcursese aproximativ 300 de kilometri. Se pare c\u0103 rezervorul de combustibil fusese plin c\u00e2nd Xavier a plecat \u0219i era aproape gol c\u00e2nd s-a \u00eentors. Renault-ul era, de asemenea, acoperit cu murd\u0103rie \u0219i noroi \u00een jurul ro\u021bilor \u0219i pe partea inferioar\u0103. O substan\u021b\u0103 lipicioas\u0103 sau v\u00e2scoas\u0103 a fost raportat\u0103 pe anumite p\u0103r\u021bi ale vehiculului.<\/p>\n","protected":false},"excerpt":{"rendered":"<p>Era duminic\u0103, 21 iulie 1985, ora 8 diminea\u021ba. Fotograful Xavier C., \u00een v\u00e2rst\u0103 de 23 de ani, a plecat de acas\u0103 din Barcelona \u0219i a condus ma\u015fina p\u00e2n\u0103 la dolmenul Pedra Gentil din Vallgorguina, la nord-est de Barcelona, \u200b\u200bpentru a &#8230; <\/p>\n<p class=\"read-more-container\"><a title=\"Caz din arhiva MUFON &#8211; Barcelona, 1985: Un b\u0103rbat pretinde c\u0103 a fost r\u0103pit de extratere\u015ftri, ar fi fost clonat, iar apoi clona sa a fost observat\u0103 \u00een ora\u015f&#8230;\" class=\"read-more button\" href=\"https:\/\/www.lovendal.ro\/wp52\/caz-din-arhiva-mufon-barcelona-1985-un-barbat-pretinde-ca-a-fost-rapit-de-extraterestri-ar-fi-fost-clonat-iar-apoi-clona-sa-a-fost-observata-in-oras\/#more-103271\" aria-label=\"Cite\u0219te mai multe despre Caz din arhiva MUFON &#8211; Barcelona, 1985: Un b\u0103rbat pretinde c\u0103 a fost r\u0103pit de extratere\u015ftri, ar fi fost clonat, iar apoi clona sa a fost observat\u0103 \u00een ora\u015f&#8230;\">Cititi mai multe<\/a><\/p>\n","protected":false},"author":1,"featured_media":103272,"comment_status":"closed","ping_status":"open","sticky":false,"template":"","format":"standard","meta":{"footnotes":""},"categories":[475],"tags":[2741,7566,2295,358,5607,15,1112,580,2890,8292,318],"class_list":["post-103271","post","type-post","status-publish","format-standard","has-post-thumbnail","hentry","category-conspiratii-mistere","tag-barcelona","tag-camera-foto","tag-clona","tag-conspiratii-si-mistere","tag-fotograf","tag-fotografie","tag-hipnoza","tag-masina","tag-pestera","tag-rapire-extraterestra","tag-spania","resize-featured-image"],"yoast_head":"<!-- This site is optimized with the Yoast SEO Premium plugin v23.3 (Yoast SEO v27.4) - https:\/\/yoast.com\/product\/yoast-seo-premium-wordpress\/ -->\n<title>Caz din arhiva MUFON - Barcelona, 1985: Un b\u0103rbat pretinde c\u0103 a fost r\u0103pit de extratere\u015ftri, ar fi fost clonat, iar apoi clona sa a fost observat\u0103 \u00een ora\u015f... - Secretele lui Lovendal<\/title>\n<meta name=\"robots\" content=\"index, follow, max-snippet:-1, max-image-preview:large, max-video-preview:-1\" \/>\n<link rel=\"canonical\" href=\"https:\/\/www.lovendal.ro\/wp52\/caz-din-arhiva-mufon-barcelona-1985-un-barbat-pretinde-ca-a-fost-rapit-de-extraterestri-ar-fi-fost-clonat-iar-apoi-clona-sa-a-fost-observata-in-oras\/\" \/>\n<meta property=\"og:locale\" content=\"ro_RO\" \/>\n<meta property=\"og:type\" content=\"article\" \/>\n<meta property=\"og:title\" content=\"Caz din arhiva MUFON - Barcelona, 1985: Un b\u0103rbat pretinde c\u0103 a fost r\u0103pit de extratere\u015ftri, ar fi fost clonat, iar apoi clona sa a fost observat\u0103 \u00een ora\u015f...\" \/>\n<meta property=\"og:description\" content=\"Era duminic\u0103, 21 iulie 1985, ora 8 diminea\u021ba. Fotograful Xavier C., \u00een v\u00e2rst\u0103 de 23 de ani, a plecat de acas\u0103 din Barcelona \u0219i a condus ma\u015fina p\u00e2n\u0103 la dolmenul Pedra Gentil din Vallgorguina, la nord-est de Barcelona, \u200b\u200bpentru a ... Cititi mai multe\" \/>\n<meta property=\"og:url\" content=\"https:\/\/www.lovendal.ro\/wp52\/caz-din-arhiva-mufon-barcelona-1985-un-barbat-pretinde-ca-a-fost-rapit-de-extraterestri-ar-fi-fost-clonat-iar-apoi-clona-sa-a-fost-observata-in-oras\/\" \/>\n<meta property=\"og:site_name\" content=\"Secretele lui Lovendal\" \/>\n<meta property=\"article:publisher\" content=\"https:\/\/www.facebook.com\/secreteleluilovendal\" \/>\n<meta property=\"article:published_time\" content=\"2026-09-01T20:18:42+00:00\" \/>\n<meta property=\"og:image\" content=\"https:\/\/www.lovendal.ro\/wp52\/wp-content\/uploads\/2026\/09\/Fotorapext.jpg\" \/>\n\t<meta property=\"og:image:width\" content=\"368\" \/>\n\t<meta property=\"og:image:height\" content=\"359\" \/>\n\t<meta property=\"og:image:type\" content=\"image\/jpeg\" \/>\n<meta name=\"author\" content=\"admin\" \/>\n<meta name=\"twitter:card\" content=\"summary_large_image\" \/>\n<meta name=\"twitter:label1\" content=\"Scris de\" \/>\n\t<meta name=\"twitter:data1\" content=\"admin\" \/>\n\t<meta name=\"twitter:label2\" content=\"Timp estimat pentru citire\" \/>\n\t<meta name=\"twitter:data2\" content=\"6 minute\" \/>\n<script type=\"application\/ld+json\" class=\"yoast-schema-graph\">{\"@context\":\"https:\\\/\\\/schema.org\",\"@graph\":[{\"@type\":\"Article\",\"@id\":\"https:\\\/\\\/www.lovendal.ro\\\/wp52\\\/caz-din-arhiva-mufon-barcelona-1985-un-barbat-pretinde-ca-a-fost-rapit-de-extraterestri-ar-fi-fost-clonat-iar-apoi-clona-sa-a-fost-observata-in-oras\\\/#article\",\"isPartOf\":{\"@id\":\"https:\\\/\\\/www.lovendal.ro\\\/wp52\\\/caz-din-arhiva-mufon-barcelona-1985-un-barbat-pretinde-ca-a-fost-rapit-de-extraterestri-ar-fi-fost-clonat-iar-apoi-clona-sa-a-fost-observata-in-oras\\\/\"},\"author\":{\"name\":\"admin\",\"@id\":\"https:\\\/\\\/www.lovendal.ro\\\/wp52\\\/#\\\/schema\\\/person\\\/088691de5dfc346bb0c023e1e52ef5d9\"},\"headline\":\"Caz din arhiva MUFON &#8211; Barcelona, 1985: Un b\u0103rbat pretinde c\u0103 a fost r\u0103pit de extratere\u015ftri, ar fi fost clonat, iar apoi clona sa a fost observat\u0103 \u00een ora\u015f&#8230;\",\"datePublished\":\"2026-09-01T20:18:42+00:00\",\"mainEntityOfPage\":{\"@id\":\"https:\\\/\\\/www.lovendal.ro\\\/wp52\\\/caz-din-arhiva-mufon-barcelona-1985-un-barbat-pretinde-ca-a-fost-rapit-de-extraterestri-ar-fi-fost-clonat-iar-apoi-clona-sa-a-fost-observata-in-oras\\\/\"},\"wordCount\":852,\"publisher\":{\"@id\":\"https:\\\/\\\/www.lovendal.ro\\\/wp52\\\/#organization\"},\"image\":{\"@id\":\"https:\\\/\\\/www.lovendal.ro\\\/wp52\\\/caz-din-arhiva-mufon-barcelona-1985-un-barbat-pretinde-ca-a-fost-rapit-de-extraterestri-ar-fi-fost-clonat-iar-apoi-clona-sa-a-fost-observata-in-oras\\\/#primaryimage\"},\"thumbnailUrl\":\"https:\\\/\\\/www.lovendal.ro\\\/wp52\\\/wp-content\\\/uploads\\\/2026\\\/09\\\/Fotorapext.jpg\",\"keywords\":[\"Barcelona\",\"camer\u0103 foto\",\"clon\u0103\",\"Conspiratii si Mistere\",\"fotograf\",\"fotografie\",\"hipnoz\u0103\",\"ma\u015fin\u0103\",\"pe\u015fter\u0103\",\"r\u0103pire extraterestr\u0103\",\"Spania\"],\"articleSection\":[\"Conspiratii si Mistere\"],\"inLanguage\":\"ro-RO\"},{\"@type\":\"WebPage\",\"@id\":\"https:\\\/\\\/www.lovendal.ro\\\/wp52\\\/caz-din-arhiva-mufon-barcelona-1985-un-barbat-pretinde-ca-a-fost-rapit-de-extraterestri-ar-fi-fost-clonat-iar-apoi-clona-sa-a-fost-observata-in-oras\\\/\",\"url\":\"https:\\\/\\\/www.lovendal.ro\\\/wp52\\\/caz-din-arhiva-mufon-barcelona-1985-un-barbat-pretinde-ca-a-fost-rapit-de-extraterestri-ar-fi-fost-clonat-iar-apoi-clona-sa-a-fost-observata-in-oras\\\/\",\"name\":\"Caz din arhiva MUFON - Barcelona, 1985: Un b\u0103rbat pretinde c\u0103 a fost r\u0103pit de extratere\u015ftri, ar fi fost clonat, iar apoi clona sa a fost observat\u0103 \u00een ora\u015f... - Secretele lui Lovendal\",\"isPartOf\":{\"@id\":\"https:\\\/\\\/www.lovendal.ro\\\/wp52\\\/#website\"},\"primaryImageOfPage\":{\"@id\":\"https:\\\/\\\/www.lovendal.ro\\\/wp52\\\/caz-din-arhiva-mufon-barcelona-1985-un-barbat-pretinde-ca-a-fost-rapit-de-extraterestri-ar-fi-fost-clonat-iar-apoi-clona-sa-a-fost-observata-in-oras\\\/#primaryimage\"},\"image\":{\"@id\":\"https:\\\/\\\/www.lovendal.ro\\\/wp52\\\/caz-din-arhiva-mufon-barcelona-1985-un-barbat-pretinde-ca-a-fost-rapit-de-extraterestri-ar-fi-fost-clonat-iar-apoi-clona-sa-a-fost-observata-in-oras\\\/#primaryimage\"},\"thumbnailUrl\":\"https:\\\/\\\/www.lovendal.ro\\\/wp52\\\/wp-content\\\/uploads\\\/2026\\\/09\\\/Fotorapext.jpg\",\"datePublished\":\"2026-09-01T20:18:42+00:00\",\"breadcrumb\":{\"@id\":\"https:\\\/\\\/www.lovendal.ro\\\/wp52\\\/caz-din-arhiva-mufon-barcelona-1985-un-barbat-pretinde-ca-a-fost-rapit-de-extraterestri-ar-fi-fost-clonat-iar-apoi-clona-sa-a-fost-observata-in-oras\\\/#breadcrumb\"},\"inLanguage\":\"ro-RO\",\"potentialAction\":[{\"@type\":\"ReadAction\",\"target\":[\"https:\\\/\\\/www.lovendal.ro\\\/wp52\\\/caz-din-arhiva-mufon-barcelona-1985-un-barbat-pretinde-ca-a-fost-rapit-de-extraterestri-ar-fi-fost-clonat-iar-apoi-clona-sa-a-fost-observata-in-oras\\\/\"]}]},{\"@type\":\"ImageObject\",\"inLanguage\":\"ro-RO\",\"@id\":\"https:\\\/\\\/www.lovendal.ro\\\/wp52\\\/caz-din-arhiva-mufon-barcelona-1985-un-barbat-pretinde-ca-a-fost-rapit-de-extraterestri-ar-fi-fost-clonat-iar-apoi-clona-sa-a-fost-observata-in-oras\\\/#primaryimage\",\"url\":\"https:\\\/\\\/www.lovendal.ro\\\/wp52\\\/wp-content\\\/uploads\\\/2026\\\/09\\\/Fotorapext.jpg\",\"contentUrl\":\"https:\\\/\\\/www.lovendal.ro\\\/wp52\\\/wp-content\\\/uploads\\\/2026\\\/09\\\/Fotorapext.jpg\",\"width\":368,\"height\":359},{\"@type\":\"BreadcrumbList\",\"@id\":\"https:\\\/\\\/www.lovendal.ro\\\/wp52\\\/caz-din-arhiva-mufon-barcelona-1985-un-barbat-pretinde-ca-a-fost-rapit-de-extraterestri-ar-fi-fost-clonat-iar-apoi-clona-sa-a-fost-observata-in-oras\\\/#breadcrumb\",\"itemListElement\":[{\"@type\":\"ListItem\",\"position\":1,\"name\":\"Home\",\"item\":\"https:\\\/\\\/www.lovendal.ro\\\/wp52\\\/\"},{\"@type\":\"ListItem\",\"position\":2,\"name\":\"Caz din arhiva MUFON &#8211; Barcelona, 1985: Un b\u0103rbat pretinde c\u0103 a fost r\u0103pit de extratere\u015ftri, ar fi fost clonat, iar apoi clona sa a fost observat\u0103 \u00een ora\u015f&#8230;\"}]},{\"@type\":\"WebSite\",\"@id\":\"https:\\\/\\\/www.lovendal.ro\\\/wp52\\\/#website\",\"url\":\"https:\\\/\\\/www.lovendal.ro\\\/wp52\\\/\",\"name\":\"Secretele lui Lovendal\",\"description\":\"Site de secrete, stiinta si metafizica - din 2008 -\",\"publisher\":{\"@id\":\"https:\\\/\\\/www.lovendal.ro\\\/wp52\\\/#organization\"},\"potentialAction\":[{\"@type\":\"SearchAction\",\"target\":{\"@type\":\"EntryPoint\",\"urlTemplate\":\"https:\\\/\\\/www.lovendal.ro\\\/wp52\\\/?s={search_term_string}\"},\"query-input\":{\"@type\":\"PropertyValueSpecification\",\"valueRequired\":true,\"valueName\":\"search_term_string\"}}],\"inLanguage\":\"ro-RO\"},{\"@type\":\"Organization\",\"@id\":\"https:\\\/\\\/www.lovendal.ro\\\/wp52\\\/#organization\",\"name\":\"Secretele lui Lovendal\",\"url\":\"https:\\\/\\\/www.lovendal.ro\\\/wp52\\\/\",\"logo\":{\"@type\":\"ImageObject\",\"inLanguage\":\"ro-RO\",\"@id\":\"https:\\\/\\\/www.lovendal.ro\\\/wp52\\\/#\\\/schema\\\/logo\\\/image\\\/\",\"url\":\"https:\\\/\\\/www.lovendal.ro\\\/wp52\\\/wp-content\\\/uploads\\\/2024\\\/06\\\/cropped-SLL-iun-2024-1.jpg\",\"contentUrl\":\"https:\\\/\\\/www.lovendal.ro\\\/wp52\\\/wp-content\\\/uploads\\\/2024\\\/06\\\/cropped-SLL-iun-2024-1.jpg\",\"width\":771,\"height\":240,\"caption\":\"Secretele lui Lovendal\"},\"image\":{\"@id\":\"https:\\\/\\\/www.lovendal.ro\\\/wp52\\\/#\\\/schema\\\/logo\\\/image\\\/\"},\"sameAs\":[\"https:\\\/\\\/www.facebook.com\\\/secreteleluilovendal\"]},{\"@type\":\"Person\",\"@id\":\"https:\\\/\\\/www.lovendal.ro\\\/wp52\\\/#\\\/schema\\\/person\\\/088691de5dfc346bb0c023e1e52ef5d9\",\"name\":\"admin\",\"image\":{\"@type\":\"ImageObject\",\"inLanguage\":\"ro-RO\",\"@id\":\"https:\\\/\\\/secure.gravatar.com\\\/avatar\\\/ecb9cd41f5f63c9c9b989999a59f6e2639a865ec361e9db054db0679a8f341c2?s=96&d=mm&r=g\",\"url\":\"https:\\\/\\\/secure.gravatar.com\\\/avatar\\\/ecb9cd41f5f63c9c9b989999a59f6e2639a865ec361e9db054db0679a8f341c2?s=96&d=mm&r=g\",\"contentUrl\":\"https:\\\/\\\/secure.gravatar.com\\\/avatar\\\/ecb9cd41f5f63c9c9b989999a59f6e2639a865ec361e9db054db0679a8f341c2?s=96&d=mm&r=g\",\"caption\":\"admin\"},\"sameAs\":[\"https:\\\/\\\/www.lovendal.ro\\\/wp52\"]}]}<\/script>\n<!-- \/ Yoast SEO Premium plugin. -->","yoast_head_json":{"title":"Caz din arhiva MUFON - Barcelona, 1985: Un b\u0103rbat pretinde c\u0103 a fost r\u0103pit de extratere\u015ftri, ar fi fost clonat, iar apoi clona sa a fost observat\u0103 \u00een ora\u015f... - Secretele lui Lovendal","robots":{"index":"index","follow":"follow","max-snippet":"max-snippet:-1","max-image-preview":"max-image-preview:large","max-video-preview":"max-video-preview:-1"},"canonical":"https:\/\/www.lovendal.ro\/wp52\/caz-din-arhiva-mufon-barcelona-1985-un-barbat-pretinde-ca-a-fost-rapit-de-extraterestri-ar-fi-fost-clonat-iar-apoi-clona-sa-a-fost-observata-in-oras\/","og_locale":"ro_RO","og_type":"article","og_title":"Caz din arhiva MUFON - Barcelona, 1985: Un b\u0103rbat pretinde c\u0103 a fost r\u0103pit de extratere\u015ftri, ar fi fost clonat, iar apoi clona sa a fost observat\u0103 \u00een ora\u015f...","og_description":"Era duminic\u0103, 21 iulie 1985, ora 8 diminea\u021ba. Fotograful Xavier C., \u00een v\u00e2rst\u0103 de 23 de ani, a plecat de acas\u0103 din Barcelona \u0219i a condus ma\u015fina p\u00e2n\u0103 la dolmenul Pedra Gentil din Vallgorguina, la nord-est de Barcelona, \u200b\u200bpentru a ... Cititi mai multe","og_url":"https:\/\/www.lovendal.ro\/wp52\/caz-din-arhiva-mufon-barcelona-1985-un-barbat-pretinde-ca-a-fost-rapit-de-extraterestri-ar-fi-fost-clonat-iar-apoi-clona-sa-a-fost-observata-in-oras\/","og_site_name":"Secretele lui Lovendal","article_publisher":"https:\/\/www.facebook.com\/secreteleluilovendal","article_published_time":"2026-09-01T20:18:42+00:00","og_image":[{"width":368,"height":359,"url":"https:\/\/www.lovendal.ro\/wp52\/wp-content\/uploads\/2026\/09\/Fotorapext.jpg","type":"image\/jpeg"}],"author":"admin","twitter_card":"summary_large_image","twitter_misc":{"Scris de":"admin","Timp estimat pentru citire":"6 minute"},"schema":{"@context":"https:\/\/schema.org","@graph":[{"@type":"Article","@id":"https:\/\/www.lovendal.ro\/wp52\/caz-din-arhiva-mufon-barcelona-1985-un-barbat-pretinde-ca-a-fost-rapit-de-extraterestri-ar-fi-fost-clonat-iar-apoi-clona-sa-a-fost-observata-in-oras\/#article","isPartOf":{"@id":"https:\/\/www.lovendal.ro\/wp52\/caz-din-arhiva-mufon-barcelona-1985-un-barbat-pretinde-ca-a-fost-rapit-de-extraterestri-ar-fi-fost-clonat-iar-apoi-clona-sa-a-fost-observata-in-oras\/"},"author":{"name":"admin","@id":"https:\/\/www.lovendal.ro\/wp52\/#\/schema\/person\/088691de5dfc346bb0c023e1e52ef5d9"},"headline":"Caz din arhiva MUFON &#8211; Barcelona, 1985: Un b\u0103rbat pretinde c\u0103 a fost r\u0103pit de extratere\u015ftri, ar fi fost clonat, iar apoi clona sa a fost observat\u0103 \u00een ora\u015f&#8230;","datePublished":"2026-09-01T20:18:42+00:00","mainEntityOfPage":{"@id":"https:\/\/www.lovendal.ro\/wp52\/caz-din-arhiva-mufon-barcelona-1985-un-barbat-pretinde-ca-a-fost-rapit-de-extraterestri-ar-fi-fost-clonat-iar-apoi-clona-sa-a-fost-observata-in-oras\/"},"wordCount":852,"publisher":{"@id":"https:\/\/www.lovendal.ro\/wp52\/#organization"},"image":{"@id":"https:\/\/www.lovendal.ro\/wp52\/caz-din-arhiva-mufon-barcelona-1985-un-barbat-pretinde-ca-a-fost-rapit-de-extraterestri-ar-fi-fost-clonat-iar-apoi-clona-sa-a-fost-observata-in-oras\/#primaryimage"},"thumbnailUrl":"https:\/\/www.lovendal.ro\/wp52\/wp-content\/uploads\/2026\/09\/Fotorapext.jpg","keywords":["Barcelona","camer\u0103 foto","clon\u0103","Conspiratii si Mistere","fotograf","fotografie","hipnoz\u0103","ma\u015fin\u0103","pe\u015fter\u0103","r\u0103pire extraterestr\u0103","Spania"],"articleSection":["Conspiratii si Mistere"],"inLanguage":"ro-RO"},{"@type":"WebPage","@id":"https:\/\/www.lovendal.ro\/wp52\/caz-din-arhiva-mufon-barcelona-1985-un-barbat-pretinde-ca-a-fost-rapit-de-extraterestri-ar-fi-fost-clonat-iar-apoi-clona-sa-a-fost-observata-in-oras\/","url":"https:\/\/www.lovendal.ro\/wp52\/caz-din-arhiva-mufon-barcelona-1985-un-barbat-pretinde-ca-a-fost-rapit-de-extraterestri-ar-fi-fost-clonat-iar-apoi-clona-sa-a-fost-observata-in-oras\/","name":"Caz din arhiva MUFON - Barcelona, 1985: Un b\u0103rbat pretinde c\u0103 a fost r\u0103pit de extratere\u015ftri, ar fi fost clonat, iar apoi clona sa a fost observat\u0103 \u00een ora\u015f... - Secretele lui Lovendal","isPartOf":{"@id":"https:\/\/www.lovendal.ro\/wp52\/#website"},"primaryImageOfPage":{"@id":"https:\/\/www.lovendal.ro\/wp52\/caz-din-arhiva-mufon-barcelona-1985-un-barbat-pretinde-ca-a-fost-rapit-de-extraterestri-ar-fi-fost-clonat-iar-apoi-clona-sa-a-fost-observata-in-oras\/#primaryimage"},"image":{"@id":"https:\/\/www.lovendal.ro\/wp52\/caz-din-arhiva-mufon-barcelona-1985-un-barbat-pretinde-ca-a-fost-rapit-de-extraterestri-ar-fi-fost-clonat-iar-apoi-clona-sa-a-fost-observata-in-oras\/#primaryimage"},"thumbnailUrl":"https:\/\/www.lovendal.ro\/wp52\/wp-content\/uploads\/2026\/09\/Fotorapext.jpg","datePublished":"2026-09-01T20:18:42+00:00","breadcrumb":{"@id":"https:\/\/www.lovendal.ro\/wp52\/caz-din-arhiva-mufon-barcelona-1985-un-barbat-pretinde-ca-a-fost-rapit-de-extraterestri-ar-fi-fost-clonat-iar-apoi-clona-sa-a-fost-observata-in-oras\/#breadcrumb"},"inLanguage":"ro-RO","potentialAction":[{"@type":"ReadAction","target":["https:\/\/www.lovendal.ro\/wp52\/caz-din-arhiva-mufon-barcelona-1985-un-barbat-pretinde-ca-a-fost-rapit-de-extraterestri-ar-fi-fost-clonat-iar-apoi-clona-sa-a-fost-observata-in-oras\/"]}]},{"@type":"ImageObject","inLanguage":"ro-RO","@id":"https:\/\/www.lovendal.ro\/wp52\/caz-din-arhiva-mufon-barcelona-1985-un-barbat-pretinde-ca-a-fost-rapit-de-extraterestri-ar-fi-fost-clonat-iar-apoi-clona-sa-a-fost-observata-in-oras\/#primaryimage","url":"https:\/\/www.lovendal.ro\/wp52\/wp-content\/uploads\/2026\/09\/Fotorapext.jpg","contentUrl":"https:\/\/www.lovendal.ro\/wp52\/wp-content\/uploads\/2026\/09\/Fotorapext.jpg","width":368,"height":359},{"@type":"BreadcrumbList","@id":"https:\/\/www.lovendal.ro\/wp52\/caz-din-arhiva-mufon-barcelona-1985-un-barbat-pretinde-ca-a-fost-rapit-de-extraterestri-ar-fi-fost-clonat-iar-apoi-clona-sa-a-fost-observata-in-oras\/#breadcrumb","itemListElement":[{"@type":"ListItem","position":1,"name":"Home","item":"https:\/\/www.lovendal.ro\/wp52\/"},{"@type":"ListItem","position":2,"name":"Caz din arhiva MUFON &#8211; Barcelona, 1985: Un b\u0103rbat pretinde c\u0103 a fost r\u0103pit de extratere\u015ftri, ar fi fost clonat, iar apoi clona sa a fost observat\u0103 \u00een ora\u015f&#8230;"}]},{"@type":"WebSite","@id":"https:\/\/www.lovendal.ro\/wp52\/#website","url":"https:\/\/www.lovendal.ro\/wp52\/","name":"Secretele lui Lovendal","description":"Site de secrete, stiinta si metafizica - din 2008 -","publisher":{"@id":"https:\/\/www.lovendal.ro\/wp52\/#organization"},"potentialAction":[{"@type":"SearchAction","target":{"@type":"EntryPoint","urlTemplate":"https:\/\/www.lovendal.ro\/wp52\/?s={search_term_string}"},"query-input":{"@type":"PropertyValueSpecification","valueRequired":true,"valueName":"search_term_string"}}],"inLanguage":"ro-RO"},{"@type":"Organization","@id":"https:\/\/www.lovendal.ro\/wp52\/#organization","name":"Secretele lui Lovendal","url":"https:\/\/www.lovendal.ro\/wp52\/","logo":{"@type":"ImageObject","inLanguage":"ro-RO","@id":"https:\/\/www.lovendal.ro\/wp52\/#\/schema\/logo\/image\/","url":"https:\/\/www.lovendal.ro\/wp52\/wp-content\/uploads\/2024\/06\/cropped-SLL-iun-2024-1.jpg","contentUrl":"https:\/\/www.lovendal.ro\/wp52\/wp-content\/uploads\/2024\/06\/cropped-SLL-iun-2024-1.jpg","width":771,"height":240,"caption":"Secretele lui Lovendal"},"image":{"@id":"https:\/\/www.lovendal.ro\/wp52\/#\/schema\/logo\/image\/"},"sameAs":["https:\/\/www.facebook.com\/secreteleluilovendal"]},{"@type":"Person","@id":"https:\/\/www.lovendal.ro\/wp52\/#\/schema\/person\/088691de5dfc346bb0c023e1e52ef5d9","name":"admin","image":{"@type":"ImageObject","inLanguage":"ro-RO","@id":"https:\/\/secure.gravatar.com\/avatar\/ecb9cd41f5f63c9c9b989999a59f6e2639a865ec361e9db054db0679a8f341c2?s=96&d=mm&r=g","url":"https:\/\/secure.gravatar.com\/avatar\/ecb9cd41f5f63c9c9b989999a59f6e2639a865ec361e9db054db0679a8f341c2?s=96&d=mm&r=g","contentUrl":"https:\/\/secure.gravatar.com\/avatar\/ecb9cd41f5f63c9c9b989999a59f6e2639a865ec361e9db054db0679a8f341c2?s=96&d=mm&r=g","caption":"admin"},"sameAs":["https:\/\/www.lovendal.ro\/wp52"]}]}},"_links":{"self":[{"href":"https:\/\/www.lovendal.ro\/wp52\/wp-json\/wp\/v2\/posts\/103271","targetHints":{"allow":["GET"]}}],"collection":[{"href":"https:\/\/www.lovendal.ro\/wp52\/wp-json\/wp\/v2\/posts"}],"about":[{"href":"https:\/\/www.lovendal.ro\/wp52\/wp-json\/wp\/v2\/types\/post"}],"author":[{"embeddable":true,"href":"https:\/\/www.lovendal.ro\/wp52\/wp-json\/wp\/v2\/users\/1"}],"replies":[{"embeddable":true,"href":"https:\/\/www.lovendal.ro\/wp52\/wp-json\/wp\/v2\/comments?post=103271"}],"version-history":[{"count":1,"href":"https:\/\/www.lovendal.ro\/wp52\/wp-json\/wp\/v2\/posts\/103271\/revisions"}],"predecessor-version":[{"id":103276,"href":"https:\/\/www.lovendal.ro\/wp52\/wp-json\/wp\/v2\/posts\/103271\/revisions\/103276"}],"wp:featuredmedia":[{"embeddable":true,"href":"https:\/\/www.lovendal.ro\/wp52\/wp-json\/wp\/v2\/media\/103272"}],"wp:attachment":[{"href":"https:\/\/www.lovendal.ro\/wp52\/wp-json\/wp\/v2\/media?parent=103271"}],"wp:term":[{"taxonomy":"category","embeddable":true,"href":"https:\/\/www.lovendal.ro\/wp52\/wp-json\/wp\/v2\/categories?post=103271"},{"taxonomy":"post_tag","embeddable":true,"href":"https:\/\/www.lovendal.ro\/wp52\/wp-json\/wp\/v2\/tags?post=103271"}],"curies":[{"name":"wp","href":"https:\/\/api.w.org\/{rel}","templated":true}]}}