{"id":10286,"date":"2010-01-08T14:50:41","date_gmt":"2010-01-08T12:50:41","guid":{"rendered":"http:\/\/www.lovendal.net\/wp52\/?p=10286"},"modified":"2010-01-16T18:35:12","modified_gmt":"2010-01-16T16:35:12","slug":"fratii-grimm-si-au-inselat-cititorii-cu-celebrele-lor-basme","status":"publish","type":"post","link":"https:\/\/www.lovendal.ro\/wp52\/fratii-grimm-si-au-inselat-cititorii-cu-celebrele-lor-basme\/","title":{"rendered":"Fra\u0163ii Grimm \u015fi-au \u00een\u015felat cititorii cu celebrele lor basme"},"content":{"rendered":"<p><a href=\"https:\/\/www.lovendal.ro\/wp52\/wp-content\/uploads\/2010\/01\/fratii-grimm.jpg\"><img loading=\"lazy\" decoding=\"async\" class=\"alignleft size-full wp-image-10287\" title=\"fratii grimm\" src=\"https:\/\/www.lovendal.ro\/wp52\/wp-content\/uploads\/2010\/01\/fratii-grimm.jpg\" alt=\"fratii grimm\" width=\"270\" height=\"253\" \/><\/a>Jacob (1785-1863) \u015fi Wilhelm (1786-1859) Grimm \u015fi-au c\u00e2\u015ftigat faima \u00een urma public\u0103rii colec\u0163iei de pove\u015fti <em>Kinder und Hausm\u0103rchen, \u201eBasmele fra\u0163ilor Grimm&#8221;<\/em> (1812-1822). N\u0103scu\u0163i la Hanau, cei doi r\u0103m\u00e2n figuri respectate pe plan interna\u0163ional pentru c\u0103 au pus bazele studiului folclorului ca \u015ftiin\u0163\u0103. Ambasador al landului Hessen la Paris \u00eentre 1814 \u015fi 1815, Jacob i s-a al\u0103turat fratelui sau pentru a lucra la biblioteca principelui elector din Kassel, unde au produs aceast\u0103 colec\u0163ie plin\u0103 de str\u0103danie, compus\u0103 din aproape 200 de basme &#8211; inspirate, spuneau ei, din bogata \u015fi frumoasa tradi\u0163ie oral\u0103 a Germaniei. Cei doi fra\u0163i \u00eei ascultaser\u0103 pe \u0163\u0103rani \u015fi a\u015fternuser\u0103 apoi pe h\u00e2rtie ceea ce auziser\u0103.<\/p>\n<p>\u00cen urm\u0103torii ani, dup\u0103 marele succes \u00eenregistrat de aceste povestiri, cei doi fra\u0163i au publicat multe alte colec\u0163ii de legende str\u0103vechi germane, scandinave, irlandeze \u015fi alte texte, pe atunci lucr\u0103ri filologice, dic\u0163ionare \u015fi c\u0103r\u0163i de gramatic\u0103, toate foarte bine primite de c\u0103tre public.<\/p>\n<p>Fra\u0163ii Grimm au murit c\u00e2nd reputa\u0163ia lor era \u00eenc\u0103 stabil\u0103 \u015fi au r\u0103mas at\u00e2t \u00een istoria literaturii c\u00e2t \u015fi \u00een amintirea cititorilor pentru basme precum <em>Hansel \u015fi Gretel, Prin\u0163ul broscoi \u015fi G\u00e2sca de aur<\/em>. Totu\u015fi, aceste pove\u015fti au fost culese nu de la \u201esimpli \u0163\u0103rani&#8221;, ci de la prieteni \u015fi rude bine \u00eenst\u0103rite; practic, fiecare basm a fost rescris \u00een mod drastic \u015fi apoi publicat. \u00cen\u015fel\u00e2nd cu privire la sursele lor de inspira\u0163ie \u015fi informare, cei doi au distrus deliberat manuscrisele originale, apoi au min\u0163it \u00eencep\u00e2nd cu propriile revizuiri p\u00e2n\u0103 la propriile texte tip\u0103rite.<\/p>\n<p>\u00centreaga istorie, care r\u0103m\u00e2ne totu\u015fi greu de acceptat (dac\u0103 nu putem avea \u00eencredere \u00een povestitorii de basme pentru copii, atunci \u00een cine putem avea \u00eencredere?) este spus\u0103 de John M. Ellis, profesor de literatur\u0103 german\u0103 la Universitatea California, din Santa Cruz, \u00een cartea sa, <em>Un basm \u00een plus<\/em> (1983).<\/p>\n","protected":false},"excerpt":{"rendered":"<p>Jacob (1785-1863) \u015fi Wilhelm (1786-1859) Grimm \u015fi-au c\u00e2\u015ftigat faima \u00een urma public\u0103rii colec\u0163iei de pove\u015fti Kinder und Hausm\u0103rchen, \u201eBasmele fra\u0163ilor Grimm&#8221; (1812-1822). N\u0103scu\u0163i la Hanau, cei doi r\u0103m\u00e2n figuri respectate pe plan interna\u0163ional pentru c\u0103 au pus bazele studiului folclorului &#8230; <\/p>\n<p class=\"read-more-container\"><a title=\"Fra\u0163ii Grimm \u015fi-au \u00een\u015felat cititorii cu celebrele lor basme\" class=\"read-more button\" href=\"https:\/\/www.lovendal.ro\/wp52\/fratii-grimm-si-au-inselat-cititorii-cu-celebrele-lor-basme\/#more-10286\" aria-label=\"Cite\u0219te mai multe despre Fra\u0163ii Grimm \u015fi-au \u00een\u015felat cititorii cu celebrele lor basme\">Cititi mai multe<\/a><\/p>\n","protected":false},"author":1,"featured_media":10287,"comment_status":"open","ping_status":"closed","sticky":false,"template":"","format":"standard","meta":{"footnotes":""},"categories":[28],"tags":[2789,9798,2788,203],"class_list":["post-10286","post","type-post","status-publish","format-standard","has-post-thumbnail","hentry","category-cultura","tag-basme","tag-cultura","tag-fratii-grimm","tag-germania","resize-featured-image"],"yoast_head":"<!-- This site is optimized with the Yoast SEO Premium plugin v23.3 (Yoast SEO v27.4) - https:\/\/yoast.com\/product\/yoast-seo-premium-wordpress\/ -->\n<title>Fra\u0163ii Grimm \u015fi-au \u00een\u015felat cititorii cu celebrele lor basme - Secretele lui Lovendal<\/title>\n<meta name=\"robots\" content=\"index, follow, max-snippet:-1, max-image-preview:large, max-video-preview:-1\" \/>\n<link rel=\"canonical\" href=\"https:\/\/www.lovendal.ro\/wp52\/fratii-grimm-si-au-inselat-cititorii-cu-celebrele-lor-basme\/\" \/>\n<meta property=\"og:locale\" content=\"ro_RO\" \/>\n<meta property=\"og:type\" content=\"article\" \/>\n<meta property=\"og:title\" content=\"Fra\u0163ii Grimm \u015fi-au \u00een\u015felat cititorii cu celebrele lor basme\" \/>\n<meta property=\"og:description\" content=\"Jacob (1785-1863) \u015fi Wilhelm (1786-1859) Grimm \u015fi-au c\u00e2\u015ftigat faima \u00een urma public\u0103rii colec\u0163iei de pove\u015fti Kinder und Hausm\u0103rchen, \u201eBasmele fra\u0163ilor Grimm&#8221; (1812-1822). N\u0103scu\u0163i la Hanau, cei doi r\u0103m\u00e2n figuri respectate pe plan interna\u0163ional pentru c\u0103 au pus bazele studiului folclorului ... Cititi mai multe\" \/>\n<meta property=\"og:url\" content=\"https:\/\/www.lovendal.ro\/wp52\/fratii-grimm-si-au-inselat-cititorii-cu-celebrele-lor-basme\/\" \/>\n<meta property=\"og:site_name\" content=\"Secretele lui Lovendal\" \/>\n<meta property=\"article:publisher\" content=\"https:\/\/www.facebook.com\/secreteleluilovendal\" \/>\n<meta property=\"article:published_time\" content=\"2010-01-08T12:50:41+00:00\" \/>\n<meta property=\"article:modified_time\" content=\"2010-01-16T16:35:12+00:00\" \/>\n<meta property=\"og:image\" content=\"https:\/\/www.lovendal.ro\/wp52\/wp-content\/uploads\/2010\/01\/fratii-grimm.jpg\" \/>\n\t<meta property=\"og:image:width\" content=\"270\" \/>\n\t<meta property=\"og:image:height\" content=\"253\" \/>\n\t<meta property=\"og:image:type\" content=\"image\/jpeg\" \/>\n<meta name=\"author\" content=\"admin\" \/>\n<meta name=\"twitter:card\" content=\"summary_large_image\" \/>\n<meta name=\"twitter:label1\" content=\"Scris de\" \/>\n\t<meta name=\"twitter:data1\" content=\"admin\" \/>\n\t<meta name=\"twitter:label2\" content=\"Timp estimat pentru citire\" \/>\n\t<meta name=\"twitter:data2\" content=\"2 minute\" \/>\n<script type=\"application\/ld+json\" class=\"yoast-schema-graph\">{\"@context\":\"https:\\\/\\\/schema.org\",\"@graph\":[{\"@type\":\"Article\",\"@id\":\"https:\\\/\\\/www.lovendal.ro\\\/wp52\\\/fratii-grimm-si-au-inselat-cititorii-cu-celebrele-lor-basme\\\/#article\",\"isPartOf\":{\"@id\":\"https:\\\/\\\/www.lovendal.ro\\\/wp52\\\/fratii-grimm-si-au-inselat-cititorii-cu-celebrele-lor-basme\\\/\"},\"author\":{\"name\":\"admin\",\"@id\":\"https:\\\/\\\/www.lovendal.ro\\\/wp52\\\/#\\\/schema\\\/person\\\/088691de5dfc346bb0c023e1e52ef5d9\"},\"headline\":\"Fra\u0163ii Grimm \u015fi-au \u00een\u015felat cititorii cu celebrele lor basme\",\"datePublished\":\"2010-01-08T12:50:41+00:00\",\"dateModified\":\"2010-01-16T16:35:12+00:00\",\"mainEntityOfPage\":{\"@id\":\"https:\\\/\\\/www.lovendal.ro\\\/wp52\\\/fratii-grimm-si-au-inselat-cititorii-cu-celebrele-lor-basme\\\/\"},\"wordCount\":349,\"commentCount\":3,\"publisher\":{\"@id\":\"https:\\\/\\\/www.lovendal.ro\\\/wp52\\\/#organization\"},\"image\":{\"@id\":\"https:\\\/\\\/www.lovendal.ro\\\/wp52\\\/fratii-grimm-si-au-inselat-cititorii-cu-celebrele-lor-basme\\\/#primaryimage\"},\"thumbnailUrl\":\"https:\\\/\\\/www.lovendal.ro\\\/wp52\\\/wp-content\\\/uploads\\\/2010\\\/01\\\/fratii-grimm.jpg\",\"keywords\":[\"basme\",\"Cultura\",\"Fra\u0163ii Grimm\",\"Germania\"],\"articleSection\":[\"Cultura\"],\"inLanguage\":\"ro-RO\",\"potentialAction\":[{\"@type\":\"CommentAction\",\"name\":\"Comment\",\"target\":[\"https:\\\/\\\/www.lovendal.ro\\\/wp52\\\/fratii-grimm-si-au-inselat-cititorii-cu-celebrele-lor-basme\\\/#respond\"]}]},{\"@type\":\"WebPage\",\"@id\":\"https:\\\/\\\/www.lovendal.ro\\\/wp52\\\/fratii-grimm-si-au-inselat-cititorii-cu-celebrele-lor-basme\\\/\",\"url\":\"https:\\\/\\\/www.lovendal.ro\\\/wp52\\\/fratii-grimm-si-au-inselat-cititorii-cu-celebrele-lor-basme\\\/\",\"name\":\"Fra\u0163ii Grimm \u015fi-au \u00een\u015felat cititorii cu celebrele lor basme - Secretele lui Lovendal\",\"isPartOf\":{\"@id\":\"https:\\\/\\\/www.lovendal.ro\\\/wp52\\\/#website\"},\"primaryImageOfPage\":{\"@id\":\"https:\\\/\\\/www.lovendal.ro\\\/wp52\\\/fratii-grimm-si-au-inselat-cititorii-cu-celebrele-lor-basme\\\/#primaryimage\"},\"image\":{\"@id\":\"https:\\\/\\\/www.lovendal.ro\\\/wp52\\\/fratii-grimm-si-au-inselat-cititorii-cu-celebrele-lor-basme\\\/#primaryimage\"},\"thumbnailUrl\":\"https:\\\/\\\/www.lovendal.ro\\\/wp52\\\/wp-content\\\/uploads\\\/2010\\\/01\\\/fratii-grimm.jpg\",\"datePublished\":\"2010-01-08T12:50:41+00:00\",\"dateModified\":\"2010-01-16T16:35:12+00:00\",\"breadcrumb\":{\"@id\":\"https:\\\/\\\/www.lovendal.ro\\\/wp52\\\/fratii-grimm-si-au-inselat-cititorii-cu-celebrele-lor-basme\\\/#breadcrumb\"},\"inLanguage\":\"ro-RO\",\"potentialAction\":[{\"@type\":\"ReadAction\",\"target\":[\"https:\\\/\\\/www.lovendal.ro\\\/wp52\\\/fratii-grimm-si-au-inselat-cititorii-cu-celebrele-lor-basme\\\/\"]}]},{\"@type\":\"ImageObject\",\"inLanguage\":\"ro-RO\",\"@id\":\"https:\\\/\\\/www.lovendal.ro\\\/wp52\\\/fratii-grimm-si-au-inselat-cititorii-cu-celebrele-lor-basme\\\/#primaryimage\",\"url\":\"https:\\\/\\\/www.lovendal.ro\\\/wp52\\\/wp-content\\\/uploads\\\/2010\\\/01\\\/fratii-grimm.jpg\",\"contentUrl\":\"https:\\\/\\\/www.lovendal.ro\\\/wp52\\\/wp-content\\\/uploads\\\/2010\\\/01\\\/fratii-grimm.jpg\",\"width\":\"270\",\"height\":\"253\"},{\"@type\":\"BreadcrumbList\",\"@id\":\"https:\\\/\\\/www.lovendal.ro\\\/wp52\\\/fratii-grimm-si-au-inselat-cititorii-cu-celebrele-lor-basme\\\/#breadcrumb\",\"itemListElement\":[{\"@type\":\"ListItem\",\"position\":1,\"name\":\"Home\",\"item\":\"https:\\\/\\\/www.lovendal.ro\\\/wp52\\\/\"},{\"@type\":\"ListItem\",\"position\":2,\"name\":\"Fra\u0163ii Grimm \u015fi-au \u00een\u015felat cititorii cu celebrele lor basme\"}]},{\"@type\":\"WebSite\",\"@id\":\"https:\\\/\\\/www.lovendal.ro\\\/wp52\\\/#website\",\"url\":\"https:\\\/\\\/www.lovendal.ro\\\/wp52\\\/\",\"name\":\"Secretele lui Lovendal\",\"description\":\"Site de secrete, stiinta si metafizica - din 2008 -\",\"publisher\":{\"@id\":\"https:\\\/\\\/www.lovendal.ro\\\/wp52\\\/#organization\"},\"potentialAction\":[{\"@type\":\"SearchAction\",\"target\":{\"@type\":\"EntryPoint\",\"urlTemplate\":\"https:\\\/\\\/www.lovendal.ro\\\/wp52\\\/?s={search_term_string}\"},\"query-input\":{\"@type\":\"PropertyValueSpecification\",\"valueRequired\":true,\"valueName\":\"search_term_string\"}}],\"inLanguage\":\"ro-RO\"},{\"@type\":\"Organization\",\"@id\":\"https:\\\/\\\/www.lovendal.ro\\\/wp52\\\/#organization\",\"name\":\"Secretele lui Lovendal\",\"url\":\"https:\\\/\\\/www.lovendal.ro\\\/wp52\\\/\",\"logo\":{\"@type\":\"ImageObject\",\"inLanguage\":\"ro-RO\",\"@id\":\"https:\\\/\\\/www.lovendal.ro\\\/wp52\\\/#\\\/schema\\\/logo\\\/image\\\/\",\"url\":\"https:\\\/\\\/www.lovendal.ro\\\/wp52\\\/wp-content\\\/uploads\\\/2024\\\/06\\\/cropped-SLL-iun-2024-1.jpg\",\"contentUrl\":\"https:\\\/\\\/www.lovendal.ro\\\/wp52\\\/wp-content\\\/uploads\\\/2024\\\/06\\\/cropped-SLL-iun-2024-1.jpg\",\"width\":771,\"height\":240,\"caption\":\"Secretele lui Lovendal\"},\"image\":{\"@id\":\"https:\\\/\\\/www.lovendal.ro\\\/wp52\\\/#\\\/schema\\\/logo\\\/image\\\/\"},\"sameAs\":[\"https:\\\/\\\/www.facebook.com\\\/secreteleluilovendal\"]},{\"@type\":\"Person\",\"@id\":\"https:\\\/\\\/www.lovendal.ro\\\/wp52\\\/#\\\/schema\\\/person\\\/088691de5dfc346bb0c023e1e52ef5d9\",\"name\":\"admin\",\"image\":{\"@type\":\"ImageObject\",\"inLanguage\":\"ro-RO\",\"@id\":\"https:\\\/\\\/secure.gravatar.com\\\/avatar\\\/ecb9cd41f5f63c9c9b989999a59f6e2639a865ec361e9db054db0679a8f341c2?s=96&d=mm&r=g\",\"url\":\"https:\\\/\\\/secure.gravatar.com\\\/avatar\\\/ecb9cd41f5f63c9c9b989999a59f6e2639a865ec361e9db054db0679a8f341c2?s=96&d=mm&r=g\",\"contentUrl\":\"https:\\\/\\\/secure.gravatar.com\\\/avatar\\\/ecb9cd41f5f63c9c9b989999a59f6e2639a865ec361e9db054db0679a8f341c2?s=96&d=mm&r=g\",\"caption\":\"admin\"},\"sameAs\":[\"https:\\\/\\\/www.lovendal.ro\\\/wp52\"]}]}<\/script>\n<!-- \/ Yoast SEO Premium plugin. -->","yoast_head_json":{"title":"Fra\u0163ii Grimm \u015fi-au \u00een\u015felat cititorii cu celebrele lor basme - Secretele lui Lovendal","robots":{"index":"index","follow":"follow","max-snippet":"max-snippet:-1","max-image-preview":"max-image-preview:large","max-video-preview":"max-video-preview:-1"},"canonical":"https:\/\/www.lovendal.ro\/wp52\/fratii-grimm-si-au-inselat-cititorii-cu-celebrele-lor-basme\/","og_locale":"ro_RO","og_type":"article","og_title":"Fra\u0163ii Grimm \u015fi-au \u00een\u015felat cititorii cu celebrele lor basme","og_description":"Jacob (1785-1863) \u015fi Wilhelm (1786-1859) Grimm \u015fi-au c\u00e2\u015ftigat faima \u00een urma public\u0103rii colec\u0163iei de pove\u015fti Kinder und Hausm\u0103rchen, \u201eBasmele fra\u0163ilor Grimm&#8221; (1812-1822). N\u0103scu\u0163i la Hanau, cei doi r\u0103m\u00e2n figuri respectate pe plan interna\u0163ional pentru c\u0103 au pus bazele studiului folclorului ... Cititi mai multe","og_url":"https:\/\/www.lovendal.ro\/wp52\/fratii-grimm-si-au-inselat-cititorii-cu-celebrele-lor-basme\/","og_site_name":"Secretele lui Lovendal","article_publisher":"https:\/\/www.facebook.com\/secreteleluilovendal","article_published_time":"2010-01-08T12:50:41+00:00","article_modified_time":"2010-01-16T16:35:12+00:00","og_image":[{"width":270,"height":253,"url":"https:\/\/www.lovendal.ro\/wp52\/wp-content\/uploads\/2010\/01\/fratii-grimm.jpg","type":"image\/jpeg"}],"author":"admin","twitter_card":"summary_large_image","twitter_misc":{"Scris de":"admin","Timp estimat pentru citire":"2 minute"},"schema":{"@context":"https:\/\/schema.org","@graph":[{"@type":"Article","@id":"https:\/\/www.lovendal.ro\/wp52\/fratii-grimm-si-au-inselat-cititorii-cu-celebrele-lor-basme\/#article","isPartOf":{"@id":"https:\/\/www.lovendal.ro\/wp52\/fratii-grimm-si-au-inselat-cititorii-cu-celebrele-lor-basme\/"},"author":{"name":"admin","@id":"https:\/\/www.lovendal.ro\/wp52\/#\/schema\/person\/088691de5dfc346bb0c023e1e52ef5d9"},"headline":"Fra\u0163ii Grimm \u015fi-au \u00een\u015felat cititorii cu celebrele lor basme","datePublished":"2010-01-08T12:50:41+00:00","dateModified":"2010-01-16T16:35:12+00:00","mainEntityOfPage":{"@id":"https:\/\/www.lovendal.ro\/wp52\/fratii-grimm-si-au-inselat-cititorii-cu-celebrele-lor-basme\/"},"wordCount":349,"commentCount":3,"publisher":{"@id":"https:\/\/www.lovendal.ro\/wp52\/#organization"},"image":{"@id":"https:\/\/www.lovendal.ro\/wp52\/fratii-grimm-si-au-inselat-cititorii-cu-celebrele-lor-basme\/#primaryimage"},"thumbnailUrl":"https:\/\/www.lovendal.ro\/wp52\/wp-content\/uploads\/2010\/01\/fratii-grimm.jpg","keywords":["basme","Cultura","Fra\u0163ii Grimm","Germania"],"articleSection":["Cultura"],"inLanguage":"ro-RO","potentialAction":[{"@type":"CommentAction","name":"Comment","target":["https:\/\/www.lovendal.ro\/wp52\/fratii-grimm-si-au-inselat-cititorii-cu-celebrele-lor-basme\/#respond"]}]},{"@type":"WebPage","@id":"https:\/\/www.lovendal.ro\/wp52\/fratii-grimm-si-au-inselat-cititorii-cu-celebrele-lor-basme\/","url":"https:\/\/www.lovendal.ro\/wp52\/fratii-grimm-si-au-inselat-cititorii-cu-celebrele-lor-basme\/","name":"Fra\u0163ii Grimm \u015fi-au \u00een\u015felat cititorii cu celebrele lor basme - Secretele lui Lovendal","isPartOf":{"@id":"https:\/\/www.lovendal.ro\/wp52\/#website"},"primaryImageOfPage":{"@id":"https:\/\/www.lovendal.ro\/wp52\/fratii-grimm-si-au-inselat-cititorii-cu-celebrele-lor-basme\/#primaryimage"},"image":{"@id":"https:\/\/www.lovendal.ro\/wp52\/fratii-grimm-si-au-inselat-cititorii-cu-celebrele-lor-basme\/#primaryimage"},"thumbnailUrl":"https:\/\/www.lovendal.ro\/wp52\/wp-content\/uploads\/2010\/01\/fratii-grimm.jpg","datePublished":"2010-01-08T12:50:41+00:00","dateModified":"2010-01-16T16:35:12+00:00","breadcrumb":{"@id":"https:\/\/www.lovendal.ro\/wp52\/fratii-grimm-si-au-inselat-cititorii-cu-celebrele-lor-basme\/#breadcrumb"},"inLanguage":"ro-RO","potentialAction":[{"@type":"ReadAction","target":["https:\/\/www.lovendal.ro\/wp52\/fratii-grimm-si-au-inselat-cititorii-cu-celebrele-lor-basme\/"]}]},{"@type":"ImageObject","inLanguage":"ro-RO","@id":"https:\/\/www.lovendal.ro\/wp52\/fratii-grimm-si-au-inselat-cititorii-cu-celebrele-lor-basme\/#primaryimage","url":"https:\/\/www.lovendal.ro\/wp52\/wp-content\/uploads\/2010\/01\/fratii-grimm.jpg","contentUrl":"https:\/\/www.lovendal.ro\/wp52\/wp-content\/uploads\/2010\/01\/fratii-grimm.jpg","width":"270","height":"253"},{"@type":"BreadcrumbList","@id":"https:\/\/www.lovendal.ro\/wp52\/fratii-grimm-si-au-inselat-cititorii-cu-celebrele-lor-basme\/#breadcrumb","itemListElement":[{"@type":"ListItem","position":1,"name":"Home","item":"https:\/\/www.lovendal.ro\/wp52\/"},{"@type":"ListItem","position":2,"name":"Fra\u0163ii Grimm \u015fi-au \u00een\u015felat cititorii cu celebrele lor basme"}]},{"@type":"WebSite","@id":"https:\/\/www.lovendal.ro\/wp52\/#website","url":"https:\/\/www.lovendal.ro\/wp52\/","name":"Secretele lui Lovendal","description":"Site de secrete, stiinta si metafizica - din 2008 -","publisher":{"@id":"https:\/\/www.lovendal.ro\/wp52\/#organization"},"potentialAction":[{"@type":"SearchAction","target":{"@type":"EntryPoint","urlTemplate":"https:\/\/www.lovendal.ro\/wp52\/?s={search_term_string}"},"query-input":{"@type":"PropertyValueSpecification","valueRequired":true,"valueName":"search_term_string"}}],"inLanguage":"ro-RO"},{"@type":"Organization","@id":"https:\/\/www.lovendal.ro\/wp52\/#organization","name":"Secretele lui Lovendal","url":"https:\/\/www.lovendal.ro\/wp52\/","logo":{"@type":"ImageObject","inLanguage":"ro-RO","@id":"https:\/\/www.lovendal.ro\/wp52\/#\/schema\/logo\/image\/","url":"https:\/\/www.lovendal.ro\/wp52\/wp-content\/uploads\/2024\/06\/cropped-SLL-iun-2024-1.jpg","contentUrl":"https:\/\/www.lovendal.ro\/wp52\/wp-content\/uploads\/2024\/06\/cropped-SLL-iun-2024-1.jpg","width":771,"height":240,"caption":"Secretele lui Lovendal"},"image":{"@id":"https:\/\/www.lovendal.ro\/wp52\/#\/schema\/logo\/image\/"},"sameAs":["https:\/\/www.facebook.com\/secreteleluilovendal"]},{"@type":"Person","@id":"https:\/\/www.lovendal.ro\/wp52\/#\/schema\/person\/088691de5dfc346bb0c023e1e52ef5d9","name":"admin","image":{"@type":"ImageObject","inLanguage":"ro-RO","@id":"https:\/\/secure.gravatar.com\/avatar\/ecb9cd41f5f63c9c9b989999a59f6e2639a865ec361e9db054db0679a8f341c2?s=96&d=mm&r=g","url":"https:\/\/secure.gravatar.com\/avatar\/ecb9cd41f5f63c9c9b989999a59f6e2639a865ec361e9db054db0679a8f341c2?s=96&d=mm&r=g","contentUrl":"https:\/\/secure.gravatar.com\/avatar\/ecb9cd41f5f63c9c9b989999a59f6e2639a865ec361e9db054db0679a8f341c2?s=96&d=mm&r=g","caption":"admin"},"sameAs":["https:\/\/www.lovendal.ro\/wp52"]}]}},"_links":{"self":[{"href":"https:\/\/www.lovendal.ro\/wp52\/wp-json\/wp\/v2\/posts\/10286","targetHints":{"allow":["GET"]}}],"collection":[{"href":"https:\/\/www.lovendal.ro\/wp52\/wp-json\/wp\/v2\/posts"}],"about":[{"href":"https:\/\/www.lovendal.ro\/wp52\/wp-json\/wp\/v2\/types\/post"}],"author":[{"embeddable":true,"href":"https:\/\/www.lovendal.ro\/wp52\/wp-json\/wp\/v2\/users\/1"}],"replies":[{"embeddable":true,"href":"https:\/\/www.lovendal.ro\/wp52\/wp-json\/wp\/v2\/comments?post=10286"}],"version-history":[{"count":0,"href":"https:\/\/www.lovendal.ro\/wp52\/wp-json\/wp\/v2\/posts\/10286\/revisions"}],"wp:featuredmedia":[{"embeddable":true,"href":"https:\/\/www.lovendal.ro\/wp52\/wp-json\/wp\/v2\/media\/10287"}],"wp:attachment":[{"href":"https:\/\/www.lovendal.ro\/wp52\/wp-json\/wp\/v2\/media?parent=10286"}],"wp:term":[{"taxonomy":"category","embeddable":true,"href":"https:\/\/www.lovendal.ro\/wp52\/wp-json\/wp\/v2\/categories?post=10286"},{"taxonomy":"post_tag","embeddable":true,"href":"https:\/\/www.lovendal.ro\/wp52\/wp-json\/wp\/v2\/tags?post=10286"}],"curies":[{"name":"wp","href":"https:\/\/api.w.org\/{rel}","templated":true}]}}