{"id":102350,"date":"2026-05-03T09:22:46","date_gmt":"2026-05-03T06:22:46","guid":{"rendered":"https:\/\/www.lovendal.ro\/wp52\/?p=102350"},"modified":"2026-05-03T09:22:46","modified_gmt":"2026-05-03T06:22:46","slug":"masina-unui-barbat-este-atinsa-noaptea-de-un-fulger-in-timp-ce-traversa-calea-ferata-ducandu-l-instantaneu-intr-o-lume-paralela-sau-intr-un-viitor-indepartat-ce-a-vazut-acolo","status":"publish","type":"post","link":"https:\/\/www.lovendal.ro\/wp52\/masina-unui-barbat-este-atinsa-noaptea-de-un-fulger-in-timp-ce-traversa-calea-ferata-ducandu-l-instantaneu-intr-o-lume-paralela-sau-intr-un-viitor-indepartat-ce-a-vazut-acolo\/","title":{"rendered":"Ma\u015fina unui b\u0103rbat este atins\u0103 noaptea de un fulger, \u00een timp ce traversa calea ferat\u0103, duc\u00e2ndu-l instantaneu \u00eentr-o lume paralel\u0103 sau \u00eentr-un viitor \u00eendep\u0103rtat. Ce-a v\u0103zut acolo?"},"content":{"rendered":"<figure id=\"attachment_102351\" aria-describedby=\"caption-attachment-102351\" style=\"width: 355px\" class=\"wp-caption alignleft\"><a href=\"https:\/\/www.lovendal.ro\/wp52\/wp-content\/uploads\/2026\/05\/masina-lovita-de-fulger.jpg\"><img loading=\"lazy\" decoding=\"async\" class=\"size-full wp-image-102351\" src=\"https:\/\/www.lovendal.ro\/wp52\/wp-content\/uploads\/2026\/05\/masina-lovita-de-fulger.jpg\" alt=\"\" width=\"365\" height=\"230\" srcset=\"https:\/\/www.lovendal.ro\/wp52\/wp-content\/uploads\/2026\/05\/masina-lovita-de-fulger.jpg 365w, https:\/\/www.lovendal.ro\/wp52\/wp-content\/uploads\/2026\/05\/masina-lovita-de-fulger-300x189.jpg 300w\" sizes=\"auto, (max-width: 365px) 100vw, 365px\" \/><\/a><figcaption id=\"caption-attachment-102351\" class=\"wp-caption-text\">Imagine: generat\u0103 de Google Gemini<\/figcaption><\/figure>\n<p>Un martor relateaz\u0103 c\u0103 o lovitur\u0103 de fulger, pe timp de noapte, asupra unui Chevrolet Celebrity mai vechi a produs mult mai mult dec\u00e2t o sperietur\u0103 de moment. \u00cen timp ce vehiculul traversa \u0219inele de cale ferat\u0103, fulgerul l-ar fi transportat \u00eentr-o alt\u0103 via\u021b\u0103, \u00een care trecuser\u0103 mai multe decenii, iar copiii s\u0103i crescuser\u0103. Ceea ce a urmat nu a fost doar confuzie, ci durere, amintiri \u0219i un al doilea eveniment care p\u0103rea s\u0103 confirme ceva profund personal.<\/p>\n<p><em>* \u00centr-o sear\u0103, \u00eemi duceam logodnica la serviciu \u00eentr-un Chevrolet Celebrity mai vechi. Traversam \u0219inele de cale ferat\u0103 c\u00e2nd, brusc, un fulger a lovit acoperi\u0219ul ma\u0219inii. \u00cen acea clip\u0103, totul s-a schimbat. Bli\u021bul era orbitor, dar nu era ca \u0219i cum a\u0219 fi fost pur \u0219i simplu speriat de fulger. \u00centr-o clip\u0103 eram la volan, iar \u00een urm\u0103toarea nu eram deloc \u00een ma\u0219in\u0103. Eram \u00een alt\u0103 parte. Mai mult dec\u00e2t at\u00e2t, p\u0103rea a fi altcineva, sau poate o alt\u0103 versiune a mea.<\/em><\/p>\n<p><em>* M-am trezit tr\u0103ind o via\u021b\u0103 complet diferit\u0103. Nu p\u0103rea un vis. P\u0103rea c\u0103 timpul trecuse. S\u0103pt\u0103m\u00e2ni, poate chiar mai mult. Aveam amintiri acolo. Aveam o so\u021bie. Aveam doi fii \u0219i o fiic\u0103. Fiii mei erau mari, b\u0103rba\u021bi. Aveam nepo\u021bi. Fiica mea era \u00een ultimul an de liceu. \u00cen acea via\u021b\u0103, aveam aproape 60 de ani \u0219i purtam cu mine amintirile, emo\u021biile \u0219i istoria unei vie\u021bi \u00eentregi.<\/em><\/p>\n<p><em>* Apoi, \u00een cealalt\u0103 via\u021b\u0103, dup\u0103 ce-am adormit l\u00e2ng\u0103 so\u021bia mea, c\u00e2nd am deschis ochii, eram din nou \u00een ma\u0219in\u0103. \u00cenc\u0103 traversam \u0219inele de cale ferat\u0103, \u00eenc\u0103 conduceam Chevrolet-ul Celebrity, \u00eenc\u0103 st\u0103team l\u00e2ng\u0103 logodnica mea, ca \u0219i cum n-ar fi trecut mai mult de o frac\u021biune de secund\u0103.<\/em><\/p>\n<p><em>* \u0218ocul a fost mare.\u00a0Logodnica mea a crezut c\u0103 fulgerul pur \u0219i simplu m-a speriat. La \u00eenceput, nu i-am spus ce se \u00eent\u00e2mplase. Nu puteam; aveam nevoie de timp s\u0103 \u00een\u021beleg ceea ce tocmai tr\u0103isem. Mi-era dor de oamenii care, \u00een aceast\u0103 parte a realit\u0103\u021bii, nu existau. Dar pentru mine, ei existaser\u0103, \u00eei cunoscusem, \u00eei iubisem, \u00eei pierdusem.<\/em><\/p>\n<p><em>* Mai t\u00e2rziu, a avut loc un al doilea eveniment. Dormeam \u00eentr-un camion, \u00een timp ce un alt \u0219ofer se ocupa de drum. \u00cen timpul acelui somn, am experimentat ceea ce p\u0103rea a fi un viitor alternativ. \u00cen acea via\u021b\u0103, m-am \u00eentors acas\u0103 \u0219i am fost \u00eent\u00e2mpinat de copiii mei. Printre ei se aflau dou\u0103 feti\u021be gemene pe nume Callie \u0219i Allie. C\u00e2nd m-am trezit, am sunat-o pe so\u021bia mea pl\u00e2ng\u00e2nd.<\/em><\/p>\n<p><em>* A fost uluit\u0103 c\u00e2nd am men\u021bionat numele, Allie. Nu \u0219tiam niciodat\u0103 asta, dar fiica noastr\u0103 cea mic\u0103 fusese ini\u021bial geam\u0103n\u0103. So\u021bia mea avortase una dintre gemene \u0219i mai t\u00e2rziu a numit-o pe copilul nen\u0103scut Allison, sau Allie. Acesta a fost punctul \u00een care nu am mai putut respinge aceste evenimente ca pe ni\u0219te simple vise.<\/em><\/p>\n<p><em>* Prima experien\u021b\u0103 m-a l\u0103sat cu durerea unei vie\u021bi \u00eentregi pe care o tr\u0103isem \u0219i o pierdusem. A doua a adus cu sine un detaliu pe care nu ar fi trebuit s\u0103-l \u0219tiu. Pentru mine, acestea nu erau vise obi\u0219nuite. Aveau o greutate emo\u021bional\u0103, o confirmare personal\u0103 \u0219i sentimentul persistent c\u0103, pentru o scurt\u0103 clip\u0103, trecusem \u00eentr-o alt\u0103 versiune a propriei mele vie\u021bi.<\/em><\/p>\n<p>Acest caz apar\u021bine aceleia\u0219i categorii generale ca \u0219i relat\u0103rile despre alunec\u0103ri temporale, vie\u021bi paralele \u0219i alterarea con\u0219tiin\u021bei, dar componenta fulgerului \u00eei confer\u0103 un declan\u0219ator fizic distinct. Evenimentele electrice, traumatismele craniene, st\u0103rile din apropierea mor\u0163ii, st\u0103rile de somn \u0219i episoadele hipnagogice sunt cunoscute ca produc\u00e2nd percep\u021bii neobi\u0219nuite, dar aceast\u0103 relatare nu trebuie redus\u0103 la o halucina\u021bie trec\u0103toare.<\/p>\n<p>Trecerea de cale ferat\u0103 merit\u0103 men\u021bionat\u0103 \u0219i din punct de vedere simbolic \u0219i structural. Intersec\u021biile, podurile, liniile \u0219i pragurile apar adesea \u00een relat\u0103rile despre \u00eent\u00e2lniri anormale ca spa\u021bii unde o zon\u0103 cedeaz\u0103 loc alteia.<\/p>\n<p>Elementul \u201efamiliei alternative\u201d este nucleul emo\u021bional. Durerea martorului sugereaz\u0103 c\u0103 acesta a p\u0103strat nu doar imagini, ci \u0219i memorie rela\u021bional\u0103. Dac\u0103 aceasta ar fi fost o schimbare temporar\u0103 a con\u0219tiin\u021bei, \u00eentrebarea ar fi dac\u0103 a intrat \u00eentr-un vis construit, \u00eentr-un viitor posibil, \u00eentr-o linie temporal\u0103 paralel\u0103 sau \u00eentr-o via\u021b\u0103 care exist\u0103 undeva dincolo de cronologia obi\u0219nuit\u0103.<\/p>\n","protected":false},"excerpt":{"rendered":"<p>Un martor relateaz\u0103 c\u0103 o lovitur\u0103 de fulger, pe timp de noapte, asupra unui Chevrolet Celebrity mai vechi a produs mult mai mult dec\u00e2t o sperietur\u0103 de moment. \u00cen timp ce vehiculul traversa \u0219inele de cale ferat\u0103, fulgerul l-ar fi &#8230; <\/p>\n<p class=\"read-more-container\"><a title=\"Ma\u015fina unui b\u0103rbat este atins\u0103 noaptea de un fulger, \u00een timp ce traversa calea ferat\u0103, duc\u00e2ndu-l instantaneu \u00eentr-o lume paralel\u0103 sau \u00eentr-un viitor \u00eendep\u0103rtat. Ce-a v\u0103zut acolo?\" class=\"read-more button\" href=\"https:\/\/www.lovendal.ro\/wp52\/masina-unui-barbat-este-atinsa-noaptea-de-un-fulger-in-timp-ce-traversa-calea-ferata-ducandu-l-instantaneu-intr-o-lume-paralela-sau-intr-un-viitor-indepartat-ce-a-vazut-acolo\/#more-102350\" aria-label=\"Cite\u0219te mai multe despre Ma\u015fina unui b\u0103rbat este atins\u0103 noaptea de un fulger, \u00een timp ce traversa calea ferat\u0103, duc\u00e2ndu-l instantaneu \u00eentr-o lume paralel\u0103 sau \u00eentr-un viitor \u00eendep\u0103rtat. Ce-a v\u0103zut acolo?\">Cititi mai multe<\/a><\/p>\n","protected":false},"author":1,"featured_media":102351,"comment_status":"closed","ping_status":"open","sticky":false,"template":"","format":"standard","meta":{"footnotes":""},"categories":[14],"tags":[2175,4167,5477,1171,580,20583,9796,1087,2108,575],"class_list":["post-102350","post","type-post","status-publish","format-standard","has-post-thumbnail","hentry","category-paranormal-spiritualitate","tag-cale-ferata","tag-camion","tag-chevrolet","tag-fulger","tag-masina","tag-paralel","tag-paranormal-spiritualitate","tag-univers","tag-viitor","tag-vis","resize-featured-image"],"yoast_head":"<!-- This site is optimized with the Yoast SEO Premium plugin v23.3 (Yoast SEO v27.4) - https:\/\/yoast.com\/product\/yoast-seo-premium-wordpress\/ -->\n<title>Ma\u015fina unui b\u0103rbat este atins\u0103 noaptea de un fulger, \u00een timp ce traversa calea ferat\u0103, duc\u00e2ndu-l instantaneu \u00eentr-o lume paralel\u0103 sau \u00eentr-un viitor \u00eendep\u0103rtat. Ce-a v\u0103zut acolo? - Secretele lui Lovendal<\/title>\n<meta name=\"robots\" content=\"index, follow, max-snippet:-1, max-image-preview:large, max-video-preview:-1\" \/>\n<link rel=\"canonical\" href=\"https:\/\/www.lovendal.ro\/wp52\/masina-unui-barbat-este-atinsa-noaptea-de-un-fulger-in-timp-ce-traversa-calea-ferata-ducandu-l-instantaneu-intr-o-lume-paralela-sau-intr-un-viitor-indepartat-ce-a-vazut-acolo\/\" \/>\n<meta property=\"og:locale\" content=\"ro_RO\" \/>\n<meta property=\"og:type\" content=\"article\" \/>\n<meta property=\"og:title\" content=\"Ma\u015fina unui b\u0103rbat este atins\u0103 noaptea de un fulger, \u00een timp ce traversa calea ferat\u0103, duc\u00e2ndu-l instantaneu \u00eentr-o lume paralel\u0103 sau \u00eentr-un viitor \u00eendep\u0103rtat. Ce-a v\u0103zut acolo?\" \/>\n<meta property=\"og:description\" content=\"Un martor relateaz\u0103 c\u0103 o lovitur\u0103 de fulger, pe timp de noapte, asupra unui Chevrolet Celebrity mai vechi a produs mult mai mult dec\u00e2t o sperietur\u0103 de moment. \u00cen timp ce vehiculul traversa \u0219inele de cale ferat\u0103, fulgerul l-ar fi ... Cititi mai multe\" \/>\n<meta property=\"og:url\" content=\"https:\/\/www.lovendal.ro\/wp52\/masina-unui-barbat-este-atinsa-noaptea-de-un-fulger-in-timp-ce-traversa-calea-ferata-ducandu-l-instantaneu-intr-o-lume-paralela-sau-intr-un-viitor-indepartat-ce-a-vazut-acolo\/\" \/>\n<meta property=\"og:site_name\" content=\"Secretele lui Lovendal\" \/>\n<meta property=\"article:publisher\" content=\"https:\/\/www.facebook.com\/secreteleluilovendal\" \/>\n<meta property=\"article:published_time\" content=\"2026-05-03T06:22:46+00:00\" \/>\n<meta property=\"og:image\" content=\"https:\/\/www.lovendal.ro\/wp52\/wp-content\/uploads\/2026\/05\/masina-lovita-de-fulger.jpg\" \/>\n\t<meta property=\"og:image:width\" content=\"365\" \/>\n\t<meta property=\"og:image:height\" content=\"230\" \/>\n\t<meta property=\"og:image:type\" content=\"image\/jpeg\" \/>\n<meta name=\"author\" content=\"admin\" \/>\n<meta name=\"twitter:card\" content=\"summary_large_image\" \/>\n<meta name=\"twitter:label1\" content=\"Scris de\" \/>\n\t<meta name=\"twitter:data1\" content=\"admin\" \/>\n\t<meta name=\"twitter:label2\" content=\"Timp estimat pentru citire\" \/>\n\t<meta name=\"twitter:data2\" content=\"5 minute\" \/>\n<script type=\"application\/ld+json\" class=\"yoast-schema-graph\">{\"@context\":\"https:\\\/\\\/schema.org\",\"@graph\":[{\"@type\":\"Article\",\"@id\":\"https:\\\/\\\/www.lovendal.ro\\\/wp52\\\/masina-unui-barbat-este-atinsa-noaptea-de-un-fulger-in-timp-ce-traversa-calea-ferata-ducandu-l-instantaneu-intr-o-lume-paralela-sau-intr-un-viitor-indepartat-ce-a-vazut-acolo\\\/#article\",\"isPartOf\":{\"@id\":\"https:\\\/\\\/www.lovendal.ro\\\/wp52\\\/masina-unui-barbat-este-atinsa-noaptea-de-un-fulger-in-timp-ce-traversa-calea-ferata-ducandu-l-instantaneu-intr-o-lume-paralela-sau-intr-un-viitor-indepartat-ce-a-vazut-acolo\\\/\"},\"author\":{\"name\":\"admin\",\"@id\":\"https:\\\/\\\/www.lovendal.ro\\\/wp52\\\/#\\\/schema\\\/person\\\/088691de5dfc346bb0c023e1e52ef5d9\"},\"headline\":\"Ma\u015fina unui b\u0103rbat este atins\u0103 noaptea de un fulger, \u00een timp ce traversa calea ferat\u0103, duc\u00e2ndu-l instantaneu \u00eentr-o lume paralel\u0103 sau \u00eentr-un viitor \u00eendep\u0103rtat. Ce-a v\u0103zut acolo?\",\"datePublished\":\"2026-05-03T06:22:46+00:00\",\"mainEntityOfPage\":{\"@id\":\"https:\\\/\\\/www.lovendal.ro\\\/wp52\\\/masina-unui-barbat-este-atinsa-noaptea-de-un-fulger-in-timp-ce-traversa-calea-ferata-ducandu-l-instantaneu-intr-o-lume-paralela-sau-intr-un-viitor-indepartat-ce-a-vazut-acolo\\\/\"},\"wordCount\":791,\"publisher\":{\"@id\":\"https:\\\/\\\/www.lovendal.ro\\\/wp52\\\/#organization\"},\"image\":{\"@id\":\"https:\\\/\\\/www.lovendal.ro\\\/wp52\\\/masina-unui-barbat-este-atinsa-noaptea-de-un-fulger-in-timp-ce-traversa-calea-ferata-ducandu-l-instantaneu-intr-o-lume-paralela-sau-intr-un-viitor-indepartat-ce-a-vazut-acolo\\\/#primaryimage\"},\"thumbnailUrl\":\"https:\\\/\\\/www.lovendal.ro\\\/wp52\\\/wp-content\\\/uploads\\\/2026\\\/05\\\/masina-lovita-de-fulger.jpg\",\"keywords\":[\"cale ferat\u0103\",\"camion\",\"Chevrolet\",\"fulger\",\"ma\u015fin\u0103\",\"paralel\",\"Paranormal-Spiritualitate\",\"Univers\",\"viitor\",\"vis\"],\"articleSection\":[\"Paranormal-Spiritualitate\"],\"inLanguage\":\"ro-RO\"},{\"@type\":\"WebPage\",\"@id\":\"https:\\\/\\\/www.lovendal.ro\\\/wp52\\\/masina-unui-barbat-este-atinsa-noaptea-de-un-fulger-in-timp-ce-traversa-calea-ferata-ducandu-l-instantaneu-intr-o-lume-paralela-sau-intr-un-viitor-indepartat-ce-a-vazut-acolo\\\/\",\"url\":\"https:\\\/\\\/www.lovendal.ro\\\/wp52\\\/masina-unui-barbat-este-atinsa-noaptea-de-un-fulger-in-timp-ce-traversa-calea-ferata-ducandu-l-instantaneu-intr-o-lume-paralela-sau-intr-un-viitor-indepartat-ce-a-vazut-acolo\\\/\",\"name\":\"Ma\u015fina unui b\u0103rbat este atins\u0103 noaptea de un fulger, \u00een timp ce traversa calea ferat\u0103, duc\u00e2ndu-l instantaneu \u00eentr-o lume paralel\u0103 sau \u00eentr-un viitor \u00eendep\u0103rtat. Ce-a v\u0103zut acolo? - Secretele lui Lovendal\",\"isPartOf\":{\"@id\":\"https:\\\/\\\/www.lovendal.ro\\\/wp52\\\/#website\"},\"primaryImageOfPage\":{\"@id\":\"https:\\\/\\\/www.lovendal.ro\\\/wp52\\\/masina-unui-barbat-este-atinsa-noaptea-de-un-fulger-in-timp-ce-traversa-calea-ferata-ducandu-l-instantaneu-intr-o-lume-paralela-sau-intr-un-viitor-indepartat-ce-a-vazut-acolo\\\/#primaryimage\"},\"image\":{\"@id\":\"https:\\\/\\\/www.lovendal.ro\\\/wp52\\\/masina-unui-barbat-este-atinsa-noaptea-de-un-fulger-in-timp-ce-traversa-calea-ferata-ducandu-l-instantaneu-intr-o-lume-paralela-sau-intr-un-viitor-indepartat-ce-a-vazut-acolo\\\/#primaryimage\"},\"thumbnailUrl\":\"https:\\\/\\\/www.lovendal.ro\\\/wp52\\\/wp-content\\\/uploads\\\/2026\\\/05\\\/masina-lovita-de-fulger.jpg\",\"datePublished\":\"2026-05-03T06:22:46+00:00\",\"breadcrumb\":{\"@id\":\"https:\\\/\\\/www.lovendal.ro\\\/wp52\\\/masina-unui-barbat-este-atinsa-noaptea-de-un-fulger-in-timp-ce-traversa-calea-ferata-ducandu-l-instantaneu-intr-o-lume-paralela-sau-intr-un-viitor-indepartat-ce-a-vazut-acolo\\\/#breadcrumb\"},\"inLanguage\":\"ro-RO\",\"potentialAction\":[{\"@type\":\"ReadAction\",\"target\":[\"https:\\\/\\\/www.lovendal.ro\\\/wp52\\\/masina-unui-barbat-este-atinsa-noaptea-de-un-fulger-in-timp-ce-traversa-calea-ferata-ducandu-l-instantaneu-intr-o-lume-paralela-sau-intr-un-viitor-indepartat-ce-a-vazut-acolo\\\/\"]}]},{\"@type\":\"ImageObject\",\"inLanguage\":\"ro-RO\",\"@id\":\"https:\\\/\\\/www.lovendal.ro\\\/wp52\\\/masina-unui-barbat-este-atinsa-noaptea-de-un-fulger-in-timp-ce-traversa-calea-ferata-ducandu-l-instantaneu-intr-o-lume-paralela-sau-intr-un-viitor-indepartat-ce-a-vazut-acolo\\\/#primaryimage\",\"url\":\"https:\\\/\\\/www.lovendal.ro\\\/wp52\\\/wp-content\\\/uploads\\\/2026\\\/05\\\/masina-lovita-de-fulger.jpg\",\"contentUrl\":\"https:\\\/\\\/www.lovendal.ro\\\/wp52\\\/wp-content\\\/uploads\\\/2026\\\/05\\\/masina-lovita-de-fulger.jpg\",\"width\":365,\"height\":230,\"caption\":\"Imagine: generat\u0103 de Google Gemini\"},{\"@type\":\"BreadcrumbList\",\"@id\":\"https:\\\/\\\/www.lovendal.ro\\\/wp52\\\/masina-unui-barbat-este-atinsa-noaptea-de-un-fulger-in-timp-ce-traversa-calea-ferata-ducandu-l-instantaneu-intr-o-lume-paralela-sau-intr-un-viitor-indepartat-ce-a-vazut-acolo\\\/#breadcrumb\",\"itemListElement\":[{\"@type\":\"ListItem\",\"position\":1,\"name\":\"Home\",\"item\":\"https:\\\/\\\/www.lovendal.ro\\\/wp52\\\/\"},{\"@type\":\"ListItem\",\"position\":2,\"name\":\"Ma\u015fina unui b\u0103rbat este atins\u0103 noaptea de un fulger, \u00een timp ce traversa calea ferat\u0103, duc\u00e2ndu-l instantaneu \u00eentr-o lume paralel\u0103 sau \u00eentr-un viitor \u00eendep\u0103rtat. Ce-a v\u0103zut acolo?\"}]},{\"@type\":\"WebSite\",\"@id\":\"https:\\\/\\\/www.lovendal.ro\\\/wp52\\\/#website\",\"url\":\"https:\\\/\\\/www.lovendal.ro\\\/wp52\\\/\",\"name\":\"Secretele lui Lovendal\",\"description\":\"Site de secrete, stiinta si metafizica - din 2008 -\",\"publisher\":{\"@id\":\"https:\\\/\\\/www.lovendal.ro\\\/wp52\\\/#organization\"},\"potentialAction\":[{\"@type\":\"SearchAction\",\"target\":{\"@type\":\"EntryPoint\",\"urlTemplate\":\"https:\\\/\\\/www.lovendal.ro\\\/wp52\\\/?s={search_term_string}\"},\"query-input\":{\"@type\":\"PropertyValueSpecification\",\"valueRequired\":true,\"valueName\":\"search_term_string\"}}],\"inLanguage\":\"ro-RO\"},{\"@type\":\"Organization\",\"@id\":\"https:\\\/\\\/www.lovendal.ro\\\/wp52\\\/#organization\",\"name\":\"Secretele lui Lovendal\",\"url\":\"https:\\\/\\\/www.lovendal.ro\\\/wp52\\\/\",\"logo\":{\"@type\":\"ImageObject\",\"inLanguage\":\"ro-RO\",\"@id\":\"https:\\\/\\\/www.lovendal.ro\\\/wp52\\\/#\\\/schema\\\/logo\\\/image\\\/\",\"url\":\"https:\\\/\\\/www.lovendal.ro\\\/wp52\\\/wp-content\\\/uploads\\\/2024\\\/06\\\/cropped-SLL-iun-2024-1.jpg\",\"contentUrl\":\"https:\\\/\\\/www.lovendal.ro\\\/wp52\\\/wp-content\\\/uploads\\\/2024\\\/06\\\/cropped-SLL-iun-2024-1.jpg\",\"width\":771,\"height\":240,\"caption\":\"Secretele lui Lovendal\"},\"image\":{\"@id\":\"https:\\\/\\\/www.lovendal.ro\\\/wp52\\\/#\\\/schema\\\/logo\\\/image\\\/\"},\"sameAs\":[\"https:\\\/\\\/www.facebook.com\\\/secreteleluilovendal\"]},{\"@type\":\"Person\",\"@id\":\"https:\\\/\\\/www.lovendal.ro\\\/wp52\\\/#\\\/schema\\\/person\\\/088691de5dfc346bb0c023e1e52ef5d9\",\"name\":\"admin\",\"image\":{\"@type\":\"ImageObject\",\"inLanguage\":\"ro-RO\",\"@id\":\"https:\\\/\\\/secure.gravatar.com\\\/avatar\\\/ecb9cd41f5f63c9c9b989999a59f6e2639a865ec361e9db054db0679a8f341c2?s=96&d=mm&r=g\",\"url\":\"https:\\\/\\\/secure.gravatar.com\\\/avatar\\\/ecb9cd41f5f63c9c9b989999a59f6e2639a865ec361e9db054db0679a8f341c2?s=96&d=mm&r=g\",\"contentUrl\":\"https:\\\/\\\/secure.gravatar.com\\\/avatar\\\/ecb9cd41f5f63c9c9b989999a59f6e2639a865ec361e9db054db0679a8f341c2?s=96&d=mm&r=g\",\"caption\":\"admin\"},\"sameAs\":[\"https:\\\/\\\/www.lovendal.ro\\\/wp52\"]}]}<\/script>\n<!-- \/ Yoast SEO Premium plugin. -->","yoast_head_json":{"title":"Ma\u015fina unui b\u0103rbat este atins\u0103 noaptea de un fulger, \u00een timp ce traversa calea ferat\u0103, duc\u00e2ndu-l instantaneu \u00eentr-o lume paralel\u0103 sau \u00eentr-un viitor \u00eendep\u0103rtat. Ce-a v\u0103zut acolo? - Secretele lui Lovendal","robots":{"index":"index","follow":"follow","max-snippet":"max-snippet:-1","max-image-preview":"max-image-preview:large","max-video-preview":"max-video-preview:-1"},"canonical":"https:\/\/www.lovendal.ro\/wp52\/masina-unui-barbat-este-atinsa-noaptea-de-un-fulger-in-timp-ce-traversa-calea-ferata-ducandu-l-instantaneu-intr-o-lume-paralela-sau-intr-un-viitor-indepartat-ce-a-vazut-acolo\/","og_locale":"ro_RO","og_type":"article","og_title":"Ma\u015fina unui b\u0103rbat este atins\u0103 noaptea de un fulger, \u00een timp ce traversa calea ferat\u0103, duc\u00e2ndu-l instantaneu \u00eentr-o lume paralel\u0103 sau \u00eentr-un viitor \u00eendep\u0103rtat. Ce-a v\u0103zut acolo?","og_description":"Un martor relateaz\u0103 c\u0103 o lovitur\u0103 de fulger, pe timp de noapte, asupra unui Chevrolet Celebrity mai vechi a produs mult mai mult dec\u00e2t o sperietur\u0103 de moment. \u00cen timp ce vehiculul traversa \u0219inele de cale ferat\u0103, fulgerul l-ar fi ... Cititi mai multe","og_url":"https:\/\/www.lovendal.ro\/wp52\/masina-unui-barbat-este-atinsa-noaptea-de-un-fulger-in-timp-ce-traversa-calea-ferata-ducandu-l-instantaneu-intr-o-lume-paralela-sau-intr-un-viitor-indepartat-ce-a-vazut-acolo\/","og_site_name":"Secretele lui Lovendal","article_publisher":"https:\/\/www.facebook.com\/secreteleluilovendal","article_published_time":"2026-05-03T06:22:46+00:00","og_image":[{"width":365,"height":230,"url":"https:\/\/www.lovendal.ro\/wp52\/wp-content\/uploads\/2026\/05\/masina-lovita-de-fulger.jpg","type":"image\/jpeg"}],"author":"admin","twitter_card":"summary_large_image","twitter_misc":{"Scris de":"admin","Timp estimat pentru citire":"5 minute"},"schema":{"@context":"https:\/\/schema.org","@graph":[{"@type":"Article","@id":"https:\/\/www.lovendal.ro\/wp52\/masina-unui-barbat-este-atinsa-noaptea-de-un-fulger-in-timp-ce-traversa-calea-ferata-ducandu-l-instantaneu-intr-o-lume-paralela-sau-intr-un-viitor-indepartat-ce-a-vazut-acolo\/#article","isPartOf":{"@id":"https:\/\/www.lovendal.ro\/wp52\/masina-unui-barbat-este-atinsa-noaptea-de-un-fulger-in-timp-ce-traversa-calea-ferata-ducandu-l-instantaneu-intr-o-lume-paralela-sau-intr-un-viitor-indepartat-ce-a-vazut-acolo\/"},"author":{"name":"admin","@id":"https:\/\/www.lovendal.ro\/wp52\/#\/schema\/person\/088691de5dfc346bb0c023e1e52ef5d9"},"headline":"Ma\u015fina unui b\u0103rbat este atins\u0103 noaptea de un fulger, \u00een timp ce traversa calea ferat\u0103, duc\u00e2ndu-l instantaneu \u00eentr-o lume paralel\u0103 sau \u00eentr-un viitor \u00eendep\u0103rtat. Ce-a v\u0103zut acolo?","datePublished":"2026-05-03T06:22:46+00:00","mainEntityOfPage":{"@id":"https:\/\/www.lovendal.ro\/wp52\/masina-unui-barbat-este-atinsa-noaptea-de-un-fulger-in-timp-ce-traversa-calea-ferata-ducandu-l-instantaneu-intr-o-lume-paralela-sau-intr-un-viitor-indepartat-ce-a-vazut-acolo\/"},"wordCount":791,"publisher":{"@id":"https:\/\/www.lovendal.ro\/wp52\/#organization"},"image":{"@id":"https:\/\/www.lovendal.ro\/wp52\/masina-unui-barbat-este-atinsa-noaptea-de-un-fulger-in-timp-ce-traversa-calea-ferata-ducandu-l-instantaneu-intr-o-lume-paralela-sau-intr-un-viitor-indepartat-ce-a-vazut-acolo\/#primaryimage"},"thumbnailUrl":"https:\/\/www.lovendal.ro\/wp52\/wp-content\/uploads\/2026\/05\/masina-lovita-de-fulger.jpg","keywords":["cale ferat\u0103","camion","Chevrolet","fulger","ma\u015fin\u0103","paralel","Paranormal-Spiritualitate","Univers","viitor","vis"],"articleSection":["Paranormal-Spiritualitate"],"inLanguage":"ro-RO"},{"@type":"WebPage","@id":"https:\/\/www.lovendal.ro\/wp52\/masina-unui-barbat-este-atinsa-noaptea-de-un-fulger-in-timp-ce-traversa-calea-ferata-ducandu-l-instantaneu-intr-o-lume-paralela-sau-intr-un-viitor-indepartat-ce-a-vazut-acolo\/","url":"https:\/\/www.lovendal.ro\/wp52\/masina-unui-barbat-este-atinsa-noaptea-de-un-fulger-in-timp-ce-traversa-calea-ferata-ducandu-l-instantaneu-intr-o-lume-paralela-sau-intr-un-viitor-indepartat-ce-a-vazut-acolo\/","name":"Ma\u015fina unui b\u0103rbat este atins\u0103 noaptea de un fulger, \u00een timp ce traversa calea ferat\u0103, duc\u00e2ndu-l instantaneu \u00eentr-o lume paralel\u0103 sau \u00eentr-un viitor \u00eendep\u0103rtat. Ce-a v\u0103zut acolo? - Secretele lui Lovendal","isPartOf":{"@id":"https:\/\/www.lovendal.ro\/wp52\/#website"},"primaryImageOfPage":{"@id":"https:\/\/www.lovendal.ro\/wp52\/masina-unui-barbat-este-atinsa-noaptea-de-un-fulger-in-timp-ce-traversa-calea-ferata-ducandu-l-instantaneu-intr-o-lume-paralela-sau-intr-un-viitor-indepartat-ce-a-vazut-acolo\/#primaryimage"},"image":{"@id":"https:\/\/www.lovendal.ro\/wp52\/masina-unui-barbat-este-atinsa-noaptea-de-un-fulger-in-timp-ce-traversa-calea-ferata-ducandu-l-instantaneu-intr-o-lume-paralela-sau-intr-un-viitor-indepartat-ce-a-vazut-acolo\/#primaryimage"},"thumbnailUrl":"https:\/\/www.lovendal.ro\/wp52\/wp-content\/uploads\/2026\/05\/masina-lovita-de-fulger.jpg","datePublished":"2026-05-03T06:22:46+00:00","breadcrumb":{"@id":"https:\/\/www.lovendal.ro\/wp52\/masina-unui-barbat-este-atinsa-noaptea-de-un-fulger-in-timp-ce-traversa-calea-ferata-ducandu-l-instantaneu-intr-o-lume-paralela-sau-intr-un-viitor-indepartat-ce-a-vazut-acolo\/#breadcrumb"},"inLanguage":"ro-RO","potentialAction":[{"@type":"ReadAction","target":["https:\/\/www.lovendal.ro\/wp52\/masina-unui-barbat-este-atinsa-noaptea-de-un-fulger-in-timp-ce-traversa-calea-ferata-ducandu-l-instantaneu-intr-o-lume-paralela-sau-intr-un-viitor-indepartat-ce-a-vazut-acolo\/"]}]},{"@type":"ImageObject","inLanguage":"ro-RO","@id":"https:\/\/www.lovendal.ro\/wp52\/masina-unui-barbat-este-atinsa-noaptea-de-un-fulger-in-timp-ce-traversa-calea-ferata-ducandu-l-instantaneu-intr-o-lume-paralela-sau-intr-un-viitor-indepartat-ce-a-vazut-acolo\/#primaryimage","url":"https:\/\/www.lovendal.ro\/wp52\/wp-content\/uploads\/2026\/05\/masina-lovita-de-fulger.jpg","contentUrl":"https:\/\/www.lovendal.ro\/wp52\/wp-content\/uploads\/2026\/05\/masina-lovita-de-fulger.jpg","width":365,"height":230,"caption":"Imagine: generat\u0103 de Google Gemini"},{"@type":"BreadcrumbList","@id":"https:\/\/www.lovendal.ro\/wp52\/masina-unui-barbat-este-atinsa-noaptea-de-un-fulger-in-timp-ce-traversa-calea-ferata-ducandu-l-instantaneu-intr-o-lume-paralela-sau-intr-un-viitor-indepartat-ce-a-vazut-acolo\/#breadcrumb","itemListElement":[{"@type":"ListItem","position":1,"name":"Home","item":"https:\/\/www.lovendal.ro\/wp52\/"},{"@type":"ListItem","position":2,"name":"Ma\u015fina unui b\u0103rbat este atins\u0103 noaptea de un fulger, \u00een timp ce traversa calea ferat\u0103, duc\u00e2ndu-l instantaneu \u00eentr-o lume paralel\u0103 sau \u00eentr-un viitor \u00eendep\u0103rtat. Ce-a v\u0103zut acolo?"}]},{"@type":"WebSite","@id":"https:\/\/www.lovendal.ro\/wp52\/#website","url":"https:\/\/www.lovendal.ro\/wp52\/","name":"Secretele lui Lovendal","description":"Site de secrete, stiinta si metafizica - din 2008 -","publisher":{"@id":"https:\/\/www.lovendal.ro\/wp52\/#organization"},"potentialAction":[{"@type":"SearchAction","target":{"@type":"EntryPoint","urlTemplate":"https:\/\/www.lovendal.ro\/wp52\/?s={search_term_string}"},"query-input":{"@type":"PropertyValueSpecification","valueRequired":true,"valueName":"search_term_string"}}],"inLanguage":"ro-RO"},{"@type":"Organization","@id":"https:\/\/www.lovendal.ro\/wp52\/#organization","name":"Secretele lui Lovendal","url":"https:\/\/www.lovendal.ro\/wp52\/","logo":{"@type":"ImageObject","inLanguage":"ro-RO","@id":"https:\/\/www.lovendal.ro\/wp52\/#\/schema\/logo\/image\/","url":"https:\/\/www.lovendal.ro\/wp52\/wp-content\/uploads\/2024\/06\/cropped-SLL-iun-2024-1.jpg","contentUrl":"https:\/\/www.lovendal.ro\/wp52\/wp-content\/uploads\/2024\/06\/cropped-SLL-iun-2024-1.jpg","width":771,"height":240,"caption":"Secretele lui Lovendal"},"image":{"@id":"https:\/\/www.lovendal.ro\/wp52\/#\/schema\/logo\/image\/"},"sameAs":["https:\/\/www.facebook.com\/secreteleluilovendal"]},{"@type":"Person","@id":"https:\/\/www.lovendal.ro\/wp52\/#\/schema\/person\/088691de5dfc346bb0c023e1e52ef5d9","name":"admin","image":{"@type":"ImageObject","inLanguage":"ro-RO","@id":"https:\/\/secure.gravatar.com\/avatar\/ecb9cd41f5f63c9c9b989999a59f6e2639a865ec361e9db054db0679a8f341c2?s=96&d=mm&r=g","url":"https:\/\/secure.gravatar.com\/avatar\/ecb9cd41f5f63c9c9b989999a59f6e2639a865ec361e9db054db0679a8f341c2?s=96&d=mm&r=g","contentUrl":"https:\/\/secure.gravatar.com\/avatar\/ecb9cd41f5f63c9c9b989999a59f6e2639a865ec361e9db054db0679a8f341c2?s=96&d=mm&r=g","caption":"admin"},"sameAs":["https:\/\/www.lovendal.ro\/wp52"]}]}},"_links":{"self":[{"href":"https:\/\/www.lovendal.ro\/wp52\/wp-json\/wp\/v2\/posts\/102350","targetHints":{"allow":["GET"]}}],"collection":[{"href":"https:\/\/www.lovendal.ro\/wp52\/wp-json\/wp\/v2\/posts"}],"about":[{"href":"https:\/\/www.lovendal.ro\/wp52\/wp-json\/wp\/v2\/types\/post"}],"author":[{"embeddable":true,"href":"https:\/\/www.lovendal.ro\/wp52\/wp-json\/wp\/v2\/users\/1"}],"replies":[{"embeddable":true,"href":"https:\/\/www.lovendal.ro\/wp52\/wp-json\/wp\/v2\/comments?post=102350"}],"version-history":[{"count":1,"href":"https:\/\/www.lovendal.ro\/wp52\/wp-json\/wp\/v2\/posts\/102350\/revisions"}],"predecessor-version":[{"id":102352,"href":"https:\/\/www.lovendal.ro\/wp52\/wp-json\/wp\/v2\/posts\/102350\/revisions\/102352"}],"wp:featuredmedia":[{"embeddable":true,"href":"https:\/\/www.lovendal.ro\/wp52\/wp-json\/wp\/v2\/media\/102351"}],"wp:attachment":[{"href":"https:\/\/www.lovendal.ro\/wp52\/wp-json\/wp\/v2\/media?parent=102350"}],"wp:term":[{"taxonomy":"category","embeddable":true,"href":"https:\/\/www.lovendal.ro\/wp52\/wp-json\/wp\/v2\/categories?post=102350"},{"taxonomy":"post_tag","embeddable":true,"href":"https:\/\/www.lovendal.ro\/wp52\/wp-json\/wp\/v2\/tags?post=102350"}],"curies":[{"name":"wp","href":"https:\/\/api.w.org\/{rel}","templated":true}]}}