{"id":102299,"date":"2026-04-26T22:02:28","date_gmt":"2026-04-26T19:02:28","guid":{"rendered":"https:\/\/www.lovendal.ro\/wp52\/?p=102299"},"modified":"2026-04-26T22:02:28","modified_gmt":"2026-04-26T19:02:28","slug":"o-noua-teorie-stiintifica-radicala-neanderthalienii-provin-din-oamenii-moderni-homo-sapiens","status":"publish","type":"post","link":"https:\/\/www.lovendal.ro\/wp52\/o-noua-teorie-stiintifica-radicala-neanderthalienii-provin-din-oamenii-moderni-homo-sapiens\/","title":{"rendered":"O nou\u0103 teorie \u015ftiin\u0163ific\u0103 radical\u0103: Neanderthalienii provin din oamenii moderni (Homo Sapiens)!"},"content":{"rendered":"<p><a href=\"https:\/\/www.lovendal.ro\/wp52\/wp-content\/uploads\/2026\/04\/Homo-sapiens-Neanderthal.jpg\"><img loading=\"lazy\" decoding=\"async\" class=\"alignleft size-full wp-image-102300\" src=\"https:\/\/www.lovendal.ro\/wp52\/wp-content\/uploads\/2026\/04\/Homo-sapiens-Neanderthal.jpg\" alt=\"\" width=\"360\" height=\"350\" srcset=\"https:\/\/www.lovendal.ro\/wp52\/wp-content\/uploads\/2026\/04\/Homo-sapiens-Neanderthal.jpg 360w, https:\/\/www.lovendal.ro\/wp52\/wp-content\/uploads\/2026\/04\/Homo-sapiens-Neanderthal-300x292.jpg 300w\" sizes=\"auto, (max-width: 360px) 100vw, 360px\" \/><\/a>Am discutat de multe ori despre faptul c\u0103 <strong>oamenii<\/strong> \u0219i <strong>Neanderthalienii<\/strong> sunt extrem de asem\u0103n\u0103tori. Acum, o nou\u0103 lucrare propune o ipotez\u0103 radical\u0103: noi, oamenii moderni, nu ne tragem din Neanderthalieni, ci ace\u015ftia sunt descenden\u021bi ai no\u0219tri!<\/p>\n<p>Printre numeroasele alte specii umane care au locuit c\u00e2ndva pe P\u0103m\u00e2nt, Neanderthalienii sunt cei mai faimo\u0219i. Au tr\u0103it p\u00e2n\u0103 relativ recent \u0219i, \u00een multe privin\u021be, erau ca noi, oamenii moderni. Interesant e faptul c\u0103 Neanderthalienii nu se \u00eenrudesc cu nicio alt\u0103 specie hominid\u0103 cunoscut\u0103.<strong> Homo Erectus<\/strong> poate p\u0103rea o op\u021biune bun\u0103 din punct de vedere temporal, dar c\u0103 Neanderthalienii se g\u0103sesc \u00een principal \u00een Europa \u0219i, \u00een ciuda deceniilor de c\u0103ut\u0103ri, nimeni nu a g\u0103sit un Homo erectus \u00een Europa. O alt\u0103 op\u021biune ar fi <strong>Homo antecessor<\/strong>, dar el spune c\u0103 se \u0219tiu prea pu\u021bine lucruri despre aceast\u0103 specie. La fel \u015fi \u00een cazul lui <strong>Homo heidelbergensis<\/strong> cuno\u0219tin\u021bele noastre despre specie sunt fragmentare.<\/p>\n<p>Dar asta las\u0103 deoparte o posibil\u0103 op\u021biune &#8211; specia noastr\u0103, <strong>Homo sapiens<\/strong>, omul modern. Ideea a fost propus\u0103 de un om de \u0219tiin\u021b\u0103 extrem de credibil, <strong>David Reich<\/strong>, genetician la Harvard. El sus\u021bine acest lucru \u00eentr-o nou\u0103 lucrare publicat\u0103 pe <strong>bioRxiv<\/strong>, care nu a fost \u00eenc\u0103 evaluat\u0103 de colegi. Ipoteza sa este urm\u0103toarea: o expansiune a zonei de r\u0103sp\u00e2ndire a omului modern acum aproximativ 300.000 de ani explic\u0103 originile Neanderthalienilor.<\/p>\n<p>Reich sugereaz\u0103 c\u0103 originea Neanderthalienilor se afl\u0103 \u00eentr-o migra\u021bie timpurie a oamenilor moderni din Africa. Cele mai vechi exemple ale speciei noastre au aproximativ 300.000 de ani, din Maroc. Reich propune c\u0103 unii dintre ei au r\u0103t\u0103cit \u00een Europa \u0219i s-au \u00eencruci\u0219at cu hominizii locali \u00eenc\u0103 neidentifica\u021bi, c\u00e2ndva \u00eentre 400.000 \u0219i 250.000 de ani \u00een urm\u0103. Hibrizii rezulta\u021bi \u0219i-au pierdut cea mai mare parte a ADN-ului uman modern, dar \u0219i-au p\u0103strat cromozomii Y umani moderni \u0219i ADN-ul mitocondrial. Ace\u0219ti hibrizi au fost Neanderthalienii. Aceasta este o reinterpretare complet\u0103 a dovezilor genetice, ceea ce ar \u00eensemna c\u0103 acele episoade anterioare de \u00eencruci\u0219are care au afectat cromozomul Y \u0219i ADN-ul mitocondrial al Neanderthalienilor nu au fost un detaliu minor: ele au stat la originea Neanderthalienilor.<\/p>\n<p>Acest scenariu explic\u0103 \u00een mod elegant o descoperire arheologic\u0103 curioas\u0103. Exist\u0103 artefacte distinctive din piatr\u0103 numite unelte Levallois, care au fost folosite \u00een Africa de acum cel pu\u021bin 400.000 de ani (probabil de oamenii moderni), dar \u0219i \u00een Europa \u0219i Orientul Mijlociu (probabil de Neanderthalieni) \u00eentre 480.000 \u0219i 300.000 de ani. Ne-am putea imagina c\u0103 oamenii moderni \u0219i Neanderthalienii au inventat independent uneltele Levallois, dar este pu\u021bin mai elegant s\u0103 suger\u0103m c\u0103 unii oameni moderni le-au luat cu ei c\u00e2nd au p\u0103r\u0103sit Africa.<\/p>\n<p>Iat\u0103 rezumatul lucr\u0103rii lui Reich: aceast\u0103 lucrare demonstreaz\u0103 fezabilitatea ipotezei conform c\u0103reia Neanderthalienii s-au format atunci c\u00e2nd o popula\u021bie care a folosit tehnologia uneltelor din piatr\u0103 Levallois, recent dezvoltat\u0103, s-a extins \u00eentre 400 \u0219i 250 de mii de ani \u00een urm\u0103. \u00cen Europa, extinderea arealului lor de r\u0103sp\u00e2ndire \u00eentr-o zon\u0103 cu oameni asem\u0103n\u0103tori cu cei de la Sima de los Huesos a dus la o introgresie masiv\u0103 a genelor arhaice locale, produc\u00e2nd o popula\u021bie cu aproximativ 95% str\u0103mo\u0219i arhaici (Neanderthalieni); dac\u0103 aceast\u0103 extindere a arealului ar fi influen\u021bat\u0103 de sex, ar oferi o explica\u021bie simpl\u0103 pentru motivul pentru care Neanderthalienii p\u0103streaz\u0103 cromozomii Y sau ADN-ul mitocondrial din linia uman\u0103 modern\u0103. \u00cen Africa, \u00eencruci\u0219area cu oamenii arhaici locali a dus la un amestec arhaic mai modest \u0219i la substructura profund\u0103 detectat\u0103 la to\u021bi oamenii moderni de ast\u0103zi. Aceast\u0103 propunere explic\u0103 patru asem\u0103n\u0103ri anterior derutante \u00eentre oamenii moderni \u0219i Neanderthalieni &#8211; partajarea ADN-ului mitocondrial, a cromozomilor Y, a uneltelor Levallois \u0219i data de formare prin amestec de 300-200 de mii de ani &#8211; chiar dac\u0103 Neanderthalieni \u0219i Denisovanii se grupeaz\u0103 la nivelul \u00eentregului genom.<\/p>\n","protected":false},"excerpt":{"rendered":"<p>Am discutat de multe ori despre faptul c\u0103 oamenii \u0219i Neanderthalienii sunt extrem de asem\u0103n\u0103tori. Acum, o nou\u0103 lucrare propune o ipotez\u0103 radical\u0103: noi, oamenii moderni, nu ne tragem din Neanderthalieni, ci ace\u015ftia sunt descenden\u021bi ai no\u0219tri! Printre numeroasele alte &#8230; <\/p>\n<p class=\"read-more-container\"><a title=\"O nou\u0103 teorie \u015ftiin\u0163ific\u0103 radical\u0103: Neanderthalienii provin din oamenii moderni (Homo Sapiens)!\" class=\"read-more button\" href=\"https:\/\/www.lovendal.ro\/wp52\/o-noua-teorie-stiintifica-radicala-neanderthalienii-provin-din-oamenii-moderni-homo-sapiens\/#more-102299\" aria-label=\"Cite\u0219te mai multe despre O nou\u0103 teorie \u015ftiin\u0163ific\u0103 radical\u0103: Neanderthalienii provin din oamenii moderni (Homo Sapiens)!\">Cititi mai multe<\/a><\/p>\n","protected":false},"author":1,"featured_media":102300,"comment_status":"closed","ping_status":"open","sticky":false,"template":"","format":"standard","meta":{"footnotes":""},"categories":[9],"tags":[415,235,14076,341,2817,7199,8581,7628,810,1532,438,19970,57,4028],"class_list":["post-102299","post","type-post","status-publish","format-standard","has-post-thumbnail","hentry","category-istorie","tag-adn","tag-africa","tag-denisovani","tag-europa","tag-genetica","tag-genom","tag-hibrizi","tag-homo-erectus","tag-homo-sapiens","tag-istorie-si-civilizatii","tag-maroc","tag-neanderthalieni","tag-oameni","tag-orientul-mijlociu","resize-featured-image"],"yoast_head":"<!-- This site is optimized with the Yoast SEO Premium plugin v23.3 (Yoast SEO v27.4) - https:\/\/yoast.com\/product\/yoast-seo-premium-wordpress\/ -->\n<title>O nou\u0103 teorie \u015ftiin\u0163ific\u0103 radical\u0103: Neanderthalienii provin din oamenii moderni (Homo Sapiens)! - Secretele lui Lovendal<\/title>\n<meta name=\"robots\" content=\"index, follow, max-snippet:-1, max-image-preview:large, max-video-preview:-1\" \/>\n<link rel=\"canonical\" href=\"https:\/\/www.lovendal.ro\/wp52\/o-noua-teorie-stiintifica-radicala-neanderthalienii-provin-din-oamenii-moderni-homo-sapiens\/\" \/>\n<meta property=\"og:locale\" content=\"ro_RO\" \/>\n<meta property=\"og:type\" content=\"article\" \/>\n<meta property=\"og:title\" content=\"O nou\u0103 teorie \u015ftiin\u0163ific\u0103 radical\u0103: Neanderthalienii provin din oamenii moderni (Homo Sapiens)!\" \/>\n<meta property=\"og:description\" content=\"Am discutat de multe ori despre faptul c\u0103 oamenii \u0219i Neanderthalienii sunt extrem de asem\u0103n\u0103tori. Acum, o nou\u0103 lucrare propune o ipotez\u0103 radical\u0103: noi, oamenii moderni, nu ne tragem din Neanderthalieni, ci ace\u015ftia sunt descenden\u021bi ai no\u0219tri! Printre numeroasele alte ... Cititi mai multe\" \/>\n<meta property=\"og:url\" content=\"https:\/\/www.lovendal.ro\/wp52\/o-noua-teorie-stiintifica-radicala-neanderthalienii-provin-din-oamenii-moderni-homo-sapiens\/\" \/>\n<meta property=\"og:site_name\" content=\"Secretele lui Lovendal\" \/>\n<meta property=\"article:publisher\" content=\"https:\/\/www.facebook.com\/secreteleluilovendal\" \/>\n<meta property=\"article:published_time\" content=\"2026-04-26T19:02:28+00:00\" \/>\n<meta property=\"og:image\" content=\"https:\/\/www.lovendal.ro\/wp52\/wp-content\/uploads\/2026\/04\/Homo-sapiens-Neanderthal.jpg\" \/>\n\t<meta property=\"og:image:width\" content=\"360\" \/>\n\t<meta property=\"og:image:height\" content=\"350\" \/>\n\t<meta property=\"og:image:type\" content=\"image\/jpeg\" \/>\n<meta name=\"author\" content=\"admin\" \/>\n<meta name=\"twitter:card\" content=\"summary_large_image\" \/>\n<meta name=\"twitter:label1\" content=\"Scris de\" \/>\n\t<meta name=\"twitter:data1\" content=\"admin\" \/>\n\t<meta name=\"twitter:label2\" content=\"Timp estimat pentru citire\" \/>\n\t<meta name=\"twitter:data2\" content=\"4 minute\" \/>\n<script type=\"application\/ld+json\" class=\"yoast-schema-graph\">{\"@context\":\"https:\\\/\\\/schema.org\",\"@graph\":[{\"@type\":\"Article\",\"@id\":\"https:\\\/\\\/www.lovendal.ro\\\/wp52\\\/o-noua-teorie-stiintifica-radicala-neanderthalienii-provin-din-oamenii-moderni-homo-sapiens\\\/#article\",\"isPartOf\":{\"@id\":\"https:\\\/\\\/www.lovendal.ro\\\/wp52\\\/o-noua-teorie-stiintifica-radicala-neanderthalienii-provin-din-oamenii-moderni-homo-sapiens\\\/\"},\"author\":{\"name\":\"admin\",\"@id\":\"https:\\\/\\\/www.lovendal.ro\\\/wp52\\\/#\\\/schema\\\/person\\\/088691de5dfc346bb0c023e1e52ef5d9\"},\"headline\":\"O nou\u0103 teorie \u015ftiin\u0163ific\u0103 radical\u0103: Neanderthalienii provin din oamenii moderni (Homo Sapiens)!\",\"datePublished\":\"2026-04-26T19:02:28+00:00\",\"mainEntityOfPage\":{\"@id\":\"https:\\\/\\\/www.lovendal.ro\\\/wp52\\\/o-noua-teorie-stiintifica-radicala-neanderthalienii-provin-din-oamenii-moderni-homo-sapiens\\\/\"},\"wordCount\":674,\"publisher\":{\"@id\":\"https:\\\/\\\/www.lovendal.ro\\\/wp52\\\/#organization\"},\"image\":{\"@id\":\"https:\\\/\\\/www.lovendal.ro\\\/wp52\\\/o-noua-teorie-stiintifica-radicala-neanderthalienii-provin-din-oamenii-moderni-homo-sapiens\\\/#primaryimage\"},\"thumbnailUrl\":\"https:\\\/\\\/www.lovendal.ro\\\/wp52\\\/wp-content\\\/uploads\\\/2026\\\/04\\\/Homo-sapiens-Neanderthal.jpg\",\"keywords\":[\"ADN\",\"Africa\",\"Denisovani\",\"Europa\",\"genetic\u0103\",\"genom\",\"hibrizi\",\"Homo Erectus\",\"Homo Sapiens\",\"Istorie si Civilizatii\",\"Maroc\",\"Neanderthalieni\",\"oameni\",\"Orientul Mijlociu\"],\"articleSection\":[\"Istorie si Civilizatii\"],\"inLanguage\":\"ro-RO\"},{\"@type\":\"WebPage\",\"@id\":\"https:\\\/\\\/www.lovendal.ro\\\/wp52\\\/o-noua-teorie-stiintifica-radicala-neanderthalienii-provin-din-oamenii-moderni-homo-sapiens\\\/\",\"url\":\"https:\\\/\\\/www.lovendal.ro\\\/wp52\\\/o-noua-teorie-stiintifica-radicala-neanderthalienii-provin-din-oamenii-moderni-homo-sapiens\\\/\",\"name\":\"O nou\u0103 teorie \u015ftiin\u0163ific\u0103 radical\u0103: Neanderthalienii provin din oamenii moderni (Homo Sapiens)! - Secretele lui Lovendal\",\"isPartOf\":{\"@id\":\"https:\\\/\\\/www.lovendal.ro\\\/wp52\\\/#website\"},\"primaryImageOfPage\":{\"@id\":\"https:\\\/\\\/www.lovendal.ro\\\/wp52\\\/o-noua-teorie-stiintifica-radicala-neanderthalienii-provin-din-oamenii-moderni-homo-sapiens\\\/#primaryimage\"},\"image\":{\"@id\":\"https:\\\/\\\/www.lovendal.ro\\\/wp52\\\/o-noua-teorie-stiintifica-radicala-neanderthalienii-provin-din-oamenii-moderni-homo-sapiens\\\/#primaryimage\"},\"thumbnailUrl\":\"https:\\\/\\\/www.lovendal.ro\\\/wp52\\\/wp-content\\\/uploads\\\/2026\\\/04\\\/Homo-sapiens-Neanderthal.jpg\",\"datePublished\":\"2026-04-26T19:02:28+00:00\",\"breadcrumb\":{\"@id\":\"https:\\\/\\\/www.lovendal.ro\\\/wp52\\\/o-noua-teorie-stiintifica-radicala-neanderthalienii-provin-din-oamenii-moderni-homo-sapiens\\\/#breadcrumb\"},\"inLanguage\":\"ro-RO\",\"potentialAction\":[{\"@type\":\"ReadAction\",\"target\":[\"https:\\\/\\\/www.lovendal.ro\\\/wp52\\\/o-noua-teorie-stiintifica-radicala-neanderthalienii-provin-din-oamenii-moderni-homo-sapiens\\\/\"]}]},{\"@type\":\"ImageObject\",\"inLanguage\":\"ro-RO\",\"@id\":\"https:\\\/\\\/www.lovendal.ro\\\/wp52\\\/o-noua-teorie-stiintifica-radicala-neanderthalienii-provin-din-oamenii-moderni-homo-sapiens\\\/#primaryimage\",\"url\":\"https:\\\/\\\/www.lovendal.ro\\\/wp52\\\/wp-content\\\/uploads\\\/2026\\\/04\\\/Homo-sapiens-Neanderthal.jpg\",\"contentUrl\":\"https:\\\/\\\/www.lovendal.ro\\\/wp52\\\/wp-content\\\/uploads\\\/2026\\\/04\\\/Homo-sapiens-Neanderthal.jpg\",\"width\":360,\"height\":350},{\"@type\":\"BreadcrumbList\",\"@id\":\"https:\\\/\\\/www.lovendal.ro\\\/wp52\\\/o-noua-teorie-stiintifica-radicala-neanderthalienii-provin-din-oamenii-moderni-homo-sapiens\\\/#breadcrumb\",\"itemListElement\":[{\"@type\":\"ListItem\",\"position\":1,\"name\":\"Home\",\"item\":\"https:\\\/\\\/www.lovendal.ro\\\/wp52\\\/\"},{\"@type\":\"ListItem\",\"position\":2,\"name\":\"O nou\u0103 teorie \u015ftiin\u0163ific\u0103 radical\u0103: Neanderthalienii provin din oamenii moderni (Homo Sapiens)!\"}]},{\"@type\":\"WebSite\",\"@id\":\"https:\\\/\\\/www.lovendal.ro\\\/wp52\\\/#website\",\"url\":\"https:\\\/\\\/www.lovendal.ro\\\/wp52\\\/\",\"name\":\"Secretele lui Lovendal\",\"description\":\"Site de secrete, stiinta si metafizica - din 2008 -\",\"publisher\":{\"@id\":\"https:\\\/\\\/www.lovendal.ro\\\/wp52\\\/#organization\"},\"potentialAction\":[{\"@type\":\"SearchAction\",\"target\":{\"@type\":\"EntryPoint\",\"urlTemplate\":\"https:\\\/\\\/www.lovendal.ro\\\/wp52\\\/?s={search_term_string}\"},\"query-input\":{\"@type\":\"PropertyValueSpecification\",\"valueRequired\":true,\"valueName\":\"search_term_string\"}}],\"inLanguage\":\"ro-RO\"},{\"@type\":\"Organization\",\"@id\":\"https:\\\/\\\/www.lovendal.ro\\\/wp52\\\/#organization\",\"name\":\"Secretele lui Lovendal\",\"url\":\"https:\\\/\\\/www.lovendal.ro\\\/wp52\\\/\",\"logo\":{\"@type\":\"ImageObject\",\"inLanguage\":\"ro-RO\",\"@id\":\"https:\\\/\\\/www.lovendal.ro\\\/wp52\\\/#\\\/schema\\\/logo\\\/image\\\/\",\"url\":\"https:\\\/\\\/www.lovendal.ro\\\/wp52\\\/wp-content\\\/uploads\\\/2024\\\/06\\\/cropped-SLL-iun-2024-1.jpg\",\"contentUrl\":\"https:\\\/\\\/www.lovendal.ro\\\/wp52\\\/wp-content\\\/uploads\\\/2024\\\/06\\\/cropped-SLL-iun-2024-1.jpg\",\"width\":771,\"height\":240,\"caption\":\"Secretele lui Lovendal\"},\"image\":{\"@id\":\"https:\\\/\\\/www.lovendal.ro\\\/wp52\\\/#\\\/schema\\\/logo\\\/image\\\/\"},\"sameAs\":[\"https:\\\/\\\/www.facebook.com\\\/secreteleluilovendal\"]},{\"@type\":\"Person\",\"@id\":\"https:\\\/\\\/www.lovendal.ro\\\/wp52\\\/#\\\/schema\\\/person\\\/088691de5dfc346bb0c023e1e52ef5d9\",\"name\":\"admin\",\"image\":{\"@type\":\"ImageObject\",\"inLanguage\":\"ro-RO\",\"@id\":\"https:\\\/\\\/secure.gravatar.com\\\/avatar\\\/ecb9cd41f5f63c9c9b989999a59f6e2639a865ec361e9db054db0679a8f341c2?s=96&d=mm&r=g\",\"url\":\"https:\\\/\\\/secure.gravatar.com\\\/avatar\\\/ecb9cd41f5f63c9c9b989999a59f6e2639a865ec361e9db054db0679a8f341c2?s=96&d=mm&r=g\",\"contentUrl\":\"https:\\\/\\\/secure.gravatar.com\\\/avatar\\\/ecb9cd41f5f63c9c9b989999a59f6e2639a865ec361e9db054db0679a8f341c2?s=96&d=mm&r=g\",\"caption\":\"admin\"},\"sameAs\":[\"https:\\\/\\\/www.lovendal.ro\\\/wp52\"]}]}<\/script>\n<!-- \/ Yoast SEO Premium plugin. -->","yoast_head_json":{"title":"O nou\u0103 teorie \u015ftiin\u0163ific\u0103 radical\u0103: Neanderthalienii provin din oamenii moderni (Homo Sapiens)! - Secretele lui Lovendal","robots":{"index":"index","follow":"follow","max-snippet":"max-snippet:-1","max-image-preview":"max-image-preview:large","max-video-preview":"max-video-preview:-1"},"canonical":"https:\/\/www.lovendal.ro\/wp52\/o-noua-teorie-stiintifica-radicala-neanderthalienii-provin-din-oamenii-moderni-homo-sapiens\/","og_locale":"ro_RO","og_type":"article","og_title":"O nou\u0103 teorie \u015ftiin\u0163ific\u0103 radical\u0103: Neanderthalienii provin din oamenii moderni (Homo Sapiens)!","og_description":"Am discutat de multe ori despre faptul c\u0103 oamenii \u0219i Neanderthalienii sunt extrem de asem\u0103n\u0103tori. Acum, o nou\u0103 lucrare propune o ipotez\u0103 radical\u0103: noi, oamenii moderni, nu ne tragem din Neanderthalieni, ci ace\u015ftia sunt descenden\u021bi ai no\u0219tri! Printre numeroasele alte ... Cititi mai multe","og_url":"https:\/\/www.lovendal.ro\/wp52\/o-noua-teorie-stiintifica-radicala-neanderthalienii-provin-din-oamenii-moderni-homo-sapiens\/","og_site_name":"Secretele lui Lovendal","article_publisher":"https:\/\/www.facebook.com\/secreteleluilovendal","article_published_time":"2026-04-26T19:02:28+00:00","og_image":[{"width":360,"height":350,"url":"https:\/\/www.lovendal.ro\/wp52\/wp-content\/uploads\/2026\/04\/Homo-sapiens-Neanderthal.jpg","type":"image\/jpeg"}],"author":"admin","twitter_card":"summary_large_image","twitter_misc":{"Scris de":"admin","Timp estimat pentru citire":"4 minute"},"schema":{"@context":"https:\/\/schema.org","@graph":[{"@type":"Article","@id":"https:\/\/www.lovendal.ro\/wp52\/o-noua-teorie-stiintifica-radicala-neanderthalienii-provin-din-oamenii-moderni-homo-sapiens\/#article","isPartOf":{"@id":"https:\/\/www.lovendal.ro\/wp52\/o-noua-teorie-stiintifica-radicala-neanderthalienii-provin-din-oamenii-moderni-homo-sapiens\/"},"author":{"name":"admin","@id":"https:\/\/www.lovendal.ro\/wp52\/#\/schema\/person\/088691de5dfc346bb0c023e1e52ef5d9"},"headline":"O nou\u0103 teorie \u015ftiin\u0163ific\u0103 radical\u0103: Neanderthalienii provin din oamenii moderni (Homo Sapiens)!","datePublished":"2026-04-26T19:02:28+00:00","mainEntityOfPage":{"@id":"https:\/\/www.lovendal.ro\/wp52\/o-noua-teorie-stiintifica-radicala-neanderthalienii-provin-din-oamenii-moderni-homo-sapiens\/"},"wordCount":674,"publisher":{"@id":"https:\/\/www.lovendal.ro\/wp52\/#organization"},"image":{"@id":"https:\/\/www.lovendal.ro\/wp52\/o-noua-teorie-stiintifica-radicala-neanderthalienii-provin-din-oamenii-moderni-homo-sapiens\/#primaryimage"},"thumbnailUrl":"https:\/\/www.lovendal.ro\/wp52\/wp-content\/uploads\/2026\/04\/Homo-sapiens-Neanderthal.jpg","keywords":["ADN","Africa","Denisovani","Europa","genetic\u0103","genom","hibrizi","Homo Erectus","Homo Sapiens","Istorie si Civilizatii","Maroc","Neanderthalieni","oameni","Orientul Mijlociu"],"articleSection":["Istorie si Civilizatii"],"inLanguage":"ro-RO"},{"@type":"WebPage","@id":"https:\/\/www.lovendal.ro\/wp52\/o-noua-teorie-stiintifica-radicala-neanderthalienii-provin-din-oamenii-moderni-homo-sapiens\/","url":"https:\/\/www.lovendal.ro\/wp52\/o-noua-teorie-stiintifica-radicala-neanderthalienii-provin-din-oamenii-moderni-homo-sapiens\/","name":"O nou\u0103 teorie \u015ftiin\u0163ific\u0103 radical\u0103: Neanderthalienii provin din oamenii moderni (Homo Sapiens)! - Secretele lui Lovendal","isPartOf":{"@id":"https:\/\/www.lovendal.ro\/wp52\/#website"},"primaryImageOfPage":{"@id":"https:\/\/www.lovendal.ro\/wp52\/o-noua-teorie-stiintifica-radicala-neanderthalienii-provin-din-oamenii-moderni-homo-sapiens\/#primaryimage"},"image":{"@id":"https:\/\/www.lovendal.ro\/wp52\/o-noua-teorie-stiintifica-radicala-neanderthalienii-provin-din-oamenii-moderni-homo-sapiens\/#primaryimage"},"thumbnailUrl":"https:\/\/www.lovendal.ro\/wp52\/wp-content\/uploads\/2026\/04\/Homo-sapiens-Neanderthal.jpg","datePublished":"2026-04-26T19:02:28+00:00","breadcrumb":{"@id":"https:\/\/www.lovendal.ro\/wp52\/o-noua-teorie-stiintifica-radicala-neanderthalienii-provin-din-oamenii-moderni-homo-sapiens\/#breadcrumb"},"inLanguage":"ro-RO","potentialAction":[{"@type":"ReadAction","target":["https:\/\/www.lovendal.ro\/wp52\/o-noua-teorie-stiintifica-radicala-neanderthalienii-provin-din-oamenii-moderni-homo-sapiens\/"]}]},{"@type":"ImageObject","inLanguage":"ro-RO","@id":"https:\/\/www.lovendal.ro\/wp52\/o-noua-teorie-stiintifica-radicala-neanderthalienii-provin-din-oamenii-moderni-homo-sapiens\/#primaryimage","url":"https:\/\/www.lovendal.ro\/wp52\/wp-content\/uploads\/2026\/04\/Homo-sapiens-Neanderthal.jpg","contentUrl":"https:\/\/www.lovendal.ro\/wp52\/wp-content\/uploads\/2026\/04\/Homo-sapiens-Neanderthal.jpg","width":360,"height":350},{"@type":"BreadcrumbList","@id":"https:\/\/www.lovendal.ro\/wp52\/o-noua-teorie-stiintifica-radicala-neanderthalienii-provin-din-oamenii-moderni-homo-sapiens\/#breadcrumb","itemListElement":[{"@type":"ListItem","position":1,"name":"Home","item":"https:\/\/www.lovendal.ro\/wp52\/"},{"@type":"ListItem","position":2,"name":"O nou\u0103 teorie \u015ftiin\u0163ific\u0103 radical\u0103: Neanderthalienii provin din oamenii moderni (Homo Sapiens)!"}]},{"@type":"WebSite","@id":"https:\/\/www.lovendal.ro\/wp52\/#website","url":"https:\/\/www.lovendal.ro\/wp52\/","name":"Secretele lui Lovendal","description":"Site de secrete, stiinta si metafizica - din 2008 -","publisher":{"@id":"https:\/\/www.lovendal.ro\/wp52\/#organization"},"potentialAction":[{"@type":"SearchAction","target":{"@type":"EntryPoint","urlTemplate":"https:\/\/www.lovendal.ro\/wp52\/?s={search_term_string}"},"query-input":{"@type":"PropertyValueSpecification","valueRequired":true,"valueName":"search_term_string"}}],"inLanguage":"ro-RO"},{"@type":"Organization","@id":"https:\/\/www.lovendal.ro\/wp52\/#organization","name":"Secretele lui Lovendal","url":"https:\/\/www.lovendal.ro\/wp52\/","logo":{"@type":"ImageObject","inLanguage":"ro-RO","@id":"https:\/\/www.lovendal.ro\/wp52\/#\/schema\/logo\/image\/","url":"https:\/\/www.lovendal.ro\/wp52\/wp-content\/uploads\/2024\/06\/cropped-SLL-iun-2024-1.jpg","contentUrl":"https:\/\/www.lovendal.ro\/wp52\/wp-content\/uploads\/2024\/06\/cropped-SLL-iun-2024-1.jpg","width":771,"height":240,"caption":"Secretele lui Lovendal"},"image":{"@id":"https:\/\/www.lovendal.ro\/wp52\/#\/schema\/logo\/image\/"},"sameAs":["https:\/\/www.facebook.com\/secreteleluilovendal"]},{"@type":"Person","@id":"https:\/\/www.lovendal.ro\/wp52\/#\/schema\/person\/088691de5dfc346bb0c023e1e52ef5d9","name":"admin","image":{"@type":"ImageObject","inLanguage":"ro-RO","@id":"https:\/\/secure.gravatar.com\/avatar\/ecb9cd41f5f63c9c9b989999a59f6e2639a865ec361e9db054db0679a8f341c2?s=96&d=mm&r=g","url":"https:\/\/secure.gravatar.com\/avatar\/ecb9cd41f5f63c9c9b989999a59f6e2639a865ec361e9db054db0679a8f341c2?s=96&d=mm&r=g","contentUrl":"https:\/\/secure.gravatar.com\/avatar\/ecb9cd41f5f63c9c9b989999a59f6e2639a865ec361e9db054db0679a8f341c2?s=96&d=mm&r=g","caption":"admin"},"sameAs":["https:\/\/www.lovendal.ro\/wp52"]}]}},"_links":{"self":[{"href":"https:\/\/www.lovendal.ro\/wp52\/wp-json\/wp\/v2\/posts\/102299","targetHints":{"allow":["GET"]}}],"collection":[{"href":"https:\/\/www.lovendal.ro\/wp52\/wp-json\/wp\/v2\/posts"}],"about":[{"href":"https:\/\/www.lovendal.ro\/wp52\/wp-json\/wp\/v2\/types\/post"}],"author":[{"embeddable":true,"href":"https:\/\/www.lovendal.ro\/wp52\/wp-json\/wp\/v2\/users\/1"}],"replies":[{"embeddable":true,"href":"https:\/\/www.lovendal.ro\/wp52\/wp-json\/wp\/v2\/comments?post=102299"}],"version-history":[{"count":1,"href":"https:\/\/www.lovendal.ro\/wp52\/wp-json\/wp\/v2\/posts\/102299\/revisions"}],"predecessor-version":[{"id":102301,"href":"https:\/\/www.lovendal.ro\/wp52\/wp-json\/wp\/v2\/posts\/102299\/revisions\/102301"}],"wp:featuredmedia":[{"embeddable":true,"href":"https:\/\/www.lovendal.ro\/wp52\/wp-json\/wp\/v2\/media\/102300"}],"wp:attachment":[{"href":"https:\/\/www.lovendal.ro\/wp52\/wp-json\/wp\/v2\/media?parent=102299"}],"wp:term":[{"taxonomy":"category","embeddable":true,"href":"https:\/\/www.lovendal.ro\/wp52\/wp-json\/wp\/v2\/categories?post=102299"},{"taxonomy":"post_tag","embeddable":true,"href":"https:\/\/www.lovendal.ro\/wp52\/wp-json\/wp\/v2\/tags?post=102299"}],"curies":[{"name":"wp","href":"https:\/\/api.w.org\/{rel}","templated":true}]}}