{"id":101889,"date":"2026-03-11T21:28:10","date_gmt":"2026-03-11T19:28:10","guid":{"rendered":"https:\/\/www.lovendal.ro\/wp52\/?p=101889"},"modified":"2026-03-11T21:28:10","modified_gmt":"2026-03-11T19:28:10","slug":"prima-imagine-a-unui-extraterestru-aflat-intr-un-ozn-aflam-dintr-o-carte-a-unui-ufolog-italian","status":"publish","type":"post","link":"https:\/\/www.lovendal.ro\/wp52\/prima-imagine-a-unui-extraterestru-aflat-intr-un-ozn-aflam-dintr-o-carte-a-unui-ufolog-italian\/","title":{"rendered":"&#8222;Prima imagine a unui extraterestru aflat \u00eentr-un OZN&#8221; &#8211; afl\u0103m dintr-o carte a unui ufolog italian"},"content":{"rendered":"<p><a href=\"https:\/\/www.lovendal.ro\/wp52\/wp-content\/uploads\/2026\/03\/prima-fotografie-extraterestru.jpg\"><img loading=\"lazy\" decoding=\"async\" class=\"alignleft size-full wp-image-101890\" src=\"https:\/\/www.lovendal.ro\/wp52\/wp-content\/uploads\/2026\/03\/prima-fotografie-extraterestru.jpg\" alt=\"\" width=\"356\" height=\"246\" srcset=\"https:\/\/www.lovendal.ro\/wp52\/wp-content\/uploads\/2026\/03\/prima-fotografie-extraterestru.jpg 356w, https:\/\/www.lovendal.ro\/wp52\/wp-content\/uploads\/2026\/03\/prima-fotografie-extraterestru-300x207.jpg 300w\" sizes=\"auto, (max-width: 356px) 100vw, 356px\" \/><\/a>O carte intitulat\u0103 <strong><em>&#8222;Contacte OZN \u00een Italia \/ Volumul 1: 1907-1978&#8221;<\/em><\/strong>, publicat\u0103 pe 1 februarie 2018, con\u021bine &#8222;prima imagine a unui extraterestru \u00eentr-un OZN&#8221;, a\u015fa cum consider\u0103 autorul. Cartea, publicat\u0103 de editura <em>&#8222;Flying Disk Press&#8221;<\/em> \u0219i scris\u0103 de jurnalistul \u0219i ufologul italian <strong>Roberto Pinoti<\/strong>, relateaz\u0103 principalele observ\u0103ri OZN din Italia.<\/p>\n<p>Pinoti a lucrat ca ofi\u021ber \u00een Armata Italian\u0103 pentru NATO. \u00cen plus, este jurnalist aerospa\u021bial \u0219i fondatorul <strong>&#8222;Centrului Ufologic Na\u0163ional&#8221;<\/strong> din Italia, o organiza\u021bie de cercetare a OZN-urilor fondat\u0103 acum 50 de ani. Potrivit jurnalistului italian, fotografiile ciudate au fost f\u0103cute de doi b\u0103rba\u021bi italieni care au avut ocazia s\u0103 intre \u00eentr-o farfurie zbur\u0103toare \u00een octombrie 1957. Imaginea prezint\u0103 un fel de cabin\u0103 cu scaune, un panou de control \u0219i alte c\u00e2teva obiecte \u00een interiorul OZN-ului.<\/p>\n<p>Exist\u0103 \u0219i o alt\u0103 imagine a unei &#8222;fiin\u021be extraterestre&#8221; care poart\u0103 ceva similar cu ochelari de soare, o fotografie care, pentru autorul italian, reprezint\u0103 un adev\u0103rat vizitator extraterestru. Interesant este c\u0103 extraterestrul seam\u0103n\u0103 literalmente cu o fiin\u021b\u0103 uman\u0103, cu un nas mic \u0219i buze groase.<\/p>\n<p><em>&#8222;Doi b\u0103rba\u021bi au avut voie s\u0103 intre \u00een OZN \u0219i s\u0103 fac\u0103 fotografii&#8221;<\/em>, explic\u0103 Pinoti. <em>&#8222;Diametrul OZN-ului era de 24 de metri, iar cabina de control avea aproximativ 10 metri. Aceste fotografii ciudate \u0219i extraordinare, precum \u0219i dou\u0103 fotografii ale presupusului pilot extraterestru au fost publicate aici pentru prima dat\u0103!.<\/em><\/p>\n<p>Potrivit autorului, presupusul incident asociat cu imaginea a avut loc \u00een Francavilla al Mare, o municipalitate din provincia Chieti, pe coasta Adriaticii. Pinoti a dezv\u0103luit c\u0103 p\u00e2n\u0103 acum a p\u0103strat detaliile despre acest incident, iar aceasta este prima dat\u0103 c\u00e2nd sunt publicate informa\u021bii despre acest eveniment straniu.<\/p>\n<p>Dar cel mai surprinz\u0103tor dintre toate este c\u0103 aceast\u0103 \u00eent\u00e2lnire a fost foarte pozitiv\u0103, deoarece locuitorii din Francavilla al Mare \u0219i \u00eemprejurimi au fost \u00een contact regulat cu extratere\u0219tri umani dispu\u0219i s\u0103 ajute omenirea. Autorul a sus\u021binut chiar c\u0103 Alberto Perego, diplomat italian \u0219i consul la acea vreme, a avut \u0219i el \u00eent\u00e2lniri cu extratere\u0219tri \u00een via\u021ba sa. Pinoti a ad\u0103ugat, de asemenea, c\u0103 aceste fiin\u021be extraterestre au construit baze subterane pe P\u0103m\u00e2nt.<\/p>\n<p>De\u0219i imaginile i-au convins pe cei care cred \u00een tema extraterestr\u0103, scepticii consider\u0103 c\u0103 este vorba de o nou\u0103 \u00een\u0219el\u0103ciune \u0219i prezint\u0103 doar o persoan\u0103 cu ochelari de soare undeva nedeterminat pe planeta noastr\u0103.<\/p>\n","protected":false},"excerpt":{"rendered":"<p>O carte intitulat\u0103 &#8222;Contacte OZN \u00een Italia \/ Volumul 1: 1907-1978&#8221;, publicat\u0103 pe 1 februarie 2018, con\u021bine &#8222;prima imagine a unui extraterestru \u00eentr-un OZN&#8221;, a\u015fa cum consider\u0103 autorul. Cartea, publicat\u0103 de editura &#8222;Flying Disk Press&#8221; \u0219i scris\u0103 de jurnalistul \u0219i &#8230; <\/p>\n<p class=\"read-more-container\"><a title=\"&#8222;Prima imagine a unui extraterestru aflat \u00eentr-un OZN&#8221; &#8211; afl\u0103m dintr-o carte a unui ufolog italian\" class=\"read-more button\" href=\"https:\/\/www.lovendal.ro\/wp52\/prima-imagine-a-unui-extraterestru-aflat-intr-un-ozn-aflam-dintr-o-carte-a-unui-ufolog-italian\/#more-101889\" aria-label=\"Cite\u0219te mai multe despre &#8222;Prima imagine a unui extraterestru aflat \u00eentr-un OZN&#8221; &#8211; afl\u0103m dintr-o carte a unui ufolog italian\">Cititi mai multe<\/a><\/p>\n","protected":false},"author":1,"featured_media":101890,"comment_status":"closed","ping_status":"open","sticky":false,"template":"","format":"standard","meta":{"footnotes":""},"categories":[475],"tags":[6223,1103,358,1495,15,86,1352,1045,4026,7818,2399,50,3974],"class_list":["post-101889","post","type-post","status-publish","format-standard","has-post-thumbnail","hentry","category-conspiratii-mistere","tag-buze","tag-carte","tag-conspiratii-si-mistere","tag-extraterestru","tag-fotografie","tag-italia","tag-marea-adriatica","tag-nas","tag-nato","tag-nava-extraterestra","tag-ochelari","tag-ozn","tag-ufolog","resize-featured-image"],"yoast_head":"<!-- This site is optimized with the Yoast SEO Premium plugin v23.3 (Yoast SEO v27.4) - https:\/\/yoast.com\/product\/yoast-seo-premium-wordpress\/ -->\n<title>&quot;Prima imagine a unui extraterestru aflat \u00eentr-un OZN&quot; - afl\u0103m dintr-o carte a unui ufolog italian - Secretele lui Lovendal<\/title>\n<meta name=\"robots\" content=\"index, follow, max-snippet:-1, max-image-preview:large, max-video-preview:-1\" \/>\n<link rel=\"canonical\" href=\"https:\/\/www.lovendal.ro\/wp52\/prima-imagine-a-unui-extraterestru-aflat-intr-un-ozn-aflam-dintr-o-carte-a-unui-ufolog-italian\/\" \/>\n<meta property=\"og:locale\" content=\"ro_RO\" \/>\n<meta property=\"og:type\" content=\"article\" \/>\n<meta property=\"og:title\" content=\"&quot;Prima imagine a unui extraterestru aflat \u00eentr-un OZN&quot; - afl\u0103m dintr-o carte a unui ufolog italian\" \/>\n<meta property=\"og:description\" content=\"O carte intitulat\u0103 &#8222;Contacte OZN \u00een Italia \/ Volumul 1: 1907-1978&#8221;, publicat\u0103 pe 1 februarie 2018, con\u021bine &#8222;prima imagine a unui extraterestru \u00eentr-un OZN&#8221;, a\u015fa cum consider\u0103 autorul. Cartea, publicat\u0103 de editura &#8222;Flying Disk Press&#8221; \u0219i scris\u0103 de jurnalistul \u0219i ... Cititi mai multe\" \/>\n<meta property=\"og:url\" content=\"https:\/\/www.lovendal.ro\/wp52\/prima-imagine-a-unui-extraterestru-aflat-intr-un-ozn-aflam-dintr-o-carte-a-unui-ufolog-italian\/\" \/>\n<meta property=\"og:site_name\" content=\"Secretele lui Lovendal\" \/>\n<meta property=\"article:publisher\" content=\"https:\/\/www.facebook.com\/secreteleluilovendal\" \/>\n<meta property=\"article:published_time\" content=\"2026-03-11T19:28:10+00:00\" \/>\n<meta property=\"og:image\" content=\"https:\/\/www.lovendal.ro\/wp52\/wp-content\/uploads\/2026\/03\/prima-fotografie-extraterestru.jpg\" \/>\n\t<meta property=\"og:image:width\" content=\"356\" \/>\n\t<meta property=\"og:image:height\" content=\"246\" \/>\n\t<meta property=\"og:image:type\" content=\"image\/jpeg\" \/>\n<meta name=\"author\" content=\"admin\" \/>\n<meta name=\"twitter:card\" content=\"summary_large_image\" \/>\n<meta name=\"twitter:label1\" content=\"Scris de\" \/>\n\t<meta name=\"twitter:data1\" content=\"admin\" \/>\n\t<meta name=\"twitter:label2\" content=\"Timp estimat pentru citire\" \/>\n\t<meta name=\"twitter:data2\" content=\"3 minute\" \/>\n<script type=\"application\/ld+json\" class=\"yoast-schema-graph\">{\"@context\":\"https:\\\/\\\/schema.org\",\"@graph\":[{\"@type\":\"Article\",\"@id\":\"https:\\\/\\\/www.lovendal.ro\\\/wp52\\\/prima-imagine-a-unui-extraterestru-aflat-intr-un-ozn-aflam-dintr-o-carte-a-unui-ufolog-italian\\\/#article\",\"isPartOf\":{\"@id\":\"https:\\\/\\\/www.lovendal.ro\\\/wp52\\\/prima-imagine-a-unui-extraterestru-aflat-intr-un-ozn-aflam-dintr-o-carte-a-unui-ufolog-italian\\\/\"},\"author\":{\"name\":\"admin\",\"@id\":\"https:\\\/\\\/www.lovendal.ro\\\/wp52\\\/#\\\/schema\\\/person\\\/088691de5dfc346bb0c023e1e52ef5d9\"},\"headline\":\"&#8222;Prima imagine a unui extraterestru aflat \u00eentr-un OZN&#8221; &#8211; afl\u0103m dintr-o carte a unui ufolog italian\",\"datePublished\":\"2026-03-11T19:28:10+00:00\",\"mainEntityOfPage\":{\"@id\":\"https:\\\/\\\/www.lovendal.ro\\\/wp52\\\/prima-imagine-a-unui-extraterestru-aflat-intr-un-ozn-aflam-dintr-o-carte-a-unui-ufolog-italian\\\/\"},\"wordCount\":421,\"publisher\":{\"@id\":\"https:\\\/\\\/www.lovendal.ro\\\/wp52\\\/#organization\"},\"image\":{\"@id\":\"https:\\\/\\\/www.lovendal.ro\\\/wp52\\\/prima-imagine-a-unui-extraterestru-aflat-intr-un-ozn-aflam-dintr-o-carte-a-unui-ufolog-italian\\\/#primaryimage\"},\"thumbnailUrl\":\"https:\\\/\\\/www.lovendal.ro\\\/wp52\\\/wp-content\\\/uploads\\\/2026\\\/03\\\/prima-fotografie-extraterestru.jpg\",\"keywords\":[\"buze\",\"carte\",\"Conspiratii si Mistere\",\"extraterestru\",\"fotografie\",\"Italia\",\"Marea Adriatic\u0103\",\"nas\",\"NATO\",\"nav\u0103 extraterestr\u0103\",\"ochelari\",\"OZN\",\"ufolog\"],\"articleSection\":[\"Conspiratii si Mistere\"],\"inLanguage\":\"ro-RO\"},{\"@type\":\"WebPage\",\"@id\":\"https:\\\/\\\/www.lovendal.ro\\\/wp52\\\/prima-imagine-a-unui-extraterestru-aflat-intr-un-ozn-aflam-dintr-o-carte-a-unui-ufolog-italian\\\/\",\"url\":\"https:\\\/\\\/www.lovendal.ro\\\/wp52\\\/prima-imagine-a-unui-extraterestru-aflat-intr-un-ozn-aflam-dintr-o-carte-a-unui-ufolog-italian\\\/\",\"name\":\"\\\"Prima imagine a unui extraterestru aflat \u00eentr-un OZN\\\" - afl\u0103m dintr-o carte a unui ufolog italian - Secretele lui Lovendal\",\"isPartOf\":{\"@id\":\"https:\\\/\\\/www.lovendal.ro\\\/wp52\\\/#website\"},\"primaryImageOfPage\":{\"@id\":\"https:\\\/\\\/www.lovendal.ro\\\/wp52\\\/prima-imagine-a-unui-extraterestru-aflat-intr-un-ozn-aflam-dintr-o-carte-a-unui-ufolog-italian\\\/#primaryimage\"},\"image\":{\"@id\":\"https:\\\/\\\/www.lovendal.ro\\\/wp52\\\/prima-imagine-a-unui-extraterestru-aflat-intr-un-ozn-aflam-dintr-o-carte-a-unui-ufolog-italian\\\/#primaryimage\"},\"thumbnailUrl\":\"https:\\\/\\\/www.lovendal.ro\\\/wp52\\\/wp-content\\\/uploads\\\/2026\\\/03\\\/prima-fotografie-extraterestru.jpg\",\"datePublished\":\"2026-03-11T19:28:10+00:00\",\"breadcrumb\":{\"@id\":\"https:\\\/\\\/www.lovendal.ro\\\/wp52\\\/prima-imagine-a-unui-extraterestru-aflat-intr-un-ozn-aflam-dintr-o-carte-a-unui-ufolog-italian\\\/#breadcrumb\"},\"inLanguage\":\"ro-RO\",\"potentialAction\":[{\"@type\":\"ReadAction\",\"target\":[\"https:\\\/\\\/www.lovendal.ro\\\/wp52\\\/prima-imagine-a-unui-extraterestru-aflat-intr-un-ozn-aflam-dintr-o-carte-a-unui-ufolog-italian\\\/\"]}]},{\"@type\":\"ImageObject\",\"inLanguage\":\"ro-RO\",\"@id\":\"https:\\\/\\\/www.lovendal.ro\\\/wp52\\\/prima-imagine-a-unui-extraterestru-aflat-intr-un-ozn-aflam-dintr-o-carte-a-unui-ufolog-italian\\\/#primaryimage\",\"url\":\"https:\\\/\\\/www.lovendal.ro\\\/wp52\\\/wp-content\\\/uploads\\\/2026\\\/03\\\/prima-fotografie-extraterestru.jpg\",\"contentUrl\":\"https:\\\/\\\/www.lovendal.ro\\\/wp52\\\/wp-content\\\/uploads\\\/2026\\\/03\\\/prima-fotografie-extraterestru.jpg\",\"width\":356,\"height\":246},{\"@type\":\"BreadcrumbList\",\"@id\":\"https:\\\/\\\/www.lovendal.ro\\\/wp52\\\/prima-imagine-a-unui-extraterestru-aflat-intr-un-ozn-aflam-dintr-o-carte-a-unui-ufolog-italian\\\/#breadcrumb\",\"itemListElement\":[{\"@type\":\"ListItem\",\"position\":1,\"name\":\"Home\",\"item\":\"https:\\\/\\\/www.lovendal.ro\\\/wp52\\\/\"},{\"@type\":\"ListItem\",\"position\":2,\"name\":\"&#8222;Prima imagine a unui extraterestru aflat \u00eentr-un OZN&#8221; &#8211; afl\u0103m dintr-o carte a unui ufolog italian\"}]},{\"@type\":\"WebSite\",\"@id\":\"https:\\\/\\\/www.lovendal.ro\\\/wp52\\\/#website\",\"url\":\"https:\\\/\\\/www.lovendal.ro\\\/wp52\\\/\",\"name\":\"Secretele lui Lovendal\",\"description\":\"Site de secrete, stiinta si metafizica - din 2008 -\",\"publisher\":{\"@id\":\"https:\\\/\\\/www.lovendal.ro\\\/wp52\\\/#organization\"},\"potentialAction\":[{\"@type\":\"SearchAction\",\"target\":{\"@type\":\"EntryPoint\",\"urlTemplate\":\"https:\\\/\\\/www.lovendal.ro\\\/wp52\\\/?s={search_term_string}\"},\"query-input\":{\"@type\":\"PropertyValueSpecification\",\"valueRequired\":true,\"valueName\":\"search_term_string\"}}],\"inLanguage\":\"ro-RO\"},{\"@type\":\"Organization\",\"@id\":\"https:\\\/\\\/www.lovendal.ro\\\/wp52\\\/#organization\",\"name\":\"Secretele lui Lovendal\",\"url\":\"https:\\\/\\\/www.lovendal.ro\\\/wp52\\\/\",\"logo\":{\"@type\":\"ImageObject\",\"inLanguage\":\"ro-RO\",\"@id\":\"https:\\\/\\\/www.lovendal.ro\\\/wp52\\\/#\\\/schema\\\/logo\\\/image\\\/\",\"url\":\"https:\\\/\\\/www.lovendal.ro\\\/wp52\\\/wp-content\\\/uploads\\\/2024\\\/06\\\/cropped-SLL-iun-2024-1.jpg\",\"contentUrl\":\"https:\\\/\\\/www.lovendal.ro\\\/wp52\\\/wp-content\\\/uploads\\\/2024\\\/06\\\/cropped-SLL-iun-2024-1.jpg\",\"width\":771,\"height\":240,\"caption\":\"Secretele lui Lovendal\"},\"image\":{\"@id\":\"https:\\\/\\\/www.lovendal.ro\\\/wp52\\\/#\\\/schema\\\/logo\\\/image\\\/\"},\"sameAs\":[\"https:\\\/\\\/www.facebook.com\\\/secreteleluilovendal\"]},{\"@type\":\"Person\",\"@id\":\"https:\\\/\\\/www.lovendal.ro\\\/wp52\\\/#\\\/schema\\\/person\\\/088691de5dfc346bb0c023e1e52ef5d9\",\"name\":\"admin\",\"image\":{\"@type\":\"ImageObject\",\"inLanguage\":\"ro-RO\",\"@id\":\"https:\\\/\\\/secure.gravatar.com\\\/avatar\\\/ecb9cd41f5f63c9c9b989999a59f6e2639a865ec361e9db054db0679a8f341c2?s=96&d=mm&r=g\",\"url\":\"https:\\\/\\\/secure.gravatar.com\\\/avatar\\\/ecb9cd41f5f63c9c9b989999a59f6e2639a865ec361e9db054db0679a8f341c2?s=96&d=mm&r=g\",\"contentUrl\":\"https:\\\/\\\/secure.gravatar.com\\\/avatar\\\/ecb9cd41f5f63c9c9b989999a59f6e2639a865ec361e9db054db0679a8f341c2?s=96&d=mm&r=g\",\"caption\":\"admin\"},\"sameAs\":[\"https:\\\/\\\/www.lovendal.ro\\\/wp52\"]}]}<\/script>\n<!-- \/ Yoast SEO Premium plugin. -->","yoast_head_json":{"title":"\"Prima imagine a unui extraterestru aflat \u00eentr-un OZN\" - afl\u0103m dintr-o carte a unui ufolog italian - Secretele lui Lovendal","robots":{"index":"index","follow":"follow","max-snippet":"max-snippet:-1","max-image-preview":"max-image-preview:large","max-video-preview":"max-video-preview:-1"},"canonical":"https:\/\/www.lovendal.ro\/wp52\/prima-imagine-a-unui-extraterestru-aflat-intr-un-ozn-aflam-dintr-o-carte-a-unui-ufolog-italian\/","og_locale":"ro_RO","og_type":"article","og_title":"\"Prima imagine a unui extraterestru aflat \u00eentr-un OZN\" - afl\u0103m dintr-o carte a unui ufolog italian","og_description":"O carte intitulat\u0103 &#8222;Contacte OZN \u00een Italia \/ Volumul 1: 1907-1978&#8221;, publicat\u0103 pe 1 februarie 2018, con\u021bine &#8222;prima imagine a unui extraterestru \u00eentr-un OZN&#8221;, a\u015fa cum consider\u0103 autorul. Cartea, publicat\u0103 de editura &#8222;Flying Disk Press&#8221; \u0219i scris\u0103 de jurnalistul \u0219i ... Cititi mai multe","og_url":"https:\/\/www.lovendal.ro\/wp52\/prima-imagine-a-unui-extraterestru-aflat-intr-un-ozn-aflam-dintr-o-carte-a-unui-ufolog-italian\/","og_site_name":"Secretele lui Lovendal","article_publisher":"https:\/\/www.facebook.com\/secreteleluilovendal","article_published_time":"2026-03-11T19:28:10+00:00","og_image":[{"width":356,"height":246,"url":"https:\/\/www.lovendal.ro\/wp52\/wp-content\/uploads\/2026\/03\/prima-fotografie-extraterestru.jpg","type":"image\/jpeg"}],"author":"admin","twitter_card":"summary_large_image","twitter_misc":{"Scris de":"admin","Timp estimat pentru citire":"3 minute"},"schema":{"@context":"https:\/\/schema.org","@graph":[{"@type":"Article","@id":"https:\/\/www.lovendal.ro\/wp52\/prima-imagine-a-unui-extraterestru-aflat-intr-un-ozn-aflam-dintr-o-carte-a-unui-ufolog-italian\/#article","isPartOf":{"@id":"https:\/\/www.lovendal.ro\/wp52\/prima-imagine-a-unui-extraterestru-aflat-intr-un-ozn-aflam-dintr-o-carte-a-unui-ufolog-italian\/"},"author":{"name":"admin","@id":"https:\/\/www.lovendal.ro\/wp52\/#\/schema\/person\/088691de5dfc346bb0c023e1e52ef5d9"},"headline":"&#8222;Prima imagine a unui extraterestru aflat \u00eentr-un OZN&#8221; &#8211; afl\u0103m dintr-o carte a unui ufolog italian","datePublished":"2026-03-11T19:28:10+00:00","mainEntityOfPage":{"@id":"https:\/\/www.lovendal.ro\/wp52\/prima-imagine-a-unui-extraterestru-aflat-intr-un-ozn-aflam-dintr-o-carte-a-unui-ufolog-italian\/"},"wordCount":421,"publisher":{"@id":"https:\/\/www.lovendal.ro\/wp52\/#organization"},"image":{"@id":"https:\/\/www.lovendal.ro\/wp52\/prima-imagine-a-unui-extraterestru-aflat-intr-un-ozn-aflam-dintr-o-carte-a-unui-ufolog-italian\/#primaryimage"},"thumbnailUrl":"https:\/\/www.lovendal.ro\/wp52\/wp-content\/uploads\/2026\/03\/prima-fotografie-extraterestru.jpg","keywords":["buze","carte","Conspiratii si Mistere","extraterestru","fotografie","Italia","Marea Adriatic\u0103","nas","NATO","nav\u0103 extraterestr\u0103","ochelari","OZN","ufolog"],"articleSection":["Conspiratii si Mistere"],"inLanguage":"ro-RO"},{"@type":"WebPage","@id":"https:\/\/www.lovendal.ro\/wp52\/prima-imagine-a-unui-extraterestru-aflat-intr-un-ozn-aflam-dintr-o-carte-a-unui-ufolog-italian\/","url":"https:\/\/www.lovendal.ro\/wp52\/prima-imagine-a-unui-extraterestru-aflat-intr-un-ozn-aflam-dintr-o-carte-a-unui-ufolog-italian\/","name":"\"Prima imagine a unui extraterestru aflat \u00eentr-un OZN\" - afl\u0103m dintr-o carte a unui ufolog italian - Secretele lui Lovendal","isPartOf":{"@id":"https:\/\/www.lovendal.ro\/wp52\/#website"},"primaryImageOfPage":{"@id":"https:\/\/www.lovendal.ro\/wp52\/prima-imagine-a-unui-extraterestru-aflat-intr-un-ozn-aflam-dintr-o-carte-a-unui-ufolog-italian\/#primaryimage"},"image":{"@id":"https:\/\/www.lovendal.ro\/wp52\/prima-imagine-a-unui-extraterestru-aflat-intr-un-ozn-aflam-dintr-o-carte-a-unui-ufolog-italian\/#primaryimage"},"thumbnailUrl":"https:\/\/www.lovendal.ro\/wp52\/wp-content\/uploads\/2026\/03\/prima-fotografie-extraterestru.jpg","datePublished":"2026-03-11T19:28:10+00:00","breadcrumb":{"@id":"https:\/\/www.lovendal.ro\/wp52\/prima-imagine-a-unui-extraterestru-aflat-intr-un-ozn-aflam-dintr-o-carte-a-unui-ufolog-italian\/#breadcrumb"},"inLanguage":"ro-RO","potentialAction":[{"@type":"ReadAction","target":["https:\/\/www.lovendal.ro\/wp52\/prima-imagine-a-unui-extraterestru-aflat-intr-un-ozn-aflam-dintr-o-carte-a-unui-ufolog-italian\/"]}]},{"@type":"ImageObject","inLanguage":"ro-RO","@id":"https:\/\/www.lovendal.ro\/wp52\/prima-imagine-a-unui-extraterestru-aflat-intr-un-ozn-aflam-dintr-o-carte-a-unui-ufolog-italian\/#primaryimage","url":"https:\/\/www.lovendal.ro\/wp52\/wp-content\/uploads\/2026\/03\/prima-fotografie-extraterestru.jpg","contentUrl":"https:\/\/www.lovendal.ro\/wp52\/wp-content\/uploads\/2026\/03\/prima-fotografie-extraterestru.jpg","width":356,"height":246},{"@type":"BreadcrumbList","@id":"https:\/\/www.lovendal.ro\/wp52\/prima-imagine-a-unui-extraterestru-aflat-intr-un-ozn-aflam-dintr-o-carte-a-unui-ufolog-italian\/#breadcrumb","itemListElement":[{"@type":"ListItem","position":1,"name":"Home","item":"https:\/\/www.lovendal.ro\/wp52\/"},{"@type":"ListItem","position":2,"name":"&#8222;Prima imagine a unui extraterestru aflat \u00eentr-un OZN&#8221; &#8211; afl\u0103m dintr-o carte a unui ufolog italian"}]},{"@type":"WebSite","@id":"https:\/\/www.lovendal.ro\/wp52\/#website","url":"https:\/\/www.lovendal.ro\/wp52\/","name":"Secretele lui Lovendal","description":"Site de secrete, stiinta si metafizica - din 2008 -","publisher":{"@id":"https:\/\/www.lovendal.ro\/wp52\/#organization"},"potentialAction":[{"@type":"SearchAction","target":{"@type":"EntryPoint","urlTemplate":"https:\/\/www.lovendal.ro\/wp52\/?s={search_term_string}"},"query-input":{"@type":"PropertyValueSpecification","valueRequired":true,"valueName":"search_term_string"}}],"inLanguage":"ro-RO"},{"@type":"Organization","@id":"https:\/\/www.lovendal.ro\/wp52\/#organization","name":"Secretele lui Lovendal","url":"https:\/\/www.lovendal.ro\/wp52\/","logo":{"@type":"ImageObject","inLanguage":"ro-RO","@id":"https:\/\/www.lovendal.ro\/wp52\/#\/schema\/logo\/image\/","url":"https:\/\/www.lovendal.ro\/wp52\/wp-content\/uploads\/2024\/06\/cropped-SLL-iun-2024-1.jpg","contentUrl":"https:\/\/www.lovendal.ro\/wp52\/wp-content\/uploads\/2024\/06\/cropped-SLL-iun-2024-1.jpg","width":771,"height":240,"caption":"Secretele lui Lovendal"},"image":{"@id":"https:\/\/www.lovendal.ro\/wp52\/#\/schema\/logo\/image\/"},"sameAs":["https:\/\/www.facebook.com\/secreteleluilovendal"]},{"@type":"Person","@id":"https:\/\/www.lovendal.ro\/wp52\/#\/schema\/person\/088691de5dfc346bb0c023e1e52ef5d9","name":"admin","image":{"@type":"ImageObject","inLanguage":"ro-RO","@id":"https:\/\/secure.gravatar.com\/avatar\/ecb9cd41f5f63c9c9b989999a59f6e2639a865ec361e9db054db0679a8f341c2?s=96&d=mm&r=g","url":"https:\/\/secure.gravatar.com\/avatar\/ecb9cd41f5f63c9c9b989999a59f6e2639a865ec361e9db054db0679a8f341c2?s=96&d=mm&r=g","contentUrl":"https:\/\/secure.gravatar.com\/avatar\/ecb9cd41f5f63c9c9b989999a59f6e2639a865ec361e9db054db0679a8f341c2?s=96&d=mm&r=g","caption":"admin"},"sameAs":["https:\/\/www.lovendal.ro\/wp52"]}]}},"_links":{"self":[{"href":"https:\/\/www.lovendal.ro\/wp52\/wp-json\/wp\/v2\/posts\/101889","targetHints":{"allow":["GET"]}}],"collection":[{"href":"https:\/\/www.lovendal.ro\/wp52\/wp-json\/wp\/v2\/posts"}],"about":[{"href":"https:\/\/www.lovendal.ro\/wp52\/wp-json\/wp\/v2\/types\/post"}],"author":[{"embeddable":true,"href":"https:\/\/www.lovendal.ro\/wp52\/wp-json\/wp\/v2\/users\/1"}],"replies":[{"embeddable":true,"href":"https:\/\/www.lovendal.ro\/wp52\/wp-json\/wp\/v2\/comments?post=101889"}],"version-history":[{"count":1,"href":"https:\/\/www.lovendal.ro\/wp52\/wp-json\/wp\/v2\/posts\/101889\/revisions"}],"predecessor-version":[{"id":101891,"href":"https:\/\/www.lovendal.ro\/wp52\/wp-json\/wp\/v2\/posts\/101889\/revisions\/101891"}],"wp:featuredmedia":[{"embeddable":true,"href":"https:\/\/www.lovendal.ro\/wp52\/wp-json\/wp\/v2\/media\/101890"}],"wp:attachment":[{"href":"https:\/\/www.lovendal.ro\/wp52\/wp-json\/wp\/v2\/media?parent=101889"}],"wp:term":[{"taxonomy":"category","embeddable":true,"href":"https:\/\/www.lovendal.ro\/wp52\/wp-json\/wp\/v2\/categories?post=101889"},{"taxonomy":"post_tag","embeddable":true,"href":"https:\/\/www.lovendal.ro\/wp52\/wp-json\/wp\/v2\/tags?post=101889"}],"curies":[{"name":"wp","href":"https:\/\/api.w.org\/{rel}","templated":true}]}}