{"id":101467,"date":"2026-01-26T11:55:17","date_gmt":"2026-01-26T09:55:17","guid":{"rendered":"https:\/\/www.lovendal.ro\/wp52\/?p=101467"},"modified":"2026-01-26T11:55:17","modified_gmt":"2026-01-26T09:55:17","slug":"papa-ioan-al-xxiii-lea-dupa-ce-s-ar-fi-intalnit-cu-un-extraterestru-la-vatican-in-1961-copiii-lui-dumnezeu-sunt-peste-tot-desi-uneori-ne-este-greu-sa-ne-recunoastem-propriii-frati","status":"publish","type":"post","link":"https:\/\/www.lovendal.ro\/wp52\/papa-ioan-al-xxiii-lea-dupa-ce-s-ar-fi-intalnit-cu-un-extraterestru-la-vatican-in-1961-copiii-lui-dumnezeu-sunt-peste-tot-desi-uneori-ne-este-greu-sa-ne-recunoastem-propriii-frati\/","title":{"rendered":"Papa Ioan al XXIII-lea, dup\u0103 ce s-ar fi \u00eent\u00e2lnit cu un extraterestru la Vatican \u00een 1961: &#8222;Copiii lui Dumnezeu sunt peste tot, de\u0219i uneori ne este greu s\u0103 ne recunoa\u0219tem propriii fra\u021bi&#8221;"},"content":{"rendered":"<figure id=\"attachment_101468\" aria-describedby=\"caption-attachment-101468\" style=\"width: 348px\" class=\"wp-caption alignleft\"><a href=\"https:\/\/www.lovendal.ro\/wp52\/wp-content\/uploads\/2026\/01\/extraterestru-intalnire-cu-papa.jpeg\"><img loading=\"lazy\" decoding=\"async\" class=\"size-full wp-image-101468\" src=\"https:\/\/www.lovendal.ro\/wp52\/wp-content\/uploads\/2026\/01\/extraterestru-intalnire-cu-papa.jpeg\" alt=\"\" width=\"358\" height=\"338\" srcset=\"https:\/\/www.lovendal.ro\/wp52\/wp-content\/uploads\/2026\/01\/extraterestru-intalnire-cu-papa.jpeg 358w, https:\/\/www.lovendal.ro\/wp52\/wp-content\/uploads\/2026\/01\/extraterestru-intalnire-cu-papa-300x283.jpeg 300w\" sizes=\"auto, (max-width: 358px) 100vw, 358px\" \/><\/a><figcaption id=\"caption-attachment-101468\" class=\"wp-caption-text\"><strong>Imagine:<\/strong> generata de <strong>Microsoft Designer<\/strong><\/figcaption><\/figure>\n<p>Una dintre cele mai spectaculoase pove\u0219ti publicate vreodat\u0103 de Vatican este episodul relatat de asistentul Papei <strong>Ioan al XXIII-lea<\/strong>, care a f\u0103cut declara\u021bii presei \u00een 2005 \u0219i a spus c\u0103 cel mai straniu eveniment legat de Suveranul Pontif a fost o \u00eent\u00e2lnire \u00eentre Sanctitatea Sa \u0219i un om de pe o alt\u0103 planet\u0103, un extraterestru. Potrivit secretarului papal <strong>Loris Capolvilla<\/strong>, unul dintre cei mai vechi episcopi catolici, Papa Ioan al XXIII-lea a avut o \u00eent\u00e2lnire cordial\u0103 cu un str\u0103in \u00een gr\u0103dinile re\u0219edin\u021bei pontificale de var\u0103 din Castel Gandolfo. Incidentul s-ar fi \u00eent\u00e2mplat \u00een iulie 1961, c\u00e2nd Ioan al XXIII-lea, supranumit \u0219i <em>&#8222;Bunul Pap\u0103&#8221;<\/em>, se plimba \u00een compania lui Capolvilla.<\/p>\n<p>Dup\u0103 c\u00e2teva minute, am\u00e2ndoi au observat pe cer un obiect oval ciudat, care emana o lumin\u0103 albastr\u0103 \u0219i chihlimbarie str\u0103lucitoare. Nava a r\u0103mas \u00een aer c\u00e2teva clipe \u00eenainte de a ateriza pe iarb\u0103. Apoi, o fiin\u021b\u0103 cu form\u0103 uman\u0103, \u00eenconjurat\u0103 de o aur\u0103 \u0219i cu urechi alungite, a ie\u0219it din nava spa\u021bial\u0103. Papa \u0219i secretarul s\u0103u au \u00eengenuncheat, chiar f\u0103r\u0103 s\u0103 \u0219tie exact ce v\u0103d, \u0219i au \u00eenceput s\u0103 se roage, crez\u00e2nd c\u0103 este vorba de un fenomen sau de o minune cereasc\u0103. Dup\u0103 c\u00e2teva momente, Papa s-a hot\u0103r\u00e2t s\u0103 se apropie de creatur\u0103 \u0219i a \u00eenceput s\u0103 vorbeasc\u0103 cu str\u0103inul.<\/p>\n<p>Conversa\u021bia a durat aproximativ 20 de minute, apoi Papa s-a \u00eent\u00e2lnit din nou cu secretarul \u0219i i-a transmis urm\u0103torul mesaj: <em>&#8222;Copiii lui Dumnezeu sunt peste tot, de\u0219i uneori ne este greu s\u0103 ne recunoa\u0219tem propriii fra\u021bi&#8221;. <\/em>Dup\u0103 episod, Papa a decis s\u0103 nu mai vorbeasc\u0103 despre acest subiect, iar Ioan al XXIII-lea nu a dezv\u0103luit niciodat\u0103 neobi\u0219nuitul eveniment, nici m\u0103car celor mai fideli colaboratori ai s\u0103i.<\/p>\n","protected":false},"excerpt":{"rendered":"<p>Una dintre cele mai spectaculoase pove\u0219ti publicate vreodat\u0103 de Vatican este episodul relatat de asistentul Papei Ioan al XXIII-lea, care a f\u0103cut declara\u021bii presei \u00een 2005 \u0219i a spus c\u0103 cel mai straniu eveniment legat de Suveranul Pontif a fost &#8230; <\/p>\n<p class=\"read-more-container\"><a title=\"Papa Ioan al XXIII-lea, dup\u0103 ce s-ar fi \u00eent\u00e2lnit cu un extraterestru la Vatican \u00een 1961: &#8222;Copiii lui Dumnezeu sunt peste tot, de\u0219i uneori ne este greu s\u0103 ne recunoa\u0219tem propriii fra\u021bi&#8221;\" class=\"read-more button\" href=\"https:\/\/www.lovendal.ro\/wp52\/papa-ioan-al-xxiii-lea-dupa-ce-s-ar-fi-intalnit-cu-un-extraterestru-la-vatican-in-1961-copiii-lui-dumnezeu-sunt-peste-tot-desi-uneori-ne-este-greu-sa-ne-recunoastem-propriii-frati\/#more-101467\" aria-label=\"Cite\u0219te mai multe despre Papa Ioan al XXIII-lea, dup\u0103 ce s-ar fi \u00eent\u00e2lnit cu un extraterestru la Vatican \u00een 1961: &#8222;Copiii lui Dumnezeu sunt peste tot, de\u0219i uneori ne este greu s\u0103 ne recunoa\u0219tem propriii fra\u021bi&#8221;\">Cititi mai multe<\/a><\/p>\n","protected":false},"author":1,"featured_media":101468,"comment_status":"closed","ping_status":"open","sticky":false,"template":"","format":"standard","meta":{"footnotes":""},"categories":[14],"tags":[323,8049,97,9796,339],"class_list":["post-101467","post","type-post","status-publish","format-standard","has-post-thumbnail","hentry","category-paranormal-spiritualitate","tag-dumnezeu","tag-ioan-al-xxiii-lea","tag-papa","tag-paranormal-spiritualitate","tag-vatican","resize-featured-image"],"yoast_head":"<!-- This site is optimized with the Yoast SEO Premium plugin v23.3 (Yoast SEO v27.4) - https:\/\/yoast.com\/product\/yoast-seo-premium-wordpress\/ -->\n<title>Papa Ioan al XXIII-lea, dup\u0103 ce s-ar fi \u00eent\u00e2lnit cu un extraterestru la Vatican \u00een 1961: &quot;Copiii lui Dumnezeu sunt peste tot, de\u0219i uneori ne este greu s\u0103 ne recunoa\u0219tem propriii fra\u021bi&quot; - Secretele lui Lovendal<\/title>\n<meta name=\"robots\" content=\"index, follow, max-snippet:-1, max-image-preview:large, max-video-preview:-1\" \/>\n<link rel=\"canonical\" href=\"https:\/\/www.lovendal.ro\/wp52\/papa-ioan-al-xxiii-lea-dupa-ce-s-ar-fi-intalnit-cu-un-extraterestru-la-vatican-in-1961-copiii-lui-dumnezeu-sunt-peste-tot-desi-uneori-ne-este-greu-sa-ne-recunoastem-propriii-frati\/\" \/>\n<meta property=\"og:locale\" content=\"ro_RO\" \/>\n<meta property=\"og:type\" content=\"article\" \/>\n<meta property=\"og:title\" content=\"Papa Ioan al XXIII-lea, dup\u0103 ce s-ar fi \u00eent\u00e2lnit cu un extraterestru la Vatican \u00een 1961: &quot;Copiii lui Dumnezeu sunt peste tot, de\u0219i uneori ne este greu s\u0103 ne recunoa\u0219tem propriii fra\u021bi&quot;\" \/>\n<meta property=\"og:description\" content=\"Una dintre cele mai spectaculoase pove\u0219ti publicate vreodat\u0103 de Vatican este episodul relatat de asistentul Papei Ioan al XXIII-lea, care a f\u0103cut declara\u021bii presei \u00een 2005 \u0219i a spus c\u0103 cel mai straniu eveniment legat de Suveranul Pontif a fost ... Cititi mai multe\" \/>\n<meta property=\"og:url\" content=\"https:\/\/www.lovendal.ro\/wp52\/papa-ioan-al-xxiii-lea-dupa-ce-s-ar-fi-intalnit-cu-un-extraterestru-la-vatican-in-1961-copiii-lui-dumnezeu-sunt-peste-tot-desi-uneori-ne-este-greu-sa-ne-recunoastem-propriii-frati\/\" \/>\n<meta property=\"og:site_name\" content=\"Secretele lui Lovendal\" \/>\n<meta property=\"article:publisher\" content=\"https:\/\/www.facebook.com\/secreteleluilovendal\" \/>\n<meta property=\"article:published_time\" content=\"2026-01-26T09:55:17+00:00\" \/>\n<meta property=\"og:image\" content=\"https:\/\/www.lovendal.ro\/wp52\/wp-content\/uploads\/2026\/01\/extraterestru-intalnire-cu-papa.jpeg\" \/>\n\t<meta property=\"og:image:width\" content=\"358\" \/>\n\t<meta property=\"og:image:height\" content=\"338\" \/>\n\t<meta property=\"og:image:type\" content=\"image\/jpeg\" \/>\n<meta name=\"author\" content=\"admin\" \/>\n<meta name=\"twitter:card\" content=\"summary_large_image\" \/>\n<meta name=\"twitter:label1\" content=\"Scris de\" \/>\n\t<meta name=\"twitter:data1\" content=\"admin\" \/>\n\t<meta name=\"twitter:label2\" content=\"Timp estimat pentru citire\" \/>\n\t<meta name=\"twitter:data2\" content=\"2 minute\" \/>\n<script type=\"application\/ld+json\" class=\"yoast-schema-graph\">{\"@context\":\"https:\\\/\\\/schema.org\",\"@graph\":[{\"@type\":\"Article\",\"@id\":\"https:\\\/\\\/www.lovendal.ro\\\/wp52\\\/papa-ioan-al-xxiii-lea-dupa-ce-s-ar-fi-intalnit-cu-un-extraterestru-la-vatican-in-1961-copiii-lui-dumnezeu-sunt-peste-tot-desi-uneori-ne-este-greu-sa-ne-recunoastem-propriii-frati\\\/#article\",\"isPartOf\":{\"@id\":\"https:\\\/\\\/www.lovendal.ro\\\/wp52\\\/papa-ioan-al-xxiii-lea-dupa-ce-s-ar-fi-intalnit-cu-un-extraterestru-la-vatican-in-1961-copiii-lui-dumnezeu-sunt-peste-tot-desi-uneori-ne-este-greu-sa-ne-recunoastem-propriii-frati\\\/\"},\"author\":{\"name\":\"admin\",\"@id\":\"https:\\\/\\\/www.lovendal.ro\\\/wp52\\\/#\\\/schema\\\/person\\\/088691de5dfc346bb0c023e1e52ef5d9\"},\"headline\":\"Papa Ioan al XXIII-lea, dup\u0103 ce s-ar fi \u00eent\u00e2lnit cu un extraterestru la Vatican \u00een 1961: &#8222;Copiii lui Dumnezeu sunt peste tot, de\u0219i uneori ne este greu s\u0103 ne recunoa\u0219tem propriii fra\u021bi&#8221;\",\"datePublished\":\"2026-01-26T09:55:17+00:00\",\"mainEntityOfPage\":{\"@id\":\"https:\\\/\\\/www.lovendal.ro\\\/wp52\\\/papa-ioan-al-xxiii-lea-dupa-ce-s-ar-fi-intalnit-cu-un-extraterestru-la-vatican-in-1961-copiii-lui-dumnezeu-sunt-peste-tot-desi-uneori-ne-este-greu-sa-ne-recunoastem-propriii-frati\\\/\"},\"wordCount\":356,\"publisher\":{\"@id\":\"https:\\\/\\\/www.lovendal.ro\\\/wp52\\\/#organization\"},\"image\":{\"@id\":\"https:\\\/\\\/www.lovendal.ro\\\/wp52\\\/papa-ioan-al-xxiii-lea-dupa-ce-s-ar-fi-intalnit-cu-un-extraterestru-la-vatican-in-1961-copiii-lui-dumnezeu-sunt-peste-tot-desi-uneori-ne-este-greu-sa-ne-recunoastem-propriii-frati\\\/#primaryimage\"},\"thumbnailUrl\":\"https:\\\/\\\/www.lovendal.ro\\\/wp52\\\/wp-content\\\/uploads\\\/2026\\\/01\\\/extraterestru-intalnire-cu-papa.jpeg\",\"keywords\":[\"Dumnezeu\",\"Ioan al XXIII-lea\",\"papa\",\"Paranormal-Spiritualitate\",\"Vatican\"],\"articleSection\":[\"Paranormal-Spiritualitate\"],\"inLanguage\":\"ro-RO\"},{\"@type\":\"WebPage\",\"@id\":\"https:\\\/\\\/www.lovendal.ro\\\/wp52\\\/papa-ioan-al-xxiii-lea-dupa-ce-s-ar-fi-intalnit-cu-un-extraterestru-la-vatican-in-1961-copiii-lui-dumnezeu-sunt-peste-tot-desi-uneori-ne-este-greu-sa-ne-recunoastem-propriii-frati\\\/\",\"url\":\"https:\\\/\\\/www.lovendal.ro\\\/wp52\\\/papa-ioan-al-xxiii-lea-dupa-ce-s-ar-fi-intalnit-cu-un-extraterestru-la-vatican-in-1961-copiii-lui-dumnezeu-sunt-peste-tot-desi-uneori-ne-este-greu-sa-ne-recunoastem-propriii-frati\\\/\",\"name\":\"Papa Ioan al XXIII-lea, dup\u0103 ce s-ar fi \u00eent\u00e2lnit cu un extraterestru la Vatican \u00een 1961: \\\"Copiii lui Dumnezeu sunt peste tot, de\u0219i uneori ne este greu s\u0103 ne recunoa\u0219tem propriii fra\u021bi\\\" - Secretele lui Lovendal\",\"isPartOf\":{\"@id\":\"https:\\\/\\\/www.lovendal.ro\\\/wp52\\\/#website\"},\"primaryImageOfPage\":{\"@id\":\"https:\\\/\\\/www.lovendal.ro\\\/wp52\\\/papa-ioan-al-xxiii-lea-dupa-ce-s-ar-fi-intalnit-cu-un-extraterestru-la-vatican-in-1961-copiii-lui-dumnezeu-sunt-peste-tot-desi-uneori-ne-este-greu-sa-ne-recunoastem-propriii-frati\\\/#primaryimage\"},\"image\":{\"@id\":\"https:\\\/\\\/www.lovendal.ro\\\/wp52\\\/papa-ioan-al-xxiii-lea-dupa-ce-s-ar-fi-intalnit-cu-un-extraterestru-la-vatican-in-1961-copiii-lui-dumnezeu-sunt-peste-tot-desi-uneori-ne-este-greu-sa-ne-recunoastem-propriii-frati\\\/#primaryimage\"},\"thumbnailUrl\":\"https:\\\/\\\/www.lovendal.ro\\\/wp52\\\/wp-content\\\/uploads\\\/2026\\\/01\\\/extraterestru-intalnire-cu-papa.jpeg\",\"datePublished\":\"2026-01-26T09:55:17+00:00\",\"breadcrumb\":{\"@id\":\"https:\\\/\\\/www.lovendal.ro\\\/wp52\\\/papa-ioan-al-xxiii-lea-dupa-ce-s-ar-fi-intalnit-cu-un-extraterestru-la-vatican-in-1961-copiii-lui-dumnezeu-sunt-peste-tot-desi-uneori-ne-este-greu-sa-ne-recunoastem-propriii-frati\\\/#breadcrumb\"},\"inLanguage\":\"ro-RO\",\"potentialAction\":[{\"@type\":\"ReadAction\",\"target\":[\"https:\\\/\\\/www.lovendal.ro\\\/wp52\\\/papa-ioan-al-xxiii-lea-dupa-ce-s-ar-fi-intalnit-cu-un-extraterestru-la-vatican-in-1961-copiii-lui-dumnezeu-sunt-peste-tot-desi-uneori-ne-este-greu-sa-ne-recunoastem-propriii-frati\\\/\"]}]},{\"@type\":\"ImageObject\",\"inLanguage\":\"ro-RO\",\"@id\":\"https:\\\/\\\/www.lovendal.ro\\\/wp52\\\/papa-ioan-al-xxiii-lea-dupa-ce-s-ar-fi-intalnit-cu-un-extraterestru-la-vatican-in-1961-copiii-lui-dumnezeu-sunt-peste-tot-desi-uneori-ne-este-greu-sa-ne-recunoastem-propriii-frati\\\/#primaryimage\",\"url\":\"https:\\\/\\\/www.lovendal.ro\\\/wp52\\\/wp-content\\\/uploads\\\/2026\\\/01\\\/extraterestru-intalnire-cu-papa.jpeg\",\"contentUrl\":\"https:\\\/\\\/www.lovendal.ro\\\/wp52\\\/wp-content\\\/uploads\\\/2026\\\/01\\\/extraterestru-intalnire-cu-papa.jpeg\",\"width\":358,\"height\":338,\"caption\":\"Imagine: generata de Microsoft Designer\"},{\"@type\":\"BreadcrumbList\",\"@id\":\"https:\\\/\\\/www.lovendal.ro\\\/wp52\\\/papa-ioan-al-xxiii-lea-dupa-ce-s-ar-fi-intalnit-cu-un-extraterestru-la-vatican-in-1961-copiii-lui-dumnezeu-sunt-peste-tot-desi-uneori-ne-este-greu-sa-ne-recunoastem-propriii-frati\\\/#breadcrumb\",\"itemListElement\":[{\"@type\":\"ListItem\",\"position\":1,\"name\":\"Home\",\"item\":\"https:\\\/\\\/www.lovendal.ro\\\/wp52\\\/\"},{\"@type\":\"ListItem\",\"position\":2,\"name\":\"Papa Ioan al XXIII-lea, dup\u0103 ce s-ar fi \u00eent\u00e2lnit cu un extraterestru la Vatican \u00een 1961: &#8222;Copiii lui Dumnezeu sunt peste tot, de\u0219i uneori ne este greu s\u0103 ne recunoa\u0219tem propriii fra\u021bi&#8221;\"}]},{\"@type\":\"WebSite\",\"@id\":\"https:\\\/\\\/www.lovendal.ro\\\/wp52\\\/#website\",\"url\":\"https:\\\/\\\/www.lovendal.ro\\\/wp52\\\/\",\"name\":\"Secretele lui Lovendal\",\"description\":\"Site de secrete, stiinta si metafizica - din 2008 -\",\"publisher\":{\"@id\":\"https:\\\/\\\/www.lovendal.ro\\\/wp52\\\/#organization\"},\"potentialAction\":[{\"@type\":\"SearchAction\",\"target\":{\"@type\":\"EntryPoint\",\"urlTemplate\":\"https:\\\/\\\/www.lovendal.ro\\\/wp52\\\/?s={search_term_string}\"},\"query-input\":{\"@type\":\"PropertyValueSpecification\",\"valueRequired\":true,\"valueName\":\"search_term_string\"}}],\"inLanguage\":\"ro-RO\"},{\"@type\":\"Organization\",\"@id\":\"https:\\\/\\\/www.lovendal.ro\\\/wp52\\\/#organization\",\"name\":\"Secretele lui Lovendal\",\"url\":\"https:\\\/\\\/www.lovendal.ro\\\/wp52\\\/\",\"logo\":{\"@type\":\"ImageObject\",\"inLanguage\":\"ro-RO\",\"@id\":\"https:\\\/\\\/www.lovendal.ro\\\/wp52\\\/#\\\/schema\\\/logo\\\/image\\\/\",\"url\":\"https:\\\/\\\/www.lovendal.ro\\\/wp52\\\/wp-content\\\/uploads\\\/2024\\\/06\\\/cropped-SLL-iun-2024-1.jpg\",\"contentUrl\":\"https:\\\/\\\/www.lovendal.ro\\\/wp52\\\/wp-content\\\/uploads\\\/2024\\\/06\\\/cropped-SLL-iun-2024-1.jpg\",\"width\":771,\"height\":240,\"caption\":\"Secretele lui Lovendal\"},\"image\":{\"@id\":\"https:\\\/\\\/www.lovendal.ro\\\/wp52\\\/#\\\/schema\\\/logo\\\/image\\\/\"},\"sameAs\":[\"https:\\\/\\\/www.facebook.com\\\/secreteleluilovendal\"]},{\"@type\":\"Person\",\"@id\":\"https:\\\/\\\/www.lovendal.ro\\\/wp52\\\/#\\\/schema\\\/person\\\/088691de5dfc346bb0c023e1e52ef5d9\",\"name\":\"admin\",\"image\":{\"@type\":\"ImageObject\",\"inLanguage\":\"ro-RO\",\"@id\":\"https:\\\/\\\/secure.gravatar.com\\\/avatar\\\/ecb9cd41f5f63c9c9b989999a59f6e2639a865ec361e9db054db0679a8f341c2?s=96&d=mm&r=g\",\"url\":\"https:\\\/\\\/secure.gravatar.com\\\/avatar\\\/ecb9cd41f5f63c9c9b989999a59f6e2639a865ec361e9db054db0679a8f341c2?s=96&d=mm&r=g\",\"contentUrl\":\"https:\\\/\\\/secure.gravatar.com\\\/avatar\\\/ecb9cd41f5f63c9c9b989999a59f6e2639a865ec361e9db054db0679a8f341c2?s=96&d=mm&r=g\",\"caption\":\"admin\"},\"sameAs\":[\"https:\\\/\\\/www.lovendal.ro\\\/wp52\"]}]}<\/script>\n<!-- \/ Yoast SEO Premium plugin. -->","yoast_head_json":{"title":"Papa Ioan al XXIII-lea, dup\u0103 ce s-ar fi \u00eent\u00e2lnit cu un extraterestru la Vatican \u00een 1961: \"Copiii lui Dumnezeu sunt peste tot, de\u0219i uneori ne este greu s\u0103 ne recunoa\u0219tem propriii fra\u021bi\" - Secretele lui Lovendal","robots":{"index":"index","follow":"follow","max-snippet":"max-snippet:-1","max-image-preview":"max-image-preview:large","max-video-preview":"max-video-preview:-1"},"canonical":"https:\/\/www.lovendal.ro\/wp52\/papa-ioan-al-xxiii-lea-dupa-ce-s-ar-fi-intalnit-cu-un-extraterestru-la-vatican-in-1961-copiii-lui-dumnezeu-sunt-peste-tot-desi-uneori-ne-este-greu-sa-ne-recunoastem-propriii-frati\/","og_locale":"ro_RO","og_type":"article","og_title":"Papa Ioan al XXIII-lea, dup\u0103 ce s-ar fi \u00eent\u00e2lnit cu un extraterestru la Vatican \u00een 1961: \"Copiii lui Dumnezeu sunt peste tot, de\u0219i uneori ne este greu s\u0103 ne recunoa\u0219tem propriii fra\u021bi\"","og_description":"Una dintre cele mai spectaculoase pove\u0219ti publicate vreodat\u0103 de Vatican este episodul relatat de asistentul Papei Ioan al XXIII-lea, care a f\u0103cut declara\u021bii presei \u00een 2005 \u0219i a spus c\u0103 cel mai straniu eveniment legat de Suveranul Pontif a fost ... Cititi mai multe","og_url":"https:\/\/www.lovendal.ro\/wp52\/papa-ioan-al-xxiii-lea-dupa-ce-s-ar-fi-intalnit-cu-un-extraterestru-la-vatican-in-1961-copiii-lui-dumnezeu-sunt-peste-tot-desi-uneori-ne-este-greu-sa-ne-recunoastem-propriii-frati\/","og_site_name":"Secretele lui Lovendal","article_publisher":"https:\/\/www.facebook.com\/secreteleluilovendal","article_published_time":"2026-01-26T09:55:17+00:00","og_image":[{"width":358,"height":338,"url":"https:\/\/www.lovendal.ro\/wp52\/wp-content\/uploads\/2026\/01\/extraterestru-intalnire-cu-papa.jpeg","type":"image\/jpeg"}],"author":"admin","twitter_card":"summary_large_image","twitter_misc":{"Scris de":"admin","Timp estimat pentru citire":"2 minute"},"schema":{"@context":"https:\/\/schema.org","@graph":[{"@type":"Article","@id":"https:\/\/www.lovendal.ro\/wp52\/papa-ioan-al-xxiii-lea-dupa-ce-s-ar-fi-intalnit-cu-un-extraterestru-la-vatican-in-1961-copiii-lui-dumnezeu-sunt-peste-tot-desi-uneori-ne-este-greu-sa-ne-recunoastem-propriii-frati\/#article","isPartOf":{"@id":"https:\/\/www.lovendal.ro\/wp52\/papa-ioan-al-xxiii-lea-dupa-ce-s-ar-fi-intalnit-cu-un-extraterestru-la-vatican-in-1961-copiii-lui-dumnezeu-sunt-peste-tot-desi-uneori-ne-este-greu-sa-ne-recunoastem-propriii-frati\/"},"author":{"name":"admin","@id":"https:\/\/www.lovendal.ro\/wp52\/#\/schema\/person\/088691de5dfc346bb0c023e1e52ef5d9"},"headline":"Papa Ioan al XXIII-lea, dup\u0103 ce s-ar fi \u00eent\u00e2lnit cu un extraterestru la Vatican \u00een 1961: &#8222;Copiii lui Dumnezeu sunt peste tot, de\u0219i uneori ne este greu s\u0103 ne recunoa\u0219tem propriii fra\u021bi&#8221;","datePublished":"2026-01-26T09:55:17+00:00","mainEntityOfPage":{"@id":"https:\/\/www.lovendal.ro\/wp52\/papa-ioan-al-xxiii-lea-dupa-ce-s-ar-fi-intalnit-cu-un-extraterestru-la-vatican-in-1961-copiii-lui-dumnezeu-sunt-peste-tot-desi-uneori-ne-este-greu-sa-ne-recunoastem-propriii-frati\/"},"wordCount":356,"publisher":{"@id":"https:\/\/www.lovendal.ro\/wp52\/#organization"},"image":{"@id":"https:\/\/www.lovendal.ro\/wp52\/papa-ioan-al-xxiii-lea-dupa-ce-s-ar-fi-intalnit-cu-un-extraterestru-la-vatican-in-1961-copiii-lui-dumnezeu-sunt-peste-tot-desi-uneori-ne-este-greu-sa-ne-recunoastem-propriii-frati\/#primaryimage"},"thumbnailUrl":"https:\/\/www.lovendal.ro\/wp52\/wp-content\/uploads\/2026\/01\/extraterestru-intalnire-cu-papa.jpeg","keywords":["Dumnezeu","Ioan al XXIII-lea","papa","Paranormal-Spiritualitate","Vatican"],"articleSection":["Paranormal-Spiritualitate"],"inLanguage":"ro-RO"},{"@type":"WebPage","@id":"https:\/\/www.lovendal.ro\/wp52\/papa-ioan-al-xxiii-lea-dupa-ce-s-ar-fi-intalnit-cu-un-extraterestru-la-vatican-in-1961-copiii-lui-dumnezeu-sunt-peste-tot-desi-uneori-ne-este-greu-sa-ne-recunoastem-propriii-frati\/","url":"https:\/\/www.lovendal.ro\/wp52\/papa-ioan-al-xxiii-lea-dupa-ce-s-ar-fi-intalnit-cu-un-extraterestru-la-vatican-in-1961-copiii-lui-dumnezeu-sunt-peste-tot-desi-uneori-ne-este-greu-sa-ne-recunoastem-propriii-frati\/","name":"Papa Ioan al XXIII-lea, dup\u0103 ce s-ar fi \u00eent\u00e2lnit cu un extraterestru la Vatican \u00een 1961: \"Copiii lui Dumnezeu sunt peste tot, de\u0219i uneori ne este greu s\u0103 ne recunoa\u0219tem propriii fra\u021bi\" - Secretele lui Lovendal","isPartOf":{"@id":"https:\/\/www.lovendal.ro\/wp52\/#website"},"primaryImageOfPage":{"@id":"https:\/\/www.lovendal.ro\/wp52\/papa-ioan-al-xxiii-lea-dupa-ce-s-ar-fi-intalnit-cu-un-extraterestru-la-vatican-in-1961-copiii-lui-dumnezeu-sunt-peste-tot-desi-uneori-ne-este-greu-sa-ne-recunoastem-propriii-frati\/#primaryimage"},"image":{"@id":"https:\/\/www.lovendal.ro\/wp52\/papa-ioan-al-xxiii-lea-dupa-ce-s-ar-fi-intalnit-cu-un-extraterestru-la-vatican-in-1961-copiii-lui-dumnezeu-sunt-peste-tot-desi-uneori-ne-este-greu-sa-ne-recunoastem-propriii-frati\/#primaryimage"},"thumbnailUrl":"https:\/\/www.lovendal.ro\/wp52\/wp-content\/uploads\/2026\/01\/extraterestru-intalnire-cu-papa.jpeg","datePublished":"2026-01-26T09:55:17+00:00","breadcrumb":{"@id":"https:\/\/www.lovendal.ro\/wp52\/papa-ioan-al-xxiii-lea-dupa-ce-s-ar-fi-intalnit-cu-un-extraterestru-la-vatican-in-1961-copiii-lui-dumnezeu-sunt-peste-tot-desi-uneori-ne-este-greu-sa-ne-recunoastem-propriii-frati\/#breadcrumb"},"inLanguage":"ro-RO","potentialAction":[{"@type":"ReadAction","target":["https:\/\/www.lovendal.ro\/wp52\/papa-ioan-al-xxiii-lea-dupa-ce-s-ar-fi-intalnit-cu-un-extraterestru-la-vatican-in-1961-copiii-lui-dumnezeu-sunt-peste-tot-desi-uneori-ne-este-greu-sa-ne-recunoastem-propriii-frati\/"]}]},{"@type":"ImageObject","inLanguage":"ro-RO","@id":"https:\/\/www.lovendal.ro\/wp52\/papa-ioan-al-xxiii-lea-dupa-ce-s-ar-fi-intalnit-cu-un-extraterestru-la-vatican-in-1961-copiii-lui-dumnezeu-sunt-peste-tot-desi-uneori-ne-este-greu-sa-ne-recunoastem-propriii-frati\/#primaryimage","url":"https:\/\/www.lovendal.ro\/wp52\/wp-content\/uploads\/2026\/01\/extraterestru-intalnire-cu-papa.jpeg","contentUrl":"https:\/\/www.lovendal.ro\/wp52\/wp-content\/uploads\/2026\/01\/extraterestru-intalnire-cu-papa.jpeg","width":358,"height":338,"caption":"Imagine: generata de Microsoft Designer"},{"@type":"BreadcrumbList","@id":"https:\/\/www.lovendal.ro\/wp52\/papa-ioan-al-xxiii-lea-dupa-ce-s-ar-fi-intalnit-cu-un-extraterestru-la-vatican-in-1961-copiii-lui-dumnezeu-sunt-peste-tot-desi-uneori-ne-este-greu-sa-ne-recunoastem-propriii-frati\/#breadcrumb","itemListElement":[{"@type":"ListItem","position":1,"name":"Home","item":"https:\/\/www.lovendal.ro\/wp52\/"},{"@type":"ListItem","position":2,"name":"Papa Ioan al XXIII-lea, dup\u0103 ce s-ar fi \u00eent\u00e2lnit cu un extraterestru la Vatican \u00een 1961: &#8222;Copiii lui Dumnezeu sunt peste tot, de\u0219i uneori ne este greu s\u0103 ne recunoa\u0219tem propriii fra\u021bi&#8221;"}]},{"@type":"WebSite","@id":"https:\/\/www.lovendal.ro\/wp52\/#website","url":"https:\/\/www.lovendal.ro\/wp52\/","name":"Secretele lui Lovendal","description":"Site de secrete, stiinta si metafizica - din 2008 -","publisher":{"@id":"https:\/\/www.lovendal.ro\/wp52\/#organization"},"potentialAction":[{"@type":"SearchAction","target":{"@type":"EntryPoint","urlTemplate":"https:\/\/www.lovendal.ro\/wp52\/?s={search_term_string}"},"query-input":{"@type":"PropertyValueSpecification","valueRequired":true,"valueName":"search_term_string"}}],"inLanguage":"ro-RO"},{"@type":"Organization","@id":"https:\/\/www.lovendal.ro\/wp52\/#organization","name":"Secretele lui Lovendal","url":"https:\/\/www.lovendal.ro\/wp52\/","logo":{"@type":"ImageObject","inLanguage":"ro-RO","@id":"https:\/\/www.lovendal.ro\/wp52\/#\/schema\/logo\/image\/","url":"https:\/\/www.lovendal.ro\/wp52\/wp-content\/uploads\/2024\/06\/cropped-SLL-iun-2024-1.jpg","contentUrl":"https:\/\/www.lovendal.ro\/wp52\/wp-content\/uploads\/2024\/06\/cropped-SLL-iun-2024-1.jpg","width":771,"height":240,"caption":"Secretele lui Lovendal"},"image":{"@id":"https:\/\/www.lovendal.ro\/wp52\/#\/schema\/logo\/image\/"},"sameAs":["https:\/\/www.facebook.com\/secreteleluilovendal"]},{"@type":"Person","@id":"https:\/\/www.lovendal.ro\/wp52\/#\/schema\/person\/088691de5dfc346bb0c023e1e52ef5d9","name":"admin","image":{"@type":"ImageObject","inLanguage":"ro-RO","@id":"https:\/\/secure.gravatar.com\/avatar\/ecb9cd41f5f63c9c9b989999a59f6e2639a865ec361e9db054db0679a8f341c2?s=96&d=mm&r=g","url":"https:\/\/secure.gravatar.com\/avatar\/ecb9cd41f5f63c9c9b989999a59f6e2639a865ec361e9db054db0679a8f341c2?s=96&d=mm&r=g","contentUrl":"https:\/\/secure.gravatar.com\/avatar\/ecb9cd41f5f63c9c9b989999a59f6e2639a865ec361e9db054db0679a8f341c2?s=96&d=mm&r=g","caption":"admin"},"sameAs":["https:\/\/www.lovendal.ro\/wp52"]}]}},"_links":{"self":[{"href":"https:\/\/www.lovendal.ro\/wp52\/wp-json\/wp\/v2\/posts\/101467","targetHints":{"allow":["GET"]}}],"collection":[{"href":"https:\/\/www.lovendal.ro\/wp52\/wp-json\/wp\/v2\/posts"}],"about":[{"href":"https:\/\/www.lovendal.ro\/wp52\/wp-json\/wp\/v2\/types\/post"}],"author":[{"embeddable":true,"href":"https:\/\/www.lovendal.ro\/wp52\/wp-json\/wp\/v2\/users\/1"}],"replies":[{"embeddable":true,"href":"https:\/\/www.lovendal.ro\/wp52\/wp-json\/wp\/v2\/comments?post=101467"}],"version-history":[{"count":1,"href":"https:\/\/www.lovendal.ro\/wp52\/wp-json\/wp\/v2\/posts\/101467\/revisions"}],"predecessor-version":[{"id":101469,"href":"https:\/\/www.lovendal.ro\/wp52\/wp-json\/wp\/v2\/posts\/101467\/revisions\/101469"}],"wp:featuredmedia":[{"embeddable":true,"href":"https:\/\/www.lovendal.ro\/wp52\/wp-json\/wp\/v2\/media\/101468"}],"wp:attachment":[{"href":"https:\/\/www.lovendal.ro\/wp52\/wp-json\/wp\/v2\/media?parent=101467"}],"wp:term":[{"taxonomy":"category","embeddable":true,"href":"https:\/\/www.lovendal.ro\/wp52\/wp-json\/wp\/v2\/categories?post=101467"},{"taxonomy":"post_tag","embeddable":true,"href":"https:\/\/www.lovendal.ro\/wp52\/wp-json\/wp\/v2\/tags?post=101467"}],"curies":[{"name":"wp","href":"https:\/\/api.w.org\/{rel}","templated":true}]}}