{"id":101455,"date":"2026-01-25T20:51:50","date_gmt":"2026-01-25T18:51:50","guid":{"rendered":"https:\/\/www.lovendal.ro\/wp52\/?p=101455"},"modified":"2026-01-25T20:51:50","modified_gmt":"2026-01-25T18:51:50","slug":"o-nava-spatiala-extraterestra-gigantica-a-fost-fotografiata-in-anul-2000-pe-planeta-marte","status":"publish","type":"post","link":"https:\/\/www.lovendal.ro\/wp52\/o-nava-spatiala-extraterestra-gigantica-a-fost-fotografiata-in-anul-2000-pe-planeta-marte\/","title":{"rendered":"O nav\u0103 spa\u0163ial\u0103 extraterestr\u0103 gigantic\u0103 a fost fotografiat\u0103 \u00een anul 2000 pe planeta Marte?"},"content":{"rendered":"<p><a href=\"https:\/\/www.lovendal.ro\/wp52\/wp-content\/uploads\/2026\/01\/nava-spatiala-prabusita-pe-Marte.jpg\"><img loading=\"lazy\" decoding=\"async\" class=\"alignleft size-full wp-image-101456\" src=\"https:\/\/www.lovendal.ro\/wp52\/wp-content\/uploads\/2026\/01\/nava-spatiala-prabusita-pe-Marte.jpg\" alt=\"\" width=\"364\" height=\"237\" srcset=\"https:\/\/www.lovendal.ro\/wp52\/wp-content\/uploads\/2026\/01\/nava-spatiala-prabusita-pe-Marte.jpg 364w, https:\/\/www.lovendal.ro\/wp52\/wp-content\/uploads\/2026\/01\/nava-spatiala-prabusita-pe-Marte-300x195.jpg 300w\" sizes=\"auto, (max-width: 364px) 100vw, 364px\" \/><\/a>O anomalie masiv\u0103, cu o l\u0103\u021bime de 180 de metri, a fost observat\u0103 pe suprafa\u021ba planetei Marte, \u00eenc\u0103 din anul 2017, iar unii consider\u0103 c\u0103 &#8222;nava spa\u021bial\u0103&#8221; ar putea zbura \u00een continuare dac\u0103 SUA, China sau Rusia ar reu\u0219i s\u0103 o recupereze. Desigur, \u00eenainte de a se \u00eent\u00e2mpla asta, ar trebui s\u0103 inventeze tehnologia care i-ar duce pe oameni pe Marte. Totu\u0219i, dac\u0103 zvonurile se dovedesc adev\u0103rate, americanii \/ chinezii \/ ru\u015fii ar de\u021bine deja mai multe nave spa\u0163iale pe care le-au construit de la zero datorit\u0103 tehnologiei extraterestre modificate.<\/p>\n<p>Obiectul \u00een form\u0103 de inim\u0103 a fost observat pe Marte \u0219i pare a fi \u00een stare perfect\u0103, poate doar cu excep\u021bia unor lovituri. Acest obiect a fost observat pe Marte de canalul de YouTube <strong>UFOvni2012<\/strong>, spun\u00e2ndu-se c\u0103 fotografia original\u0103 ar fi fost f\u0103cut\u0103 pe 16 octombrie 2000 de sonda spa\u0163ial\u0103 NASA <strong>Mars Global Surveyor<\/strong>, a\u0219a c\u0103 s-ar fi putut \u00eent\u00e2mpla multe de-a lungul anilor.<\/p>\n<p>Unii cred c\u0103 urmele lungi \u0219i inversate pe care a ajuns nava au fost l\u0103sate \u00een urm\u0103, dovedind c\u0103 nava extraterestr\u0103 a reu\u0219it s\u0103 fac\u0103 o &#8222;aterizare&#8221; relativ lin\u0103. Presupusul OZN se afl\u0103 \u00een <strong>Medusae Fossae<\/strong>, o forma\u021biune geologic\u0103 vast\u0103 de origine necunoscut\u0103 de pe Marte. Forma\u021biunea geologic\u0103 se extinde pe 965 de kilometri de-a lungul ecuatorului mar\u021bian, iar v\u00e2nturile constante, \u00eempreun\u0103 cu ceea ce par a fi furtuni periodice, au erodat peisajul \u00eentr-o bun\u0103 m\u0103sur\u0103, d\u00e2ndu-i un aspect oarecum fad.<\/p>\n<p>Exper\u021bii \u00een extratere\u0219tri se \u00eentreab\u0103 acum dac\u0103 OZN-ul pr\u0103bu\u0219it ar putea fi teoretic recuperat \u0219i, dac\u0103 da, ce s-ar g\u0103si \u00een interiorul navei, dac\u0103 s-ar g\u0103si ceva.<\/p>\n<p><iframe loading=\"lazy\" title=\"YouTube video player\" src=\"https:\/\/www.youtube.com\/embed\/3HawC9XUN5U?si=MuMoOxibAnGctG1R\" width=\"560\" height=\"315\" frameborder=\"0\" allowfullscreen=\"allowfullscreen\"><\/iframe><\/p>\n","protected":false},"excerpt":{"rendered":"<p>O anomalie masiv\u0103, cu o l\u0103\u021bime de 180 de metri, a fost observat\u0103 pe suprafa\u021ba planetei Marte, \u00eenc\u0103 din anul 2017, iar unii consider\u0103 c\u0103 &#8222;nava spa\u021bial\u0103&#8221; ar putea zbura \u00een continuare dac\u0103 SUA, China sau Rusia ar reu\u0219i s\u0103 &#8230; <\/p>\n<p class=\"read-more-container\"><a title=\"O nav\u0103 spa\u0163ial\u0103 extraterestr\u0103 gigantic\u0103 a fost fotografiat\u0103 \u00een anul 2000 pe planeta Marte?\" class=\"read-more button\" href=\"https:\/\/www.lovendal.ro\/wp52\/o-nava-spatiala-extraterestra-gigantica-a-fost-fotografiata-in-anul-2000-pe-planeta-marte\/#more-101455\" aria-label=\"Cite\u0219te mai multe despre O nav\u0103 spa\u0163ial\u0103 extraterestr\u0103 gigantic\u0103 a fost fotografiat\u0103 \u00een anul 2000 pe planeta Marte?\">Cititi mai multe<\/a><\/p>\n","protected":false},"author":1,"featured_media":101456,"comment_status":"closed","ping_status":"open","sticky":false,"template":"","format":"standard","meta":{"footnotes":""},"categories":[475],"tags":[446,358,51,16423,156,1324,732,48,23,17451,4223],"class_list":["post-101455","post","type-post","status-publish","format-standard","has-post-thumbnail","hentry","category-conspiratii-mistere","tag-china","tag-conspiratii-si-mistere","tag-extraterestri","tag-mars-global-surveyor","tag-marte","tag-nava-spatiala","tag-planeta","tag-rusia","tag-sua","tag-vanturi","tag-youtube","resize-featured-image"],"yoast_head":"<!-- This site is optimized with the Yoast SEO Premium plugin v23.3 (Yoast SEO v27.4) - https:\/\/yoast.com\/product\/yoast-seo-premium-wordpress\/ -->\n<title>O nav\u0103 spa\u0163ial\u0103 extraterestr\u0103 gigantic\u0103 a fost fotografiat\u0103 \u00een anul 2000 pe planeta Marte? - Secretele lui Lovendal<\/title>\n<meta name=\"robots\" content=\"index, follow, max-snippet:-1, max-image-preview:large, max-video-preview:-1\" \/>\n<link rel=\"canonical\" href=\"https:\/\/www.lovendal.ro\/wp52\/o-nava-spatiala-extraterestra-gigantica-a-fost-fotografiata-in-anul-2000-pe-planeta-marte\/\" \/>\n<meta property=\"og:locale\" content=\"ro_RO\" \/>\n<meta property=\"og:type\" content=\"article\" \/>\n<meta property=\"og:title\" content=\"O nav\u0103 spa\u0163ial\u0103 extraterestr\u0103 gigantic\u0103 a fost fotografiat\u0103 \u00een anul 2000 pe planeta Marte?\" \/>\n<meta property=\"og:description\" content=\"O anomalie masiv\u0103, cu o l\u0103\u021bime de 180 de metri, a fost observat\u0103 pe suprafa\u021ba planetei Marte, \u00eenc\u0103 din anul 2017, iar unii consider\u0103 c\u0103 &#8222;nava spa\u021bial\u0103&#8221; ar putea zbura \u00een continuare dac\u0103 SUA, China sau Rusia ar reu\u0219i s\u0103 ... Cititi mai multe\" \/>\n<meta property=\"og:url\" content=\"https:\/\/www.lovendal.ro\/wp52\/o-nava-spatiala-extraterestra-gigantica-a-fost-fotografiata-in-anul-2000-pe-planeta-marte\/\" \/>\n<meta property=\"og:site_name\" content=\"Secretele lui Lovendal\" \/>\n<meta property=\"article:publisher\" content=\"https:\/\/www.facebook.com\/secreteleluilovendal\" \/>\n<meta property=\"article:published_time\" content=\"2026-01-25T18:51:50+00:00\" \/>\n<meta property=\"og:image\" content=\"https:\/\/www.lovendal.ro\/wp52\/wp-content\/uploads\/2026\/01\/nava-spatiala-prabusita-pe-Marte.jpg\" \/>\n\t<meta property=\"og:image:width\" content=\"364\" \/>\n\t<meta property=\"og:image:height\" content=\"237\" \/>\n\t<meta property=\"og:image:type\" content=\"image\/jpeg\" \/>\n<meta name=\"author\" content=\"admin\" \/>\n<meta name=\"twitter:card\" content=\"summary_large_image\" \/>\n<meta name=\"twitter:label1\" content=\"Scris de\" \/>\n\t<meta name=\"twitter:data1\" content=\"admin\" \/>\n\t<meta name=\"twitter:label2\" content=\"Timp estimat pentru citire\" \/>\n\t<meta name=\"twitter:data2\" content=\"2 minute\" \/>\n<script type=\"application\/ld+json\" class=\"yoast-schema-graph\">{\"@context\":\"https:\\\/\\\/schema.org\",\"@graph\":[{\"@type\":\"Article\",\"@id\":\"https:\\\/\\\/www.lovendal.ro\\\/wp52\\\/o-nava-spatiala-extraterestra-gigantica-a-fost-fotografiata-in-anul-2000-pe-planeta-marte\\\/#article\",\"isPartOf\":{\"@id\":\"https:\\\/\\\/www.lovendal.ro\\\/wp52\\\/o-nava-spatiala-extraterestra-gigantica-a-fost-fotografiata-in-anul-2000-pe-planeta-marte\\\/\"},\"author\":{\"name\":\"admin\",\"@id\":\"https:\\\/\\\/www.lovendal.ro\\\/wp52\\\/#\\\/schema\\\/person\\\/088691de5dfc346bb0c023e1e52ef5d9\"},\"headline\":\"O nav\u0103 spa\u0163ial\u0103 extraterestr\u0103 gigantic\u0103 a fost fotografiat\u0103 \u00een anul 2000 pe planeta Marte?\",\"datePublished\":\"2026-01-25T18:51:50+00:00\",\"mainEntityOfPage\":{\"@id\":\"https:\\\/\\\/www.lovendal.ro\\\/wp52\\\/o-nava-spatiala-extraterestra-gigantica-a-fost-fotografiata-in-anul-2000-pe-planeta-marte\\\/\"},\"wordCount\":299,\"publisher\":{\"@id\":\"https:\\\/\\\/www.lovendal.ro\\\/wp52\\\/#organization\"},\"image\":{\"@id\":\"https:\\\/\\\/www.lovendal.ro\\\/wp52\\\/o-nava-spatiala-extraterestra-gigantica-a-fost-fotografiata-in-anul-2000-pe-planeta-marte\\\/#primaryimage\"},\"thumbnailUrl\":\"https:\\\/\\\/www.lovendal.ro\\\/wp52\\\/wp-content\\\/uploads\\\/2026\\\/01\\\/nava-spatiala-prabusita-pe-Marte.jpg\",\"keywords\":[\"China\",\"Conspiratii si Mistere\",\"extratere\u015ftri\",\"Mars Global Surveyor\",\"Marte\",\"nav\u0103 spa\u0163ial\u0103\",\"planet\u0103\",\"Rusia\",\"SUA\",\"v\u00e2nturi\",\"YouTube\"],\"articleSection\":[\"Conspiratii si Mistere\"],\"inLanguage\":\"ro-RO\"},{\"@type\":\"WebPage\",\"@id\":\"https:\\\/\\\/www.lovendal.ro\\\/wp52\\\/o-nava-spatiala-extraterestra-gigantica-a-fost-fotografiata-in-anul-2000-pe-planeta-marte\\\/\",\"url\":\"https:\\\/\\\/www.lovendal.ro\\\/wp52\\\/o-nava-spatiala-extraterestra-gigantica-a-fost-fotografiata-in-anul-2000-pe-planeta-marte\\\/\",\"name\":\"O nav\u0103 spa\u0163ial\u0103 extraterestr\u0103 gigantic\u0103 a fost fotografiat\u0103 \u00een anul 2000 pe planeta Marte? - Secretele lui Lovendal\",\"isPartOf\":{\"@id\":\"https:\\\/\\\/www.lovendal.ro\\\/wp52\\\/#website\"},\"primaryImageOfPage\":{\"@id\":\"https:\\\/\\\/www.lovendal.ro\\\/wp52\\\/o-nava-spatiala-extraterestra-gigantica-a-fost-fotografiata-in-anul-2000-pe-planeta-marte\\\/#primaryimage\"},\"image\":{\"@id\":\"https:\\\/\\\/www.lovendal.ro\\\/wp52\\\/o-nava-spatiala-extraterestra-gigantica-a-fost-fotografiata-in-anul-2000-pe-planeta-marte\\\/#primaryimage\"},\"thumbnailUrl\":\"https:\\\/\\\/www.lovendal.ro\\\/wp52\\\/wp-content\\\/uploads\\\/2026\\\/01\\\/nava-spatiala-prabusita-pe-Marte.jpg\",\"datePublished\":\"2026-01-25T18:51:50+00:00\",\"breadcrumb\":{\"@id\":\"https:\\\/\\\/www.lovendal.ro\\\/wp52\\\/o-nava-spatiala-extraterestra-gigantica-a-fost-fotografiata-in-anul-2000-pe-planeta-marte\\\/#breadcrumb\"},\"inLanguage\":\"ro-RO\",\"potentialAction\":[{\"@type\":\"ReadAction\",\"target\":[\"https:\\\/\\\/www.lovendal.ro\\\/wp52\\\/o-nava-spatiala-extraterestra-gigantica-a-fost-fotografiata-in-anul-2000-pe-planeta-marte\\\/\"]}]},{\"@type\":\"ImageObject\",\"inLanguage\":\"ro-RO\",\"@id\":\"https:\\\/\\\/www.lovendal.ro\\\/wp52\\\/o-nava-spatiala-extraterestra-gigantica-a-fost-fotografiata-in-anul-2000-pe-planeta-marte\\\/#primaryimage\",\"url\":\"https:\\\/\\\/www.lovendal.ro\\\/wp52\\\/wp-content\\\/uploads\\\/2026\\\/01\\\/nava-spatiala-prabusita-pe-Marte.jpg\",\"contentUrl\":\"https:\\\/\\\/www.lovendal.ro\\\/wp52\\\/wp-content\\\/uploads\\\/2026\\\/01\\\/nava-spatiala-prabusita-pe-Marte.jpg\",\"width\":364,\"height\":237},{\"@type\":\"BreadcrumbList\",\"@id\":\"https:\\\/\\\/www.lovendal.ro\\\/wp52\\\/o-nava-spatiala-extraterestra-gigantica-a-fost-fotografiata-in-anul-2000-pe-planeta-marte\\\/#breadcrumb\",\"itemListElement\":[{\"@type\":\"ListItem\",\"position\":1,\"name\":\"Home\",\"item\":\"https:\\\/\\\/www.lovendal.ro\\\/wp52\\\/\"},{\"@type\":\"ListItem\",\"position\":2,\"name\":\"O nav\u0103 spa\u0163ial\u0103 extraterestr\u0103 gigantic\u0103 a fost fotografiat\u0103 \u00een anul 2000 pe planeta Marte?\"}]},{\"@type\":\"WebSite\",\"@id\":\"https:\\\/\\\/www.lovendal.ro\\\/wp52\\\/#website\",\"url\":\"https:\\\/\\\/www.lovendal.ro\\\/wp52\\\/\",\"name\":\"Secretele lui Lovendal\",\"description\":\"Site de secrete, stiinta si metafizica - din 2008 -\",\"publisher\":{\"@id\":\"https:\\\/\\\/www.lovendal.ro\\\/wp52\\\/#organization\"},\"potentialAction\":[{\"@type\":\"SearchAction\",\"target\":{\"@type\":\"EntryPoint\",\"urlTemplate\":\"https:\\\/\\\/www.lovendal.ro\\\/wp52\\\/?s={search_term_string}\"},\"query-input\":{\"@type\":\"PropertyValueSpecification\",\"valueRequired\":true,\"valueName\":\"search_term_string\"}}],\"inLanguage\":\"ro-RO\"},{\"@type\":\"Organization\",\"@id\":\"https:\\\/\\\/www.lovendal.ro\\\/wp52\\\/#organization\",\"name\":\"Secretele lui Lovendal\",\"url\":\"https:\\\/\\\/www.lovendal.ro\\\/wp52\\\/\",\"logo\":{\"@type\":\"ImageObject\",\"inLanguage\":\"ro-RO\",\"@id\":\"https:\\\/\\\/www.lovendal.ro\\\/wp52\\\/#\\\/schema\\\/logo\\\/image\\\/\",\"url\":\"https:\\\/\\\/www.lovendal.ro\\\/wp52\\\/wp-content\\\/uploads\\\/2024\\\/06\\\/cropped-SLL-iun-2024-1.jpg\",\"contentUrl\":\"https:\\\/\\\/www.lovendal.ro\\\/wp52\\\/wp-content\\\/uploads\\\/2024\\\/06\\\/cropped-SLL-iun-2024-1.jpg\",\"width\":771,\"height\":240,\"caption\":\"Secretele lui Lovendal\"},\"image\":{\"@id\":\"https:\\\/\\\/www.lovendal.ro\\\/wp52\\\/#\\\/schema\\\/logo\\\/image\\\/\"},\"sameAs\":[\"https:\\\/\\\/www.facebook.com\\\/secreteleluilovendal\"]},{\"@type\":\"Person\",\"@id\":\"https:\\\/\\\/www.lovendal.ro\\\/wp52\\\/#\\\/schema\\\/person\\\/088691de5dfc346bb0c023e1e52ef5d9\",\"name\":\"admin\",\"image\":{\"@type\":\"ImageObject\",\"inLanguage\":\"ro-RO\",\"@id\":\"https:\\\/\\\/secure.gravatar.com\\\/avatar\\\/ecb9cd41f5f63c9c9b989999a59f6e2639a865ec361e9db054db0679a8f341c2?s=96&d=mm&r=g\",\"url\":\"https:\\\/\\\/secure.gravatar.com\\\/avatar\\\/ecb9cd41f5f63c9c9b989999a59f6e2639a865ec361e9db054db0679a8f341c2?s=96&d=mm&r=g\",\"contentUrl\":\"https:\\\/\\\/secure.gravatar.com\\\/avatar\\\/ecb9cd41f5f63c9c9b989999a59f6e2639a865ec361e9db054db0679a8f341c2?s=96&d=mm&r=g\",\"caption\":\"admin\"},\"sameAs\":[\"https:\\\/\\\/www.lovendal.ro\\\/wp52\"]}]}<\/script>\n<!-- \/ Yoast SEO Premium plugin. -->","yoast_head_json":{"title":"O nav\u0103 spa\u0163ial\u0103 extraterestr\u0103 gigantic\u0103 a fost fotografiat\u0103 \u00een anul 2000 pe planeta Marte? - Secretele lui Lovendal","robots":{"index":"index","follow":"follow","max-snippet":"max-snippet:-1","max-image-preview":"max-image-preview:large","max-video-preview":"max-video-preview:-1"},"canonical":"https:\/\/www.lovendal.ro\/wp52\/o-nava-spatiala-extraterestra-gigantica-a-fost-fotografiata-in-anul-2000-pe-planeta-marte\/","og_locale":"ro_RO","og_type":"article","og_title":"O nav\u0103 spa\u0163ial\u0103 extraterestr\u0103 gigantic\u0103 a fost fotografiat\u0103 \u00een anul 2000 pe planeta Marte?","og_description":"O anomalie masiv\u0103, cu o l\u0103\u021bime de 180 de metri, a fost observat\u0103 pe suprafa\u021ba planetei Marte, \u00eenc\u0103 din anul 2017, iar unii consider\u0103 c\u0103 &#8222;nava spa\u021bial\u0103&#8221; ar putea zbura \u00een continuare dac\u0103 SUA, China sau Rusia ar reu\u0219i s\u0103 ... Cititi mai multe","og_url":"https:\/\/www.lovendal.ro\/wp52\/o-nava-spatiala-extraterestra-gigantica-a-fost-fotografiata-in-anul-2000-pe-planeta-marte\/","og_site_name":"Secretele lui Lovendal","article_publisher":"https:\/\/www.facebook.com\/secreteleluilovendal","article_published_time":"2026-01-25T18:51:50+00:00","og_image":[{"width":364,"height":237,"url":"https:\/\/www.lovendal.ro\/wp52\/wp-content\/uploads\/2026\/01\/nava-spatiala-prabusita-pe-Marte.jpg","type":"image\/jpeg"}],"author":"admin","twitter_card":"summary_large_image","twitter_misc":{"Scris de":"admin","Timp estimat pentru citire":"2 minute"},"schema":{"@context":"https:\/\/schema.org","@graph":[{"@type":"Article","@id":"https:\/\/www.lovendal.ro\/wp52\/o-nava-spatiala-extraterestra-gigantica-a-fost-fotografiata-in-anul-2000-pe-planeta-marte\/#article","isPartOf":{"@id":"https:\/\/www.lovendal.ro\/wp52\/o-nava-spatiala-extraterestra-gigantica-a-fost-fotografiata-in-anul-2000-pe-planeta-marte\/"},"author":{"name":"admin","@id":"https:\/\/www.lovendal.ro\/wp52\/#\/schema\/person\/088691de5dfc346bb0c023e1e52ef5d9"},"headline":"O nav\u0103 spa\u0163ial\u0103 extraterestr\u0103 gigantic\u0103 a fost fotografiat\u0103 \u00een anul 2000 pe planeta Marte?","datePublished":"2026-01-25T18:51:50+00:00","mainEntityOfPage":{"@id":"https:\/\/www.lovendal.ro\/wp52\/o-nava-spatiala-extraterestra-gigantica-a-fost-fotografiata-in-anul-2000-pe-planeta-marte\/"},"wordCount":299,"publisher":{"@id":"https:\/\/www.lovendal.ro\/wp52\/#organization"},"image":{"@id":"https:\/\/www.lovendal.ro\/wp52\/o-nava-spatiala-extraterestra-gigantica-a-fost-fotografiata-in-anul-2000-pe-planeta-marte\/#primaryimage"},"thumbnailUrl":"https:\/\/www.lovendal.ro\/wp52\/wp-content\/uploads\/2026\/01\/nava-spatiala-prabusita-pe-Marte.jpg","keywords":["China","Conspiratii si Mistere","extratere\u015ftri","Mars Global Surveyor","Marte","nav\u0103 spa\u0163ial\u0103","planet\u0103","Rusia","SUA","v\u00e2nturi","YouTube"],"articleSection":["Conspiratii si Mistere"],"inLanguage":"ro-RO"},{"@type":"WebPage","@id":"https:\/\/www.lovendal.ro\/wp52\/o-nava-spatiala-extraterestra-gigantica-a-fost-fotografiata-in-anul-2000-pe-planeta-marte\/","url":"https:\/\/www.lovendal.ro\/wp52\/o-nava-spatiala-extraterestra-gigantica-a-fost-fotografiata-in-anul-2000-pe-planeta-marte\/","name":"O nav\u0103 spa\u0163ial\u0103 extraterestr\u0103 gigantic\u0103 a fost fotografiat\u0103 \u00een anul 2000 pe planeta Marte? - Secretele lui Lovendal","isPartOf":{"@id":"https:\/\/www.lovendal.ro\/wp52\/#website"},"primaryImageOfPage":{"@id":"https:\/\/www.lovendal.ro\/wp52\/o-nava-spatiala-extraterestra-gigantica-a-fost-fotografiata-in-anul-2000-pe-planeta-marte\/#primaryimage"},"image":{"@id":"https:\/\/www.lovendal.ro\/wp52\/o-nava-spatiala-extraterestra-gigantica-a-fost-fotografiata-in-anul-2000-pe-planeta-marte\/#primaryimage"},"thumbnailUrl":"https:\/\/www.lovendal.ro\/wp52\/wp-content\/uploads\/2026\/01\/nava-spatiala-prabusita-pe-Marte.jpg","datePublished":"2026-01-25T18:51:50+00:00","breadcrumb":{"@id":"https:\/\/www.lovendal.ro\/wp52\/o-nava-spatiala-extraterestra-gigantica-a-fost-fotografiata-in-anul-2000-pe-planeta-marte\/#breadcrumb"},"inLanguage":"ro-RO","potentialAction":[{"@type":"ReadAction","target":["https:\/\/www.lovendal.ro\/wp52\/o-nava-spatiala-extraterestra-gigantica-a-fost-fotografiata-in-anul-2000-pe-planeta-marte\/"]}]},{"@type":"ImageObject","inLanguage":"ro-RO","@id":"https:\/\/www.lovendal.ro\/wp52\/o-nava-spatiala-extraterestra-gigantica-a-fost-fotografiata-in-anul-2000-pe-planeta-marte\/#primaryimage","url":"https:\/\/www.lovendal.ro\/wp52\/wp-content\/uploads\/2026\/01\/nava-spatiala-prabusita-pe-Marte.jpg","contentUrl":"https:\/\/www.lovendal.ro\/wp52\/wp-content\/uploads\/2026\/01\/nava-spatiala-prabusita-pe-Marte.jpg","width":364,"height":237},{"@type":"BreadcrumbList","@id":"https:\/\/www.lovendal.ro\/wp52\/o-nava-spatiala-extraterestra-gigantica-a-fost-fotografiata-in-anul-2000-pe-planeta-marte\/#breadcrumb","itemListElement":[{"@type":"ListItem","position":1,"name":"Home","item":"https:\/\/www.lovendal.ro\/wp52\/"},{"@type":"ListItem","position":2,"name":"O nav\u0103 spa\u0163ial\u0103 extraterestr\u0103 gigantic\u0103 a fost fotografiat\u0103 \u00een anul 2000 pe planeta Marte?"}]},{"@type":"WebSite","@id":"https:\/\/www.lovendal.ro\/wp52\/#website","url":"https:\/\/www.lovendal.ro\/wp52\/","name":"Secretele lui Lovendal","description":"Site de secrete, stiinta si metafizica - din 2008 -","publisher":{"@id":"https:\/\/www.lovendal.ro\/wp52\/#organization"},"potentialAction":[{"@type":"SearchAction","target":{"@type":"EntryPoint","urlTemplate":"https:\/\/www.lovendal.ro\/wp52\/?s={search_term_string}"},"query-input":{"@type":"PropertyValueSpecification","valueRequired":true,"valueName":"search_term_string"}}],"inLanguage":"ro-RO"},{"@type":"Organization","@id":"https:\/\/www.lovendal.ro\/wp52\/#organization","name":"Secretele lui Lovendal","url":"https:\/\/www.lovendal.ro\/wp52\/","logo":{"@type":"ImageObject","inLanguage":"ro-RO","@id":"https:\/\/www.lovendal.ro\/wp52\/#\/schema\/logo\/image\/","url":"https:\/\/www.lovendal.ro\/wp52\/wp-content\/uploads\/2024\/06\/cropped-SLL-iun-2024-1.jpg","contentUrl":"https:\/\/www.lovendal.ro\/wp52\/wp-content\/uploads\/2024\/06\/cropped-SLL-iun-2024-1.jpg","width":771,"height":240,"caption":"Secretele lui Lovendal"},"image":{"@id":"https:\/\/www.lovendal.ro\/wp52\/#\/schema\/logo\/image\/"},"sameAs":["https:\/\/www.facebook.com\/secreteleluilovendal"]},{"@type":"Person","@id":"https:\/\/www.lovendal.ro\/wp52\/#\/schema\/person\/088691de5dfc346bb0c023e1e52ef5d9","name":"admin","image":{"@type":"ImageObject","inLanguage":"ro-RO","@id":"https:\/\/secure.gravatar.com\/avatar\/ecb9cd41f5f63c9c9b989999a59f6e2639a865ec361e9db054db0679a8f341c2?s=96&d=mm&r=g","url":"https:\/\/secure.gravatar.com\/avatar\/ecb9cd41f5f63c9c9b989999a59f6e2639a865ec361e9db054db0679a8f341c2?s=96&d=mm&r=g","contentUrl":"https:\/\/secure.gravatar.com\/avatar\/ecb9cd41f5f63c9c9b989999a59f6e2639a865ec361e9db054db0679a8f341c2?s=96&d=mm&r=g","caption":"admin"},"sameAs":["https:\/\/www.lovendal.ro\/wp52"]}]}},"_links":{"self":[{"href":"https:\/\/www.lovendal.ro\/wp52\/wp-json\/wp\/v2\/posts\/101455","targetHints":{"allow":["GET"]}}],"collection":[{"href":"https:\/\/www.lovendal.ro\/wp52\/wp-json\/wp\/v2\/posts"}],"about":[{"href":"https:\/\/www.lovendal.ro\/wp52\/wp-json\/wp\/v2\/types\/post"}],"author":[{"embeddable":true,"href":"https:\/\/www.lovendal.ro\/wp52\/wp-json\/wp\/v2\/users\/1"}],"replies":[{"embeddable":true,"href":"https:\/\/www.lovendal.ro\/wp52\/wp-json\/wp\/v2\/comments?post=101455"}],"version-history":[{"count":1,"href":"https:\/\/www.lovendal.ro\/wp52\/wp-json\/wp\/v2\/posts\/101455\/revisions"}],"predecessor-version":[{"id":101457,"href":"https:\/\/www.lovendal.ro\/wp52\/wp-json\/wp\/v2\/posts\/101455\/revisions\/101457"}],"wp:featuredmedia":[{"embeddable":true,"href":"https:\/\/www.lovendal.ro\/wp52\/wp-json\/wp\/v2\/media\/101456"}],"wp:attachment":[{"href":"https:\/\/www.lovendal.ro\/wp52\/wp-json\/wp\/v2\/media?parent=101455"}],"wp:term":[{"taxonomy":"category","embeddable":true,"href":"https:\/\/www.lovendal.ro\/wp52\/wp-json\/wp\/v2\/categories?post=101455"},{"taxonomy":"post_tag","embeddable":true,"href":"https:\/\/www.lovendal.ro\/wp52\/wp-json\/wp\/v2\/tags?post=101455"}],"curies":[{"name":"wp","href":"https:\/\/api.w.org\/{rel}","templated":true}]}}