{"id":101034,"date":"2025-12-16T23:20:35","date_gmt":"2025-12-16T21:20:35","guid":{"rendered":"https:\/\/www.lovendal.ro\/wp52\/?p=101034"},"modified":"2025-12-16T23:20:35","modified_gmt":"2025-12-16T21:20:35","slug":"un-nou-studiu-stiintific-publicat-pe-bioarxiv-sugereaza-ca-oamenii-ar-putea-trai-pana-la-430-de-ani","status":"publish","type":"post","link":"https:\/\/www.lovendal.ro\/wp52\/un-nou-studiu-stiintific-publicat-pe-bioarxiv-sugereaza-ca-oamenii-ar-putea-trai-pana-la-430-de-ani\/","title":{"rendered":"Un nou studiu \u015ftiin\u0163ific, publicat pe Bioarxiv, sugereaz\u0103 c\u0103 oamenii ar putea tr\u0103i p\u00e2n\u0103 la 430 de ani"},"content":{"rendered":"<figure id=\"attachment_101035\" aria-describedby=\"caption-attachment-101035\" style=\"width: 405px\" class=\"wp-caption alignleft\"><a href=\"https:\/\/www.lovendal.ro\/wp52\/wp-content\/uploads\/2025\/12\/om-batran-430-ani_1.jpg\"><img loading=\"lazy\" decoding=\"async\" class=\"size-full wp-image-101035\" src=\"https:\/\/www.lovendal.ro\/wp52\/wp-content\/uploads\/2025\/12\/om-batran-430-ani_1.jpg\" alt=\"\" width=\"415\" height=\"360\" srcset=\"https:\/\/www.lovendal.ro\/wp52\/wp-content\/uploads\/2025\/12\/om-batran-430-ani_1.jpg 415w, https:\/\/www.lovendal.ro\/wp52\/wp-content\/uploads\/2025\/12\/om-batran-430-ani_1-300x260.jpg 300w\" sizes=\"auto, (max-width: 415px) 100vw, 415px\" \/><\/a><figcaption id=\"caption-attachment-101035\" class=\"wp-caption-text\"><strong>Imagine:<\/strong> generata de Google Gemini<\/figcaption><\/figure>\n<p>Dintr-o lucrare \u015ftiin\u0163ific\u0103 intitulat\u0103 <em><strong>&#8222;Muta\u021biile somatice impun o limit\u0103 superioar\u0103 entropic\u0103 asupra duratei de via\u021b\u0103 umane&#8221;<\/strong><\/em> putem afla urm\u0103toarele (citez din Abstract):<\/p>\n<p>* Muta\u021biile somatice se acumuleaz\u0103 odat\u0103 cu v\u00e2rsta \u0219i pot provoca moartea celular\u0103, dar contribu\u021bia lor cantitativ\u0103 la limitarea duratei de via\u021b\u0103 a omului r\u0103m\u00e2ne neclar\u0103. S-a dezvoltat un cadru de modelare incremental\u0103 care \u00eencorporeaz\u0103 progresiv factorii care contribuie la \u00eemb\u0103tr\u00e2nire, \u00eentr-un model al dinamicii de supravie\u021buire a popula\u021biei, care a fost folosit pentru a estima limitele duratei de via\u021b\u0103 dac\u0103 toate caracteristicile \u00eemb\u0103tr\u00e2nirii ar fi eliminate, cu excep\u021bia muta\u021biilor somatice.<\/p>\n<p>* Analiza \u015ftiin\u0163ific\u0103 relev\u0103 o asimetrie fundamental\u0103 \u00eentre organe: celulele post-mitotice, cum ar fi neuronii \u0219i cardiomiocitele, ac\u021bioneaz\u0103 ca blocaje critice ale longevit\u0103\u021bii, muta\u021biile somatice reduc\u00e2nd durata median\u0103 de via\u021b\u0103 de la o valoare ini\u021bial\u0103 teoretic\u0103 de 430 de ani, f\u0103r\u0103 \u00eemb\u0103tr\u00e2nire, la 169 de ani. \u00cen schimb, \u021besuturile proliferative, cum ar fi ficatul, \u00ee\u0219i men\u021bin func\u021bionalitatea timp de mii de ani prin \u00eenlocuirea celular\u0103, neutraliz\u00e2nd eficient declinul determinat de muta\u021bii.<\/p>\n<p>* Integrarea multi-organ prezice o durat\u0103 median\u0103 de via\u021b\u0103 de 134-170 de ani &#8211; aproximativ dublul longevit\u0103\u021bii umane actuale. Aceast\u0103 reducere substan\u021bial\u0103, dar incomplet\u0103, indic\u0103 faptul c\u0103 muta\u021biile somatice determin\u0103 semnificativ \u00eemb\u0103tr\u00e2nirea, dar nu pot explica singure mortalitatea observat\u0103, ceea ce implic\u0103 contribu\u021bii comparabile din partea altor caracteristici.<\/p>\n<p><strong>Sursa: <a href=\"https:\/\/www.biorxiv.org\/content\/10.1101\/2025.11.23.689982v1\" target=\"_blank\" rel=\"noopener\">biorxiv.org<\/a><\/strong><\/p>\n","protected":false},"excerpt":{"rendered":"<p>Dintr-o lucrare \u015ftiin\u0163ific\u0103 intitulat\u0103 &#8222;Muta\u021biile somatice impun o limit\u0103 superioar\u0103 entropic\u0103 asupra duratei de via\u021b\u0103 umane&#8221; putem afla urm\u0103toarele (citez din Abstract): * Muta\u021biile somatice se acumuleaz\u0103 odat\u0103 cu v\u00e2rsta \u0219i pot provoca moartea celular\u0103, dar contribu\u021bia lor cantitativ\u0103 la &#8230; <\/p>\n<p class=\"read-more-container\"><a title=\"Un nou studiu \u015ftiin\u0163ific, publicat pe Bioarxiv, sugereaz\u0103 c\u0103 oamenii ar putea tr\u0103i p\u00e2n\u0103 la 430 de ani\" class=\"read-more button\" href=\"https:\/\/www.lovendal.ro\/wp52\/un-nou-studiu-stiintific-publicat-pe-bioarxiv-sugereaza-ca-oamenii-ar-putea-trai-pana-la-430-de-ani\/#more-101034\" aria-label=\"Cite\u0219te mai multe despre Un nou studiu \u015ftiin\u0163ific, publicat pe Bioarxiv, sugereaz\u0103 c\u0103 oamenii ar putea tr\u0103i p\u00e2n\u0103 la 430 de ani\">Cititi mai multe<\/a><\/p>\n","protected":false},"author":1,"featured_media":101035,"comment_status":"closed","ping_status":"open","sticky":false,"template":"","format":"standard","meta":{"footnotes":""},"categories":[6],"tags":[7239,3009,7964,9794,108,1706,1830,6450,3084],"class_list":["post-101034","post","type-post","status-publish","format-standard","has-post-thumbnail","hentry","category-medicina","tag-celule","tag-ficat","tag-imbatranire","tag-medicina","tag-moarte","tag-neuroni","tag-om","tag-tesut","tag-varsta","resize-featured-image"],"yoast_head":"<!-- This site is optimized with the Yoast SEO Premium plugin v23.3 (Yoast SEO v27.4) - https:\/\/yoast.com\/product\/yoast-seo-premium-wordpress\/ -->\n<title>Un nou studiu \u015ftiin\u0163ific, publicat pe Bioarxiv, sugereaz\u0103 c\u0103 oamenii ar putea tr\u0103i p\u00e2n\u0103 la 430 de ani - Secretele lui Lovendal<\/title>\n<meta name=\"robots\" content=\"index, follow, max-snippet:-1, max-image-preview:large, max-video-preview:-1\" \/>\n<link rel=\"canonical\" href=\"https:\/\/www.lovendal.ro\/wp52\/un-nou-studiu-stiintific-publicat-pe-bioarxiv-sugereaza-ca-oamenii-ar-putea-trai-pana-la-430-de-ani\/\" \/>\n<meta property=\"og:locale\" content=\"ro_RO\" \/>\n<meta property=\"og:type\" content=\"article\" \/>\n<meta property=\"og:title\" content=\"Un nou studiu \u015ftiin\u0163ific, publicat pe Bioarxiv, sugereaz\u0103 c\u0103 oamenii ar putea tr\u0103i p\u00e2n\u0103 la 430 de ani\" \/>\n<meta property=\"og:description\" content=\"Dintr-o lucrare \u015ftiin\u0163ific\u0103 intitulat\u0103 &#8222;Muta\u021biile somatice impun o limit\u0103 superioar\u0103 entropic\u0103 asupra duratei de via\u021b\u0103 umane&#8221; putem afla urm\u0103toarele (citez din Abstract): * Muta\u021biile somatice se acumuleaz\u0103 odat\u0103 cu v\u00e2rsta \u0219i pot provoca moartea celular\u0103, dar contribu\u021bia lor cantitativ\u0103 la ... Cititi mai multe\" \/>\n<meta property=\"og:url\" content=\"https:\/\/www.lovendal.ro\/wp52\/un-nou-studiu-stiintific-publicat-pe-bioarxiv-sugereaza-ca-oamenii-ar-putea-trai-pana-la-430-de-ani\/\" \/>\n<meta property=\"og:site_name\" content=\"Secretele lui Lovendal\" \/>\n<meta property=\"article:publisher\" content=\"https:\/\/www.facebook.com\/secreteleluilovendal\" \/>\n<meta property=\"article:published_time\" content=\"2025-12-16T21:20:35+00:00\" \/>\n<meta property=\"og:image\" content=\"https:\/\/www.lovendal.ro\/wp52\/wp-content\/uploads\/2025\/12\/om-batran-430-ani_1.jpg\" \/>\n\t<meta property=\"og:image:width\" content=\"415\" \/>\n\t<meta property=\"og:image:height\" content=\"360\" \/>\n\t<meta property=\"og:image:type\" content=\"image\/jpeg\" \/>\n<meta name=\"author\" content=\"admin\" \/>\n<meta name=\"twitter:card\" content=\"summary_large_image\" \/>\n<meta name=\"twitter:label1\" content=\"Scris de\" \/>\n\t<meta name=\"twitter:data1\" content=\"admin\" \/>\n\t<meta name=\"twitter:label2\" content=\"Timp estimat pentru citire\" \/>\n\t<meta name=\"twitter:data2\" content=\"2 minute\" \/>\n<script type=\"application\/ld+json\" class=\"yoast-schema-graph\">{\"@context\":\"https:\\\/\\\/schema.org\",\"@graph\":[{\"@type\":\"Article\",\"@id\":\"https:\\\/\\\/www.lovendal.ro\\\/wp52\\\/un-nou-studiu-stiintific-publicat-pe-bioarxiv-sugereaza-ca-oamenii-ar-putea-trai-pana-la-430-de-ani\\\/#article\",\"isPartOf\":{\"@id\":\"https:\\\/\\\/www.lovendal.ro\\\/wp52\\\/un-nou-studiu-stiintific-publicat-pe-bioarxiv-sugereaza-ca-oamenii-ar-putea-trai-pana-la-430-de-ani\\\/\"},\"author\":{\"name\":\"admin\",\"@id\":\"https:\\\/\\\/www.lovendal.ro\\\/wp52\\\/#\\\/schema\\\/person\\\/088691de5dfc346bb0c023e1e52ef5d9\"},\"headline\":\"Un nou studiu \u015ftiin\u0163ific, publicat pe Bioarxiv, sugereaz\u0103 c\u0103 oamenii ar putea tr\u0103i p\u00e2n\u0103 la 430 de ani\",\"datePublished\":\"2025-12-16T21:20:35+00:00\",\"mainEntityOfPage\":{\"@id\":\"https:\\\/\\\/www.lovendal.ro\\\/wp52\\\/un-nou-studiu-stiintific-publicat-pe-bioarxiv-sugereaza-ca-oamenii-ar-putea-trai-pana-la-430-de-ani\\\/\"},\"wordCount\":277,\"publisher\":{\"@id\":\"https:\\\/\\\/www.lovendal.ro\\\/wp52\\\/#organization\"},\"image\":{\"@id\":\"https:\\\/\\\/www.lovendal.ro\\\/wp52\\\/un-nou-studiu-stiintific-publicat-pe-bioarxiv-sugereaza-ca-oamenii-ar-putea-trai-pana-la-430-de-ani\\\/#primaryimage\"},\"thumbnailUrl\":\"https:\\\/\\\/www.lovendal.ro\\\/wp52\\\/wp-content\\\/uploads\\\/2025\\\/12\\\/om-batran-430-ani_1.jpg\",\"keywords\":[\"celule\",\"ficat\",\"\u00eemb\u0103tr\u00e2nire\",\"Medicina\",\"moarte\",\"neuroni\",\"om\",\"\u0163esut\",\"v\u00e2rst\u0103\"],\"articleSection\":[\"Medicina\"],\"inLanguage\":\"ro-RO\"},{\"@type\":\"WebPage\",\"@id\":\"https:\\\/\\\/www.lovendal.ro\\\/wp52\\\/un-nou-studiu-stiintific-publicat-pe-bioarxiv-sugereaza-ca-oamenii-ar-putea-trai-pana-la-430-de-ani\\\/\",\"url\":\"https:\\\/\\\/www.lovendal.ro\\\/wp52\\\/un-nou-studiu-stiintific-publicat-pe-bioarxiv-sugereaza-ca-oamenii-ar-putea-trai-pana-la-430-de-ani\\\/\",\"name\":\"Un nou studiu \u015ftiin\u0163ific, publicat pe Bioarxiv, sugereaz\u0103 c\u0103 oamenii ar putea tr\u0103i p\u00e2n\u0103 la 430 de ani - Secretele lui Lovendal\",\"isPartOf\":{\"@id\":\"https:\\\/\\\/www.lovendal.ro\\\/wp52\\\/#website\"},\"primaryImageOfPage\":{\"@id\":\"https:\\\/\\\/www.lovendal.ro\\\/wp52\\\/un-nou-studiu-stiintific-publicat-pe-bioarxiv-sugereaza-ca-oamenii-ar-putea-trai-pana-la-430-de-ani\\\/#primaryimage\"},\"image\":{\"@id\":\"https:\\\/\\\/www.lovendal.ro\\\/wp52\\\/un-nou-studiu-stiintific-publicat-pe-bioarxiv-sugereaza-ca-oamenii-ar-putea-trai-pana-la-430-de-ani\\\/#primaryimage\"},\"thumbnailUrl\":\"https:\\\/\\\/www.lovendal.ro\\\/wp52\\\/wp-content\\\/uploads\\\/2025\\\/12\\\/om-batran-430-ani_1.jpg\",\"datePublished\":\"2025-12-16T21:20:35+00:00\",\"breadcrumb\":{\"@id\":\"https:\\\/\\\/www.lovendal.ro\\\/wp52\\\/un-nou-studiu-stiintific-publicat-pe-bioarxiv-sugereaza-ca-oamenii-ar-putea-trai-pana-la-430-de-ani\\\/#breadcrumb\"},\"inLanguage\":\"ro-RO\",\"potentialAction\":[{\"@type\":\"ReadAction\",\"target\":[\"https:\\\/\\\/www.lovendal.ro\\\/wp52\\\/un-nou-studiu-stiintific-publicat-pe-bioarxiv-sugereaza-ca-oamenii-ar-putea-trai-pana-la-430-de-ani\\\/\"]}]},{\"@type\":\"ImageObject\",\"inLanguage\":\"ro-RO\",\"@id\":\"https:\\\/\\\/www.lovendal.ro\\\/wp52\\\/un-nou-studiu-stiintific-publicat-pe-bioarxiv-sugereaza-ca-oamenii-ar-putea-trai-pana-la-430-de-ani\\\/#primaryimage\",\"url\":\"https:\\\/\\\/www.lovendal.ro\\\/wp52\\\/wp-content\\\/uploads\\\/2025\\\/12\\\/om-batran-430-ani_1.jpg\",\"contentUrl\":\"https:\\\/\\\/www.lovendal.ro\\\/wp52\\\/wp-content\\\/uploads\\\/2025\\\/12\\\/om-batran-430-ani_1.jpg\",\"width\":415,\"height\":360,\"caption\":\"Imagine: generata de Google Gemini\"},{\"@type\":\"BreadcrumbList\",\"@id\":\"https:\\\/\\\/www.lovendal.ro\\\/wp52\\\/un-nou-studiu-stiintific-publicat-pe-bioarxiv-sugereaza-ca-oamenii-ar-putea-trai-pana-la-430-de-ani\\\/#breadcrumb\",\"itemListElement\":[{\"@type\":\"ListItem\",\"position\":1,\"name\":\"Home\",\"item\":\"https:\\\/\\\/www.lovendal.ro\\\/wp52\\\/\"},{\"@type\":\"ListItem\",\"position\":2,\"name\":\"Un nou studiu \u015ftiin\u0163ific, publicat pe Bioarxiv, sugereaz\u0103 c\u0103 oamenii ar putea tr\u0103i p\u00e2n\u0103 la 430 de ani\"}]},{\"@type\":\"WebSite\",\"@id\":\"https:\\\/\\\/www.lovendal.ro\\\/wp52\\\/#website\",\"url\":\"https:\\\/\\\/www.lovendal.ro\\\/wp52\\\/\",\"name\":\"Secretele lui Lovendal\",\"description\":\"Site de secrete, stiinta si metafizica - din 2008 -\",\"publisher\":{\"@id\":\"https:\\\/\\\/www.lovendal.ro\\\/wp52\\\/#organization\"},\"potentialAction\":[{\"@type\":\"SearchAction\",\"target\":{\"@type\":\"EntryPoint\",\"urlTemplate\":\"https:\\\/\\\/www.lovendal.ro\\\/wp52\\\/?s={search_term_string}\"},\"query-input\":{\"@type\":\"PropertyValueSpecification\",\"valueRequired\":true,\"valueName\":\"search_term_string\"}}],\"inLanguage\":\"ro-RO\"},{\"@type\":\"Organization\",\"@id\":\"https:\\\/\\\/www.lovendal.ro\\\/wp52\\\/#organization\",\"name\":\"Secretele lui Lovendal\",\"url\":\"https:\\\/\\\/www.lovendal.ro\\\/wp52\\\/\",\"logo\":{\"@type\":\"ImageObject\",\"inLanguage\":\"ro-RO\",\"@id\":\"https:\\\/\\\/www.lovendal.ro\\\/wp52\\\/#\\\/schema\\\/logo\\\/image\\\/\",\"url\":\"https:\\\/\\\/www.lovendal.ro\\\/wp52\\\/wp-content\\\/uploads\\\/2024\\\/06\\\/cropped-SLL-iun-2024-1.jpg\",\"contentUrl\":\"https:\\\/\\\/www.lovendal.ro\\\/wp52\\\/wp-content\\\/uploads\\\/2024\\\/06\\\/cropped-SLL-iun-2024-1.jpg\",\"width\":771,\"height\":240,\"caption\":\"Secretele lui Lovendal\"},\"image\":{\"@id\":\"https:\\\/\\\/www.lovendal.ro\\\/wp52\\\/#\\\/schema\\\/logo\\\/image\\\/\"},\"sameAs\":[\"https:\\\/\\\/www.facebook.com\\\/secreteleluilovendal\"]},{\"@type\":\"Person\",\"@id\":\"https:\\\/\\\/www.lovendal.ro\\\/wp52\\\/#\\\/schema\\\/person\\\/088691de5dfc346bb0c023e1e52ef5d9\",\"name\":\"admin\",\"image\":{\"@type\":\"ImageObject\",\"inLanguage\":\"ro-RO\",\"@id\":\"https:\\\/\\\/secure.gravatar.com\\\/avatar\\\/ecb9cd41f5f63c9c9b989999a59f6e2639a865ec361e9db054db0679a8f341c2?s=96&d=mm&r=g\",\"url\":\"https:\\\/\\\/secure.gravatar.com\\\/avatar\\\/ecb9cd41f5f63c9c9b989999a59f6e2639a865ec361e9db054db0679a8f341c2?s=96&d=mm&r=g\",\"contentUrl\":\"https:\\\/\\\/secure.gravatar.com\\\/avatar\\\/ecb9cd41f5f63c9c9b989999a59f6e2639a865ec361e9db054db0679a8f341c2?s=96&d=mm&r=g\",\"caption\":\"admin\"},\"sameAs\":[\"https:\\\/\\\/www.lovendal.ro\\\/wp52\"]}]}<\/script>\n<!-- \/ Yoast SEO Premium plugin. -->","yoast_head_json":{"title":"Un nou studiu \u015ftiin\u0163ific, publicat pe Bioarxiv, sugereaz\u0103 c\u0103 oamenii ar putea tr\u0103i p\u00e2n\u0103 la 430 de ani - Secretele lui Lovendal","robots":{"index":"index","follow":"follow","max-snippet":"max-snippet:-1","max-image-preview":"max-image-preview:large","max-video-preview":"max-video-preview:-1"},"canonical":"https:\/\/www.lovendal.ro\/wp52\/un-nou-studiu-stiintific-publicat-pe-bioarxiv-sugereaza-ca-oamenii-ar-putea-trai-pana-la-430-de-ani\/","og_locale":"ro_RO","og_type":"article","og_title":"Un nou studiu \u015ftiin\u0163ific, publicat pe Bioarxiv, sugereaz\u0103 c\u0103 oamenii ar putea tr\u0103i p\u00e2n\u0103 la 430 de ani","og_description":"Dintr-o lucrare \u015ftiin\u0163ific\u0103 intitulat\u0103 &#8222;Muta\u021biile somatice impun o limit\u0103 superioar\u0103 entropic\u0103 asupra duratei de via\u021b\u0103 umane&#8221; putem afla urm\u0103toarele (citez din Abstract): * Muta\u021biile somatice se acumuleaz\u0103 odat\u0103 cu v\u00e2rsta \u0219i pot provoca moartea celular\u0103, dar contribu\u021bia lor cantitativ\u0103 la ... Cititi mai multe","og_url":"https:\/\/www.lovendal.ro\/wp52\/un-nou-studiu-stiintific-publicat-pe-bioarxiv-sugereaza-ca-oamenii-ar-putea-trai-pana-la-430-de-ani\/","og_site_name":"Secretele lui Lovendal","article_publisher":"https:\/\/www.facebook.com\/secreteleluilovendal","article_published_time":"2025-12-16T21:20:35+00:00","og_image":[{"width":415,"height":360,"url":"https:\/\/www.lovendal.ro\/wp52\/wp-content\/uploads\/2025\/12\/om-batran-430-ani_1.jpg","type":"image\/jpeg"}],"author":"admin","twitter_card":"summary_large_image","twitter_misc":{"Scris de":"admin","Timp estimat pentru citire":"2 minute"},"schema":{"@context":"https:\/\/schema.org","@graph":[{"@type":"Article","@id":"https:\/\/www.lovendal.ro\/wp52\/un-nou-studiu-stiintific-publicat-pe-bioarxiv-sugereaza-ca-oamenii-ar-putea-trai-pana-la-430-de-ani\/#article","isPartOf":{"@id":"https:\/\/www.lovendal.ro\/wp52\/un-nou-studiu-stiintific-publicat-pe-bioarxiv-sugereaza-ca-oamenii-ar-putea-trai-pana-la-430-de-ani\/"},"author":{"name":"admin","@id":"https:\/\/www.lovendal.ro\/wp52\/#\/schema\/person\/088691de5dfc346bb0c023e1e52ef5d9"},"headline":"Un nou studiu \u015ftiin\u0163ific, publicat pe Bioarxiv, sugereaz\u0103 c\u0103 oamenii ar putea tr\u0103i p\u00e2n\u0103 la 430 de ani","datePublished":"2025-12-16T21:20:35+00:00","mainEntityOfPage":{"@id":"https:\/\/www.lovendal.ro\/wp52\/un-nou-studiu-stiintific-publicat-pe-bioarxiv-sugereaza-ca-oamenii-ar-putea-trai-pana-la-430-de-ani\/"},"wordCount":277,"publisher":{"@id":"https:\/\/www.lovendal.ro\/wp52\/#organization"},"image":{"@id":"https:\/\/www.lovendal.ro\/wp52\/un-nou-studiu-stiintific-publicat-pe-bioarxiv-sugereaza-ca-oamenii-ar-putea-trai-pana-la-430-de-ani\/#primaryimage"},"thumbnailUrl":"https:\/\/www.lovendal.ro\/wp52\/wp-content\/uploads\/2025\/12\/om-batran-430-ani_1.jpg","keywords":["celule","ficat","\u00eemb\u0103tr\u00e2nire","Medicina","moarte","neuroni","om","\u0163esut","v\u00e2rst\u0103"],"articleSection":["Medicina"],"inLanguage":"ro-RO"},{"@type":"WebPage","@id":"https:\/\/www.lovendal.ro\/wp52\/un-nou-studiu-stiintific-publicat-pe-bioarxiv-sugereaza-ca-oamenii-ar-putea-trai-pana-la-430-de-ani\/","url":"https:\/\/www.lovendal.ro\/wp52\/un-nou-studiu-stiintific-publicat-pe-bioarxiv-sugereaza-ca-oamenii-ar-putea-trai-pana-la-430-de-ani\/","name":"Un nou studiu \u015ftiin\u0163ific, publicat pe Bioarxiv, sugereaz\u0103 c\u0103 oamenii ar putea tr\u0103i p\u00e2n\u0103 la 430 de ani - Secretele lui Lovendal","isPartOf":{"@id":"https:\/\/www.lovendal.ro\/wp52\/#website"},"primaryImageOfPage":{"@id":"https:\/\/www.lovendal.ro\/wp52\/un-nou-studiu-stiintific-publicat-pe-bioarxiv-sugereaza-ca-oamenii-ar-putea-trai-pana-la-430-de-ani\/#primaryimage"},"image":{"@id":"https:\/\/www.lovendal.ro\/wp52\/un-nou-studiu-stiintific-publicat-pe-bioarxiv-sugereaza-ca-oamenii-ar-putea-trai-pana-la-430-de-ani\/#primaryimage"},"thumbnailUrl":"https:\/\/www.lovendal.ro\/wp52\/wp-content\/uploads\/2025\/12\/om-batran-430-ani_1.jpg","datePublished":"2025-12-16T21:20:35+00:00","breadcrumb":{"@id":"https:\/\/www.lovendal.ro\/wp52\/un-nou-studiu-stiintific-publicat-pe-bioarxiv-sugereaza-ca-oamenii-ar-putea-trai-pana-la-430-de-ani\/#breadcrumb"},"inLanguage":"ro-RO","potentialAction":[{"@type":"ReadAction","target":["https:\/\/www.lovendal.ro\/wp52\/un-nou-studiu-stiintific-publicat-pe-bioarxiv-sugereaza-ca-oamenii-ar-putea-trai-pana-la-430-de-ani\/"]}]},{"@type":"ImageObject","inLanguage":"ro-RO","@id":"https:\/\/www.lovendal.ro\/wp52\/un-nou-studiu-stiintific-publicat-pe-bioarxiv-sugereaza-ca-oamenii-ar-putea-trai-pana-la-430-de-ani\/#primaryimage","url":"https:\/\/www.lovendal.ro\/wp52\/wp-content\/uploads\/2025\/12\/om-batran-430-ani_1.jpg","contentUrl":"https:\/\/www.lovendal.ro\/wp52\/wp-content\/uploads\/2025\/12\/om-batran-430-ani_1.jpg","width":415,"height":360,"caption":"Imagine: generata de Google Gemini"},{"@type":"BreadcrumbList","@id":"https:\/\/www.lovendal.ro\/wp52\/un-nou-studiu-stiintific-publicat-pe-bioarxiv-sugereaza-ca-oamenii-ar-putea-trai-pana-la-430-de-ani\/#breadcrumb","itemListElement":[{"@type":"ListItem","position":1,"name":"Home","item":"https:\/\/www.lovendal.ro\/wp52\/"},{"@type":"ListItem","position":2,"name":"Un nou studiu \u015ftiin\u0163ific, publicat pe Bioarxiv, sugereaz\u0103 c\u0103 oamenii ar putea tr\u0103i p\u00e2n\u0103 la 430 de ani"}]},{"@type":"WebSite","@id":"https:\/\/www.lovendal.ro\/wp52\/#website","url":"https:\/\/www.lovendal.ro\/wp52\/","name":"Secretele lui Lovendal","description":"Site de secrete, stiinta si metafizica - din 2008 -","publisher":{"@id":"https:\/\/www.lovendal.ro\/wp52\/#organization"},"potentialAction":[{"@type":"SearchAction","target":{"@type":"EntryPoint","urlTemplate":"https:\/\/www.lovendal.ro\/wp52\/?s={search_term_string}"},"query-input":{"@type":"PropertyValueSpecification","valueRequired":true,"valueName":"search_term_string"}}],"inLanguage":"ro-RO"},{"@type":"Organization","@id":"https:\/\/www.lovendal.ro\/wp52\/#organization","name":"Secretele lui Lovendal","url":"https:\/\/www.lovendal.ro\/wp52\/","logo":{"@type":"ImageObject","inLanguage":"ro-RO","@id":"https:\/\/www.lovendal.ro\/wp52\/#\/schema\/logo\/image\/","url":"https:\/\/www.lovendal.ro\/wp52\/wp-content\/uploads\/2024\/06\/cropped-SLL-iun-2024-1.jpg","contentUrl":"https:\/\/www.lovendal.ro\/wp52\/wp-content\/uploads\/2024\/06\/cropped-SLL-iun-2024-1.jpg","width":771,"height":240,"caption":"Secretele lui Lovendal"},"image":{"@id":"https:\/\/www.lovendal.ro\/wp52\/#\/schema\/logo\/image\/"},"sameAs":["https:\/\/www.facebook.com\/secreteleluilovendal"]},{"@type":"Person","@id":"https:\/\/www.lovendal.ro\/wp52\/#\/schema\/person\/088691de5dfc346bb0c023e1e52ef5d9","name":"admin","image":{"@type":"ImageObject","inLanguage":"ro-RO","@id":"https:\/\/secure.gravatar.com\/avatar\/ecb9cd41f5f63c9c9b989999a59f6e2639a865ec361e9db054db0679a8f341c2?s=96&d=mm&r=g","url":"https:\/\/secure.gravatar.com\/avatar\/ecb9cd41f5f63c9c9b989999a59f6e2639a865ec361e9db054db0679a8f341c2?s=96&d=mm&r=g","contentUrl":"https:\/\/secure.gravatar.com\/avatar\/ecb9cd41f5f63c9c9b989999a59f6e2639a865ec361e9db054db0679a8f341c2?s=96&d=mm&r=g","caption":"admin"},"sameAs":["https:\/\/www.lovendal.ro\/wp52"]}]}},"_links":{"self":[{"href":"https:\/\/www.lovendal.ro\/wp52\/wp-json\/wp\/v2\/posts\/101034","targetHints":{"allow":["GET"]}}],"collection":[{"href":"https:\/\/www.lovendal.ro\/wp52\/wp-json\/wp\/v2\/posts"}],"about":[{"href":"https:\/\/www.lovendal.ro\/wp52\/wp-json\/wp\/v2\/types\/post"}],"author":[{"embeddable":true,"href":"https:\/\/www.lovendal.ro\/wp52\/wp-json\/wp\/v2\/users\/1"}],"replies":[{"embeddable":true,"href":"https:\/\/www.lovendal.ro\/wp52\/wp-json\/wp\/v2\/comments?post=101034"}],"version-history":[{"count":1,"href":"https:\/\/www.lovendal.ro\/wp52\/wp-json\/wp\/v2\/posts\/101034\/revisions"}],"predecessor-version":[{"id":101036,"href":"https:\/\/www.lovendal.ro\/wp52\/wp-json\/wp\/v2\/posts\/101034\/revisions\/101036"}],"wp:featuredmedia":[{"embeddable":true,"href":"https:\/\/www.lovendal.ro\/wp52\/wp-json\/wp\/v2\/media\/101035"}],"wp:attachment":[{"href":"https:\/\/www.lovendal.ro\/wp52\/wp-json\/wp\/v2\/media?parent=101034"}],"wp:term":[{"taxonomy":"category","embeddable":true,"href":"https:\/\/www.lovendal.ro\/wp52\/wp-json\/wp\/v2\/categories?post=101034"},{"taxonomy":"post_tag","embeddable":true,"href":"https:\/\/www.lovendal.ro\/wp52\/wp-json\/wp\/v2\/tags?post=101034"}],"curies":[{"name":"wp","href":"https:\/\/api.w.org\/{rel}","templated":true}]}}