{"id":100993,"date":"2025-12-12T17:56:19","date_gmt":"2025-12-12T15:56:19","guid":{"rendered":"https:\/\/www.lovendal.ro\/wp52\/?p=100993"},"modified":"2025-12-12T17:56:19","modified_gmt":"2025-12-12T15:56:19","slug":"craniu-misterios-gasit-in-argentina-parca-ar-fi-de-origine-extraterestra-iar-forma-sa-seamana-cu-cel-din-filmul-sf-mars-attacks-1996","status":"publish","type":"post","link":"https:\/\/www.lovendal.ro\/wp52\/craniu-misterios-gasit-in-argentina-parca-ar-fi-de-origine-extraterestra-iar-forma-sa-seamana-cu-cel-din-filmul-sf-mars-attacks-1996\/","title":{"rendered":"Craniu misterios g\u0103sit \u00een Argentina: parc\u0103 ar fi de origine &#8222;extraterestr\u0103&#8221;, iar forma sa seam\u0103n\u0103 cu cel din filmul SF &#8222;Mars Attacks!&#8221; (1996)"},"content":{"rendered":"<p><a href=\"https:\/\/www.lovendal.ro\/wp52\/wp-content\/uploads\/2025\/12\/craniu-alungit-Argentina.jpg\"><img loading=\"lazy\" decoding=\"async\" class=\"alignleft size-full wp-image-100994\" src=\"https:\/\/www.lovendal.ro\/wp52\/wp-content\/uploads\/2025\/12\/craniu-alungit-Argentina.jpg\" alt=\"\" width=\"360\" height=\"302\" srcset=\"https:\/\/www.lovendal.ro\/wp52\/wp-content\/uploads\/2025\/12\/craniu-alungit-Argentina.jpg 360w, https:\/\/www.lovendal.ro\/wp52\/wp-content\/uploads\/2025\/12\/craniu-alungit-Argentina-300x252.jpg 300w\" sizes=\"auto, (max-width: 360px) 100vw, 360px\" \/><\/a>Arheologii din Argentina au descoperit un <strong>craniu<\/strong> cu o form\u0103 bizar\u0103, st\u00e2rnind un val de curiozitate la nivel global. Este un artefact autentic dintr-o civiliza\u021bie antic\u0103 sau ceva mult mai ciudat &#8211; poate chiar o dovad\u0103 a vie\u021bii extraterestre? Iat\u0103 ce \u0219tim p\u00e2n\u0103 acum. Descoperirea a avut loc \u00een San Fernando din Argentina, \u00een provincia Catamarca, \u00een timpul instal\u0103rii unui nou sistem de alimentare cu ap\u0103. Muncitorii au dat peste dou\u0103 urne funerare &#8211; una con\u021bin\u00e2nd un schelet uman complet, iar cealalt\u0103 o por\u021biune dintr-un craniu cu o form\u0103 neobi\u0219nuit de turtit.<\/p>\n<p>Fotografiile cu craniul au ajuns rapid pe prima pagin\u0103 a ziarelor. Forma sa distinctiv\u0103 seam\u0103n\u0103 puternic cu aspectul stereotip de &#8222;extraterestru&#8221;, popularizat de filme precum <strong><em>&#8222;Mars Attacks!&#8221; <\/em><\/strong>(1996), d\u00e2nd na\u0219tere unor teorii nebune\u0219ti despre originile sale. Unele publica\u021bii locale cred c\u0103 acest craniu ar apar\u0163ine unui <strong>&#8222;om-furnic\u0103&#8221;<\/strong>, f\u0103c\u00e2nd o leg\u0103tur\u0103 curioas\u0103 cu mitul grecesc antic al <strong>mirmidonilor<\/strong> &#8211; un popor despre care se spune c\u0103 tr\u0103ie\u0219te \u00een cuiburi subterane complexe, pline de comori.<\/p>\n<p>\u00cen ciuda acestor idei extravagante, arheologii cred c\u0103 exist\u0103 o explica\u021bie mult mai \u00eentemeiat\u0103: craniul a suferit probabil o <strong>deformare cranian\u0103 artificial\u0103<\/strong>, o practic\u0103 comun\u0103 \u00een r\u00e2ndul civiliza\u021biilor precolumbiene din America de Sud. Deformarea artificial\u0103 a craniului a implicat modelarea capetelor sugarilor prin legarea lor cu bandaje sau sc\u00e2nduri de lemn pentru a modela craniul \u00eentr-o form\u0103 dorit\u0103 &#8211; adesea alungit\u0103, rotunjit\u0103 sau conic\u0103.<\/p>\n<p><strong>Dr. Heidi Dawson-Hobbis<\/strong>, un antropolog cunoscut, a observat c\u0103 craniul ar putea apar\u021bine unui copil, iar forma neobi\u0219nuit\u0103 ar putea fi legat\u0103 de o afec\u021biune neurologic\u0103, cum ar fi <strong>hidrocefalia<\/strong> &#8211; o acumulare de lichid \u00een creier. Totu\u0219i, cu dovezi limitate, nu se poate confirma niciun diagnostic.<\/p>\n<p><a href=\"https:\/\/www.lovendal.ro\/wp52\/wp-content\/uploads\/2025\/12\/Mars-Attacks.jpeg\"><img loading=\"lazy\" decoding=\"async\" class=\"aligncenter size-full wp-image-100995\" src=\"https:\/\/www.lovendal.ro\/wp52\/wp-content\/uploads\/2025\/12\/Mars-Attacks.jpeg\" alt=\"\" width=\"474\" height=\"706\" srcset=\"https:\/\/www.lovendal.ro\/wp52\/wp-content\/uploads\/2025\/12\/Mars-Attacks.jpeg 474w, https:\/\/www.lovendal.ro\/wp52\/wp-content\/uploads\/2025\/12\/Mars-Attacks-201x300.jpeg 201w\" sizes=\"auto, (max-width: 474px) 100vw, 474px\" \/><\/a><\/p>\n<p><strong>Sursa:<\/strong> <a href=\"https:\/\/www.elancasti.com.ar\/informacion-general\/encuentran-restos-oseos-forma-inusual-belen-n584520\" target=\"_blank\" rel=\"noopener\"><strong>Encuentran restos \u00f3seos de forma inusual en Bel\u00e9n \/ elancasti.com.ar<\/strong><\/a><\/p>\n","protected":false},"excerpt":{"rendered":"<p>Arheologii din Argentina au descoperit un craniu cu o form\u0103 bizar\u0103, st\u00e2rnind un val de curiozitate la nivel global. Este un artefact autentic dintr-o civiliza\u021bie antic\u0103 sau ceva mult mai ciudat &#8211; poate chiar o dovad\u0103 a vie\u021bii extraterestre? Iat\u0103 &#8230; <\/p>\n<p class=\"read-more-container\"><a title=\"Craniu misterios g\u0103sit \u00een Argentina: parc\u0103 ar fi de origine &#8222;extraterestr\u0103&#8221;, iar forma sa seam\u0103n\u0103 cu cel din filmul SF &#8222;Mars Attacks!&#8221; (1996)\" class=\"read-more button\" href=\"https:\/\/www.lovendal.ro\/wp52\/craniu-misterios-gasit-in-argentina-parca-ar-fi-de-origine-extraterestra-iar-forma-sa-seamana-cu-cel-din-filmul-sf-mars-attacks-1996\/#more-100993\" aria-label=\"Cite\u0219te mai multe despre Craniu misterios g\u0103sit \u00een Argentina: parc\u0103 ar fi de origine &#8222;extraterestr\u0103&#8221;, iar forma sa seam\u0103n\u0103 cu cel din filmul SF &#8222;Mars Attacks!&#8221; (1996)\">Cititi mai multe<\/a><\/p>\n","protected":false},"author":1,"featured_media":100994,"comment_status":"closed","ping_status":"open","sticky":false,"template":"","format":"standard","meta":{"footnotes":""},"categories":[5040],"tags":[4420,4300,601,1340,7801,9818,1496,9962,51,260,3852],"class_list":["post-100993","post","type-post","status-publish","format-standard","has-post-thumbnail","hentry","category-bizar","tag-america-de-sud","tag-antropolog","tag-apa","tag-argentina","tag-arheologi","tag-bizar","tag-craniu","tag-deformare-craniana","tag-extraterestri","tag-film","tag-mit","resize-featured-image"],"yoast_head":"<!-- This site is optimized with the Yoast SEO Premium plugin v23.3 (Yoast SEO v27.4) - https:\/\/yoast.com\/product\/yoast-seo-premium-wordpress\/ -->\n<title>Craniu misterios g\u0103sit \u00een Argentina: parc\u0103 ar fi de origine &quot;extraterestr\u0103&quot;, iar forma sa seam\u0103n\u0103 cu cel din filmul SF &quot;Mars Attacks!&quot; (1996) - Secretele lui Lovendal<\/title>\n<meta name=\"robots\" content=\"index, follow, max-snippet:-1, max-image-preview:large, max-video-preview:-1\" \/>\n<link rel=\"canonical\" href=\"https:\/\/www.lovendal.ro\/wp52\/craniu-misterios-gasit-in-argentina-parca-ar-fi-de-origine-extraterestra-iar-forma-sa-seamana-cu-cel-din-filmul-sf-mars-attacks-1996\/\" \/>\n<meta property=\"og:locale\" content=\"ro_RO\" \/>\n<meta property=\"og:type\" content=\"article\" \/>\n<meta property=\"og:title\" content=\"Craniu misterios g\u0103sit \u00een Argentina: parc\u0103 ar fi de origine &quot;extraterestr\u0103&quot;, iar forma sa seam\u0103n\u0103 cu cel din filmul SF &quot;Mars Attacks!&quot; (1996)\" \/>\n<meta property=\"og:description\" content=\"Arheologii din Argentina au descoperit un craniu cu o form\u0103 bizar\u0103, st\u00e2rnind un val de curiozitate la nivel global. Este un artefact autentic dintr-o civiliza\u021bie antic\u0103 sau ceva mult mai ciudat &#8211; poate chiar o dovad\u0103 a vie\u021bii extraterestre? Iat\u0103 ... Cititi mai multe\" \/>\n<meta property=\"og:url\" content=\"https:\/\/www.lovendal.ro\/wp52\/craniu-misterios-gasit-in-argentina-parca-ar-fi-de-origine-extraterestra-iar-forma-sa-seamana-cu-cel-din-filmul-sf-mars-attacks-1996\/\" \/>\n<meta property=\"og:site_name\" content=\"Secretele lui Lovendal\" \/>\n<meta property=\"article:publisher\" content=\"https:\/\/www.facebook.com\/secreteleluilovendal\" \/>\n<meta property=\"article:published_time\" content=\"2025-12-12T15:56:19+00:00\" \/>\n<meta property=\"og:image\" content=\"https:\/\/www.lovendal.ro\/wp52\/wp-content\/uploads\/2025\/12\/craniu-alungit-Argentina.jpg\" \/>\n\t<meta property=\"og:image:width\" content=\"360\" \/>\n\t<meta property=\"og:image:height\" content=\"302\" \/>\n\t<meta property=\"og:image:type\" content=\"image\/jpeg\" \/>\n<meta name=\"author\" content=\"admin\" \/>\n<meta name=\"twitter:card\" content=\"summary_large_image\" \/>\n<meta name=\"twitter:label1\" content=\"Scris de\" \/>\n\t<meta name=\"twitter:data1\" content=\"admin\" \/>\n\t<meta name=\"twitter:label2\" content=\"Timp estimat pentru citire\" \/>\n\t<meta name=\"twitter:data2\" content=\"3 minute\" \/>\n<script type=\"application\/ld+json\" class=\"yoast-schema-graph\">{\"@context\":\"https:\\\/\\\/schema.org\",\"@graph\":[{\"@type\":\"Article\",\"@id\":\"https:\\\/\\\/www.lovendal.ro\\\/wp52\\\/craniu-misterios-gasit-in-argentina-parca-ar-fi-de-origine-extraterestra-iar-forma-sa-seamana-cu-cel-din-filmul-sf-mars-attacks-1996\\\/#article\",\"isPartOf\":{\"@id\":\"https:\\\/\\\/www.lovendal.ro\\\/wp52\\\/craniu-misterios-gasit-in-argentina-parca-ar-fi-de-origine-extraterestra-iar-forma-sa-seamana-cu-cel-din-filmul-sf-mars-attacks-1996\\\/\"},\"author\":{\"name\":\"admin\",\"@id\":\"https:\\\/\\\/www.lovendal.ro\\\/wp52\\\/#\\\/schema\\\/person\\\/088691de5dfc346bb0c023e1e52ef5d9\"},\"headline\":\"Craniu misterios g\u0103sit \u00een Argentina: parc\u0103 ar fi de origine &#8222;extraterestr\u0103&#8221;, iar forma sa seam\u0103n\u0103 cu cel din filmul SF &#8222;Mars Attacks!&#8221; (1996)\",\"datePublished\":\"2025-12-12T15:56:19+00:00\",\"mainEntityOfPage\":{\"@id\":\"https:\\\/\\\/www.lovendal.ro\\\/wp52\\\/craniu-misterios-gasit-in-argentina-parca-ar-fi-de-origine-extraterestra-iar-forma-sa-seamana-cu-cel-din-filmul-sf-mars-attacks-1996\\\/\"},\"wordCount\":340,\"publisher\":{\"@id\":\"https:\\\/\\\/www.lovendal.ro\\\/wp52\\\/#organization\"},\"image\":{\"@id\":\"https:\\\/\\\/www.lovendal.ro\\\/wp52\\\/craniu-misterios-gasit-in-argentina-parca-ar-fi-de-origine-extraterestra-iar-forma-sa-seamana-cu-cel-din-filmul-sf-mars-attacks-1996\\\/#primaryimage\"},\"thumbnailUrl\":\"https:\\\/\\\/www.lovendal.ro\\\/wp52\\\/wp-content\\\/uploads\\\/2025\\\/12\\\/craniu-alungit-Argentina.jpg\",\"keywords\":[\"America de Sud\",\"antropolog\",\"ap\u0103\",\"Argentina\",\"arheologi\",\"Bizar\",\"craniu\",\"deformare cranian\u0103\",\"extratere\u015ftri\",\"film\",\"mit\"],\"articleSection\":[\"Bizar\"],\"inLanguage\":\"ro-RO\"},{\"@type\":\"WebPage\",\"@id\":\"https:\\\/\\\/www.lovendal.ro\\\/wp52\\\/craniu-misterios-gasit-in-argentina-parca-ar-fi-de-origine-extraterestra-iar-forma-sa-seamana-cu-cel-din-filmul-sf-mars-attacks-1996\\\/\",\"url\":\"https:\\\/\\\/www.lovendal.ro\\\/wp52\\\/craniu-misterios-gasit-in-argentina-parca-ar-fi-de-origine-extraterestra-iar-forma-sa-seamana-cu-cel-din-filmul-sf-mars-attacks-1996\\\/\",\"name\":\"Craniu misterios g\u0103sit \u00een Argentina: parc\u0103 ar fi de origine \\\"extraterestr\u0103\\\", iar forma sa seam\u0103n\u0103 cu cel din filmul SF \\\"Mars Attacks!\\\" (1996) - Secretele lui Lovendal\",\"isPartOf\":{\"@id\":\"https:\\\/\\\/www.lovendal.ro\\\/wp52\\\/#website\"},\"primaryImageOfPage\":{\"@id\":\"https:\\\/\\\/www.lovendal.ro\\\/wp52\\\/craniu-misterios-gasit-in-argentina-parca-ar-fi-de-origine-extraterestra-iar-forma-sa-seamana-cu-cel-din-filmul-sf-mars-attacks-1996\\\/#primaryimage\"},\"image\":{\"@id\":\"https:\\\/\\\/www.lovendal.ro\\\/wp52\\\/craniu-misterios-gasit-in-argentina-parca-ar-fi-de-origine-extraterestra-iar-forma-sa-seamana-cu-cel-din-filmul-sf-mars-attacks-1996\\\/#primaryimage\"},\"thumbnailUrl\":\"https:\\\/\\\/www.lovendal.ro\\\/wp52\\\/wp-content\\\/uploads\\\/2025\\\/12\\\/craniu-alungit-Argentina.jpg\",\"datePublished\":\"2025-12-12T15:56:19+00:00\",\"breadcrumb\":{\"@id\":\"https:\\\/\\\/www.lovendal.ro\\\/wp52\\\/craniu-misterios-gasit-in-argentina-parca-ar-fi-de-origine-extraterestra-iar-forma-sa-seamana-cu-cel-din-filmul-sf-mars-attacks-1996\\\/#breadcrumb\"},\"inLanguage\":\"ro-RO\",\"potentialAction\":[{\"@type\":\"ReadAction\",\"target\":[\"https:\\\/\\\/www.lovendal.ro\\\/wp52\\\/craniu-misterios-gasit-in-argentina-parca-ar-fi-de-origine-extraterestra-iar-forma-sa-seamana-cu-cel-din-filmul-sf-mars-attacks-1996\\\/\"]}]},{\"@type\":\"ImageObject\",\"inLanguage\":\"ro-RO\",\"@id\":\"https:\\\/\\\/www.lovendal.ro\\\/wp52\\\/craniu-misterios-gasit-in-argentina-parca-ar-fi-de-origine-extraterestra-iar-forma-sa-seamana-cu-cel-din-filmul-sf-mars-attacks-1996\\\/#primaryimage\",\"url\":\"https:\\\/\\\/www.lovendal.ro\\\/wp52\\\/wp-content\\\/uploads\\\/2025\\\/12\\\/craniu-alungit-Argentina.jpg\",\"contentUrl\":\"https:\\\/\\\/www.lovendal.ro\\\/wp52\\\/wp-content\\\/uploads\\\/2025\\\/12\\\/craniu-alungit-Argentina.jpg\",\"width\":360,\"height\":302},{\"@type\":\"BreadcrumbList\",\"@id\":\"https:\\\/\\\/www.lovendal.ro\\\/wp52\\\/craniu-misterios-gasit-in-argentina-parca-ar-fi-de-origine-extraterestra-iar-forma-sa-seamana-cu-cel-din-filmul-sf-mars-attacks-1996\\\/#breadcrumb\",\"itemListElement\":[{\"@type\":\"ListItem\",\"position\":1,\"name\":\"Home\",\"item\":\"https:\\\/\\\/www.lovendal.ro\\\/wp52\\\/\"},{\"@type\":\"ListItem\",\"position\":2,\"name\":\"Craniu misterios g\u0103sit \u00een Argentina: parc\u0103 ar fi de origine &#8222;extraterestr\u0103&#8221;, iar forma sa seam\u0103n\u0103 cu cel din filmul SF &#8222;Mars Attacks!&#8221; (1996)\"}]},{\"@type\":\"WebSite\",\"@id\":\"https:\\\/\\\/www.lovendal.ro\\\/wp52\\\/#website\",\"url\":\"https:\\\/\\\/www.lovendal.ro\\\/wp52\\\/\",\"name\":\"Secretele lui Lovendal\",\"description\":\"Site de secrete, stiinta si metafizica - din 2008 -\",\"publisher\":{\"@id\":\"https:\\\/\\\/www.lovendal.ro\\\/wp52\\\/#organization\"},\"potentialAction\":[{\"@type\":\"SearchAction\",\"target\":{\"@type\":\"EntryPoint\",\"urlTemplate\":\"https:\\\/\\\/www.lovendal.ro\\\/wp52\\\/?s={search_term_string}\"},\"query-input\":{\"@type\":\"PropertyValueSpecification\",\"valueRequired\":true,\"valueName\":\"search_term_string\"}}],\"inLanguage\":\"ro-RO\"},{\"@type\":\"Organization\",\"@id\":\"https:\\\/\\\/www.lovendal.ro\\\/wp52\\\/#organization\",\"name\":\"Secretele lui Lovendal\",\"url\":\"https:\\\/\\\/www.lovendal.ro\\\/wp52\\\/\",\"logo\":{\"@type\":\"ImageObject\",\"inLanguage\":\"ro-RO\",\"@id\":\"https:\\\/\\\/www.lovendal.ro\\\/wp52\\\/#\\\/schema\\\/logo\\\/image\\\/\",\"url\":\"https:\\\/\\\/www.lovendal.ro\\\/wp52\\\/wp-content\\\/uploads\\\/2024\\\/06\\\/cropped-SLL-iun-2024-1.jpg\",\"contentUrl\":\"https:\\\/\\\/www.lovendal.ro\\\/wp52\\\/wp-content\\\/uploads\\\/2024\\\/06\\\/cropped-SLL-iun-2024-1.jpg\",\"width\":771,\"height\":240,\"caption\":\"Secretele lui Lovendal\"},\"image\":{\"@id\":\"https:\\\/\\\/www.lovendal.ro\\\/wp52\\\/#\\\/schema\\\/logo\\\/image\\\/\"},\"sameAs\":[\"https:\\\/\\\/www.facebook.com\\\/secreteleluilovendal\"]},{\"@type\":\"Person\",\"@id\":\"https:\\\/\\\/www.lovendal.ro\\\/wp52\\\/#\\\/schema\\\/person\\\/088691de5dfc346bb0c023e1e52ef5d9\",\"name\":\"admin\",\"image\":{\"@type\":\"ImageObject\",\"inLanguage\":\"ro-RO\",\"@id\":\"https:\\\/\\\/secure.gravatar.com\\\/avatar\\\/ecb9cd41f5f63c9c9b989999a59f6e2639a865ec361e9db054db0679a8f341c2?s=96&d=mm&r=g\",\"url\":\"https:\\\/\\\/secure.gravatar.com\\\/avatar\\\/ecb9cd41f5f63c9c9b989999a59f6e2639a865ec361e9db054db0679a8f341c2?s=96&d=mm&r=g\",\"contentUrl\":\"https:\\\/\\\/secure.gravatar.com\\\/avatar\\\/ecb9cd41f5f63c9c9b989999a59f6e2639a865ec361e9db054db0679a8f341c2?s=96&d=mm&r=g\",\"caption\":\"admin\"},\"sameAs\":[\"https:\\\/\\\/www.lovendal.ro\\\/wp52\"]}]}<\/script>\n<!-- \/ Yoast SEO Premium plugin. -->","yoast_head_json":{"title":"Craniu misterios g\u0103sit \u00een Argentina: parc\u0103 ar fi de origine \"extraterestr\u0103\", iar forma sa seam\u0103n\u0103 cu cel din filmul SF \"Mars Attacks!\" (1996) - Secretele lui Lovendal","robots":{"index":"index","follow":"follow","max-snippet":"max-snippet:-1","max-image-preview":"max-image-preview:large","max-video-preview":"max-video-preview:-1"},"canonical":"https:\/\/www.lovendal.ro\/wp52\/craniu-misterios-gasit-in-argentina-parca-ar-fi-de-origine-extraterestra-iar-forma-sa-seamana-cu-cel-din-filmul-sf-mars-attacks-1996\/","og_locale":"ro_RO","og_type":"article","og_title":"Craniu misterios g\u0103sit \u00een Argentina: parc\u0103 ar fi de origine \"extraterestr\u0103\", iar forma sa seam\u0103n\u0103 cu cel din filmul SF \"Mars Attacks!\" (1996)","og_description":"Arheologii din Argentina au descoperit un craniu cu o form\u0103 bizar\u0103, st\u00e2rnind un val de curiozitate la nivel global. Este un artefact autentic dintr-o civiliza\u021bie antic\u0103 sau ceva mult mai ciudat &#8211; poate chiar o dovad\u0103 a vie\u021bii extraterestre? Iat\u0103 ... Cititi mai multe","og_url":"https:\/\/www.lovendal.ro\/wp52\/craniu-misterios-gasit-in-argentina-parca-ar-fi-de-origine-extraterestra-iar-forma-sa-seamana-cu-cel-din-filmul-sf-mars-attacks-1996\/","og_site_name":"Secretele lui Lovendal","article_publisher":"https:\/\/www.facebook.com\/secreteleluilovendal","article_published_time":"2025-12-12T15:56:19+00:00","og_image":[{"width":360,"height":302,"url":"https:\/\/www.lovendal.ro\/wp52\/wp-content\/uploads\/2025\/12\/craniu-alungit-Argentina.jpg","type":"image\/jpeg"}],"author":"admin","twitter_card":"summary_large_image","twitter_misc":{"Scris de":"admin","Timp estimat pentru citire":"3 minute"},"schema":{"@context":"https:\/\/schema.org","@graph":[{"@type":"Article","@id":"https:\/\/www.lovendal.ro\/wp52\/craniu-misterios-gasit-in-argentina-parca-ar-fi-de-origine-extraterestra-iar-forma-sa-seamana-cu-cel-din-filmul-sf-mars-attacks-1996\/#article","isPartOf":{"@id":"https:\/\/www.lovendal.ro\/wp52\/craniu-misterios-gasit-in-argentina-parca-ar-fi-de-origine-extraterestra-iar-forma-sa-seamana-cu-cel-din-filmul-sf-mars-attacks-1996\/"},"author":{"name":"admin","@id":"https:\/\/www.lovendal.ro\/wp52\/#\/schema\/person\/088691de5dfc346bb0c023e1e52ef5d9"},"headline":"Craniu misterios g\u0103sit \u00een Argentina: parc\u0103 ar fi de origine &#8222;extraterestr\u0103&#8221;, iar forma sa seam\u0103n\u0103 cu cel din filmul SF &#8222;Mars Attacks!&#8221; (1996)","datePublished":"2025-12-12T15:56:19+00:00","mainEntityOfPage":{"@id":"https:\/\/www.lovendal.ro\/wp52\/craniu-misterios-gasit-in-argentina-parca-ar-fi-de-origine-extraterestra-iar-forma-sa-seamana-cu-cel-din-filmul-sf-mars-attacks-1996\/"},"wordCount":340,"publisher":{"@id":"https:\/\/www.lovendal.ro\/wp52\/#organization"},"image":{"@id":"https:\/\/www.lovendal.ro\/wp52\/craniu-misterios-gasit-in-argentina-parca-ar-fi-de-origine-extraterestra-iar-forma-sa-seamana-cu-cel-din-filmul-sf-mars-attacks-1996\/#primaryimage"},"thumbnailUrl":"https:\/\/www.lovendal.ro\/wp52\/wp-content\/uploads\/2025\/12\/craniu-alungit-Argentina.jpg","keywords":["America de Sud","antropolog","ap\u0103","Argentina","arheologi","Bizar","craniu","deformare cranian\u0103","extratere\u015ftri","film","mit"],"articleSection":["Bizar"],"inLanguage":"ro-RO"},{"@type":"WebPage","@id":"https:\/\/www.lovendal.ro\/wp52\/craniu-misterios-gasit-in-argentina-parca-ar-fi-de-origine-extraterestra-iar-forma-sa-seamana-cu-cel-din-filmul-sf-mars-attacks-1996\/","url":"https:\/\/www.lovendal.ro\/wp52\/craniu-misterios-gasit-in-argentina-parca-ar-fi-de-origine-extraterestra-iar-forma-sa-seamana-cu-cel-din-filmul-sf-mars-attacks-1996\/","name":"Craniu misterios g\u0103sit \u00een Argentina: parc\u0103 ar fi de origine \"extraterestr\u0103\", iar forma sa seam\u0103n\u0103 cu cel din filmul SF \"Mars Attacks!\" (1996) - Secretele lui Lovendal","isPartOf":{"@id":"https:\/\/www.lovendal.ro\/wp52\/#website"},"primaryImageOfPage":{"@id":"https:\/\/www.lovendal.ro\/wp52\/craniu-misterios-gasit-in-argentina-parca-ar-fi-de-origine-extraterestra-iar-forma-sa-seamana-cu-cel-din-filmul-sf-mars-attacks-1996\/#primaryimage"},"image":{"@id":"https:\/\/www.lovendal.ro\/wp52\/craniu-misterios-gasit-in-argentina-parca-ar-fi-de-origine-extraterestra-iar-forma-sa-seamana-cu-cel-din-filmul-sf-mars-attacks-1996\/#primaryimage"},"thumbnailUrl":"https:\/\/www.lovendal.ro\/wp52\/wp-content\/uploads\/2025\/12\/craniu-alungit-Argentina.jpg","datePublished":"2025-12-12T15:56:19+00:00","breadcrumb":{"@id":"https:\/\/www.lovendal.ro\/wp52\/craniu-misterios-gasit-in-argentina-parca-ar-fi-de-origine-extraterestra-iar-forma-sa-seamana-cu-cel-din-filmul-sf-mars-attacks-1996\/#breadcrumb"},"inLanguage":"ro-RO","potentialAction":[{"@type":"ReadAction","target":["https:\/\/www.lovendal.ro\/wp52\/craniu-misterios-gasit-in-argentina-parca-ar-fi-de-origine-extraterestra-iar-forma-sa-seamana-cu-cel-din-filmul-sf-mars-attacks-1996\/"]}]},{"@type":"ImageObject","inLanguage":"ro-RO","@id":"https:\/\/www.lovendal.ro\/wp52\/craniu-misterios-gasit-in-argentina-parca-ar-fi-de-origine-extraterestra-iar-forma-sa-seamana-cu-cel-din-filmul-sf-mars-attacks-1996\/#primaryimage","url":"https:\/\/www.lovendal.ro\/wp52\/wp-content\/uploads\/2025\/12\/craniu-alungit-Argentina.jpg","contentUrl":"https:\/\/www.lovendal.ro\/wp52\/wp-content\/uploads\/2025\/12\/craniu-alungit-Argentina.jpg","width":360,"height":302},{"@type":"BreadcrumbList","@id":"https:\/\/www.lovendal.ro\/wp52\/craniu-misterios-gasit-in-argentina-parca-ar-fi-de-origine-extraterestra-iar-forma-sa-seamana-cu-cel-din-filmul-sf-mars-attacks-1996\/#breadcrumb","itemListElement":[{"@type":"ListItem","position":1,"name":"Home","item":"https:\/\/www.lovendal.ro\/wp52\/"},{"@type":"ListItem","position":2,"name":"Craniu misterios g\u0103sit \u00een Argentina: parc\u0103 ar fi de origine &#8222;extraterestr\u0103&#8221;, iar forma sa seam\u0103n\u0103 cu cel din filmul SF &#8222;Mars Attacks!&#8221; (1996)"}]},{"@type":"WebSite","@id":"https:\/\/www.lovendal.ro\/wp52\/#website","url":"https:\/\/www.lovendal.ro\/wp52\/","name":"Secretele lui Lovendal","description":"Site de secrete, stiinta si metafizica - din 2008 -","publisher":{"@id":"https:\/\/www.lovendal.ro\/wp52\/#organization"},"potentialAction":[{"@type":"SearchAction","target":{"@type":"EntryPoint","urlTemplate":"https:\/\/www.lovendal.ro\/wp52\/?s={search_term_string}"},"query-input":{"@type":"PropertyValueSpecification","valueRequired":true,"valueName":"search_term_string"}}],"inLanguage":"ro-RO"},{"@type":"Organization","@id":"https:\/\/www.lovendal.ro\/wp52\/#organization","name":"Secretele lui Lovendal","url":"https:\/\/www.lovendal.ro\/wp52\/","logo":{"@type":"ImageObject","inLanguage":"ro-RO","@id":"https:\/\/www.lovendal.ro\/wp52\/#\/schema\/logo\/image\/","url":"https:\/\/www.lovendal.ro\/wp52\/wp-content\/uploads\/2024\/06\/cropped-SLL-iun-2024-1.jpg","contentUrl":"https:\/\/www.lovendal.ro\/wp52\/wp-content\/uploads\/2024\/06\/cropped-SLL-iun-2024-1.jpg","width":771,"height":240,"caption":"Secretele lui Lovendal"},"image":{"@id":"https:\/\/www.lovendal.ro\/wp52\/#\/schema\/logo\/image\/"},"sameAs":["https:\/\/www.facebook.com\/secreteleluilovendal"]},{"@type":"Person","@id":"https:\/\/www.lovendal.ro\/wp52\/#\/schema\/person\/088691de5dfc346bb0c023e1e52ef5d9","name":"admin","image":{"@type":"ImageObject","inLanguage":"ro-RO","@id":"https:\/\/secure.gravatar.com\/avatar\/ecb9cd41f5f63c9c9b989999a59f6e2639a865ec361e9db054db0679a8f341c2?s=96&d=mm&r=g","url":"https:\/\/secure.gravatar.com\/avatar\/ecb9cd41f5f63c9c9b989999a59f6e2639a865ec361e9db054db0679a8f341c2?s=96&d=mm&r=g","contentUrl":"https:\/\/secure.gravatar.com\/avatar\/ecb9cd41f5f63c9c9b989999a59f6e2639a865ec361e9db054db0679a8f341c2?s=96&d=mm&r=g","caption":"admin"},"sameAs":["https:\/\/www.lovendal.ro\/wp52"]}]}},"_links":{"self":[{"href":"https:\/\/www.lovendal.ro\/wp52\/wp-json\/wp\/v2\/posts\/100993","targetHints":{"allow":["GET"]}}],"collection":[{"href":"https:\/\/www.lovendal.ro\/wp52\/wp-json\/wp\/v2\/posts"}],"about":[{"href":"https:\/\/www.lovendal.ro\/wp52\/wp-json\/wp\/v2\/types\/post"}],"author":[{"embeddable":true,"href":"https:\/\/www.lovendal.ro\/wp52\/wp-json\/wp\/v2\/users\/1"}],"replies":[{"embeddable":true,"href":"https:\/\/www.lovendal.ro\/wp52\/wp-json\/wp\/v2\/comments?post=100993"}],"version-history":[{"count":1,"href":"https:\/\/www.lovendal.ro\/wp52\/wp-json\/wp\/v2\/posts\/100993\/revisions"}],"predecessor-version":[{"id":101000,"href":"https:\/\/www.lovendal.ro\/wp52\/wp-json\/wp\/v2\/posts\/100993\/revisions\/101000"}],"wp:featuredmedia":[{"embeddable":true,"href":"https:\/\/www.lovendal.ro\/wp52\/wp-json\/wp\/v2\/media\/100994"}],"wp:attachment":[{"href":"https:\/\/www.lovendal.ro\/wp52\/wp-json\/wp\/v2\/media?parent=100993"}],"wp:term":[{"taxonomy":"category","embeddable":true,"href":"https:\/\/www.lovendal.ro\/wp52\/wp-json\/wp\/v2\/categories?post=100993"},{"taxonomy":"post_tag","embeddable":true,"href":"https:\/\/www.lovendal.ro\/wp52\/wp-json\/wp\/v2\/tags?post=100993"}],"curies":[{"name":"wp","href":"https:\/\/api.w.org\/{rel}","templated":true}]}}