{"id":100986,"date":"2025-12-11T17:13:32","date_gmt":"2025-12-11T15:13:32","guid":{"rendered":"https:\/\/www.lovendal.ro\/wp52\/?p=100986"},"modified":"2025-12-11T17:13:32","modified_gmt":"2025-12-11T15:13:32","slug":"in-urma-cu-7-000-de-ani-desertul-sahara-era-verde-cine-traia-acolo","status":"publish","type":"post","link":"https:\/\/www.lovendal.ro\/wp52\/in-urma-cu-7-000-de-ani-desertul-sahara-era-verde-cine-traia-acolo\/","title":{"rendered":"\u00cen urm\u0103 cu 7.000 de ani, de\u015fertul Sahara era verde. Cine tr\u0103ia acolo?"},"content":{"rendered":"<p><a href=\"https:\/\/www.lovendal.ro\/wp52\/wp-content\/uploads\/2025\/12\/Africa-Sahara-verde.jpeg\"><img loading=\"lazy\" decoding=\"async\" class=\"alignleft size-full wp-image-100987\" src=\"https:\/\/www.lovendal.ro\/wp52\/wp-content\/uploads\/2025\/12\/Africa-Sahara-verde.jpeg\" alt=\"\" width=\"361\" height=\"268\" srcset=\"https:\/\/www.lovendal.ro\/wp52\/wp-content\/uploads\/2025\/12\/Africa-Sahara-verde.jpeg 361w, https:\/\/www.lovendal.ro\/wp52\/wp-content\/uploads\/2025\/12\/Africa-Sahara-verde-300x223.jpeg 300w\" sizes=\"auto, (max-width: 361px) 100vw, 361px\" \/><\/a>\u00cen urm\u0103 cu aproximativ 7.000 de ani, dou\u0103 femei au fost \u00eenmorm\u00e2ntate \u00eentr-un ad\u0103post st\u00e2ncos din sud-vestul Libiei de ast\u0103zi (Takarkori). R\u0103m\u0103\u0219i\u021bele lor au dezv\u0103luit primele genomuri umane antice recuperate vreodat\u0103 din Sahara central\u0103. Un studiu interna\u021bional constat\u0103 c\u0103 aceste femei au purtat o lung\u0103 \u0219i izolat\u0103 linie genealogic\u0103 nord-african\u0103, acum \u0219tears\u0103 ca grup separat. ADN-ul lor ajut\u0103, de asemenea, la redesenarea h\u0103r\u021bii modului \u00een care oamenii s-au mutat, sau nu, printr-o Sahara mai verde. Lucrarea \u015ftiin\u0163ific\u0103 a fost condus\u0103 de <strong>Nada Salem<\/strong>, genetician\u0103 la Institutul Max Planck pentru Antropologie Evolu\u021bionist\u0103 (MPIEA) din Germania. Cercet\u0103rile sale se concentreaz\u0103 pe utilizarea ADN-ului antic, material genetic recuperat din organisme de mult moarte, pentru a reconstrui istoria popula\u021biilor din Africa.<\/p>\n<p>\u00cenregistr\u0103rile arat\u0103 c\u0103 \u00eentre aproximativ 14.500 \u0219i 5.000 de ani \u00een urm\u0103, Africa de Nord era mult mai umed\u0103 dec\u00e2t \u00een \u200b\u200bprezent. Cercet\u0103torii numesc aceast\u0103 perioad\u0103 <strong>Perioada umed\u0103 african\u0103<\/strong>. Acolo, fusese odinioar\u0103 o savan\u0103 luxuriant\u0103, pres\u0103rat\u0103 cu lacuri mici. Ast\u0103zi, aceast\u0103 parte a Saharei este hiperarid\u0103, a\u0219a c\u0103, de obicei, c\u0103ldura \u0219i usc\u0103ciunea distrug ADN-ul \u00eenainte ca oamenii de \u0219tiin\u021b\u0103 s\u0103 \u00eel poat\u0103 citi. Mumificarea natural\u0103 g\u0103sit\u0103 la <strong>Takarkori<\/strong> a p\u0103strat suficient \u021besut intact pentru a extrage genomuri \u00eentregi \u0219i a z\u0103ri o popula\u021bie care altfel ar fi invizibil\u0103. Pe vremea c\u00e2nd aceste femei au tr\u0103it, oamenii din Takarkori cre\u0219teau vite, oi \u0219i capre, \u00een loc s\u0103 se bazeze doar pe v\u00e2nat.<\/p>\n<p>Majoritatea \u00eenmorm\u00e2nt\u0103rilor din ad\u0103post apar\u021bin femeilor, copiilor \u0219i adolescen\u021bilor, ceea ce sugereaz\u0103 o comunitate sedentar\u0103 mai degrab\u0103 dec\u00e2t un mic grup de oameni c\u0103l\u0103tori. Analiza chimic\u0103 a smal\u021bului dentar, care urm\u0103re\u0219te geologia local\u0103 a apei pe care o beau oamenii, indic\u0103 faptul c\u0103 ace\u0219ti indivizi au crescut \u00een apropiere de Takarkori. \u00cen laborator, cercet\u0103torii au pulverizat un dinte \u0219i oasele unui picior, apoi au folosit metode de captare pentru a extrage anumite segmente de ADN uman. Aceste metode vizeaz\u0103 polimorfismele cu un singur nucleotid, modific\u0103ri scurte ale ADN-ului folosite pentru a urm\u0103ri str\u0103mo\u0219ii comuni.<\/p>\n<p>Analiza genetic\u0103 arat\u0103 c\u0103 majoritatea str\u0103mo\u0219ilor Takarkori provin dintr-o linie genealogic\u0103 nord-african\u0103 necunoscut\u0103, un grup de oameni care au o istorie mo\u0219tenit\u0103 \u00een comun. Se pare c\u0103 aceast\u0103 ramur\u0103 s-a separat de africanii subsaharieni cam \u00een perioada \u00een care al\u021bi oameni s-au extins din Africa, acum aproximativ 50.000 de ani.<\/p>\n<p>Analizele genetice arat\u0103 c\u0103 majoritatea non-africanilor poart\u0103 1 p\u00e2n\u0103 la 2% ADN mo\u0219tenit de la <strong>neanderthalieni<\/strong>. Neanderthalienii sunt un grup uman disp\u0103rut din Eurasia, iar femeile Takarkori au 0,15% din aceast\u0103 descenden\u021b\u0103, o propor\u021bie mai mare dec\u00e2t la africanii subsaharieni. Acest model sugereaz\u0103 un flux genetic infiltrat de la grupurile eurasiatice \u00een Africa de Nord, suprapun\u00e2ndu-se pe o familie local\u0103 mult mai veche, f\u0103r\u0103 a o cople\u0219i.<\/p>\n<p><strong>Sursa:<\/strong> studiul \u015ftiin\u0163ific <a href=\"https:\/\/www.nature.com\/articles\/s41586-025-08793-7\" target=\"_blank\" rel=\"noopener\"><strong>&#8222;Ancient DNA from the Green Sahara reveals ancestral North African lineage&#8221; \/ nature.com<\/strong><\/a><\/p>\n","protected":false},"excerpt":{"rendered":"<p>\u00cen urm\u0103 cu aproximativ 7.000 de ani, dou\u0103 femei au fost \u00eenmorm\u00e2ntate \u00eentr-un ad\u0103post st\u00e2ncos din sud-vestul Libiei de ast\u0103zi (Takarkori). R\u0103m\u0103\u0219i\u021bele lor au dezv\u0103luit primele genomuri umane antice recuperate vreodat\u0103 din Sahara central\u0103. Un studiu interna\u021bional constat\u0103 c\u0103 aceste &#8230; <\/p>\n<p class=\"read-more-container\"><a title=\"\u00cen urm\u0103 cu 7.000 de ani, de\u015fertul Sahara era verde. Cine tr\u0103ia acolo?\" class=\"read-more button\" href=\"https:\/\/www.lovendal.ro\/wp52\/in-urma-cu-7-000-de-ani-desertul-sahara-era-verde-cine-traia-acolo\/#more-100986\" aria-label=\"Cite\u0219te mai multe despre \u00cen urm\u0103 cu 7.000 de ani, de\u015fertul Sahara era verde. Cine tr\u0103ia acolo?\">Cititi mai multe<\/a><\/p>\n","protected":false},"author":1,"featured_media":100987,"comment_status":"closed","ping_status":"open","sticky":false,"template":"","format":"standard","meta":{"footnotes":""},"categories":[1770],"tags":[415,235,274,7199,9807,203,975,2123,364,19970,688,6450,58],"class_list":["post-100986","post","type-post","status-publish","format-standard","has-post-thumbnail","hentry","category-geografie-feologie","tag-adn","tag-africa","tag-femei","tag-genom","tag-geografie-geologie","tag-germania","tag-lac","tag-libia","tag-mumie","tag-neanderthalieni","tag-sahara","tag-tesut","tag-vanatoare","resize-featured-image"],"yoast_head":"<!-- This site is optimized with the Yoast SEO Premium plugin v23.3 (Yoast SEO v27.4) - https:\/\/yoast.com\/product\/yoast-seo-premium-wordpress\/ -->\n<title>\u00cen urm\u0103 cu 7.000 de ani, de\u015fertul Sahara era verde. Cine tr\u0103ia acolo? - Secretele lui Lovendal<\/title>\n<meta name=\"robots\" content=\"index, follow, max-snippet:-1, max-image-preview:large, max-video-preview:-1\" \/>\n<link rel=\"canonical\" href=\"https:\/\/www.lovendal.ro\/wp52\/in-urma-cu-7-000-de-ani-desertul-sahara-era-verde-cine-traia-acolo\/\" \/>\n<meta property=\"og:locale\" content=\"ro_RO\" \/>\n<meta property=\"og:type\" content=\"article\" \/>\n<meta property=\"og:title\" content=\"\u00cen urm\u0103 cu 7.000 de ani, de\u015fertul Sahara era verde. Cine tr\u0103ia acolo?\" \/>\n<meta property=\"og:description\" content=\"\u00cen urm\u0103 cu aproximativ 7.000 de ani, dou\u0103 femei au fost \u00eenmorm\u00e2ntate \u00eentr-un ad\u0103post st\u00e2ncos din sud-vestul Libiei de ast\u0103zi (Takarkori). R\u0103m\u0103\u0219i\u021bele lor au dezv\u0103luit primele genomuri umane antice recuperate vreodat\u0103 din Sahara central\u0103. Un studiu interna\u021bional constat\u0103 c\u0103 aceste ... Cititi mai multe\" \/>\n<meta property=\"og:url\" content=\"https:\/\/www.lovendal.ro\/wp52\/in-urma-cu-7-000-de-ani-desertul-sahara-era-verde-cine-traia-acolo\/\" \/>\n<meta property=\"og:site_name\" content=\"Secretele lui Lovendal\" \/>\n<meta property=\"article:publisher\" content=\"https:\/\/www.facebook.com\/secreteleluilovendal\" \/>\n<meta property=\"article:published_time\" content=\"2025-12-11T15:13:32+00:00\" \/>\n<meta property=\"og:image\" content=\"https:\/\/www.lovendal.ro\/wp52\/wp-content\/uploads\/2025\/12\/Africa-Sahara-verde.jpeg\" \/>\n\t<meta property=\"og:image:width\" content=\"361\" \/>\n\t<meta property=\"og:image:height\" content=\"268\" \/>\n\t<meta property=\"og:image:type\" content=\"image\/jpeg\" \/>\n<meta name=\"author\" content=\"admin\" \/>\n<meta name=\"twitter:card\" content=\"summary_large_image\" \/>\n<meta name=\"twitter:label1\" content=\"Scris de\" \/>\n\t<meta name=\"twitter:data1\" content=\"admin\" \/>\n\t<meta name=\"twitter:label2\" content=\"Timp estimat pentru citire\" \/>\n\t<meta name=\"twitter:data2\" content=\"3 minute\" \/>\n<script type=\"application\/ld+json\" class=\"yoast-schema-graph\">{\"@context\":\"https:\\\/\\\/schema.org\",\"@graph\":[{\"@type\":\"Article\",\"@id\":\"https:\\\/\\\/www.lovendal.ro\\\/wp52\\\/in-urma-cu-7-000-de-ani-desertul-sahara-era-verde-cine-traia-acolo\\\/#article\",\"isPartOf\":{\"@id\":\"https:\\\/\\\/www.lovendal.ro\\\/wp52\\\/in-urma-cu-7-000-de-ani-desertul-sahara-era-verde-cine-traia-acolo\\\/\"},\"author\":{\"name\":\"admin\",\"@id\":\"https:\\\/\\\/www.lovendal.ro\\\/wp52\\\/#\\\/schema\\\/person\\\/088691de5dfc346bb0c023e1e52ef5d9\"},\"headline\":\"\u00cen urm\u0103 cu 7.000 de ani, de\u015fertul Sahara era verde. Cine tr\u0103ia acolo?\",\"datePublished\":\"2025-12-11T15:13:32+00:00\",\"mainEntityOfPage\":{\"@id\":\"https:\\\/\\\/www.lovendal.ro\\\/wp52\\\/in-urma-cu-7-000-de-ani-desertul-sahara-era-verde-cine-traia-acolo\\\/\"},\"wordCount\":524,\"publisher\":{\"@id\":\"https:\\\/\\\/www.lovendal.ro\\\/wp52\\\/#organization\"},\"image\":{\"@id\":\"https:\\\/\\\/www.lovendal.ro\\\/wp52\\\/in-urma-cu-7-000-de-ani-desertul-sahara-era-verde-cine-traia-acolo\\\/#primaryimage\"},\"thumbnailUrl\":\"https:\\\/\\\/www.lovendal.ro\\\/wp52\\\/wp-content\\\/uploads\\\/2025\\\/12\\\/Africa-Sahara-verde.jpeg\",\"keywords\":[\"ADN\",\"Africa\",\"femei\",\"genom\",\"Geografie - Geologie\",\"Germania\",\"lac\",\"Libia\",\"mumie\",\"Neanderthalieni\",\"Sahara\",\"\u0163esut\",\"v\u00e2n\u0103toare\"],\"articleSection\":[\"Geografie - Geologie\"],\"inLanguage\":\"ro-RO\"},{\"@type\":\"WebPage\",\"@id\":\"https:\\\/\\\/www.lovendal.ro\\\/wp52\\\/in-urma-cu-7-000-de-ani-desertul-sahara-era-verde-cine-traia-acolo\\\/\",\"url\":\"https:\\\/\\\/www.lovendal.ro\\\/wp52\\\/in-urma-cu-7-000-de-ani-desertul-sahara-era-verde-cine-traia-acolo\\\/\",\"name\":\"\u00cen urm\u0103 cu 7.000 de ani, de\u015fertul Sahara era verde. Cine tr\u0103ia acolo? - Secretele lui Lovendal\",\"isPartOf\":{\"@id\":\"https:\\\/\\\/www.lovendal.ro\\\/wp52\\\/#website\"},\"primaryImageOfPage\":{\"@id\":\"https:\\\/\\\/www.lovendal.ro\\\/wp52\\\/in-urma-cu-7-000-de-ani-desertul-sahara-era-verde-cine-traia-acolo\\\/#primaryimage\"},\"image\":{\"@id\":\"https:\\\/\\\/www.lovendal.ro\\\/wp52\\\/in-urma-cu-7-000-de-ani-desertul-sahara-era-verde-cine-traia-acolo\\\/#primaryimage\"},\"thumbnailUrl\":\"https:\\\/\\\/www.lovendal.ro\\\/wp52\\\/wp-content\\\/uploads\\\/2025\\\/12\\\/Africa-Sahara-verde.jpeg\",\"datePublished\":\"2025-12-11T15:13:32+00:00\",\"breadcrumb\":{\"@id\":\"https:\\\/\\\/www.lovendal.ro\\\/wp52\\\/in-urma-cu-7-000-de-ani-desertul-sahara-era-verde-cine-traia-acolo\\\/#breadcrumb\"},\"inLanguage\":\"ro-RO\",\"potentialAction\":[{\"@type\":\"ReadAction\",\"target\":[\"https:\\\/\\\/www.lovendal.ro\\\/wp52\\\/in-urma-cu-7-000-de-ani-desertul-sahara-era-verde-cine-traia-acolo\\\/\"]}]},{\"@type\":\"ImageObject\",\"inLanguage\":\"ro-RO\",\"@id\":\"https:\\\/\\\/www.lovendal.ro\\\/wp52\\\/in-urma-cu-7-000-de-ani-desertul-sahara-era-verde-cine-traia-acolo\\\/#primaryimage\",\"url\":\"https:\\\/\\\/www.lovendal.ro\\\/wp52\\\/wp-content\\\/uploads\\\/2025\\\/12\\\/Africa-Sahara-verde.jpeg\",\"contentUrl\":\"https:\\\/\\\/www.lovendal.ro\\\/wp52\\\/wp-content\\\/uploads\\\/2025\\\/12\\\/Africa-Sahara-verde.jpeg\",\"width\":361,\"height\":268},{\"@type\":\"BreadcrumbList\",\"@id\":\"https:\\\/\\\/www.lovendal.ro\\\/wp52\\\/in-urma-cu-7-000-de-ani-desertul-sahara-era-verde-cine-traia-acolo\\\/#breadcrumb\",\"itemListElement\":[{\"@type\":\"ListItem\",\"position\":1,\"name\":\"Home\",\"item\":\"https:\\\/\\\/www.lovendal.ro\\\/wp52\\\/\"},{\"@type\":\"ListItem\",\"position\":2,\"name\":\"\u00cen urm\u0103 cu 7.000 de ani, de\u015fertul Sahara era verde. Cine tr\u0103ia acolo?\"}]},{\"@type\":\"WebSite\",\"@id\":\"https:\\\/\\\/www.lovendal.ro\\\/wp52\\\/#website\",\"url\":\"https:\\\/\\\/www.lovendal.ro\\\/wp52\\\/\",\"name\":\"Secretele lui Lovendal\",\"description\":\"Site de secrete, stiinta si metafizica - din 2008 -\",\"publisher\":{\"@id\":\"https:\\\/\\\/www.lovendal.ro\\\/wp52\\\/#organization\"},\"potentialAction\":[{\"@type\":\"SearchAction\",\"target\":{\"@type\":\"EntryPoint\",\"urlTemplate\":\"https:\\\/\\\/www.lovendal.ro\\\/wp52\\\/?s={search_term_string}\"},\"query-input\":{\"@type\":\"PropertyValueSpecification\",\"valueRequired\":true,\"valueName\":\"search_term_string\"}}],\"inLanguage\":\"ro-RO\"},{\"@type\":\"Organization\",\"@id\":\"https:\\\/\\\/www.lovendal.ro\\\/wp52\\\/#organization\",\"name\":\"Secretele lui Lovendal\",\"url\":\"https:\\\/\\\/www.lovendal.ro\\\/wp52\\\/\",\"logo\":{\"@type\":\"ImageObject\",\"inLanguage\":\"ro-RO\",\"@id\":\"https:\\\/\\\/www.lovendal.ro\\\/wp52\\\/#\\\/schema\\\/logo\\\/image\\\/\",\"url\":\"https:\\\/\\\/www.lovendal.ro\\\/wp52\\\/wp-content\\\/uploads\\\/2024\\\/06\\\/cropped-SLL-iun-2024-1.jpg\",\"contentUrl\":\"https:\\\/\\\/www.lovendal.ro\\\/wp52\\\/wp-content\\\/uploads\\\/2024\\\/06\\\/cropped-SLL-iun-2024-1.jpg\",\"width\":771,\"height\":240,\"caption\":\"Secretele lui Lovendal\"},\"image\":{\"@id\":\"https:\\\/\\\/www.lovendal.ro\\\/wp52\\\/#\\\/schema\\\/logo\\\/image\\\/\"},\"sameAs\":[\"https:\\\/\\\/www.facebook.com\\\/secreteleluilovendal\"]},{\"@type\":\"Person\",\"@id\":\"https:\\\/\\\/www.lovendal.ro\\\/wp52\\\/#\\\/schema\\\/person\\\/088691de5dfc346bb0c023e1e52ef5d9\",\"name\":\"admin\",\"image\":{\"@type\":\"ImageObject\",\"inLanguage\":\"ro-RO\",\"@id\":\"https:\\\/\\\/secure.gravatar.com\\\/avatar\\\/ecb9cd41f5f63c9c9b989999a59f6e2639a865ec361e9db054db0679a8f341c2?s=96&d=mm&r=g\",\"url\":\"https:\\\/\\\/secure.gravatar.com\\\/avatar\\\/ecb9cd41f5f63c9c9b989999a59f6e2639a865ec361e9db054db0679a8f341c2?s=96&d=mm&r=g\",\"contentUrl\":\"https:\\\/\\\/secure.gravatar.com\\\/avatar\\\/ecb9cd41f5f63c9c9b989999a59f6e2639a865ec361e9db054db0679a8f341c2?s=96&d=mm&r=g\",\"caption\":\"admin\"},\"sameAs\":[\"https:\\\/\\\/www.lovendal.ro\\\/wp52\"]}]}<\/script>\n<!-- \/ Yoast SEO Premium plugin. -->","yoast_head_json":{"title":"\u00cen urm\u0103 cu 7.000 de ani, de\u015fertul Sahara era verde. Cine tr\u0103ia acolo? - Secretele lui Lovendal","robots":{"index":"index","follow":"follow","max-snippet":"max-snippet:-1","max-image-preview":"max-image-preview:large","max-video-preview":"max-video-preview:-1"},"canonical":"https:\/\/www.lovendal.ro\/wp52\/in-urma-cu-7-000-de-ani-desertul-sahara-era-verde-cine-traia-acolo\/","og_locale":"ro_RO","og_type":"article","og_title":"\u00cen urm\u0103 cu 7.000 de ani, de\u015fertul Sahara era verde. Cine tr\u0103ia acolo?","og_description":"\u00cen urm\u0103 cu aproximativ 7.000 de ani, dou\u0103 femei au fost \u00eenmorm\u00e2ntate \u00eentr-un ad\u0103post st\u00e2ncos din sud-vestul Libiei de ast\u0103zi (Takarkori). R\u0103m\u0103\u0219i\u021bele lor au dezv\u0103luit primele genomuri umane antice recuperate vreodat\u0103 din Sahara central\u0103. Un studiu interna\u021bional constat\u0103 c\u0103 aceste ... Cititi mai multe","og_url":"https:\/\/www.lovendal.ro\/wp52\/in-urma-cu-7-000-de-ani-desertul-sahara-era-verde-cine-traia-acolo\/","og_site_name":"Secretele lui Lovendal","article_publisher":"https:\/\/www.facebook.com\/secreteleluilovendal","article_published_time":"2025-12-11T15:13:32+00:00","og_image":[{"width":361,"height":268,"url":"https:\/\/www.lovendal.ro\/wp52\/wp-content\/uploads\/2025\/12\/Africa-Sahara-verde.jpeg","type":"image\/jpeg"}],"author":"admin","twitter_card":"summary_large_image","twitter_misc":{"Scris de":"admin","Timp estimat pentru citire":"3 minute"},"schema":{"@context":"https:\/\/schema.org","@graph":[{"@type":"Article","@id":"https:\/\/www.lovendal.ro\/wp52\/in-urma-cu-7-000-de-ani-desertul-sahara-era-verde-cine-traia-acolo\/#article","isPartOf":{"@id":"https:\/\/www.lovendal.ro\/wp52\/in-urma-cu-7-000-de-ani-desertul-sahara-era-verde-cine-traia-acolo\/"},"author":{"name":"admin","@id":"https:\/\/www.lovendal.ro\/wp52\/#\/schema\/person\/088691de5dfc346bb0c023e1e52ef5d9"},"headline":"\u00cen urm\u0103 cu 7.000 de ani, de\u015fertul Sahara era verde. Cine tr\u0103ia acolo?","datePublished":"2025-12-11T15:13:32+00:00","mainEntityOfPage":{"@id":"https:\/\/www.lovendal.ro\/wp52\/in-urma-cu-7-000-de-ani-desertul-sahara-era-verde-cine-traia-acolo\/"},"wordCount":524,"publisher":{"@id":"https:\/\/www.lovendal.ro\/wp52\/#organization"},"image":{"@id":"https:\/\/www.lovendal.ro\/wp52\/in-urma-cu-7-000-de-ani-desertul-sahara-era-verde-cine-traia-acolo\/#primaryimage"},"thumbnailUrl":"https:\/\/www.lovendal.ro\/wp52\/wp-content\/uploads\/2025\/12\/Africa-Sahara-verde.jpeg","keywords":["ADN","Africa","femei","genom","Geografie - Geologie","Germania","lac","Libia","mumie","Neanderthalieni","Sahara","\u0163esut","v\u00e2n\u0103toare"],"articleSection":["Geografie - Geologie"],"inLanguage":"ro-RO"},{"@type":"WebPage","@id":"https:\/\/www.lovendal.ro\/wp52\/in-urma-cu-7-000-de-ani-desertul-sahara-era-verde-cine-traia-acolo\/","url":"https:\/\/www.lovendal.ro\/wp52\/in-urma-cu-7-000-de-ani-desertul-sahara-era-verde-cine-traia-acolo\/","name":"\u00cen urm\u0103 cu 7.000 de ani, de\u015fertul Sahara era verde. Cine tr\u0103ia acolo? - Secretele lui Lovendal","isPartOf":{"@id":"https:\/\/www.lovendal.ro\/wp52\/#website"},"primaryImageOfPage":{"@id":"https:\/\/www.lovendal.ro\/wp52\/in-urma-cu-7-000-de-ani-desertul-sahara-era-verde-cine-traia-acolo\/#primaryimage"},"image":{"@id":"https:\/\/www.lovendal.ro\/wp52\/in-urma-cu-7-000-de-ani-desertul-sahara-era-verde-cine-traia-acolo\/#primaryimage"},"thumbnailUrl":"https:\/\/www.lovendal.ro\/wp52\/wp-content\/uploads\/2025\/12\/Africa-Sahara-verde.jpeg","datePublished":"2025-12-11T15:13:32+00:00","breadcrumb":{"@id":"https:\/\/www.lovendal.ro\/wp52\/in-urma-cu-7-000-de-ani-desertul-sahara-era-verde-cine-traia-acolo\/#breadcrumb"},"inLanguage":"ro-RO","potentialAction":[{"@type":"ReadAction","target":["https:\/\/www.lovendal.ro\/wp52\/in-urma-cu-7-000-de-ani-desertul-sahara-era-verde-cine-traia-acolo\/"]}]},{"@type":"ImageObject","inLanguage":"ro-RO","@id":"https:\/\/www.lovendal.ro\/wp52\/in-urma-cu-7-000-de-ani-desertul-sahara-era-verde-cine-traia-acolo\/#primaryimage","url":"https:\/\/www.lovendal.ro\/wp52\/wp-content\/uploads\/2025\/12\/Africa-Sahara-verde.jpeg","contentUrl":"https:\/\/www.lovendal.ro\/wp52\/wp-content\/uploads\/2025\/12\/Africa-Sahara-verde.jpeg","width":361,"height":268},{"@type":"BreadcrumbList","@id":"https:\/\/www.lovendal.ro\/wp52\/in-urma-cu-7-000-de-ani-desertul-sahara-era-verde-cine-traia-acolo\/#breadcrumb","itemListElement":[{"@type":"ListItem","position":1,"name":"Home","item":"https:\/\/www.lovendal.ro\/wp52\/"},{"@type":"ListItem","position":2,"name":"\u00cen urm\u0103 cu 7.000 de ani, de\u015fertul Sahara era verde. Cine tr\u0103ia acolo?"}]},{"@type":"WebSite","@id":"https:\/\/www.lovendal.ro\/wp52\/#website","url":"https:\/\/www.lovendal.ro\/wp52\/","name":"Secretele lui Lovendal","description":"Site de secrete, stiinta si metafizica - din 2008 -","publisher":{"@id":"https:\/\/www.lovendal.ro\/wp52\/#organization"},"potentialAction":[{"@type":"SearchAction","target":{"@type":"EntryPoint","urlTemplate":"https:\/\/www.lovendal.ro\/wp52\/?s={search_term_string}"},"query-input":{"@type":"PropertyValueSpecification","valueRequired":true,"valueName":"search_term_string"}}],"inLanguage":"ro-RO"},{"@type":"Organization","@id":"https:\/\/www.lovendal.ro\/wp52\/#organization","name":"Secretele lui Lovendal","url":"https:\/\/www.lovendal.ro\/wp52\/","logo":{"@type":"ImageObject","inLanguage":"ro-RO","@id":"https:\/\/www.lovendal.ro\/wp52\/#\/schema\/logo\/image\/","url":"https:\/\/www.lovendal.ro\/wp52\/wp-content\/uploads\/2024\/06\/cropped-SLL-iun-2024-1.jpg","contentUrl":"https:\/\/www.lovendal.ro\/wp52\/wp-content\/uploads\/2024\/06\/cropped-SLL-iun-2024-1.jpg","width":771,"height":240,"caption":"Secretele lui Lovendal"},"image":{"@id":"https:\/\/www.lovendal.ro\/wp52\/#\/schema\/logo\/image\/"},"sameAs":["https:\/\/www.facebook.com\/secreteleluilovendal"]},{"@type":"Person","@id":"https:\/\/www.lovendal.ro\/wp52\/#\/schema\/person\/088691de5dfc346bb0c023e1e52ef5d9","name":"admin","image":{"@type":"ImageObject","inLanguage":"ro-RO","@id":"https:\/\/secure.gravatar.com\/avatar\/ecb9cd41f5f63c9c9b989999a59f6e2639a865ec361e9db054db0679a8f341c2?s=96&d=mm&r=g","url":"https:\/\/secure.gravatar.com\/avatar\/ecb9cd41f5f63c9c9b989999a59f6e2639a865ec361e9db054db0679a8f341c2?s=96&d=mm&r=g","contentUrl":"https:\/\/secure.gravatar.com\/avatar\/ecb9cd41f5f63c9c9b989999a59f6e2639a865ec361e9db054db0679a8f341c2?s=96&d=mm&r=g","caption":"admin"},"sameAs":["https:\/\/www.lovendal.ro\/wp52"]}]}},"_links":{"self":[{"href":"https:\/\/www.lovendal.ro\/wp52\/wp-json\/wp\/v2\/posts\/100986","targetHints":{"allow":["GET"]}}],"collection":[{"href":"https:\/\/www.lovendal.ro\/wp52\/wp-json\/wp\/v2\/posts"}],"about":[{"href":"https:\/\/www.lovendal.ro\/wp52\/wp-json\/wp\/v2\/types\/post"}],"author":[{"embeddable":true,"href":"https:\/\/www.lovendal.ro\/wp52\/wp-json\/wp\/v2\/users\/1"}],"replies":[{"embeddable":true,"href":"https:\/\/www.lovendal.ro\/wp52\/wp-json\/wp\/v2\/comments?post=100986"}],"version-history":[{"count":1,"href":"https:\/\/www.lovendal.ro\/wp52\/wp-json\/wp\/v2\/posts\/100986\/revisions"}],"predecessor-version":[{"id":100988,"href":"https:\/\/www.lovendal.ro\/wp52\/wp-json\/wp\/v2\/posts\/100986\/revisions\/100988"}],"wp:featuredmedia":[{"embeddable":true,"href":"https:\/\/www.lovendal.ro\/wp52\/wp-json\/wp\/v2\/media\/100987"}],"wp:attachment":[{"href":"https:\/\/www.lovendal.ro\/wp52\/wp-json\/wp\/v2\/media?parent=100986"}],"wp:term":[{"taxonomy":"category","embeddable":true,"href":"https:\/\/www.lovendal.ro\/wp52\/wp-json\/wp\/v2\/categories?post=100986"},{"taxonomy":"post_tag","embeddable":true,"href":"https:\/\/www.lovendal.ro\/wp52\/wp-json\/wp\/v2\/tags?post=100986"}],"curies":[{"name":"wp","href":"https:\/\/api.w.org\/{rel}","templated":true}]}}