{"id":100915,"date":"2025-12-04T21:17:10","date_gmt":"2025-12-04T19:17:10","guid":{"rendered":"https:\/\/www.lovendal.ro\/wp52\/?p=100915"},"modified":"2025-12-04T21:17:10","modified_gmt":"2025-12-04T19:17:10","slug":"o-legenda-romaneasca-straveche-ne-vorbeste-despre-uriasii-din-braila-si-palatele-lor","status":"publish","type":"post","link":"https:\/\/www.lovendal.ro\/wp52\/o-legenda-romaneasca-straveche-ne-vorbeste-despre-uriasii-din-braila-si-palatele-lor\/","title":{"rendered":"O legend\u0103 rom\u00e2neasc\u0103 str\u0103veche ne vorbe\u015fte despre uria\u015fii din Br\u0103ila \u015fi palatele lor"},"content":{"rendered":"<figure id=\"attachment_100916\" aria-describedby=\"caption-attachment-100916\" style=\"width: 348px\" class=\"wp-caption alignleft\"><a href=\"https:\/\/www.lovendal.ro\/wp52\/wp-content\/uploads\/2025\/12\/Braila-giganti.jpg\"><img loading=\"lazy\" decoding=\"async\" class=\"size-full wp-image-100916\" src=\"https:\/\/www.lovendal.ro\/wp52\/wp-content\/uploads\/2025\/12\/Braila-giganti.jpg\" alt=\"\" width=\"358\" height=\"323\" srcset=\"https:\/\/www.lovendal.ro\/wp52\/wp-content\/uploads\/2025\/12\/Braila-giganti.jpg 358w, https:\/\/www.lovendal.ro\/wp52\/wp-content\/uploads\/2025\/12\/Braila-giganti-300x271.jpg 300w\" sizes=\"auto, (max-width: 358px) 100vw, 358px\" \/><\/a><figcaption id=\"caption-attachment-100916\" class=\"wp-caption-text\"><strong>Imagine:<\/strong> generata de <strong>Microsoft Designer<\/strong><\/figcaption><\/figure>\n<p>\u00centr-o conferin\u0163\u0103 \u0163inut\u0103 la Br\u0103ila de c\u0103tre cercet\u0103torul rom\u00e2n <strong>G. Munteanu-Murgoci <\/strong>(la sf\u00e2r\u015fitul anilor 1920), afl\u0103m o legend\u0103 despre uria\u015fii din <strong>Br\u0103ila<\/strong> \u015fi fecioara din <strong>Igli\u0163a<\/strong> (Igli\u0163a este un fost sat, acum \u00eenglobat \u00een Comuna Turcoaia, jude\u0163ul Tulcea; l\u00e2ng\u0103 Igli\u0163a se afl\u0103 ruinele cet\u0103\u0163ii Troesmis).<\/p>\n<p>Se poveste\u015fte c\u0103 \u00een timpurile de demult, dou\u0103 cete de uria\u015fi \u00ee\u015fi a\u015fezaser\u0103 loca\u015furile lor: unii la Br\u0103ila, al\u0163ii la Igli\u0163a, unde \u00ee\u015fi aveau m\u0103re\u0163ele lor palate. S-a \u00eent\u00e2mplat ca un fl\u0103c\u0103u din Br\u0103ila s\u0103 se \u00eendr\u0103gosteasc\u0103 de o fat\u0103 de la Igli\u0163a. \u00centr-o bun\u0103 zi, fl\u0103c\u0103ul s-a dus \u00een pe\u0163it la fecioar\u0103; dar fata nu a luat \u00een seam\u0103 dorin\u0163a fl\u0103c\u0103ului. Aceast\u0103 fapt\u0103 nesocotit\u0103 a revoltat toat\u0103 Br\u0103ila; demnitatea cetei de uria\u015fi era \u015ftirbit\u0103, fala cet\u0103\u0163ii c\u0103lcat\u0103 \u00een picioare.<\/p>\n<p>Fl\u0103c\u0103ul apuc\u0103 un bolovan mare \u015fi \u00eel arunc\u0103 spre loca\u015ful uria\u015filor din Igli\u0163a, ca s\u0103 le zdrobeasc\u0103 palatele, s\u0103 le \u015ftearg\u0103 cetatea din fa\u0163a p\u0103m\u00e2ntului. Dar uria\u015ful bolovan a c\u0103zut \u00een fa\u0163a Igli\u0163ei, peste Dun\u0103re. Fata din Igli\u0163a a luat \u015fi ea o st\u00e2nc\u0103 \u015fi-o arunc\u0103 spre br\u0103ileni; st\u00e2nca s-a ab\u0103tut de la \u0163int\u0103 \u015fi a mers de s-a \u00eenfipt \u00een p\u0103m\u00e2nt, tocmai \u00een mijlocul b\u0103l\u0163ii \u00eentre Br\u0103ila \u015fi M\u0103cin. De atunci uria\u015fii, precum \u015fi oamenii ce de pe urma lor au mo\u015ftenit p\u0103m\u00e2ntul, au zis acestei st\u00e2nci &#8222;Piatra fetei&#8221;.<\/p>\n","protected":false},"excerpt":{"rendered":"<p>\u00centr-o conferin\u0163\u0103 \u0163inut\u0103 la Br\u0103ila de c\u0103tre cercet\u0103torul rom\u00e2n G. Munteanu-Murgoci (la sf\u00e2r\u015fitul anilor 1920), afl\u0103m o legend\u0103 despre uria\u015fii din Br\u0103ila \u015fi fecioara din Igli\u0163a (Igli\u0163a este un fost sat, acum \u00eenglobat \u00een Comuna Turcoaia, jude\u0163ul Tulcea; l\u00e2ng\u0103 Igli\u0163a &#8230; <\/p>\n<p class=\"read-more-container\"><a title=\"O legend\u0103 rom\u00e2neasc\u0103 str\u0103veche ne vorbe\u015fte despre uria\u015fii din Br\u0103ila \u015fi palatele lor\" class=\"read-more button\" href=\"https:\/\/www.lovendal.ro\/wp52\/o-legenda-romaneasca-straveche-ne-vorbeste-despre-uriasii-din-braila-si-palatele-lor\/#more-100915\" aria-label=\"Cite\u0219te mai multe despre O legend\u0103 rom\u00e2neasc\u0103 str\u0103veche ne vorbe\u015fte despre uria\u015fii din Br\u0103ila \u015fi palatele lor\">Cititi mai multe<\/a><\/p>\n","protected":false},"author":1,"featured_media":100916,"comment_status":"closed","ping_status":"open","sticky":false,"template":"","format":"standard","meta":{"footnotes":""},"categories":[10210],"tags":[8594,12296,2280,6819,1899,12086,2149,10211,1203],"class_list":["post-100915","post","type-post","status-publish","format-standard","has-post-thumbnail","hentry","category-romania-misterioasa","tag-bolovan","tag-braila","tag-cetate","tag-dunare","tag-legenda","tag-macin","tag-palat","tag-romania-misterioasa","tag-uriasi","resize-featured-image"],"yoast_head":"<!-- This site is optimized with the Yoast SEO Premium plugin v23.3 (Yoast SEO v27.4) - https:\/\/yoast.com\/product\/yoast-seo-premium-wordpress\/ -->\n<title>O legend\u0103 rom\u00e2neasc\u0103 str\u0103veche ne vorbe\u015fte despre uria\u015fii din Br\u0103ila \u015fi palatele lor - Secretele lui Lovendal<\/title>\n<meta name=\"robots\" content=\"index, follow, max-snippet:-1, max-image-preview:large, max-video-preview:-1\" \/>\n<link rel=\"canonical\" href=\"https:\/\/www.lovendal.ro\/wp52\/o-legenda-romaneasca-straveche-ne-vorbeste-despre-uriasii-din-braila-si-palatele-lor\/\" \/>\n<meta property=\"og:locale\" content=\"ro_RO\" \/>\n<meta property=\"og:type\" content=\"article\" \/>\n<meta property=\"og:title\" content=\"O legend\u0103 rom\u00e2neasc\u0103 str\u0103veche ne vorbe\u015fte despre uria\u015fii din Br\u0103ila \u015fi palatele lor\" \/>\n<meta property=\"og:description\" content=\"\u00centr-o conferin\u0163\u0103 \u0163inut\u0103 la Br\u0103ila de c\u0103tre cercet\u0103torul rom\u00e2n G. Munteanu-Murgoci (la sf\u00e2r\u015fitul anilor 1920), afl\u0103m o legend\u0103 despre uria\u015fii din Br\u0103ila \u015fi fecioara din Igli\u0163a (Igli\u0163a este un fost sat, acum \u00eenglobat \u00een Comuna Turcoaia, jude\u0163ul Tulcea; l\u00e2ng\u0103 Igli\u0163a ... Cititi mai multe\" \/>\n<meta property=\"og:url\" content=\"https:\/\/www.lovendal.ro\/wp52\/o-legenda-romaneasca-straveche-ne-vorbeste-despre-uriasii-din-braila-si-palatele-lor\/\" \/>\n<meta property=\"og:site_name\" content=\"Secretele lui Lovendal\" \/>\n<meta property=\"article:publisher\" content=\"https:\/\/www.facebook.com\/secreteleluilovendal\" \/>\n<meta property=\"article:published_time\" content=\"2025-12-04T19:17:10+00:00\" \/>\n<meta property=\"og:image\" content=\"https:\/\/www.lovendal.ro\/wp52\/wp-content\/uploads\/2025\/12\/Braila-giganti.jpg\" \/>\n\t<meta property=\"og:image:width\" content=\"358\" \/>\n\t<meta property=\"og:image:height\" content=\"323\" \/>\n\t<meta property=\"og:image:type\" content=\"image\/jpeg\" \/>\n<meta name=\"author\" content=\"admin\" \/>\n<meta name=\"twitter:card\" content=\"summary_large_image\" \/>\n<meta name=\"twitter:label1\" content=\"Scris de\" \/>\n\t<meta name=\"twitter:data1\" content=\"admin\" \/>\n\t<meta name=\"twitter:label2\" content=\"Timp estimat pentru citire\" \/>\n\t<meta name=\"twitter:data2\" content=\"2 minute\" \/>\n<script type=\"application\/ld+json\" class=\"yoast-schema-graph\">{\"@context\":\"https:\\\/\\\/schema.org\",\"@graph\":[{\"@type\":\"Article\",\"@id\":\"https:\\\/\\\/www.lovendal.ro\\\/wp52\\\/o-legenda-romaneasca-straveche-ne-vorbeste-despre-uriasii-din-braila-si-palatele-lor\\\/#article\",\"isPartOf\":{\"@id\":\"https:\\\/\\\/www.lovendal.ro\\\/wp52\\\/o-legenda-romaneasca-straveche-ne-vorbeste-despre-uriasii-din-braila-si-palatele-lor\\\/\"},\"author\":{\"name\":\"admin\",\"@id\":\"https:\\\/\\\/www.lovendal.ro\\\/wp52\\\/#\\\/schema\\\/person\\\/088691de5dfc346bb0c023e1e52ef5d9\"},\"headline\":\"O legend\u0103 rom\u00e2neasc\u0103 str\u0103veche ne vorbe\u015fte despre uria\u015fii din Br\u0103ila \u015fi palatele lor\",\"datePublished\":\"2025-12-04T19:17:10+00:00\",\"mainEntityOfPage\":{\"@id\":\"https:\\\/\\\/www.lovendal.ro\\\/wp52\\\/o-legenda-romaneasca-straveche-ne-vorbeste-despre-uriasii-din-braila-si-palatele-lor\\\/\"},\"wordCount\":313,\"publisher\":{\"@id\":\"https:\\\/\\\/www.lovendal.ro\\\/wp52\\\/#organization\"},\"image\":{\"@id\":\"https:\\\/\\\/www.lovendal.ro\\\/wp52\\\/o-legenda-romaneasca-straveche-ne-vorbeste-despre-uriasii-din-braila-si-palatele-lor\\\/#primaryimage\"},\"thumbnailUrl\":\"https:\\\/\\\/www.lovendal.ro\\\/wp52\\\/wp-content\\\/uploads\\\/2025\\\/12\\\/Braila-giganti.jpg\",\"keywords\":[\"bolovan\",\"Br\u0103ila\",\"cetate\",\"Dun\u0103re\",\"legend\u0103\",\"M\u0103cin\",\"palat\",\"Romania misterioas\u0103\",\"uria\u015fi\"],\"articleSection\":[\"Romania misterioasa\"],\"inLanguage\":\"ro-RO\"},{\"@type\":\"WebPage\",\"@id\":\"https:\\\/\\\/www.lovendal.ro\\\/wp52\\\/o-legenda-romaneasca-straveche-ne-vorbeste-despre-uriasii-din-braila-si-palatele-lor\\\/\",\"url\":\"https:\\\/\\\/www.lovendal.ro\\\/wp52\\\/o-legenda-romaneasca-straveche-ne-vorbeste-despre-uriasii-din-braila-si-palatele-lor\\\/\",\"name\":\"O legend\u0103 rom\u00e2neasc\u0103 str\u0103veche ne vorbe\u015fte despre uria\u015fii din Br\u0103ila \u015fi palatele lor - Secretele lui Lovendal\",\"isPartOf\":{\"@id\":\"https:\\\/\\\/www.lovendal.ro\\\/wp52\\\/#website\"},\"primaryImageOfPage\":{\"@id\":\"https:\\\/\\\/www.lovendal.ro\\\/wp52\\\/o-legenda-romaneasca-straveche-ne-vorbeste-despre-uriasii-din-braila-si-palatele-lor\\\/#primaryimage\"},\"image\":{\"@id\":\"https:\\\/\\\/www.lovendal.ro\\\/wp52\\\/o-legenda-romaneasca-straveche-ne-vorbeste-despre-uriasii-din-braila-si-palatele-lor\\\/#primaryimage\"},\"thumbnailUrl\":\"https:\\\/\\\/www.lovendal.ro\\\/wp52\\\/wp-content\\\/uploads\\\/2025\\\/12\\\/Braila-giganti.jpg\",\"datePublished\":\"2025-12-04T19:17:10+00:00\",\"breadcrumb\":{\"@id\":\"https:\\\/\\\/www.lovendal.ro\\\/wp52\\\/o-legenda-romaneasca-straveche-ne-vorbeste-despre-uriasii-din-braila-si-palatele-lor\\\/#breadcrumb\"},\"inLanguage\":\"ro-RO\",\"potentialAction\":[{\"@type\":\"ReadAction\",\"target\":[\"https:\\\/\\\/www.lovendal.ro\\\/wp52\\\/o-legenda-romaneasca-straveche-ne-vorbeste-despre-uriasii-din-braila-si-palatele-lor\\\/\"]}]},{\"@type\":\"ImageObject\",\"inLanguage\":\"ro-RO\",\"@id\":\"https:\\\/\\\/www.lovendal.ro\\\/wp52\\\/o-legenda-romaneasca-straveche-ne-vorbeste-despre-uriasii-din-braila-si-palatele-lor\\\/#primaryimage\",\"url\":\"https:\\\/\\\/www.lovendal.ro\\\/wp52\\\/wp-content\\\/uploads\\\/2025\\\/12\\\/Braila-giganti.jpg\",\"contentUrl\":\"https:\\\/\\\/www.lovendal.ro\\\/wp52\\\/wp-content\\\/uploads\\\/2025\\\/12\\\/Braila-giganti.jpg\",\"width\":358,\"height\":323,\"caption\":\"Imagine: generata de Microsoft Designer\"},{\"@type\":\"BreadcrumbList\",\"@id\":\"https:\\\/\\\/www.lovendal.ro\\\/wp52\\\/o-legenda-romaneasca-straveche-ne-vorbeste-despre-uriasii-din-braila-si-palatele-lor\\\/#breadcrumb\",\"itemListElement\":[{\"@type\":\"ListItem\",\"position\":1,\"name\":\"Home\",\"item\":\"https:\\\/\\\/www.lovendal.ro\\\/wp52\\\/\"},{\"@type\":\"ListItem\",\"position\":2,\"name\":\"O legend\u0103 rom\u00e2neasc\u0103 str\u0103veche ne vorbe\u015fte despre uria\u015fii din Br\u0103ila \u015fi palatele lor\"}]},{\"@type\":\"WebSite\",\"@id\":\"https:\\\/\\\/www.lovendal.ro\\\/wp52\\\/#website\",\"url\":\"https:\\\/\\\/www.lovendal.ro\\\/wp52\\\/\",\"name\":\"Secretele lui Lovendal\",\"description\":\"Site de secrete, stiinta si metafizica - din 2008 -\",\"publisher\":{\"@id\":\"https:\\\/\\\/www.lovendal.ro\\\/wp52\\\/#organization\"},\"potentialAction\":[{\"@type\":\"SearchAction\",\"target\":{\"@type\":\"EntryPoint\",\"urlTemplate\":\"https:\\\/\\\/www.lovendal.ro\\\/wp52\\\/?s={search_term_string}\"},\"query-input\":{\"@type\":\"PropertyValueSpecification\",\"valueRequired\":true,\"valueName\":\"search_term_string\"}}],\"inLanguage\":\"ro-RO\"},{\"@type\":\"Organization\",\"@id\":\"https:\\\/\\\/www.lovendal.ro\\\/wp52\\\/#organization\",\"name\":\"Secretele lui Lovendal\",\"url\":\"https:\\\/\\\/www.lovendal.ro\\\/wp52\\\/\",\"logo\":{\"@type\":\"ImageObject\",\"inLanguage\":\"ro-RO\",\"@id\":\"https:\\\/\\\/www.lovendal.ro\\\/wp52\\\/#\\\/schema\\\/logo\\\/image\\\/\",\"url\":\"https:\\\/\\\/www.lovendal.ro\\\/wp52\\\/wp-content\\\/uploads\\\/2024\\\/06\\\/cropped-SLL-iun-2024-1.jpg\",\"contentUrl\":\"https:\\\/\\\/www.lovendal.ro\\\/wp52\\\/wp-content\\\/uploads\\\/2024\\\/06\\\/cropped-SLL-iun-2024-1.jpg\",\"width\":771,\"height\":240,\"caption\":\"Secretele lui Lovendal\"},\"image\":{\"@id\":\"https:\\\/\\\/www.lovendal.ro\\\/wp52\\\/#\\\/schema\\\/logo\\\/image\\\/\"},\"sameAs\":[\"https:\\\/\\\/www.facebook.com\\\/secreteleluilovendal\"]},{\"@type\":\"Person\",\"@id\":\"https:\\\/\\\/www.lovendal.ro\\\/wp52\\\/#\\\/schema\\\/person\\\/088691de5dfc346bb0c023e1e52ef5d9\",\"name\":\"admin\",\"image\":{\"@type\":\"ImageObject\",\"inLanguage\":\"ro-RO\",\"@id\":\"https:\\\/\\\/secure.gravatar.com\\\/avatar\\\/ecb9cd41f5f63c9c9b989999a59f6e2639a865ec361e9db054db0679a8f341c2?s=96&d=mm&r=g\",\"url\":\"https:\\\/\\\/secure.gravatar.com\\\/avatar\\\/ecb9cd41f5f63c9c9b989999a59f6e2639a865ec361e9db054db0679a8f341c2?s=96&d=mm&r=g\",\"contentUrl\":\"https:\\\/\\\/secure.gravatar.com\\\/avatar\\\/ecb9cd41f5f63c9c9b989999a59f6e2639a865ec361e9db054db0679a8f341c2?s=96&d=mm&r=g\",\"caption\":\"admin\"},\"sameAs\":[\"https:\\\/\\\/www.lovendal.ro\\\/wp52\"]}]}<\/script>\n<!-- \/ Yoast SEO Premium plugin. -->","yoast_head_json":{"title":"O legend\u0103 rom\u00e2neasc\u0103 str\u0103veche ne vorbe\u015fte despre uria\u015fii din Br\u0103ila \u015fi palatele lor - Secretele lui Lovendal","robots":{"index":"index","follow":"follow","max-snippet":"max-snippet:-1","max-image-preview":"max-image-preview:large","max-video-preview":"max-video-preview:-1"},"canonical":"https:\/\/www.lovendal.ro\/wp52\/o-legenda-romaneasca-straveche-ne-vorbeste-despre-uriasii-din-braila-si-palatele-lor\/","og_locale":"ro_RO","og_type":"article","og_title":"O legend\u0103 rom\u00e2neasc\u0103 str\u0103veche ne vorbe\u015fte despre uria\u015fii din Br\u0103ila \u015fi palatele lor","og_description":"\u00centr-o conferin\u0163\u0103 \u0163inut\u0103 la Br\u0103ila de c\u0103tre cercet\u0103torul rom\u00e2n G. Munteanu-Murgoci (la sf\u00e2r\u015fitul anilor 1920), afl\u0103m o legend\u0103 despre uria\u015fii din Br\u0103ila \u015fi fecioara din Igli\u0163a (Igli\u0163a este un fost sat, acum \u00eenglobat \u00een Comuna Turcoaia, jude\u0163ul Tulcea; l\u00e2ng\u0103 Igli\u0163a ... Cititi mai multe","og_url":"https:\/\/www.lovendal.ro\/wp52\/o-legenda-romaneasca-straveche-ne-vorbeste-despre-uriasii-din-braila-si-palatele-lor\/","og_site_name":"Secretele lui Lovendal","article_publisher":"https:\/\/www.facebook.com\/secreteleluilovendal","article_published_time":"2025-12-04T19:17:10+00:00","og_image":[{"width":358,"height":323,"url":"https:\/\/www.lovendal.ro\/wp52\/wp-content\/uploads\/2025\/12\/Braila-giganti.jpg","type":"image\/jpeg"}],"author":"admin","twitter_card":"summary_large_image","twitter_misc":{"Scris de":"admin","Timp estimat pentru citire":"2 minute"},"schema":{"@context":"https:\/\/schema.org","@graph":[{"@type":"Article","@id":"https:\/\/www.lovendal.ro\/wp52\/o-legenda-romaneasca-straveche-ne-vorbeste-despre-uriasii-din-braila-si-palatele-lor\/#article","isPartOf":{"@id":"https:\/\/www.lovendal.ro\/wp52\/o-legenda-romaneasca-straveche-ne-vorbeste-despre-uriasii-din-braila-si-palatele-lor\/"},"author":{"name":"admin","@id":"https:\/\/www.lovendal.ro\/wp52\/#\/schema\/person\/088691de5dfc346bb0c023e1e52ef5d9"},"headline":"O legend\u0103 rom\u00e2neasc\u0103 str\u0103veche ne vorbe\u015fte despre uria\u015fii din Br\u0103ila \u015fi palatele lor","datePublished":"2025-12-04T19:17:10+00:00","mainEntityOfPage":{"@id":"https:\/\/www.lovendal.ro\/wp52\/o-legenda-romaneasca-straveche-ne-vorbeste-despre-uriasii-din-braila-si-palatele-lor\/"},"wordCount":313,"publisher":{"@id":"https:\/\/www.lovendal.ro\/wp52\/#organization"},"image":{"@id":"https:\/\/www.lovendal.ro\/wp52\/o-legenda-romaneasca-straveche-ne-vorbeste-despre-uriasii-din-braila-si-palatele-lor\/#primaryimage"},"thumbnailUrl":"https:\/\/www.lovendal.ro\/wp52\/wp-content\/uploads\/2025\/12\/Braila-giganti.jpg","keywords":["bolovan","Br\u0103ila","cetate","Dun\u0103re","legend\u0103","M\u0103cin","palat","Romania misterioas\u0103","uria\u015fi"],"articleSection":["Romania misterioasa"],"inLanguage":"ro-RO"},{"@type":"WebPage","@id":"https:\/\/www.lovendal.ro\/wp52\/o-legenda-romaneasca-straveche-ne-vorbeste-despre-uriasii-din-braila-si-palatele-lor\/","url":"https:\/\/www.lovendal.ro\/wp52\/o-legenda-romaneasca-straveche-ne-vorbeste-despre-uriasii-din-braila-si-palatele-lor\/","name":"O legend\u0103 rom\u00e2neasc\u0103 str\u0103veche ne vorbe\u015fte despre uria\u015fii din Br\u0103ila \u015fi palatele lor - Secretele lui Lovendal","isPartOf":{"@id":"https:\/\/www.lovendal.ro\/wp52\/#website"},"primaryImageOfPage":{"@id":"https:\/\/www.lovendal.ro\/wp52\/o-legenda-romaneasca-straveche-ne-vorbeste-despre-uriasii-din-braila-si-palatele-lor\/#primaryimage"},"image":{"@id":"https:\/\/www.lovendal.ro\/wp52\/o-legenda-romaneasca-straveche-ne-vorbeste-despre-uriasii-din-braila-si-palatele-lor\/#primaryimage"},"thumbnailUrl":"https:\/\/www.lovendal.ro\/wp52\/wp-content\/uploads\/2025\/12\/Braila-giganti.jpg","datePublished":"2025-12-04T19:17:10+00:00","breadcrumb":{"@id":"https:\/\/www.lovendal.ro\/wp52\/o-legenda-romaneasca-straveche-ne-vorbeste-despre-uriasii-din-braila-si-palatele-lor\/#breadcrumb"},"inLanguage":"ro-RO","potentialAction":[{"@type":"ReadAction","target":["https:\/\/www.lovendal.ro\/wp52\/o-legenda-romaneasca-straveche-ne-vorbeste-despre-uriasii-din-braila-si-palatele-lor\/"]}]},{"@type":"ImageObject","inLanguage":"ro-RO","@id":"https:\/\/www.lovendal.ro\/wp52\/o-legenda-romaneasca-straveche-ne-vorbeste-despre-uriasii-din-braila-si-palatele-lor\/#primaryimage","url":"https:\/\/www.lovendal.ro\/wp52\/wp-content\/uploads\/2025\/12\/Braila-giganti.jpg","contentUrl":"https:\/\/www.lovendal.ro\/wp52\/wp-content\/uploads\/2025\/12\/Braila-giganti.jpg","width":358,"height":323,"caption":"Imagine: generata de Microsoft Designer"},{"@type":"BreadcrumbList","@id":"https:\/\/www.lovendal.ro\/wp52\/o-legenda-romaneasca-straveche-ne-vorbeste-despre-uriasii-din-braila-si-palatele-lor\/#breadcrumb","itemListElement":[{"@type":"ListItem","position":1,"name":"Home","item":"https:\/\/www.lovendal.ro\/wp52\/"},{"@type":"ListItem","position":2,"name":"O legend\u0103 rom\u00e2neasc\u0103 str\u0103veche ne vorbe\u015fte despre uria\u015fii din Br\u0103ila \u015fi palatele lor"}]},{"@type":"WebSite","@id":"https:\/\/www.lovendal.ro\/wp52\/#website","url":"https:\/\/www.lovendal.ro\/wp52\/","name":"Secretele lui Lovendal","description":"Site de secrete, stiinta si metafizica - din 2008 -","publisher":{"@id":"https:\/\/www.lovendal.ro\/wp52\/#organization"},"potentialAction":[{"@type":"SearchAction","target":{"@type":"EntryPoint","urlTemplate":"https:\/\/www.lovendal.ro\/wp52\/?s={search_term_string}"},"query-input":{"@type":"PropertyValueSpecification","valueRequired":true,"valueName":"search_term_string"}}],"inLanguage":"ro-RO"},{"@type":"Organization","@id":"https:\/\/www.lovendal.ro\/wp52\/#organization","name":"Secretele lui Lovendal","url":"https:\/\/www.lovendal.ro\/wp52\/","logo":{"@type":"ImageObject","inLanguage":"ro-RO","@id":"https:\/\/www.lovendal.ro\/wp52\/#\/schema\/logo\/image\/","url":"https:\/\/www.lovendal.ro\/wp52\/wp-content\/uploads\/2024\/06\/cropped-SLL-iun-2024-1.jpg","contentUrl":"https:\/\/www.lovendal.ro\/wp52\/wp-content\/uploads\/2024\/06\/cropped-SLL-iun-2024-1.jpg","width":771,"height":240,"caption":"Secretele lui Lovendal"},"image":{"@id":"https:\/\/www.lovendal.ro\/wp52\/#\/schema\/logo\/image\/"},"sameAs":["https:\/\/www.facebook.com\/secreteleluilovendal"]},{"@type":"Person","@id":"https:\/\/www.lovendal.ro\/wp52\/#\/schema\/person\/088691de5dfc346bb0c023e1e52ef5d9","name":"admin","image":{"@type":"ImageObject","inLanguage":"ro-RO","@id":"https:\/\/secure.gravatar.com\/avatar\/ecb9cd41f5f63c9c9b989999a59f6e2639a865ec361e9db054db0679a8f341c2?s=96&d=mm&r=g","url":"https:\/\/secure.gravatar.com\/avatar\/ecb9cd41f5f63c9c9b989999a59f6e2639a865ec361e9db054db0679a8f341c2?s=96&d=mm&r=g","contentUrl":"https:\/\/secure.gravatar.com\/avatar\/ecb9cd41f5f63c9c9b989999a59f6e2639a865ec361e9db054db0679a8f341c2?s=96&d=mm&r=g","caption":"admin"},"sameAs":["https:\/\/www.lovendal.ro\/wp52"]}]}},"_links":{"self":[{"href":"https:\/\/www.lovendal.ro\/wp52\/wp-json\/wp\/v2\/posts\/100915","targetHints":{"allow":["GET"]}}],"collection":[{"href":"https:\/\/www.lovendal.ro\/wp52\/wp-json\/wp\/v2\/posts"}],"about":[{"href":"https:\/\/www.lovendal.ro\/wp52\/wp-json\/wp\/v2\/types\/post"}],"author":[{"embeddable":true,"href":"https:\/\/www.lovendal.ro\/wp52\/wp-json\/wp\/v2\/users\/1"}],"replies":[{"embeddable":true,"href":"https:\/\/www.lovendal.ro\/wp52\/wp-json\/wp\/v2\/comments?post=100915"}],"version-history":[{"count":1,"href":"https:\/\/www.lovendal.ro\/wp52\/wp-json\/wp\/v2\/posts\/100915\/revisions"}],"predecessor-version":[{"id":100917,"href":"https:\/\/www.lovendal.ro\/wp52\/wp-json\/wp\/v2\/posts\/100915\/revisions\/100917"}],"wp:featuredmedia":[{"embeddable":true,"href":"https:\/\/www.lovendal.ro\/wp52\/wp-json\/wp\/v2\/media\/100916"}],"wp:attachment":[{"href":"https:\/\/www.lovendal.ro\/wp52\/wp-json\/wp\/v2\/media?parent=100915"}],"wp:term":[{"taxonomy":"category","embeddable":true,"href":"https:\/\/www.lovendal.ro\/wp52\/wp-json\/wp\/v2\/categories?post=100915"},{"taxonomy":"post_tag","embeddable":true,"href":"https:\/\/www.lovendal.ro\/wp52\/wp-json\/wp\/v2\/tags?post=100915"}],"curies":[{"name":"wp","href":"https:\/\/api.w.org\/{rel}","templated":true}]}}