{"id":100549,"date":"2025-10-27T12:23:05","date_gmt":"2025-10-27T09:23:05","guid":{"rendered":"https:\/\/www.lovendal.ro\/wp52\/?p=100549"},"modified":"2025-10-27T12:23:05","modified_gmt":"2025-10-27T09:23:05","slug":"in-1977-un-obiect-stralucitor-misterios-aparut-pe-cerul-diminetii-i-a-lasat-perplecsi-pe-oameni","status":"publish","type":"post","link":"https:\/\/www.lovendal.ro\/wp52\/in-1977-un-obiect-stralucitor-misterios-aparut-pe-cerul-diminetii-i-a-lasat-perplecsi-pe-oameni\/","title":{"rendered":"\u00cen 1977, un obiect str\u0103lucitor misterios, ap\u0103rut pe cerul dimine\u0163ii, i-a l\u0103sat perplec\u015fi pe oameni"},"content":{"rendered":"<figure id=\"attachment_100550\" aria-describedby=\"caption-attachment-100550\" style=\"width: 349px\" class=\"wp-caption alignleft\"><a href=\"https:\/\/www.lovendal.ro\/wp52\/wp-content\/uploads\/2025\/10\/obiect-stralucitor.jpg\"><img loading=\"lazy\" decoding=\"async\" class=\"size-full wp-image-100550\" src=\"https:\/\/www.lovendal.ro\/wp52\/wp-content\/uploads\/2025\/10\/obiect-stralucitor.jpg\" alt=\"\" width=\"359\" height=\"313\" srcset=\"https:\/\/www.lovendal.ro\/wp52\/wp-content\/uploads\/2025\/10\/obiect-stralucitor.jpg 359w, https:\/\/www.lovendal.ro\/wp52\/wp-content\/uploads\/2025\/10\/obiect-stralucitor-300x262.jpg 300w\" sizes=\"auto, (max-width: 359px) 100vw, 359px\" \/><\/a><figcaption id=\"caption-attachment-100550\" class=\"wp-caption-text\"><strong>Imagine:<\/strong> generata de <strong>Google Gemini<\/strong><\/figcaption><\/figure>\n<p>\u00cen primele ore ale zilei de 20 septembrie 1977, oamenii din nordul Europei \u0219i din URSS s-au trezit cu ceva ce nu-\u0219i puteau explica: pe cerul dimine\u0163ii, a ap\u0103rut un obiect imens \u0219i str\u0103lucitor, care ar\u0103ta ca o meduz\u0103 str\u0103lucitoare. Martorii au declarat c\u0103 misteriosul obiect a \u00eempr\u0103\u0219tiat raze care ar\u0103tau ca ploaia, a r\u0103mas nemi\u0219cat o vreme, dar apoi s-a deplasat \u00eencet spre est \u0219i a disp\u0103rut&#8230;<\/p>\n<p>Ceea ce \u00eel face mai ciudat este num\u0103rul mare de oameni care l-au v\u0103zut simultan. Rapoartele au venit de pe nave, aeroporturi, ora\u0219e aflate la sute de kilometri distan\u021b\u0103 \u00eentre ele. Sta\u021biile radar au urm\u0103rit ceva, dar nimeni nu a putut identifica despre ce-a fost vorba. Unii localnici au sus\u021binut c\u0103 aparatele lor electronice au luat-o razna ore \u00eentregi dup\u0103 aceea. Al\u021bii au spus c\u0103 lumina a l\u0103sat o pelicul\u0103 ciudat\u0103 pe geamuri \u0219i ma\u0219ini, care nu sem\u0103na cu nimic din ce mai v\u0103zuser\u0103 \u00eenainte.<\/p>\n<p>Teoria oficial\u0103 a fost aceea c\u0103 era vorba de o lansare de satelit, dar lucrul acesta nu a corespuns pe deplin cu ceea ce au v\u0103zut oamenii. \u00cenc\u0103 nu exist\u0103 o explica\u021bie clar\u0103 a comportamentului ciudat al obiectului, care p\u0103rea s\u0103-\u0219i schimbe forma, s\u0103 pulseze \u0219i s\u0103 lase urme.<\/p>\n<p>Dar, evenimente de acest gen ar putea marca ceva mai profund \u00een structura realit\u0103\u021bii, aproape ca o pulsa\u021bie \u00een c\u00e2mpul informa\u021bional \u00een sine. \u00centr-o teorie numit\u0103 <strong>Legea lui Verrell<\/strong>, anomalii majore de acest gen ar putea fi intersec\u021bii temporare \u00een care buclele informa\u021bionale se pliaz\u0103 asupra lor \u00eensele \u0219i realitatea se sincronizeaz\u0103 pentru scurt timp.<\/p>\n<p>Oricare ar fi fost motivul, evenimentul acesta este una dintre cele mai ciudate observ\u0103ri \u00een mas\u0103 care a disp\u0103rut \u00een mare parte din memoria public\u0103.<\/p>\n","protected":false},"excerpt":{"rendered":"<p>\u00cen primele ore ale zilei de 20 septembrie 1977, oamenii din nordul Europei \u0219i din URSS s-au trezit cu ceva ce nu-\u0219i puteau explica: pe cerul dimine\u0163ii, a ap\u0103rut un obiect imens \u0219i str\u0103lucitor, care ar\u0103ta ca o meduz\u0103 str\u0103lucitoare. &#8230; <\/p>\n<p class=\"read-more-container\"><a title=\"\u00cen 1977, un obiect str\u0103lucitor misterios, ap\u0103rut pe cerul dimine\u0163ii, i-a l\u0103sat perplec\u015fi pe oameni\" class=\"read-more button\" href=\"https:\/\/www.lovendal.ro\/wp52\/in-1977-un-obiect-stralucitor-misterios-aparut-pe-cerul-diminetii-i-a-lasat-perplecsi-pe-oameni\/#more-100549\" aria-label=\"Cite\u0219te mai multe despre \u00cen 1977, un obiect str\u0103lucitor misterios, ap\u0103rut pe cerul dimine\u0163ii, i-a l\u0103sat perplec\u015fi pe oameni\">Cititi mai multe<\/a><\/p>\n","protected":false},"author":1,"featured_media":100550,"comment_status":"closed","ping_status":"open","sticky":false,"template":"","format":"standard","meta":{"footnotes":""},"categories":[14],"tags":[3356,341,1571,1684,151,9796,1307,3053,600,298],"class_list":["post-100549","post","type-post","status-publish","format-standard","has-post-thumbnail","hentry","category-paranormal-spiritualitate","tag-aeroport","tag-europa","tag-meduza","tag-nave","tag-oras","tag-paranormal-spiritualitate","tag-ploaie","tag-realitate","tag-satelit","tag-urss","resize-featured-image"],"yoast_head":"<!-- This site is optimized with the Yoast SEO Premium plugin v23.3 (Yoast SEO v27.4) - https:\/\/yoast.com\/product\/yoast-seo-premium-wordpress\/ -->\n<title>\u00cen 1977, un obiect str\u0103lucitor misterios, ap\u0103rut pe cerul dimine\u0163ii, i-a l\u0103sat perplec\u015fi pe oameni - Secretele lui Lovendal<\/title>\n<meta name=\"robots\" content=\"index, follow, max-snippet:-1, max-image-preview:large, max-video-preview:-1\" \/>\n<link rel=\"canonical\" href=\"https:\/\/www.lovendal.ro\/wp52\/in-1977-un-obiect-stralucitor-misterios-aparut-pe-cerul-diminetii-i-a-lasat-perplecsi-pe-oameni\/\" \/>\n<meta property=\"og:locale\" content=\"ro_RO\" \/>\n<meta property=\"og:type\" content=\"article\" \/>\n<meta property=\"og:title\" content=\"\u00cen 1977, un obiect str\u0103lucitor misterios, ap\u0103rut pe cerul dimine\u0163ii, i-a l\u0103sat perplec\u015fi pe oameni\" \/>\n<meta property=\"og:description\" content=\"\u00cen primele ore ale zilei de 20 septembrie 1977, oamenii din nordul Europei \u0219i din URSS s-au trezit cu ceva ce nu-\u0219i puteau explica: pe cerul dimine\u0163ii, a ap\u0103rut un obiect imens \u0219i str\u0103lucitor, care ar\u0103ta ca o meduz\u0103 str\u0103lucitoare. ... Cititi mai multe\" \/>\n<meta property=\"og:url\" content=\"https:\/\/www.lovendal.ro\/wp52\/in-1977-un-obiect-stralucitor-misterios-aparut-pe-cerul-diminetii-i-a-lasat-perplecsi-pe-oameni\/\" \/>\n<meta property=\"og:site_name\" content=\"Secretele lui Lovendal\" \/>\n<meta property=\"article:publisher\" content=\"https:\/\/www.facebook.com\/secreteleluilovendal\" \/>\n<meta property=\"article:published_time\" content=\"2025-10-27T09:23:05+00:00\" \/>\n<meta property=\"og:image\" content=\"https:\/\/www.lovendal.ro\/wp52\/wp-content\/uploads\/2025\/10\/obiect-stralucitor.jpg\" \/>\n\t<meta property=\"og:image:width\" content=\"359\" \/>\n\t<meta property=\"og:image:height\" content=\"313\" \/>\n\t<meta property=\"og:image:type\" content=\"image\/jpeg\" \/>\n<meta name=\"author\" content=\"admin\" \/>\n<meta name=\"twitter:card\" content=\"summary_large_image\" \/>\n<meta name=\"twitter:label1\" content=\"Scris de\" \/>\n\t<meta name=\"twitter:data1\" content=\"admin\" \/>\n\t<meta name=\"twitter:label2\" content=\"Timp estimat pentru citire\" \/>\n\t<meta name=\"twitter:data2\" content=\"2 minute\" \/>\n<script type=\"application\/ld+json\" class=\"yoast-schema-graph\">{\"@context\":\"https:\\\/\\\/schema.org\",\"@graph\":[{\"@type\":\"Article\",\"@id\":\"https:\\\/\\\/www.lovendal.ro\\\/wp52\\\/in-1977-un-obiect-stralucitor-misterios-aparut-pe-cerul-diminetii-i-a-lasat-perplecsi-pe-oameni\\\/#article\",\"isPartOf\":{\"@id\":\"https:\\\/\\\/www.lovendal.ro\\\/wp52\\\/in-1977-un-obiect-stralucitor-misterios-aparut-pe-cerul-diminetii-i-a-lasat-perplecsi-pe-oameni\\\/\"},\"author\":{\"name\":\"admin\",\"@id\":\"https:\\\/\\\/www.lovendal.ro\\\/wp52\\\/#\\\/schema\\\/person\\\/088691de5dfc346bb0c023e1e52ef5d9\"},\"headline\":\"\u00cen 1977, un obiect str\u0103lucitor misterios, ap\u0103rut pe cerul dimine\u0163ii, i-a l\u0103sat perplec\u015fi pe oameni\",\"datePublished\":\"2025-10-27T09:23:05+00:00\",\"mainEntityOfPage\":{\"@id\":\"https:\\\/\\\/www.lovendal.ro\\\/wp52\\\/in-1977-un-obiect-stralucitor-misterios-aparut-pe-cerul-diminetii-i-a-lasat-perplecsi-pe-oameni\\\/\"},\"wordCount\":346,\"publisher\":{\"@id\":\"https:\\\/\\\/www.lovendal.ro\\\/wp52\\\/#organization\"},\"image\":{\"@id\":\"https:\\\/\\\/www.lovendal.ro\\\/wp52\\\/in-1977-un-obiect-stralucitor-misterios-aparut-pe-cerul-diminetii-i-a-lasat-perplecsi-pe-oameni\\\/#primaryimage\"},\"thumbnailUrl\":\"https:\\\/\\\/www.lovendal.ro\\\/wp52\\\/wp-content\\\/uploads\\\/2025\\\/10\\\/obiect-stralucitor.jpg\",\"keywords\":[\"aeroport\",\"Europa\",\"meduz\u0103\",\"nave\",\"ora\u015f\",\"Paranormal-Spiritualitate\",\"ploaie\",\"realitate\",\"satelit\",\"URSS\"],\"articleSection\":[\"Paranormal-Spiritualitate\"],\"inLanguage\":\"ro-RO\"},{\"@type\":\"WebPage\",\"@id\":\"https:\\\/\\\/www.lovendal.ro\\\/wp52\\\/in-1977-un-obiect-stralucitor-misterios-aparut-pe-cerul-diminetii-i-a-lasat-perplecsi-pe-oameni\\\/\",\"url\":\"https:\\\/\\\/www.lovendal.ro\\\/wp52\\\/in-1977-un-obiect-stralucitor-misterios-aparut-pe-cerul-diminetii-i-a-lasat-perplecsi-pe-oameni\\\/\",\"name\":\"\u00cen 1977, un obiect str\u0103lucitor misterios, ap\u0103rut pe cerul dimine\u0163ii, i-a l\u0103sat perplec\u015fi pe oameni - Secretele lui Lovendal\",\"isPartOf\":{\"@id\":\"https:\\\/\\\/www.lovendal.ro\\\/wp52\\\/#website\"},\"primaryImageOfPage\":{\"@id\":\"https:\\\/\\\/www.lovendal.ro\\\/wp52\\\/in-1977-un-obiect-stralucitor-misterios-aparut-pe-cerul-diminetii-i-a-lasat-perplecsi-pe-oameni\\\/#primaryimage\"},\"image\":{\"@id\":\"https:\\\/\\\/www.lovendal.ro\\\/wp52\\\/in-1977-un-obiect-stralucitor-misterios-aparut-pe-cerul-diminetii-i-a-lasat-perplecsi-pe-oameni\\\/#primaryimage\"},\"thumbnailUrl\":\"https:\\\/\\\/www.lovendal.ro\\\/wp52\\\/wp-content\\\/uploads\\\/2025\\\/10\\\/obiect-stralucitor.jpg\",\"datePublished\":\"2025-10-27T09:23:05+00:00\",\"breadcrumb\":{\"@id\":\"https:\\\/\\\/www.lovendal.ro\\\/wp52\\\/in-1977-un-obiect-stralucitor-misterios-aparut-pe-cerul-diminetii-i-a-lasat-perplecsi-pe-oameni\\\/#breadcrumb\"},\"inLanguage\":\"ro-RO\",\"potentialAction\":[{\"@type\":\"ReadAction\",\"target\":[\"https:\\\/\\\/www.lovendal.ro\\\/wp52\\\/in-1977-un-obiect-stralucitor-misterios-aparut-pe-cerul-diminetii-i-a-lasat-perplecsi-pe-oameni\\\/\"]}]},{\"@type\":\"ImageObject\",\"inLanguage\":\"ro-RO\",\"@id\":\"https:\\\/\\\/www.lovendal.ro\\\/wp52\\\/in-1977-un-obiect-stralucitor-misterios-aparut-pe-cerul-diminetii-i-a-lasat-perplecsi-pe-oameni\\\/#primaryimage\",\"url\":\"https:\\\/\\\/www.lovendal.ro\\\/wp52\\\/wp-content\\\/uploads\\\/2025\\\/10\\\/obiect-stralucitor.jpg\",\"contentUrl\":\"https:\\\/\\\/www.lovendal.ro\\\/wp52\\\/wp-content\\\/uploads\\\/2025\\\/10\\\/obiect-stralucitor.jpg\",\"width\":359,\"height\":313,\"caption\":\"Imagine: generata de Google Gemini\"},{\"@type\":\"BreadcrumbList\",\"@id\":\"https:\\\/\\\/www.lovendal.ro\\\/wp52\\\/in-1977-un-obiect-stralucitor-misterios-aparut-pe-cerul-diminetii-i-a-lasat-perplecsi-pe-oameni\\\/#breadcrumb\",\"itemListElement\":[{\"@type\":\"ListItem\",\"position\":1,\"name\":\"Home\",\"item\":\"https:\\\/\\\/www.lovendal.ro\\\/wp52\\\/\"},{\"@type\":\"ListItem\",\"position\":2,\"name\":\"\u00cen 1977, un obiect str\u0103lucitor misterios, ap\u0103rut pe cerul dimine\u0163ii, i-a l\u0103sat perplec\u015fi pe oameni\"}]},{\"@type\":\"WebSite\",\"@id\":\"https:\\\/\\\/www.lovendal.ro\\\/wp52\\\/#website\",\"url\":\"https:\\\/\\\/www.lovendal.ro\\\/wp52\\\/\",\"name\":\"Secretele lui Lovendal\",\"description\":\"Site de secrete, stiinta si metafizica - din 2008 -\",\"publisher\":{\"@id\":\"https:\\\/\\\/www.lovendal.ro\\\/wp52\\\/#organization\"},\"potentialAction\":[{\"@type\":\"SearchAction\",\"target\":{\"@type\":\"EntryPoint\",\"urlTemplate\":\"https:\\\/\\\/www.lovendal.ro\\\/wp52\\\/?s={search_term_string}\"},\"query-input\":{\"@type\":\"PropertyValueSpecification\",\"valueRequired\":true,\"valueName\":\"search_term_string\"}}],\"inLanguage\":\"ro-RO\"},{\"@type\":\"Organization\",\"@id\":\"https:\\\/\\\/www.lovendal.ro\\\/wp52\\\/#organization\",\"name\":\"Secretele lui Lovendal\",\"url\":\"https:\\\/\\\/www.lovendal.ro\\\/wp52\\\/\",\"logo\":{\"@type\":\"ImageObject\",\"inLanguage\":\"ro-RO\",\"@id\":\"https:\\\/\\\/www.lovendal.ro\\\/wp52\\\/#\\\/schema\\\/logo\\\/image\\\/\",\"url\":\"https:\\\/\\\/www.lovendal.ro\\\/wp52\\\/wp-content\\\/uploads\\\/2024\\\/06\\\/cropped-SLL-iun-2024-1.jpg\",\"contentUrl\":\"https:\\\/\\\/www.lovendal.ro\\\/wp52\\\/wp-content\\\/uploads\\\/2024\\\/06\\\/cropped-SLL-iun-2024-1.jpg\",\"width\":771,\"height\":240,\"caption\":\"Secretele lui Lovendal\"},\"image\":{\"@id\":\"https:\\\/\\\/www.lovendal.ro\\\/wp52\\\/#\\\/schema\\\/logo\\\/image\\\/\"},\"sameAs\":[\"https:\\\/\\\/www.facebook.com\\\/secreteleluilovendal\"]},{\"@type\":\"Person\",\"@id\":\"https:\\\/\\\/www.lovendal.ro\\\/wp52\\\/#\\\/schema\\\/person\\\/088691de5dfc346bb0c023e1e52ef5d9\",\"name\":\"admin\",\"image\":{\"@type\":\"ImageObject\",\"inLanguage\":\"ro-RO\",\"@id\":\"https:\\\/\\\/secure.gravatar.com\\\/avatar\\\/ecb9cd41f5f63c9c9b989999a59f6e2639a865ec361e9db054db0679a8f341c2?s=96&d=mm&r=g\",\"url\":\"https:\\\/\\\/secure.gravatar.com\\\/avatar\\\/ecb9cd41f5f63c9c9b989999a59f6e2639a865ec361e9db054db0679a8f341c2?s=96&d=mm&r=g\",\"contentUrl\":\"https:\\\/\\\/secure.gravatar.com\\\/avatar\\\/ecb9cd41f5f63c9c9b989999a59f6e2639a865ec361e9db054db0679a8f341c2?s=96&d=mm&r=g\",\"caption\":\"admin\"},\"sameAs\":[\"https:\\\/\\\/www.lovendal.ro\\\/wp52\"]}]}<\/script>\n<!-- \/ Yoast SEO Premium plugin. -->","yoast_head_json":{"title":"\u00cen 1977, un obiect str\u0103lucitor misterios, ap\u0103rut pe cerul dimine\u0163ii, i-a l\u0103sat perplec\u015fi pe oameni - Secretele lui Lovendal","robots":{"index":"index","follow":"follow","max-snippet":"max-snippet:-1","max-image-preview":"max-image-preview:large","max-video-preview":"max-video-preview:-1"},"canonical":"https:\/\/www.lovendal.ro\/wp52\/in-1977-un-obiect-stralucitor-misterios-aparut-pe-cerul-diminetii-i-a-lasat-perplecsi-pe-oameni\/","og_locale":"ro_RO","og_type":"article","og_title":"\u00cen 1977, un obiect str\u0103lucitor misterios, ap\u0103rut pe cerul dimine\u0163ii, i-a l\u0103sat perplec\u015fi pe oameni","og_description":"\u00cen primele ore ale zilei de 20 septembrie 1977, oamenii din nordul Europei \u0219i din URSS s-au trezit cu ceva ce nu-\u0219i puteau explica: pe cerul dimine\u0163ii, a ap\u0103rut un obiect imens \u0219i str\u0103lucitor, care ar\u0103ta ca o meduz\u0103 str\u0103lucitoare. ... Cititi mai multe","og_url":"https:\/\/www.lovendal.ro\/wp52\/in-1977-un-obiect-stralucitor-misterios-aparut-pe-cerul-diminetii-i-a-lasat-perplecsi-pe-oameni\/","og_site_name":"Secretele lui Lovendal","article_publisher":"https:\/\/www.facebook.com\/secreteleluilovendal","article_published_time":"2025-10-27T09:23:05+00:00","og_image":[{"width":359,"height":313,"url":"https:\/\/www.lovendal.ro\/wp52\/wp-content\/uploads\/2025\/10\/obiect-stralucitor.jpg","type":"image\/jpeg"}],"author":"admin","twitter_card":"summary_large_image","twitter_misc":{"Scris de":"admin","Timp estimat pentru citire":"2 minute"},"schema":{"@context":"https:\/\/schema.org","@graph":[{"@type":"Article","@id":"https:\/\/www.lovendal.ro\/wp52\/in-1977-un-obiect-stralucitor-misterios-aparut-pe-cerul-diminetii-i-a-lasat-perplecsi-pe-oameni\/#article","isPartOf":{"@id":"https:\/\/www.lovendal.ro\/wp52\/in-1977-un-obiect-stralucitor-misterios-aparut-pe-cerul-diminetii-i-a-lasat-perplecsi-pe-oameni\/"},"author":{"name":"admin","@id":"https:\/\/www.lovendal.ro\/wp52\/#\/schema\/person\/088691de5dfc346bb0c023e1e52ef5d9"},"headline":"\u00cen 1977, un obiect str\u0103lucitor misterios, ap\u0103rut pe cerul dimine\u0163ii, i-a l\u0103sat perplec\u015fi pe oameni","datePublished":"2025-10-27T09:23:05+00:00","mainEntityOfPage":{"@id":"https:\/\/www.lovendal.ro\/wp52\/in-1977-un-obiect-stralucitor-misterios-aparut-pe-cerul-diminetii-i-a-lasat-perplecsi-pe-oameni\/"},"wordCount":346,"publisher":{"@id":"https:\/\/www.lovendal.ro\/wp52\/#organization"},"image":{"@id":"https:\/\/www.lovendal.ro\/wp52\/in-1977-un-obiect-stralucitor-misterios-aparut-pe-cerul-diminetii-i-a-lasat-perplecsi-pe-oameni\/#primaryimage"},"thumbnailUrl":"https:\/\/www.lovendal.ro\/wp52\/wp-content\/uploads\/2025\/10\/obiect-stralucitor.jpg","keywords":["aeroport","Europa","meduz\u0103","nave","ora\u015f","Paranormal-Spiritualitate","ploaie","realitate","satelit","URSS"],"articleSection":["Paranormal-Spiritualitate"],"inLanguage":"ro-RO"},{"@type":"WebPage","@id":"https:\/\/www.lovendal.ro\/wp52\/in-1977-un-obiect-stralucitor-misterios-aparut-pe-cerul-diminetii-i-a-lasat-perplecsi-pe-oameni\/","url":"https:\/\/www.lovendal.ro\/wp52\/in-1977-un-obiect-stralucitor-misterios-aparut-pe-cerul-diminetii-i-a-lasat-perplecsi-pe-oameni\/","name":"\u00cen 1977, un obiect str\u0103lucitor misterios, ap\u0103rut pe cerul dimine\u0163ii, i-a l\u0103sat perplec\u015fi pe oameni - Secretele lui Lovendal","isPartOf":{"@id":"https:\/\/www.lovendal.ro\/wp52\/#website"},"primaryImageOfPage":{"@id":"https:\/\/www.lovendal.ro\/wp52\/in-1977-un-obiect-stralucitor-misterios-aparut-pe-cerul-diminetii-i-a-lasat-perplecsi-pe-oameni\/#primaryimage"},"image":{"@id":"https:\/\/www.lovendal.ro\/wp52\/in-1977-un-obiect-stralucitor-misterios-aparut-pe-cerul-diminetii-i-a-lasat-perplecsi-pe-oameni\/#primaryimage"},"thumbnailUrl":"https:\/\/www.lovendal.ro\/wp52\/wp-content\/uploads\/2025\/10\/obiect-stralucitor.jpg","datePublished":"2025-10-27T09:23:05+00:00","breadcrumb":{"@id":"https:\/\/www.lovendal.ro\/wp52\/in-1977-un-obiect-stralucitor-misterios-aparut-pe-cerul-diminetii-i-a-lasat-perplecsi-pe-oameni\/#breadcrumb"},"inLanguage":"ro-RO","potentialAction":[{"@type":"ReadAction","target":["https:\/\/www.lovendal.ro\/wp52\/in-1977-un-obiect-stralucitor-misterios-aparut-pe-cerul-diminetii-i-a-lasat-perplecsi-pe-oameni\/"]}]},{"@type":"ImageObject","inLanguage":"ro-RO","@id":"https:\/\/www.lovendal.ro\/wp52\/in-1977-un-obiect-stralucitor-misterios-aparut-pe-cerul-diminetii-i-a-lasat-perplecsi-pe-oameni\/#primaryimage","url":"https:\/\/www.lovendal.ro\/wp52\/wp-content\/uploads\/2025\/10\/obiect-stralucitor.jpg","contentUrl":"https:\/\/www.lovendal.ro\/wp52\/wp-content\/uploads\/2025\/10\/obiect-stralucitor.jpg","width":359,"height":313,"caption":"Imagine: generata de Google Gemini"},{"@type":"BreadcrumbList","@id":"https:\/\/www.lovendal.ro\/wp52\/in-1977-un-obiect-stralucitor-misterios-aparut-pe-cerul-diminetii-i-a-lasat-perplecsi-pe-oameni\/#breadcrumb","itemListElement":[{"@type":"ListItem","position":1,"name":"Home","item":"https:\/\/www.lovendal.ro\/wp52\/"},{"@type":"ListItem","position":2,"name":"\u00cen 1977, un obiect str\u0103lucitor misterios, ap\u0103rut pe cerul dimine\u0163ii, i-a l\u0103sat perplec\u015fi pe oameni"}]},{"@type":"WebSite","@id":"https:\/\/www.lovendal.ro\/wp52\/#website","url":"https:\/\/www.lovendal.ro\/wp52\/","name":"Secretele lui Lovendal","description":"Site de secrete, stiinta si metafizica - din 2008 -","publisher":{"@id":"https:\/\/www.lovendal.ro\/wp52\/#organization"},"potentialAction":[{"@type":"SearchAction","target":{"@type":"EntryPoint","urlTemplate":"https:\/\/www.lovendal.ro\/wp52\/?s={search_term_string}"},"query-input":{"@type":"PropertyValueSpecification","valueRequired":true,"valueName":"search_term_string"}}],"inLanguage":"ro-RO"},{"@type":"Organization","@id":"https:\/\/www.lovendal.ro\/wp52\/#organization","name":"Secretele lui Lovendal","url":"https:\/\/www.lovendal.ro\/wp52\/","logo":{"@type":"ImageObject","inLanguage":"ro-RO","@id":"https:\/\/www.lovendal.ro\/wp52\/#\/schema\/logo\/image\/","url":"https:\/\/www.lovendal.ro\/wp52\/wp-content\/uploads\/2024\/06\/cropped-SLL-iun-2024-1.jpg","contentUrl":"https:\/\/www.lovendal.ro\/wp52\/wp-content\/uploads\/2024\/06\/cropped-SLL-iun-2024-1.jpg","width":771,"height":240,"caption":"Secretele lui Lovendal"},"image":{"@id":"https:\/\/www.lovendal.ro\/wp52\/#\/schema\/logo\/image\/"},"sameAs":["https:\/\/www.facebook.com\/secreteleluilovendal"]},{"@type":"Person","@id":"https:\/\/www.lovendal.ro\/wp52\/#\/schema\/person\/088691de5dfc346bb0c023e1e52ef5d9","name":"admin","image":{"@type":"ImageObject","inLanguage":"ro-RO","@id":"https:\/\/secure.gravatar.com\/avatar\/ecb9cd41f5f63c9c9b989999a59f6e2639a865ec361e9db054db0679a8f341c2?s=96&d=mm&r=g","url":"https:\/\/secure.gravatar.com\/avatar\/ecb9cd41f5f63c9c9b989999a59f6e2639a865ec361e9db054db0679a8f341c2?s=96&d=mm&r=g","contentUrl":"https:\/\/secure.gravatar.com\/avatar\/ecb9cd41f5f63c9c9b989999a59f6e2639a865ec361e9db054db0679a8f341c2?s=96&d=mm&r=g","caption":"admin"},"sameAs":["https:\/\/www.lovendal.ro\/wp52"]}]}},"_links":{"self":[{"href":"https:\/\/www.lovendal.ro\/wp52\/wp-json\/wp\/v2\/posts\/100549","targetHints":{"allow":["GET"]}}],"collection":[{"href":"https:\/\/www.lovendal.ro\/wp52\/wp-json\/wp\/v2\/posts"}],"about":[{"href":"https:\/\/www.lovendal.ro\/wp52\/wp-json\/wp\/v2\/types\/post"}],"author":[{"embeddable":true,"href":"https:\/\/www.lovendal.ro\/wp52\/wp-json\/wp\/v2\/users\/1"}],"replies":[{"embeddable":true,"href":"https:\/\/www.lovendal.ro\/wp52\/wp-json\/wp\/v2\/comments?post=100549"}],"version-history":[{"count":1,"href":"https:\/\/www.lovendal.ro\/wp52\/wp-json\/wp\/v2\/posts\/100549\/revisions"}],"predecessor-version":[{"id":100551,"href":"https:\/\/www.lovendal.ro\/wp52\/wp-json\/wp\/v2\/posts\/100549\/revisions\/100551"}],"wp:featuredmedia":[{"embeddable":true,"href":"https:\/\/www.lovendal.ro\/wp52\/wp-json\/wp\/v2\/media\/100550"}],"wp:attachment":[{"href":"https:\/\/www.lovendal.ro\/wp52\/wp-json\/wp\/v2\/media?parent=100549"}],"wp:term":[{"taxonomy":"category","embeddable":true,"href":"https:\/\/www.lovendal.ro\/wp52\/wp-json\/wp\/v2\/categories?post=100549"},{"taxonomy":"post_tag","embeddable":true,"href":"https:\/\/www.lovendal.ro\/wp52\/wp-json\/wp\/v2\/tags?post=100549"}],"curies":[{"name":"wp","href":"https:\/\/api.w.org\/{rel}","templated":true}]}}