{"id":100535,"date":"2025-10-26T22:54:09","date_gmt":"2025-10-26T19:54:09","guid":{"rendered":"https:\/\/www.lovendal.ro\/wp52\/?p=100535"},"modified":"2025-10-26T22:54:09","modified_gmt":"2025-10-26T19:54:09","slug":"adn-uman-gasit-intr-un-meteorit-vechi-de-2-miliarde-de-ani-parca-oamenii-au-aparut-doar-in-urma-cu-3-milioane-de-ani","status":"publish","type":"post","link":"https:\/\/www.lovendal.ro\/wp52\/adn-uman-gasit-intr-un-meteorit-vechi-de-2-miliarde-de-ani-parca-oamenii-au-aparut-doar-in-urma-cu-3-milioane-de-ani\/","title":{"rendered":"ADN uman g\u0103sit \u00eentr-un meteorit vechi de 2 miliarde de ani!? Parc\u0103 oamenii au ap\u0103rut doar \u00een urm\u0103 cu 3 milioane de ani&#8230;"},"content":{"rendered":"<p><a href=\"https:\/\/www.lovendal.ro\/wp52\/wp-content\/uploads\/2025\/10\/ADN-uman-gasit-in-meteorit.jpg\"><img loading=\"lazy\" decoding=\"async\" class=\"alignleft size-full wp-image-100536\" src=\"https:\/\/www.lovendal.ro\/wp52\/wp-content\/uploads\/2025\/10\/ADN-uman-gasit-in-meteorit.jpg\" alt=\"\" width=\"358\" height=\"327\" srcset=\"https:\/\/www.lovendal.ro\/wp52\/wp-content\/uploads\/2025\/10\/ADN-uman-gasit-in-meteorit.jpg 358w, https:\/\/www.lovendal.ro\/wp52\/wp-content\/uploads\/2025\/10\/ADN-uman-gasit-in-meteorit-300x274.jpg 300w\" sizes=\"auto, (max-width: 358px) 100vw, 358px\" \/><\/a>O descoperire uimitoare a reaprins una dintre cele mai vechi \u0219i mai profunde \u00eentreb\u0103ri ale \u0219tiin\u021bei: a \u00eenceput via\u021ba pe P\u0103m\u00e2nt sau \u00een alt\u0103 parte a Universului? Studii recente asupra unui meteorit vechi de 2 miliarde de ani au dezv\u0103luit structuri moleculare asem\u0103n\u0103toare ADN-ului, care par izbitor de asem\u0103n\u0103toare cu secven\u021bele g\u0103site \u00een materialul genetic uman. De\u0219i descoperirea este \u00eenc\u0103 supus\u0103 unei analize intense, ea a st\u00e2rnit o dezbatere global\u0103 despre dac\u0103 via\u021ba de pe planeta noastr\u0103 ar putea avea origini extraterestre.<\/p>\n<p>Dac\u0103 aceste rezultate se men\u021bin, ele ar sus\u021bine ipoteza <strong>panspermiei<\/strong> &#8211; teoria conform c\u0103reia elementele constitutive ale vie\u021bii au fost transportate pe P\u0103m\u00e2nt prin intermediul cometelor sau meteori\u021bilor cu miliarde de ani \u00een urm\u0103. Aceasta ar \u00eensemna c\u0103 str\u0103mo\u0219ii umanit\u0103\u021bii ar putea fi urm\u0103ri\u021bi nu doar prin evolu\u021bia de pe P\u0103m\u00e2nt, ci p\u00e2n\u0103 la stele. Descoperirea pune la \u00eendoial\u0103 \u00een\u021belegerea noastr\u0103 despre biologie, evolu\u021bie \u0219i ce \u00eenseamn\u0103 cu adev\u0103rat s\u0103 fii &#8222;de pe P\u0103m\u00e2nt&#8221;.<\/p>\n<p>De\u0219i scepticii solicit\u0103 mai multe teste pentru a exclude contaminarea, posibilitatea ca ADN-ul nostru s\u0103 aib\u0103 o conexiune cosmic\u0103 deschide o nou\u0103 frontier\u0103 \u00een astrobiologie \u0219i istoria uman\u0103. Poate c\u0103, \u00eentr-un fel, nu suntem primii locuitori ai P\u0103m\u00e2ntului, ci c\u0103l\u0103tori din Cosmos, redescoperind povestea originii noastre fragment cu fragment.<\/p>\n","protected":false},"excerpt":{"rendered":"<p>O descoperire uimitoare a reaprins una dintre cele mai vechi \u0219i mai profunde \u00eentreb\u0103ri ale \u0219tiin\u021bei: a \u00eenceput via\u021ba pe P\u0103m\u00e2nt sau \u00een alt\u0103 parte a Universului? Studii recente asupra unui meteorit vechi de 2 miliarde de ani au dezv\u0103luit &#8230; <\/p>\n<p class=\"read-more-container\"><a title=\"ADN uman g\u0103sit \u00eentr-un meteorit vechi de 2 miliarde de ani!? Parc\u0103 oamenii au ap\u0103rut doar \u00een urm\u0103 cu 3 milioane de ani&#8230;\" class=\"read-more button\" href=\"https:\/\/www.lovendal.ro\/wp52\/adn-uman-gasit-intr-un-meteorit-vechi-de-2-miliarde-de-ani-parca-oamenii-au-aparut-doar-in-urma-cu-3-milioane-de-ani\/#more-100535\" aria-label=\"Cite\u0219te mai multe despre ADN uman g\u0103sit \u00eentr-un meteorit vechi de 2 miliarde de ani!? Parc\u0103 oamenii au ap\u0103rut doar \u00een urm\u0103 cu 3 milioane de ani&#8230;\">Cititi mai multe<\/a><\/p>\n","protected":false},"author":1,"featured_media":100536,"comment_status":"closed","ping_status":"open","sticky":false,"template":"","format":"standard","meta":{"footnotes":""},"categories":[9],"tags":[415,3247,256,1532,161,105,3680,1087,366],"class_list":["post-100535","post","type-post","status-publish","format-standard","has-post-thumbnail","hentry","category-istorie","tag-adn","tag-biologie","tag-evolutionism","tag-istorie-si-civilizatii","tag-meteorit","tag-pamant","tag-panspermie","tag-univers","tag-viata","resize-featured-image"],"yoast_head":"<!-- This site is optimized with the Yoast SEO Premium plugin v23.3 (Yoast SEO v27.4) - https:\/\/yoast.com\/product\/yoast-seo-premium-wordpress\/ -->\n<title>ADN uman g\u0103sit \u00eentr-un meteorit vechi de 2 miliarde de ani!? Parc\u0103 oamenii au ap\u0103rut doar \u00een urm\u0103 cu 3 milioane de ani... - Secretele lui Lovendal<\/title>\n<meta name=\"robots\" content=\"index, follow, max-snippet:-1, max-image-preview:large, max-video-preview:-1\" \/>\n<link rel=\"canonical\" href=\"https:\/\/www.lovendal.ro\/wp52\/adn-uman-gasit-intr-un-meteorit-vechi-de-2-miliarde-de-ani-parca-oamenii-au-aparut-doar-in-urma-cu-3-milioane-de-ani\/\" \/>\n<meta property=\"og:locale\" content=\"ro_RO\" \/>\n<meta property=\"og:type\" content=\"article\" \/>\n<meta property=\"og:title\" content=\"ADN uman g\u0103sit \u00eentr-un meteorit vechi de 2 miliarde de ani!? Parc\u0103 oamenii au ap\u0103rut doar \u00een urm\u0103 cu 3 milioane de ani...\" \/>\n<meta property=\"og:description\" content=\"O descoperire uimitoare a reaprins una dintre cele mai vechi \u0219i mai profunde \u00eentreb\u0103ri ale \u0219tiin\u021bei: a \u00eenceput via\u021ba pe P\u0103m\u00e2nt sau \u00een alt\u0103 parte a Universului? Studii recente asupra unui meteorit vechi de 2 miliarde de ani au dezv\u0103luit ... Cititi mai multe\" \/>\n<meta property=\"og:url\" content=\"https:\/\/www.lovendal.ro\/wp52\/adn-uman-gasit-intr-un-meteorit-vechi-de-2-miliarde-de-ani-parca-oamenii-au-aparut-doar-in-urma-cu-3-milioane-de-ani\/\" \/>\n<meta property=\"og:site_name\" content=\"Secretele lui Lovendal\" \/>\n<meta property=\"article:publisher\" content=\"https:\/\/www.facebook.com\/secreteleluilovendal\" \/>\n<meta property=\"article:published_time\" content=\"2025-10-26T19:54:09+00:00\" \/>\n<meta property=\"og:image\" content=\"https:\/\/www.lovendal.ro\/wp52\/wp-content\/uploads\/2025\/10\/ADN-uman-gasit-in-meteorit.jpg\" \/>\n\t<meta property=\"og:image:width\" content=\"358\" \/>\n\t<meta property=\"og:image:height\" content=\"327\" \/>\n\t<meta property=\"og:image:type\" content=\"image\/jpeg\" \/>\n<meta name=\"author\" content=\"admin\" \/>\n<meta name=\"twitter:card\" content=\"summary_large_image\" \/>\n<meta name=\"twitter:label1\" content=\"Scris de\" \/>\n\t<meta name=\"twitter:data1\" content=\"admin\" \/>\n\t<meta name=\"twitter:label2\" content=\"Timp estimat pentru citire\" \/>\n\t<meta name=\"twitter:data2\" content=\"2 minute\" \/>\n<script type=\"application\/ld+json\" class=\"yoast-schema-graph\">{\"@context\":\"https:\\\/\\\/schema.org\",\"@graph\":[{\"@type\":\"Article\",\"@id\":\"https:\\\/\\\/www.lovendal.ro\\\/wp52\\\/adn-uman-gasit-intr-un-meteorit-vechi-de-2-miliarde-de-ani-parca-oamenii-au-aparut-doar-in-urma-cu-3-milioane-de-ani\\\/#article\",\"isPartOf\":{\"@id\":\"https:\\\/\\\/www.lovendal.ro\\\/wp52\\\/adn-uman-gasit-intr-un-meteorit-vechi-de-2-miliarde-de-ani-parca-oamenii-au-aparut-doar-in-urma-cu-3-milioane-de-ani\\\/\"},\"author\":{\"name\":\"admin\",\"@id\":\"https:\\\/\\\/www.lovendal.ro\\\/wp52\\\/#\\\/schema\\\/person\\\/088691de5dfc346bb0c023e1e52ef5d9\"},\"headline\":\"ADN uman g\u0103sit \u00eentr-un meteorit vechi de 2 miliarde de ani!? Parc\u0103 oamenii au ap\u0103rut doar \u00een urm\u0103 cu 3 milioane de ani&#8230;\",\"datePublished\":\"2025-10-26T19:54:09+00:00\",\"mainEntityOfPage\":{\"@id\":\"https:\\\/\\\/www.lovendal.ro\\\/wp52\\\/adn-uman-gasit-intr-un-meteorit-vechi-de-2-miliarde-de-ani-parca-oamenii-au-aparut-doar-in-urma-cu-3-milioane-de-ani\\\/\"},\"wordCount\":268,\"publisher\":{\"@id\":\"https:\\\/\\\/www.lovendal.ro\\\/wp52\\\/#organization\"},\"image\":{\"@id\":\"https:\\\/\\\/www.lovendal.ro\\\/wp52\\\/adn-uman-gasit-intr-un-meteorit-vechi-de-2-miliarde-de-ani-parca-oamenii-au-aparut-doar-in-urma-cu-3-milioane-de-ani\\\/#primaryimage\"},\"thumbnailUrl\":\"https:\\\/\\\/www.lovendal.ro\\\/wp52\\\/wp-content\\\/uploads\\\/2025\\\/10\\\/ADN-uman-gasit-in-meteorit.jpg\",\"keywords\":[\"ADN\",\"biologie\",\"evolu\u0163ionism\",\"Istorie si Civilizatii\",\"meteorit\",\"P\u0103m\u00e2nt\",\"panspermie\",\"Univers\",\"via\u0163\u0103\"],\"articleSection\":[\"Istorie si Civilizatii\"],\"inLanguage\":\"ro-RO\"},{\"@type\":\"WebPage\",\"@id\":\"https:\\\/\\\/www.lovendal.ro\\\/wp52\\\/adn-uman-gasit-intr-un-meteorit-vechi-de-2-miliarde-de-ani-parca-oamenii-au-aparut-doar-in-urma-cu-3-milioane-de-ani\\\/\",\"url\":\"https:\\\/\\\/www.lovendal.ro\\\/wp52\\\/adn-uman-gasit-intr-un-meteorit-vechi-de-2-miliarde-de-ani-parca-oamenii-au-aparut-doar-in-urma-cu-3-milioane-de-ani\\\/\",\"name\":\"ADN uman g\u0103sit \u00eentr-un meteorit vechi de 2 miliarde de ani!? Parc\u0103 oamenii au ap\u0103rut doar \u00een urm\u0103 cu 3 milioane de ani... - Secretele lui Lovendal\",\"isPartOf\":{\"@id\":\"https:\\\/\\\/www.lovendal.ro\\\/wp52\\\/#website\"},\"primaryImageOfPage\":{\"@id\":\"https:\\\/\\\/www.lovendal.ro\\\/wp52\\\/adn-uman-gasit-intr-un-meteorit-vechi-de-2-miliarde-de-ani-parca-oamenii-au-aparut-doar-in-urma-cu-3-milioane-de-ani\\\/#primaryimage\"},\"image\":{\"@id\":\"https:\\\/\\\/www.lovendal.ro\\\/wp52\\\/adn-uman-gasit-intr-un-meteorit-vechi-de-2-miliarde-de-ani-parca-oamenii-au-aparut-doar-in-urma-cu-3-milioane-de-ani\\\/#primaryimage\"},\"thumbnailUrl\":\"https:\\\/\\\/www.lovendal.ro\\\/wp52\\\/wp-content\\\/uploads\\\/2025\\\/10\\\/ADN-uman-gasit-in-meteorit.jpg\",\"datePublished\":\"2025-10-26T19:54:09+00:00\",\"breadcrumb\":{\"@id\":\"https:\\\/\\\/www.lovendal.ro\\\/wp52\\\/adn-uman-gasit-intr-un-meteorit-vechi-de-2-miliarde-de-ani-parca-oamenii-au-aparut-doar-in-urma-cu-3-milioane-de-ani\\\/#breadcrumb\"},\"inLanguage\":\"ro-RO\",\"potentialAction\":[{\"@type\":\"ReadAction\",\"target\":[\"https:\\\/\\\/www.lovendal.ro\\\/wp52\\\/adn-uman-gasit-intr-un-meteorit-vechi-de-2-miliarde-de-ani-parca-oamenii-au-aparut-doar-in-urma-cu-3-milioane-de-ani\\\/\"]}]},{\"@type\":\"ImageObject\",\"inLanguage\":\"ro-RO\",\"@id\":\"https:\\\/\\\/www.lovendal.ro\\\/wp52\\\/adn-uman-gasit-intr-un-meteorit-vechi-de-2-miliarde-de-ani-parca-oamenii-au-aparut-doar-in-urma-cu-3-milioane-de-ani\\\/#primaryimage\",\"url\":\"https:\\\/\\\/www.lovendal.ro\\\/wp52\\\/wp-content\\\/uploads\\\/2025\\\/10\\\/ADN-uman-gasit-in-meteorit.jpg\",\"contentUrl\":\"https:\\\/\\\/www.lovendal.ro\\\/wp52\\\/wp-content\\\/uploads\\\/2025\\\/10\\\/ADN-uman-gasit-in-meteorit.jpg\",\"width\":358,\"height\":327},{\"@type\":\"BreadcrumbList\",\"@id\":\"https:\\\/\\\/www.lovendal.ro\\\/wp52\\\/adn-uman-gasit-intr-un-meteorit-vechi-de-2-miliarde-de-ani-parca-oamenii-au-aparut-doar-in-urma-cu-3-milioane-de-ani\\\/#breadcrumb\",\"itemListElement\":[{\"@type\":\"ListItem\",\"position\":1,\"name\":\"Home\",\"item\":\"https:\\\/\\\/www.lovendal.ro\\\/wp52\\\/\"},{\"@type\":\"ListItem\",\"position\":2,\"name\":\"ADN uman g\u0103sit \u00eentr-un meteorit vechi de 2 miliarde de ani!? Parc\u0103 oamenii au ap\u0103rut doar \u00een urm\u0103 cu 3 milioane de ani&#8230;\"}]},{\"@type\":\"WebSite\",\"@id\":\"https:\\\/\\\/www.lovendal.ro\\\/wp52\\\/#website\",\"url\":\"https:\\\/\\\/www.lovendal.ro\\\/wp52\\\/\",\"name\":\"Secretele lui Lovendal\",\"description\":\"Site de secrete, stiinta si metafizica - din 2008 -\",\"publisher\":{\"@id\":\"https:\\\/\\\/www.lovendal.ro\\\/wp52\\\/#organization\"},\"potentialAction\":[{\"@type\":\"SearchAction\",\"target\":{\"@type\":\"EntryPoint\",\"urlTemplate\":\"https:\\\/\\\/www.lovendal.ro\\\/wp52\\\/?s={search_term_string}\"},\"query-input\":{\"@type\":\"PropertyValueSpecification\",\"valueRequired\":true,\"valueName\":\"search_term_string\"}}],\"inLanguage\":\"ro-RO\"},{\"@type\":\"Organization\",\"@id\":\"https:\\\/\\\/www.lovendal.ro\\\/wp52\\\/#organization\",\"name\":\"Secretele lui Lovendal\",\"url\":\"https:\\\/\\\/www.lovendal.ro\\\/wp52\\\/\",\"logo\":{\"@type\":\"ImageObject\",\"inLanguage\":\"ro-RO\",\"@id\":\"https:\\\/\\\/www.lovendal.ro\\\/wp52\\\/#\\\/schema\\\/logo\\\/image\\\/\",\"url\":\"https:\\\/\\\/www.lovendal.ro\\\/wp52\\\/wp-content\\\/uploads\\\/2024\\\/06\\\/cropped-SLL-iun-2024-1.jpg\",\"contentUrl\":\"https:\\\/\\\/www.lovendal.ro\\\/wp52\\\/wp-content\\\/uploads\\\/2024\\\/06\\\/cropped-SLL-iun-2024-1.jpg\",\"width\":771,\"height\":240,\"caption\":\"Secretele lui Lovendal\"},\"image\":{\"@id\":\"https:\\\/\\\/www.lovendal.ro\\\/wp52\\\/#\\\/schema\\\/logo\\\/image\\\/\"},\"sameAs\":[\"https:\\\/\\\/www.facebook.com\\\/secreteleluilovendal\"]},{\"@type\":\"Person\",\"@id\":\"https:\\\/\\\/www.lovendal.ro\\\/wp52\\\/#\\\/schema\\\/person\\\/088691de5dfc346bb0c023e1e52ef5d9\",\"name\":\"admin\",\"image\":{\"@type\":\"ImageObject\",\"inLanguage\":\"ro-RO\",\"@id\":\"https:\\\/\\\/secure.gravatar.com\\\/avatar\\\/ecb9cd41f5f63c9c9b989999a59f6e2639a865ec361e9db054db0679a8f341c2?s=96&d=mm&r=g\",\"url\":\"https:\\\/\\\/secure.gravatar.com\\\/avatar\\\/ecb9cd41f5f63c9c9b989999a59f6e2639a865ec361e9db054db0679a8f341c2?s=96&d=mm&r=g\",\"contentUrl\":\"https:\\\/\\\/secure.gravatar.com\\\/avatar\\\/ecb9cd41f5f63c9c9b989999a59f6e2639a865ec361e9db054db0679a8f341c2?s=96&d=mm&r=g\",\"caption\":\"admin\"},\"sameAs\":[\"https:\\\/\\\/www.lovendal.ro\\\/wp52\"]}]}<\/script>\n<!-- \/ Yoast SEO Premium plugin. -->","yoast_head_json":{"title":"ADN uman g\u0103sit \u00eentr-un meteorit vechi de 2 miliarde de ani!? Parc\u0103 oamenii au ap\u0103rut doar \u00een urm\u0103 cu 3 milioane de ani... - Secretele lui Lovendal","robots":{"index":"index","follow":"follow","max-snippet":"max-snippet:-1","max-image-preview":"max-image-preview:large","max-video-preview":"max-video-preview:-1"},"canonical":"https:\/\/www.lovendal.ro\/wp52\/adn-uman-gasit-intr-un-meteorit-vechi-de-2-miliarde-de-ani-parca-oamenii-au-aparut-doar-in-urma-cu-3-milioane-de-ani\/","og_locale":"ro_RO","og_type":"article","og_title":"ADN uman g\u0103sit \u00eentr-un meteorit vechi de 2 miliarde de ani!? Parc\u0103 oamenii au ap\u0103rut doar \u00een urm\u0103 cu 3 milioane de ani...","og_description":"O descoperire uimitoare a reaprins una dintre cele mai vechi \u0219i mai profunde \u00eentreb\u0103ri ale \u0219tiin\u021bei: a \u00eenceput via\u021ba pe P\u0103m\u00e2nt sau \u00een alt\u0103 parte a Universului? Studii recente asupra unui meteorit vechi de 2 miliarde de ani au dezv\u0103luit ... Cititi mai multe","og_url":"https:\/\/www.lovendal.ro\/wp52\/adn-uman-gasit-intr-un-meteorit-vechi-de-2-miliarde-de-ani-parca-oamenii-au-aparut-doar-in-urma-cu-3-milioane-de-ani\/","og_site_name":"Secretele lui Lovendal","article_publisher":"https:\/\/www.facebook.com\/secreteleluilovendal","article_published_time":"2025-10-26T19:54:09+00:00","og_image":[{"width":358,"height":327,"url":"https:\/\/www.lovendal.ro\/wp52\/wp-content\/uploads\/2025\/10\/ADN-uman-gasit-in-meteorit.jpg","type":"image\/jpeg"}],"author":"admin","twitter_card":"summary_large_image","twitter_misc":{"Scris de":"admin","Timp estimat pentru citire":"2 minute"},"schema":{"@context":"https:\/\/schema.org","@graph":[{"@type":"Article","@id":"https:\/\/www.lovendal.ro\/wp52\/adn-uman-gasit-intr-un-meteorit-vechi-de-2-miliarde-de-ani-parca-oamenii-au-aparut-doar-in-urma-cu-3-milioane-de-ani\/#article","isPartOf":{"@id":"https:\/\/www.lovendal.ro\/wp52\/adn-uman-gasit-intr-un-meteorit-vechi-de-2-miliarde-de-ani-parca-oamenii-au-aparut-doar-in-urma-cu-3-milioane-de-ani\/"},"author":{"name":"admin","@id":"https:\/\/www.lovendal.ro\/wp52\/#\/schema\/person\/088691de5dfc346bb0c023e1e52ef5d9"},"headline":"ADN uman g\u0103sit \u00eentr-un meteorit vechi de 2 miliarde de ani!? Parc\u0103 oamenii au ap\u0103rut doar \u00een urm\u0103 cu 3 milioane de ani&#8230;","datePublished":"2025-10-26T19:54:09+00:00","mainEntityOfPage":{"@id":"https:\/\/www.lovendal.ro\/wp52\/adn-uman-gasit-intr-un-meteorit-vechi-de-2-miliarde-de-ani-parca-oamenii-au-aparut-doar-in-urma-cu-3-milioane-de-ani\/"},"wordCount":268,"publisher":{"@id":"https:\/\/www.lovendal.ro\/wp52\/#organization"},"image":{"@id":"https:\/\/www.lovendal.ro\/wp52\/adn-uman-gasit-intr-un-meteorit-vechi-de-2-miliarde-de-ani-parca-oamenii-au-aparut-doar-in-urma-cu-3-milioane-de-ani\/#primaryimage"},"thumbnailUrl":"https:\/\/www.lovendal.ro\/wp52\/wp-content\/uploads\/2025\/10\/ADN-uman-gasit-in-meteorit.jpg","keywords":["ADN","biologie","evolu\u0163ionism","Istorie si Civilizatii","meteorit","P\u0103m\u00e2nt","panspermie","Univers","via\u0163\u0103"],"articleSection":["Istorie si Civilizatii"],"inLanguage":"ro-RO"},{"@type":"WebPage","@id":"https:\/\/www.lovendal.ro\/wp52\/adn-uman-gasit-intr-un-meteorit-vechi-de-2-miliarde-de-ani-parca-oamenii-au-aparut-doar-in-urma-cu-3-milioane-de-ani\/","url":"https:\/\/www.lovendal.ro\/wp52\/adn-uman-gasit-intr-un-meteorit-vechi-de-2-miliarde-de-ani-parca-oamenii-au-aparut-doar-in-urma-cu-3-milioane-de-ani\/","name":"ADN uman g\u0103sit \u00eentr-un meteorit vechi de 2 miliarde de ani!? Parc\u0103 oamenii au ap\u0103rut doar \u00een urm\u0103 cu 3 milioane de ani... - Secretele lui Lovendal","isPartOf":{"@id":"https:\/\/www.lovendal.ro\/wp52\/#website"},"primaryImageOfPage":{"@id":"https:\/\/www.lovendal.ro\/wp52\/adn-uman-gasit-intr-un-meteorit-vechi-de-2-miliarde-de-ani-parca-oamenii-au-aparut-doar-in-urma-cu-3-milioane-de-ani\/#primaryimage"},"image":{"@id":"https:\/\/www.lovendal.ro\/wp52\/adn-uman-gasit-intr-un-meteorit-vechi-de-2-miliarde-de-ani-parca-oamenii-au-aparut-doar-in-urma-cu-3-milioane-de-ani\/#primaryimage"},"thumbnailUrl":"https:\/\/www.lovendal.ro\/wp52\/wp-content\/uploads\/2025\/10\/ADN-uman-gasit-in-meteorit.jpg","datePublished":"2025-10-26T19:54:09+00:00","breadcrumb":{"@id":"https:\/\/www.lovendal.ro\/wp52\/adn-uman-gasit-intr-un-meteorit-vechi-de-2-miliarde-de-ani-parca-oamenii-au-aparut-doar-in-urma-cu-3-milioane-de-ani\/#breadcrumb"},"inLanguage":"ro-RO","potentialAction":[{"@type":"ReadAction","target":["https:\/\/www.lovendal.ro\/wp52\/adn-uman-gasit-intr-un-meteorit-vechi-de-2-miliarde-de-ani-parca-oamenii-au-aparut-doar-in-urma-cu-3-milioane-de-ani\/"]}]},{"@type":"ImageObject","inLanguage":"ro-RO","@id":"https:\/\/www.lovendal.ro\/wp52\/adn-uman-gasit-intr-un-meteorit-vechi-de-2-miliarde-de-ani-parca-oamenii-au-aparut-doar-in-urma-cu-3-milioane-de-ani\/#primaryimage","url":"https:\/\/www.lovendal.ro\/wp52\/wp-content\/uploads\/2025\/10\/ADN-uman-gasit-in-meteorit.jpg","contentUrl":"https:\/\/www.lovendal.ro\/wp52\/wp-content\/uploads\/2025\/10\/ADN-uman-gasit-in-meteorit.jpg","width":358,"height":327},{"@type":"BreadcrumbList","@id":"https:\/\/www.lovendal.ro\/wp52\/adn-uman-gasit-intr-un-meteorit-vechi-de-2-miliarde-de-ani-parca-oamenii-au-aparut-doar-in-urma-cu-3-milioane-de-ani\/#breadcrumb","itemListElement":[{"@type":"ListItem","position":1,"name":"Home","item":"https:\/\/www.lovendal.ro\/wp52\/"},{"@type":"ListItem","position":2,"name":"ADN uman g\u0103sit \u00eentr-un meteorit vechi de 2 miliarde de ani!? Parc\u0103 oamenii au ap\u0103rut doar \u00een urm\u0103 cu 3 milioane de ani&#8230;"}]},{"@type":"WebSite","@id":"https:\/\/www.lovendal.ro\/wp52\/#website","url":"https:\/\/www.lovendal.ro\/wp52\/","name":"Secretele lui Lovendal","description":"Site de secrete, stiinta si metafizica - din 2008 -","publisher":{"@id":"https:\/\/www.lovendal.ro\/wp52\/#organization"},"potentialAction":[{"@type":"SearchAction","target":{"@type":"EntryPoint","urlTemplate":"https:\/\/www.lovendal.ro\/wp52\/?s={search_term_string}"},"query-input":{"@type":"PropertyValueSpecification","valueRequired":true,"valueName":"search_term_string"}}],"inLanguage":"ro-RO"},{"@type":"Organization","@id":"https:\/\/www.lovendal.ro\/wp52\/#organization","name":"Secretele lui Lovendal","url":"https:\/\/www.lovendal.ro\/wp52\/","logo":{"@type":"ImageObject","inLanguage":"ro-RO","@id":"https:\/\/www.lovendal.ro\/wp52\/#\/schema\/logo\/image\/","url":"https:\/\/www.lovendal.ro\/wp52\/wp-content\/uploads\/2024\/06\/cropped-SLL-iun-2024-1.jpg","contentUrl":"https:\/\/www.lovendal.ro\/wp52\/wp-content\/uploads\/2024\/06\/cropped-SLL-iun-2024-1.jpg","width":771,"height":240,"caption":"Secretele lui Lovendal"},"image":{"@id":"https:\/\/www.lovendal.ro\/wp52\/#\/schema\/logo\/image\/"},"sameAs":["https:\/\/www.facebook.com\/secreteleluilovendal"]},{"@type":"Person","@id":"https:\/\/www.lovendal.ro\/wp52\/#\/schema\/person\/088691de5dfc346bb0c023e1e52ef5d9","name":"admin","image":{"@type":"ImageObject","inLanguage":"ro-RO","@id":"https:\/\/secure.gravatar.com\/avatar\/ecb9cd41f5f63c9c9b989999a59f6e2639a865ec361e9db054db0679a8f341c2?s=96&d=mm&r=g","url":"https:\/\/secure.gravatar.com\/avatar\/ecb9cd41f5f63c9c9b989999a59f6e2639a865ec361e9db054db0679a8f341c2?s=96&d=mm&r=g","contentUrl":"https:\/\/secure.gravatar.com\/avatar\/ecb9cd41f5f63c9c9b989999a59f6e2639a865ec361e9db054db0679a8f341c2?s=96&d=mm&r=g","caption":"admin"},"sameAs":["https:\/\/www.lovendal.ro\/wp52"]}]}},"_links":{"self":[{"href":"https:\/\/www.lovendal.ro\/wp52\/wp-json\/wp\/v2\/posts\/100535","targetHints":{"allow":["GET"]}}],"collection":[{"href":"https:\/\/www.lovendal.ro\/wp52\/wp-json\/wp\/v2\/posts"}],"about":[{"href":"https:\/\/www.lovendal.ro\/wp52\/wp-json\/wp\/v2\/types\/post"}],"author":[{"embeddable":true,"href":"https:\/\/www.lovendal.ro\/wp52\/wp-json\/wp\/v2\/users\/1"}],"replies":[{"embeddable":true,"href":"https:\/\/www.lovendal.ro\/wp52\/wp-json\/wp\/v2\/comments?post=100535"}],"version-history":[{"count":1,"href":"https:\/\/www.lovendal.ro\/wp52\/wp-json\/wp\/v2\/posts\/100535\/revisions"}],"predecessor-version":[{"id":100537,"href":"https:\/\/www.lovendal.ro\/wp52\/wp-json\/wp\/v2\/posts\/100535\/revisions\/100537"}],"wp:featuredmedia":[{"embeddable":true,"href":"https:\/\/www.lovendal.ro\/wp52\/wp-json\/wp\/v2\/media\/100536"}],"wp:attachment":[{"href":"https:\/\/www.lovendal.ro\/wp52\/wp-json\/wp\/v2\/media?parent=100535"}],"wp:term":[{"taxonomy":"category","embeddable":true,"href":"https:\/\/www.lovendal.ro\/wp52\/wp-json\/wp\/v2\/categories?post=100535"},{"taxonomy":"post_tag","embeddable":true,"href":"https:\/\/www.lovendal.ro\/wp52\/wp-json\/wp\/v2\/tags?post=100535"}],"curies":[{"name":"wp","href":"https:\/\/api.w.org\/{rel}","templated":true}]}}