{"id":100532,"date":"2025-10-26T22:36:49","date_gmt":"2025-10-26T19:36:49","guid":{"rendered":"https:\/\/www.lovendal.ro\/wp52\/?p=100532"},"modified":"2025-10-26T22:36:49","modified_gmt":"2025-10-26T19:36:49","slug":"aceasta-fotografie-ne-prezinta-o-femeie-extraordinara-care-pretindea-ca-era-o-razboinica-ce-facea-parte-din-amazoanele-dahomey-si-era-una-dintre-garzile-personale-ale-regelui-din-dahomey-era-de","status":"publish","type":"post","link":"https:\/\/www.lovendal.ro\/wp52\/aceasta-fotografie-ne-prezinta-o-femeie-extraordinara-care-pretindea-ca-era-o-razboinica-ce-facea-parte-din-amazoanele-dahomey-si-era-una-dintre-garzile-personale-ale-regelui-din-dahomey-era-de\/","title":{"rendered":"Aceast\u0103 fotografie ne prezint\u0103 o femeie extraordinar\u0103 &#8211; care pretindea c\u0103 era o r\u0103zboinic\u0103 ce f\u0103cea parte din &#8222;amazoanele Dahomey&#8221; \u015fi era una dintre g\u0103rzile personale ale regelui din Dahomey. Era de cel pu\u0163in 2,15 metri \u00een\u0103l\u0163ime&#8230;"},"content":{"rendered":"<p><a href=\"https:\/\/www.lovendal.ro\/wp52\/wp-content\/uploads\/2025\/10\/femeie-razboinica.jpg\"><img loading=\"lazy\" decoding=\"async\" class=\"alignleft size-full wp-image-100533\" src=\"https:\/\/www.lovendal.ro\/wp52\/wp-content\/uploads\/2025\/10\/femeie-razboinica.jpg\" alt=\"\" width=\"365\" height=\"340\" srcset=\"https:\/\/www.lovendal.ro\/wp52\/wp-content\/uploads\/2025\/10\/femeie-razboinica.jpg 365w, https:\/\/www.lovendal.ro\/wp52\/wp-content\/uploads\/2025\/10\/femeie-razboinica-300x279.jpg 300w\" sizes=\"auto, (max-width: 365px) 100vw, 365px\" \/><\/a>Aceast\u0103 fotografie a fost f\u0103cut\u0103 \u00een 1900, iar femeia din fa\u021b\u0103 nu era bon\u0103 \u015fi nici menajer\u0103.<br \/>\nEa pretindea c\u0103 era una dintre g\u0103rzile personale ale regelui din<strong> Dahomey<\/strong> &#8211; un vechi regat vest-african (\u00een Beninul de ast\u0103zi) cunoscut pentru r\u0103zboinicele sale de elit\u0103 &#8211; amazoanele Dahomey. Conform relat\u0103rilor din acea vreme, ea avea cel pu\u0163in 2,15 metri \u00een\u0103l\u021bime \u015fi putea ridica un b\u0103rbat adult cu un singur bra\u021b. For\u021ba, rezisten\u021ba \u0219i priceperea ei \u00een lupt\u0103 erau extraordinare.<\/p>\n<p>Dar colonialismul nu a \u0219tiut cum s\u0103 se descurce cu o femeie ca ea. \u00cen loc s\u0103-i onoreze mo\u0219tenirea, presa britanic\u0103 a redus-o la un spectacol secundar: <em>&#8222;Aceast\u0103 frumuse\u021be cu pielea \u00eenchis\u0103 la culoare va vizita \u00een cur\u00e2nd ora\u0219ele noastre mari&#8221;<\/em> &#8211; a scris presa, trat\u00e2nd-o ca pe un exponat, nu ca pe o r\u0103zboinic\u0103, nu ca pe o legend\u0103, nu ca \u00eentruchiparea vie a puterii \u0219i m\u00e2ndriei.<\/p>\n<p>Numele ei era <strong>Ella Abomah Williams<\/strong>, fiind cunoscut\u0103 \u0219i sub numele de <strong>Doamna Abomah<\/strong>. \u0218i de\u0219i istoria a \u00eencercat s\u0103 o uite, noi, cei din ziua de azi, n-ar trebui s\u0103 o facem. \u015ei asta pentru c\u0103 femeile ca ea nu st\u0103teau doar de paz\u0103 pentru regi, ci \u015fi pentru adev\u0103r, pentru mo\u0219tenire \u0219i pentru puterea uitat\u0103 a poporului lor.<\/p>\n","protected":false},"excerpt":{"rendered":"<p>Aceast\u0103 fotografie a fost f\u0103cut\u0103 \u00een 1900, iar femeia din fa\u021b\u0103 nu era bon\u0103 \u015fi nici menajer\u0103. Ea pretindea c\u0103 era una dintre g\u0103rzile personale ale regelui din Dahomey &#8211; un vechi regat vest-african (\u00een Beninul de ast\u0103zi) cunoscut pentru &#8230; <\/p>\n<p class=\"read-more-container\"><a title=\"Aceast\u0103 fotografie ne prezint\u0103 o femeie extraordinar\u0103 &#8211; care pretindea c\u0103 era o r\u0103zboinic\u0103 ce f\u0103cea parte din &#8222;amazoanele Dahomey&#8221; \u015fi era una dintre g\u0103rzile personale ale regelui din Dahomey. Era de cel pu\u0163in 2,15 metri \u00een\u0103l\u0163ime&#8230;\" class=\"read-more button\" href=\"https:\/\/www.lovendal.ro\/wp52\/aceasta-fotografie-ne-prezinta-o-femeie-extraordinara-care-pretindea-ca-era-o-razboinica-ce-facea-parte-din-amazoanele-dahomey-si-era-una-dintre-garzile-personale-ale-regelui-din-dahomey-era-de\/#more-100532\" aria-label=\"Cite\u0219te mai multe despre Aceast\u0103 fotografie ne prezint\u0103 o femeie extraordinar\u0103 &#8211; care pretindea c\u0103 era o r\u0103zboinic\u0103 ce f\u0103cea parte din &#8222;amazoanele Dahomey&#8221; \u015fi era una dintre g\u0103rzile personale ale regelui din Dahomey. Era de cel pu\u0163in 2,15 metri \u00een\u0103l\u0163ime&#8230;\">Cititi mai multe<\/a><\/p>\n","protected":false},"author":1,"featured_media":100533,"comment_status":"closed","ping_status":"open","sticky":false,"template":"","format":"standard","meta":{"footnotes":""},"categories":[2761],"tags":[6325,20304,1121,15,20305,9812,453],"class_list":["post-100532","post","type-post","status-publish","format-standard","has-post-thumbnail","hentry","category-poze-controversate","tag-benin","tag-doamna-abomah","tag-femeie","tag-fotografie","tag-garda-de-corp","tag-poze-controversate","tag-rege","resize-featured-image"],"yoast_head":"<!-- This site is optimized with the Yoast SEO Premium plugin v23.3 (Yoast SEO v27.4) - https:\/\/yoast.com\/product\/yoast-seo-premium-wordpress\/ -->\n<title>Aceast\u0103 fotografie ne prezint\u0103 o femeie extraordinar\u0103 - care pretindea c\u0103 era o r\u0103zboinic\u0103 ce f\u0103cea parte din &quot;amazoanele Dahomey&quot; \u015fi era una dintre g\u0103rzile personale ale regelui din Dahomey. Era de cel pu\u0163in 2,15 metri \u00een\u0103l\u0163ime... - Secretele lui Lovendal<\/title>\n<meta name=\"robots\" content=\"index, follow, max-snippet:-1, max-image-preview:large, max-video-preview:-1\" \/>\n<link rel=\"canonical\" href=\"https:\/\/www.lovendal.ro\/wp52\/aceasta-fotografie-ne-prezinta-o-femeie-extraordinara-care-pretindea-ca-era-o-razboinica-ce-facea-parte-din-amazoanele-dahomey-si-era-una-dintre-garzile-personale-ale-regelui-din-dahomey-era-de\/\" \/>\n<meta property=\"og:locale\" content=\"ro_RO\" \/>\n<meta property=\"og:type\" content=\"article\" \/>\n<meta property=\"og:title\" content=\"Aceast\u0103 fotografie ne prezint\u0103 o femeie extraordinar\u0103 - care pretindea c\u0103 era o r\u0103zboinic\u0103 ce f\u0103cea parte din &quot;amazoanele Dahomey&quot; \u015fi era una dintre g\u0103rzile personale ale regelui din Dahomey. Era de cel pu\u0163in 2,15 metri \u00een\u0103l\u0163ime...\" \/>\n<meta property=\"og:description\" content=\"Aceast\u0103 fotografie a fost f\u0103cut\u0103 \u00een 1900, iar femeia din fa\u021b\u0103 nu era bon\u0103 \u015fi nici menajer\u0103. Ea pretindea c\u0103 era una dintre g\u0103rzile personale ale regelui din Dahomey &#8211; un vechi regat vest-african (\u00een Beninul de ast\u0103zi) cunoscut pentru ... Cititi mai multe\" \/>\n<meta property=\"og:url\" content=\"https:\/\/www.lovendal.ro\/wp52\/aceasta-fotografie-ne-prezinta-o-femeie-extraordinara-care-pretindea-ca-era-o-razboinica-ce-facea-parte-din-amazoanele-dahomey-si-era-una-dintre-garzile-personale-ale-regelui-din-dahomey-era-de\/\" \/>\n<meta property=\"og:site_name\" content=\"Secretele lui Lovendal\" \/>\n<meta property=\"article:publisher\" content=\"https:\/\/www.facebook.com\/secreteleluilovendal\" \/>\n<meta property=\"article:published_time\" content=\"2025-10-26T19:36:49+00:00\" \/>\n<meta property=\"og:image\" content=\"https:\/\/www.lovendal.ro\/wp52\/wp-content\/uploads\/2025\/10\/femeie-razboinica.jpg\" \/>\n\t<meta property=\"og:image:width\" content=\"365\" \/>\n\t<meta property=\"og:image:height\" content=\"340\" \/>\n\t<meta property=\"og:image:type\" content=\"image\/jpeg\" \/>\n<meta name=\"author\" content=\"admin\" \/>\n<meta name=\"twitter:card\" content=\"summary_large_image\" \/>\n<meta name=\"twitter:label1\" content=\"Scris de\" \/>\n\t<meta name=\"twitter:data1\" content=\"admin\" \/>\n\t<meta name=\"twitter:label2\" content=\"Timp estimat pentru citire\" \/>\n\t<meta name=\"twitter:data2\" content=\"2 minute\" \/>\n<script type=\"application\/ld+json\" class=\"yoast-schema-graph\">{\"@context\":\"https:\\\/\\\/schema.org\",\"@graph\":[{\"@type\":\"Article\",\"@id\":\"https:\\\/\\\/www.lovendal.ro\\\/wp52\\\/aceasta-fotografie-ne-prezinta-o-femeie-extraordinara-care-pretindea-ca-era-o-razboinica-ce-facea-parte-din-amazoanele-dahomey-si-era-una-dintre-garzile-personale-ale-regelui-din-dahomey-era-de\\\/#article\",\"isPartOf\":{\"@id\":\"https:\\\/\\\/www.lovendal.ro\\\/wp52\\\/aceasta-fotografie-ne-prezinta-o-femeie-extraordinara-care-pretindea-ca-era-o-razboinica-ce-facea-parte-din-amazoanele-dahomey-si-era-una-dintre-garzile-personale-ale-regelui-din-dahomey-era-de\\\/\"},\"author\":{\"name\":\"admin\",\"@id\":\"https:\\\/\\\/www.lovendal.ro\\\/wp52\\\/#\\\/schema\\\/person\\\/088691de5dfc346bb0c023e1e52ef5d9\"},\"headline\":\"Aceast\u0103 fotografie ne prezint\u0103 o femeie extraordinar\u0103 &#8211; care pretindea c\u0103 era o r\u0103zboinic\u0103 ce f\u0103cea parte din &#8222;amazoanele Dahomey&#8221; \u015fi era una dintre g\u0103rzile personale ale regelui din Dahomey. Era de cel pu\u0163in 2,15 metri \u00een\u0103l\u0163ime&#8230;\",\"datePublished\":\"2025-10-26T19:36:49+00:00\",\"mainEntityOfPage\":{\"@id\":\"https:\\\/\\\/www.lovendal.ro\\\/wp52\\\/aceasta-fotografie-ne-prezinta-o-femeie-extraordinara-care-pretindea-ca-era-o-razboinica-ce-facea-parte-din-amazoanele-dahomey-si-era-una-dintre-garzile-personale-ale-regelui-din-dahomey-era-de\\\/\"},\"wordCount\":269,\"publisher\":{\"@id\":\"https:\\\/\\\/www.lovendal.ro\\\/wp52\\\/#organization\"},\"image\":{\"@id\":\"https:\\\/\\\/www.lovendal.ro\\\/wp52\\\/aceasta-fotografie-ne-prezinta-o-femeie-extraordinara-care-pretindea-ca-era-o-razboinica-ce-facea-parte-din-amazoanele-dahomey-si-era-una-dintre-garzile-personale-ale-regelui-din-dahomey-era-de\\\/#primaryimage\"},\"thumbnailUrl\":\"https:\\\/\\\/www.lovendal.ro\\\/wp52\\\/wp-content\\\/uploads\\\/2025\\\/10\\\/femeie-razboinica.jpg\",\"keywords\":[\"Benin\",\"Doamna Abomah\",\"femeie\",\"fotografie\",\"gard\u0103 de corp\",\"Poze controversate\",\"rege\"],\"articleSection\":[\"Poze controversate\"],\"inLanguage\":\"ro-RO\"},{\"@type\":\"WebPage\",\"@id\":\"https:\\\/\\\/www.lovendal.ro\\\/wp52\\\/aceasta-fotografie-ne-prezinta-o-femeie-extraordinara-care-pretindea-ca-era-o-razboinica-ce-facea-parte-din-amazoanele-dahomey-si-era-una-dintre-garzile-personale-ale-regelui-din-dahomey-era-de\\\/\",\"url\":\"https:\\\/\\\/www.lovendal.ro\\\/wp52\\\/aceasta-fotografie-ne-prezinta-o-femeie-extraordinara-care-pretindea-ca-era-o-razboinica-ce-facea-parte-din-amazoanele-dahomey-si-era-una-dintre-garzile-personale-ale-regelui-din-dahomey-era-de\\\/\",\"name\":\"Aceast\u0103 fotografie ne prezint\u0103 o femeie extraordinar\u0103 - care pretindea c\u0103 era o r\u0103zboinic\u0103 ce f\u0103cea parte din \\\"amazoanele Dahomey\\\" \u015fi era una dintre g\u0103rzile personale ale regelui din Dahomey. Era de cel pu\u0163in 2,15 metri \u00een\u0103l\u0163ime... - Secretele lui Lovendal\",\"isPartOf\":{\"@id\":\"https:\\\/\\\/www.lovendal.ro\\\/wp52\\\/#website\"},\"primaryImageOfPage\":{\"@id\":\"https:\\\/\\\/www.lovendal.ro\\\/wp52\\\/aceasta-fotografie-ne-prezinta-o-femeie-extraordinara-care-pretindea-ca-era-o-razboinica-ce-facea-parte-din-amazoanele-dahomey-si-era-una-dintre-garzile-personale-ale-regelui-din-dahomey-era-de\\\/#primaryimage\"},\"image\":{\"@id\":\"https:\\\/\\\/www.lovendal.ro\\\/wp52\\\/aceasta-fotografie-ne-prezinta-o-femeie-extraordinara-care-pretindea-ca-era-o-razboinica-ce-facea-parte-din-amazoanele-dahomey-si-era-una-dintre-garzile-personale-ale-regelui-din-dahomey-era-de\\\/#primaryimage\"},\"thumbnailUrl\":\"https:\\\/\\\/www.lovendal.ro\\\/wp52\\\/wp-content\\\/uploads\\\/2025\\\/10\\\/femeie-razboinica.jpg\",\"datePublished\":\"2025-10-26T19:36:49+00:00\",\"breadcrumb\":{\"@id\":\"https:\\\/\\\/www.lovendal.ro\\\/wp52\\\/aceasta-fotografie-ne-prezinta-o-femeie-extraordinara-care-pretindea-ca-era-o-razboinica-ce-facea-parte-din-amazoanele-dahomey-si-era-una-dintre-garzile-personale-ale-regelui-din-dahomey-era-de\\\/#breadcrumb\"},\"inLanguage\":\"ro-RO\",\"potentialAction\":[{\"@type\":\"ReadAction\",\"target\":[\"https:\\\/\\\/www.lovendal.ro\\\/wp52\\\/aceasta-fotografie-ne-prezinta-o-femeie-extraordinara-care-pretindea-ca-era-o-razboinica-ce-facea-parte-din-amazoanele-dahomey-si-era-una-dintre-garzile-personale-ale-regelui-din-dahomey-era-de\\\/\"]}]},{\"@type\":\"ImageObject\",\"inLanguage\":\"ro-RO\",\"@id\":\"https:\\\/\\\/www.lovendal.ro\\\/wp52\\\/aceasta-fotografie-ne-prezinta-o-femeie-extraordinara-care-pretindea-ca-era-o-razboinica-ce-facea-parte-din-amazoanele-dahomey-si-era-una-dintre-garzile-personale-ale-regelui-din-dahomey-era-de\\\/#primaryimage\",\"url\":\"https:\\\/\\\/www.lovendal.ro\\\/wp52\\\/wp-content\\\/uploads\\\/2025\\\/10\\\/femeie-razboinica.jpg\",\"contentUrl\":\"https:\\\/\\\/www.lovendal.ro\\\/wp52\\\/wp-content\\\/uploads\\\/2025\\\/10\\\/femeie-razboinica.jpg\",\"width\":365,\"height\":340},{\"@type\":\"BreadcrumbList\",\"@id\":\"https:\\\/\\\/www.lovendal.ro\\\/wp52\\\/aceasta-fotografie-ne-prezinta-o-femeie-extraordinara-care-pretindea-ca-era-o-razboinica-ce-facea-parte-din-amazoanele-dahomey-si-era-una-dintre-garzile-personale-ale-regelui-din-dahomey-era-de\\\/#breadcrumb\",\"itemListElement\":[{\"@type\":\"ListItem\",\"position\":1,\"name\":\"Home\",\"item\":\"https:\\\/\\\/www.lovendal.ro\\\/wp52\\\/\"},{\"@type\":\"ListItem\",\"position\":2,\"name\":\"Aceast\u0103 fotografie ne prezint\u0103 o femeie extraordinar\u0103 &#8211; care pretindea c\u0103 era o r\u0103zboinic\u0103 ce f\u0103cea parte din &#8222;amazoanele Dahomey&#8221; \u015fi era una dintre g\u0103rzile personale ale regelui din Dahomey. Era de cel pu\u0163in 2,15 metri \u00een\u0103l\u0163ime&#8230;\"}]},{\"@type\":\"WebSite\",\"@id\":\"https:\\\/\\\/www.lovendal.ro\\\/wp52\\\/#website\",\"url\":\"https:\\\/\\\/www.lovendal.ro\\\/wp52\\\/\",\"name\":\"Secretele lui Lovendal\",\"description\":\"Site de secrete, stiinta si metafizica - din 2008 -\",\"publisher\":{\"@id\":\"https:\\\/\\\/www.lovendal.ro\\\/wp52\\\/#organization\"},\"potentialAction\":[{\"@type\":\"SearchAction\",\"target\":{\"@type\":\"EntryPoint\",\"urlTemplate\":\"https:\\\/\\\/www.lovendal.ro\\\/wp52\\\/?s={search_term_string}\"},\"query-input\":{\"@type\":\"PropertyValueSpecification\",\"valueRequired\":true,\"valueName\":\"search_term_string\"}}],\"inLanguage\":\"ro-RO\"},{\"@type\":\"Organization\",\"@id\":\"https:\\\/\\\/www.lovendal.ro\\\/wp52\\\/#organization\",\"name\":\"Secretele lui Lovendal\",\"url\":\"https:\\\/\\\/www.lovendal.ro\\\/wp52\\\/\",\"logo\":{\"@type\":\"ImageObject\",\"inLanguage\":\"ro-RO\",\"@id\":\"https:\\\/\\\/www.lovendal.ro\\\/wp52\\\/#\\\/schema\\\/logo\\\/image\\\/\",\"url\":\"https:\\\/\\\/www.lovendal.ro\\\/wp52\\\/wp-content\\\/uploads\\\/2024\\\/06\\\/cropped-SLL-iun-2024-1.jpg\",\"contentUrl\":\"https:\\\/\\\/www.lovendal.ro\\\/wp52\\\/wp-content\\\/uploads\\\/2024\\\/06\\\/cropped-SLL-iun-2024-1.jpg\",\"width\":771,\"height\":240,\"caption\":\"Secretele lui Lovendal\"},\"image\":{\"@id\":\"https:\\\/\\\/www.lovendal.ro\\\/wp52\\\/#\\\/schema\\\/logo\\\/image\\\/\"},\"sameAs\":[\"https:\\\/\\\/www.facebook.com\\\/secreteleluilovendal\"]},{\"@type\":\"Person\",\"@id\":\"https:\\\/\\\/www.lovendal.ro\\\/wp52\\\/#\\\/schema\\\/person\\\/088691de5dfc346bb0c023e1e52ef5d9\",\"name\":\"admin\",\"image\":{\"@type\":\"ImageObject\",\"inLanguage\":\"ro-RO\",\"@id\":\"https:\\\/\\\/secure.gravatar.com\\\/avatar\\\/ecb9cd41f5f63c9c9b989999a59f6e2639a865ec361e9db054db0679a8f341c2?s=96&d=mm&r=g\",\"url\":\"https:\\\/\\\/secure.gravatar.com\\\/avatar\\\/ecb9cd41f5f63c9c9b989999a59f6e2639a865ec361e9db054db0679a8f341c2?s=96&d=mm&r=g\",\"contentUrl\":\"https:\\\/\\\/secure.gravatar.com\\\/avatar\\\/ecb9cd41f5f63c9c9b989999a59f6e2639a865ec361e9db054db0679a8f341c2?s=96&d=mm&r=g\",\"caption\":\"admin\"},\"sameAs\":[\"https:\\\/\\\/www.lovendal.ro\\\/wp52\"]}]}<\/script>\n<!-- \/ Yoast SEO Premium plugin. -->","yoast_head_json":{"title":"Aceast\u0103 fotografie ne prezint\u0103 o femeie extraordinar\u0103 - care pretindea c\u0103 era o r\u0103zboinic\u0103 ce f\u0103cea parte din \"amazoanele Dahomey\" \u015fi era una dintre g\u0103rzile personale ale regelui din Dahomey. Era de cel pu\u0163in 2,15 metri \u00een\u0103l\u0163ime... - Secretele lui Lovendal","robots":{"index":"index","follow":"follow","max-snippet":"max-snippet:-1","max-image-preview":"max-image-preview:large","max-video-preview":"max-video-preview:-1"},"canonical":"https:\/\/www.lovendal.ro\/wp52\/aceasta-fotografie-ne-prezinta-o-femeie-extraordinara-care-pretindea-ca-era-o-razboinica-ce-facea-parte-din-amazoanele-dahomey-si-era-una-dintre-garzile-personale-ale-regelui-din-dahomey-era-de\/","og_locale":"ro_RO","og_type":"article","og_title":"Aceast\u0103 fotografie ne prezint\u0103 o femeie extraordinar\u0103 - care pretindea c\u0103 era o r\u0103zboinic\u0103 ce f\u0103cea parte din \"amazoanele Dahomey\" \u015fi era una dintre g\u0103rzile personale ale regelui din Dahomey. Era de cel pu\u0163in 2,15 metri \u00een\u0103l\u0163ime...","og_description":"Aceast\u0103 fotografie a fost f\u0103cut\u0103 \u00een 1900, iar femeia din fa\u021b\u0103 nu era bon\u0103 \u015fi nici menajer\u0103. Ea pretindea c\u0103 era una dintre g\u0103rzile personale ale regelui din Dahomey &#8211; un vechi regat vest-african (\u00een Beninul de ast\u0103zi) cunoscut pentru ... Cititi mai multe","og_url":"https:\/\/www.lovendal.ro\/wp52\/aceasta-fotografie-ne-prezinta-o-femeie-extraordinara-care-pretindea-ca-era-o-razboinica-ce-facea-parte-din-amazoanele-dahomey-si-era-una-dintre-garzile-personale-ale-regelui-din-dahomey-era-de\/","og_site_name":"Secretele lui Lovendal","article_publisher":"https:\/\/www.facebook.com\/secreteleluilovendal","article_published_time":"2025-10-26T19:36:49+00:00","og_image":[{"width":365,"height":340,"url":"https:\/\/www.lovendal.ro\/wp52\/wp-content\/uploads\/2025\/10\/femeie-razboinica.jpg","type":"image\/jpeg"}],"author":"admin","twitter_card":"summary_large_image","twitter_misc":{"Scris de":"admin","Timp estimat pentru citire":"2 minute"},"schema":{"@context":"https:\/\/schema.org","@graph":[{"@type":"Article","@id":"https:\/\/www.lovendal.ro\/wp52\/aceasta-fotografie-ne-prezinta-o-femeie-extraordinara-care-pretindea-ca-era-o-razboinica-ce-facea-parte-din-amazoanele-dahomey-si-era-una-dintre-garzile-personale-ale-regelui-din-dahomey-era-de\/#article","isPartOf":{"@id":"https:\/\/www.lovendal.ro\/wp52\/aceasta-fotografie-ne-prezinta-o-femeie-extraordinara-care-pretindea-ca-era-o-razboinica-ce-facea-parte-din-amazoanele-dahomey-si-era-una-dintre-garzile-personale-ale-regelui-din-dahomey-era-de\/"},"author":{"name":"admin","@id":"https:\/\/www.lovendal.ro\/wp52\/#\/schema\/person\/088691de5dfc346bb0c023e1e52ef5d9"},"headline":"Aceast\u0103 fotografie ne prezint\u0103 o femeie extraordinar\u0103 &#8211; care pretindea c\u0103 era o r\u0103zboinic\u0103 ce f\u0103cea parte din &#8222;amazoanele Dahomey&#8221; \u015fi era una dintre g\u0103rzile personale ale regelui din Dahomey. Era de cel pu\u0163in 2,15 metri \u00een\u0103l\u0163ime&#8230;","datePublished":"2025-10-26T19:36:49+00:00","mainEntityOfPage":{"@id":"https:\/\/www.lovendal.ro\/wp52\/aceasta-fotografie-ne-prezinta-o-femeie-extraordinara-care-pretindea-ca-era-o-razboinica-ce-facea-parte-din-amazoanele-dahomey-si-era-una-dintre-garzile-personale-ale-regelui-din-dahomey-era-de\/"},"wordCount":269,"publisher":{"@id":"https:\/\/www.lovendal.ro\/wp52\/#organization"},"image":{"@id":"https:\/\/www.lovendal.ro\/wp52\/aceasta-fotografie-ne-prezinta-o-femeie-extraordinara-care-pretindea-ca-era-o-razboinica-ce-facea-parte-din-amazoanele-dahomey-si-era-una-dintre-garzile-personale-ale-regelui-din-dahomey-era-de\/#primaryimage"},"thumbnailUrl":"https:\/\/www.lovendal.ro\/wp52\/wp-content\/uploads\/2025\/10\/femeie-razboinica.jpg","keywords":["Benin","Doamna Abomah","femeie","fotografie","gard\u0103 de corp","Poze controversate","rege"],"articleSection":["Poze controversate"],"inLanguage":"ro-RO"},{"@type":"WebPage","@id":"https:\/\/www.lovendal.ro\/wp52\/aceasta-fotografie-ne-prezinta-o-femeie-extraordinara-care-pretindea-ca-era-o-razboinica-ce-facea-parte-din-amazoanele-dahomey-si-era-una-dintre-garzile-personale-ale-regelui-din-dahomey-era-de\/","url":"https:\/\/www.lovendal.ro\/wp52\/aceasta-fotografie-ne-prezinta-o-femeie-extraordinara-care-pretindea-ca-era-o-razboinica-ce-facea-parte-din-amazoanele-dahomey-si-era-una-dintre-garzile-personale-ale-regelui-din-dahomey-era-de\/","name":"Aceast\u0103 fotografie ne prezint\u0103 o femeie extraordinar\u0103 - care pretindea c\u0103 era o r\u0103zboinic\u0103 ce f\u0103cea parte din \"amazoanele Dahomey\" \u015fi era una dintre g\u0103rzile personale ale regelui din Dahomey. Era de cel pu\u0163in 2,15 metri \u00een\u0103l\u0163ime... - Secretele lui Lovendal","isPartOf":{"@id":"https:\/\/www.lovendal.ro\/wp52\/#website"},"primaryImageOfPage":{"@id":"https:\/\/www.lovendal.ro\/wp52\/aceasta-fotografie-ne-prezinta-o-femeie-extraordinara-care-pretindea-ca-era-o-razboinica-ce-facea-parte-din-amazoanele-dahomey-si-era-una-dintre-garzile-personale-ale-regelui-din-dahomey-era-de\/#primaryimage"},"image":{"@id":"https:\/\/www.lovendal.ro\/wp52\/aceasta-fotografie-ne-prezinta-o-femeie-extraordinara-care-pretindea-ca-era-o-razboinica-ce-facea-parte-din-amazoanele-dahomey-si-era-una-dintre-garzile-personale-ale-regelui-din-dahomey-era-de\/#primaryimage"},"thumbnailUrl":"https:\/\/www.lovendal.ro\/wp52\/wp-content\/uploads\/2025\/10\/femeie-razboinica.jpg","datePublished":"2025-10-26T19:36:49+00:00","breadcrumb":{"@id":"https:\/\/www.lovendal.ro\/wp52\/aceasta-fotografie-ne-prezinta-o-femeie-extraordinara-care-pretindea-ca-era-o-razboinica-ce-facea-parte-din-amazoanele-dahomey-si-era-una-dintre-garzile-personale-ale-regelui-din-dahomey-era-de\/#breadcrumb"},"inLanguage":"ro-RO","potentialAction":[{"@type":"ReadAction","target":["https:\/\/www.lovendal.ro\/wp52\/aceasta-fotografie-ne-prezinta-o-femeie-extraordinara-care-pretindea-ca-era-o-razboinica-ce-facea-parte-din-amazoanele-dahomey-si-era-una-dintre-garzile-personale-ale-regelui-din-dahomey-era-de\/"]}]},{"@type":"ImageObject","inLanguage":"ro-RO","@id":"https:\/\/www.lovendal.ro\/wp52\/aceasta-fotografie-ne-prezinta-o-femeie-extraordinara-care-pretindea-ca-era-o-razboinica-ce-facea-parte-din-amazoanele-dahomey-si-era-una-dintre-garzile-personale-ale-regelui-din-dahomey-era-de\/#primaryimage","url":"https:\/\/www.lovendal.ro\/wp52\/wp-content\/uploads\/2025\/10\/femeie-razboinica.jpg","contentUrl":"https:\/\/www.lovendal.ro\/wp52\/wp-content\/uploads\/2025\/10\/femeie-razboinica.jpg","width":365,"height":340},{"@type":"BreadcrumbList","@id":"https:\/\/www.lovendal.ro\/wp52\/aceasta-fotografie-ne-prezinta-o-femeie-extraordinara-care-pretindea-ca-era-o-razboinica-ce-facea-parte-din-amazoanele-dahomey-si-era-una-dintre-garzile-personale-ale-regelui-din-dahomey-era-de\/#breadcrumb","itemListElement":[{"@type":"ListItem","position":1,"name":"Home","item":"https:\/\/www.lovendal.ro\/wp52\/"},{"@type":"ListItem","position":2,"name":"Aceast\u0103 fotografie ne prezint\u0103 o femeie extraordinar\u0103 &#8211; care pretindea c\u0103 era o r\u0103zboinic\u0103 ce f\u0103cea parte din &#8222;amazoanele Dahomey&#8221; \u015fi era una dintre g\u0103rzile personale ale regelui din Dahomey. Era de cel pu\u0163in 2,15 metri \u00een\u0103l\u0163ime&#8230;"}]},{"@type":"WebSite","@id":"https:\/\/www.lovendal.ro\/wp52\/#website","url":"https:\/\/www.lovendal.ro\/wp52\/","name":"Secretele lui Lovendal","description":"Site de secrete, stiinta si metafizica - din 2008 -","publisher":{"@id":"https:\/\/www.lovendal.ro\/wp52\/#organization"},"potentialAction":[{"@type":"SearchAction","target":{"@type":"EntryPoint","urlTemplate":"https:\/\/www.lovendal.ro\/wp52\/?s={search_term_string}"},"query-input":{"@type":"PropertyValueSpecification","valueRequired":true,"valueName":"search_term_string"}}],"inLanguage":"ro-RO"},{"@type":"Organization","@id":"https:\/\/www.lovendal.ro\/wp52\/#organization","name":"Secretele lui Lovendal","url":"https:\/\/www.lovendal.ro\/wp52\/","logo":{"@type":"ImageObject","inLanguage":"ro-RO","@id":"https:\/\/www.lovendal.ro\/wp52\/#\/schema\/logo\/image\/","url":"https:\/\/www.lovendal.ro\/wp52\/wp-content\/uploads\/2024\/06\/cropped-SLL-iun-2024-1.jpg","contentUrl":"https:\/\/www.lovendal.ro\/wp52\/wp-content\/uploads\/2024\/06\/cropped-SLL-iun-2024-1.jpg","width":771,"height":240,"caption":"Secretele lui Lovendal"},"image":{"@id":"https:\/\/www.lovendal.ro\/wp52\/#\/schema\/logo\/image\/"},"sameAs":["https:\/\/www.facebook.com\/secreteleluilovendal"]},{"@type":"Person","@id":"https:\/\/www.lovendal.ro\/wp52\/#\/schema\/person\/088691de5dfc346bb0c023e1e52ef5d9","name":"admin","image":{"@type":"ImageObject","inLanguage":"ro-RO","@id":"https:\/\/secure.gravatar.com\/avatar\/ecb9cd41f5f63c9c9b989999a59f6e2639a865ec361e9db054db0679a8f341c2?s=96&d=mm&r=g","url":"https:\/\/secure.gravatar.com\/avatar\/ecb9cd41f5f63c9c9b989999a59f6e2639a865ec361e9db054db0679a8f341c2?s=96&d=mm&r=g","contentUrl":"https:\/\/secure.gravatar.com\/avatar\/ecb9cd41f5f63c9c9b989999a59f6e2639a865ec361e9db054db0679a8f341c2?s=96&d=mm&r=g","caption":"admin"},"sameAs":["https:\/\/www.lovendal.ro\/wp52"]}]}},"_links":{"self":[{"href":"https:\/\/www.lovendal.ro\/wp52\/wp-json\/wp\/v2\/posts\/100532","targetHints":{"allow":["GET"]}}],"collection":[{"href":"https:\/\/www.lovendal.ro\/wp52\/wp-json\/wp\/v2\/posts"}],"about":[{"href":"https:\/\/www.lovendal.ro\/wp52\/wp-json\/wp\/v2\/types\/post"}],"author":[{"embeddable":true,"href":"https:\/\/www.lovendal.ro\/wp52\/wp-json\/wp\/v2\/users\/1"}],"replies":[{"embeddable":true,"href":"https:\/\/www.lovendal.ro\/wp52\/wp-json\/wp\/v2\/comments?post=100532"}],"version-history":[{"count":1,"href":"https:\/\/www.lovendal.ro\/wp52\/wp-json\/wp\/v2\/posts\/100532\/revisions"}],"predecessor-version":[{"id":100534,"href":"https:\/\/www.lovendal.ro\/wp52\/wp-json\/wp\/v2\/posts\/100532\/revisions\/100534"}],"wp:featuredmedia":[{"embeddable":true,"href":"https:\/\/www.lovendal.ro\/wp52\/wp-json\/wp\/v2\/media\/100533"}],"wp:attachment":[{"href":"https:\/\/www.lovendal.ro\/wp52\/wp-json\/wp\/v2\/media?parent=100532"}],"wp:term":[{"taxonomy":"category","embeddable":true,"href":"https:\/\/www.lovendal.ro\/wp52\/wp-json\/wp\/v2\/categories?post=100532"},{"taxonomy":"post_tag","embeddable":true,"href":"https:\/\/www.lovendal.ro\/wp52\/wp-json\/wp\/v2\/tags?post=100532"}],"curies":[{"name":"wp","href":"https:\/\/api.w.org\/{rel}","templated":true}]}}