{"id":100508,"date":"2025-10-24T12:30:52","date_gmt":"2025-10-24T09:30:52","guid":{"rendered":"https:\/\/www.lovendal.ro\/wp52\/?p=100508"},"modified":"2025-10-24T12:30:52","modified_gmt":"2025-10-24T09:30:52","slug":"astronomii-au-facut-o-descoperire-socanta-o-gaura-neagra-supermasiva-situata-la-aproximativ-2-600-de-ani-lumina-de-centrul-galaxiei-gazda-si-nu-in-mijlocul-ei","status":"publish","type":"post","link":"https:\/\/www.lovendal.ro\/wp52\/astronomii-au-facut-o-descoperire-socanta-o-gaura-neagra-supermasiva-situata-la-aproximativ-2-600-de-ani-lumina-de-centrul-galaxiei-gazda-si-nu-in-mijlocul-ei\/","title":{"rendered":"Astronomii au f\u0103cut o descoperire \u015focant\u0103: o gaur\u0103 neagr\u0103 supermasiv\u0103 situat\u0103 la aproximativ 2.600 de ani-lumin\u0103 de centrul galaxiei gazd\u0103 \u015fi nu \u00een mijlocul ei"},"content":{"rendered":"<figure id=\"attachment_100509\" aria-describedby=\"caption-attachment-100509\" style=\"width: 348px\" class=\"wp-caption alignleft\"><a href=\"https:\/\/www.lovendal.ro\/wp52\/wp-content\/uploads\/2025\/10\/gaura-neagra-supermasiva.jpg\"><img loading=\"lazy\" decoding=\"async\" class=\"size-full wp-image-100509\" src=\"https:\/\/www.lovendal.ro\/wp52\/wp-content\/uploads\/2025\/10\/gaura-neagra-supermasiva.jpg\" alt=\"\" width=\"358\" height=\"319\" srcset=\"https:\/\/www.lovendal.ro\/wp52\/wp-content\/uploads\/2025\/10\/gaura-neagra-supermasiva.jpg 358w, https:\/\/www.lovendal.ro\/wp52\/wp-content\/uploads\/2025\/10\/gaura-neagra-supermasiva-300x267.jpg 300w\" sizes=\"auto, (max-width: 358px) 100vw, 358px\" \/><\/a><figcaption id=\"caption-attachment-100509\" class=\"wp-caption-text\"><strong>Imagine:<\/strong> <a href=\"https:\/\/pixabay.com\/illustrations\/earth-planet-black-hole-stars-7393070\/\" target=\"_blank\" rel=\"noopener\"><strong>pixabay.com<\/strong><\/a> (Commons Creative &#8211; free)<\/figcaption><\/figure>\n<p>Astronomii au descoperit o descoperire izbitoare: o <strong>gaur\u0103 neagr\u0103 supermasiv\u0103<\/strong> situat\u0103 la aproximativ 2.600 de ani-lumin\u0103 de centrul galaxiei gazd\u0103, \u00een loc s\u0103 se afle \u00een miezul ei, ceea ce pune sub semnul \u00eentreb\u0103rii presupunerile de mult timp despre locul \u00een care ar trebui s\u0103 se afle astfel de obiecte cere\u015fti.<\/p>\n<p>Observa\u021biile unui eveniment de perturbare mareic\u0103 &#8211; \u00een care gravita\u021bia imens\u0103 a g\u0103urii negre sf\u00e2\u0219ie o stea &#8211; au dezv\u0103luit cea mai rapid\u0103 evolu\u021bie a emisiilor radio \u00eenregistrat\u0103 vreodat\u0103 pentru acest tip de eveniment, suger\u00e2nd c\u0103 g\u0103urile negre masive pot r\u0103m\u00e2ne active \u00een locuri nea\u0219teptate \u0219i \u00een condi\u021bii nefamiliare. Datele radio de la mai multe telescoape au ar\u0103tat dou\u0103 erup\u021bii distincte la c\u00e2teva luni distan\u021b\u0103, suger\u00e2nd o secven\u021b\u0103 complex\u0103 de ejec\u021bie de materie, mai degrab\u0103 dec\u00e2t o simpl\u0103 explozie unic\u0103.<\/p>\n<p>Aceast\u0103 descoperire deschide posibilitatea ca multe g\u0103uri negre supermasive &#8222;ascunse&#8221; s\u0103 r\u0103t\u0103ceasc\u0103 \u00een afara centrelor galactice \u0219i c\u0103 \u00een\u021belegerea noastr\u0103 despre modul \u00een care se formeaz\u0103 \u0219i se comport\u0103 acestea ar putea necesita o revizuire fundamental\u0103.<\/p>\n","protected":false},"excerpt":{"rendered":"<p>Astronomii au descoperit o descoperire izbitoare: o gaur\u0103 neagr\u0103 supermasiv\u0103 situat\u0103 la aproximativ 2.600 de ani-lumin\u0103 de centrul galaxiei gazd\u0103, \u00een loc s\u0103 se afle \u00een miezul ei, ceea ce pune sub semnul \u00eentreb\u0103rii presupunerile de mult timp despre locul &#8230; <\/p>\n<p class=\"read-more-container\"><a title=\"Astronomii au f\u0103cut o descoperire \u015focant\u0103: o gaur\u0103 neagr\u0103 supermasiv\u0103 situat\u0103 la aproximativ 2.600 de ani-lumin\u0103 de centrul galaxiei gazd\u0103 \u015fi nu \u00een mijlocul ei\" class=\"read-more button\" href=\"https:\/\/www.lovendal.ro\/wp52\/astronomii-au-facut-o-descoperire-socanta-o-gaura-neagra-supermasiva-situata-la-aproximativ-2-600-de-ani-lumina-de-centrul-galaxiei-gazda-si-nu-in-mijlocul-ei\/#more-100508\" aria-label=\"Cite\u0219te mai multe despre Astronomii au f\u0103cut o descoperire \u015focant\u0103: o gaur\u0103 neagr\u0103 supermasiv\u0103 situat\u0103 la aproximativ 2.600 de ani-lumin\u0103 de centrul galaxiei gazd\u0103 \u015fi nu \u00een mijlocul ei\">Cititi mai multe<\/a><\/p>\n","protected":false},"author":1,"featured_media":100509,"comment_status":"closed","ping_status":"open","sticky":false,"template":"","format":"standard","meta":{"footnotes":""},"categories":[11039],"tags":[7396,102,433,6668,733],"class_list":["post-100508","post","type-post","status-publish","format-standard","has-post-thumbnail","hentry","category-astronomie","tag-astronomi","tag-astronomie","tag-galaxie","tag-gaura-neagra-super-masiva","tag-stea","resize-featured-image"],"yoast_head":"<!-- This site is optimized with the Yoast SEO Premium plugin v23.3 (Yoast SEO v27.4) - https:\/\/yoast.com\/product\/yoast-seo-premium-wordpress\/ -->\n<title>Astronomii au f\u0103cut o descoperire \u015focant\u0103: o gaur\u0103 neagr\u0103 supermasiv\u0103 situat\u0103 la aproximativ 2.600 de ani-lumin\u0103 de centrul galaxiei gazd\u0103 \u015fi nu \u00een mijlocul ei - Secretele lui Lovendal<\/title>\n<meta name=\"robots\" content=\"index, follow, max-snippet:-1, max-image-preview:large, max-video-preview:-1\" \/>\n<link rel=\"canonical\" href=\"https:\/\/www.lovendal.ro\/wp52\/astronomii-au-facut-o-descoperire-socanta-o-gaura-neagra-supermasiva-situata-la-aproximativ-2-600-de-ani-lumina-de-centrul-galaxiei-gazda-si-nu-in-mijlocul-ei\/\" \/>\n<meta property=\"og:locale\" content=\"ro_RO\" \/>\n<meta property=\"og:type\" content=\"article\" \/>\n<meta property=\"og:title\" content=\"Astronomii au f\u0103cut o descoperire \u015focant\u0103: o gaur\u0103 neagr\u0103 supermasiv\u0103 situat\u0103 la aproximativ 2.600 de ani-lumin\u0103 de centrul galaxiei gazd\u0103 \u015fi nu \u00een mijlocul ei\" \/>\n<meta property=\"og:description\" content=\"Astronomii au descoperit o descoperire izbitoare: o gaur\u0103 neagr\u0103 supermasiv\u0103 situat\u0103 la aproximativ 2.600 de ani-lumin\u0103 de centrul galaxiei gazd\u0103, \u00een loc s\u0103 se afle \u00een miezul ei, ceea ce pune sub semnul \u00eentreb\u0103rii presupunerile de mult timp despre locul ... Cititi mai multe\" \/>\n<meta property=\"og:url\" content=\"https:\/\/www.lovendal.ro\/wp52\/astronomii-au-facut-o-descoperire-socanta-o-gaura-neagra-supermasiva-situata-la-aproximativ-2-600-de-ani-lumina-de-centrul-galaxiei-gazda-si-nu-in-mijlocul-ei\/\" \/>\n<meta property=\"og:site_name\" content=\"Secretele lui Lovendal\" \/>\n<meta property=\"article:publisher\" content=\"https:\/\/www.facebook.com\/secreteleluilovendal\" \/>\n<meta property=\"article:published_time\" content=\"2025-10-24T09:30:52+00:00\" \/>\n<meta property=\"og:image\" content=\"https:\/\/www.lovendal.ro\/wp52\/wp-content\/uploads\/2025\/10\/gaura-neagra-supermasiva.jpg\" \/>\n\t<meta property=\"og:image:width\" content=\"358\" \/>\n\t<meta property=\"og:image:height\" content=\"319\" \/>\n\t<meta property=\"og:image:type\" content=\"image\/jpeg\" \/>\n<meta name=\"author\" content=\"admin\" \/>\n<meta name=\"twitter:card\" content=\"summary_large_image\" \/>\n<meta name=\"twitter:label1\" content=\"Scris de\" \/>\n\t<meta name=\"twitter:data1\" content=\"admin\" \/>\n\t<meta name=\"twitter:label2\" content=\"Timp estimat pentru citire\" \/>\n\t<meta name=\"twitter:data2\" content=\"2 minute\" \/>\n<script type=\"application\/ld+json\" class=\"yoast-schema-graph\">{\"@context\":\"https:\\\/\\\/schema.org\",\"@graph\":[{\"@type\":\"Article\",\"@id\":\"https:\\\/\\\/www.lovendal.ro\\\/wp52\\\/astronomii-au-facut-o-descoperire-socanta-o-gaura-neagra-supermasiva-situata-la-aproximativ-2-600-de-ani-lumina-de-centrul-galaxiei-gazda-si-nu-in-mijlocul-ei\\\/#article\",\"isPartOf\":{\"@id\":\"https:\\\/\\\/www.lovendal.ro\\\/wp52\\\/astronomii-au-facut-o-descoperire-socanta-o-gaura-neagra-supermasiva-situata-la-aproximativ-2-600-de-ani-lumina-de-centrul-galaxiei-gazda-si-nu-in-mijlocul-ei\\\/\"},\"author\":{\"name\":\"admin\",\"@id\":\"https:\\\/\\\/www.lovendal.ro\\\/wp52\\\/#\\\/schema\\\/person\\\/088691de5dfc346bb0c023e1e52ef5d9\"},\"headline\":\"Astronomii au f\u0103cut o descoperire \u015focant\u0103: o gaur\u0103 neagr\u0103 supermasiv\u0103 situat\u0103 la aproximativ 2.600 de ani-lumin\u0103 de centrul galaxiei gazd\u0103 \u015fi nu \u00een mijlocul ei\",\"datePublished\":\"2025-10-24T09:30:52+00:00\",\"mainEntityOfPage\":{\"@id\":\"https:\\\/\\\/www.lovendal.ro\\\/wp52\\\/astronomii-au-facut-o-descoperire-socanta-o-gaura-neagra-supermasiva-situata-la-aproximativ-2-600-de-ani-lumina-de-centrul-galaxiei-gazda-si-nu-in-mijlocul-ei\\\/\"},\"wordCount\":229,\"publisher\":{\"@id\":\"https:\\\/\\\/www.lovendal.ro\\\/wp52\\\/#organization\"},\"image\":{\"@id\":\"https:\\\/\\\/www.lovendal.ro\\\/wp52\\\/astronomii-au-facut-o-descoperire-socanta-o-gaura-neagra-supermasiva-situata-la-aproximativ-2-600-de-ani-lumina-de-centrul-galaxiei-gazda-si-nu-in-mijlocul-ei\\\/#primaryimage\"},\"thumbnailUrl\":\"https:\\\/\\\/www.lovendal.ro\\\/wp52\\\/wp-content\\\/uploads\\\/2025\\\/10\\\/gaura-neagra-supermasiva.jpg\",\"keywords\":[\"astronomi\",\"astronomie\",\"galaxie\",\"gaur\u0103 neagr\u0103 super masiv\u0103\",\"stea\"],\"articleSection\":[\"Astronomie\"],\"inLanguage\":\"ro-RO\"},{\"@type\":\"WebPage\",\"@id\":\"https:\\\/\\\/www.lovendal.ro\\\/wp52\\\/astronomii-au-facut-o-descoperire-socanta-o-gaura-neagra-supermasiva-situata-la-aproximativ-2-600-de-ani-lumina-de-centrul-galaxiei-gazda-si-nu-in-mijlocul-ei\\\/\",\"url\":\"https:\\\/\\\/www.lovendal.ro\\\/wp52\\\/astronomii-au-facut-o-descoperire-socanta-o-gaura-neagra-supermasiva-situata-la-aproximativ-2-600-de-ani-lumina-de-centrul-galaxiei-gazda-si-nu-in-mijlocul-ei\\\/\",\"name\":\"Astronomii au f\u0103cut o descoperire \u015focant\u0103: o gaur\u0103 neagr\u0103 supermasiv\u0103 situat\u0103 la aproximativ 2.600 de ani-lumin\u0103 de centrul galaxiei gazd\u0103 \u015fi nu \u00een mijlocul ei - Secretele lui Lovendal\",\"isPartOf\":{\"@id\":\"https:\\\/\\\/www.lovendal.ro\\\/wp52\\\/#website\"},\"primaryImageOfPage\":{\"@id\":\"https:\\\/\\\/www.lovendal.ro\\\/wp52\\\/astronomii-au-facut-o-descoperire-socanta-o-gaura-neagra-supermasiva-situata-la-aproximativ-2-600-de-ani-lumina-de-centrul-galaxiei-gazda-si-nu-in-mijlocul-ei\\\/#primaryimage\"},\"image\":{\"@id\":\"https:\\\/\\\/www.lovendal.ro\\\/wp52\\\/astronomii-au-facut-o-descoperire-socanta-o-gaura-neagra-supermasiva-situata-la-aproximativ-2-600-de-ani-lumina-de-centrul-galaxiei-gazda-si-nu-in-mijlocul-ei\\\/#primaryimage\"},\"thumbnailUrl\":\"https:\\\/\\\/www.lovendal.ro\\\/wp52\\\/wp-content\\\/uploads\\\/2025\\\/10\\\/gaura-neagra-supermasiva.jpg\",\"datePublished\":\"2025-10-24T09:30:52+00:00\",\"breadcrumb\":{\"@id\":\"https:\\\/\\\/www.lovendal.ro\\\/wp52\\\/astronomii-au-facut-o-descoperire-socanta-o-gaura-neagra-supermasiva-situata-la-aproximativ-2-600-de-ani-lumina-de-centrul-galaxiei-gazda-si-nu-in-mijlocul-ei\\\/#breadcrumb\"},\"inLanguage\":\"ro-RO\",\"potentialAction\":[{\"@type\":\"ReadAction\",\"target\":[\"https:\\\/\\\/www.lovendal.ro\\\/wp52\\\/astronomii-au-facut-o-descoperire-socanta-o-gaura-neagra-supermasiva-situata-la-aproximativ-2-600-de-ani-lumina-de-centrul-galaxiei-gazda-si-nu-in-mijlocul-ei\\\/\"]}]},{\"@type\":\"ImageObject\",\"inLanguage\":\"ro-RO\",\"@id\":\"https:\\\/\\\/www.lovendal.ro\\\/wp52\\\/astronomii-au-facut-o-descoperire-socanta-o-gaura-neagra-supermasiva-situata-la-aproximativ-2-600-de-ani-lumina-de-centrul-galaxiei-gazda-si-nu-in-mijlocul-ei\\\/#primaryimage\",\"url\":\"https:\\\/\\\/www.lovendal.ro\\\/wp52\\\/wp-content\\\/uploads\\\/2025\\\/10\\\/gaura-neagra-supermasiva.jpg\",\"contentUrl\":\"https:\\\/\\\/www.lovendal.ro\\\/wp52\\\/wp-content\\\/uploads\\\/2025\\\/10\\\/gaura-neagra-supermasiva.jpg\",\"width\":358,\"height\":319,\"caption\":\"Imagine: pixabay.com (Commons Creative - free)\"},{\"@type\":\"BreadcrumbList\",\"@id\":\"https:\\\/\\\/www.lovendal.ro\\\/wp52\\\/astronomii-au-facut-o-descoperire-socanta-o-gaura-neagra-supermasiva-situata-la-aproximativ-2-600-de-ani-lumina-de-centrul-galaxiei-gazda-si-nu-in-mijlocul-ei\\\/#breadcrumb\",\"itemListElement\":[{\"@type\":\"ListItem\",\"position\":1,\"name\":\"Home\",\"item\":\"https:\\\/\\\/www.lovendal.ro\\\/wp52\\\/\"},{\"@type\":\"ListItem\",\"position\":2,\"name\":\"Astronomii au f\u0103cut o descoperire \u015focant\u0103: o gaur\u0103 neagr\u0103 supermasiv\u0103 situat\u0103 la aproximativ 2.600 de ani-lumin\u0103 de centrul galaxiei gazd\u0103 \u015fi nu \u00een mijlocul ei\"}]},{\"@type\":\"WebSite\",\"@id\":\"https:\\\/\\\/www.lovendal.ro\\\/wp52\\\/#website\",\"url\":\"https:\\\/\\\/www.lovendal.ro\\\/wp52\\\/\",\"name\":\"Secretele lui Lovendal\",\"description\":\"Site de secrete, stiinta si metafizica - din 2008 -\",\"publisher\":{\"@id\":\"https:\\\/\\\/www.lovendal.ro\\\/wp52\\\/#organization\"},\"potentialAction\":[{\"@type\":\"SearchAction\",\"target\":{\"@type\":\"EntryPoint\",\"urlTemplate\":\"https:\\\/\\\/www.lovendal.ro\\\/wp52\\\/?s={search_term_string}\"},\"query-input\":{\"@type\":\"PropertyValueSpecification\",\"valueRequired\":true,\"valueName\":\"search_term_string\"}}],\"inLanguage\":\"ro-RO\"},{\"@type\":\"Organization\",\"@id\":\"https:\\\/\\\/www.lovendal.ro\\\/wp52\\\/#organization\",\"name\":\"Secretele lui Lovendal\",\"url\":\"https:\\\/\\\/www.lovendal.ro\\\/wp52\\\/\",\"logo\":{\"@type\":\"ImageObject\",\"inLanguage\":\"ro-RO\",\"@id\":\"https:\\\/\\\/www.lovendal.ro\\\/wp52\\\/#\\\/schema\\\/logo\\\/image\\\/\",\"url\":\"https:\\\/\\\/www.lovendal.ro\\\/wp52\\\/wp-content\\\/uploads\\\/2024\\\/06\\\/cropped-SLL-iun-2024-1.jpg\",\"contentUrl\":\"https:\\\/\\\/www.lovendal.ro\\\/wp52\\\/wp-content\\\/uploads\\\/2024\\\/06\\\/cropped-SLL-iun-2024-1.jpg\",\"width\":771,\"height\":240,\"caption\":\"Secretele lui Lovendal\"},\"image\":{\"@id\":\"https:\\\/\\\/www.lovendal.ro\\\/wp52\\\/#\\\/schema\\\/logo\\\/image\\\/\"},\"sameAs\":[\"https:\\\/\\\/www.facebook.com\\\/secreteleluilovendal\"]},{\"@type\":\"Person\",\"@id\":\"https:\\\/\\\/www.lovendal.ro\\\/wp52\\\/#\\\/schema\\\/person\\\/088691de5dfc346bb0c023e1e52ef5d9\",\"name\":\"admin\",\"image\":{\"@type\":\"ImageObject\",\"inLanguage\":\"ro-RO\",\"@id\":\"https:\\\/\\\/secure.gravatar.com\\\/avatar\\\/ecb9cd41f5f63c9c9b989999a59f6e2639a865ec361e9db054db0679a8f341c2?s=96&d=mm&r=g\",\"url\":\"https:\\\/\\\/secure.gravatar.com\\\/avatar\\\/ecb9cd41f5f63c9c9b989999a59f6e2639a865ec361e9db054db0679a8f341c2?s=96&d=mm&r=g\",\"contentUrl\":\"https:\\\/\\\/secure.gravatar.com\\\/avatar\\\/ecb9cd41f5f63c9c9b989999a59f6e2639a865ec361e9db054db0679a8f341c2?s=96&d=mm&r=g\",\"caption\":\"admin\"},\"sameAs\":[\"https:\\\/\\\/www.lovendal.ro\\\/wp52\"]}]}<\/script>\n<!-- \/ Yoast SEO Premium plugin. -->","yoast_head_json":{"title":"Astronomii au f\u0103cut o descoperire \u015focant\u0103: o gaur\u0103 neagr\u0103 supermasiv\u0103 situat\u0103 la aproximativ 2.600 de ani-lumin\u0103 de centrul galaxiei gazd\u0103 \u015fi nu \u00een mijlocul ei - Secretele lui Lovendal","robots":{"index":"index","follow":"follow","max-snippet":"max-snippet:-1","max-image-preview":"max-image-preview:large","max-video-preview":"max-video-preview:-1"},"canonical":"https:\/\/www.lovendal.ro\/wp52\/astronomii-au-facut-o-descoperire-socanta-o-gaura-neagra-supermasiva-situata-la-aproximativ-2-600-de-ani-lumina-de-centrul-galaxiei-gazda-si-nu-in-mijlocul-ei\/","og_locale":"ro_RO","og_type":"article","og_title":"Astronomii au f\u0103cut o descoperire \u015focant\u0103: o gaur\u0103 neagr\u0103 supermasiv\u0103 situat\u0103 la aproximativ 2.600 de ani-lumin\u0103 de centrul galaxiei gazd\u0103 \u015fi nu \u00een mijlocul ei","og_description":"Astronomii au descoperit o descoperire izbitoare: o gaur\u0103 neagr\u0103 supermasiv\u0103 situat\u0103 la aproximativ 2.600 de ani-lumin\u0103 de centrul galaxiei gazd\u0103, \u00een loc s\u0103 se afle \u00een miezul ei, ceea ce pune sub semnul \u00eentreb\u0103rii presupunerile de mult timp despre locul ... Cititi mai multe","og_url":"https:\/\/www.lovendal.ro\/wp52\/astronomii-au-facut-o-descoperire-socanta-o-gaura-neagra-supermasiva-situata-la-aproximativ-2-600-de-ani-lumina-de-centrul-galaxiei-gazda-si-nu-in-mijlocul-ei\/","og_site_name":"Secretele lui Lovendal","article_publisher":"https:\/\/www.facebook.com\/secreteleluilovendal","article_published_time":"2025-10-24T09:30:52+00:00","og_image":[{"width":358,"height":319,"url":"https:\/\/www.lovendal.ro\/wp52\/wp-content\/uploads\/2025\/10\/gaura-neagra-supermasiva.jpg","type":"image\/jpeg"}],"author":"admin","twitter_card":"summary_large_image","twitter_misc":{"Scris de":"admin","Timp estimat pentru citire":"2 minute"},"schema":{"@context":"https:\/\/schema.org","@graph":[{"@type":"Article","@id":"https:\/\/www.lovendal.ro\/wp52\/astronomii-au-facut-o-descoperire-socanta-o-gaura-neagra-supermasiva-situata-la-aproximativ-2-600-de-ani-lumina-de-centrul-galaxiei-gazda-si-nu-in-mijlocul-ei\/#article","isPartOf":{"@id":"https:\/\/www.lovendal.ro\/wp52\/astronomii-au-facut-o-descoperire-socanta-o-gaura-neagra-supermasiva-situata-la-aproximativ-2-600-de-ani-lumina-de-centrul-galaxiei-gazda-si-nu-in-mijlocul-ei\/"},"author":{"name":"admin","@id":"https:\/\/www.lovendal.ro\/wp52\/#\/schema\/person\/088691de5dfc346bb0c023e1e52ef5d9"},"headline":"Astronomii au f\u0103cut o descoperire \u015focant\u0103: o gaur\u0103 neagr\u0103 supermasiv\u0103 situat\u0103 la aproximativ 2.600 de ani-lumin\u0103 de centrul galaxiei gazd\u0103 \u015fi nu \u00een mijlocul ei","datePublished":"2025-10-24T09:30:52+00:00","mainEntityOfPage":{"@id":"https:\/\/www.lovendal.ro\/wp52\/astronomii-au-facut-o-descoperire-socanta-o-gaura-neagra-supermasiva-situata-la-aproximativ-2-600-de-ani-lumina-de-centrul-galaxiei-gazda-si-nu-in-mijlocul-ei\/"},"wordCount":229,"publisher":{"@id":"https:\/\/www.lovendal.ro\/wp52\/#organization"},"image":{"@id":"https:\/\/www.lovendal.ro\/wp52\/astronomii-au-facut-o-descoperire-socanta-o-gaura-neagra-supermasiva-situata-la-aproximativ-2-600-de-ani-lumina-de-centrul-galaxiei-gazda-si-nu-in-mijlocul-ei\/#primaryimage"},"thumbnailUrl":"https:\/\/www.lovendal.ro\/wp52\/wp-content\/uploads\/2025\/10\/gaura-neagra-supermasiva.jpg","keywords":["astronomi","astronomie","galaxie","gaur\u0103 neagr\u0103 super masiv\u0103","stea"],"articleSection":["Astronomie"],"inLanguage":"ro-RO"},{"@type":"WebPage","@id":"https:\/\/www.lovendal.ro\/wp52\/astronomii-au-facut-o-descoperire-socanta-o-gaura-neagra-supermasiva-situata-la-aproximativ-2-600-de-ani-lumina-de-centrul-galaxiei-gazda-si-nu-in-mijlocul-ei\/","url":"https:\/\/www.lovendal.ro\/wp52\/astronomii-au-facut-o-descoperire-socanta-o-gaura-neagra-supermasiva-situata-la-aproximativ-2-600-de-ani-lumina-de-centrul-galaxiei-gazda-si-nu-in-mijlocul-ei\/","name":"Astronomii au f\u0103cut o descoperire \u015focant\u0103: o gaur\u0103 neagr\u0103 supermasiv\u0103 situat\u0103 la aproximativ 2.600 de ani-lumin\u0103 de centrul galaxiei gazd\u0103 \u015fi nu \u00een mijlocul ei - Secretele lui Lovendal","isPartOf":{"@id":"https:\/\/www.lovendal.ro\/wp52\/#website"},"primaryImageOfPage":{"@id":"https:\/\/www.lovendal.ro\/wp52\/astronomii-au-facut-o-descoperire-socanta-o-gaura-neagra-supermasiva-situata-la-aproximativ-2-600-de-ani-lumina-de-centrul-galaxiei-gazda-si-nu-in-mijlocul-ei\/#primaryimage"},"image":{"@id":"https:\/\/www.lovendal.ro\/wp52\/astronomii-au-facut-o-descoperire-socanta-o-gaura-neagra-supermasiva-situata-la-aproximativ-2-600-de-ani-lumina-de-centrul-galaxiei-gazda-si-nu-in-mijlocul-ei\/#primaryimage"},"thumbnailUrl":"https:\/\/www.lovendal.ro\/wp52\/wp-content\/uploads\/2025\/10\/gaura-neagra-supermasiva.jpg","datePublished":"2025-10-24T09:30:52+00:00","breadcrumb":{"@id":"https:\/\/www.lovendal.ro\/wp52\/astronomii-au-facut-o-descoperire-socanta-o-gaura-neagra-supermasiva-situata-la-aproximativ-2-600-de-ani-lumina-de-centrul-galaxiei-gazda-si-nu-in-mijlocul-ei\/#breadcrumb"},"inLanguage":"ro-RO","potentialAction":[{"@type":"ReadAction","target":["https:\/\/www.lovendal.ro\/wp52\/astronomii-au-facut-o-descoperire-socanta-o-gaura-neagra-supermasiva-situata-la-aproximativ-2-600-de-ani-lumina-de-centrul-galaxiei-gazda-si-nu-in-mijlocul-ei\/"]}]},{"@type":"ImageObject","inLanguage":"ro-RO","@id":"https:\/\/www.lovendal.ro\/wp52\/astronomii-au-facut-o-descoperire-socanta-o-gaura-neagra-supermasiva-situata-la-aproximativ-2-600-de-ani-lumina-de-centrul-galaxiei-gazda-si-nu-in-mijlocul-ei\/#primaryimage","url":"https:\/\/www.lovendal.ro\/wp52\/wp-content\/uploads\/2025\/10\/gaura-neagra-supermasiva.jpg","contentUrl":"https:\/\/www.lovendal.ro\/wp52\/wp-content\/uploads\/2025\/10\/gaura-neagra-supermasiva.jpg","width":358,"height":319,"caption":"Imagine: pixabay.com (Commons Creative - free)"},{"@type":"BreadcrumbList","@id":"https:\/\/www.lovendal.ro\/wp52\/astronomii-au-facut-o-descoperire-socanta-o-gaura-neagra-supermasiva-situata-la-aproximativ-2-600-de-ani-lumina-de-centrul-galaxiei-gazda-si-nu-in-mijlocul-ei\/#breadcrumb","itemListElement":[{"@type":"ListItem","position":1,"name":"Home","item":"https:\/\/www.lovendal.ro\/wp52\/"},{"@type":"ListItem","position":2,"name":"Astronomii au f\u0103cut o descoperire \u015focant\u0103: o gaur\u0103 neagr\u0103 supermasiv\u0103 situat\u0103 la aproximativ 2.600 de ani-lumin\u0103 de centrul galaxiei gazd\u0103 \u015fi nu \u00een mijlocul ei"}]},{"@type":"WebSite","@id":"https:\/\/www.lovendal.ro\/wp52\/#website","url":"https:\/\/www.lovendal.ro\/wp52\/","name":"Secretele lui Lovendal","description":"Site de secrete, stiinta si metafizica - din 2008 -","publisher":{"@id":"https:\/\/www.lovendal.ro\/wp52\/#organization"},"potentialAction":[{"@type":"SearchAction","target":{"@type":"EntryPoint","urlTemplate":"https:\/\/www.lovendal.ro\/wp52\/?s={search_term_string}"},"query-input":{"@type":"PropertyValueSpecification","valueRequired":true,"valueName":"search_term_string"}}],"inLanguage":"ro-RO"},{"@type":"Organization","@id":"https:\/\/www.lovendal.ro\/wp52\/#organization","name":"Secretele lui Lovendal","url":"https:\/\/www.lovendal.ro\/wp52\/","logo":{"@type":"ImageObject","inLanguage":"ro-RO","@id":"https:\/\/www.lovendal.ro\/wp52\/#\/schema\/logo\/image\/","url":"https:\/\/www.lovendal.ro\/wp52\/wp-content\/uploads\/2024\/06\/cropped-SLL-iun-2024-1.jpg","contentUrl":"https:\/\/www.lovendal.ro\/wp52\/wp-content\/uploads\/2024\/06\/cropped-SLL-iun-2024-1.jpg","width":771,"height":240,"caption":"Secretele lui Lovendal"},"image":{"@id":"https:\/\/www.lovendal.ro\/wp52\/#\/schema\/logo\/image\/"},"sameAs":["https:\/\/www.facebook.com\/secreteleluilovendal"]},{"@type":"Person","@id":"https:\/\/www.lovendal.ro\/wp52\/#\/schema\/person\/088691de5dfc346bb0c023e1e52ef5d9","name":"admin","image":{"@type":"ImageObject","inLanguage":"ro-RO","@id":"https:\/\/secure.gravatar.com\/avatar\/ecb9cd41f5f63c9c9b989999a59f6e2639a865ec361e9db054db0679a8f341c2?s=96&d=mm&r=g","url":"https:\/\/secure.gravatar.com\/avatar\/ecb9cd41f5f63c9c9b989999a59f6e2639a865ec361e9db054db0679a8f341c2?s=96&d=mm&r=g","contentUrl":"https:\/\/secure.gravatar.com\/avatar\/ecb9cd41f5f63c9c9b989999a59f6e2639a865ec361e9db054db0679a8f341c2?s=96&d=mm&r=g","caption":"admin"},"sameAs":["https:\/\/www.lovendal.ro\/wp52"]}]}},"_links":{"self":[{"href":"https:\/\/www.lovendal.ro\/wp52\/wp-json\/wp\/v2\/posts\/100508","targetHints":{"allow":["GET"]}}],"collection":[{"href":"https:\/\/www.lovendal.ro\/wp52\/wp-json\/wp\/v2\/posts"}],"about":[{"href":"https:\/\/www.lovendal.ro\/wp52\/wp-json\/wp\/v2\/types\/post"}],"author":[{"embeddable":true,"href":"https:\/\/www.lovendal.ro\/wp52\/wp-json\/wp\/v2\/users\/1"}],"replies":[{"embeddable":true,"href":"https:\/\/www.lovendal.ro\/wp52\/wp-json\/wp\/v2\/comments?post=100508"}],"version-history":[{"count":1,"href":"https:\/\/www.lovendal.ro\/wp52\/wp-json\/wp\/v2\/posts\/100508\/revisions"}],"predecessor-version":[{"id":100510,"href":"https:\/\/www.lovendal.ro\/wp52\/wp-json\/wp\/v2\/posts\/100508\/revisions\/100510"}],"wp:featuredmedia":[{"embeddable":true,"href":"https:\/\/www.lovendal.ro\/wp52\/wp-json\/wp\/v2\/media\/100509"}],"wp:attachment":[{"href":"https:\/\/www.lovendal.ro\/wp52\/wp-json\/wp\/v2\/media?parent=100508"}],"wp:term":[{"taxonomy":"category","embeddable":true,"href":"https:\/\/www.lovendal.ro\/wp52\/wp-json\/wp\/v2\/categories?post=100508"},{"taxonomy":"post_tag","embeddable":true,"href":"https:\/\/www.lovendal.ro\/wp52\/wp-json\/wp\/v2\/tags?post=100508"}],"curies":[{"name":"wp","href":"https:\/\/api.w.org\/{rel}","templated":true}]}}